{"id":604317,"date":"2018-03-04T17:45:25","date_gmt":"2018-03-04T17:45:25","guid":{"rendered":"https:\/\/www.pressenza.com\/?p=604317"},"modified":"2018-03-04T18:03:40","modified_gmt":"2018-03-04T18:03:40","slug":"pavia-ci-abita-un-antifascista-marchiati-le-case-degli-ebrei-nazismo","status":"publish","type":"post","link":"https:\/\/www.pressenza.com\/it\/2018\/03\/pavia-ci-abita-un-antifascista-marchiati-le-case-degli-ebrei-nazismo\/","title":{"rendered":"Pavia: \u201cQui ci abita un antifascista\u201d. Marchiati, come le case degli ebrei durante il nazismo"},"content":{"rendered":"<p>Me lo ricordo il clima del 2010 quando per la prima volta dal dopoguerra la destra vinse in citt\u00e0. Me lo ricordo perch\u00e9 in quella campagna elettorale furono sdoganati. Pochi ma forti della vittoria della \u2018parte loro\u2019, sicuri di nuove coperture in citt\u00e0, portarono ad aggressioni fasciste ogni due giorni. L\u2019assalto al Barattolo con le mazze prima di chiuderlo e poi la primavera del 2010 quando ti aspettavano nelle vie vicine a dove facevi le riunioni, in quelle vicine a dove a mattina finivi le feste. La digos ad ogni conferenza, ad ogni iniziativa della campagna del CNSU, a volte sotto casa tua.<br \/>\nIn questi otto anni sono successe tante cose in citt\u00e0, e nel Paese, e ai nuovi fascisti \u00e8 stato sempre concesso pi\u00f9 spazio.<br \/>\nPolitico, per inadeguatezza di proposta di tutte le altre forze politiche e per le risposte inadeguate delle istituzioni.<br \/>\nDi visibilit\u00e0, perch\u00e8 i media fanno parlare tutti e i rossi (?!) contro i neri fanno sempre un po\u2019 notizia di \u2018quiete cittadina turbata\u2019.<br \/>\nDi spazio fisico vero e proprio, perch\u00e9 gli anticorpi democratici in questa folle epoca sono troppo deboli per evitare di far aprire loro sedi permanenti in citt\u00e0 o di non abituarsi ai loro diversi tipi di propaganda.<br \/>\nCoperti e difesi, da chi pi\u00f9 da chi meno, da tutte le istituzioni, dall\u2019indifferenza di un\u2019opinione pubblica orientata dalle varie narrazioni che il tutto ormai sia solo una lotta tra bande, una questione chiusa 70 anni fa, un rimasuglio delle guerre ideologiche degli anni 70, di storiacce vetero, ormai superate. E quindi via, tra silenzio ed alzate di spalle li si \u00e8 fatti sfilare per le vie del centro, in parata militare e vessilli nazifascisti per anni; nel 2016 addirittura il sabato sera in citt\u00e0, con gli antifascisti -per i pi\u00f9- a far le macchiette non autorizzate per provare a far deviare il percorso, come se fosse tutto solo un Risiko politico, autoreferenziale e quasi autoerotico. Come se non ci fosse una questione Costituzionale vera, un allarme democratico, oltre che un problema di quiete cittadina nel far sfilare i peggiori 400 nazisti d\u2019Italia nel cuore di una capitale della resistenza padana. E quindi manganellate sui non autorizzati, tra un senatore, due parlamentari, pezzi di giunta cittadina e del consiglio comunale e le massime cariche sociali della provincia; e poi di nuovo via al circo delle denunce, dai capi d\u2019imputazione, dalla strategia della tensione giudiziaria sugli ultimi poi finita con la solita bolla di sapone. Otto anni cos\u00ec, fino a stanotte.<br \/>\nStanotte sono andati fuori dalle case delle decine di antifascisti pavesi che in questi anni \u2013 con costanza e intelligenza \u2013 non hanno abbassato la guardia democratica e gli hanno marchiato lo stipite della porte con un adesivo che dice, in italiano ovviamente claudicante, \u201cqui ci abita un antifascista\u201d: una croce sopra e il loro bel carattere fascista a corredo. Case diverse in parti della citt\u00e0 opposte, senza guardare il lavoro che uno svolge o che ruolo hanno nella citt\u00e0; qualcuno che vive in casa indipendente altri in condominio, qualcuno l\u00ec da sempre altri da poco pi\u00f9 di un mese. Il giorno prima del voto, in pieno silenzio elettorale, escono cos\u00ec, perch\u00e9 in questo clima d\u2019odio nazionale sanno che luned\u00ec mattina l\u2019urna elettorale premier\u00e0 loro, grazie alla tensione politica e sociale di queste settimane. Tutto costruito con la stessa ricetta pavese sopra elencata ma solo su scala nazionale. Identico: la politica inadeguata che dorme, le Istituzioni che li proteggono, l\u2019indifferenza dei molti e le fratture laceranti nel fronte democratico.<br \/>\nSono partiti da Pavia ma lo faranno ovunque, perch\u00e9 si sono riorganizzati gi\u00e0 da tempo mentre si guardava altrove. Da luned\u00ec si sentiranno ancora pi\u00f9 forti, tireranno fuori ancor pi\u00f9 la testa e sar\u00e0 sempre peggio: provocazioni, minacce, violenze.<br \/>\nQuelli senza famiglia come me se ne possono anche egoisticamente fregare, ma gli adesivi questa mattina erano pure sulle porte di famiglie e sinceramente se ne avessi una non sarei cos\u00ec sereno: avrei paura per i miei cari.<br \/>\nQuesto \u00e8 quello che ci aspetta nel Paese da luned\u00ec e nei prossimi anni: servono risposte adeguate, ognuno con il ruolo che ha nella societ\u00e0. Soprattutto, credo, servirebbe una societ\u00e0 civile che riscopra l\u2019impegno democratico e che capisca che \u00e8 finito il tempo di leggere il giornale la mattina e dire che, alla fine, \u00e8 sufficiente capire che non \u00e8 una cosa normale quello che sta accadendo.<br \/>\nIndignarsi e basta, non basta pi\u00f9.<br \/>\n(Ah e comunque si: QUI ABITA UN ANTIFASCISTA, avanzi fognari)<\/p>\n<p>Michele Orezzi<\/p>\n","protected":false},"excerpt":{"rendered":"<p>Me lo ricordo il clima del 2010 quando per la prima volta dal dopoguerra la destra vinse in citt\u00e0. Me lo ricordo perch\u00e9 in quella campagna elettorale furono sdoganati. Pochi ma forti della vittoria della \u2018parte loro\u2019, sicuri di nuove&hellip;<\/p>\n","protected":false},"author":1469,"featured_media":604319,"comment_status":"closed","ping_status":"closed","sticky":false,"template":"","format":"standard","meta":{"footnotes":""},"categories":[47,162,55],"tags":[3467,4260,3466,44138],"class_list":["post-604317","post","type-post","status-publish","format-standard","has-post-thumbnail","hentry","category-europa","category-opinioni","category-politica","tag-antifascismo","tag-ebrei","tag-fascismo","tag-pavia"],"yoast_head":"<!-- This site is optimized with the Yoast SEO plugin v27.1.1 - https:\/\/yoast.com\/product\/yoast-seo-wordpress\/ -->\n<title>Pavia: \u201cQui ci abita un antifascista\u201d. Marchiati, come le case degli ebrei durante il nazismo<\/title>\n<meta name=\"description\" content=\"Me lo ricordo il clima del 2010 quando per la prima volta dal dopoguerra la destra vinse in citt\u00e0. Me lo ricordo perch\u00e9 in quella campagna elettorale\" \/>\n<meta name=\"robots\" content=\"index, follow, max-snippet:-1, max-image-preview:large, max-video-preview:-1\" \/>\n<link rel=\"canonical\" href=\"https:\/\/www.pressenza.com\/it\/2018\/03\/pavia-ci-abita-un-antifascista-marchiati-le-case-degli-ebrei-nazismo\/\" \/>\n<meta property=\"og:locale\" content=\"it_IT\" \/>\n<meta property=\"og:type\" content=\"article\" \/>\n<meta property=\"og:title\" content=\"Pavia: \u201cQui ci abita un antifascista\u201d. Marchiati, come le case degli ebrei durante il nazismo\" \/>\n<meta property=\"og:description\" content=\"Me lo ricordo il clima del 2010 quando per la prima volta dal dopoguerra la destra vinse in citt\u00e0. Me lo ricordo perch\u00e9 in quella campagna elettorale\" \/>\n<meta property=\"og:url\" content=\"https:\/\/www.pressenza.com\/it\/2018\/03\/pavia-ci-abita-un-antifascista-marchiati-le-case-degli-ebrei-nazismo\/\" \/>\n<meta property=\"og:site_name\" content=\"Pressenza\" \/>\n<meta property=\"article:publisher\" content=\"https:\/\/www.facebook.com\/PressenzaItalia\" \/>\n<meta property=\"article:published_time\" content=\"2018-03-04T17:45:25+00:00\" \/>\n<meta property=\"article:modified_time\" content=\"2018-03-04T18:03:40+00:00\" \/>\n<meta property=\"og:image\" content=\"https:\/\/www.pressenza.com\/wp-content\/uploads\/2018\/03\/antifascista-adesivo.jpg\" \/>\n\t<meta property=\"og:image:width\" content=\"805\" \/>\n\t<meta property=\"og:image:height\" content=\"277\" \/>\n\t<meta property=\"og:image:type\" content=\"image\/jpeg\" \/>\n<meta name=\"author\" content=\"Articolo 21\" \/>\n<meta name=\"twitter:card\" content=\"summary_large_image\" \/>\n<meta name=\"twitter:creator\" content=\"@PressenzaIPA\" \/>\n<meta name=\"twitter:site\" content=\"@PressenzaIPA\" \/>\n<meta name=\"twitter:label1\" content=\"Scritto da\" \/>\n\t<meta name=\"twitter:data1\" content=\"Articolo 21\" \/>\n\t<meta name=\"twitter:label2\" content=\"Tempo di lettura stimato\" \/>\n\t<meta name=\"twitter:data2\" content=\"4 minuti\" \/>\n<script type=\"application\/ld+json\" class=\"yoast-schema-graph\">{\"@context\":\"https:\/\/schema.org\",\"@graph\":[{\"@type\":\"Article\",\"@id\":\"https:\/\/www.pressenza.com\/it\/2018\/03\/pavia-ci-abita-un-antifascista-marchiati-le-case-degli-ebrei-nazismo\/#article\",\"isPartOf\":{\"@id\":\"https:\/\/www.pressenza.com\/it\/2018\/03\/pavia-ci-abita-un-antifascista-marchiati-le-case-degli-ebrei-nazismo\/\"},\"author\":{\"name\":\"Articolo 21\",\"@id\":\"https:\/\/www.pressenza.com\/it\/#\/schema\/person\/08ea736e2bdeb73186ff26f6bee319d8\"},\"headline\":\"Pavia: \u201cQui ci abita un antifascista\u201d. Marchiati, come le case degli ebrei durante il nazismo\",\"datePublished\":\"2018-03-04T17:45:25+00:00\",\"dateModified\":\"2018-03-04T18:03:40+00:00\",\"mainEntityOfPage\":{\"@id\":\"https:\/\/www.pressenza.com\/it\/2018\/03\/pavia-ci-abita-un-antifascista-marchiati-le-case-degli-ebrei-nazismo\/\"},\"wordCount\":756,\"publisher\":{\"@id\":\"https:\/\/www.pressenza.com\/it\/#organization\"},\"image\":{\"@id\":\"https:\/\/www.pressenza.com\/it\/2018\/03\/pavia-ci-abita-un-antifascista-marchiati-le-case-degli-ebrei-nazismo\/#primaryimage\"},\"thumbnailUrl\":\"https:\/\/www.pressenza.com\/wp-content\/uploads\/2018\/03\/antifascista-adesivo.jpg\",\"keywords\":[\"antifascismo\",\"ebrei\",\"fascismo\",\"Pavia\"],\"articleSection\":[\"Europa\",\"Opinioni\",\"Politica\"],\"inLanguage\":\"it-IT\"},{\"@type\":\"WebPage\",\"@id\":\"https:\/\/www.pressenza.com\/it\/2018\/03\/pavia-ci-abita-un-antifascista-marchiati-le-case-degli-ebrei-nazismo\/\",\"url\":\"https:\/\/www.pressenza.com\/it\/2018\/03\/pavia-ci-abita-un-antifascista-marchiati-le-case-degli-ebrei-nazismo\/\",\"name\":\"Pavia: \u201cQui ci abita un antifascista\u201d. Marchiati, come le case degli ebrei durante il nazismo\",\"isPartOf\":{\"@id\":\"https:\/\/www.pressenza.com\/it\/#website\"},\"primaryImageOfPage\":{\"@id\":\"https:\/\/www.pressenza.com\/it\/2018\/03\/pavia-ci-abita-un-antifascista-marchiati-le-case-degli-ebrei-nazismo\/#primaryimage\"},\"image\":{\"@id\":\"https:\/\/www.pressenza.com\/it\/2018\/03\/pavia-ci-abita-un-antifascista-marchiati-le-case-degli-ebrei-nazismo\/#primaryimage\"},\"thumbnailUrl\":\"https:\/\/www.pressenza.com\/wp-content\/uploads\/2018\/03\/antifascista-adesivo.jpg\",\"datePublished\":\"2018-03-04T17:45:25+00:00\",\"dateModified\":\"2018-03-04T18:03:40+00:00\",\"description\":\"Me lo ricordo il clima del 2010 quando per la prima volta dal dopoguerra la destra vinse in citt\u00e0. Me lo ricordo perch\u00e9 in quella campagna elettorale\",\"breadcrumb\":{\"@id\":\"https:\/\/www.pressenza.com\/it\/2018\/03\/pavia-ci-abita-un-antifascista-marchiati-le-case-degli-ebrei-nazismo\/#breadcrumb\"},\"inLanguage\":\"it-IT\",\"potentialAction\":[{\"@type\":\"ReadAction\",\"target\":[\"https:\/\/www.pressenza.com\/it\/2018\/03\/pavia-ci-abita-un-antifascista-marchiati-le-case-degli-ebrei-nazismo\/\"]}]},{\"@type\":\"ImageObject\",\"inLanguage\":\"it-IT\",\"@id\":\"https:\/\/www.pressenza.com\/it\/2018\/03\/pavia-ci-abita-un-antifascista-marchiati-le-case-degli-ebrei-nazismo\/#primaryimage\",\"url\":\"https:\/\/www.pressenza.com\/wp-content\/uploads\/2018\/03\/antifascista-adesivo.jpg\",\"contentUrl\":\"https:\/\/www.pressenza.com\/wp-content\/uploads\/2018\/03\/antifascista-adesivo.jpg\",\"width\":805,\"height\":277},{\"@type\":\"BreadcrumbList\",\"@id\":\"https:\/\/www.pressenza.com\/it\/2018\/03\/pavia-ci-abita-un-antifascista-marchiati-le-case-degli-ebrei-nazismo\/#breadcrumb\",\"itemListElement\":[{\"@type\":\"ListItem\",\"position\":1,\"name\":\"Accueil\",\"item\":\"https:\/\/www.pressenza.com\/it\/\"},{\"@type\":\"ListItem\",\"position\":2,\"name\":\"Pavia: \u201cQui ci abita un antifascista\u201d. Marchiati, come le case degli ebrei durante il nazismo\"}]},{\"@type\":\"WebSite\",\"@id\":\"https:\/\/www.pressenza.com\/it\/#website\",\"url\":\"https:\/\/www.pressenza.com\/it\/\",\"name\":\"Pressenza\",\"description\":\"Agenzia di Stampa Internazionale\",\"publisher\":{\"@id\":\"https:\/\/www.pressenza.com\/it\/#organization\"},\"potentialAction\":[{\"@type\":\"SearchAction\",\"target\":{\"@type\":\"EntryPoint\",\"urlTemplate\":\"https:\/\/www.pressenza.com\/it\/?s={search_term_string}\"},\"query-input\":{\"@type\":\"PropertyValueSpecification\",\"valueRequired\":true,\"valueName\":\"search_term_string\"}}],\"inLanguage\":\"it-IT\"},{\"@type\":\"Organization\",\"@id\":\"https:\/\/www.pressenza.com\/it\/#organization\",\"name\":\"Pressenza\",\"url\":\"https:\/\/www.pressenza.com\/it\/\",\"logo\":{\"@type\":\"ImageObject\",\"inLanguage\":\"it-IT\",\"@id\":\"https:\/\/www.pressenza.com\/it\/#\/schema\/logo\/image\/\",\"url\":\"https:\/\/www.pressenza.com\/wp-content\/uploads\/2022\/10\/pressenza_logo_200x200.jpg\",\"contentUrl\":\"https:\/\/www.pressenza.com\/wp-content\/uploads\/2022\/10\/pressenza_logo_200x200.jpg\",\"width\":200,\"height\":200,\"caption\":\"Pressenza\"},\"image\":{\"@id\":\"https:\/\/www.pressenza.com\/it\/#\/schema\/logo\/image\/\"},\"sameAs\":[\"https:\/\/www.facebook.com\/PressenzaItalia\",\"https:\/\/x.com\/PressenzaIPA\"]},{\"@type\":\"Person\",\"@id\":\"https:\/\/www.pressenza.com\/it\/#\/schema\/person\/08ea736e2bdeb73186ff26f6bee319d8\",\"name\":\"Articolo 21\",\"description\":\"Articolo 21, liberi di\u2026 \u00e8 un\u2019associazione nata il 27 febbraio 2002 che riunisce esponenti del mondo della comunicazione, della cultura e dello spettacolo; giornalisti, giuristi, economisti che si propongono di promuovere il principio della libert\u00e0 di manifestazione del pensiero (oggetto dell\u2019Articolo 21 della Costituzione italiana da cui il nome).\",\"sameAs\":[\"https:\/\/www.articolo21.org\"],\"url\":\"https:\/\/www.pressenza.com\/it\/author\/articolo-21\/\"}]}<\/script>\n<!-- \/ Yoast SEO plugin. -->","yoast_head_json":{"title":"Pavia: \u201cQui ci abita un antifascista\u201d. Marchiati, come le case degli ebrei durante il nazismo","description":"Me lo ricordo il clima del 2010 quando per la prima volta dal dopoguerra la destra vinse in citt\u00e0. Me lo ricordo perch\u00e9 in quella campagna elettorale","robots":{"index":"index","follow":"follow","max-snippet":"max-snippet:-1","max-image-preview":"max-image-preview:large","max-video-preview":"max-video-preview:-1"},"canonical":"https:\/\/www.pressenza.com\/it\/2018\/03\/pavia-ci-abita-un-antifascista-marchiati-le-case-degli-ebrei-nazismo\/","og_locale":"it_IT","og_type":"article","og_title":"Pavia: \u201cQui ci abita un antifascista\u201d. Marchiati, come le case degli ebrei durante il nazismo","og_description":"Me lo ricordo il clima del 2010 quando per la prima volta dal dopoguerra la destra vinse in citt\u00e0. Me lo ricordo perch\u00e9 in quella campagna elettorale","og_url":"https:\/\/www.pressenza.com\/it\/2018\/03\/pavia-ci-abita-un-antifascista-marchiati-le-case-degli-ebrei-nazismo\/","og_site_name":"Pressenza","article_publisher":"https:\/\/www.facebook.com\/PressenzaItalia","article_published_time":"2018-03-04T17:45:25+00:00","article_modified_time":"2018-03-04T18:03:40+00:00","og_image":[{"width":805,"height":277,"url":"https:\/\/www.pressenza.com\/wp-content\/uploads\/2018\/03\/antifascista-adesivo.jpg","type":"image\/jpeg"}],"author":"Articolo 21","twitter_card":"summary_large_image","twitter_creator":"@PressenzaIPA","twitter_site":"@PressenzaIPA","twitter_misc":{"Scritto da":"Articolo 21","Tempo di lettura stimato":"4 minuti"},"schema":{"@context":"https:\/\/schema.org","@graph":[{"@type":"Article","@id":"https:\/\/www.pressenza.com\/it\/2018\/03\/pavia-ci-abita-un-antifascista-marchiati-le-case-degli-ebrei-nazismo\/#article","isPartOf":{"@id":"https:\/\/www.pressenza.com\/it\/2018\/03\/pavia-ci-abita-un-antifascista-marchiati-le-case-degli-ebrei-nazismo\/"},"author":{"name":"Articolo 21","@id":"https:\/\/www.pressenza.com\/it\/#\/schema\/person\/08ea736e2bdeb73186ff26f6bee319d8"},"headline":"Pavia: \u201cQui ci abita un antifascista\u201d. Marchiati, come le case degli ebrei durante il nazismo","datePublished":"2018-03-04T17:45:25+00:00","dateModified":"2018-03-04T18:03:40+00:00","mainEntityOfPage":{"@id":"https:\/\/www.pressenza.com\/it\/2018\/03\/pavia-ci-abita-un-antifascista-marchiati-le-case-degli-ebrei-nazismo\/"},"wordCount":756,"publisher":{"@id":"https:\/\/www.pressenza.com\/it\/#organization"},"image":{"@id":"https:\/\/www.pressenza.com\/it\/2018\/03\/pavia-ci-abita-un-antifascista-marchiati-le-case-degli-ebrei-nazismo\/#primaryimage"},"thumbnailUrl":"https:\/\/www.pressenza.com\/wp-content\/uploads\/2018\/03\/antifascista-adesivo.jpg","keywords":["antifascismo","ebrei","fascismo","Pavia"],"articleSection":["Europa","Opinioni","Politica"],"inLanguage":"it-IT"},{"@type":"WebPage","@id":"https:\/\/www.pressenza.com\/it\/2018\/03\/pavia-ci-abita-un-antifascista-marchiati-le-case-degli-ebrei-nazismo\/","url":"https:\/\/www.pressenza.com\/it\/2018\/03\/pavia-ci-abita-un-antifascista-marchiati-le-case-degli-ebrei-nazismo\/","name":"Pavia: \u201cQui ci abita un antifascista\u201d. Marchiati, come le case degli ebrei durante il nazismo","isPartOf":{"@id":"https:\/\/www.pressenza.com\/it\/#website"},"primaryImageOfPage":{"@id":"https:\/\/www.pressenza.com\/it\/2018\/03\/pavia-ci-abita-un-antifascista-marchiati-le-case-degli-ebrei-nazismo\/#primaryimage"},"image":{"@id":"https:\/\/www.pressenza.com\/it\/2018\/03\/pavia-ci-abita-un-antifascista-marchiati-le-case-degli-ebrei-nazismo\/#primaryimage"},"thumbnailUrl":"https:\/\/www.pressenza.com\/wp-content\/uploads\/2018\/03\/antifascista-adesivo.jpg","datePublished":"2018-03-04T17:45:25+00:00","dateModified":"2018-03-04T18:03:40+00:00","description":"Me lo ricordo il clima del 2010 quando per la prima volta dal dopoguerra la destra vinse in citt\u00e0. Me lo ricordo perch\u00e9 in quella campagna elettorale","breadcrumb":{"@id":"https:\/\/www.pressenza.com\/it\/2018\/03\/pavia-ci-abita-un-antifascista-marchiati-le-case-degli-ebrei-nazismo\/#breadcrumb"},"inLanguage":"it-IT","potentialAction":[{"@type":"ReadAction","target":["https:\/\/www.pressenza.com\/it\/2018\/03\/pavia-ci-abita-un-antifascista-marchiati-le-case-degli-ebrei-nazismo\/"]}]},{"@type":"ImageObject","inLanguage":"it-IT","@id":"https:\/\/www.pressenza.com\/it\/2018\/03\/pavia-ci-abita-un-antifascista-marchiati-le-case-degli-ebrei-nazismo\/#primaryimage","url":"https:\/\/www.pressenza.com\/wp-content\/uploads\/2018\/03\/antifascista-adesivo.jpg","contentUrl":"https:\/\/www.pressenza.com\/wp-content\/uploads\/2018\/03\/antifascista-adesivo.jpg","width":805,"height":277},{"@type":"BreadcrumbList","@id":"https:\/\/www.pressenza.com\/it\/2018\/03\/pavia-ci-abita-un-antifascista-marchiati-le-case-degli-ebrei-nazismo\/#breadcrumb","itemListElement":[{"@type":"ListItem","position":1,"name":"Accueil","item":"https:\/\/www.pressenza.com\/it\/"},{"@type":"ListItem","position":2,"name":"Pavia: \u201cQui ci abita un antifascista\u201d. Marchiati, come le case degli ebrei durante il nazismo"}]},{"@type":"WebSite","@id":"https:\/\/www.pressenza.com\/it\/#website","url":"https:\/\/www.pressenza.com\/it\/","name":"Pressenza","description":"Agenzia di Stampa Internazionale","publisher":{"@id":"https:\/\/www.pressenza.com\/it\/#organization"},"potentialAction":[{"@type":"SearchAction","target":{"@type":"EntryPoint","urlTemplate":"https:\/\/www.pressenza.com\/it\/?s={search_term_string}"},"query-input":{"@type":"PropertyValueSpecification","valueRequired":true,"valueName":"search_term_string"}}],"inLanguage":"it-IT"},{"@type":"Organization","@id":"https:\/\/www.pressenza.com\/it\/#organization","name":"Pressenza","url":"https:\/\/www.pressenza.com\/it\/","logo":{"@type":"ImageObject","inLanguage":"it-IT","@id":"https:\/\/www.pressenza.com\/it\/#\/schema\/logo\/image\/","url":"https:\/\/www.pressenza.com\/wp-content\/uploads\/2022\/10\/pressenza_logo_200x200.jpg","contentUrl":"https:\/\/www.pressenza.com\/wp-content\/uploads\/2022\/10\/pressenza_logo_200x200.jpg","width":200,"height":200,"caption":"Pressenza"},"image":{"@id":"https:\/\/www.pressenza.com\/it\/#\/schema\/logo\/image\/"},"sameAs":["https:\/\/www.facebook.com\/PressenzaItalia","https:\/\/x.com\/PressenzaIPA"]},{"@type":"Person","@id":"https:\/\/www.pressenza.com\/it\/#\/schema\/person\/08ea736e2bdeb73186ff26f6bee319d8","name":"Articolo 21","description":"Articolo 21, liberi di\u2026 \u00e8 un\u2019associazione nata il 27 febbraio 2002 che riunisce esponenti del mondo della comunicazione, della cultura e dello spettacolo; giornalisti, giuristi, economisti che si propongono di promuovere il principio della libert\u00e0 di manifestazione del pensiero (oggetto dell\u2019Articolo 21 della Costituzione italiana da cui il nome).","sameAs":["https:\/\/www.articolo21.org"],"url":"https:\/\/www.pressenza.com\/it\/author\/articolo-21\/"}]}},"place":"Pavia","original_article_url":"https:\/\/www.articolo21.org\/2018\/03\/marchiati-come-le-case-degli-ebrei-durante-il-nazismo\/","_links":{"self":[{"href":"https:\/\/www.pressenza.com\/it\/wp-json\/wp\/v2\/posts\/604317","targetHints":{"allow":["GET"]}}],"collection":[{"href":"https:\/\/www.pressenza.com\/it\/wp-json\/wp\/v2\/posts"}],"about":[{"href":"https:\/\/www.pressenza.com\/it\/wp-json\/wp\/v2\/types\/post"}],"author":[{"embeddable":true,"href":"https:\/\/www.pressenza.com\/it\/wp-json\/wp\/v2\/users\/1469"}],"replies":[{"embeddable":true,"href":"https:\/\/www.pressenza.com\/it\/wp-json\/wp\/v2\/comments?post=604317"}],"version-history":[{"count":0,"href":"https:\/\/www.pressenza.com\/it\/wp-json\/wp\/v2\/posts\/604317\/revisions"}],"wp:featuredmedia":[{"embeddable":true,"href":"https:\/\/www.pressenza.com\/it\/wp-json\/wp\/v2\/media\/604319"}],"wp:attachment":[{"href":"https:\/\/www.pressenza.com\/it\/wp-json\/wp\/v2\/media?parent=604317"}],"wp:term":[{"taxonomy":"category","embeddable":true,"href":"https:\/\/www.pressenza.com\/it\/wp-json\/wp\/v2\/categories?post=604317"},{"taxonomy":"post_tag","embeddable":true,"href":"https:\/\/www.pressenza.com\/it\/wp-json\/wp\/v2\/tags?post=604317"}],"curies":[{"name":"wp","href":"https:\/\/api.w.org\/{rel}","templated":true}]}}