{"id":600005,"date":"2018-02-23T16:44:04","date_gmt":"2018-02-23T16:44:04","guid":{"rendered":"https:\/\/www.pressenza.com\/?p=600005"},"modified":"2018-02-23T16:44:04","modified_gmt":"2018-02-23T16:44:04","slug":"milano-no-al-sabato-nero-costruiamo-piazza-antifascista","status":"publish","type":"post","link":"https:\/\/www.pressenza.com\/it\/2018\/02\/milano-no-al-sabato-nero-costruiamo-piazza-antifascista\/","title":{"rendered":"Milano: No al sabato nero, costruiamo una piazza antifascista"},"content":{"rendered":"<p class=\"yiv4231258478MsoNormal\" style=\"text-align: center;\"><strong>No al sabato nero <\/strong><\/p>\n<p class=\"yiv4231258478MsoNormal\" style=\"text-align: center;\"><strong>Sabato 24 febbraio. ore 14 Moscova (Largo la Foppa)<\/strong><\/p>\n<p class=\"yiv4231258478MsoNormal\">Denunciamo la campagna terroristica di alcune testate giornalistiche e l\u2019ingente e scandaloso dispositivo di sicurezza che verr\u00e0 messo in campo per preservare le piazze razziste e fasciste di Salvini e Di Stefano; ma dopo la fortissima, ampia e determinata campagna di mobilitazione antifascista e antirazzista si \u00e8 ottenuta l\u2019autorizzazione per Largo La Foppa (Moscova).<\/p>\n<p class=\"yiv4231258478MsoNormal\">La Milano antifascista si mobiliter\u00e0, come annunciato, per esprimere tutto il suo dissenso nel vedere partiti neofascisti che trasmettono messaggi di odio e razzismo. Salvini sar\u00e0 in Piazza Duomo, con la presenza degli Hammerskin di Lealt\u00e0 Azione ormai organici alla Lega, i Fratelli d\u2019Italia con la Meloni marceranno in Via Padova e per finire ci sar\u00e0 il comizio di Simone Di Stefano, leader dei fascisti di Casa Pound, davanti al Castello Sforzesco: uno scenario inquietante che non ha precedenti.<\/p>\n<p class=\"yiv4231258478MsoNormal\">Ci troveremo tutti e tutte in quella piazza per esprimere in modo ampio, plurale, inclusivo e fermo che Milano \u00e8 una citt\u00e0 che rifiuta e rifiuter\u00e0 sempre fascismo, razzismo e paura.<\/p>\n<p class=\"yiv4231258478MsoNormal\">Per la giornata di mobilitazione antifascista di Sabato 24 il concentramento \u00e8 quindi spostato in Largo La Foppa alle ore 14.00.<\/p>\n<p class=\"yiv4231258478MsoNormal\">Nella Milano Medaglia d\u2019oro per la Resistenza, sequestrata in questo sabato da fascisti e razzisti, saremo nelle strade, nessuno potr\u00e0 impedircelo!<\/p>\n<p class=\"yiv4231258478MsoNormal\">Milano ripudia fascismo e razzismo<\/p>\n","protected":false},"excerpt":{"rendered":"<p>No al sabato nero Sabato 24 febbraio. ore 14 Moscova (Largo la Foppa) Denunciamo la campagna terroristica di alcune testate giornalistiche e l\u2019ingente e scandaloso dispositivo di sicurezza che verr\u00e0 messo in campo per preservare le piazze razziste e fasciste&hellip;<\/p>\n","protected":false},"author":594,"featured_media":600007,"comment_status":"closed","ping_status":"closed","sticky":false,"template":"","format":"standard","meta":{"footnotes":""},"categories":[150,47,55],"tags":[3467,286,43921,43922],"class_list":["post-600005","post","type-post","status-publish","format-standard","has-post-thumbnail","hentry","category-comunicati-stampa","category-europa","category-politica","tag-antifascismo","tag-milano","tag-mobilitazione-antifascista","tag-no-al-sabato-nero"],"yoast_head":"<!-- This site is optimized with the Yoast SEO plugin v27.1.1 - https:\/\/yoast.com\/product\/yoast-seo-wordpress\/ -->\n<title>Milano: No al sabato nero, costruiamo una piazza antifascista<\/title>\n<meta name=\"description\" content=\"No al sabato nero Sabato 24 febbraio. ore 14 Moscova (Largo la Foppa) Denunciamo la campagna terroristica di alcune testate giornalistiche e l\u2019ingente e\" \/>\n<meta name=\"robots\" content=\"index, follow, max-snippet:-1, max-image-preview:large, max-video-preview:-1\" \/>\n<link rel=\"canonical\" href=\"https:\/\/www.pressenza.com\/it\/2018\/02\/milano-no-al-sabato-nero-costruiamo-piazza-antifascista\/\" \/>\n<meta property=\"og:locale\" content=\"it_IT\" \/>\n<meta property=\"og:type\" content=\"article\" \/>\n<meta property=\"og:title\" content=\"Milano: No al sabato nero, costruiamo una piazza antifascista\" \/>\n<meta property=\"og:description\" content=\"No al sabato nero Sabato 24 febbraio. ore 14 Moscova (Largo la Foppa) Denunciamo la campagna terroristica di alcune testate giornalistiche e l\u2019ingente e\" \/>\n<meta property=\"og:url\" content=\"https:\/\/www.pressenza.com\/it\/2018\/02\/milano-no-al-sabato-nero-costruiamo-piazza-antifascista\/\" \/>\n<meta property=\"og:site_name\" content=\"Pressenza\" \/>\n<meta property=\"article:publisher\" content=\"https:\/\/www.facebook.com\/PressenzaItalia\" \/>\n<meta property=\"article:author\" content=\"https:\/\/www.facebook.com\/PressenzaItalia\" \/>\n<meta property=\"article:published_time\" content=\"2018-02-23T16:44:04+00:00\" \/>\n<meta property=\"og:image\" content=\"https:\/\/www.pressenza.com\/wp-content\/uploads\/2018\/02\/28336454_1614425855337165_1970532468511672861_o.jpg\" \/>\n\t<meta property=\"og:image:width\" content=\"1200\" \/>\n\t<meta property=\"og:image:height\" content=\"628\" \/>\n\t<meta property=\"og:image:type\" content=\"image\/jpeg\" \/>\n<meta name=\"author\" content=\"Redazione Italia\" \/>\n<meta name=\"twitter:card\" content=\"summary_large_image\" \/>\n<meta name=\"twitter:creator\" content=\"@pressenza_it\" \/>\n<meta name=\"twitter:site\" content=\"@PressenzaIPA\" \/>\n<meta name=\"twitter:label1\" content=\"Scritto da\" \/>\n\t<meta name=\"twitter:data1\" content=\"Redazione Italia\" \/>\n\t<meta name=\"twitter:label2\" content=\"Tempo di lettura stimato\" \/>\n\t<meta name=\"twitter:data2\" content=\"1 minuto\" \/>\n<script type=\"application\/ld+json\" class=\"yoast-schema-graph\">{\"@context\":\"https:\/\/schema.org\",\"@graph\":[{\"@type\":\"Article\",\"@id\":\"https:\/\/www.pressenza.com\/it\/2018\/02\/milano-no-al-sabato-nero-costruiamo-piazza-antifascista\/#article\",\"isPartOf\":{\"@id\":\"https:\/\/www.pressenza.com\/it\/2018\/02\/milano-no-al-sabato-nero-costruiamo-piazza-antifascista\/\"},\"author\":{\"name\":\"Redazione Italia\",\"@id\":\"https:\/\/www.pressenza.com\/it\/#\/schema\/person\/d983e81827ae24f2c7b1a2123d197f8d\"},\"headline\":\"Milano: No al sabato nero, costruiamo una piazza antifascista\",\"datePublished\":\"2018-02-23T16:44:04+00:00\",\"mainEntityOfPage\":{\"@id\":\"https:\/\/www.pressenza.com\/it\/2018\/02\/milano-no-al-sabato-nero-costruiamo-piazza-antifascista\/\"},\"wordCount\":230,\"publisher\":{\"@id\":\"https:\/\/www.pressenza.com\/it\/#organization\"},\"image\":{\"@id\":\"https:\/\/www.pressenza.com\/it\/2018\/02\/milano-no-al-sabato-nero-costruiamo-piazza-antifascista\/#primaryimage\"},\"thumbnailUrl\":\"https:\/\/www.pressenza.com\/wp-content\/uploads\/2018\/02\/28336454_1614425855337165_1970532468511672861_o.jpg\",\"keywords\":[\"antifascismo\",\"Milano\",\"mobilitazione antifascista\",\"No al sabato nero\"],\"articleSection\":[\"Comunicati Stampa\",\"Europa\",\"Politica\"],\"inLanguage\":\"it-IT\"},{\"@type\":\"WebPage\",\"@id\":\"https:\/\/www.pressenza.com\/it\/2018\/02\/milano-no-al-sabato-nero-costruiamo-piazza-antifascista\/\",\"url\":\"https:\/\/www.pressenza.com\/it\/2018\/02\/milano-no-al-sabato-nero-costruiamo-piazza-antifascista\/\",\"name\":\"Milano: No al sabato nero, costruiamo una piazza antifascista\",\"isPartOf\":{\"@id\":\"https:\/\/www.pressenza.com\/it\/#website\"},\"primaryImageOfPage\":{\"@id\":\"https:\/\/www.pressenza.com\/it\/2018\/02\/milano-no-al-sabato-nero-costruiamo-piazza-antifascista\/#primaryimage\"},\"image\":{\"@id\":\"https:\/\/www.pressenza.com\/it\/2018\/02\/milano-no-al-sabato-nero-costruiamo-piazza-antifascista\/#primaryimage\"},\"thumbnailUrl\":\"https:\/\/www.pressenza.com\/wp-content\/uploads\/2018\/02\/28336454_1614425855337165_1970532468511672861_o.jpg\",\"datePublished\":\"2018-02-23T16:44:04+00:00\",\"description\":\"No al sabato nero Sabato 24 febbraio. ore 14 Moscova (Largo la Foppa) Denunciamo la campagna terroristica di alcune testate giornalistiche e l\u2019ingente e\",\"breadcrumb\":{\"@id\":\"https:\/\/www.pressenza.com\/it\/2018\/02\/milano-no-al-sabato-nero-costruiamo-piazza-antifascista\/#breadcrumb\"},\"inLanguage\":\"it-IT\",\"potentialAction\":[{\"@type\":\"ReadAction\",\"target\":[\"https:\/\/www.pressenza.com\/it\/2018\/02\/milano-no-al-sabato-nero-costruiamo-piazza-antifascista\/\"]}]},{\"@type\":\"ImageObject\",\"inLanguage\":\"it-IT\",\"@id\":\"https:\/\/www.pressenza.com\/it\/2018\/02\/milano-no-al-sabato-nero-costruiamo-piazza-antifascista\/#primaryimage\",\"url\":\"https:\/\/www.pressenza.com\/wp-content\/uploads\/2018\/02\/28336454_1614425855337165_1970532468511672861_o.jpg\",\"contentUrl\":\"https:\/\/www.pressenza.com\/wp-content\/uploads\/2018\/02\/28336454_1614425855337165_1970532468511672861_o.jpg\",\"width\":1200,\"height\":628},{\"@type\":\"BreadcrumbList\",\"@id\":\"https:\/\/www.pressenza.com\/it\/2018\/02\/milano-no-al-sabato-nero-costruiamo-piazza-antifascista\/#breadcrumb\",\"itemListElement\":[{\"@type\":\"ListItem\",\"position\":1,\"name\":\"Accueil\",\"item\":\"https:\/\/www.pressenza.com\/it\/\"},{\"@type\":\"ListItem\",\"position\":2,\"name\":\"Milano: No al sabato nero, costruiamo una piazza antifascista\"}]},{\"@type\":\"WebSite\",\"@id\":\"https:\/\/www.pressenza.com\/it\/#website\",\"url\":\"https:\/\/www.pressenza.com\/it\/\",\"name\":\"Pressenza\",\"description\":\"Agenzia di Stampa Internazionale\",\"publisher\":{\"@id\":\"https:\/\/www.pressenza.com\/it\/#organization\"},\"potentialAction\":[{\"@type\":\"SearchAction\",\"target\":{\"@type\":\"EntryPoint\",\"urlTemplate\":\"https:\/\/www.pressenza.com\/it\/?s={search_term_string}\"},\"query-input\":{\"@type\":\"PropertyValueSpecification\",\"valueRequired\":true,\"valueName\":\"search_term_string\"}}],\"inLanguage\":\"it-IT\"},{\"@type\":\"Organization\",\"@id\":\"https:\/\/www.pressenza.com\/it\/#organization\",\"name\":\"Pressenza\",\"url\":\"https:\/\/www.pressenza.com\/it\/\",\"logo\":{\"@type\":\"ImageObject\",\"inLanguage\":\"it-IT\",\"@id\":\"https:\/\/www.pressenza.com\/it\/#\/schema\/logo\/image\/\",\"url\":\"https:\/\/www.pressenza.com\/wp-content\/uploads\/2022\/10\/pressenza_logo_200x200.jpg\",\"contentUrl\":\"https:\/\/www.pressenza.com\/wp-content\/uploads\/2022\/10\/pressenza_logo_200x200.jpg\",\"width\":200,\"height\":200,\"caption\":\"Pressenza\"},\"image\":{\"@id\":\"https:\/\/www.pressenza.com\/it\/#\/schema\/logo\/image\/\"},\"sameAs\":[\"https:\/\/www.facebook.com\/PressenzaItalia\",\"https:\/\/x.com\/PressenzaIPA\"]},{\"@type\":\"Person\",\"@id\":\"https:\/\/www.pressenza.com\/it\/#\/schema\/person\/d983e81827ae24f2c7b1a2123d197f8d\",\"name\":\"Redazione Italia\",\"description\":\"News from the Pressenza Bureau in Italy\",\"sameAs\":[\"https:\/\/www.pressenza.com\/it\/author\/redazione-italia\/\",\"https:\/\/www.facebook.com\/PressenzaItalia\",\"https:\/\/www.instagram.com\/pressenza_italia\/\",\"https:\/\/x.com\/pressenza_it\",\"https:\/\/www.youtube.com\/channel\/UCSalEIWjE1RSxkwjfftFuqg\"],\"url\":\"https:\/\/www.pressenza.com\/it\/author\/redazione-italia\/\"}]}<\/script>\n<!-- \/ Yoast SEO plugin. -->","yoast_head_json":{"title":"Milano: No al sabato nero, costruiamo una piazza antifascista","description":"No al sabato nero Sabato 24 febbraio. ore 14 Moscova (Largo la Foppa) Denunciamo la campagna terroristica di alcune testate giornalistiche e l\u2019ingente e","robots":{"index":"index","follow":"follow","max-snippet":"max-snippet:-1","max-image-preview":"max-image-preview:large","max-video-preview":"max-video-preview:-1"},"canonical":"https:\/\/www.pressenza.com\/it\/2018\/02\/milano-no-al-sabato-nero-costruiamo-piazza-antifascista\/","og_locale":"it_IT","og_type":"article","og_title":"Milano: No al sabato nero, costruiamo una piazza antifascista","og_description":"No al sabato nero Sabato 24 febbraio. ore 14 Moscova (Largo la Foppa) Denunciamo la campagna terroristica di alcune testate giornalistiche e l\u2019ingente e","og_url":"https:\/\/www.pressenza.com\/it\/2018\/02\/milano-no-al-sabato-nero-costruiamo-piazza-antifascista\/","og_site_name":"Pressenza","article_publisher":"https:\/\/www.facebook.com\/PressenzaItalia","article_author":"https:\/\/www.facebook.com\/PressenzaItalia","article_published_time":"2018-02-23T16:44:04+00:00","og_image":[{"width":1200,"height":628,"url":"https:\/\/www.pressenza.com\/wp-content\/uploads\/2018\/02\/28336454_1614425855337165_1970532468511672861_o.jpg","type":"image\/jpeg"}],"author":"Redazione Italia","twitter_card":"summary_large_image","twitter_creator":"@pressenza_it","twitter_site":"@PressenzaIPA","twitter_misc":{"Scritto da":"Redazione Italia","Tempo di lettura stimato":"1 minuto"},"schema":{"@context":"https:\/\/schema.org","@graph":[{"@type":"Article","@id":"https:\/\/www.pressenza.com\/it\/2018\/02\/milano-no-al-sabato-nero-costruiamo-piazza-antifascista\/#article","isPartOf":{"@id":"https:\/\/www.pressenza.com\/it\/2018\/02\/milano-no-al-sabato-nero-costruiamo-piazza-antifascista\/"},"author":{"name":"Redazione Italia","@id":"https:\/\/www.pressenza.com\/it\/#\/schema\/person\/d983e81827ae24f2c7b1a2123d197f8d"},"headline":"Milano: No al sabato nero, costruiamo una piazza antifascista","datePublished":"2018-02-23T16:44:04+00:00","mainEntityOfPage":{"@id":"https:\/\/www.pressenza.com\/it\/2018\/02\/milano-no-al-sabato-nero-costruiamo-piazza-antifascista\/"},"wordCount":230,"publisher":{"@id":"https:\/\/www.pressenza.com\/it\/#organization"},"image":{"@id":"https:\/\/www.pressenza.com\/it\/2018\/02\/milano-no-al-sabato-nero-costruiamo-piazza-antifascista\/#primaryimage"},"thumbnailUrl":"https:\/\/www.pressenza.com\/wp-content\/uploads\/2018\/02\/28336454_1614425855337165_1970532468511672861_o.jpg","keywords":["antifascismo","Milano","mobilitazione antifascista","No al sabato nero"],"articleSection":["Comunicati Stampa","Europa","Politica"],"inLanguage":"it-IT"},{"@type":"WebPage","@id":"https:\/\/www.pressenza.com\/it\/2018\/02\/milano-no-al-sabato-nero-costruiamo-piazza-antifascista\/","url":"https:\/\/www.pressenza.com\/it\/2018\/02\/milano-no-al-sabato-nero-costruiamo-piazza-antifascista\/","name":"Milano: No al sabato nero, costruiamo una piazza antifascista","isPartOf":{"@id":"https:\/\/www.pressenza.com\/it\/#website"},"primaryImageOfPage":{"@id":"https:\/\/www.pressenza.com\/it\/2018\/02\/milano-no-al-sabato-nero-costruiamo-piazza-antifascista\/#primaryimage"},"image":{"@id":"https:\/\/www.pressenza.com\/it\/2018\/02\/milano-no-al-sabato-nero-costruiamo-piazza-antifascista\/#primaryimage"},"thumbnailUrl":"https:\/\/www.pressenza.com\/wp-content\/uploads\/2018\/02\/28336454_1614425855337165_1970532468511672861_o.jpg","datePublished":"2018-02-23T16:44:04+00:00","description":"No al sabato nero Sabato 24 febbraio. ore 14 Moscova (Largo la Foppa) Denunciamo la campagna terroristica di alcune testate giornalistiche e l\u2019ingente e","breadcrumb":{"@id":"https:\/\/www.pressenza.com\/it\/2018\/02\/milano-no-al-sabato-nero-costruiamo-piazza-antifascista\/#breadcrumb"},"inLanguage":"it-IT","potentialAction":[{"@type":"ReadAction","target":["https:\/\/www.pressenza.com\/it\/2018\/02\/milano-no-al-sabato-nero-costruiamo-piazza-antifascista\/"]}]},{"@type":"ImageObject","inLanguage":"it-IT","@id":"https:\/\/www.pressenza.com\/it\/2018\/02\/milano-no-al-sabato-nero-costruiamo-piazza-antifascista\/#primaryimage","url":"https:\/\/www.pressenza.com\/wp-content\/uploads\/2018\/02\/28336454_1614425855337165_1970532468511672861_o.jpg","contentUrl":"https:\/\/www.pressenza.com\/wp-content\/uploads\/2018\/02\/28336454_1614425855337165_1970532468511672861_o.jpg","width":1200,"height":628},{"@type":"BreadcrumbList","@id":"https:\/\/www.pressenza.com\/it\/2018\/02\/milano-no-al-sabato-nero-costruiamo-piazza-antifascista\/#breadcrumb","itemListElement":[{"@type":"ListItem","position":1,"name":"Accueil","item":"https:\/\/www.pressenza.com\/it\/"},{"@type":"ListItem","position":2,"name":"Milano: No al sabato nero, costruiamo una piazza antifascista"}]},{"@type":"WebSite","@id":"https:\/\/www.pressenza.com\/it\/#website","url":"https:\/\/www.pressenza.com\/it\/","name":"Pressenza","description":"Agenzia di Stampa Internazionale","publisher":{"@id":"https:\/\/www.pressenza.com\/it\/#organization"},"potentialAction":[{"@type":"SearchAction","target":{"@type":"EntryPoint","urlTemplate":"https:\/\/www.pressenza.com\/it\/?s={search_term_string}"},"query-input":{"@type":"PropertyValueSpecification","valueRequired":true,"valueName":"search_term_string"}}],"inLanguage":"it-IT"},{"@type":"Organization","@id":"https:\/\/www.pressenza.com\/it\/#organization","name":"Pressenza","url":"https:\/\/www.pressenza.com\/it\/","logo":{"@type":"ImageObject","inLanguage":"it-IT","@id":"https:\/\/www.pressenza.com\/it\/#\/schema\/logo\/image\/","url":"https:\/\/www.pressenza.com\/wp-content\/uploads\/2022\/10\/pressenza_logo_200x200.jpg","contentUrl":"https:\/\/www.pressenza.com\/wp-content\/uploads\/2022\/10\/pressenza_logo_200x200.jpg","width":200,"height":200,"caption":"Pressenza"},"image":{"@id":"https:\/\/www.pressenza.com\/it\/#\/schema\/logo\/image\/"},"sameAs":["https:\/\/www.facebook.com\/PressenzaItalia","https:\/\/x.com\/PressenzaIPA"]},{"@type":"Person","@id":"https:\/\/www.pressenza.com\/it\/#\/schema\/person\/d983e81827ae24f2c7b1a2123d197f8d","name":"Redazione Italia","description":"News from the Pressenza Bureau in Italy","sameAs":["https:\/\/www.pressenza.com\/it\/author\/redazione-italia\/","https:\/\/www.facebook.com\/PressenzaItalia","https:\/\/www.instagram.com\/pressenza_italia\/","https:\/\/x.com\/pressenza_it","https:\/\/www.youtube.com\/channel\/UCSalEIWjE1RSxkwjfftFuqg"],"url":"https:\/\/www.pressenza.com\/it\/author\/redazione-italia\/"}]}},"place":"","original_article_url":"","_links":{"self":[{"href":"https:\/\/www.pressenza.com\/it\/wp-json\/wp\/v2\/posts\/600005","targetHints":{"allow":["GET"]}}],"collection":[{"href":"https:\/\/www.pressenza.com\/it\/wp-json\/wp\/v2\/posts"}],"about":[{"href":"https:\/\/www.pressenza.com\/it\/wp-json\/wp\/v2\/types\/post"}],"author":[{"embeddable":true,"href":"https:\/\/www.pressenza.com\/it\/wp-json\/wp\/v2\/users\/594"}],"replies":[{"embeddable":true,"href":"https:\/\/www.pressenza.com\/it\/wp-json\/wp\/v2\/comments?post=600005"}],"version-history":[{"count":0,"href":"https:\/\/www.pressenza.com\/it\/wp-json\/wp\/v2\/posts\/600005\/revisions"}],"wp:featuredmedia":[{"embeddable":true,"href":"https:\/\/www.pressenza.com\/it\/wp-json\/wp\/v2\/media\/600007"}],"wp:attachment":[{"href":"https:\/\/www.pressenza.com\/it\/wp-json\/wp\/v2\/media?parent=600005"}],"wp:term":[{"taxonomy":"category","embeddable":true,"href":"https:\/\/www.pressenza.com\/it\/wp-json\/wp\/v2\/categories?post=600005"},{"taxonomy":"post_tag","embeddable":true,"href":"https:\/\/www.pressenza.com\/it\/wp-json\/wp\/v2\/tags?post=600005"}],"curies":[{"name":"wp","href":"https:\/\/api.w.org\/{rel}","templated":true}]}}