{"id":599559,"date":"2018-02-22T11:59:41","date_gmt":"2018-02-22T11:59:41","guid":{"rendered":"https:\/\/www.pressenza.com\/?p=599559"},"modified":"2018-02-22T12:21:30","modified_gmt":"2018-02-22T12:21:30","slug":"eggenda-degli-opposti-estremismi-la-realta-della-legittimazione-fascisti-razzisti-sabato-24f-milano-mobilitazione-antifascista","status":"publish","type":"post","link":"https:\/\/www.pressenza.com\/it\/2018\/02\/eggenda-degli-opposti-estremismi-la-realta-della-legittimazione-fascisti-razzisti-sabato-24f-milano-mobilitazione-antifascista\/","title":{"rendered":"La leggenda degli opposti estremismi e la realt\u00e0 della legittimazione di fascisti e razzisti \u2013 Sabato 24F a Milano mobilitazione antifascista"},"content":{"rendered":"<header><\/header>\n<div class=\"body entry-content\">\n<div id=\"item-5a8e82d0085229db68c513d6\" class=\"sqs-layout sqs-grid-12 columns-12\" data-layout-label=\"Post Body\" data-type=\"item\" data-updated-on=\"1519289655975\">\n<div class=\"row sqs-row\">\n<div class=\"col sqs-col-12 span-12\">\n<div id=\"block-80ca798379bb802f9e9f\" class=\"sqs-block html-block sqs-block-html\" data-block-type=\"2\">\n<div class=\"sqs-block-content\">\n<p>Niente da fare, l\u2019antifascismo d\u00e0 fastidio, specie se fuoriesce dai canoni delle celebrazioni e delle dichiarazioni di rito, per farsi invece partecipazione e attivismo. E cos\u00ec, dopo la straordinaria mobilitazione seguita all\u2019attentato fascista di Traini, che ha riempito le strade da Macerata a Milano, travolgendo divieti, paure e retromarce, riecco la vecchia e sempreverde tesi degli opposti estremismi.<\/p>\n<p>Fascisti e antifascisti pari sono \u00e8 il succo del messaggio che viene gettato in pasto a una delle campagne elettorali pi\u00f9 brutte e deprimenti che si ricordi. E quindi, le decine di migliaia di persone del post Macerata, tra cui moltissimi giovani, spariscono da un giorno all\u2019altro dal discorso pubblico e i riflettori vengono puntati tutti sul carabiniere ferito a Piacenza. Si fa finta di non vedere il clima di odio sistematicamente alimentato da mesi da Lega, post e neofascisti, per esaltare invece le immagini degli scontri di piazza, veri o presunti che siano, dove il tutto viene ridotto a un conflitto, a questo punto quasi indecifrabile, tra \u201cestremisti di diverso colore\u201d. Mancavano soltanto il pestaggio di Palermo di un capo di FN e l\u2019accoltellamento di un militante di Potere al Popolo da parte di Casa Pound a Perugia per portare il discorso alla sua apoteosi. E c\u2019\u00e8 da scommettere che in vista del prossimo weekend, a partire dal Ministro degli Interni, si tenter\u00e0 di parlare anzitutto in questi termini, magari con l\u2019aggiunta di qualche \u201callarme sicurezza\u201d.<\/p>\n<p>Beninteso, la tesi degli opposti estremismi non \u00e8 nuova, n\u00e9 particolarmente originale. Anzi, la destra istituzionale, specie quella che traffica abitualmente con i gruppi militanti della galassia nera, come fa per esempio la Lega a Milano con i neonazisti di Lealt\u00e0 e Azione, l\u2019ha sempre coccolata e per evidenti ragioni. Dalle parti del Pd, invece, il discorso che andava per la maggiore negli ultimi 10-15 anni era quello di minimizzare, collocando la questione fascista in un passato che non sarebbe potuto tornare e evocando persino delle \u201criconciliazioni\u201d. Chiaro, in questa ottica anche l\u2019antifascismo diventava, nella migliore delle ipotesi, una cosa da rievocazioni o da feste comandante. Ora invece, quando di fronte al preoccupante scivolamento a destra del quadro politico, italiano ed europeo, e al veleno razzista sparso a piene mani da persone e organizzazioni che aspirano al governo del paese, si produce qualche reazione dal basso oltre gli abituali circuiti, sebbene questa sia ancora incipiente, insufficiente e forse a volte persino ingenua, allora si riscopre la buona vecchia storiella degli opposti estremismi. Comodo, senz\u2019altro, perch\u00e9 permette non solo di autoassolversi, ma anche di proporsi in questa fase finale di campagna elettorale come garanti dell\u2019ordine e della sicurezza, magari in vista di possibili future larghe intese.<\/p>\n<p>Sar\u00e0 comoda quella tesi, senza dubbio, ma \u00e8 anche e soprattutto terribilmente deleteria, perch\u00e9 finisce per mascherare la realt\u00e0 dei fatti. Gi\u00e0, perch\u00e9 se quella degli opposti estremismi \u00e8 soltanto una tesi, un marchingegno per cavarsela (forse) in campagna elettorale, la legittimazione pubblica dei discorsi razzisti e lo sdoganamento delle organizzazioni nazifasciste sono una triste, ma molto concreta realt\u00e0. Se oggi si presentano fatti di violenza (e non solo quelli che vengono sbattuti in prima pagina, ma soprattutto quelli, la maggioranza, che conquistano malapena qualche trafiletto) questo non \u00e8 conseguenza dell\u2019improvviso apparire di qualche \u201cestremista\u201d, bens\u00ec della sistematica costruzione di un clima d\u2019odio e di una narrazione devastante e deviante, come quella della \u201cinvasione\u201d e della \u201csostituzione etnica\u201d.<\/p>\n<p><strong>Oggi far finta di non vedere la realt\u00e0 e accreditare la leggenda degli opposti estremismi non \u00e8 soltanto una furbizia elettorale, ma \u00e8 irresponsabile, miope e colpevole<\/strong>. Lo \u00e8 a maggior ragione di fronte a una situazione complicata come quella attuale, che vede le organizzazioni di massa storiche in difficolt\u00e0 e i suoi gruppi dirigenti smarriti (vedi vicenda Macerata), mentre ci sono segnali di una nuova disponibilit\u00e0 e consapevolezza antifascista e antirazzista dal basso che fatica per\u00f2 a trovare punti di riferimento. Anche per questo, la cosa pi\u00f9 sbagliata che si possa fare \u00e8 quella di chiudersi in casa ognuno per s\u00e9, invece di scendere in piazza tutti insieme. E bisogna farlo in tanti e tante.<\/p>\n<p>A Milano si preannuncia un sabato nero, con Salvini e Lealt\u00e0 e Azione in Duomo, la Meloni poco lontano e Di Stefano e i fascisti di Casa Pound addirittura davanti al Castello Sforzesco. Praticamente il centro citt\u00e0 trasformato in zona nera, inaccessibile per tutti gli altri. Sarebbe davvero imperdonabile se Milano rimanesse in silenzio di fronte a questo ignobile scenario e non trovasse il modo di ribadire pubblicamente che ripudiamo fascismo e razzismo.<\/p>\n<p>L\u2019appuntamento <strong>\u00e8 per le ore 14.30 a Lanza, sabato 24 febbraio<\/strong>. Seguite l\u2019<a href=\"https:\/\/www.facebook.com\/events\/212748985969452\/\" target=\"_blank\" rel=\"noopener\">evento facebook della mobilitazione<\/a> per<strong> aggiornamenti<\/strong> ed <strong>eventuali nuove info logistiche<\/strong>. Inoltre, stasera (gioved\u00ec) si terr\u00e0 alle 21.00 al LUME di Via Vittorio Veneto 24 un\u2019<strong>assemblea pubblica<\/strong> di preparazione della manifestazione di sabato. E, per favore, fate circolare l\u2019evento facebook.<\/p>\n<\/div>\n<\/div>\n<\/div>\n<\/div>\n<\/div>\n<\/div>\n","protected":false},"excerpt":{"rendered":"<p>Niente da fare, l\u2019antifascismo d\u00e0 fastidio, specie se fuoriesce dai canoni delle celebrazioni e delle dichiarazioni di rito, per farsi invece partecipazione e attivismo. E cos\u00ec, dopo la straordinaria mobilitazione seguita all\u2019attentato fascista di Traini, che ha riempito le strade&hellip;<\/p>\n","protected":false},"author":982,"featured_media":599560,"comment_status":"closed","ping_status":"closed","sticky":false,"template":"","format":"standard","meta":{"footnotes":""},"categories":[47,162,55],"tags":[3467,388,3466,43895,286],"class_list":["post-599559","post","type-post","status-publish","format-standard","has-post-thumbnail","hentry","category-europa","category-opinioni","category-politica","tag-antifascismo","tag-destra","tag-fascismo","tag-manifestazione-antifascista","tag-milano"],"yoast_head":"<!-- This site is optimized with the Yoast SEO plugin v27.1.1 - https:\/\/yoast.com\/product\/yoast-seo-wordpress\/ -->\n<title>La leggenda degli opposti estremismi e la realt\u00e0 della legittimazione di fascisti e razzisti \u2013 Sabato 24F a Milano mobilitazione antifascista<\/title>\n<meta name=\"description\" content=\"Niente da fare, l\u2019antifascismo d\u00e0 fastidio, specie se fuoriesce dai canoni delle celebrazioni e delle dichiarazioni di rito, per farsi invece\" \/>\n<meta name=\"robots\" content=\"index, follow, max-snippet:-1, max-image-preview:large, max-video-preview:-1\" \/>\n<link rel=\"canonical\" href=\"https:\/\/www.pressenza.com\/it\/2018\/02\/eggenda-degli-opposti-estremismi-la-realta-della-legittimazione-fascisti-razzisti-sabato-24f-milano-mobilitazione-antifascista\/\" \/>\n<meta property=\"og:locale\" content=\"it_IT\" \/>\n<meta property=\"og:type\" content=\"article\" \/>\n<meta property=\"og:title\" content=\"La leggenda degli opposti estremismi e la realt\u00e0 della legittimazione di fascisti e razzisti \u2013 Sabato 24F a Milano mobilitazione antifascista\" \/>\n<meta property=\"og:description\" content=\"Niente da fare, l\u2019antifascismo d\u00e0 fastidio, specie se fuoriesce dai canoni delle celebrazioni e delle dichiarazioni di rito, per farsi invece\" \/>\n<meta property=\"og:url\" content=\"https:\/\/www.pressenza.com\/it\/2018\/02\/eggenda-degli-opposti-estremismi-la-realta-della-legittimazione-fascisti-razzisti-sabato-24f-milano-mobilitazione-antifascista\/\" \/>\n<meta property=\"og:site_name\" content=\"Pressenza\" \/>\n<meta property=\"article:publisher\" content=\"https:\/\/www.facebook.com\/PressenzaItalia\" \/>\n<meta property=\"article:author\" content=\"https:\/\/www.facebook.com\/luciano.muhlbauer\" \/>\n<meta property=\"article:published_time\" content=\"2018-02-22T11:59:41+00:00\" \/>\n<meta property=\"article:modified_time\" content=\"2018-02-22T12:21:30+00:00\" \/>\n<meta property=\"og:image\" content=\"https:\/\/www.pressenza.com\/wp-content\/uploads\/2018\/02\/ora-e-sempre-resistenza.jpg\" \/>\n\t<meta property=\"og:image:width\" content=\"286\" \/>\n\t<meta property=\"og:image:height\" content=\"176\" \/>\n\t<meta property=\"og:image:type\" content=\"image\/jpeg\" \/>\n<meta name=\"author\" content=\"Luciano Muhlbauer\" \/>\n<meta name=\"twitter:card\" content=\"summary_large_image\" \/>\n<meta name=\"twitter:creator\" content=\"@Muhlbauer_\" \/>\n<meta name=\"twitter:site\" content=\"@PressenzaIPA\" \/>\n<meta name=\"twitter:label1\" content=\"Scritto da\" \/>\n\t<meta name=\"twitter:data1\" content=\"Luciano Muhlbauer\" \/>\n\t<meta name=\"twitter:label2\" content=\"Tempo di lettura stimato\" \/>\n\t<meta name=\"twitter:data2\" content=\"4 minuti\" \/>\n<script type=\"application\/ld+json\" class=\"yoast-schema-graph\">{\"@context\":\"https:\/\/schema.org\",\"@graph\":[{\"@type\":\"Article\",\"@id\":\"https:\/\/www.pressenza.com\/it\/2018\/02\/eggenda-degli-opposti-estremismi-la-realta-della-legittimazione-fascisti-razzisti-sabato-24f-milano-mobilitazione-antifascista\/#article\",\"isPartOf\":{\"@id\":\"https:\/\/www.pressenza.com\/it\/2018\/02\/eggenda-degli-opposti-estremismi-la-realta-della-legittimazione-fascisti-razzisti-sabato-24f-milano-mobilitazione-antifascista\/\"},\"author\":{\"name\":\"Luciano Muhlbauer\",\"@id\":\"https:\/\/www.pressenza.com\/it\/#\/schema\/person\/39da6bde67055a1b8cddb12c57da5142\"},\"headline\":\"La leggenda degli opposti estremismi e la realt\u00e0 della legittimazione di fascisti e razzisti \u2013 Sabato 24F a Milano mobilitazione antifascista\",\"datePublished\":\"2018-02-22T11:59:41+00:00\",\"dateModified\":\"2018-02-22T12:21:30+00:00\",\"mainEntityOfPage\":{\"@id\":\"https:\/\/www.pressenza.com\/it\/2018\/02\/eggenda-degli-opposti-estremismi-la-realta-della-legittimazione-fascisti-razzisti-sabato-24f-milano-mobilitazione-antifascista\/\"},\"wordCount\":820,\"publisher\":{\"@id\":\"https:\/\/www.pressenza.com\/it\/#organization\"},\"image\":{\"@id\":\"https:\/\/www.pressenza.com\/it\/2018\/02\/eggenda-degli-opposti-estremismi-la-realta-della-legittimazione-fascisti-razzisti-sabato-24f-milano-mobilitazione-antifascista\/#primaryimage\"},\"thumbnailUrl\":\"https:\/\/www.pressenza.com\/wp-content\/uploads\/2018\/02\/ora-e-sempre-resistenza.jpg\",\"keywords\":[\"antifascismo\",\"destra\",\"fascismo\",\"manifestazione antifascista\",\"Milano\"],\"articleSection\":[\"Europa\",\"Opinioni\",\"Politica\"],\"inLanguage\":\"it-IT\"},{\"@type\":\"WebPage\",\"@id\":\"https:\/\/www.pressenza.com\/it\/2018\/02\/eggenda-degli-opposti-estremismi-la-realta-della-legittimazione-fascisti-razzisti-sabato-24f-milano-mobilitazione-antifascista\/\",\"url\":\"https:\/\/www.pressenza.com\/it\/2018\/02\/eggenda-degli-opposti-estremismi-la-realta-della-legittimazione-fascisti-razzisti-sabato-24f-milano-mobilitazione-antifascista\/\",\"name\":\"La leggenda degli opposti estremismi e la realt\u00e0 della legittimazione di fascisti e razzisti \u2013 Sabato 24F a Milano mobilitazione antifascista\",\"isPartOf\":{\"@id\":\"https:\/\/www.pressenza.com\/it\/#website\"},\"primaryImageOfPage\":{\"@id\":\"https:\/\/www.pressenza.com\/it\/2018\/02\/eggenda-degli-opposti-estremismi-la-realta-della-legittimazione-fascisti-razzisti-sabato-24f-milano-mobilitazione-antifascista\/#primaryimage\"},\"image\":{\"@id\":\"https:\/\/www.pressenza.com\/it\/2018\/02\/eggenda-degli-opposti-estremismi-la-realta-della-legittimazione-fascisti-razzisti-sabato-24f-milano-mobilitazione-antifascista\/#primaryimage\"},\"thumbnailUrl\":\"https:\/\/www.pressenza.com\/wp-content\/uploads\/2018\/02\/ora-e-sempre-resistenza.jpg\",\"datePublished\":\"2018-02-22T11:59:41+00:00\",\"dateModified\":\"2018-02-22T12:21:30+00:00\",\"description\":\"Niente da fare, l\u2019antifascismo d\u00e0 fastidio, specie se fuoriesce dai canoni delle celebrazioni e delle dichiarazioni di rito, per farsi invece\",\"breadcrumb\":{\"@id\":\"https:\/\/www.pressenza.com\/it\/2018\/02\/eggenda-degli-opposti-estremismi-la-realta-della-legittimazione-fascisti-razzisti-sabato-24f-milano-mobilitazione-antifascista\/#breadcrumb\"},\"inLanguage\":\"it-IT\",\"potentialAction\":[{\"@type\":\"ReadAction\",\"target\":[\"https:\/\/www.pressenza.com\/it\/2018\/02\/eggenda-degli-opposti-estremismi-la-realta-della-legittimazione-fascisti-razzisti-sabato-24f-milano-mobilitazione-antifascista\/\"]}]},{\"@type\":\"ImageObject\",\"inLanguage\":\"it-IT\",\"@id\":\"https:\/\/www.pressenza.com\/it\/2018\/02\/eggenda-degli-opposti-estremismi-la-realta-della-legittimazione-fascisti-razzisti-sabato-24f-milano-mobilitazione-antifascista\/#primaryimage\",\"url\":\"https:\/\/www.pressenza.com\/wp-content\/uploads\/2018\/02\/ora-e-sempre-resistenza.jpg\",\"contentUrl\":\"https:\/\/www.pressenza.com\/wp-content\/uploads\/2018\/02\/ora-e-sempre-resistenza.jpg\",\"width\":286,\"height\":176},{\"@type\":\"BreadcrumbList\",\"@id\":\"https:\/\/www.pressenza.com\/it\/2018\/02\/eggenda-degli-opposti-estremismi-la-realta-della-legittimazione-fascisti-razzisti-sabato-24f-milano-mobilitazione-antifascista\/#breadcrumb\",\"itemListElement\":[{\"@type\":\"ListItem\",\"position\":1,\"name\":\"Accueil\",\"item\":\"https:\/\/www.pressenza.com\/it\/\"},{\"@type\":\"ListItem\",\"position\":2,\"name\":\"La leggenda degli opposti estremismi e la realt\u00e0 della legittimazione di fascisti e razzisti \u2013 Sabato 24F a Milano mobilitazione antifascista\"}]},{\"@type\":\"WebSite\",\"@id\":\"https:\/\/www.pressenza.com\/it\/#website\",\"url\":\"https:\/\/www.pressenza.com\/it\/\",\"name\":\"Pressenza\",\"description\":\"Agenzia di Stampa Internazionale\",\"publisher\":{\"@id\":\"https:\/\/www.pressenza.com\/it\/#organization\"},\"potentialAction\":[{\"@type\":\"SearchAction\",\"target\":{\"@type\":\"EntryPoint\",\"urlTemplate\":\"https:\/\/www.pressenza.com\/it\/?s={search_term_string}\"},\"query-input\":{\"@type\":\"PropertyValueSpecification\",\"valueRequired\":true,\"valueName\":\"search_term_string\"}}],\"inLanguage\":\"it-IT\"},{\"@type\":\"Organization\",\"@id\":\"https:\/\/www.pressenza.com\/it\/#organization\",\"name\":\"Pressenza\",\"url\":\"https:\/\/www.pressenza.com\/it\/\",\"logo\":{\"@type\":\"ImageObject\",\"inLanguage\":\"it-IT\",\"@id\":\"https:\/\/www.pressenza.com\/it\/#\/schema\/logo\/image\/\",\"url\":\"https:\/\/www.pressenza.com\/wp-content\/uploads\/2022\/10\/pressenza_logo_200x200.jpg\",\"contentUrl\":\"https:\/\/www.pressenza.com\/wp-content\/uploads\/2022\/10\/pressenza_logo_200x200.jpg\",\"width\":200,\"height\":200,\"caption\":\"Pressenza\"},\"image\":{\"@id\":\"https:\/\/www.pressenza.com\/it\/#\/schema\/logo\/image\/\"},\"sameAs\":[\"https:\/\/www.facebook.com\/PressenzaItalia\",\"https:\/\/x.com\/PressenzaIPA\"]},{\"@type\":\"Person\",\"@id\":\"https:\/\/www.pressenza.com\/it\/#\/schema\/person\/39da6bde67055a1b8cddb12c57da5142\",\"name\":\"Luciano Muhlbauer\",\"description\":\"Collabora con le testate di informazione alternativa on line MilanoX e Milano In Movimento, \u00e8 stato tra i portavoce del Genoa Social Forum nel 2001 e uno dei segretari nazionali del sindacato di base SinCobas fino al 2005. Dal 2005 al 2010 \u00e8 stato consigliere regionale in Lombardia. www.lucianomuhlbauer.it\/blog\/\",\"sameAs\":[\"https:\/\/www.facebook.com\/luciano.muhlbauer\",\"https:\/\/x.com\/Muhlbauer_\"],\"url\":\"https:\/\/www.pressenza.com\/it\/author\/luciano-muhlbauer\/\"}]}<\/script>\n<!-- \/ Yoast SEO plugin. -->","yoast_head_json":{"title":"La leggenda degli opposti estremismi e la realt\u00e0 della legittimazione di fascisti e razzisti \u2013 Sabato 24F a Milano mobilitazione antifascista","description":"Niente da fare, l\u2019antifascismo d\u00e0 fastidio, specie se fuoriesce dai canoni delle celebrazioni e delle dichiarazioni di rito, per farsi invece","robots":{"index":"index","follow":"follow","max-snippet":"max-snippet:-1","max-image-preview":"max-image-preview:large","max-video-preview":"max-video-preview:-1"},"canonical":"https:\/\/www.pressenza.com\/it\/2018\/02\/eggenda-degli-opposti-estremismi-la-realta-della-legittimazione-fascisti-razzisti-sabato-24f-milano-mobilitazione-antifascista\/","og_locale":"it_IT","og_type":"article","og_title":"La leggenda degli opposti estremismi e la realt\u00e0 della legittimazione di fascisti e razzisti \u2013 Sabato 24F a Milano mobilitazione antifascista","og_description":"Niente da fare, l\u2019antifascismo d\u00e0 fastidio, specie se fuoriesce dai canoni delle celebrazioni e delle dichiarazioni di rito, per farsi invece","og_url":"https:\/\/www.pressenza.com\/it\/2018\/02\/eggenda-degli-opposti-estremismi-la-realta-della-legittimazione-fascisti-razzisti-sabato-24f-milano-mobilitazione-antifascista\/","og_site_name":"Pressenza","article_publisher":"https:\/\/www.facebook.com\/PressenzaItalia","article_author":"https:\/\/www.facebook.com\/luciano.muhlbauer","article_published_time":"2018-02-22T11:59:41+00:00","article_modified_time":"2018-02-22T12:21:30+00:00","og_image":[{"width":286,"height":176,"url":"https:\/\/www.pressenza.com\/wp-content\/uploads\/2018\/02\/ora-e-sempre-resistenza.jpg","type":"image\/jpeg"}],"author":"Luciano Muhlbauer","twitter_card":"summary_large_image","twitter_creator":"@Muhlbauer_","twitter_site":"@PressenzaIPA","twitter_misc":{"Scritto da":"Luciano Muhlbauer","Tempo di lettura stimato":"4 minuti"},"schema":{"@context":"https:\/\/schema.org","@graph":[{"@type":"Article","@id":"https:\/\/www.pressenza.com\/it\/2018\/02\/eggenda-degli-opposti-estremismi-la-realta-della-legittimazione-fascisti-razzisti-sabato-24f-milano-mobilitazione-antifascista\/#article","isPartOf":{"@id":"https:\/\/www.pressenza.com\/it\/2018\/02\/eggenda-degli-opposti-estremismi-la-realta-della-legittimazione-fascisti-razzisti-sabato-24f-milano-mobilitazione-antifascista\/"},"author":{"name":"Luciano Muhlbauer","@id":"https:\/\/www.pressenza.com\/it\/#\/schema\/person\/39da6bde67055a1b8cddb12c57da5142"},"headline":"La leggenda degli opposti estremismi e la realt\u00e0 della legittimazione di fascisti e razzisti \u2013 Sabato 24F a Milano mobilitazione antifascista","datePublished":"2018-02-22T11:59:41+00:00","dateModified":"2018-02-22T12:21:30+00:00","mainEntityOfPage":{"@id":"https:\/\/www.pressenza.com\/it\/2018\/02\/eggenda-degli-opposti-estremismi-la-realta-della-legittimazione-fascisti-razzisti-sabato-24f-milano-mobilitazione-antifascista\/"},"wordCount":820,"publisher":{"@id":"https:\/\/www.pressenza.com\/it\/#organization"},"image":{"@id":"https:\/\/www.pressenza.com\/it\/2018\/02\/eggenda-degli-opposti-estremismi-la-realta-della-legittimazione-fascisti-razzisti-sabato-24f-milano-mobilitazione-antifascista\/#primaryimage"},"thumbnailUrl":"https:\/\/www.pressenza.com\/wp-content\/uploads\/2018\/02\/ora-e-sempre-resistenza.jpg","keywords":["antifascismo","destra","fascismo","manifestazione antifascista","Milano"],"articleSection":["Europa","Opinioni","Politica"],"inLanguage":"it-IT"},{"@type":"WebPage","@id":"https:\/\/www.pressenza.com\/it\/2018\/02\/eggenda-degli-opposti-estremismi-la-realta-della-legittimazione-fascisti-razzisti-sabato-24f-milano-mobilitazione-antifascista\/","url":"https:\/\/www.pressenza.com\/it\/2018\/02\/eggenda-degli-opposti-estremismi-la-realta-della-legittimazione-fascisti-razzisti-sabato-24f-milano-mobilitazione-antifascista\/","name":"La leggenda degli opposti estremismi e la realt\u00e0 della legittimazione di fascisti e razzisti \u2013 Sabato 24F a Milano mobilitazione antifascista","isPartOf":{"@id":"https:\/\/www.pressenza.com\/it\/#website"},"primaryImageOfPage":{"@id":"https:\/\/www.pressenza.com\/it\/2018\/02\/eggenda-degli-opposti-estremismi-la-realta-della-legittimazione-fascisti-razzisti-sabato-24f-milano-mobilitazione-antifascista\/#primaryimage"},"image":{"@id":"https:\/\/www.pressenza.com\/it\/2018\/02\/eggenda-degli-opposti-estremismi-la-realta-della-legittimazione-fascisti-razzisti-sabato-24f-milano-mobilitazione-antifascista\/#primaryimage"},"thumbnailUrl":"https:\/\/www.pressenza.com\/wp-content\/uploads\/2018\/02\/ora-e-sempre-resistenza.jpg","datePublished":"2018-02-22T11:59:41+00:00","dateModified":"2018-02-22T12:21:30+00:00","description":"Niente da fare, l\u2019antifascismo d\u00e0 fastidio, specie se fuoriesce dai canoni delle celebrazioni e delle dichiarazioni di rito, per farsi invece","breadcrumb":{"@id":"https:\/\/www.pressenza.com\/it\/2018\/02\/eggenda-degli-opposti-estremismi-la-realta-della-legittimazione-fascisti-razzisti-sabato-24f-milano-mobilitazione-antifascista\/#breadcrumb"},"inLanguage":"it-IT","potentialAction":[{"@type":"ReadAction","target":["https:\/\/www.pressenza.com\/it\/2018\/02\/eggenda-degli-opposti-estremismi-la-realta-della-legittimazione-fascisti-razzisti-sabato-24f-milano-mobilitazione-antifascista\/"]}]},{"@type":"ImageObject","inLanguage":"it-IT","@id":"https:\/\/www.pressenza.com\/it\/2018\/02\/eggenda-degli-opposti-estremismi-la-realta-della-legittimazione-fascisti-razzisti-sabato-24f-milano-mobilitazione-antifascista\/#primaryimage","url":"https:\/\/www.pressenza.com\/wp-content\/uploads\/2018\/02\/ora-e-sempre-resistenza.jpg","contentUrl":"https:\/\/www.pressenza.com\/wp-content\/uploads\/2018\/02\/ora-e-sempre-resistenza.jpg","width":286,"height":176},{"@type":"BreadcrumbList","@id":"https:\/\/www.pressenza.com\/it\/2018\/02\/eggenda-degli-opposti-estremismi-la-realta-della-legittimazione-fascisti-razzisti-sabato-24f-milano-mobilitazione-antifascista\/#breadcrumb","itemListElement":[{"@type":"ListItem","position":1,"name":"Accueil","item":"https:\/\/www.pressenza.com\/it\/"},{"@type":"ListItem","position":2,"name":"La leggenda degli opposti estremismi e la realt\u00e0 della legittimazione di fascisti e razzisti \u2013 Sabato 24F a Milano mobilitazione antifascista"}]},{"@type":"WebSite","@id":"https:\/\/www.pressenza.com\/it\/#website","url":"https:\/\/www.pressenza.com\/it\/","name":"Pressenza","description":"Agenzia di Stampa Internazionale","publisher":{"@id":"https:\/\/www.pressenza.com\/it\/#organization"},"potentialAction":[{"@type":"SearchAction","target":{"@type":"EntryPoint","urlTemplate":"https:\/\/www.pressenza.com\/it\/?s={search_term_string}"},"query-input":{"@type":"PropertyValueSpecification","valueRequired":true,"valueName":"search_term_string"}}],"inLanguage":"it-IT"},{"@type":"Organization","@id":"https:\/\/www.pressenza.com\/it\/#organization","name":"Pressenza","url":"https:\/\/www.pressenza.com\/it\/","logo":{"@type":"ImageObject","inLanguage":"it-IT","@id":"https:\/\/www.pressenza.com\/it\/#\/schema\/logo\/image\/","url":"https:\/\/www.pressenza.com\/wp-content\/uploads\/2022\/10\/pressenza_logo_200x200.jpg","contentUrl":"https:\/\/www.pressenza.com\/wp-content\/uploads\/2022\/10\/pressenza_logo_200x200.jpg","width":200,"height":200,"caption":"Pressenza"},"image":{"@id":"https:\/\/www.pressenza.com\/it\/#\/schema\/logo\/image\/"},"sameAs":["https:\/\/www.facebook.com\/PressenzaItalia","https:\/\/x.com\/PressenzaIPA"]},{"@type":"Person","@id":"https:\/\/www.pressenza.com\/it\/#\/schema\/person\/39da6bde67055a1b8cddb12c57da5142","name":"Luciano Muhlbauer","description":"Collabora con le testate di informazione alternativa on line MilanoX e Milano In Movimento, \u00e8 stato tra i portavoce del Genoa Social Forum nel 2001 e uno dei segretari nazionali del sindacato di base SinCobas fino al 2005. Dal 2005 al 2010 \u00e8 stato consigliere regionale in Lombardia. www.lucianomuhlbauer.it\/blog\/","sameAs":["https:\/\/www.facebook.com\/luciano.muhlbauer","https:\/\/x.com\/Muhlbauer_"],"url":"https:\/\/www.pressenza.com\/it\/author\/luciano-muhlbauer\/"}]}},"place":"","original_article_url":"","_links":{"self":[{"href":"https:\/\/www.pressenza.com\/it\/wp-json\/wp\/v2\/posts\/599559","targetHints":{"allow":["GET"]}}],"collection":[{"href":"https:\/\/www.pressenza.com\/it\/wp-json\/wp\/v2\/posts"}],"about":[{"href":"https:\/\/www.pressenza.com\/it\/wp-json\/wp\/v2\/types\/post"}],"author":[{"embeddable":true,"href":"https:\/\/www.pressenza.com\/it\/wp-json\/wp\/v2\/users\/982"}],"replies":[{"embeddable":true,"href":"https:\/\/www.pressenza.com\/it\/wp-json\/wp\/v2\/comments?post=599559"}],"version-history":[{"count":0,"href":"https:\/\/www.pressenza.com\/it\/wp-json\/wp\/v2\/posts\/599559\/revisions"}],"wp:featuredmedia":[{"embeddable":true,"href":"https:\/\/www.pressenza.com\/it\/wp-json\/wp\/v2\/media\/599560"}],"wp:attachment":[{"href":"https:\/\/www.pressenza.com\/it\/wp-json\/wp\/v2\/media?parent=599559"}],"wp:term":[{"taxonomy":"category","embeddable":true,"href":"https:\/\/www.pressenza.com\/it\/wp-json\/wp\/v2\/categories?post=599559"},{"taxonomy":"post_tag","embeddable":true,"href":"https:\/\/www.pressenza.com\/it\/wp-json\/wp\/v2\/tags?post=599559"}],"curies":[{"name":"wp","href":"https:\/\/api.w.org\/{rel}","templated":true}]}}