{"id":59853,"date":"2013-07-05T21:01:23","date_gmt":"2013-07-05T20:01:23","guid":{"rendered":"http:\/\/www.pressenza.com\/?p=59853"},"modified":"2013-07-05T21:01:23","modified_gmt":"2013-07-05T20:01:23","slug":"tagli-allistruzione-a-rischio-la-scuola-di-transizione-teodoro-gaza","status":"publish","type":"post","link":"https:\/\/www.pressenza.com\/it\/2013\/07\/tagli-allistruzione-a-rischio-la-scuola-di-transizione-teodoro-gaza\/","title":{"rendered":"Tagli all&#8217;istruzione: a rischio la &#8220;scuola di transizione&#8221; Teodoro Gaza"},"content":{"rendered":"<div style=\"text-align: center;\"><img decoding=\"async\" class=\"alignright\" title=\"Maria De Biase\" alt=\"Maria De Biase\" src=\"http:\/\/www.ilcambiamento.it\/foto\/250\/maria_de_biase.jpg\" \/>\n<\/div>\n<p>Maria De Biase mi risponde col tono un po\u2019 affannato di chi \u00e8 immerso in un vortice di telefonate. Da qualche giorno si \u00e8 avverato ci\u00f2 che tutti temevano da tempo: l\u2019istituto scolastico Teodoro Gaza verr\u00e0 sottodimensionato e accorpato, e Maria, che di quell\u2019istituto \u00e8 preside, rischia di perdere il posto e dover abbandonare quel <b>\u201cpiccolo miracolo\u201d<\/b> che ha contribuito in maniera cos\u00ec forte a costruire.<\/p>\n<p>Ora, vi starete chiedendo, cosa ha di speciale questa scuola? L\u2019Istituto scolastico comprensivo Teodoro Gaza di San Giovanni a Piro, nel cuore del Cilento, non \u00e8 una scuola come le altre. Certo, come nelle altre scuole gli alunni (l&#8217;istituto comprende scuola materna, elementari e medie) imparano la grammatica, la matematica, la geografia e la storia. Ma a differenza degli altri istituti imparano anche a <b>vivere senza produrre rifiuti<\/b>, a fare a meno (per quanto possibile) del petrolio e dei suoi derivati, a coltivare le piante secondo i principi della permacultura. Il Teodoro Gaza infatti \u00e8 la prima e forse unica scuola \u201cdi transizione\u201d e a \u201crifiuti zero\u201d d\u2019Italia.<\/p>\n<p>Tutto \u00e8 iniziato sei anni fa, quando Maria De Biase decise di andar via dalla sua cittadina, Marano, nell\u2019hinterland napoletano, \u201cterra dei fuochi e di drammatico degrado umano, <b>terra di camorra e di rifiuti tossici<\/b>\u201d come essa stessa la definisce, per trasferirsi nel Cilento e provare a lavorare in condizioni di \u201cnormalit\u00e0\u201d. Aveva appena vinto il concorso per dirigente scolastico e le era stato assegnato l\u2019Istituto Comprensivo \u201cT. Gaza\u201d.<\/p>\n<p>Da allora il percorso personale di Maria e quello della scuola hanno proceduto di pari passo. Qui Maria De Biase ha potuto applicare e sperimentare la sua passione per l\u2019ambiente, le sue idee sulla resilienza, sulla <b>sovranit\u00e0 alimentare<\/b>, sull\u2019educazione e quella voglia di cambiamento e di rinascita che chi ha toccato con mano il degrado ed il disfacimento sociale avverte forse con pi\u00f9 forza degli altri. L\u2019istituto ha fin da subito fatto propri i principi di Paul Connet relativi alla strategia rifiuti zero, e quelli del movimento Transition Town a cui ha aderito.<\/p>\n<p>Nel corso dei sei anni sono stati portati avanti talmente tanti progetti che meriterebbero un libro intero, piuttosto che le poche righe di un articolo. Oggi la scuola ha <b>quattro orti<\/b> \u2013 pi\u00f9 uno sperimentale su balle di fieno -, che i ragazzi coltivano assieme ai genitori sotto la supervisione di dieci docenti e due collaboratori che si sono formati facendo corsi di permacultura. Nel giardino sono stati piantati ben trenta alberi da frutto autoctoni, donati dal Parco Nazionale del Cilento e Vallo di Diano.<\/p>\n<p>Parte dei prodotti degli orti e del frutteto diventano la merenda quotidiana degli alunni e degli insegnanti. Il pane con l\u2019olio dell\u2019albero millenario che sta nel giardino della scuola, pane e broccoli, pane e marmellata; il tutto consumato in piatti di ceramica, con posate di metallo e bicchieri di vetro. Un\u2019abitudine che \u00e8 diventata un progetto, <b>EcoMerenda<\/b>, diventato presto oggetto di interesse nazionale al punto di meritare, a Torino, il premio &#8220;Agricoltura Civica Award 2013&#8221;.<\/p>\n<p>I bambini di quinta elementare hanno imparato a costruire delle compostiere domestiche; quelli di elementari e medie hanno dato il via alla raccolta dell&#8217;olio alimentare esausto realizzando migliaia di saponette assieme alla collaborazione delle nonne. Ogni anno alunni e insegnanti allestiscono un <b>mercatino della solidariet\u00e0<\/b> nel quale vendono i prodotti realizzati nei laboratori scolastici per sostenere vari progetti di solidariet\u00e0: da una scuola e un laboratorio medico in Senegal, a un orfanotrofio in India, all\u2019aiuto alle famiglie in difficolt\u00e0 per l\u2019acquisto di libri, materiale scolastico, ticket mensa, trasporti ecc.<\/p>\n<p>Ma torniamo di nuovo al presente, alla telefonata, e alla voce tesa di Maria de Biase, che pian piano si scioglie mentre mi racconta di tutti i meravigliosi progetti che ha portato avanti assieme ai suoi alunni, agli insegnanti, a genitori e parenti. Interrotti d\u2019un tratto da una comunicazione del Ministero dell\u2019istruzione, brutale come solo i numeri freddi possono essere, insensibili alla sostanza delle cose. Il prossimo anno la scuola non raggiunger\u00e0 gli alunni necessari per poter proseguire autonomamente il proprio percorso, dunque <b>verr\u00e0 sottodimensionata<\/b>. Finir\u00e0 accorpata a qualche altro istituto, assegnata ad un reggente che potrebbe arrivare da molto lontano, forse da un\u2019altra provincia, e recarvisi una volta al mese, giusto per firmare i documenti, sancendo di fatto la morte del progetto.<\/p>\n<p>\u201cLa cosa ironica di tutta questa situazione \u2013 mi spiega Maria \u2013 \u00e8 che la nostra scuola ha sempre portato avanti le linee volute dallo stesso ministero. Siamo all\u2019avanguardia in molti campi, potevamo essere un fiore all\u2019occhiello, un <b>esempio da seguire<\/b> e da esportare. Ma quando vai ad inserire i dati nel form telematico, tutto il lavoro che hai fatto, tutta la qualit\u00e0 che hai espresso si perde in una serie di numeri. Numeri che dicono che, per soli 15 alunni, non raggiungiamo la soglia necessaria a restare autonomi\u201d.<\/p>\n<p>\u201cMi dicono che devo rendere conto della perdita di alunni. Ma qui \u00e8 la miseria che si porta via la gente, intere famiglie costrette ad emigrare, soprattutto coppie giovani con bambini piccoli. E nonostante tutto ci sono persone che si trasferiscono a San Giovanni a Piro apposta per far frequentare ai loro figli la nostra scuola. Due famiglie di Napoli ad esempio, e una ricca signora inglese trasferitasi qui nei dintorni che appena ha scoperto quello che facevamo ha voluto iscrivere qui il proprio figlio.\u201d<\/p>\n<p>Maria De Biase sar\u00e0 costretta, entro il 6 luglio, a fare domanda di trasferimento presso un\u2019altra scuola. I tagli all\u2019istruzione potrebbero uccidere uno dei progetti pi\u00f9 belli e all\u2019avanguardia che il nostro paese conosca. Ma non \u00e8 ancora il momento di gettare la spugna. Preside, insegnati e amici dell\u2019istituto hanno ancora qualche carta da giocare. \u00c8 online una petizione, che invitiamo tutti a <a href=\"http:\/\/firmiamo.it\/salviamo-il-gaza-perche--e-una-scuola-bellissima?fb_action_ids=290654814413654&amp;fb_action_types=og.likes&amp;fb_source=aggregation&amp;fb_aggregation_id=288381481237582\" target=\"_blank\">firmare<\/a>, nella quale si chiede che la scuola sia data in reggenza per il prossimo anno proprio alla De Biase, che sarebbe disposta a gestirla <b>a titolo gratuito<\/b> per tutto l\u2019anno, per procedere in seguito all\u2019accorpamento con la scuola che la preside andr\u00e0 a dirigere in seguito alla domanda di trasferimento.<\/p>\n<p>Maria mi racconta che quando Jairo Restrepo Rivera, uno dei maggiori esperti mondiali di agricoltura organica, venne a parlare al Gaza, rimase talmente colpito che afferm\u00f2 \u201cuna peque\u00f1a escuela puede cambiar el mundo!\u201d (una piccola scuola pu\u00f2 cambiare il mondo). Ora \u00e8 il mondo che deve dare una mano alla piccola scuola, <b>diamoci da fare<\/b>.<\/p>\n<h4>di <a href=\"http:\/\/www.ilcambiamento.it\/autori\/andrea_degli_innocenti\/\">Andrea Degl&#8217;Innocenti<\/a><\/h4>\n","protected":false},"excerpt":{"rendered":"<p>Maria De Biase mi risponde col tono un po\u2019 affannato di chi \u00e8 immerso in un vortice di telefonate. Da qualche giorno si \u00e8 avverato ci\u00f2 che tutti temevano da tempo: l\u2019istituto scolastico Teodoro Gaza verr\u00e0 sottodimensionato e accorpato, e&hellip;<\/p>\n","protected":false},"author":665,"featured_media":0,"comment_status":"closed","ping_status":"open","sticky":false,"template":"","format":"standard","meta":{"footnotes":""},"categories":[59,1258,47],"tags":[5818,5817,2116,5815,5816],"class_list":["post-59853","post","type-post","status-publish","format-standard","hentry","category-ambiente-ecologia","category-educazione","category-europa","tag-avanguardia","tag-istituto-comprensivo","tag-istruzione","tag-permacoltura","tag-transition"],"yoast_head":"<!-- This site is optimized with the Yoast SEO plugin v27.1.1 - https:\/\/yoast.com\/product\/yoast-seo-wordpress\/ -->\n<title>Tagli all&#039;istruzione: a rischio la &quot;scuola di transizione&quot; Teodoro Gaza<\/title>\n<meta name=\"description\" content=\"Maria De Biase mi risponde col tono un po\u2019 affannato di chi \u00e8 immerso in un vortice di telefonate. Da qualche giorno si \u00e8 avverato ci\u00f2 che tutti temevano\" \/>\n<meta name=\"robots\" content=\"index, follow, max-snippet:-1, max-image-preview:large, max-video-preview:-1\" \/>\n<link rel=\"canonical\" href=\"https:\/\/www.pressenza.com\/it\/2013\/07\/tagli-allistruzione-a-rischio-la-scuola-di-transizione-teodoro-gaza\/\" \/>\n<meta property=\"og:locale\" content=\"it_IT\" \/>\n<meta property=\"og:type\" content=\"article\" \/>\n<meta property=\"og:title\" content=\"Tagli all&#039;istruzione: a rischio la &quot;scuola di transizione&quot; Teodoro Gaza\" \/>\n<meta property=\"og:description\" content=\"Maria De Biase mi risponde col tono un po\u2019 affannato di chi \u00e8 immerso in un vortice di telefonate. Da qualche giorno si \u00e8 avverato ci\u00f2 che tutti temevano\" \/>\n<meta property=\"og:url\" content=\"https:\/\/www.pressenza.com\/it\/2013\/07\/tagli-allistruzione-a-rischio-la-scuola-di-transizione-teodoro-gaza\/\" \/>\n<meta property=\"og:site_name\" content=\"Pressenza\" \/>\n<meta property=\"article:publisher\" content=\"https:\/\/www.facebook.com\/PressenzaItalia\" \/>\n<meta property=\"article:author\" content=\"https:\/\/www.facebook.com\/ilcambiamento.it\" \/>\n<meta property=\"article:published_time\" content=\"2013-07-05T20:01:23+00:00\" \/>\n<meta property=\"og:image\" content=\"http:\/\/www.ilcambiamento.it\/foto\/250\/maria_de_biase.jpg\" \/>\n<meta name=\"author\" content=\"Il Cambiamento\" \/>\n<meta name=\"twitter:card\" content=\"summary_large_image\" \/>\n<meta name=\"twitter:creator\" content=\"@Il_Cambiamento\" \/>\n<meta name=\"twitter:site\" content=\"@PressenzaIPA\" \/>\n<meta name=\"twitter:label1\" content=\"Scritto da\" \/>\n\t<meta name=\"twitter:data1\" content=\"Il Cambiamento\" \/>\n\t<meta name=\"twitter:label2\" content=\"Tempo di lettura stimato\" \/>\n\t<meta name=\"twitter:data2\" content=\"5 minuti\" \/>\n<script type=\"application\/ld+json\" class=\"yoast-schema-graph\">{\"@context\":\"https:\/\/schema.org\",\"@graph\":[{\"@type\":\"Article\",\"@id\":\"https:\/\/www.pressenza.com\/it\/2013\/07\/tagli-allistruzione-a-rischio-la-scuola-di-transizione-teodoro-gaza\/#article\",\"isPartOf\":{\"@id\":\"https:\/\/www.pressenza.com\/it\/2013\/07\/tagli-allistruzione-a-rischio-la-scuola-di-transizione-teodoro-gaza\/\"},\"author\":{\"name\":\"Il Cambiamento\",\"@id\":\"https:\/\/www.pressenza.com\/it\/#\/schema\/person\/39392bb9ae1201c4b749453969a04008\"},\"headline\":\"Tagli all&#8217;istruzione: a rischio la &#8220;scuola di transizione&#8221; Teodoro Gaza\",\"datePublished\":\"2013-07-05T20:01:23+00:00\",\"mainEntityOfPage\":{\"@id\":\"https:\/\/www.pressenza.com\/it\/2013\/07\/tagli-allistruzione-a-rischio-la-scuola-di-transizione-teodoro-gaza\/\"},\"wordCount\":1076,\"publisher\":{\"@id\":\"https:\/\/www.pressenza.com\/it\/#organization\"},\"image\":{\"@id\":\"https:\/\/www.pressenza.com\/it\/2013\/07\/tagli-allistruzione-a-rischio-la-scuola-di-transizione-teodoro-gaza\/#primaryimage\"},\"thumbnailUrl\":\"http:\/\/www.ilcambiamento.it\/foto\/250\/maria_de_biase.jpg\",\"keywords\":[\"avanguardia\",\"istituto comprensivo\",\"istruzione\",\"permacoltura\",\"transition\"],\"articleSection\":[\"Ecologia ed Ambiente\",\"Educazione\",\"Europa\"],\"inLanguage\":\"it-IT\"},{\"@type\":\"WebPage\",\"@id\":\"https:\/\/www.pressenza.com\/it\/2013\/07\/tagli-allistruzione-a-rischio-la-scuola-di-transizione-teodoro-gaza\/\",\"url\":\"https:\/\/www.pressenza.com\/it\/2013\/07\/tagli-allistruzione-a-rischio-la-scuola-di-transizione-teodoro-gaza\/\",\"name\":\"Tagli all'istruzione: a rischio la \\\"scuola di transizione\\\" Teodoro Gaza\",\"isPartOf\":{\"@id\":\"https:\/\/www.pressenza.com\/it\/#website\"},\"primaryImageOfPage\":{\"@id\":\"https:\/\/www.pressenza.com\/it\/2013\/07\/tagli-allistruzione-a-rischio-la-scuola-di-transizione-teodoro-gaza\/#primaryimage\"},\"image\":{\"@id\":\"https:\/\/www.pressenza.com\/it\/2013\/07\/tagli-allistruzione-a-rischio-la-scuola-di-transizione-teodoro-gaza\/#primaryimage\"},\"thumbnailUrl\":\"http:\/\/www.ilcambiamento.it\/foto\/250\/maria_de_biase.jpg\",\"datePublished\":\"2013-07-05T20:01:23+00:00\",\"description\":\"Maria De Biase mi risponde col tono un po\u2019 affannato di chi \u00e8 immerso in un vortice di telefonate. Da qualche giorno si \u00e8 avverato ci\u00f2 che tutti temevano\",\"breadcrumb\":{\"@id\":\"https:\/\/www.pressenza.com\/it\/2013\/07\/tagli-allistruzione-a-rischio-la-scuola-di-transizione-teodoro-gaza\/#breadcrumb\"},\"inLanguage\":\"it-IT\",\"potentialAction\":[{\"@type\":\"ReadAction\",\"target\":[\"https:\/\/www.pressenza.com\/it\/2013\/07\/tagli-allistruzione-a-rischio-la-scuola-di-transizione-teodoro-gaza\/\"]}]},{\"@type\":\"ImageObject\",\"inLanguage\":\"it-IT\",\"@id\":\"https:\/\/www.pressenza.com\/it\/2013\/07\/tagli-allistruzione-a-rischio-la-scuola-di-transizione-teodoro-gaza\/#primaryimage\",\"url\":\"http:\/\/www.ilcambiamento.it\/foto\/250\/maria_de_biase.jpg\",\"contentUrl\":\"http:\/\/www.ilcambiamento.it\/foto\/250\/maria_de_biase.jpg\"},{\"@type\":\"BreadcrumbList\",\"@id\":\"https:\/\/www.pressenza.com\/it\/2013\/07\/tagli-allistruzione-a-rischio-la-scuola-di-transizione-teodoro-gaza\/#breadcrumb\",\"itemListElement\":[{\"@type\":\"ListItem\",\"position\":1,\"name\":\"Accueil\",\"item\":\"https:\/\/www.pressenza.com\/it\/\"},{\"@type\":\"ListItem\",\"position\":2,\"name\":\"Tagli all&#8217;istruzione: a rischio la &#8220;scuola di transizione&#8221; Teodoro Gaza\"}]},{\"@type\":\"WebSite\",\"@id\":\"https:\/\/www.pressenza.com\/it\/#website\",\"url\":\"https:\/\/www.pressenza.com\/it\/\",\"name\":\"Pressenza\",\"description\":\"Agenzia di Stampa Internazionale\",\"publisher\":{\"@id\":\"https:\/\/www.pressenza.com\/it\/#organization\"},\"potentialAction\":[{\"@type\":\"SearchAction\",\"target\":{\"@type\":\"EntryPoint\",\"urlTemplate\":\"https:\/\/www.pressenza.com\/it\/?s={search_term_string}\"},\"query-input\":{\"@type\":\"PropertyValueSpecification\",\"valueRequired\":true,\"valueName\":\"search_term_string\"}}],\"inLanguage\":\"it-IT\"},{\"@type\":\"Organization\",\"@id\":\"https:\/\/www.pressenza.com\/it\/#organization\",\"name\":\"Pressenza\",\"url\":\"https:\/\/www.pressenza.com\/it\/\",\"logo\":{\"@type\":\"ImageObject\",\"inLanguage\":\"it-IT\",\"@id\":\"https:\/\/www.pressenza.com\/it\/#\/schema\/logo\/image\/\",\"url\":\"https:\/\/www.pressenza.com\/wp-content\/uploads\/2022\/10\/pressenza_logo_200x200.jpg\",\"contentUrl\":\"https:\/\/www.pressenza.com\/wp-content\/uploads\/2022\/10\/pressenza_logo_200x200.jpg\",\"width\":200,\"height\":200,\"caption\":\"Pressenza\"},\"image\":{\"@id\":\"https:\/\/www.pressenza.com\/it\/#\/schema\/logo\/image\/\"},\"sameAs\":[\"https:\/\/www.facebook.com\/PressenzaItalia\",\"https:\/\/x.com\/PressenzaIPA\"]},{\"@type\":\"Person\",\"@id\":\"https:\/\/www.pressenza.com\/it\/#\/schema\/person\/39392bb9ae1201c4b749453969a04008\",\"name\":\"Il Cambiamento\",\"description\":\"www.ilcambiamento.it\",\"sameAs\":[\"https:\/\/www.facebook.com\/ilcambiamento.it\",\"https:\/\/x.com\/Il_Cambiamento\"],\"url\":\"https:\/\/www.pressenza.com\/it\/author\/il-cambiamento\/\"}]}<\/script>\n<!-- \/ Yoast SEO plugin. -->","yoast_head_json":{"title":"Tagli all'istruzione: a rischio la \"scuola di transizione\" Teodoro Gaza","description":"Maria De Biase mi risponde col tono un po\u2019 affannato di chi \u00e8 immerso in un vortice di telefonate. Da qualche giorno si \u00e8 avverato ci\u00f2 che tutti temevano","robots":{"index":"index","follow":"follow","max-snippet":"max-snippet:-1","max-image-preview":"max-image-preview:large","max-video-preview":"max-video-preview:-1"},"canonical":"https:\/\/www.pressenza.com\/it\/2013\/07\/tagli-allistruzione-a-rischio-la-scuola-di-transizione-teodoro-gaza\/","og_locale":"it_IT","og_type":"article","og_title":"Tagli all'istruzione: a rischio la \"scuola di transizione\" Teodoro Gaza","og_description":"Maria De Biase mi risponde col tono un po\u2019 affannato di chi \u00e8 immerso in un vortice di telefonate. Da qualche giorno si \u00e8 avverato ci\u00f2 che tutti temevano","og_url":"https:\/\/www.pressenza.com\/it\/2013\/07\/tagli-allistruzione-a-rischio-la-scuola-di-transizione-teodoro-gaza\/","og_site_name":"Pressenza","article_publisher":"https:\/\/www.facebook.com\/PressenzaItalia","article_author":"https:\/\/www.facebook.com\/ilcambiamento.it","article_published_time":"2013-07-05T20:01:23+00:00","og_image":[{"url":"http:\/\/www.ilcambiamento.it\/foto\/250\/maria_de_biase.jpg","type":"","width":"","height":""}],"author":"Il Cambiamento","twitter_card":"summary_large_image","twitter_creator":"@Il_Cambiamento","twitter_site":"@PressenzaIPA","twitter_misc":{"Scritto da":"Il Cambiamento","Tempo di lettura stimato":"5 minuti"},"schema":{"@context":"https:\/\/schema.org","@graph":[{"@type":"Article","@id":"https:\/\/www.pressenza.com\/it\/2013\/07\/tagli-allistruzione-a-rischio-la-scuola-di-transizione-teodoro-gaza\/#article","isPartOf":{"@id":"https:\/\/www.pressenza.com\/it\/2013\/07\/tagli-allistruzione-a-rischio-la-scuola-di-transizione-teodoro-gaza\/"},"author":{"name":"Il Cambiamento","@id":"https:\/\/www.pressenza.com\/it\/#\/schema\/person\/39392bb9ae1201c4b749453969a04008"},"headline":"Tagli all&#8217;istruzione: a rischio la &#8220;scuola di transizione&#8221; Teodoro Gaza","datePublished":"2013-07-05T20:01:23+00:00","mainEntityOfPage":{"@id":"https:\/\/www.pressenza.com\/it\/2013\/07\/tagli-allistruzione-a-rischio-la-scuola-di-transizione-teodoro-gaza\/"},"wordCount":1076,"publisher":{"@id":"https:\/\/www.pressenza.com\/it\/#organization"},"image":{"@id":"https:\/\/www.pressenza.com\/it\/2013\/07\/tagli-allistruzione-a-rischio-la-scuola-di-transizione-teodoro-gaza\/#primaryimage"},"thumbnailUrl":"http:\/\/www.ilcambiamento.it\/foto\/250\/maria_de_biase.jpg","keywords":["avanguardia","istituto comprensivo","istruzione","permacoltura","transition"],"articleSection":["Ecologia ed Ambiente","Educazione","Europa"],"inLanguage":"it-IT"},{"@type":"WebPage","@id":"https:\/\/www.pressenza.com\/it\/2013\/07\/tagli-allistruzione-a-rischio-la-scuola-di-transizione-teodoro-gaza\/","url":"https:\/\/www.pressenza.com\/it\/2013\/07\/tagli-allistruzione-a-rischio-la-scuola-di-transizione-teodoro-gaza\/","name":"Tagli all'istruzione: a rischio la \"scuola di transizione\" Teodoro Gaza","isPartOf":{"@id":"https:\/\/www.pressenza.com\/it\/#website"},"primaryImageOfPage":{"@id":"https:\/\/www.pressenza.com\/it\/2013\/07\/tagli-allistruzione-a-rischio-la-scuola-di-transizione-teodoro-gaza\/#primaryimage"},"image":{"@id":"https:\/\/www.pressenza.com\/it\/2013\/07\/tagli-allistruzione-a-rischio-la-scuola-di-transizione-teodoro-gaza\/#primaryimage"},"thumbnailUrl":"http:\/\/www.ilcambiamento.it\/foto\/250\/maria_de_biase.jpg","datePublished":"2013-07-05T20:01:23+00:00","description":"Maria De Biase mi risponde col tono un po\u2019 affannato di chi \u00e8 immerso in un vortice di telefonate. Da qualche giorno si \u00e8 avverato ci\u00f2 che tutti temevano","breadcrumb":{"@id":"https:\/\/www.pressenza.com\/it\/2013\/07\/tagli-allistruzione-a-rischio-la-scuola-di-transizione-teodoro-gaza\/#breadcrumb"},"inLanguage":"it-IT","potentialAction":[{"@type":"ReadAction","target":["https:\/\/www.pressenza.com\/it\/2013\/07\/tagli-allistruzione-a-rischio-la-scuola-di-transizione-teodoro-gaza\/"]}]},{"@type":"ImageObject","inLanguage":"it-IT","@id":"https:\/\/www.pressenza.com\/it\/2013\/07\/tagli-allistruzione-a-rischio-la-scuola-di-transizione-teodoro-gaza\/#primaryimage","url":"http:\/\/www.ilcambiamento.it\/foto\/250\/maria_de_biase.jpg","contentUrl":"http:\/\/www.ilcambiamento.it\/foto\/250\/maria_de_biase.jpg"},{"@type":"BreadcrumbList","@id":"https:\/\/www.pressenza.com\/it\/2013\/07\/tagli-allistruzione-a-rischio-la-scuola-di-transizione-teodoro-gaza\/#breadcrumb","itemListElement":[{"@type":"ListItem","position":1,"name":"Accueil","item":"https:\/\/www.pressenza.com\/it\/"},{"@type":"ListItem","position":2,"name":"Tagli all&#8217;istruzione: a rischio la &#8220;scuola di transizione&#8221; Teodoro Gaza"}]},{"@type":"WebSite","@id":"https:\/\/www.pressenza.com\/it\/#website","url":"https:\/\/www.pressenza.com\/it\/","name":"Pressenza","description":"Agenzia di Stampa Internazionale","publisher":{"@id":"https:\/\/www.pressenza.com\/it\/#organization"},"potentialAction":[{"@type":"SearchAction","target":{"@type":"EntryPoint","urlTemplate":"https:\/\/www.pressenza.com\/it\/?s={search_term_string}"},"query-input":{"@type":"PropertyValueSpecification","valueRequired":true,"valueName":"search_term_string"}}],"inLanguage":"it-IT"},{"@type":"Organization","@id":"https:\/\/www.pressenza.com\/it\/#organization","name":"Pressenza","url":"https:\/\/www.pressenza.com\/it\/","logo":{"@type":"ImageObject","inLanguage":"it-IT","@id":"https:\/\/www.pressenza.com\/it\/#\/schema\/logo\/image\/","url":"https:\/\/www.pressenza.com\/wp-content\/uploads\/2022\/10\/pressenza_logo_200x200.jpg","contentUrl":"https:\/\/www.pressenza.com\/wp-content\/uploads\/2022\/10\/pressenza_logo_200x200.jpg","width":200,"height":200,"caption":"Pressenza"},"image":{"@id":"https:\/\/www.pressenza.com\/it\/#\/schema\/logo\/image\/"},"sameAs":["https:\/\/www.facebook.com\/PressenzaItalia","https:\/\/x.com\/PressenzaIPA"]},{"@type":"Person","@id":"https:\/\/www.pressenza.com\/it\/#\/schema\/person\/39392bb9ae1201c4b749453969a04008","name":"Il Cambiamento","description":"www.ilcambiamento.it","sameAs":["https:\/\/www.facebook.com\/ilcambiamento.it","https:\/\/x.com\/Il_Cambiamento"],"url":"https:\/\/www.pressenza.com\/it\/author\/il-cambiamento\/"}]}},"place":"","original_article_url":"","_links":{"self":[{"href":"https:\/\/www.pressenza.com\/it\/wp-json\/wp\/v2\/posts\/59853","targetHints":{"allow":["GET"]}}],"collection":[{"href":"https:\/\/www.pressenza.com\/it\/wp-json\/wp\/v2\/posts"}],"about":[{"href":"https:\/\/www.pressenza.com\/it\/wp-json\/wp\/v2\/types\/post"}],"author":[{"embeddable":true,"href":"https:\/\/www.pressenza.com\/it\/wp-json\/wp\/v2\/users\/665"}],"replies":[{"embeddable":true,"href":"https:\/\/www.pressenza.com\/it\/wp-json\/wp\/v2\/comments?post=59853"}],"version-history":[{"count":0,"href":"https:\/\/www.pressenza.com\/it\/wp-json\/wp\/v2\/posts\/59853\/revisions"}],"wp:attachment":[{"href":"https:\/\/www.pressenza.com\/it\/wp-json\/wp\/v2\/media?parent=59853"}],"wp:term":[{"taxonomy":"category","embeddable":true,"href":"https:\/\/www.pressenza.com\/it\/wp-json\/wp\/v2\/categories?post=59853"},{"taxonomy":"post_tag","embeddable":true,"href":"https:\/\/www.pressenza.com\/it\/wp-json\/wp\/v2\/tags?post=59853"}],"curies":[{"name":"wp","href":"https:\/\/api.w.org\/{rel}","templated":true}]}}