{"id":595445,"date":"2018-02-12T14:59:48","date_gmt":"2018-02-12T14:59:48","guid":{"rendered":"https:\/\/www.pressenza.com\/?p=595445"},"modified":"2018-02-12T14:59:48","modified_gmt":"2018-02-12T14:59:48","slug":"jorge-glas-lecuador-dato-pegno-alle-elite","status":"publish","type":"post","link":"https:\/\/www.pressenza.com\/it\/2018\/02\/jorge-glas-lecuador-dato-pegno-alle-elite\/","title":{"rendered":"Jorge Glas: &#8220;L&#8217;Ecuador dato in pegno alle \u00e9lite&#8221;"},"content":{"rendered":"<p><em><strong>Di\u00a0<span class=\"author-name vcard fn author\"><a title=\"Entradas de Cynthia Garc\u00eda\" href=\"http:\/\/www.elcohetealaluna.com\/author\/cinthia-garcia\/\" rel=\"author\">Cynthia Garc\u00eda<\/a><\/span>\u00a0per El Cohete a la Luna<\/strong><\/em><\/p>\n<p><span style=\"color: #333333;\"><span style=\"font-family: 'Helvetica Neue', Helvetica, Arial, sans-serif;\"><span style=\"font-size: small;\">Con il paese sotto osservazione da parte del sistema interamericano dei diritti umani, il destituito vicepresidente Jorge Glas parla dal carcere.<\/span><\/span><\/span><\/p>\n<p><span style=\"color: #333333;\"><span style=\"font-family: 'Helvetica Neue', Helvetica, Arial, sans-serif;\"><span style=\"font-size: small;\">L&#8217;Ecuador \u00e8 a rischio istituzionale. La consultazione popolare proposta dal Presidente Len\u00edn Moreno e ratificata con il voto di domenica scorsa modificher\u00e0 aspetti sostanziali della Costituzione Nazionale, ma \u00e8 stata severamente criticata dall&#8217;Organizzazione degli Stati Americani (OSA). Gli osservatori dell&#8217;organismo hanno presentato una relazione critica che mette in discussione soprattutto la mancanza di controllo costituzionale come prerequisito per lo svolgimento del referendum.<\/span><\/span><\/span><\/p>\n<p><span style=\"color: #333333;\"><span style=\"font-family: 'Helvetica Neue', Helvetica, Arial, sans-serif;\"><span style=\"font-size: small;\">La Commissione interamericana per i diritti umani (CIDH) lancia serie preoccupazioni per la rimozione dei membri del consiglio di partecipazione civica, come stabilisce la riforma proposta dalla domanda numero 3: essa conferisce al Presidente Moreno il potere di controllare il sistema giudiziario e le agenzie di controllo. La situazione si \u00e8 evoluta a tal punto che la CIDH ha sollevato la questione dinanzi alla Corte interamericana. Nel frattempo, il governo di Len\u00edn Moreno ha ratificato il referendum, messo in discussione la CIDH e ha chiesto una consultazione con l&#8217;ambasciatore dell&#8217;OSA in Ecuador.<\/span><\/span><\/span><\/p>\n<p><span style=\"color: #333333;\"><span style=\"font-family: 'Helvetica Neue', Helvetica, Arial, sans-serif;\"><span style=\"font-size: small;\">Il peso della figura di Correa e il futuro del suo futuro non un problema che riguarda solo l&#8217;Ecuador. Lo scenario \u00e8 stato seguito da vicino dalle prime pagine di giornali come NYTimes, Miami Herald o lo spagnolo El Pa\u00eds, che hanno pubblicato colonne per tutta la settimana chiedendosi se Correa sia o meno politicamente morto. Su questa falsa riga, il quotidiano El Expreso di Guayaquil titolava, il luned\u00ec successivo al s\u00ec, &#8220;L&#8217;Ecuador seppellisce Correa e si arma contro la corruzione&#8221;.<\/span><\/span><\/span><\/p>\n<p><span style=\"color: #333333;\"><span style=\"font-family: 'Helvetica Neue', Helvetica, Arial, sans-serif;\"><span style=\"font-size: small;\">Nel frattempo, qualcosa accade per le strade. Qualcosa di simile a una reazione si sta muovendo. Al momento di chiudere il presente articolo giunge notizia di un blocco stradale e di una manifestazione a Manab\u00ed nell&#8217;ovest del paese, epicentro del terremoto del 2016, e in Guayas, provincia della costa del Pacifico. Le proteste hanno cause diverse: in un caso riguardano lo stanziamento per la ricostruzione dopo il terremoto, non ancora arrivato, in un altro riguardano la disputa sulla coltivazione del riso. Ma gli analisti locali spiegano che queste sono le prime proteste concrete contro le politiche di Len\u00edn Moreno e ritengono che siano indubbiamente legate all&#8217;esito della consultazione e alle critiche delle organizzazioni internazionali.<\/span><\/span><\/span><\/p>\n<p><span style=\"color: #333333;\"><span style=\"font-family: 'Helvetica Neue', Helvetica, Arial, sans-serif;\"><span style=\"font-size: small;\">Correa \u00e8 gi\u00e0 arrivato in Belgio. E da l\u00ec denuncia le violazioni contro lo Stato di diritto, mettendo in evidenza un sistema di persecuzione politica iniziato, in realt\u00e0, con la detenzione arbitraria del vicepresidente Jorge Glas e la successiva condanna di 6 anni per associazione per delinquere, condanna infestata di irregolarit\u00e0 e violazioni al giusto processo.<\/span><\/span><\/span><\/p>\n<p><span style=\"color: #333333;\"><span style=\"font-family: 'Helvetica Neue', Helvetica, Arial, sans-serif;\"><span style=\"font-size: small;\">Jorge Glas ha 48 anni, \u00e8 stato vicepresidente eletto il 2 aprile insieme a Len\u00edn Moreno, ma dal 2 ottobre \u00e8 in carcere con l&#8217;accusa di aver fatto parte di un&#8217; associazione illegale per i contratti della societ\u00e0 Odebretch in Ecuador. Oltre alla sua famiglia, alla difesa e all&#8217;ex presidente Correa, esperti di diritto penale segnalano gravi irregolarit\u00e0 nelle garanzie costituzionali del procedimento penale. Essi sottolineano che queste violazioni lo pongono in uno stato di non difendibilit\u00e0 e che se gli organi d&#8217;appello della Corte dell&#8217;Ecuador dovessero fallire, il caso entrer\u00e0 nell&#8217; orbita del sistema interamericano dei diritti umani.<\/span><\/span><\/span><\/p>\n<p>La scrivente ha potuto intervistare Jorge Glas solo attraverso un questionario scritto, poich\u00e9 il Ministero della Giustizia non gli permette di partecipare a reportage. &#8220;Mi negano le interviste. Ho inviato una lettera alle autorit\u00e0 per chiedere di poterle fare, spiegando come parlare in pubblico non sia un privilegio ma il diritto alla libert\u00e0 di espressione. Non mi hanno mai risposto&#8221;, dice l&#8217;uomo che sta scontando la pena nel Carcere 4 di El Condado, una zona centrale di Quito.<\/p>\n<p><span style=\"color: #333333;\"><span style=\"font-family: 'Helvetica Neue', Helvetica, Arial, sans-serif;\"><span style=\"font-size: small;\">Glas condivide la prigione con altri agenti di polizia e militari accusati di corruzione e traffico di droga. Ogni mese e mezzo pu\u00f2 vedere i suoi due figli di 9 e 15 anni. Lui e la sua famiglia stanno affronntando gravi problemi economici. Hanno chiesto un prestito per pagare l&#8217;anticipo di difesa. &#8220;Le spese legali superano il mio patrimonio&#8221;, scrive. &#8220;Abbiamo due ipoteche. Paghiamo gli avvocati con l&#8217;aiuto della famiglia e degli amici\u201d.<\/span><\/span><\/span><\/p>\n<p><span style=\"color: #333333;\"><span style=\"font-family: 'Helvetica Neue', Helvetica, Arial, sans-serif;\"><span style=\"font-size: small;\"><b>Perch\u00e9 \u00e8 in carcere per corruzione?<\/b><\/span><\/span><\/span><span style=\"color: #333333;\"><span style=\"font-family: 'Helvetica Neue', Helvetica, Arial, sans-serif;\"><span style=\"font-size: small;\"><br \/>\nPerch\u00e9 \u00e8 tutta una montatura! Non avrei mai pensato di finire in prigione per corruzione. Abbiamo sempre vissuto con il nostro stipendio. Sono in grado di giustificare tutto il mio patrimonio. Hanno fatto due audit, ogni centesimo \u00e8 stato controllato senza provocare alcuna nota.<\/span><\/span><\/span><\/p>\n<p><span style=\"color: #333333;\"><span style=\"font-family: 'Helvetica Neue', Helvetica, Arial, sans-serif;\"><span style=\"font-size: small;\"><b>\u00c8 in carcere per lo scandalo Odebretch.<\/b><\/span><\/span><\/span><\/p>\n<p><span style=\"color: #333333;\"><span style=\"font-family: 'Helvetica Neue', Helvetica, Arial, sans-serif;\"><span style=\"font-size: small;\">Io ho espulso Odebretch dall&#8217;Ecuador nel 2008. Ho cacciato Marcelo Odebretch dal mio ufficio. E&#8217; stata la decisione finale dopo ripetute violazioni in una centrale idroelettrica di San Francisco. Guasti gravi. L&#8217;espulsione va ad intaccare contratti per 800 milioni.contratti.<\/span><\/span><\/span><\/p>\n<p><span style=\"color: #333333;\"><span style=\"font-family: 'Helvetica Neue', Helvetica, Arial, sans-serif;\"><span style=\"font-size: small;\"><b>Qual era la sua responsabilit\u00e0 come funzionario pubblico?<\/b><\/span><\/span><\/span><\/p>\n<p><span style=\"color: #333333;\"><span style=\"font-family: 'Helvetica Neue', Helvetica, Arial, sans-serif;\"><span style=\"font-size: small;\">Ero ministro per il coordinamento dei settori strategici e produttivi. Non ho partecipato in alcun processo di licitazione n\u00e9 di aggiudicazione. La cosa perversa al riguardo \u00e8 che si mescolano verit\u00e0 e menzogne. Corruzione c&#8217;\u00e8 stata, certo. Ma sono stato io in principio a chiedere all&#8217;ufficio del procuratore di indagare in base al rapporto del Dipartimento di Stato degli Stati Uniti che coinvolgeva il nostro paese in materia. Se non fossi stato vice presidente della repubblica, non sarei qui.<\/span><\/span><\/span><\/p>\n<p><span style=\"color: #333333;\"><span style=\"font-family: 'Helvetica Neue', Helvetica, Arial, sans-serif;\"><span style=\"font-size: small;\"><b>Chi \u00e8 Lenin Moreno?<\/b><\/span><\/span><\/span><\/p>\n<p>C&#8217; \u00e8 un aneddoto che lo descrive: di fronte alle voci dei media secondo i quali io avrei tenuto la Presidenza nel caso in cui egli non potesse per problemi di salute, gli ho scritto una mail dicendogli di fidarsi di me. Che comunque, in ogni caso, io indirrei immediatamente nuove elezioni, che mai avrei assunto l&#8217;incarico in caso di assenza, che ero leale. Non mi ha mai risposto. Lo scorso agosto Lenin ha lanciato una visione distorta dei dati macroeconomici sul canale televisivo nazionale, presentando una situazione di sovraindebitamento. Ha travisato cifre positive per trasformarle in cifre negative al fine di trattare tutti noi come ladri e dire che il correismo aveva rubato. Una cosa oltraggiosa. Dapprima pensammo fosse solo ignoranza, poi capimmo che si trattava di un piano preciso. Non mi sono imposto come candidato, n\u00e9 Rafael Correa me lp aveva chiesto. Non volevo correre per la vice presidenza. Ero a Manab\u00ed quando Len\u00edn Moreno mi chiam\u00f2 e mi disse che aveva bisogno di me e che non avrebbe accettato un no. Ho commesso l&#8217;errore di dire s\u00ec. Mi ha usato per vincere. Sono un ingegnere, non un astrologo, come avrei potuto immaginare che avrebbe costruito questa montatura di corruzione. Moreno \u00e8 la controrivoluzione in ogni dimensione della parola.<\/p>\n<p><span style=\"color: #333333;\"><span style=\"font-family: 'Helvetica Neue', Helvetica, Arial, sans-serif;\"><span style=\"font-size: small;\"><b>Per chi governa Lenin Moreno?<\/b><\/span><\/span><\/span><\/p>\n<p><span style=\"color: #333333;\"><span style=\"font-family: 'Helvetica Neue', Helvetica, Arial, sans-serif;\"><span style=\"font-size: small;\">Aumento delle tasse, riduzione dei diritti dei lavoratori, il controllo dell&#8217;energia consegnato alla famiglia Bucaram. Moreno pi\u00f9 i media pi\u00f9 le banche. Rafael Correa viene eliminato con un quesito (del referendum) e Jorge Glas con l&#8217;altro. (NdR: si riferisce ai quesiti 1 e 2 della consultazione popolare del 4 febbraio. Il primo vieta la nomina politica di coloro i quali siano stati condannati per corruzione, il secondo vieta la rielezione di Rafael Correa). \u00c8 il ritorno dello Stato &#8220;pignorato&#8221;. Consegnato in pegno alle \u00e9lite. Io sto qui dentro ma sono informato. I lavoratori mi consegnano lettere dove mi raccontano dei loro diritti sempre pi\u00f9 limati. Ogni domenica arrivano con un megafono, m<\/span><\/span><\/span><span style=\"color: #333333;\"><span style=\"font-family: 'Helvetica Neue', Helvetica, Arial, sans-serif;\"><span style=\"font-size: small;\">i lasciano appunti, mi cantano serenate.<\/span><\/span><\/span><\/p>\n<p><span style=\"color: #333333;\"><span style=\"font-family: 'Helvetica Neue', Helvetica, Arial, sans-serif;\"><span style=\"font-size: small;\"><b>Perch\u00e9 \u00e8 stato condannato?<\/b><\/span><\/span><\/span><\/p>\n<p><span style=\"color: #333333;\"><span style=\"font-family: 'Helvetica Neue', Helvetica, Arial, sans-serif;\"><span style=\"font-size: small;\">Diciamo che non c&#8217;\u00e8 stato un vero processo, visto era pieno di gravi irregolarit\u00e0. I giudici hanno dato un&#8217;interpretazione arbitraria del principio di una legge penale pi\u00f9 benigna, forzando il grado di reato e le pene in modo che io non avessi alcuna possibilit\u00e0 di essere scarcerato. L&#8217;associazione illegale \u00e8 il sistema per condannare senza prove.<\/span><\/span><\/span><\/p>\n<p><span style=\"color: #333333;\"><span style=\"font-family: 'Helvetica Neue', Helvetica, Arial, sans-serif;\"><span style=\"font-size: small;\"><b>\u00c8 un prigioniero politico?<\/b><\/span><\/span><\/span><\/p>\n<p><span style=\"color: #333333;\"><span style=\"font-family: 'Helvetica Neue', Helvetica, Arial, sans-serif;\"><span style=\"font-size: small;\">Certo. La Costituzione non prevede la rimozione del vicepresidente, sono stato destituito per decreto. <\/span><\/span><\/span><span style=\"color: #333333;\"><span style=\"font-family: 'Helvetica Neue', Helvetica, Arial, sans-serif;\"><span style=\"font-size: small;\"> Ho chiesto un processo politico ma non me l&#8217;hanno accordato. Avrei potuto difendermi.<\/span><\/span><\/span><\/p>\n<p><span style=\"color: #333333;\"><span style=\"font-family: 'Helvetica Neue', Helvetica, Arial, sans-serif;\"><span style=\"font-size: small;\">Sono stato vittima di un assassinio mediatico. Io stesso ho chiesto un confronto perch\u00e9 non avevo nulla da nascondere. Non ho consultato nessuno. Ho deposto nel corso del processo orale per nove ore tra quattro pareti, senza la possibilit\u00e0 di collegamento televisivo. Sono un prigioniero politico del governo di Lenin Moreno.<\/span><\/span><\/span><\/p>\n<p><span style=\"color: #333333;\"><span style=\"font-family: 'Helvetica Neue', Helvetica, Arial, sans-serif;\"><span style=\"font-size: small;\"><b>Perch\u00e9 tanto silenzio politico sul suo arresto?<\/b><\/span><\/span><\/span><span style=\"color: #333333;\"><span style=\"font-family: 'Helvetica Neue', Helvetica, Arial, sans-serif;\"><span style=\"font-size: small;\"><br \/>\n<\/span><\/span><\/span><\/p>\n<p><span style=\"color: #333333;\"><span style=\"font-family: 'Helvetica Neue', Helvetica, Arial, sans-serif;\"><span style=\"font-size: small;\">Perch\u00e9 molti leader di Alianza Pa\u00eds hanno venduto la propria coscienza per un piatto di lenticchie, ma la Rivoluzione non \u00e8 morta nel popolo. Confesso di aver sempre avuto paura dei codardi che, di fronte a un qualche pericolo, sono capaci di commettere qualsiasi infamia senza il minimo scrupolo. Non mi pento di aver fatto parte del processo di rinnovamento storico di questo paese. Abbiamo fatto in dieci anni quello che ad altri avrebbe richiesto 60 anni. Ma non siamo riusciti nella costruzione di una base politica, ci \u00e8 mancato il tempo, e il costo \u00e8 stato troppo alto. Non avrei mai pensato che questo avrebbe portato la mia famiglia alla disgrazia. Si crede che questa azione riguardi solo Glas, in realt\u00e0 sar\u00e0 contro tutti.<\/span><\/span><\/span><\/p>\n<p><span style=\"color: #333333;\"><span style=\"font-family: 'Helvetica Neue', Helvetica, Arial, sans-serif;\"><span style=\"font-size: small;\"><b>Sono riusciti a spezzarla?<\/b><\/span><\/span><\/span><\/p>\n<p><span style=\"color: #333333;\"><span style=\"font-family: 'Helvetica Neue', Helvetica, Arial, sans-serif;\"><span style=\"font-size: small;\">Penso che per questo manchi ancora molto.<\/span><\/span><\/span><\/p>\n<p><span style=\"color: #333333;\"><span style=\"font-family: 'Helvetica Neue', Helvetica, Arial, sans-serif;\"><span style=\"font-size: small;\"><b>Si pente di qualcosa?<\/b><\/span><\/span><\/span><span style=\"color: #333333;\"><span style=\"font-family: 'Helvetica Neue', Helvetica, Arial, sans-serif;\"><span style=\"font-size: small;\"><br \/>\nHo avuto fiducia nel sistema. Di questo s\u00ec mi pento.<\/span><\/span><\/span><\/p>\n<p>Traduzione dallo spagnolo di <a href=\"http:\/\/it.linkedin.com\/pub\/giuseppina-vecchia\/2b\/942\/802\/en\">Giuseppina Vecchia<\/a> per Pressenza<\/p>\n","protected":false},"excerpt":{"rendered":"<p>Di\u00a0Cynthia Garc\u00eda\u00a0per El Cohete a la Luna Con il paese sotto osservazione da parte del sistema interamericano dei diritti umani, il destituito vicepresidente Jorge Glas parla dal carcere. L&#8217;Ecuador \u00e8 a rischio istituzionale. La consultazione popolare proposta dal Presidente Len\u00edn&hellip;<\/p>\n","protected":false},"author":87,"featured_media":594388,"comment_status":"closed","ping_status":"closed","sticky":false,"template":"","format":"standard","meta":{"footnotes":""},"categories":[60,157,55,48],"tags":[1550],"class_list":["post-595445","post","type-post","status-publish","format-standard","has-post-thumbnail","hentry","category-diritti-umani","category-interviste","category-politica","category-sud-america","tag-ecuador-it"],"yoast_head":"<!-- This site is optimized with the Yoast SEO plugin v27.1.1 - https:\/\/yoast.com\/product\/yoast-seo-wordpress\/ -->\n<title>Jorge Glas: &quot;L&#039;Ecuador dato in pegno alle \u00e9lite&quot;<\/title>\n<meta name=\"description\" content=\"Di\u00a0Cynthia Garc\u00eda\u00a0per El Cohete a la Luna Con il paese sotto osservazione da parte del sistema interamericano dei diritti umani, il destituito\" \/>\n<meta name=\"robots\" content=\"index, follow, max-snippet:-1, max-image-preview:large, max-video-preview:-1\" \/>\n<link rel=\"canonical\" href=\"https:\/\/www.pressenza.com\/it\/2018\/02\/jorge-glas-lecuador-dato-pegno-alle-elite\/\" \/>\n<meta property=\"og:locale\" content=\"it_IT\" \/>\n<meta property=\"og:type\" content=\"article\" \/>\n<meta property=\"og:title\" content=\"Jorge Glas: &quot;L&#039;Ecuador dato in pegno alle \u00e9lite&quot;\" \/>\n<meta property=\"og:description\" content=\"Di\u00a0Cynthia Garc\u00eda\u00a0per El Cohete a la Luna Con il paese sotto osservazione da parte del sistema interamericano dei diritti umani, il destituito\" \/>\n<meta property=\"og:url\" content=\"https:\/\/www.pressenza.com\/it\/2018\/02\/jorge-glas-lecuador-dato-pegno-alle-elite\/\" \/>\n<meta property=\"og:site_name\" content=\"Pressenza\" \/>\n<meta property=\"article:publisher\" content=\"https:\/\/www.facebook.com\/PressenzaItalia\" \/>\n<meta property=\"article:published_time\" content=\"2018-02-12T14:59:48+00:00\" \/>\n<meta property=\"og:image\" content=\"https:\/\/www.pressenza.com\/wp-content\/uploads\/2018\/02\/34921706971_27daed684d_k.jpg\" \/>\n\t<meta property=\"og:image:width\" content=\"2048\" \/>\n\t<meta property=\"og:image:height\" content=\"1240\" \/>\n\t<meta property=\"og:image:type\" content=\"image\/jpeg\" \/>\n<meta name=\"author\" content=\"Redacci\u00f3n Argentina\" \/>\n<meta name=\"twitter:card\" content=\"summary_large_image\" \/>\n<meta name=\"twitter:creator\" content=\"@pressenza\" \/>\n<meta name=\"twitter:site\" content=\"@PressenzaIPA\" \/>\n<meta name=\"twitter:label1\" content=\"Scritto da\" \/>\n\t<meta name=\"twitter:data1\" content=\"Redacci\u00f3n Argentina\" \/>\n\t<meta name=\"twitter:label2\" content=\"Tempo di lettura stimato\" \/>\n\t<meta name=\"twitter:data2\" content=\"7 minuti\" \/>\n<script type=\"application\/ld+json\" class=\"yoast-schema-graph\">{\"@context\":\"https:\/\/schema.org\",\"@graph\":[{\"@type\":\"Article\",\"@id\":\"https:\/\/www.pressenza.com\/it\/2018\/02\/jorge-glas-lecuador-dato-pegno-alle-elite\/#article\",\"isPartOf\":{\"@id\":\"https:\/\/www.pressenza.com\/it\/2018\/02\/jorge-glas-lecuador-dato-pegno-alle-elite\/\"},\"author\":{\"name\":\"Redacci\u00f3n Argentina\",\"@id\":\"https:\/\/www.pressenza.com\/it\/#\/schema\/person\/0dda7d1b68267ad95b1e1d83abc98c89\"},\"headline\":\"Jorge Glas: &#8220;L&#8217;Ecuador dato in pegno alle \u00e9lite&#8221;\",\"datePublished\":\"2018-02-12T14:59:48+00:00\",\"mainEntityOfPage\":{\"@id\":\"https:\/\/www.pressenza.com\/it\/2018\/02\/jorge-glas-lecuador-dato-pegno-alle-elite\/\"},\"wordCount\":1520,\"publisher\":{\"@id\":\"https:\/\/www.pressenza.com\/it\/#organization\"},\"image\":{\"@id\":\"https:\/\/www.pressenza.com\/it\/2018\/02\/jorge-glas-lecuador-dato-pegno-alle-elite\/#primaryimage\"},\"thumbnailUrl\":\"https:\/\/www.pressenza.com\/wp-content\/uploads\/2018\/02\/34921706971_27daed684d_k.jpg\",\"keywords\":[\"Ecuador\"],\"articleSection\":[\"Diritti Umani\",\"Interviste\",\"Politica\",\"Sud America\"],\"inLanguage\":\"it-IT\"},{\"@type\":\"WebPage\",\"@id\":\"https:\/\/www.pressenza.com\/it\/2018\/02\/jorge-glas-lecuador-dato-pegno-alle-elite\/\",\"url\":\"https:\/\/www.pressenza.com\/it\/2018\/02\/jorge-glas-lecuador-dato-pegno-alle-elite\/\",\"name\":\"Jorge Glas: \\\"L'Ecuador dato in pegno alle \u00e9lite\\\"\",\"isPartOf\":{\"@id\":\"https:\/\/www.pressenza.com\/it\/#website\"},\"primaryImageOfPage\":{\"@id\":\"https:\/\/www.pressenza.com\/it\/2018\/02\/jorge-glas-lecuador-dato-pegno-alle-elite\/#primaryimage\"},\"image\":{\"@id\":\"https:\/\/www.pressenza.com\/it\/2018\/02\/jorge-glas-lecuador-dato-pegno-alle-elite\/#primaryimage\"},\"thumbnailUrl\":\"https:\/\/www.pressenza.com\/wp-content\/uploads\/2018\/02\/34921706971_27daed684d_k.jpg\",\"datePublished\":\"2018-02-12T14:59:48+00:00\",\"description\":\"Di\u00a0Cynthia Garc\u00eda\u00a0per El Cohete a la Luna Con il paese sotto osservazione da parte del sistema interamericano dei diritti umani, il destituito\",\"breadcrumb\":{\"@id\":\"https:\/\/www.pressenza.com\/it\/2018\/02\/jorge-glas-lecuador-dato-pegno-alle-elite\/#breadcrumb\"},\"inLanguage\":\"it-IT\",\"potentialAction\":[{\"@type\":\"ReadAction\",\"target\":[\"https:\/\/www.pressenza.com\/it\/2018\/02\/jorge-glas-lecuador-dato-pegno-alle-elite\/\"]}]},{\"@type\":\"ImageObject\",\"inLanguage\":\"it-IT\",\"@id\":\"https:\/\/www.pressenza.com\/it\/2018\/02\/jorge-glas-lecuador-dato-pegno-alle-elite\/#primaryimage\",\"url\":\"https:\/\/www.pressenza.com\/wp-content\/uploads\/2018\/02\/34921706971_27daed684d_k.jpg\",\"contentUrl\":\"https:\/\/www.pressenza.com\/wp-content\/uploads\/2018\/02\/34921706971_27daed684d_k.jpg\",\"width\":2048,\"height\":1240},{\"@type\":\"BreadcrumbList\",\"@id\":\"https:\/\/www.pressenza.com\/it\/2018\/02\/jorge-glas-lecuador-dato-pegno-alle-elite\/#breadcrumb\",\"itemListElement\":[{\"@type\":\"ListItem\",\"position\":1,\"name\":\"Accueil\",\"item\":\"https:\/\/www.pressenza.com\/it\/\"},{\"@type\":\"ListItem\",\"position\":2,\"name\":\"Jorge Glas: &#8220;L&#8217;Ecuador dato in pegno alle \u00e9lite&#8221;\"}]},{\"@type\":\"WebSite\",\"@id\":\"https:\/\/www.pressenza.com\/it\/#website\",\"url\":\"https:\/\/www.pressenza.com\/it\/\",\"name\":\"Pressenza\",\"description\":\"Agenzia di Stampa Internazionale\",\"publisher\":{\"@id\":\"https:\/\/www.pressenza.com\/it\/#organization\"},\"potentialAction\":[{\"@type\":\"SearchAction\",\"target\":{\"@type\":\"EntryPoint\",\"urlTemplate\":\"https:\/\/www.pressenza.com\/it\/?s={search_term_string}\"},\"query-input\":{\"@type\":\"PropertyValueSpecification\",\"valueRequired\":true,\"valueName\":\"search_term_string\"}}],\"inLanguage\":\"it-IT\"},{\"@type\":\"Organization\",\"@id\":\"https:\/\/www.pressenza.com\/it\/#organization\",\"name\":\"Pressenza\",\"url\":\"https:\/\/www.pressenza.com\/it\/\",\"logo\":{\"@type\":\"ImageObject\",\"inLanguage\":\"it-IT\",\"@id\":\"https:\/\/www.pressenza.com\/it\/#\/schema\/logo\/image\/\",\"url\":\"https:\/\/www.pressenza.com\/wp-content\/uploads\/2022\/10\/pressenza_logo_200x200.jpg\",\"contentUrl\":\"https:\/\/www.pressenza.com\/wp-content\/uploads\/2022\/10\/pressenza_logo_200x200.jpg\",\"width\":200,\"height\":200,\"caption\":\"Pressenza\"},\"image\":{\"@id\":\"https:\/\/www.pressenza.com\/it\/#\/schema\/logo\/image\/\"},\"sameAs\":[\"https:\/\/www.facebook.com\/PressenzaItalia\",\"https:\/\/x.com\/PressenzaIPA\"]},{\"@type\":\"Person\",\"@id\":\"https:\/\/www.pressenza.com\/it\/#\/schema\/person\/0dda7d1b68267ad95b1e1d83abc98c89\",\"name\":\"Redacci\u00f3n Argentina\",\"description\":\"News from the Pressenza Bureau in Argentina.\",\"sameAs\":[\"https:\/\/x.com\/pressenza\"],\"url\":\"https:\/\/www.pressenza.com\/it\/author\/redaccion-argentina\/\"}]}<\/script>\n<!-- \/ Yoast SEO plugin. -->","yoast_head_json":{"title":"Jorge Glas: \"L'Ecuador dato in pegno alle \u00e9lite\"","description":"Di\u00a0Cynthia Garc\u00eda\u00a0per El Cohete a la Luna Con il paese sotto osservazione da parte del sistema interamericano dei diritti umani, il destituito","robots":{"index":"index","follow":"follow","max-snippet":"max-snippet:-1","max-image-preview":"max-image-preview:large","max-video-preview":"max-video-preview:-1"},"canonical":"https:\/\/www.pressenza.com\/it\/2018\/02\/jorge-glas-lecuador-dato-pegno-alle-elite\/","og_locale":"it_IT","og_type":"article","og_title":"Jorge Glas: \"L'Ecuador dato in pegno alle \u00e9lite\"","og_description":"Di\u00a0Cynthia Garc\u00eda\u00a0per El Cohete a la Luna Con il paese sotto osservazione da parte del sistema interamericano dei diritti umani, il destituito","og_url":"https:\/\/www.pressenza.com\/it\/2018\/02\/jorge-glas-lecuador-dato-pegno-alle-elite\/","og_site_name":"Pressenza","article_publisher":"https:\/\/www.facebook.com\/PressenzaItalia","article_published_time":"2018-02-12T14:59:48+00:00","og_image":[{"width":2048,"height":1240,"url":"https:\/\/www.pressenza.com\/wp-content\/uploads\/2018\/02\/34921706971_27daed684d_k.jpg","type":"image\/jpeg"}],"author":"Redacci\u00f3n Argentina","twitter_card":"summary_large_image","twitter_creator":"@pressenza","twitter_site":"@PressenzaIPA","twitter_misc":{"Scritto da":"Redacci\u00f3n Argentina","Tempo di lettura stimato":"7 minuti"},"schema":{"@context":"https:\/\/schema.org","@graph":[{"@type":"Article","@id":"https:\/\/www.pressenza.com\/it\/2018\/02\/jorge-glas-lecuador-dato-pegno-alle-elite\/#article","isPartOf":{"@id":"https:\/\/www.pressenza.com\/it\/2018\/02\/jorge-glas-lecuador-dato-pegno-alle-elite\/"},"author":{"name":"Redacci\u00f3n Argentina","@id":"https:\/\/www.pressenza.com\/it\/#\/schema\/person\/0dda7d1b68267ad95b1e1d83abc98c89"},"headline":"Jorge Glas: &#8220;L&#8217;Ecuador dato in pegno alle \u00e9lite&#8221;","datePublished":"2018-02-12T14:59:48+00:00","mainEntityOfPage":{"@id":"https:\/\/www.pressenza.com\/it\/2018\/02\/jorge-glas-lecuador-dato-pegno-alle-elite\/"},"wordCount":1520,"publisher":{"@id":"https:\/\/www.pressenza.com\/it\/#organization"},"image":{"@id":"https:\/\/www.pressenza.com\/it\/2018\/02\/jorge-glas-lecuador-dato-pegno-alle-elite\/#primaryimage"},"thumbnailUrl":"https:\/\/www.pressenza.com\/wp-content\/uploads\/2018\/02\/34921706971_27daed684d_k.jpg","keywords":["Ecuador"],"articleSection":["Diritti Umani","Interviste","Politica","Sud America"],"inLanguage":"it-IT"},{"@type":"WebPage","@id":"https:\/\/www.pressenza.com\/it\/2018\/02\/jorge-glas-lecuador-dato-pegno-alle-elite\/","url":"https:\/\/www.pressenza.com\/it\/2018\/02\/jorge-glas-lecuador-dato-pegno-alle-elite\/","name":"Jorge Glas: \"L'Ecuador dato in pegno alle \u00e9lite\"","isPartOf":{"@id":"https:\/\/www.pressenza.com\/it\/#website"},"primaryImageOfPage":{"@id":"https:\/\/www.pressenza.com\/it\/2018\/02\/jorge-glas-lecuador-dato-pegno-alle-elite\/#primaryimage"},"image":{"@id":"https:\/\/www.pressenza.com\/it\/2018\/02\/jorge-glas-lecuador-dato-pegno-alle-elite\/#primaryimage"},"thumbnailUrl":"https:\/\/www.pressenza.com\/wp-content\/uploads\/2018\/02\/34921706971_27daed684d_k.jpg","datePublished":"2018-02-12T14:59:48+00:00","description":"Di\u00a0Cynthia Garc\u00eda\u00a0per El Cohete a la Luna Con il paese sotto osservazione da parte del sistema interamericano dei diritti umani, il destituito","breadcrumb":{"@id":"https:\/\/www.pressenza.com\/it\/2018\/02\/jorge-glas-lecuador-dato-pegno-alle-elite\/#breadcrumb"},"inLanguage":"it-IT","potentialAction":[{"@type":"ReadAction","target":["https:\/\/www.pressenza.com\/it\/2018\/02\/jorge-glas-lecuador-dato-pegno-alle-elite\/"]}]},{"@type":"ImageObject","inLanguage":"it-IT","@id":"https:\/\/www.pressenza.com\/it\/2018\/02\/jorge-glas-lecuador-dato-pegno-alle-elite\/#primaryimage","url":"https:\/\/www.pressenza.com\/wp-content\/uploads\/2018\/02\/34921706971_27daed684d_k.jpg","contentUrl":"https:\/\/www.pressenza.com\/wp-content\/uploads\/2018\/02\/34921706971_27daed684d_k.jpg","width":2048,"height":1240},{"@type":"BreadcrumbList","@id":"https:\/\/www.pressenza.com\/it\/2018\/02\/jorge-glas-lecuador-dato-pegno-alle-elite\/#breadcrumb","itemListElement":[{"@type":"ListItem","position":1,"name":"Accueil","item":"https:\/\/www.pressenza.com\/it\/"},{"@type":"ListItem","position":2,"name":"Jorge Glas: &#8220;L&#8217;Ecuador dato in pegno alle \u00e9lite&#8221;"}]},{"@type":"WebSite","@id":"https:\/\/www.pressenza.com\/it\/#website","url":"https:\/\/www.pressenza.com\/it\/","name":"Pressenza","description":"Agenzia di Stampa Internazionale","publisher":{"@id":"https:\/\/www.pressenza.com\/it\/#organization"},"potentialAction":[{"@type":"SearchAction","target":{"@type":"EntryPoint","urlTemplate":"https:\/\/www.pressenza.com\/it\/?s={search_term_string}"},"query-input":{"@type":"PropertyValueSpecification","valueRequired":true,"valueName":"search_term_string"}}],"inLanguage":"it-IT"},{"@type":"Organization","@id":"https:\/\/www.pressenza.com\/it\/#organization","name":"Pressenza","url":"https:\/\/www.pressenza.com\/it\/","logo":{"@type":"ImageObject","inLanguage":"it-IT","@id":"https:\/\/www.pressenza.com\/it\/#\/schema\/logo\/image\/","url":"https:\/\/www.pressenza.com\/wp-content\/uploads\/2022\/10\/pressenza_logo_200x200.jpg","contentUrl":"https:\/\/www.pressenza.com\/wp-content\/uploads\/2022\/10\/pressenza_logo_200x200.jpg","width":200,"height":200,"caption":"Pressenza"},"image":{"@id":"https:\/\/www.pressenza.com\/it\/#\/schema\/logo\/image\/"},"sameAs":["https:\/\/www.facebook.com\/PressenzaItalia","https:\/\/x.com\/PressenzaIPA"]},{"@type":"Person","@id":"https:\/\/www.pressenza.com\/it\/#\/schema\/person\/0dda7d1b68267ad95b1e1d83abc98c89","name":"Redacci\u00f3n Argentina","description":"News from the Pressenza Bureau in Argentina.","sameAs":["https:\/\/x.com\/pressenza"],"url":"https:\/\/www.pressenza.com\/it\/author\/redaccion-argentina\/"}]}},"place":"","original_article_url":"","_links":{"self":[{"href":"https:\/\/www.pressenza.com\/it\/wp-json\/wp\/v2\/posts\/595445","targetHints":{"allow":["GET"]}}],"collection":[{"href":"https:\/\/www.pressenza.com\/it\/wp-json\/wp\/v2\/posts"}],"about":[{"href":"https:\/\/www.pressenza.com\/it\/wp-json\/wp\/v2\/types\/post"}],"author":[{"embeddable":true,"href":"https:\/\/www.pressenza.com\/it\/wp-json\/wp\/v2\/users\/87"}],"replies":[{"embeddable":true,"href":"https:\/\/www.pressenza.com\/it\/wp-json\/wp\/v2\/comments?post=595445"}],"version-history":[{"count":0,"href":"https:\/\/www.pressenza.com\/it\/wp-json\/wp\/v2\/posts\/595445\/revisions"}],"wp:featuredmedia":[{"embeddable":true,"href":"https:\/\/www.pressenza.com\/it\/wp-json\/wp\/v2\/media\/594388"}],"wp:attachment":[{"href":"https:\/\/www.pressenza.com\/it\/wp-json\/wp\/v2\/media?parent=595445"}],"wp:term":[{"taxonomy":"category","embeddable":true,"href":"https:\/\/www.pressenza.com\/it\/wp-json\/wp\/v2\/categories?post=595445"},{"taxonomy":"post_tag","embeddable":true,"href":"https:\/\/www.pressenza.com\/it\/wp-json\/wp\/v2\/tags?post=595445"}],"curies":[{"name":"wp","href":"https:\/\/api.w.org\/{rel}","templated":true}]}}