{"id":592984,"date":"2018-02-06T16:01:31","date_gmt":"2018-02-06T16:01:31","guid":{"rendered":"https:\/\/www.pressenza.com\/?p=592984"},"modified":"2018-02-06T16:34:57","modified_gmt":"2018-02-06T16:34:57","slug":"le-orchestre-giovanili-peruviane-argentine-conqueistano-lonu-italia","status":"publish","type":"post","link":"https:\/\/www.pressenza.com\/it\/2018\/02\/le-orchestre-giovanili-peruviane-argentine-conqueistano-lonu-italia\/","title":{"rendered":"Le orchestre giovanili peruviane e argentine conquistano l&#8217;ONU in Italia"},"content":{"rendered":"<p>I giovani musicisti sono arrivati nel capoluogo piemontese per partecipare al \u201cXV\u00b0 Incontro Internazionale di bambini e Giovani per la Pace, la Fraternit\u00e0 e il Dialogo\u201d, organizzato dall\u2019Associazione \u201cPeque\u00f1as Huellas\u201d (Piccole Impronte).<\/p>\n<p>L\u2019Orchestra Filarmonica Infanto-giovanile del Per\u00f9 e i Piccoli Grilli Sinfonici Argentini hanno visitato questo venerd\u00ec la sede dell\u2019Organizzazione delle Nazioni Unite (ONU) di Torino, in Italia ed hanno incontrato il direttore del Centro, Sig. Liu, il presidente della Marcia Mondiale per la Pace e la Nonviolenza, Rafael de la Rubia, e il Presidente dell\u2019Associazione Piccole Impronte, Sabina Colonna-Preti.<\/p>\n<p>Presso il centro Internazionale di Formazione dell\u2019Organizzazione Internazionale del Lavoro (CIFOIT) dell\u2019ONU, il direttore ha spiegato l\u2019importanza di mettere fine alle guerre e trovare la pace. \u201cConsapevoli degli effetti della guerra sul futuro, voi e la vostra generazione, contribuirete al raggiungimento della pace\u201d ha detto il Sig. Y.Liu.<\/p>\n<p>\u201cSe ognuno porta in dote quello che ha, si possono fare grandi cose per il bene del mondo\u201d ha aggiunto de la Rubia ai giovani musicisti, accompagnati da esponenti dei movimenti studenteschi e dall\u2019Orchestra Piccole Impronte. Ha inoltre sottolineato la necessit\u00e0 di creare dinamiche di collaborazione per dar vita ad avvenimenti come la Prima Marcia Mondiale per la Pace.<\/p>\n<p>I giovano musicisti sono arrivati questo luned\u00ec nel capoluogo piemontese per prendere parte al \u201cXV\u00b0 Incontro Internazionale di Bambini e Giovani per la Pace, la Fraternit\u00e0 e il Dialogo\u201d, organizzato da Piccole Impronte, l\u2019Associazione selezionata da Mondo senza Guerre per organizzare i concerti che apriranno e chiuderanno la Seconda Marcia Mondiale per la Pace a Madrid.<\/p>\n<p>\u201cSiamo venuti a questo incontro su invito dell\u2019Orchestra Piccole Impronte ben preparati e con la voglia di conoscere perch\u00e9 qui si pu\u00f2 davvero apprendere molto. Siamo grati all\u2019associazione perch\u00e9 attivit\u00e0 come queste sono preziose\u201d, ha detto il giovane violoncellista Tomoki.<\/p>\n<p>Il primo giorno, 25 giovani musicisti peruviani hanno visitato Genova, da dove \u00e8 salpato Cristoforo Colombo per i suoi viaggi di scoperta in America. Hanno poi continuato visitando luoghi storici di Torino con i Piccoli Grilli Sinfonici, l\u2019orchestra giovanile argentina.<\/p>\n<p>Il concerto finale con il Coro di Piccole Impronte sar\u00e0 il risultato conclusivo della quindicesima riunione internazionale che si concluder\u00e0, grazie alla disponibilit\u00e0 di Don Paolo Comba, nel Collegio di Santa Maria della Scala a Moncalieri in via Principessa Maria Clotilde 3. L\u2019entrata, mercoled\u00ec 7 febbraio a partire dalle 20.30, sar\u00e0 liber\u00e0.<\/p>\n<div class=\"post-gallery\">\n\t\t\t<figure class=\"post-gallery-item\">\n\t\t\t\t<img decoding=\"async\" src=\"https:\/\/www.pressenza.com\/wp-content\/uploads\/2018\/02\/PEQUENASHUELLAS151-720x480.jpg\" loading=\"lazy\">\n\t\t\t\t<figcaption>\n\t\t\t\t\t\n\t\t\t\t<\/figcaption>\n\t\t\t<\/figure>\n\t\t\t<figure class=\"post-gallery-item\">\n\t\t\t\t<img decoding=\"async\" src=\"https:\/\/www.pressenza.com\/wp-content\/uploads\/2018\/02\/PEQUENASHUELLAS14-720x480.jpg\" loading=\"lazy\">\n\t\t\t\t<figcaption>\n\t\t\t\t\t\n\t\t\t\t<\/figcaption>\n\t\t\t<\/figure>\n\t\t\t<figure class=\"post-gallery-item\">\n\t\t\t\t<img decoding=\"async\" src=\"https:\/\/www.pressenza.com\/wp-content\/uploads\/2018\/02\/PEQUENASHUELLAS13-720x480.jpg\" loading=\"lazy\">\n\t\t\t\t<figcaption>\n\t\t\t\t\t\n\t\t\t\t<\/figcaption>\n\t\t\t<\/figure>\n\t\t\t<figure class=\"post-gallery-item\">\n\t\t\t\t<img decoding=\"async\" src=\"https:\/\/www.pressenza.com\/wp-content\/uploads\/2018\/02\/PEQUENASHUELLAS12-720x480.jpg\" loading=\"lazy\">\n\t\t\t\t<figcaption>\n\t\t\t\t\t\n\t\t\t\t<\/figcaption>\n\t\t\t<\/figure>\n\t\t\t<figure class=\"post-gallery-item\">\n\t\t\t\t<img decoding=\"async\" src=\"https:\/\/www.pressenza.com\/wp-content\/uploads\/2018\/02\/PEQUENASHUELLAS11-720x480.jpg\" loading=\"lazy\">\n\t\t\t\t<figcaption>\n\t\t\t\t\t\n\t\t\t\t<\/figcaption>\n\t\t\t<\/figure>\n\t\t\t<figure class=\"post-gallery-item\">\n\t\t\t\t<img decoding=\"async\" src=\"https:\/\/www.pressenza.com\/wp-content\/uploads\/2018\/02\/PEQUENASHUELLAS10-720x480.jpg\" loading=\"lazy\">\n\t\t\t\t<figcaption>\n\t\t\t\t\t\n\t\t\t\t<\/figcaption>\n\t\t\t<\/figure>\n\t\t\t<figure class=\"post-gallery-item\">\n\t\t\t\t<img decoding=\"async\" src=\"https:\/\/www.pressenza.com\/wp-content\/uploads\/2018\/02\/PEQUENASHUELLAS08-720x480.jpg\" loading=\"lazy\">\n\t\t\t\t<figcaption>\n\t\t\t\t\t\n\t\t\t\t<\/figcaption>\n\t\t\t<\/figure>\n\t\t\t<figure class=\"post-gallery-item\">\n\t\t\t\t<img decoding=\"async\" src=\"https:\/\/www.pressenza.com\/wp-content\/uploads\/2018\/02\/PEQUENASHUELLAS07-720x480.jpg\" loading=\"lazy\">\n\t\t\t\t<figcaption>\n\t\t\t\t\t\n\t\t\t\t<\/figcaption>\n\t\t\t<\/figure>\n\t\t\t<figure class=\"post-gallery-item\">\n\t\t\t\t<img decoding=\"async\" src=\"https:\/\/www.pressenza.com\/wp-content\/uploads\/2018\/02\/PEQUENASHUELLAS06-720x480.jpg\" loading=\"lazy\">\n\t\t\t\t<figcaption>\n\t\t\t\t\t\n\t\t\t\t<\/figcaption>\n\t\t\t<\/figure>\n\t\t\t<figure class=\"post-gallery-item\">\n\t\t\t\t<img decoding=\"async\" src=\"https:\/\/www.pressenza.com\/wp-content\/uploads\/2018\/02\/PEQUENASHUELLAS05-720x480.jpg\" loading=\"lazy\">\n\t\t\t\t<figcaption>\n\t\t\t\t\t\n\t\t\t\t<\/figcaption>\n\t\t\t<\/figure>\n\t\t\t<figure class=\"post-gallery-item\">\n\t\t\t\t<img decoding=\"async\" src=\"https:\/\/www.pressenza.com\/wp-content\/uploads\/2018\/02\/PEQUENASHUELLAS04-720x480.jpg\" loading=\"lazy\">\n\t\t\t\t<figcaption>\n\t\t\t\t\t\n\t\t\t\t<\/figcaption>\n\t\t\t<\/figure>\n\t\t\t<figure class=\"post-gallery-item\">\n\t\t\t\t<img decoding=\"async\" src=\"https:\/\/www.pressenza.com\/wp-content\/uploads\/2018\/02\/PEQUENASHUELLAS03-720x480.jpg\" loading=\"lazy\">\n\t\t\t\t<figcaption>\n\t\t\t\t\t\n\t\t\t\t<\/figcaption>\n\t\t\t<\/figure>\n\t\t\t<figure class=\"post-gallery-item\">\n\t\t\t\t<img decoding=\"async\" src=\"https:\/\/www.pressenza.com\/wp-content\/uploads\/2018\/02\/PEQUENASHUELLAS02-720x480.jpg\" loading=\"lazy\">\n\t\t\t\t<figcaption>\n\t\t\t\t\t\n\t\t\t\t<\/figcaption>\n\t\t\t<\/figure>\n\t\t\t<figure class=\"post-gallery-item\">\n\t\t\t\t<img decoding=\"async\" src=\"https:\/\/www.pressenza.com\/wp-content\/uploads\/2018\/02\/PEQUENASHUELLAS00-720x480.jpg\" loading=\"lazy\">\n\t\t\t\t<figcaption>\n\t\t\t\t\t\n\t\t\t\t<\/figcaption>\n\t\t\t<\/figure><\/div>\n","protected":false},"excerpt":{"rendered":"<p>I giovani musicisti sono arrivati nel capoluogo piemontese per partecipare al \u201cXV\u00b0 Incontro Internazionale di bambini e Giovani per la Pace, la Fraternit\u00e0 e il Dialogo\u201d, organizzato dall\u2019Associazione \u201cPeque\u00f1as Huellas\u201d (Piccole Impronte). L\u2019Orchestra Filarmonica Infanto-giovanile del Per\u00f9 e i Piccoli&hellip;<\/p>\n","protected":false},"author":594,"featured_media":591964,"comment_status":"closed","ping_status":"closed","sticky":false,"template":"","format":"standard","meta":{"footnotes":""},"categories":[150,38,1262,1263],"tags":[1783,3491,222,8600,7752,41996,3226],"class_list":["post-592984","post","type-post","status-publish","format-standard","has-post-thumbnail","hentry","category-comunicati-stampa","category-internazionale","category-nonviolenza-argomento","category-pace-disarmo","tag-concerto","tag-marcia-mondiale-per-la-pace-e-la-nonviolenza","tag-musica","tag-orchestra","tag-rafael-de-la-rubia-2","tag-2a-marcia-mondiale-per-la-pace-e-la-nonviolenza","tag-torino"],"yoast_head":"<!-- This site is optimized with the Yoast SEO plugin v27.1.1 - https:\/\/yoast.com\/product\/yoast-seo-wordpress\/ -->\n<title>Le orchestre giovanili peruviane e argentine conquistano l&#039;ONU in Italia<\/title>\n<meta name=\"description\" content=\"I giovani musicisti sono arrivati nel capoluogo piemontese per partecipare al \u201cXV\u00b0 Incontro Internazionale di bambini e Giovani per la Pace, la Fraternit\u00e0\" \/>\n<meta name=\"robots\" content=\"index, follow, max-snippet:-1, max-image-preview:large, max-video-preview:-1\" \/>\n<link rel=\"canonical\" href=\"https:\/\/www.pressenza.com\/it\/2018\/02\/le-orchestre-giovanili-peruviane-argentine-conqueistano-lonu-italia\/\" \/>\n<meta property=\"og:locale\" content=\"it_IT\" \/>\n<meta property=\"og:type\" content=\"article\" \/>\n<meta property=\"og:title\" content=\"Le orchestre giovanili peruviane e argentine conquistano l&#039;ONU in Italia\" \/>\n<meta property=\"og:description\" content=\"I giovani musicisti sono arrivati nel capoluogo piemontese per partecipare al \u201cXV\u00b0 Incontro Internazionale di bambini e Giovani per la Pace, la Fraternit\u00e0\" \/>\n<meta property=\"og:url\" content=\"https:\/\/www.pressenza.com\/it\/2018\/02\/le-orchestre-giovanili-peruviane-argentine-conqueistano-lonu-italia\/\" \/>\n<meta property=\"og:site_name\" content=\"Pressenza\" \/>\n<meta property=\"article:publisher\" content=\"https:\/\/www.facebook.com\/PressenzaItalia\" \/>\n<meta property=\"article:author\" content=\"https:\/\/www.facebook.com\/PressenzaItalia\" \/>\n<meta property=\"article:published_time\" content=\"2018-02-06T16:01:31+00:00\" \/>\n<meta property=\"article:modified_time\" content=\"2018-02-06T16:34:57+00:00\" \/>\n<meta property=\"og:image\" content=\"https:\/\/www.pressenza.com\/wp-content\/uploads\/2018\/02\/PEQUENASHUELLAS09.jpg\" \/>\n\t<meta property=\"og:image:width\" content=\"1084\" \/>\n\t<meta property=\"og:image:height\" content=\"723\" \/>\n\t<meta property=\"og:image:type\" content=\"image\/jpeg\" \/>\n<meta name=\"author\" content=\"Redazione Italia\" \/>\n<meta name=\"twitter:card\" content=\"summary_large_image\" \/>\n<meta name=\"twitter:creator\" content=\"@pressenza_it\" \/>\n<meta name=\"twitter:site\" content=\"@PressenzaIPA\" \/>\n<meta name=\"twitter:label1\" content=\"Scritto da\" \/>\n\t<meta name=\"twitter:data1\" content=\"Redazione Italia\" \/>\n\t<meta name=\"twitter:label2\" content=\"Tempo di lettura stimato\" \/>\n\t<meta name=\"twitter:data2\" content=\"2 minuti\" \/>\n<script type=\"application\/ld+json\" class=\"yoast-schema-graph\">{\"@context\":\"https:\/\/schema.org\",\"@graph\":[{\"@type\":\"Article\",\"@id\":\"https:\/\/www.pressenza.com\/it\/2018\/02\/le-orchestre-giovanili-peruviane-argentine-conqueistano-lonu-italia\/#article\",\"isPartOf\":{\"@id\":\"https:\/\/www.pressenza.com\/it\/2018\/02\/le-orchestre-giovanili-peruviane-argentine-conqueistano-lonu-italia\/\"},\"author\":{\"name\":\"Redazione Italia\",\"@id\":\"https:\/\/www.pressenza.com\/it\/#\/schema\/person\/d983e81827ae24f2c7b1a2123d197f8d\"},\"headline\":\"Le orchestre giovanili peruviane e argentine conquistano l&#8217;ONU in Italia\",\"datePublished\":\"2018-02-06T16:01:31+00:00\",\"dateModified\":\"2018-02-06T16:34:57+00:00\",\"mainEntityOfPage\":{\"@id\":\"https:\/\/www.pressenza.com\/it\/2018\/02\/le-orchestre-giovanili-peruviane-argentine-conqueistano-lonu-italia\/\"},\"wordCount\":408,\"publisher\":{\"@id\":\"https:\/\/www.pressenza.com\/it\/#organization\"},\"image\":{\"@id\":\"https:\/\/www.pressenza.com\/it\/2018\/02\/le-orchestre-giovanili-peruviane-argentine-conqueistano-lonu-italia\/#primaryimage\"},\"thumbnailUrl\":\"https:\/\/www.pressenza.com\/wp-content\/uploads\/2018\/02\/PEQUENASHUELLAS09.jpg\",\"keywords\":[\"concerto\",\"Marcia Mondiale per la Pace e la Nonviolenza\",\"musica\",\"orchestra\",\"Rafael de la Rubia\",\"Seconda Marcia Mondiale per la Pace e la Nonviolenza\",\"Torino\"],\"articleSection\":[\"Comunicati Stampa\",\"Internazionale\",\"Nonviolenza\",\"Pace e Disarmo\"],\"inLanguage\":\"it-IT\"},{\"@type\":\"WebPage\",\"@id\":\"https:\/\/www.pressenza.com\/it\/2018\/02\/le-orchestre-giovanili-peruviane-argentine-conqueistano-lonu-italia\/\",\"url\":\"https:\/\/www.pressenza.com\/it\/2018\/02\/le-orchestre-giovanili-peruviane-argentine-conqueistano-lonu-italia\/\",\"name\":\"Le orchestre giovanili peruviane e argentine conquistano l'ONU in Italia\",\"isPartOf\":{\"@id\":\"https:\/\/www.pressenza.com\/it\/#website\"},\"primaryImageOfPage\":{\"@id\":\"https:\/\/www.pressenza.com\/it\/2018\/02\/le-orchestre-giovanili-peruviane-argentine-conqueistano-lonu-italia\/#primaryimage\"},\"image\":{\"@id\":\"https:\/\/www.pressenza.com\/it\/2018\/02\/le-orchestre-giovanili-peruviane-argentine-conqueistano-lonu-italia\/#primaryimage\"},\"thumbnailUrl\":\"https:\/\/www.pressenza.com\/wp-content\/uploads\/2018\/02\/PEQUENASHUELLAS09.jpg\",\"datePublished\":\"2018-02-06T16:01:31+00:00\",\"dateModified\":\"2018-02-06T16:34:57+00:00\",\"description\":\"I giovani musicisti sono arrivati nel capoluogo piemontese per partecipare al \u201cXV\u00b0 Incontro Internazionale di bambini e Giovani per la Pace, la Fraternit\u00e0\",\"breadcrumb\":{\"@id\":\"https:\/\/www.pressenza.com\/it\/2018\/02\/le-orchestre-giovanili-peruviane-argentine-conqueistano-lonu-italia\/#breadcrumb\"},\"inLanguage\":\"it-IT\",\"potentialAction\":[{\"@type\":\"ReadAction\",\"target\":[\"https:\/\/www.pressenza.com\/it\/2018\/02\/le-orchestre-giovanili-peruviane-argentine-conqueistano-lonu-italia\/\"]}]},{\"@type\":\"ImageObject\",\"inLanguage\":\"it-IT\",\"@id\":\"https:\/\/www.pressenza.com\/it\/2018\/02\/le-orchestre-giovanili-peruviane-argentine-conqueistano-lonu-italia\/#primaryimage\",\"url\":\"https:\/\/www.pressenza.com\/wp-content\/uploads\/2018\/02\/PEQUENASHUELLAS09.jpg\",\"contentUrl\":\"https:\/\/www.pressenza.com\/wp-content\/uploads\/2018\/02\/PEQUENASHUELLAS09.jpg\",\"width\":1084,\"height\":723},{\"@type\":\"BreadcrumbList\",\"@id\":\"https:\/\/www.pressenza.com\/it\/2018\/02\/le-orchestre-giovanili-peruviane-argentine-conqueistano-lonu-italia\/#breadcrumb\",\"itemListElement\":[{\"@type\":\"ListItem\",\"position\":1,\"name\":\"Accueil\",\"item\":\"https:\/\/www.pressenza.com\/it\/\"},{\"@type\":\"ListItem\",\"position\":2,\"name\":\"Le orchestre giovanili peruviane e argentine conquistano l&#8217;ONU in Italia\"}]},{\"@type\":\"WebSite\",\"@id\":\"https:\/\/www.pressenza.com\/it\/#website\",\"url\":\"https:\/\/www.pressenza.com\/it\/\",\"name\":\"Pressenza\",\"description\":\"Agenzia di Stampa Internazionale\",\"publisher\":{\"@id\":\"https:\/\/www.pressenza.com\/it\/#organization\"},\"potentialAction\":[{\"@type\":\"SearchAction\",\"target\":{\"@type\":\"EntryPoint\",\"urlTemplate\":\"https:\/\/www.pressenza.com\/it\/?s={search_term_string}\"},\"query-input\":{\"@type\":\"PropertyValueSpecification\",\"valueRequired\":true,\"valueName\":\"search_term_string\"}}],\"inLanguage\":\"it-IT\"},{\"@type\":\"Organization\",\"@id\":\"https:\/\/www.pressenza.com\/it\/#organization\",\"name\":\"Pressenza\",\"url\":\"https:\/\/www.pressenza.com\/it\/\",\"logo\":{\"@type\":\"ImageObject\",\"inLanguage\":\"it-IT\",\"@id\":\"https:\/\/www.pressenza.com\/it\/#\/schema\/logo\/image\/\",\"url\":\"https:\/\/www.pressenza.com\/wp-content\/uploads\/2022\/10\/pressenza_logo_200x200.jpg\",\"contentUrl\":\"https:\/\/www.pressenza.com\/wp-content\/uploads\/2022\/10\/pressenza_logo_200x200.jpg\",\"width\":200,\"height\":200,\"caption\":\"Pressenza\"},\"image\":{\"@id\":\"https:\/\/www.pressenza.com\/it\/#\/schema\/logo\/image\/\"},\"sameAs\":[\"https:\/\/www.facebook.com\/PressenzaItalia\",\"https:\/\/x.com\/PressenzaIPA\"]},{\"@type\":\"Person\",\"@id\":\"https:\/\/www.pressenza.com\/it\/#\/schema\/person\/d983e81827ae24f2c7b1a2123d197f8d\",\"name\":\"Redazione Italia\",\"description\":\"News from the Pressenza Bureau in Italy\",\"sameAs\":[\"https:\/\/www.pressenza.com\/it\/author\/redazione-italia\/\",\"https:\/\/www.facebook.com\/PressenzaItalia\",\"https:\/\/www.instagram.com\/pressenza_italia\/\",\"https:\/\/x.com\/pressenza_it\",\"https:\/\/www.youtube.com\/channel\/UCSalEIWjE1RSxkwjfftFuqg\"],\"url\":\"https:\/\/www.pressenza.com\/it\/author\/redazione-italia\/\"}]}<\/script>\n<!-- \/ Yoast SEO plugin. -->","yoast_head_json":{"title":"Le orchestre giovanili peruviane e argentine conquistano l'ONU in Italia","description":"I giovani musicisti sono arrivati nel capoluogo piemontese per partecipare al \u201cXV\u00b0 Incontro Internazionale di bambini e Giovani per la Pace, la Fraternit\u00e0","robots":{"index":"index","follow":"follow","max-snippet":"max-snippet:-1","max-image-preview":"max-image-preview:large","max-video-preview":"max-video-preview:-1"},"canonical":"https:\/\/www.pressenza.com\/it\/2018\/02\/le-orchestre-giovanili-peruviane-argentine-conqueistano-lonu-italia\/","og_locale":"it_IT","og_type":"article","og_title":"Le orchestre giovanili peruviane e argentine conquistano l'ONU in Italia","og_description":"I giovani musicisti sono arrivati nel capoluogo piemontese per partecipare al \u201cXV\u00b0 Incontro Internazionale di bambini e Giovani per la Pace, la Fraternit\u00e0","og_url":"https:\/\/www.pressenza.com\/it\/2018\/02\/le-orchestre-giovanili-peruviane-argentine-conqueistano-lonu-italia\/","og_site_name":"Pressenza","article_publisher":"https:\/\/www.facebook.com\/PressenzaItalia","article_author":"https:\/\/www.facebook.com\/PressenzaItalia","article_published_time":"2018-02-06T16:01:31+00:00","article_modified_time":"2018-02-06T16:34:57+00:00","og_image":[{"width":1084,"height":723,"url":"https:\/\/www.pressenza.com\/wp-content\/uploads\/2018\/02\/PEQUENASHUELLAS09.jpg","type":"image\/jpeg"}],"author":"Redazione Italia","twitter_card":"summary_large_image","twitter_creator":"@pressenza_it","twitter_site":"@PressenzaIPA","twitter_misc":{"Scritto da":"Redazione Italia","Tempo di lettura stimato":"2 minuti"},"schema":{"@context":"https:\/\/schema.org","@graph":[{"@type":"Article","@id":"https:\/\/www.pressenza.com\/it\/2018\/02\/le-orchestre-giovanili-peruviane-argentine-conqueistano-lonu-italia\/#article","isPartOf":{"@id":"https:\/\/www.pressenza.com\/it\/2018\/02\/le-orchestre-giovanili-peruviane-argentine-conqueistano-lonu-italia\/"},"author":{"name":"Redazione Italia","@id":"https:\/\/www.pressenza.com\/it\/#\/schema\/person\/d983e81827ae24f2c7b1a2123d197f8d"},"headline":"Le orchestre giovanili peruviane e argentine conquistano l&#8217;ONU in Italia","datePublished":"2018-02-06T16:01:31+00:00","dateModified":"2018-02-06T16:34:57+00:00","mainEntityOfPage":{"@id":"https:\/\/www.pressenza.com\/it\/2018\/02\/le-orchestre-giovanili-peruviane-argentine-conqueistano-lonu-italia\/"},"wordCount":408,"publisher":{"@id":"https:\/\/www.pressenza.com\/it\/#organization"},"image":{"@id":"https:\/\/www.pressenza.com\/it\/2018\/02\/le-orchestre-giovanili-peruviane-argentine-conqueistano-lonu-italia\/#primaryimage"},"thumbnailUrl":"https:\/\/www.pressenza.com\/wp-content\/uploads\/2018\/02\/PEQUENASHUELLAS09.jpg","keywords":["concerto","Marcia Mondiale per la Pace e la Nonviolenza","musica","orchestra","Rafael de la Rubia","Seconda Marcia Mondiale per la Pace e la Nonviolenza","Torino"],"articleSection":["Comunicati Stampa","Internazionale","Nonviolenza","Pace e Disarmo"],"inLanguage":"it-IT"},{"@type":"WebPage","@id":"https:\/\/www.pressenza.com\/it\/2018\/02\/le-orchestre-giovanili-peruviane-argentine-conqueistano-lonu-italia\/","url":"https:\/\/www.pressenza.com\/it\/2018\/02\/le-orchestre-giovanili-peruviane-argentine-conqueistano-lonu-italia\/","name":"Le orchestre giovanili peruviane e argentine conquistano l'ONU in Italia","isPartOf":{"@id":"https:\/\/www.pressenza.com\/it\/#website"},"primaryImageOfPage":{"@id":"https:\/\/www.pressenza.com\/it\/2018\/02\/le-orchestre-giovanili-peruviane-argentine-conqueistano-lonu-italia\/#primaryimage"},"image":{"@id":"https:\/\/www.pressenza.com\/it\/2018\/02\/le-orchestre-giovanili-peruviane-argentine-conqueistano-lonu-italia\/#primaryimage"},"thumbnailUrl":"https:\/\/www.pressenza.com\/wp-content\/uploads\/2018\/02\/PEQUENASHUELLAS09.jpg","datePublished":"2018-02-06T16:01:31+00:00","dateModified":"2018-02-06T16:34:57+00:00","description":"I giovani musicisti sono arrivati nel capoluogo piemontese per partecipare al \u201cXV\u00b0 Incontro Internazionale di bambini e Giovani per la Pace, la Fraternit\u00e0","breadcrumb":{"@id":"https:\/\/www.pressenza.com\/it\/2018\/02\/le-orchestre-giovanili-peruviane-argentine-conqueistano-lonu-italia\/#breadcrumb"},"inLanguage":"it-IT","potentialAction":[{"@type":"ReadAction","target":["https:\/\/www.pressenza.com\/it\/2018\/02\/le-orchestre-giovanili-peruviane-argentine-conqueistano-lonu-italia\/"]}]},{"@type":"ImageObject","inLanguage":"it-IT","@id":"https:\/\/www.pressenza.com\/it\/2018\/02\/le-orchestre-giovanili-peruviane-argentine-conqueistano-lonu-italia\/#primaryimage","url":"https:\/\/www.pressenza.com\/wp-content\/uploads\/2018\/02\/PEQUENASHUELLAS09.jpg","contentUrl":"https:\/\/www.pressenza.com\/wp-content\/uploads\/2018\/02\/PEQUENASHUELLAS09.jpg","width":1084,"height":723},{"@type":"BreadcrumbList","@id":"https:\/\/www.pressenza.com\/it\/2018\/02\/le-orchestre-giovanili-peruviane-argentine-conqueistano-lonu-italia\/#breadcrumb","itemListElement":[{"@type":"ListItem","position":1,"name":"Accueil","item":"https:\/\/www.pressenza.com\/it\/"},{"@type":"ListItem","position":2,"name":"Le orchestre giovanili peruviane e argentine conquistano l&#8217;ONU in Italia"}]},{"@type":"WebSite","@id":"https:\/\/www.pressenza.com\/it\/#website","url":"https:\/\/www.pressenza.com\/it\/","name":"Pressenza","description":"Agenzia di Stampa Internazionale","publisher":{"@id":"https:\/\/www.pressenza.com\/it\/#organization"},"potentialAction":[{"@type":"SearchAction","target":{"@type":"EntryPoint","urlTemplate":"https:\/\/www.pressenza.com\/it\/?s={search_term_string}"},"query-input":{"@type":"PropertyValueSpecification","valueRequired":true,"valueName":"search_term_string"}}],"inLanguage":"it-IT"},{"@type":"Organization","@id":"https:\/\/www.pressenza.com\/it\/#organization","name":"Pressenza","url":"https:\/\/www.pressenza.com\/it\/","logo":{"@type":"ImageObject","inLanguage":"it-IT","@id":"https:\/\/www.pressenza.com\/it\/#\/schema\/logo\/image\/","url":"https:\/\/www.pressenza.com\/wp-content\/uploads\/2022\/10\/pressenza_logo_200x200.jpg","contentUrl":"https:\/\/www.pressenza.com\/wp-content\/uploads\/2022\/10\/pressenza_logo_200x200.jpg","width":200,"height":200,"caption":"Pressenza"},"image":{"@id":"https:\/\/www.pressenza.com\/it\/#\/schema\/logo\/image\/"},"sameAs":["https:\/\/www.facebook.com\/PressenzaItalia","https:\/\/x.com\/PressenzaIPA"]},{"@type":"Person","@id":"https:\/\/www.pressenza.com\/it\/#\/schema\/person\/d983e81827ae24f2c7b1a2123d197f8d","name":"Redazione Italia","description":"News from the Pressenza Bureau in Italy","sameAs":["https:\/\/www.pressenza.com\/it\/author\/redazione-italia\/","https:\/\/www.facebook.com\/PressenzaItalia","https:\/\/www.instagram.com\/pressenza_italia\/","https:\/\/x.com\/pressenza_it","https:\/\/www.youtube.com\/channel\/UCSalEIWjE1RSxkwjfftFuqg"],"url":"https:\/\/www.pressenza.com\/it\/author\/redazione-italia\/"}]}},"place":"Torino","original_article_url":"","_links":{"self":[{"href":"https:\/\/www.pressenza.com\/it\/wp-json\/wp\/v2\/posts\/592984","targetHints":{"allow":["GET"]}}],"collection":[{"href":"https:\/\/www.pressenza.com\/it\/wp-json\/wp\/v2\/posts"}],"about":[{"href":"https:\/\/www.pressenza.com\/it\/wp-json\/wp\/v2\/types\/post"}],"author":[{"embeddable":true,"href":"https:\/\/www.pressenza.com\/it\/wp-json\/wp\/v2\/users\/594"}],"replies":[{"embeddable":true,"href":"https:\/\/www.pressenza.com\/it\/wp-json\/wp\/v2\/comments?post=592984"}],"version-history":[{"count":0,"href":"https:\/\/www.pressenza.com\/it\/wp-json\/wp\/v2\/posts\/592984\/revisions"}],"wp:featuredmedia":[{"embeddable":true,"href":"https:\/\/www.pressenza.com\/it\/wp-json\/wp\/v2\/media\/591964"}],"wp:attachment":[{"href":"https:\/\/www.pressenza.com\/it\/wp-json\/wp\/v2\/media?parent=592984"}],"wp:term":[{"taxonomy":"category","embeddable":true,"href":"https:\/\/www.pressenza.com\/it\/wp-json\/wp\/v2\/categories?post=592984"},{"taxonomy":"post_tag","embeddable":true,"href":"https:\/\/www.pressenza.com\/it\/wp-json\/wp\/v2\/tags?post=592984"}],"curies":[{"name":"wp","href":"https:\/\/api.w.org\/{rel}","templated":true}]}}