{"id":592410,"date":"2018-02-05T13:25:13","date_gmt":"2018-02-05T13:25:13","guid":{"rendered":"https:\/\/www.pressenza.com\/?p=592410"},"modified":"2018-02-05T13:25:13","modified_gmt":"2018-02-05T13:25:13","slug":"convegno-sanita-cooperazione-cosi-comune-cerveteri-lordine-dei-medici-roma-lasl-rm4-incentivano-la-cooperazione-socio-sanitaria-medici-cittadini-istituzioni","status":"publish","type":"post","link":"https:\/\/www.pressenza.com\/it\/2018\/02\/convegno-sanita-cooperazione-cosi-comune-cerveteri-lordine-dei-medici-roma-lasl-rm4-incentivano-la-cooperazione-socio-sanitaria-medici-cittadini-istituzioni\/","title":{"rendered":"Convegno Sanit\u00e0 e Cooperazione: Cos\u00ec il Comune di Cerveteri, l&#8217;Ordine dei Medici di Roma e l&#8217;ASL Rm4 incentivano la cooperazione socio-sanitaria tra medici, cittadini e Istituzioni"},"content":{"rendered":"<div>\n<p><strong>Aodi e Pascucci:\u00a0 &#8220;Convegno del 7 febbraio a Cerveteri: Obiettivo scrivere insieme il manifesto Sanit\u00e0, Comuni e cooperazione internazionale e combattere il razzismo razziale&#8221;<\/strong><\/p>\n<p><strong>Roma 5 febbraio 2018- <\/strong>Si svolger\u00e0 in data 7 febbraio presso il Comune di Cerveteri, dalle ore 11.00 alle ore 13.00, il Convegno Sanit\u00e0, Comuni e territorio: servizi, prospettive e cooperazione internazionali: un evento aperto a tutti che punta a coinvolgere Rappresentanti istituzionali, Presidenti di Comunit\u00e0 e Associazioni Internazionali, professionisti della Sanit\u00e0 e cittadini per incentivare la cooperazione, la ricerca scientifica e il legame Sanit\u00e0-territorio. L&#8217;iniziativa promossa dal Comune di Cerveteri, l&#8217;Ordine dei Medici di Roma e provincia e la Asl Rm4, punta a redigere il manifesto &#8220;Sanit\u00e0, Comuni e cooperazione internazionale&#8221;, primo passo di coinvolgimento attivo dei partecipanti per ottimizzare il SSN e insieme sostenere la cooperazione internazionale.<\/p>\n<p>Cos\u00ec alle porte del Convegno il Sindaco della citt\u00e0 ospitante,\u00a0<strong>Alessio Pascucci,\u00a0<\/strong>dichiara: &#8220;quello che da diversi anni si \u00e8 instaurato con l\u2019Ordine dei Medici, ed in particolar modo con il prof. Aodi, \u00e8 un rapporto estremamente positivo. Gi\u00e0 in passato la nostra Amministrazione ha avuto l\u2019occasione di collaborare sia con l\u2019Ordine che con lo stesso Aodi sui pi\u00f9 svariati temi, non solo quello legato alla sanit\u00e0 ma anche quello legato all\u2019integrazione. Sar\u00e0 un incontro estremamente interessante, legato ad un mondo estremamente vasto come quello della sanit\u00e0. Siamo soddisfatti di aver trovato interlocutori credibili e affidabili per affrontare le tematiche della sanit\u00e0 nel nostro territorio e siamo orgogliosi di poter ospitare a Cerveteri una delle prime iniziative dell\u2019Ordine dei Medici di Roma e provincia guidato dal Presidente Magi.<\/p>\n<p>Vogliamo ascoltare i cittadini, i Sindaci e gli amministratori locali e, insieme all\u2019Ordine fare proposte per intensificare la prevenzione e la collaborazione tra i medici di famiglia del territorio e i medici ospedalieri. Ci tengo infine a ringraziare il prof. Foad Aodi per il suo straordinario impegno nella sanit\u00e0 e nella cooperazione internazionale e per aver scelto Cerveteri come luogo in cui realizzare iniziative di grandissimo prestigio\u201d.<\/p>\n<p><strong>\u00a0 Il prof. Foad Aodi,\u00a0<\/strong>fondatore dell&#8217;Associazione Medici di Origine Straniera in Italia (Amsi), del Movimento Internazionale Uniti per Unire e Consigliere dell&#8217;Ordine dei Medici di Roma aggiunge: &#8220;l&#8217;Ordine dei Medici inizia la sua missione per incontrare e ascoltare il territorio, le Autorit\u00e0, le Associazioni, ma soprattutto i cittadini e combattere e le aggressioni contro i medici .Questo &#8211; prosegue &#8211; \u00e8 indubbiamente un momento molto delicato per quanto riguarda la diffidenza nei confronti dei professionisti della Sanit\u00e0 e cittadini\u00a0 di origine straniera che esercitano in Italia, come testimoniano i recenti episodi razzisti avvenuti in Lombardia e a Macerata. Ringraziamo a nome di Amsi, Uniti per Unire l&#8217;Ordine dei Medici di Roma e la FNOMCeO per la loro solidariet\u00e0 esternata nei confronti dei cittadini stranieri che sono stati offesi. Dobbiamo intensificare il dialogo e la conoscenza religiosa che come la Sanit\u00e0 sono strumenti per avvicinare i popoli e anche per prevenire le patologie emergenti&#8221;. Conclude.<\/p>\n<\/div>\n<div>\n<p style=\"text-align: center;\">Mercoled\u00ec 7 febbraio 2018 \u2013 ore 10.30 \u2013 13:30<\/p>\n<p style=\"text-align: center;\"><em>Cerveteri, Sala Ruspoli \u2013 Piazza Santa Maria<\/em><\/p>\n<p style=\"text-align: center;\"><strong><u>Programma<\/u><\/strong><\/p>\n<p style=\"text-align: center;\"><u>Introduzione: <\/u><\/p>\n<p style=\"text-align: center;\"><strong>Prof. Foad Aodi\u00a0 <\/strong><\/p>\n<p style=\"text-align: center;\"><em>Consigliere dell\u2019Ordine dei medici e odontoiatri di Roma e provincia e membro del Focal Point per l\u2019integrazione in Italia per l\u2019Alleanza delle Civilt\u00e0 UNAoC-Organismo ONU<\/em><\/p>\n<p style=\"text-align: center;\"><u>Interventi programmati:<\/u><\/p>\n<p style=\"text-align: center;\"><strong>Alessio Pascucci <\/strong><\/p>\n<p style=\"text-align: center;\"><em>Sindaco di Cerveteri<\/em><\/p>\n<p style=\"text-align: center;\"><strong>Prof. Antonio Magi<\/strong><\/p>\n<p style=\"text-align: center;\"><em>Presidente dell\u2019Ordine dei medici e odontoiatri di Roma e provincia<\/em><\/p>\n<p style=\"text-align: center;\"><strong>Dr. ssa Carmela Matera<\/strong><\/p>\n<p style=\"text-align: center;\"><em>Direttore Sanitario Asl Roma4 (Civitavecchia)<\/em><\/p>\n<p style=\"text-align: center;\"><em>Sono invitati ad intervenire: Sindaci, Ambasciate, Autorit\u00e0, Rappresentanti istituzionali e delle Associazioni locali e nazionali per scrivere insieme un <\/em><\/p>\n<p style=\"text-align: center;\"><strong><em>#Manifesto Sanit\u00e0-Comuni-Cooperazione Internazionale<\/em><\/strong><\/p>\n<p style=\"text-align: center;\">Ore 13.30 \u2013 Buffet Lunch<\/p>\n<p style=\"text-align: center;\"><strong>R.S.V.P.<\/strong> agli indirizzi della segreteria organizzativa:<\/p>\n<p style=\"text-align: center;\">uf.stampalasvolta@libero.it; <a href=\"mailto:ufficio.sindaco@comune.cerveteri.rm.it\">ufficio.sindaco@comune.cerveteri.rm.it<\/a>; foad.aodi@ordinemediciroma.it<\/p>\n<p style=\"text-align: center;\">Per informazioni: tel. 334.6161251\/ 333.2590836<\/p>\n<\/div>\n<div>\n<div class=\"t pg-1m0 pg-1x18 pg-1h8 pg-1y1c pg-1ff4 pg-1fs3 pg-1fc0 pg-1sc0 pg-1ls0 pg-1ws0\"><\/div>\n<div class=\"t pg-1m0 pg-1x19 pg-1h8 pg-1y1d pg-1ff4 pg-1fs3 pg-1fc0 pg-1sc0 pg-1ls0 pg-1ws0\"><\/div>\n<\/div>\n","protected":false},"excerpt":{"rendered":"<p>Aodi e Pascucci:\u00a0 &#8220;Convegno del 7 febbraio a Cerveteri: Obiettivo scrivere insieme il manifesto Sanit\u00e0, Comuni e cooperazione internazionale e combattere il razzismo razziale&#8221; Roma 5 febbraio 2018- Si svolger\u00e0 in data 7 febbraio presso il Comune di Cerveteri, dalle&hellip;<\/p>\n","protected":false},"author":1395,"featured_media":592411,"comment_status":"closed","ping_status":"closed","sticky":false,"template":"","format":"standard","meta":{"footnotes":""},"categories":[150,56,47],"tags":[4047,6718,1800,3316,803],"class_list":["post-592410","post","type-post","status-publish","format-standard","has-post-thumbnail","hentry","category-comunicati-stampa","category-cultura","category-europa","tag-associazioni","tag-comuni","tag-convegno","tag-cooperazione-internazionale","tag-sanita"],"yoast_head":"<!-- This site is optimized with the Yoast SEO plugin v27.1.1 - https:\/\/yoast.com\/product\/yoast-seo-wordpress\/ -->\n<title>Convegno Sanit\u00e0 e Cooperazione: Cos\u00ec il Comune di Cerveteri, l&#039;Ordine dei Medici di Roma e l&#039;ASL Rm4 incentivano la cooperazione socio-sanitaria tra medici, cittadini e Istituzioni<\/title>\n<meta name=\"description\" content=\"Aodi e Pascucci:\u00a0 &quot;Convegno del 7 febbraio a Cerveteri: Obiettivo scrivere insieme il manifesto Sanit\u00e0, Comuni e cooperazione internazionale e combattere\" \/>\n<meta name=\"robots\" content=\"index, follow, max-snippet:-1, max-image-preview:large, max-video-preview:-1\" \/>\n<link rel=\"canonical\" href=\"https:\/\/www.pressenza.com\/it\/2018\/02\/convegno-sanita-cooperazione-cosi-comune-cerveteri-lordine-dei-medici-roma-lasl-rm4-incentivano-la-cooperazione-socio-sanitaria-medici-cittadini-istituzioni\/\" \/>\n<meta property=\"og:locale\" content=\"it_IT\" \/>\n<meta property=\"og:type\" content=\"article\" \/>\n<meta property=\"og:title\" content=\"Convegno Sanit\u00e0 e Cooperazione: Cos\u00ec il Comune di Cerveteri, l&#039;Ordine dei Medici di Roma e l&#039;ASL Rm4 incentivano la cooperazione socio-sanitaria tra medici, cittadini e Istituzioni\" \/>\n<meta property=\"og:description\" content=\"Aodi e Pascucci:\u00a0 &quot;Convegno del 7 febbraio a Cerveteri: Obiettivo scrivere insieme il manifesto Sanit\u00e0, Comuni e cooperazione internazionale e combattere\" \/>\n<meta property=\"og:url\" content=\"https:\/\/www.pressenza.com\/it\/2018\/02\/convegno-sanita-cooperazione-cosi-comune-cerveteri-lordine-dei-medici-roma-lasl-rm4-incentivano-la-cooperazione-socio-sanitaria-medici-cittadini-istituzioni\/\" \/>\n<meta property=\"og:site_name\" content=\"Pressenza\" \/>\n<meta property=\"article:publisher\" content=\"https:\/\/www.facebook.com\/PressenzaItalia\" \/>\n<meta property=\"article:published_time\" content=\"2018-02-05T13:25:13+00:00\" \/>\n<meta property=\"og:image\" content=\"https:\/\/www.pressenza.com\/wp-content\/uploads\/2018\/02\/amsi_1506.jpg\" \/>\n\t<meta property=\"og:image:width\" content=\"882\" \/>\n\t<meta property=\"og:image:height\" content=\"350\" \/>\n\t<meta property=\"og:image:type\" content=\"image\/jpeg\" \/>\n<meta name=\"author\" content=\"AMSI Associazione di Medici di Origine Straniera in Italia\" \/>\n<meta name=\"twitter:card\" content=\"summary_large_image\" \/>\n<meta name=\"twitter:creator\" content=\"@PressenzaIPA\" \/>\n<meta name=\"twitter:site\" content=\"@PressenzaIPA\" \/>\n<meta name=\"twitter:label1\" content=\"Scritto da\" \/>\n\t<meta name=\"twitter:data1\" content=\"AMSI Associazione di Medici di Origine Straniera in Italia\" \/>\n\t<meta name=\"twitter:label2\" content=\"Tempo di lettura stimato\" \/>\n\t<meta name=\"twitter:data2\" content=\"3 minuti\" \/>\n<script type=\"application\/ld+json\" class=\"yoast-schema-graph\">{\"@context\":\"https:\/\/schema.org\",\"@graph\":[{\"@type\":\"Article\",\"@id\":\"https:\/\/www.pressenza.com\/it\/2018\/02\/convegno-sanita-cooperazione-cosi-comune-cerveteri-lordine-dei-medici-roma-lasl-rm4-incentivano-la-cooperazione-socio-sanitaria-medici-cittadini-istituzioni\/#article\",\"isPartOf\":{\"@id\":\"https:\/\/www.pressenza.com\/it\/2018\/02\/convegno-sanita-cooperazione-cosi-comune-cerveteri-lordine-dei-medici-roma-lasl-rm4-incentivano-la-cooperazione-socio-sanitaria-medici-cittadini-istituzioni\/\"},\"author\":{\"name\":\"AMSI Associazione di Medici di Origine Straniera in Italia\",\"@id\":\"https:\/\/www.pressenza.com\/it\/#\/schema\/person\/118138654e7127e8e0943b7ca93bf748\"},\"headline\":\"Convegno Sanit\u00e0 e Cooperazione: Cos\u00ec il Comune di Cerveteri, l&#8217;Ordine dei Medici di Roma e l&#8217;ASL Rm4 incentivano la cooperazione socio-sanitaria tra medici, cittadini e Istituzioni\",\"datePublished\":\"2018-02-05T13:25:13+00:00\",\"mainEntityOfPage\":{\"@id\":\"https:\/\/www.pressenza.com\/it\/2018\/02\/convegno-sanita-cooperazione-cosi-comune-cerveteri-lordine-dei-medici-roma-lasl-rm4-incentivano-la-cooperazione-socio-sanitaria-medici-cittadini-istituzioni\/\"},\"wordCount\":639,\"publisher\":{\"@id\":\"https:\/\/www.pressenza.com\/it\/#organization\"},\"image\":{\"@id\":\"https:\/\/www.pressenza.com\/it\/2018\/02\/convegno-sanita-cooperazione-cosi-comune-cerveteri-lordine-dei-medici-roma-lasl-rm4-incentivano-la-cooperazione-socio-sanitaria-medici-cittadini-istituzioni\/#primaryimage\"},\"thumbnailUrl\":\"https:\/\/www.pressenza.com\/wp-content\/uploads\/2018\/02\/amsi_1506.jpg\",\"keywords\":[\"associazioni\",\"comuni\",\"convegno\",\"cooperazione internazionale\",\"sanit\u00e0\"],\"articleSection\":[\"Comunicati Stampa\",\"Cultura e Media\",\"Europa\"],\"inLanguage\":\"it-IT\"},{\"@type\":\"WebPage\",\"@id\":\"https:\/\/www.pressenza.com\/it\/2018\/02\/convegno-sanita-cooperazione-cosi-comune-cerveteri-lordine-dei-medici-roma-lasl-rm4-incentivano-la-cooperazione-socio-sanitaria-medici-cittadini-istituzioni\/\",\"url\":\"https:\/\/www.pressenza.com\/it\/2018\/02\/convegno-sanita-cooperazione-cosi-comune-cerveteri-lordine-dei-medici-roma-lasl-rm4-incentivano-la-cooperazione-socio-sanitaria-medici-cittadini-istituzioni\/\",\"name\":\"Convegno Sanit\u00e0 e Cooperazione: Cos\u00ec il Comune di Cerveteri, l'Ordine dei Medici di Roma e l'ASL Rm4 incentivano la cooperazione socio-sanitaria tra medici, cittadini e Istituzioni\",\"isPartOf\":{\"@id\":\"https:\/\/www.pressenza.com\/it\/#website\"},\"primaryImageOfPage\":{\"@id\":\"https:\/\/www.pressenza.com\/it\/2018\/02\/convegno-sanita-cooperazione-cosi-comune-cerveteri-lordine-dei-medici-roma-lasl-rm4-incentivano-la-cooperazione-socio-sanitaria-medici-cittadini-istituzioni\/#primaryimage\"},\"image\":{\"@id\":\"https:\/\/www.pressenza.com\/it\/2018\/02\/convegno-sanita-cooperazione-cosi-comune-cerveteri-lordine-dei-medici-roma-lasl-rm4-incentivano-la-cooperazione-socio-sanitaria-medici-cittadini-istituzioni\/#primaryimage\"},\"thumbnailUrl\":\"https:\/\/www.pressenza.com\/wp-content\/uploads\/2018\/02\/amsi_1506.jpg\",\"datePublished\":\"2018-02-05T13:25:13+00:00\",\"description\":\"Aodi e Pascucci:\u00a0 \\\"Convegno del 7 febbraio a Cerveteri: Obiettivo scrivere insieme il manifesto Sanit\u00e0, Comuni e cooperazione internazionale e combattere\",\"breadcrumb\":{\"@id\":\"https:\/\/www.pressenza.com\/it\/2018\/02\/convegno-sanita-cooperazione-cosi-comune-cerveteri-lordine-dei-medici-roma-lasl-rm4-incentivano-la-cooperazione-socio-sanitaria-medici-cittadini-istituzioni\/#breadcrumb\"},\"inLanguage\":\"it-IT\",\"potentialAction\":[{\"@type\":\"ReadAction\",\"target\":[\"https:\/\/www.pressenza.com\/it\/2018\/02\/convegno-sanita-cooperazione-cosi-comune-cerveteri-lordine-dei-medici-roma-lasl-rm4-incentivano-la-cooperazione-socio-sanitaria-medici-cittadini-istituzioni\/\"]}]},{\"@type\":\"ImageObject\",\"inLanguage\":\"it-IT\",\"@id\":\"https:\/\/www.pressenza.com\/it\/2018\/02\/convegno-sanita-cooperazione-cosi-comune-cerveteri-lordine-dei-medici-roma-lasl-rm4-incentivano-la-cooperazione-socio-sanitaria-medici-cittadini-istituzioni\/#primaryimage\",\"url\":\"https:\/\/www.pressenza.com\/wp-content\/uploads\/2018\/02\/amsi_1506.jpg\",\"contentUrl\":\"https:\/\/www.pressenza.com\/wp-content\/uploads\/2018\/02\/amsi_1506.jpg\",\"width\":882,\"height\":350,\"caption\":\"Image processed by CodeCarvings Piczard ### FREE Community Edition ### on 2016-06-15 08:35:49Z | |\"},{\"@type\":\"BreadcrumbList\",\"@id\":\"https:\/\/www.pressenza.com\/it\/2018\/02\/convegno-sanita-cooperazione-cosi-comune-cerveteri-lordine-dei-medici-roma-lasl-rm4-incentivano-la-cooperazione-socio-sanitaria-medici-cittadini-istituzioni\/#breadcrumb\",\"itemListElement\":[{\"@type\":\"ListItem\",\"position\":1,\"name\":\"Accueil\",\"item\":\"https:\/\/www.pressenza.com\/it\/\"},{\"@type\":\"ListItem\",\"position\":2,\"name\":\"Convegno Sanit\u00e0 e Cooperazione: Cos\u00ec il Comune di Cerveteri, l&#8217;Ordine dei Medici di Roma e l&#8217;ASL Rm4 incentivano la cooperazione socio-sanitaria tra medici, cittadini e Istituzioni\"}]},{\"@type\":\"WebSite\",\"@id\":\"https:\/\/www.pressenza.com\/it\/#website\",\"url\":\"https:\/\/www.pressenza.com\/it\/\",\"name\":\"Pressenza\",\"description\":\"Agenzia di Stampa Internazionale\",\"publisher\":{\"@id\":\"https:\/\/www.pressenza.com\/it\/#organization\"},\"potentialAction\":[{\"@type\":\"SearchAction\",\"target\":{\"@type\":\"EntryPoint\",\"urlTemplate\":\"https:\/\/www.pressenza.com\/it\/?s={search_term_string}\"},\"query-input\":{\"@type\":\"PropertyValueSpecification\",\"valueRequired\":true,\"valueName\":\"search_term_string\"}}],\"inLanguage\":\"it-IT\"},{\"@type\":\"Organization\",\"@id\":\"https:\/\/www.pressenza.com\/it\/#organization\",\"name\":\"Pressenza\",\"url\":\"https:\/\/www.pressenza.com\/it\/\",\"logo\":{\"@type\":\"ImageObject\",\"inLanguage\":\"it-IT\",\"@id\":\"https:\/\/www.pressenza.com\/it\/#\/schema\/logo\/image\/\",\"url\":\"https:\/\/www.pressenza.com\/wp-content\/uploads\/2022\/10\/pressenza_logo_200x200.jpg\",\"contentUrl\":\"https:\/\/www.pressenza.com\/wp-content\/uploads\/2022\/10\/pressenza_logo_200x200.jpg\",\"width\":200,\"height\":200,\"caption\":\"Pressenza\"},\"image\":{\"@id\":\"https:\/\/www.pressenza.com\/it\/#\/schema\/logo\/image\/\"},\"sameAs\":[\"https:\/\/www.facebook.com\/PressenzaItalia\",\"https:\/\/x.com\/PressenzaIPA\"]},{\"@type\":\"Person\",\"@id\":\"https:\/\/www.pressenza.com\/it\/#\/schema\/person\/118138654e7127e8e0943b7ca93bf748\",\"name\":\"AMSI Associazione di Medici di Origine Straniera in Italia\",\"description\":\"L'Associazione di Medici di Origine Straniera in Italia (AMSI) \u00e8 stata fondata nel 2001. Il suo lavoro si concentra principalmente sull'integrazione dei Professionisti della salute di origine straniera in Italia promuovendo la loro interazione con i colleghi italiani, con le Istituzioni, le Ambasciate e le altre associazioni professionali.\",\"url\":\"https:\/\/www.pressenza.com\/it\/author\/amsi\/\"}]}<\/script>\n<!-- \/ Yoast SEO plugin. -->","yoast_head_json":{"title":"Convegno Sanit\u00e0 e Cooperazione: Cos\u00ec il Comune di Cerveteri, l'Ordine dei Medici di Roma e l'ASL Rm4 incentivano la cooperazione socio-sanitaria tra medici, cittadini e Istituzioni","description":"Aodi e Pascucci:\u00a0 \"Convegno del 7 febbraio a Cerveteri: Obiettivo scrivere insieme il manifesto Sanit\u00e0, Comuni e cooperazione internazionale e combattere","robots":{"index":"index","follow":"follow","max-snippet":"max-snippet:-1","max-image-preview":"max-image-preview:large","max-video-preview":"max-video-preview:-1"},"canonical":"https:\/\/www.pressenza.com\/it\/2018\/02\/convegno-sanita-cooperazione-cosi-comune-cerveteri-lordine-dei-medici-roma-lasl-rm4-incentivano-la-cooperazione-socio-sanitaria-medici-cittadini-istituzioni\/","og_locale":"it_IT","og_type":"article","og_title":"Convegno Sanit\u00e0 e Cooperazione: Cos\u00ec il Comune di Cerveteri, l'Ordine dei Medici di Roma e l'ASL Rm4 incentivano la cooperazione socio-sanitaria tra medici, cittadini e Istituzioni","og_description":"Aodi e Pascucci:\u00a0 \"Convegno del 7 febbraio a Cerveteri: Obiettivo scrivere insieme il manifesto Sanit\u00e0, Comuni e cooperazione internazionale e combattere","og_url":"https:\/\/www.pressenza.com\/it\/2018\/02\/convegno-sanita-cooperazione-cosi-comune-cerveteri-lordine-dei-medici-roma-lasl-rm4-incentivano-la-cooperazione-socio-sanitaria-medici-cittadini-istituzioni\/","og_site_name":"Pressenza","article_publisher":"https:\/\/www.facebook.com\/PressenzaItalia","article_published_time":"2018-02-05T13:25:13+00:00","og_image":[{"width":882,"height":350,"url":"https:\/\/www.pressenza.com\/wp-content\/uploads\/2018\/02\/amsi_1506.jpg","type":"image\/jpeg"}],"author":"AMSI Associazione di Medici di Origine Straniera in Italia","twitter_card":"summary_large_image","twitter_creator":"@PressenzaIPA","twitter_site":"@PressenzaIPA","twitter_misc":{"Scritto da":"AMSI Associazione di Medici di Origine Straniera in Italia","Tempo di lettura stimato":"3 minuti"},"schema":{"@context":"https:\/\/schema.org","@graph":[{"@type":"Article","@id":"https:\/\/www.pressenza.com\/it\/2018\/02\/convegno-sanita-cooperazione-cosi-comune-cerveteri-lordine-dei-medici-roma-lasl-rm4-incentivano-la-cooperazione-socio-sanitaria-medici-cittadini-istituzioni\/#article","isPartOf":{"@id":"https:\/\/www.pressenza.com\/it\/2018\/02\/convegno-sanita-cooperazione-cosi-comune-cerveteri-lordine-dei-medici-roma-lasl-rm4-incentivano-la-cooperazione-socio-sanitaria-medici-cittadini-istituzioni\/"},"author":{"name":"AMSI Associazione di Medici di Origine Straniera in Italia","@id":"https:\/\/www.pressenza.com\/it\/#\/schema\/person\/118138654e7127e8e0943b7ca93bf748"},"headline":"Convegno Sanit\u00e0 e Cooperazione: Cos\u00ec il Comune di Cerveteri, l&#8217;Ordine dei Medici di Roma e l&#8217;ASL Rm4 incentivano la cooperazione socio-sanitaria tra medici, cittadini e Istituzioni","datePublished":"2018-02-05T13:25:13+00:00","mainEntityOfPage":{"@id":"https:\/\/www.pressenza.com\/it\/2018\/02\/convegno-sanita-cooperazione-cosi-comune-cerveteri-lordine-dei-medici-roma-lasl-rm4-incentivano-la-cooperazione-socio-sanitaria-medici-cittadini-istituzioni\/"},"wordCount":639,"publisher":{"@id":"https:\/\/www.pressenza.com\/it\/#organization"},"image":{"@id":"https:\/\/www.pressenza.com\/it\/2018\/02\/convegno-sanita-cooperazione-cosi-comune-cerveteri-lordine-dei-medici-roma-lasl-rm4-incentivano-la-cooperazione-socio-sanitaria-medici-cittadini-istituzioni\/#primaryimage"},"thumbnailUrl":"https:\/\/www.pressenza.com\/wp-content\/uploads\/2018\/02\/amsi_1506.jpg","keywords":["associazioni","comuni","convegno","cooperazione internazionale","sanit\u00e0"],"articleSection":["Comunicati Stampa","Cultura e Media","Europa"],"inLanguage":"it-IT"},{"@type":"WebPage","@id":"https:\/\/www.pressenza.com\/it\/2018\/02\/convegno-sanita-cooperazione-cosi-comune-cerveteri-lordine-dei-medici-roma-lasl-rm4-incentivano-la-cooperazione-socio-sanitaria-medici-cittadini-istituzioni\/","url":"https:\/\/www.pressenza.com\/it\/2018\/02\/convegno-sanita-cooperazione-cosi-comune-cerveteri-lordine-dei-medici-roma-lasl-rm4-incentivano-la-cooperazione-socio-sanitaria-medici-cittadini-istituzioni\/","name":"Convegno Sanit\u00e0 e Cooperazione: Cos\u00ec il Comune di Cerveteri, l'Ordine dei Medici di Roma e l'ASL Rm4 incentivano la cooperazione socio-sanitaria tra medici, cittadini e Istituzioni","isPartOf":{"@id":"https:\/\/www.pressenza.com\/it\/#website"},"primaryImageOfPage":{"@id":"https:\/\/www.pressenza.com\/it\/2018\/02\/convegno-sanita-cooperazione-cosi-comune-cerveteri-lordine-dei-medici-roma-lasl-rm4-incentivano-la-cooperazione-socio-sanitaria-medici-cittadini-istituzioni\/#primaryimage"},"image":{"@id":"https:\/\/www.pressenza.com\/it\/2018\/02\/convegno-sanita-cooperazione-cosi-comune-cerveteri-lordine-dei-medici-roma-lasl-rm4-incentivano-la-cooperazione-socio-sanitaria-medici-cittadini-istituzioni\/#primaryimage"},"thumbnailUrl":"https:\/\/www.pressenza.com\/wp-content\/uploads\/2018\/02\/amsi_1506.jpg","datePublished":"2018-02-05T13:25:13+00:00","description":"Aodi e Pascucci:\u00a0 \"Convegno del 7 febbraio a Cerveteri: Obiettivo scrivere insieme il manifesto Sanit\u00e0, Comuni e cooperazione internazionale e combattere","breadcrumb":{"@id":"https:\/\/www.pressenza.com\/it\/2018\/02\/convegno-sanita-cooperazione-cosi-comune-cerveteri-lordine-dei-medici-roma-lasl-rm4-incentivano-la-cooperazione-socio-sanitaria-medici-cittadini-istituzioni\/#breadcrumb"},"inLanguage":"it-IT","potentialAction":[{"@type":"ReadAction","target":["https:\/\/www.pressenza.com\/it\/2018\/02\/convegno-sanita-cooperazione-cosi-comune-cerveteri-lordine-dei-medici-roma-lasl-rm4-incentivano-la-cooperazione-socio-sanitaria-medici-cittadini-istituzioni\/"]}]},{"@type":"ImageObject","inLanguage":"it-IT","@id":"https:\/\/www.pressenza.com\/it\/2018\/02\/convegno-sanita-cooperazione-cosi-comune-cerveteri-lordine-dei-medici-roma-lasl-rm4-incentivano-la-cooperazione-socio-sanitaria-medici-cittadini-istituzioni\/#primaryimage","url":"https:\/\/www.pressenza.com\/wp-content\/uploads\/2018\/02\/amsi_1506.jpg","contentUrl":"https:\/\/www.pressenza.com\/wp-content\/uploads\/2018\/02\/amsi_1506.jpg","width":882,"height":350,"caption":"Image processed by CodeCarvings Piczard ### FREE Community Edition ### on 2016-06-15 08:35:49Z | |"},{"@type":"BreadcrumbList","@id":"https:\/\/www.pressenza.com\/it\/2018\/02\/convegno-sanita-cooperazione-cosi-comune-cerveteri-lordine-dei-medici-roma-lasl-rm4-incentivano-la-cooperazione-socio-sanitaria-medici-cittadini-istituzioni\/#breadcrumb","itemListElement":[{"@type":"ListItem","position":1,"name":"Accueil","item":"https:\/\/www.pressenza.com\/it\/"},{"@type":"ListItem","position":2,"name":"Convegno Sanit\u00e0 e Cooperazione: Cos\u00ec il Comune di Cerveteri, l&#8217;Ordine dei Medici di Roma e l&#8217;ASL Rm4 incentivano la cooperazione socio-sanitaria tra medici, cittadini e Istituzioni"}]},{"@type":"WebSite","@id":"https:\/\/www.pressenza.com\/it\/#website","url":"https:\/\/www.pressenza.com\/it\/","name":"Pressenza","description":"Agenzia di Stampa Internazionale","publisher":{"@id":"https:\/\/www.pressenza.com\/it\/#organization"},"potentialAction":[{"@type":"SearchAction","target":{"@type":"EntryPoint","urlTemplate":"https:\/\/www.pressenza.com\/it\/?s={search_term_string}"},"query-input":{"@type":"PropertyValueSpecification","valueRequired":true,"valueName":"search_term_string"}}],"inLanguage":"it-IT"},{"@type":"Organization","@id":"https:\/\/www.pressenza.com\/it\/#organization","name":"Pressenza","url":"https:\/\/www.pressenza.com\/it\/","logo":{"@type":"ImageObject","inLanguage":"it-IT","@id":"https:\/\/www.pressenza.com\/it\/#\/schema\/logo\/image\/","url":"https:\/\/www.pressenza.com\/wp-content\/uploads\/2022\/10\/pressenza_logo_200x200.jpg","contentUrl":"https:\/\/www.pressenza.com\/wp-content\/uploads\/2022\/10\/pressenza_logo_200x200.jpg","width":200,"height":200,"caption":"Pressenza"},"image":{"@id":"https:\/\/www.pressenza.com\/it\/#\/schema\/logo\/image\/"},"sameAs":["https:\/\/www.facebook.com\/PressenzaItalia","https:\/\/x.com\/PressenzaIPA"]},{"@type":"Person","@id":"https:\/\/www.pressenza.com\/it\/#\/schema\/person\/118138654e7127e8e0943b7ca93bf748","name":"AMSI Associazione di Medici di Origine Straniera in Italia","description":"L'Associazione di Medici di Origine Straniera in Italia (AMSI) \u00e8 stata fondata nel 2001. Il suo lavoro si concentra principalmente sull'integrazione dei Professionisti della salute di origine straniera in Italia promuovendo la loro interazione con i colleghi italiani, con le Istituzioni, le Ambasciate e le altre associazioni professionali.","url":"https:\/\/www.pressenza.com\/it\/author\/amsi\/"}]}},"place":"","original_article_url":"","_links":{"self":[{"href":"https:\/\/www.pressenza.com\/it\/wp-json\/wp\/v2\/posts\/592410","targetHints":{"allow":["GET"]}}],"collection":[{"href":"https:\/\/www.pressenza.com\/it\/wp-json\/wp\/v2\/posts"}],"about":[{"href":"https:\/\/www.pressenza.com\/it\/wp-json\/wp\/v2\/types\/post"}],"author":[{"embeddable":true,"href":"https:\/\/www.pressenza.com\/it\/wp-json\/wp\/v2\/users\/1395"}],"replies":[{"embeddable":true,"href":"https:\/\/www.pressenza.com\/it\/wp-json\/wp\/v2\/comments?post=592410"}],"version-history":[{"count":0,"href":"https:\/\/www.pressenza.com\/it\/wp-json\/wp\/v2\/posts\/592410\/revisions"}],"wp:featuredmedia":[{"embeddable":true,"href":"https:\/\/www.pressenza.com\/it\/wp-json\/wp\/v2\/media\/592411"}],"wp:attachment":[{"href":"https:\/\/www.pressenza.com\/it\/wp-json\/wp\/v2\/media?parent=592410"}],"wp:term":[{"taxonomy":"category","embeddable":true,"href":"https:\/\/www.pressenza.com\/it\/wp-json\/wp\/v2\/categories?post=592410"},{"taxonomy":"post_tag","embeddable":true,"href":"https:\/\/www.pressenza.com\/it\/wp-json\/wp\/v2\/tags?post=592410"}],"curies":[{"name":"wp","href":"https:\/\/api.w.org\/{rel}","templated":true}]}}