{"id":59020,"date":"2013-07-01T20:35:04","date_gmt":"2013-07-01T19:35:04","guid":{"rendered":"http:\/\/www.pressenza.com\/?p=59020"},"modified":"2013-07-01T20:35:04","modified_gmt":"2013-07-01T19:35:04","slug":"pedagogia-della-resistenza-lattivismo-antifascista-tra-i-libri","status":"publish","type":"post","link":"https:\/\/www.pressenza.com\/it\/2013\/07\/pedagogia-della-resistenza-lattivismo-antifascista-tra-i-libri\/","title":{"rendered":"Pedagogia della Resistenza. L&#8217;attivismo antifascista tra i libri"},"content":{"rendered":"<div>\n<div>Combonifem, Mondo Donna Missione &#8211; intervista di Silvia Marceglia a Laura Tussi<\/div>\n<div><\/div>\n<div>Possono i libri contribuire a creare un humus di Resistenza attiva al degrado dei nostri tempi, attraverso la trasmissione di valori del passato, il racconto della difesa o dell\u2019offesa dei diritti civili e umani?<br \/>\nNon solo possono, devono. La memoria storica \u00e8 un dovere etico e morale<\/div>\n<div><\/div>\n<div>Docente, giornalista e scrittrice, Laura Tussi ha conseguito ben cinque lauree, un traguardo che rivela tutta la passione di una donna che crede strenuamente in ci\u00f2 che fa tanto da vincere quella timidezza che talvolta\u00a0 fa capolino dal suo sguardo. Autrice di varie pubblicazioni &#8211;\u00a0 <i>Sacro<\/i> (EMI 2009) <i>Memorie e Olocausto<\/i> (Aracne 2009) e <i>Il Pensiero delle Differenze <\/i>(Aracne 2009) <i>Il Dovere di Ricordare<\/i> (Aracne 2010) \u2013\u00a0 collabora con diverse riviste di settore e telematiche come PeaceLink-Telematica per la Pace <a href=\"http:\/\/www.peacelink.it\/\"><b>www.peacelink.it<\/b><\/a> e Il Dialogo <a href=\"http:\/\/www.ildialogo.org\/\"><b>www.ildialogo.org<\/b><\/a>. L\u2019abbiamo intervistata partendo dal\u00a0 suo ultimo libro <b>\u201cEducazione e Pace. Dalla Shoah al dialogo interculturale\u201d pubblicato da MIMESIS nel 2012.<\/b><\/div>\n<\/div>\n<div id=\"article-text\">\n<p><b>\u00a0Il libro coniuga il tuo impegno per la nonviolenza e l\u2019approfondimento e la ricerca nell\u2019ambito pedagogico. Come si sono intrecciati questi tuoi percorsi?<\/b><\/p>\n<p>L&#8217;impegno per la nonviolenza nasce dall&#8217;incontro con diverse realt\u00e0 associative e centri di ricerca che si occupano di tematiche collegate all&#8217;attivismo per i diritti civili e umani, per la pace, l\u2019ecologia e l\u2019ambiente, il disarmo, l&#8217;obiezione di coscienza alle spese nucleari e militari. L&#8217;interesse per la pedagogia deriva invece dal percorso di studi che ho intrapreso dapprima\u00a0 presso l&#8217;Universit\u00e0 Statale e poi presso l&#8217;Universit\u00e0 Bicocca di Milano. Penso che la pedagogia interculturale sia lo strumento della nonviolenza per inverare, tramite la forza delle idee e della verit\u00e0, i principi costituzionali della pace, della democrazia, della giustizia sociale, fondamenti valoriali che sono stati sanciti nella Costituzione dalle nostre madri\u00a0 e dai nostri padri partigiani e costituenti, in seguito alla Lotta di Liberazione contro il nazifascismo, tramite la Resistenza Partigiana che fu un movimento attivo per ottenere la pace, sul predominio del terrore del regime e della dittatura tirannica e oscurantista del nazifascismo. Attualmente gli apparati burocratici statali sono ancora intrisi di retaggi fascisti, per questo il mio impegno \u00e8 volto a portare a tutti un messaggio di contenuto sui valori della legalit\u00e0, della giustizia sociale, della pace, attraverso l&#8217;attivismo della testimonianza diretta e indiretta sul significato dell&#8217;Antifascismo. Per questi motivi sono coautrice, insieme con Fabrizio Cracolici, Presidente A.N.P.I. (Associazione Nazionale Partigiani d\u2019Italia) della sezione di Nova Milanese, del libro \u201cUn racconto di vita partigiana. Il ventennio fascista e la vicenda del partigiano Emilio Bacio Capuzzo\u201d, edito anch&#8217;esso da MIMESIS.<\/p>\n<p><b>Hai ribadito con forza il dovere di ricordare la Shoah: \u00e8 perch\u00e9 ti sei accorta di quanto sia difficile, oggi, trasmettere la Memoria?<\/b><\/p>\n<p>Sento vicino il tema della Shoah perch\u00e9 mi pongo in dovere di comunicare una tragedia della storia che purtroppo si reitera e si ripresentifica nelle vicende umane attuali e passate. Occorre pensare ai genocidi dell&#8217;Africa (Rwanda, Congo, Nigeria, Somalia eccetera) e alle cosiddette e surrettizie \u201cguerre umanitarie\u201d, chiamate anche \u201cguerre preventive\u201d e ipocritamente \u201cmissioni di pace\u201d, che provocano sempre genocidi e stillicidi e sono manovrate dai vertici dei poteri mondiali e internazionali.<\/p>\n<p>Attualmente trasmettere la Memoria Storica alle nuove generazioni \u00e8 un dovere etico oltre che morale. Conoscere e insegnare la Storia \u00e8 un compito importante. Una missione. La storia deve essere trasmessa in modo completo ed esaustivo. Non solo gli eventi e le conclusioni, ma anche fondamentale \u00e8 spiegare le cause e i processi che hanno condotto e che conducono da sempre i popoli e le civilt\u00e0 a innescare conflitti bellici ed instaurare rapporti violenti. Il fascismo \u00e8 ancora presente nella societ\u00e0 contemporanea, basti pensare all&#8217;insorgenza di istituzioni come Casa Pound, le Skin House, i movimenti come Alba Dorata in Grecia; pensiamo all\u2019insorgere e al riemergere dei miti della razza e dei mitologemi dell&#8217;eroe e della violenza, che sono espressioni di una prepotenza che \u00e8 incarnata per esempio dalle logiche capitaliste e iperliberiste dell&#8217;alta finanza e dei mercati finanziari che detengono il potere e il monopolio di molti, nelle mani di un&#8217;oligarchia di privilegiati. La crisi attuale ingenera quindi dinamiche di violenza tra prevaricatori da una parte e capri espiatori dall&#8217;altra, identificati nei pi\u00f9 deboli, nei diversi, negli emarginati, negli ultimi della terra, di cui tutti siamo parte, nel tessuto comunitario, nel contesto sociale e nel mondo.<\/p>\n<p><b>\u00a0La scuola \u00e8 sempre pi\u00f9 al centro di dibattiti e polemiche. Pensi che attualmente sia preparata a gestire l\u2019incontro con il diverso?<\/b><\/p>\n<p><b>\u00a0<\/b>La scuola \u00e8 da sempre il crogiolo delle diversit\u00e0 e il punto focale dell&#8217;incontro con l&#8217;altro. Per questo motivo negli anni la Scuola \u00e8 stata volutamente depauperata e svilita dai governi di potere, che vogliono minimizzare gli ambiti di confronto e di incontro delle minoranze, delle diverse etnie, o semplicemente delle persone che si vogliono incontrare e legittimamente \u201cscontrare\u201d su valori di fondo, su significati, perch\u00e9 il dialogo tra le differenze e le diversit\u00e0 \u00e8 il fulcro della democrazia, in contesti di vita sociali e comunitari, i cui attori rivendichino istanze di uguaglianza e giustizia sociale.<\/p>\n<p><b>\u201dSiamo tutti migranti nelle nostre ansie, angosce e paure, alla ricerca di un senso e di un significato per l\u2019esistenza\u201d. La migrazione, scrivi, \u00e8 anche esperienza conoscitiva di s\u00e9\u2026<\/b><\/p>\n<p><b>\u00a0<\/b>La migrazione purtroppo \u00e8 il risultato di politiche di sperequazione e di squilibri sociopolitici nella gestione dei beni comuni e della cosa pubblica da parte dei governi di potere. Siamo tutti migranti o potenziali migranti, perch\u00e9 tutti viviamo il disagio di una civilt\u00e0 troppo arroccata sull&#8217;individualismo, la sete di successo e di potere, l&#8217;egoismo: tutti fattori che limitano l&#8217;esigenza dell&#8217;incontro, del confronto con l&#8217;altro, dello scambio vicendevole nel dialogo, che non deve mai essere un duello, ma un&#8217;occasione di gestione delle conflittualit\u00e0 con l&#8217;altro, con la sua identit\u00e0 e interiorit\u00e0, da ripartecipare nei contesti di vita quotidiani nelle occasioni comunitarie di confronto e di apprendimento.<\/p>\n<p><b>Dialogare con il diverso non \u00e8 facile, ma spesso anche con i propri \u201csimili\u201d basti pensare a quanto spesso tra donne non ci sia collaborazione o peggio si entri in competizione. Cosa pensi a questo riguardo?<\/b><\/p>\n<p>Siamo tutti diversi nei nostri caratteri, nelle specificit\u00e0 che ci identificano, ma siamo tutti uguali sul piano dei diritti civili e umani. Questo concetto occorre ribadirlo sempre con fermezza. Purtroppo la societ\u00e0 patriarcale, basata sul potere dell&#8217;\u201dUomo forte\u201d, sull&#8217;effimero dell&#8217;apparenza e del virtuale, conduce allo scarso riconoscimento del valore della differenza di genere e del contributo femminile nella storia della nostra civilt\u00e0. I massmedia tendono a svilire la donna, ad assoggettarla e strumentalizzarla come oggetto di piacere, nei confronti dell&#8217;\u201dUomo forte\u201d che prevale sempre. Questa dinamica pu\u00f2 creare competizione perch\u00e9 si tende a raggiungere e ad emulare l&#8217;uomo nella sua visibilit\u00e0 sociale, nella sua presunta autorit\u00e0, anche da parte delle donne, che invece sono sempre state estranee ai contesti del potere, nel corso della Storia.<\/p>\n<p>Per questo motivo apprezzo e cerco di favorire il valore dell&#8217;amicizia tra donne, perch\u00e9 \u00e8 sempre fonte alternativa di una ricchezza in pi\u00f9 per favorire una quotidiana Rivoluzione \u201cdal basso\u201d culturale, nonviolenta e femminile, che dovr\u00e0 assumere connotati universali.<\/p>\n<p><b>In futuro, su cosa vorrai impegnarti?<\/b><\/p>\n<p>In collaborazione con l&#8217;Amministrazione Comunale di Nova Milanese, con la citt\u00e0 di Bolzano, con l\u2019 A.N.P.I., con il presidente della sezione locale, Fabrizio Cracolici, stiamo lavorando alla digitalizzazione ed alla valorizzazione dell&#8217;Archivio Storico Audiovisivo della Memoria, del progetto \u201cPer Non Dimenticare\u201d. Questo archivio comprende oltre 200 videotestimonianze di deportati civili per motivazioni politiche e razziali nei campi di concentramento e di sterminio nazifascisti. Un obiettivo \u00e8 promuovere\u00a0 questo importante progetto tramite la raccolta di testimonianze dirette e indirette sul valore della Memoria Storica della Resistenza, della Deportazione e della Liberazione, anche attraverso i canali multimediali come Youtube (<a href=\"http:\/\/www.youtube.com\/lauratussi\">www.youtube.com\/lauratussi<\/a> \u00e8 il nostro Canale Video), Internet e Facebook.<\/p>\n<p>In cantiere ci sono altri progetti e varie pubblicazioni, per esempio, con la Rivista CEM Mondialit\u00e0 dei Padri Missionari Saveriani di Brescia (con sede a Parma), con la rivista Rassegna dell&#8217;Istruzione, edita da Mondadori-Le Monnier, in collaborazione con il M.I.U.R. (Ministero dell\u2019 Istruzione dell\u2019Universit\u00e0 e della Ricerca) e con altre realt\u00e0 editoriali.<\/p>\n<\/div>\n<div>Note:<a href=\"http:\/\/www.peacelink.it\/pace\/a\/38672.html\">http:\/\/www.peacelink.it\/pace\/a\/38672.html<\/a><\/p>\n<\/div>\n","protected":false},"excerpt":{"rendered":"<p>Combonifem, Mondo Donna Missione &#8211; intervista di Silvia Marceglia a Laura Tussi Possono i libri contribuire a creare un humus di Resistenza attiva al degrado dei nostri tempi, attraverso la trasmissione di valori del passato, il racconto della difesa o&hellip;<\/p>\n","protected":false},"author":245,"featured_media":59021,"comment_status":"closed","ping_status":"open","sticky":false,"template":"","format":"standard","meta":{"footnotes":""},"categories":[56,1258],"tags":[4499,460,3923],"class_list":["post-59020","post","type-post","status-publish","format-standard","has-post-thumbnail","hentry","category-cultura","category-educazione","tag-educazione-2","tag-nonviolenza","tag-shoah"],"yoast_head":"<!-- This site is optimized with the Yoast SEO plugin v27.1.1 - https:\/\/yoast.com\/product\/yoast-seo-wordpress\/ -->\n<title>Pedagogia della Resistenza. L&#039;attivismo antifascista tra i libri<\/title>\n<meta name=\"description\" content=\"Combonifem, Mondo Donna Missione - intervista di Silvia Marceglia a Laura Tussi Possono i libri contribuire a creare un humus di Resistenza attiva al\" \/>\n<meta name=\"robots\" content=\"index, follow, max-snippet:-1, max-image-preview:large, max-video-preview:-1\" \/>\n<link rel=\"canonical\" href=\"https:\/\/www.pressenza.com\/it\/2013\/07\/pedagogia-della-resistenza-lattivismo-antifascista-tra-i-libri\/\" \/>\n<meta property=\"og:locale\" content=\"it_IT\" \/>\n<meta property=\"og:type\" content=\"article\" \/>\n<meta property=\"og:title\" content=\"Pedagogia della Resistenza. L&#039;attivismo antifascista tra i libri\" \/>\n<meta property=\"og:description\" content=\"Combonifem, Mondo Donna Missione - intervista di Silvia Marceglia a Laura Tussi Possono i libri contribuire a creare un humus di Resistenza attiva al\" \/>\n<meta property=\"og:url\" content=\"https:\/\/www.pressenza.com\/it\/2013\/07\/pedagogia-della-resistenza-lattivismo-antifascista-tra-i-libri\/\" \/>\n<meta property=\"og:site_name\" content=\"Pressenza\" \/>\n<meta property=\"article:publisher\" content=\"https:\/\/www.facebook.com\/PressenzaItalia\" \/>\n<meta property=\"article:published_time\" content=\"2013-07-01T19:35:04+00:00\" \/>\n<meta property=\"og:image\" content=\"https:\/\/www.pressenza.com\/wp-content\/uploads\/2013\/07\/lauratussi-alexzanotelli.jpg\" \/>\n\t<meta property=\"og:image:width\" content=\"1600\" \/>\n\t<meta property=\"og:image:height\" content=\"1200\" \/>\n\t<meta property=\"og:image:type\" content=\"image\/jpeg\" \/>\n<meta name=\"author\" content=\"Peacelink Telematica per la Pace\" \/>\n<meta name=\"twitter:card\" content=\"summary_large_image\" \/>\n<meta name=\"twitter:creator\" content=\"@PressenzaIPA\" \/>\n<meta name=\"twitter:site\" content=\"@PressenzaIPA\" \/>\n<meta name=\"twitter:label1\" content=\"Scritto da\" \/>\n\t<meta name=\"twitter:data1\" content=\"Peacelink Telematica per la Pace\" \/>\n\t<meta name=\"twitter:label2\" content=\"Tempo di lettura stimato\" \/>\n\t<meta name=\"twitter:data2\" content=\"7 minuti\" \/>\n<script type=\"application\/ld+json\" class=\"yoast-schema-graph\">{\"@context\":\"https:\/\/schema.org\",\"@graph\":[{\"@type\":\"Article\",\"@id\":\"https:\/\/www.pressenza.com\/it\/2013\/07\/pedagogia-della-resistenza-lattivismo-antifascista-tra-i-libri\/#article\",\"isPartOf\":{\"@id\":\"https:\/\/www.pressenza.com\/it\/2013\/07\/pedagogia-della-resistenza-lattivismo-antifascista-tra-i-libri\/\"},\"author\":{\"name\":\"Peacelink Telematica per la Pace\",\"@id\":\"https:\/\/www.pressenza.com\/it\/#\/schema\/person\/63739deb4f1a044b79a37f44c6fb2759\"},\"headline\":\"Pedagogia della Resistenza. L&#8217;attivismo antifascista tra i libri\",\"datePublished\":\"2013-07-01T19:35:04+00:00\",\"mainEntityOfPage\":{\"@id\":\"https:\/\/www.pressenza.com\/it\/2013\/07\/pedagogia-della-resistenza-lattivismo-antifascista-tra-i-libri\/\"},\"wordCount\":1385,\"publisher\":{\"@id\":\"https:\/\/www.pressenza.com\/it\/#organization\"},\"image\":{\"@id\":\"https:\/\/www.pressenza.com\/it\/2013\/07\/pedagogia-della-resistenza-lattivismo-antifascista-tra-i-libri\/#primaryimage\"},\"thumbnailUrl\":\"https:\/\/www.pressenza.com\/wp-content\/uploads\/2013\/07\/lauratussi-alexzanotelli.jpg\",\"keywords\":[\"educazione\",\"nonviolenza\",\"Shoah\"],\"articleSection\":[\"Cultura e Media\",\"Educazione\"],\"inLanguage\":\"it-IT\"},{\"@type\":\"WebPage\",\"@id\":\"https:\/\/www.pressenza.com\/it\/2013\/07\/pedagogia-della-resistenza-lattivismo-antifascista-tra-i-libri\/\",\"url\":\"https:\/\/www.pressenza.com\/it\/2013\/07\/pedagogia-della-resistenza-lattivismo-antifascista-tra-i-libri\/\",\"name\":\"Pedagogia della Resistenza. L'attivismo antifascista tra i libri\",\"isPartOf\":{\"@id\":\"https:\/\/www.pressenza.com\/it\/#website\"},\"primaryImageOfPage\":{\"@id\":\"https:\/\/www.pressenza.com\/it\/2013\/07\/pedagogia-della-resistenza-lattivismo-antifascista-tra-i-libri\/#primaryimage\"},\"image\":{\"@id\":\"https:\/\/www.pressenza.com\/it\/2013\/07\/pedagogia-della-resistenza-lattivismo-antifascista-tra-i-libri\/#primaryimage\"},\"thumbnailUrl\":\"https:\/\/www.pressenza.com\/wp-content\/uploads\/2013\/07\/lauratussi-alexzanotelli.jpg\",\"datePublished\":\"2013-07-01T19:35:04+00:00\",\"description\":\"Combonifem, Mondo Donna Missione - intervista di Silvia Marceglia a Laura Tussi Possono i libri contribuire a creare un humus di Resistenza attiva al\",\"breadcrumb\":{\"@id\":\"https:\/\/www.pressenza.com\/it\/2013\/07\/pedagogia-della-resistenza-lattivismo-antifascista-tra-i-libri\/#breadcrumb\"},\"inLanguage\":\"it-IT\",\"potentialAction\":[{\"@type\":\"ReadAction\",\"target\":[\"https:\/\/www.pressenza.com\/it\/2013\/07\/pedagogia-della-resistenza-lattivismo-antifascista-tra-i-libri\/\"]}]},{\"@type\":\"ImageObject\",\"inLanguage\":\"it-IT\",\"@id\":\"https:\/\/www.pressenza.com\/it\/2013\/07\/pedagogia-della-resistenza-lattivismo-antifascista-tra-i-libri\/#primaryimage\",\"url\":\"https:\/\/www.pressenza.com\/wp-content\/uploads\/2013\/07\/lauratussi-alexzanotelli.jpg\",\"contentUrl\":\"https:\/\/www.pressenza.com\/wp-content\/uploads\/2013\/07\/lauratussi-alexzanotelli.jpg\",\"width\":1600,\"height\":1200},{\"@type\":\"BreadcrumbList\",\"@id\":\"https:\/\/www.pressenza.com\/it\/2013\/07\/pedagogia-della-resistenza-lattivismo-antifascista-tra-i-libri\/#breadcrumb\",\"itemListElement\":[{\"@type\":\"ListItem\",\"position\":1,\"name\":\"Accueil\",\"item\":\"https:\/\/www.pressenza.com\/it\/\"},{\"@type\":\"ListItem\",\"position\":2,\"name\":\"Pedagogia della Resistenza. L&#8217;attivismo antifascista tra i libri\"}]},{\"@type\":\"WebSite\",\"@id\":\"https:\/\/www.pressenza.com\/it\/#website\",\"url\":\"https:\/\/www.pressenza.com\/it\/\",\"name\":\"Pressenza\",\"description\":\"Agenzia di Stampa Internazionale\",\"publisher\":{\"@id\":\"https:\/\/www.pressenza.com\/it\/#organization\"},\"potentialAction\":[{\"@type\":\"SearchAction\",\"target\":{\"@type\":\"EntryPoint\",\"urlTemplate\":\"https:\/\/www.pressenza.com\/it\/?s={search_term_string}\"},\"query-input\":{\"@type\":\"PropertyValueSpecification\",\"valueRequired\":true,\"valueName\":\"search_term_string\"}}],\"inLanguage\":\"it-IT\"},{\"@type\":\"Organization\",\"@id\":\"https:\/\/www.pressenza.com\/it\/#organization\",\"name\":\"Pressenza\",\"url\":\"https:\/\/www.pressenza.com\/it\/\",\"logo\":{\"@type\":\"ImageObject\",\"inLanguage\":\"it-IT\",\"@id\":\"https:\/\/www.pressenza.com\/it\/#\/schema\/logo\/image\/\",\"url\":\"https:\/\/www.pressenza.com\/wp-content\/uploads\/2022\/10\/pressenza_logo_200x200.jpg\",\"contentUrl\":\"https:\/\/www.pressenza.com\/wp-content\/uploads\/2022\/10\/pressenza_logo_200x200.jpg\",\"width\":200,\"height\":200,\"caption\":\"Pressenza\"},\"image\":{\"@id\":\"https:\/\/www.pressenza.com\/it\/#\/schema\/logo\/image\/\"},\"sameAs\":[\"https:\/\/www.facebook.com\/PressenzaItalia\",\"https:\/\/x.com\/PressenzaIPA\"]},{\"@type\":\"Person\",\"@id\":\"https:\/\/www.pressenza.com\/it\/#\/schema\/person\/63739deb4f1a044b79a37f44c6fb2759\",\"name\":\"Peacelink Telematica per la Pace\",\"description\":\"Peacelink un'associazione di volontariato nata su rete telematica; promuove dal 1991 la cultura della solidariet\u00e0 e dei diritti umani, l'educazione alla pace, la cooperazione internazionale, il ripudio del razzismo e della mafia, la difesa dell'ambiente e della legalit\u00e0. http:\/\/www.peacelink.it\",\"url\":\"https:\/\/www.pressenza.com\/it\/author\/peacelink\/\"}]}<\/script>\n<!-- \/ Yoast SEO plugin. -->","yoast_head_json":{"title":"Pedagogia della Resistenza. L'attivismo antifascista tra i libri","description":"Combonifem, Mondo Donna Missione - intervista di Silvia Marceglia a Laura Tussi Possono i libri contribuire a creare un humus di Resistenza attiva al","robots":{"index":"index","follow":"follow","max-snippet":"max-snippet:-1","max-image-preview":"max-image-preview:large","max-video-preview":"max-video-preview:-1"},"canonical":"https:\/\/www.pressenza.com\/it\/2013\/07\/pedagogia-della-resistenza-lattivismo-antifascista-tra-i-libri\/","og_locale":"it_IT","og_type":"article","og_title":"Pedagogia della Resistenza. L'attivismo antifascista tra i libri","og_description":"Combonifem, Mondo Donna Missione - intervista di Silvia Marceglia a Laura Tussi Possono i libri contribuire a creare un humus di Resistenza attiva al","og_url":"https:\/\/www.pressenza.com\/it\/2013\/07\/pedagogia-della-resistenza-lattivismo-antifascista-tra-i-libri\/","og_site_name":"Pressenza","article_publisher":"https:\/\/www.facebook.com\/PressenzaItalia","article_published_time":"2013-07-01T19:35:04+00:00","og_image":[{"width":1600,"height":1200,"url":"https:\/\/www.pressenza.com\/wp-content\/uploads\/2013\/07\/lauratussi-alexzanotelli.jpg","type":"image\/jpeg"}],"author":"Peacelink Telematica per la Pace","twitter_card":"summary_large_image","twitter_creator":"@PressenzaIPA","twitter_site":"@PressenzaIPA","twitter_misc":{"Scritto da":"Peacelink Telematica per la Pace","Tempo di lettura stimato":"7 minuti"},"schema":{"@context":"https:\/\/schema.org","@graph":[{"@type":"Article","@id":"https:\/\/www.pressenza.com\/it\/2013\/07\/pedagogia-della-resistenza-lattivismo-antifascista-tra-i-libri\/#article","isPartOf":{"@id":"https:\/\/www.pressenza.com\/it\/2013\/07\/pedagogia-della-resistenza-lattivismo-antifascista-tra-i-libri\/"},"author":{"name":"Peacelink Telematica per la Pace","@id":"https:\/\/www.pressenza.com\/it\/#\/schema\/person\/63739deb4f1a044b79a37f44c6fb2759"},"headline":"Pedagogia della Resistenza. L&#8217;attivismo antifascista tra i libri","datePublished":"2013-07-01T19:35:04+00:00","mainEntityOfPage":{"@id":"https:\/\/www.pressenza.com\/it\/2013\/07\/pedagogia-della-resistenza-lattivismo-antifascista-tra-i-libri\/"},"wordCount":1385,"publisher":{"@id":"https:\/\/www.pressenza.com\/it\/#organization"},"image":{"@id":"https:\/\/www.pressenza.com\/it\/2013\/07\/pedagogia-della-resistenza-lattivismo-antifascista-tra-i-libri\/#primaryimage"},"thumbnailUrl":"https:\/\/www.pressenza.com\/wp-content\/uploads\/2013\/07\/lauratussi-alexzanotelli.jpg","keywords":["educazione","nonviolenza","Shoah"],"articleSection":["Cultura e Media","Educazione"],"inLanguage":"it-IT"},{"@type":"WebPage","@id":"https:\/\/www.pressenza.com\/it\/2013\/07\/pedagogia-della-resistenza-lattivismo-antifascista-tra-i-libri\/","url":"https:\/\/www.pressenza.com\/it\/2013\/07\/pedagogia-della-resistenza-lattivismo-antifascista-tra-i-libri\/","name":"Pedagogia della Resistenza. L'attivismo antifascista tra i libri","isPartOf":{"@id":"https:\/\/www.pressenza.com\/it\/#website"},"primaryImageOfPage":{"@id":"https:\/\/www.pressenza.com\/it\/2013\/07\/pedagogia-della-resistenza-lattivismo-antifascista-tra-i-libri\/#primaryimage"},"image":{"@id":"https:\/\/www.pressenza.com\/it\/2013\/07\/pedagogia-della-resistenza-lattivismo-antifascista-tra-i-libri\/#primaryimage"},"thumbnailUrl":"https:\/\/www.pressenza.com\/wp-content\/uploads\/2013\/07\/lauratussi-alexzanotelli.jpg","datePublished":"2013-07-01T19:35:04+00:00","description":"Combonifem, Mondo Donna Missione - intervista di Silvia Marceglia a Laura Tussi Possono i libri contribuire a creare un humus di Resistenza attiva al","breadcrumb":{"@id":"https:\/\/www.pressenza.com\/it\/2013\/07\/pedagogia-della-resistenza-lattivismo-antifascista-tra-i-libri\/#breadcrumb"},"inLanguage":"it-IT","potentialAction":[{"@type":"ReadAction","target":["https:\/\/www.pressenza.com\/it\/2013\/07\/pedagogia-della-resistenza-lattivismo-antifascista-tra-i-libri\/"]}]},{"@type":"ImageObject","inLanguage":"it-IT","@id":"https:\/\/www.pressenza.com\/it\/2013\/07\/pedagogia-della-resistenza-lattivismo-antifascista-tra-i-libri\/#primaryimage","url":"https:\/\/www.pressenza.com\/wp-content\/uploads\/2013\/07\/lauratussi-alexzanotelli.jpg","contentUrl":"https:\/\/www.pressenza.com\/wp-content\/uploads\/2013\/07\/lauratussi-alexzanotelli.jpg","width":1600,"height":1200},{"@type":"BreadcrumbList","@id":"https:\/\/www.pressenza.com\/it\/2013\/07\/pedagogia-della-resistenza-lattivismo-antifascista-tra-i-libri\/#breadcrumb","itemListElement":[{"@type":"ListItem","position":1,"name":"Accueil","item":"https:\/\/www.pressenza.com\/it\/"},{"@type":"ListItem","position":2,"name":"Pedagogia della Resistenza. L&#8217;attivismo antifascista tra i libri"}]},{"@type":"WebSite","@id":"https:\/\/www.pressenza.com\/it\/#website","url":"https:\/\/www.pressenza.com\/it\/","name":"Pressenza","description":"Agenzia di Stampa Internazionale","publisher":{"@id":"https:\/\/www.pressenza.com\/it\/#organization"},"potentialAction":[{"@type":"SearchAction","target":{"@type":"EntryPoint","urlTemplate":"https:\/\/www.pressenza.com\/it\/?s={search_term_string}"},"query-input":{"@type":"PropertyValueSpecification","valueRequired":true,"valueName":"search_term_string"}}],"inLanguage":"it-IT"},{"@type":"Organization","@id":"https:\/\/www.pressenza.com\/it\/#organization","name":"Pressenza","url":"https:\/\/www.pressenza.com\/it\/","logo":{"@type":"ImageObject","inLanguage":"it-IT","@id":"https:\/\/www.pressenza.com\/it\/#\/schema\/logo\/image\/","url":"https:\/\/www.pressenza.com\/wp-content\/uploads\/2022\/10\/pressenza_logo_200x200.jpg","contentUrl":"https:\/\/www.pressenza.com\/wp-content\/uploads\/2022\/10\/pressenza_logo_200x200.jpg","width":200,"height":200,"caption":"Pressenza"},"image":{"@id":"https:\/\/www.pressenza.com\/it\/#\/schema\/logo\/image\/"},"sameAs":["https:\/\/www.facebook.com\/PressenzaItalia","https:\/\/x.com\/PressenzaIPA"]},{"@type":"Person","@id":"https:\/\/www.pressenza.com\/it\/#\/schema\/person\/63739deb4f1a044b79a37f44c6fb2759","name":"Peacelink Telematica per la Pace","description":"Peacelink un'associazione di volontariato nata su rete telematica; promuove dal 1991 la cultura della solidariet\u00e0 e dei diritti umani, l'educazione alla pace, la cooperazione internazionale, il ripudio del razzismo e della mafia, la difesa dell'ambiente e della legalit\u00e0. http:\/\/www.peacelink.it","url":"https:\/\/www.pressenza.com\/it\/author\/peacelink\/"}]}},"place":"","original_article_url":"","_links":{"self":[{"href":"https:\/\/www.pressenza.com\/it\/wp-json\/wp\/v2\/posts\/59020","targetHints":{"allow":["GET"]}}],"collection":[{"href":"https:\/\/www.pressenza.com\/it\/wp-json\/wp\/v2\/posts"}],"about":[{"href":"https:\/\/www.pressenza.com\/it\/wp-json\/wp\/v2\/types\/post"}],"author":[{"embeddable":true,"href":"https:\/\/www.pressenza.com\/it\/wp-json\/wp\/v2\/users\/245"}],"replies":[{"embeddable":true,"href":"https:\/\/www.pressenza.com\/it\/wp-json\/wp\/v2\/comments?post=59020"}],"version-history":[{"count":0,"href":"https:\/\/www.pressenza.com\/it\/wp-json\/wp\/v2\/posts\/59020\/revisions"}],"wp:featuredmedia":[{"embeddable":true,"href":"https:\/\/www.pressenza.com\/it\/wp-json\/wp\/v2\/media\/59021"}],"wp:attachment":[{"href":"https:\/\/www.pressenza.com\/it\/wp-json\/wp\/v2\/media?parent=59020"}],"wp:term":[{"taxonomy":"category","embeddable":true,"href":"https:\/\/www.pressenza.com\/it\/wp-json\/wp\/v2\/categories?post=59020"},{"taxonomy":"post_tag","embeddable":true,"href":"https:\/\/www.pressenza.com\/it\/wp-json\/wp\/v2\/tags?post=59020"}],"curies":[{"name":"wp","href":"https:\/\/api.w.org\/{rel}","templated":true}]}}