{"id":580205,"date":"2018-01-08T09:12:40","date_gmt":"2018-01-08T09:12:40","guid":{"rendered":"https:\/\/www.pressenza.com\/?p=580205\/"},"modified":"2018-01-08T17:14:34","modified_gmt":"2018-01-08T17:14:34","slug":"elezioni-parla-il-segretario-del-pu-il-rosatellum-e-una-legge-pessima-noi-per-il-proporzionale","status":"publish","type":"post","link":"https:\/\/www.pressenza.com\/it\/2018\/01\/elezioni-parla-il-segretario-del-pu-il-rosatellum-e-una-legge-pessima-noi-per-il-proporzionale\/","title":{"rendered":"Elezioni, il Segretario del Partito Umanista: \u00abIl Rosatellum \u00e8 una legge pessima. Noi per il proporzionale\u00bb"},"content":{"rendered":"<p>Le elezioni si avvicinano e i grandi gruppi editoriali ricominciano il valzer delle dichiarazioni incrociate, dei retroscena dei <em>j&#8217;accuse<\/em> e simili: dedicano spazi a chi gi\u00e0 \u00e8 presente in Parlamento, o a chi vorrebbe rientrarci il pi\u00f9 rapidamente possibile, utilizzando categorie politiche alla rinfusa, lasciando intendere all&#8217;elettore medio come la politica italiana venga contesa fra tre-quattro organizzazioni politiche.<br \/>\n<em>\u00abPressenza\u00bb<\/em>, per\u00f2, intende dare voce a chi non ce l&#8217;ha: da qui fino al 4 marzo intendiamo intervistare, pubblicare e rilanciare le dichiarazioni e le posizioni di quei candidati, di quelle liste, che non trovano spazio nei &#8220;dibattiti&#8221; televisivi. Cominciamo oggi con l&#8217;intervista al segretario nazionale del Partito Umanista, Tony Manigrasso.<\/p>\n<p>&nbsp;<\/p>\n<p><strong>Elezioni politiche: la data delle elezioni \u00e8 stata stabilita per il 4 marzo. Che giudizio dai della legge elettorale nel complesso e sulle modalit\u00e0 che ha portato alla sua approvazione?<\/strong><br \/>\n\u00abQuesta legge elettorale, il <a href=\"https:\/\/www.pressenza.com\/it\/2017\/10\/non-anti-democrazia-solo-rosatellum-bellezza\/\"><strong>Rosatellum<\/strong><\/a>, \u00e8 una <strong>legge pessima<\/strong>. Noi proponiamo un meccanismo elettorale, a qualsiasi livello, che rispecchi al massimo la volont\u00e0 degli elettori, quindi <strong>proporzionale<\/strong> con l&#8217;<strong>abolizione di qualsiasi forma di premio di maggioranza<\/strong>; inoltre, a questa proposta, abbiniamo l&#8217;integrazione di una legge sulla <strong>responsabilit\u00e0 politica<\/strong>, cos\u00ec come l&#8217;abbiamo proposta nel lontano 1999. Sulle modalit\u00e0 possiamo solo dire che ogni legge viene fatta sulla base degli indici di gradimento dei partiti in quel momento per riuscire a vincere le elezioni successive\u00bb.<\/p>\n<p><strong>Si \u00e8 parlato di referendum sull&#8217;Euro, tanto nelle scorse settimane quanto in questi giorni, incentrando la questione tutta sul Movimento 5 Stelle. Da antiliberisti, qual \u00e8 la posizione del PU?<br \/>\n<\/strong>\u00abPrima di tutto occorre sottolineare che non siamo antieuropeisti a prescindere; siamo contro questa Unione Europea a base neoliberista e <strong>crediamo<\/strong> che nella gabbia in cui ci ritroviamo <strong>sia praticamente impossibile<\/strong>, per via dei vincoli attuali, <strong>cambiare l&#8217;Unione Europea dall&#8217;interno<\/strong>; se davvero il M5S proponesse un referendum impositivo sull&#8217;ItalExit, cosa che tra l&#8217;altro dubito che lo faccia veramente, non possiamo che essere favorevoli a votare per il SI all&#8217;ItalExit. Ovviamente, anche se si arrivasse all&#8217;ItalExit, ci vorrebbero comunque contemporaneamente una serie di provvedimenti immediati per il benessere della gente e la ripresa economica in tutti i settori; sostanzialmente tutti quei provvedimenti che sono stati ben descritti da<strong> G. Sullings<\/strong> nel suo libro \u00abEconomia Mista\u00bb a cui, in materia economica, ci ispiriamo\u00bb.<\/p>\n<p><strong>Come giudichi l&#8217;invio dei militari italiani in Niger?<br \/>\n<\/strong>\u00abDa sempre siamo contrari all&#8217;invio di militari di qualsiasi paese su un altro territorio, la riteniamo un&#8217;invasione; siamo stati contrari all&#8217;invio di militari italiani in giro per il mondo e <strong>siamo<\/strong>, quindi, <strong>contrari<\/strong> anche <strong>all&#8217;invio dei militari italiani in Niger<\/strong>\u00bb.<\/p>\n","protected":false},"excerpt":{"rendered":"<p>Le elezioni si avvicinano e i grandi gruppi editoriali ricominciano il valzer delle dichiarazioni incrociate, dei retroscena dei j&#8217;accuse e simili: dedicano spazi a chi gi\u00e0 \u00e8 presente in Parlamento, o a chi vorrebbe rientrarci il pi\u00f9 rapidamente possibile, utilizzando&hellip;<\/p>\n","protected":false},"author":1456,"featured_media":580206,"comment_status":"closed","ping_status":"closed","sticky":false,"template":"","format":"standard","meta":{"footnotes":""},"categories":[11388,157],"tags":[616,1659,42869,942],"class_list":["post-580205","post","type-post","status-publish","format-standard","has-post-thumbnail","hentry","category-contenuti-originali","category-interviste","tag-elezioni","tag-legge-elettorale","tag-manigrasso","tag-partito-umanista"],"yoast_head":"<!-- This site is optimized with the Yoast SEO plugin v27.1.1 - https:\/\/yoast.com\/product\/yoast-seo-wordpress\/ -->\n<title>Elezioni, il Segretario del Partito Umanista: \u00abIl Rosatellum \u00e8 una legge pessima. Noi per il proporzionale\u00bb<\/title>\n<meta name=\"description\" content=\"Le elezioni si avvicinano e i grandi gruppi editoriali ricominciano il valzer delle dichiarazioni incrociate, dei retroscena dei j&#039;accuse e simili:\" \/>\n<meta name=\"robots\" content=\"index, follow, max-snippet:-1, max-image-preview:large, max-video-preview:-1\" \/>\n<link rel=\"canonical\" href=\"https:\/\/www.pressenza.com\/it\/2018\/01\/elezioni-parla-il-segretario-del-pu-il-rosatellum-e-una-legge-pessima-noi-per-il-proporzionale\/\" \/>\n<meta property=\"og:locale\" content=\"it_IT\" \/>\n<meta property=\"og:type\" content=\"article\" \/>\n<meta property=\"og:title\" content=\"Elezioni, il Segretario del Partito Umanista: \u00abIl Rosatellum \u00e8 una legge pessima. Noi per il proporzionale\u00bb\" \/>\n<meta property=\"og:description\" content=\"Le elezioni si avvicinano e i grandi gruppi editoriali ricominciano il valzer delle dichiarazioni incrociate, dei retroscena dei j&#039;accuse e simili:\" \/>\n<meta property=\"og:url\" content=\"https:\/\/www.pressenza.com\/it\/2018\/01\/elezioni-parla-il-segretario-del-pu-il-rosatellum-e-una-legge-pessima-noi-per-il-proporzionale\/\" \/>\n<meta property=\"og:site_name\" content=\"Pressenza\" \/>\n<meta property=\"article:publisher\" content=\"https:\/\/www.facebook.com\/PressenzaItalia\" \/>\n<meta property=\"article:published_time\" content=\"2018-01-08T09:12:40+00:00\" \/>\n<meta property=\"article:modified_time\" content=\"2018-01-08T17:14:34+00:00\" \/>\n<meta property=\"og:image\" content=\"https:\/\/www.pressenza.com\/wp-content\/uploads\/2018\/01\/644cdebb58c2bbbae8e87bcd60f0a4e9_w400.jpg\" \/>\n\t<meta property=\"og:image:width\" content=\"400\" \/>\n\t<meta property=\"og:image:height\" content=\"381\" \/>\n\t<meta property=\"og:image:type\" content=\"image\/jpeg\" \/>\n<meta name=\"author\" content=\"Marco Piccinelli\" \/>\n<meta name=\"twitter:card\" content=\"summary_large_image\" \/>\n<meta name=\"twitter:creator\" content=\"@PressenzaIPA\" \/>\n<meta name=\"twitter:site\" content=\"@PressenzaIPA\" \/>\n<meta name=\"twitter:label1\" content=\"Scritto da\" \/>\n\t<meta name=\"twitter:data1\" content=\"Marco Piccinelli\" \/>\n\t<meta name=\"twitter:label2\" content=\"Tempo di lettura stimato\" \/>\n\t<meta name=\"twitter:data2\" content=\"2 minuti\" \/>\n<script type=\"application\/ld+json\" class=\"yoast-schema-graph\">{\"@context\":\"https:\/\/schema.org\",\"@graph\":[{\"@type\":\"Article\",\"@id\":\"https:\/\/www.pressenza.com\/it\/2018\/01\/elezioni-parla-il-segretario-del-pu-il-rosatellum-e-una-legge-pessima-noi-per-il-proporzionale\/#article\",\"isPartOf\":{\"@id\":\"https:\/\/www.pressenza.com\/it\/2018\/01\/elezioni-parla-il-segretario-del-pu-il-rosatellum-e-una-legge-pessima-noi-per-il-proporzionale\/\"},\"author\":{\"name\":\"Marco Piccinelli\",\"@id\":\"https:\/\/www.pressenza.com\/it\/#\/schema\/person\/e7b9348384b4a58e20fa11262a749506\"},\"headline\":\"Elezioni, il Segretario del Partito Umanista: \u00abIl Rosatellum \u00e8 una legge pessima. Noi per il proporzionale\u00bb\",\"datePublished\":\"2018-01-08T09:12:40+00:00\",\"dateModified\":\"2018-01-08T17:14:34+00:00\",\"mainEntityOfPage\":{\"@id\":\"https:\/\/www.pressenza.com\/it\/2018\/01\/elezioni-parla-il-segretario-del-pu-il-rosatellum-e-una-legge-pessima-noi-per-il-proporzionale\/\"},\"wordCount\":448,\"publisher\":{\"@id\":\"https:\/\/www.pressenza.com\/it\/#organization\"},\"image\":{\"@id\":\"https:\/\/www.pressenza.com\/it\/2018\/01\/elezioni-parla-il-segretario-del-pu-il-rosatellum-e-una-legge-pessima-noi-per-il-proporzionale\/#primaryimage\"},\"thumbnailUrl\":\"https:\/\/www.pressenza.com\/wp-content\/uploads\/2018\/01\/644cdebb58c2bbbae8e87bcd60f0a4e9_w400.jpg\",\"keywords\":[\"elezioni\",\"legge elettorale\",\"Manigrasso\",\"Partito Umanista\"],\"articleSection\":[\"contenuti originali\",\"Interviste\"],\"inLanguage\":\"it-IT\"},{\"@type\":\"WebPage\",\"@id\":\"https:\/\/www.pressenza.com\/it\/2018\/01\/elezioni-parla-il-segretario-del-pu-il-rosatellum-e-una-legge-pessima-noi-per-il-proporzionale\/\",\"url\":\"https:\/\/www.pressenza.com\/it\/2018\/01\/elezioni-parla-il-segretario-del-pu-il-rosatellum-e-una-legge-pessima-noi-per-il-proporzionale\/\",\"name\":\"Elezioni, il Segretario del Partito Umanista: \u00abIl Rosatellum \u00e8 una legge pessima. Noi per il proporzionale\u00bb\",\"isPartOf\":{\"@id\":\"https:\/\/www.pressenza.com\/it\/#website\"},\"primaryImageOfPage\":{\"@id\":\"https:\/\/www.pressenza.com\/it\/2018\/01\/elezioni-parla-il-segretario-del-pu-il-rosatellum-e-una-legge-pessima-noi-per-il-proporzionale\/#primaryimage\"},\"image\":{\"@id\":\"https:\/\/www.pressenza.com\/it\/2018\/01\/elezioni-parla-il-segretario-del-pu-il-rosatellum-e-una-legge-pessima-noi-per-il-proporzionale\/#primaryimage\"},\"thumbnailUrl\":\"https:\/\/www.pressenza.com\/wp-content\/uploads\/2018\/01\/644cdebb58c2bbbae8e87bcd60f0a4e9_w400.jpg\",\"datePublished\":\"2018-01-08T09:12:40+00:00\",\"dateModified\":\"2018-01-08T17:14:34+00:00\",\"description\":\"Le elezioni si avvicinano e i grandi gruppi editoriali ricominciano il valzer delle dichiarazioni incrociate, dei retroscena dei j'accuse e simili:\",\"breadcrumb\":{\"@id\":\"https:\/\/www.pressenza.com\/it\/2018\/01\/elezioni-parla-il-segretario-del-pu-il-rosatellum-e-una-legge-pessima-noi-per-il-proporzionale\/#breadcrumb\"},\"inLanguage\":\"it-IT\",\"potentialAction\":[{\"@type\":\"ReadAction\",\"target\":[\"https:\/\/www.pressenza.com\/it\/2018\/01\/elezioni-parla-il-segretario-del-pu-il-rosatellum-e-una-legge-pessima-noi-per-il-proporzionale\/\"]}]},{\"@type\":\"ImageObject\",\"inLanguage\":\"it-IT\",\"@id\":\"https:\/\/www.pressenza.com\/it\/2018\/01\/elezioni-parla-il-segretario-del-pu-il-rosatellum-e-una-legge-pessima-noi-per-il-proporzionale\/#primaryimage\",\"url\":\"https:\/\/www.pressenza.com\/wp-content\/uploads\/2018\/01\/644cdebb58c2bbbae8e87bcd60f0a4e9_w400.jpg\",\"contentUrl\":\"https:\/\/www.pressenza.com\/wp-content\/uploads\/2018\/01\/644cdebb58c2bbbae8e87bcd60f0a4e9_w400.jpg\",\"width\":400,\"height\":381},{\"@type\":\"BreadcrumbList\",\"@id\":\"https:\/\/www.pressenza.com\/it\/2018\/01\/elezioni-parla-il-segretario-del-pu-il-rosatellum-e-una-legge-pessima-noi-per-il-proporzionale\/#breadcrumb\",\"itemListElement\":[{\"@type\":\"ListItem\",\"position\":1,\"name\":\"Accueil\",\"item\":\"https:\/\/www.pressenza.com\/it\/\"},{\"@type\":\"ListItem\",\"position\":2,\"name\":\"Elezioni, il Segretario del Partito Umanista: \u00abIl Rosatellum \u00e8 una legge pessima. Noi per il proporzionale\u00bb\"}]},{\"@type\":\"WebSite\",\"@id\":\"https:\/\/www.pressenza.com\/it\/#website\",\"url\":\"https:\/\/www.pressenza.com\/it\/\",\"name\":\"Pressenza\",\"description\":\"Agenzia di Stampa Internazionale\",\"publisher\":{\"@id\":\"https:\/\/www.pressenza.com\/it\/#organization\"},\"potentialAction\":[{\"@type\":\"SearchAction\",\"target\":{\"@type\":\"EntryPoint\",\"urlTemplate\":\"https:\/\/www.pressenza.com\/it\/?s={search_term_string}\"},\"query-input\":{\"@type\":\"PropertyValueSpecification\",\"valueRequired\":true,\"valueName\":\"search_term_string\"}}],\"inLanguage\":\"it-IT\"},{\"@type\":\"Organization\",\"@id\":\"https:\/\/www.pressenza.com\/it\/#organization\",\"name\":\"Pressenza\",\"url\":\"https:\/\/www.pressenza.com\/it\/\",\"logo\":{\"@type\":\"ImageObject\",\"inLanguage\":\"it-IT\",\"@id\":\"https:\/\/www.pressenza.com\/it\/#\/schema\/logo\/image\/\",\"url\":\"https:\/\/www.pressenza.com\/wp-content\/uploads\/2022\/10\/pressenza_logo_200x200.jpg\",\"contentUrl\":\"https:\/\/www.pressenza.com\/wp-content\/uploads\/2022\/10\/pressenza_logo_200x200.jpg\",\"width\":200,\"height\":200,\"caption\":\"Pressenza\"},\"image\":{\"@id\":\"https:\/\/www.pressenza.com\/it\/#\/schema\/logo\/image\/\"},\"sameAs\":[\"https:\/\/www.facebook.com\/PressenzaItalia\",\"https:\/\/x.com\/PressenzaIPA\"]},{\"@type\":\"Person\",\"@id\":\"https:\/\/www.pressenza.com\/it\/#\/schema\/person\/e7b9348384b4a58e20fa11262a749506\",\"name\":\"Marco Piccinelli\",\"description\":\"Insegnante di lettere alla scuola secondaria di secondo grado e giornalista. Ho scritto con Fabio Belli per Rogas Edizioni edizioni: \\\"Calcio e Martello. Storie e uomini del calcio socialista\\\", \\\"La Repubblica nel pallone\\\", \\\"C\u2019eravamo tanto a(r)mati\\\" e \\\"La pi\u00f9 forte - The Strongest e altre storie del calcio in Bolivia\\\". Sognatore, nicchista e felice di esserlo.\",\"url\":\"https:\/\/www.pressenza.com\/it\/author\/marco-piccinelli\/\"}]}<\/script>\n<!-- \/ Yoast SEO plugin. -->","yoast_head_json":{"title":"Elezioni, il Segretario del Partito Umanista: \u00abIl Rosatellum \u00e8 una legge pessima. Noi per il proporzionale\u00bb","description":"Le elezioni si avvicinano e i grandi gruppi editoriali ricominciano il valzer delle dichiarazioni incrociate, dei retroscena dei j'accuse e simili:","robots":{"index":"index","follow":"follow","max-snippet":"max-snippet:-1","max-image-preview":"max-image-preview:large","max-video-preview":"max-video-preview:-1"},"canonical":"https:\/\/www.pressenza.com\/it\/2018\/01\/elezioni-parla-il-segretario-del-pu-il-rosatellum-e-una-legge-pessima-noi-per-il-proporzionale\/","og_locale":"it_IT","og_type":"article","og_title":"Elezioni, il Segretario del Partito Umanista: \u00abIl Rosatellum \u00e8 una legge pessima. Noi per il proporzionale\u00bb","og_description":"Le elezioni si avvicinano e i grandi gruppi editoriali ricominciano il valzer delle dichiarazioni incrociate, dei retroscena dei j'accuse e simili:","og_url":"https:\/\/www.pressenza.com\/it\/2018\/01\/elezioni-parla-il-segretario-del-pu-il-rosatellum-e-una-legge-pessima-noi-per-il-proporzionale\/","og_site_name":"Pressenza","article_publisher":"https:\/\/www.facebook.com\/PressenzaItalia","article_published_time":"2018-01-08T09:12:40+00:00","article_modified_time":"2018-01-08T17:14:34+00:00","og_image":[{"width":400,"height":381,"url":"https:\/\/www.pressenza.com\/wp-content\/uploads\/2018\/01\/644cdebb58c2bbbae8e87bcd60f0a4e9_w400.jpg","type":"image\/jpeg"}],"author":"Marco Piccinelli","twitter_card":"summary_large_image","twitter_creator":"@PressenzaIPA","twitter_site":"@PressenzaIPA","twitter_misc":{"Scritto da":"Marco Piccinelli","Tempo di lettura stimato":"2 minuti"},"schema":{"@context":"https:\/\/schema.org","@graph":[{"@type":"Article","@id":"https:\/\/www.pressenza.com\/it\/2018\/01\/elezioni-parla-il-segretario-del-pu-il-rosatellum-e-una-legge-pessima-noi-per-il-proporzionale\/#article","isPartOf":{"@id":"https:\/\/www.pressenza.com\/it\/2018\/01\/elezioni-parla-il-segretario-del-pu-il-rosatellum-e-una-legge-pessima-noi-per-il-proporzionale\/"},"author":{"name":"Marco Piccinelli","@id":"https:\/\/www.pressenza.com\/it\/#\/schema\/person\/e7b9348384b4a58e20fa11262a749506"},"headline":"Elezioni, il Segretario del Partito Umanista: \u00abIl Rosatellum \u00e8 una legge pessima. Noi per il proporzionale\u00bb","datePublished":"2018-01-08T09:12:40+00:00","dateModified":"2018-01-08T17:14:34+00:00","mainEntityOfPage":{"@id":"https:\/\/www.pressenza.com\/it\/2018\/01\/elezioni-parla-il-segretario-del-pu-il-rosatellum-e-una-legge-pessima-noi-per-il-proporzionale\/"},"wordCount":448,"publisher":{"@id":"https:\/\/www.pressenza.com\/it\/#organization"},"image":{"@id":"https:\/\/www.pressenza.com\/it\/2018\/01\/elezioni-parla-il-segretario-del-pu-il-rosatellum-e-una-legge-pessima-noi-per-il-proporzionale\/#primaryimage"},"thumbnailUrl":"https:\/\/www.pressenza.com\/wp-content\/uploads\/2018\/01\/644cdebb58c2bbbae8e87bcd60f0a4e9_w400.jpg","keywords":["elezioni","legge elettorale","Manigrasso","Partito Umanista"],"articleSection":["contenuti originali","Interviste"],"inLanguage":"it-IT"},{"@type":"WebPage","@id":"https:\/\/www.pressenza.com\/it\/2018\/01\/elezioni-parla-il-segretario-del-pu-il-rosatellum-e-una-legge-pessima-noi-per-il-proporzionale\/","url":"https:\/\/www.pressenza.com\/it\/2018\/01\/elezioni-parla-il-segretario-del-pu-il-rosatellum-e-una-legge-pessima-noi-per-il-proporzionale\/","name":"Elezioni, il Segretario del Partito Umanista: \u00abIl Rosatellum \u00e8 una legge pessima. Noi per il proporzionale\u00bb","isPartOf":{"@id":"https:\/\/www.pressenza.com\/it\/#website"},"primaryImageOfPage":{"@id":"https:\/\/www.pressenza.com\/it\/2018\/01\/elezioni-parla-il-segretario-del-pu-il-rosatellum-e-una-legge-pessima-noi-per-il-proporzionale\/#primaryimage"},"image":{"@id":"https:\/\/www.pressenza.com\/it\/2018\/01\/elezioni-parla-il-segretario-del-pu-il-rosatellum-e-una-legge-pessima-noi-per-il-proporzionale\/#primaryimage"},"thumbnailUrl":"https:\/\/www.pressenza.com\/wp-content\/uploads\/2018\/01\/644cdebb58c2bbbae8e87bcd60f0a4e9_w400.jpg","datePublished":"2018-01-08T09:12:40+00:00","dateModified":"2018-01-08T17:14:34+00:00","description":"Le elezioni si avvicinano e i grandi gruppi editoriali ricominciano il valzer delle dichiarazioni incrociate, dei retroscena dei j'accuse e simili:","breadcrumb":{"@id":"https:\/\/www.pressenza.com\/it\/2018\/01\/elezioni-parla-il-segretario-del-pu-il-rosatellum-e-una-legge-pessima-noi-per-il-proporzionale\/#breadcrumb"},"inLanguage":"it-IT","potentialAction":[{"@type":"ReadAction","target":["https:\/\/www.pressenza.com\/it\/2018\/01\/elezioni-parla-il-segretario-del-pu-il-rosatellum-e-una-legge-pessima-noi-per-il-proporzionale\/"]}]},{"@type":"ImageObject","inLanguage":"it-IT","@id":"https:\/\/www.pressenza.com\/it\/2018\/01\/elezioni-parla-il-segretario-del-pu-il-rosatellum-e-una-legge-pessima-noi-per-il-proporzionale\/#primaryimage","url":"https:\/\/www.pressenza.com\/wp-content\/uploads\/2018\/01\/644cdebb58c2bbbae8e87bcd60f0a4e9_w400.jpg","contentUrl":"https:\/\/www.pressenza.com\/wp-content\/uploads\/2018\/01\/644cdebb58c2bbbae8e87bcd60f0a4e9_w400.jpg","width":400,"height":381},{"@type":"BreadcrumbList","@id":"https:\/\/www.pressenza.com\/it\/2018\/01\/elezioni-parla-il-segretario-del-pu-il-rosatellum-e-una-legge-pessima-noi-per-il-proporzionale\/#breadcrumb","itemListElement":[{"@type":"ListItem","position":1,"name":"Accueil","item":"https:\/\/www.pressenza.com\/it\/"},{"@type":"ListItem","position":2,"name":"Elezioni, il Segretario del Partito Umanista: \u00abIl Rosatellum \u00e8 una legge pessima. Noi per il proporzionale\u00bb"}]},{"@type":"WebSite","@id":"https:\/\/www.pressenza.com\/it\/#website","url":"https:\/\/www.pressenza.com\/it\/","name":"Pressenza","description":"Agenzia di Stampa Internazionale","publisher":{"@id":"https:\/\/www.pressenza.com\/it\/#organization"},"potentialAction":[{"@type":"SearchAction","target":{"@type":"EntryPoint","urlTemplate":"https:\/\/www.pressenza.com\/it\/?s={search_term_string}"},"query-input":{"@type":"PropertyValueSpecification","valueRequired":true,"valueName":"search_term_string"}}],"inLanguage":"it-IT"},{"@type":"Organization","@id":"https:\/\/www.pressenza.com\/it\/#organization","name":"Pressenza","url":"https:\/\/www.pressenza.com\/it\/","logo":{"@type":"ImageObject","inLanguage":"it-IT","@id":"https:\/\/www.pressenza.com\/it\/#\/schema\/logo\/image\/","url":"https:\/\/www.pressenza.com\/wp-content\/uploads\/2022\/10\/pressenza_logo_200x200.jpg","contentUrl":"https:\/\/www.pressenza.com\/wp-content\/uploads\/2022\/10\/pressenza_logo_200x200.jpg","width":200,"height":200,"caption":"Pressenza"},"image":{"@id":"https:\/\/www.pressenza.com\/it\/#\/schema\/logo\/image\/"},"sameAs":["https:\/\/www.facebook.com\/PressenzaItalia","https:\/\/x.com\/PressenzaIPA"]},{"@type":"Person","@id":"https:\/\/www.pressenza.com\/it\/#\/schema\/person\/e7b9348384b4a58e20fa11262a749506","name":"Marco Piccinelli","description":"Insegnante di lettere alla scuola secondaria di secondo grado e giornalista. Ho scritto con Fabio Belli per Rogas Edizioni edizioni: \"Calcio e Martello. Storie e uomini del calcio socialista\", \"La Repubblica nel pallone\", \"C\u2019eravamo tanto a(r)mati\" e \"La pi\u00f9 forte - The Strongest e altre storie del calcio in Bolivia\". Sognatore, nicchista e felice di esserlo.","url":"https:\/\/www.pressenza.com\/it\/author\/marco-piccinelli\/"}]}},"place":"","original_article_url":"","_links":{"self":[{"href":"https:\/\/www.pressenza.com\/it\/wp-json\/wp\/v2\/posts\/580205","targetHints":{"allow":["GET"]}}],"collection":[{"href":"https:\/\/www.pressenza.com\/it\/wp-json\/wp\/v2\/posts"}],"about":[{"href":"https:\/\/www.pressenza.com\/it\/wp-json\/wp\/v2\/types\/post"}],"author":[{"embeddable":true,"href":"https:\/\/www.pressenza.com\/it\/wp-json\/wp\/v2\/users\/1456"}],"replies":[{"embeddable":true,"href":"https:\/\/www.pressenza.com\/it\/wp-json\/wp\/v2\/comments?post=580205"}],"version-history":[{"count":0,"href":"https:\/\/www.pressenza.com\/it\/wp-json\/wp\/v2\/posts\/580205\/revisions"}],"wp:featuredmedia":[{"embeddable":true,"href":"https:\/\/www.pressenza.com\/it\/wp-json\/wp\/v2\/media\/580206"}],"wp:attachment":[{"href":"https:\/\/www.pressenza.com\/it\/wp-json\/wp\/v2\/media?parent=580205"}],"wp:term":[{"taxonomy":"category","embeddable":true,"href":"https:\/\/www.pressenza.com\/it\/wp-json\/wp\/v2\/categories?post=580205"},{"taxonomy":"post_tag","embeddable":true,"href":"https:\/\/www.pressenza.com\/it\/wp-json\/wp\/v2\/tags?post=580205"}],"curies":[{"name":"wp","href":"https:\/\/api.w.org\/{rel}","templated":true}]}}