{"id":574219,"date":"2017-12-19T11:30:20","date_gmt":"2017-12-19T11:30:20","guid":{"rendered":"https:\/\/www.pressenza.com\/?p=574219\/"},"modified":"2017-12-19T15:54:18","modified_gmt":"2017-12-19T15:54:18","slug":"luigi-maio-la-matematica-la-propaganda","status":"publish","type":"post","link":"https:\/\/www.pressenza.com\/it\/2017\/12\/luigi-maio-la-matematica-la-propaganda\/","title":{"rendered":"Luigi Di Maio, la matematica e la propaganda"},"content":{"rendered":"<p>&#8220;Se alle elezioni dovessimo ottenere il 40% potremmo governare da soli. Se non dovessimo farcela, la sera delle elezioni faremo un appello pubblico alle altre forze politiche che sono entrate in Parlamento presentando il nostro programma e la nostra squadra. E governeremo con chi ci sta&#8221;. Cos\u00ec Luigi Di Maio, leader del M5S, nel corso di una recente intervista alla trasmissione Circo Massimo di Radio Capital.<br \/>\nTutti i commentatori politici hanno sottolineato la novit\u00e0: i grillini per la prima volta in modo esplicito ipotizzano di governare insieme ad altri.<br \/>\nNessuno ha rilevato una grave lacuna nell\u2019ipotesi di Di Maio. Nel caso il M5S avesse il 40% dei consensi, com\u2019\u00e8 possibile che governi da solo?<br \/>\nLa legge elettorale voluta da Matteo Renzi, l\u2019Italicum, stabiliva che il partito o la coalizione che al primo turno avesse superato il 40% dei consensi, alla Camera avrebbe avuto il 54% dei seggi. Ma questa legge \u00e8 stata abrogata e sostituita con la recente approvazione del Rosatellum, che prevede il 64% dei seggi assegnati con il sistema proporzionale e il restante 36% con i vincitori nei collegi uninominali.<br \/>\nDi conseguenza, se un partito arrivasse al 40%, con il proporzionale otterrebbe il 40% del 64% dei seggi, cio\u00e8 il 25,6%. Per arrivare alla maggioranza dei seggi (50,1%) dovrebbe aggiungere almeno il 24,5% con gli eletti nei collegi uninominali. Il che significa che dovrebbe vincere nel 69% dei collegi, poich\u00e9 il 69% del 36% corrisponde al 24,8%.<br \/>\nMa che il M5S possa vincere nel 69% dei collegi uninominali \u00e8 un\u2019ipotesi ancora pi\u00f9 azzardata del 40% da raggiungere nella ripartizione proporzionale, anche perch\u00e9 ci sono aree geografiche in cui tradizionalmente il peso elettorale delle altre forze politiche \u00e8 particolarmente concentrato e rilevante: ad esempio il centrodestra nelle regioni del nord e il centrosinistra nelle regioni del centro, che di fatto risultano favoriti nei collegi uninominali. Pertanto \u00e8 del tutto improbabile che il M5S possa raggiungere tale risultato, a dimostrazione che il riferimento alla soglia del 40% da parte di Luigi Di Maio \u00e8 sostanzialmente improprio, per non dire del tutto infondato.<\/p>\n<p>Luigi Di Maio, intervistato da La7, ha anche chiarito la sua posizione rispetto alla moneta unica europea: &#8220;se si dovesse arrivare a un referendum sull&#8217;euro, che per\u00f2 io considero un&#8217;estrema ratio, voterei per l&#8217;uscita\u201d.<br \/>\nAnche in questo caso dai giornalisti e dai politici \u00e8 stato sottolineata la dichiarazione di voto contrario all\u2019euro da parte del leader del M5S.<br \/>\nPochi hanno invece rilevato che un referendum sull\u2019euro in Italia non \u00e8 possibile, poich\u00e9 la Costituzione vigente vieta referendum sulle leggi \u201cdi autorizzazione a ratificare trattati internazionali\u201d (art. 75). Infatti, l\u2019euro \u00e8 stato introdotto a seguito del trattato di Maastricht ratificato dall\u2019Italia nel 1992.<br \/>\nCi\u00f2 significa che il M5S propone di modificare la Costituzione? Se cos\u00ec fosse, sarebbe pi\u00f9 corretto che Luigi Di Maio in modo esplicito avanzasse una proposta di revisione costituzionale. Altrimenti si parla del nulla o, ad essere pi\u00f9 precisi, di mera propaganda.<\/p>\n","protected":false},"excerpt":{"rendered":"<p>&#8220;Se alle elezioni dovessimo ottenere il 40% potremmo governare da soli. Se non dovessimo farcela, la sera delle elezioni faremo un appello pubblico alle altre forze politiche che sono entrate in Parlamento presentando il nostro programma e la nostra squadra.&hellip;<\/p>\n","protected":false},"author":1280,"featured_media":574221,"comment_status":"closed","ping_status":"closed","sticky":false,"template":"","format":"standard","meta":{"footnotes":""},"categories":[11388,47,162,55],"tags":[1736,40454,4550,40843],"class_list":["post-574219","post","type-post","status-publish","format-standard","has-post-thumbnail","hentry","category-contenuti-originali","category-europa","category-opinioni","category-politica","tag-elezioni-politiche","tag-luigi-di-maio","tag-m5s","tag-rosatellum"],"yoast_head":"<!-- This site is optimized with the Yoast SEO plugin v27.1.1 - https:\/\/yoast.com\/product\/yoast-seo-wordpress\/ -->\n<title>Luigi Di Maio, la matematica e la propaganda<\/title>\n<meta name=\"description\" content=\"&quot;Se alle elezioni dovessimo ottenere il 40% potremmo governare da soli. Se non dovessimo farcela, la sera delle elezioni faremo un appello pubblico alle\" \/>\n<meta name=\"robots\" content=\"index, follow, max-snippet:-1, max-image-preview:large, max-video-preview:-1\" \/>\n<link rel=\"canonical\" href=\"https:\/\/www.pressenza.com\/it\/2017\/12\/luigi-maio-la-matematica-la-propaganda\/\" \/>\n<meta property=\"og:locale\" content=\"it_IT\" \/>\n<meta property=\"og:type\" content=\"article\" \/>\n<meta property=\"og:title\" content=\"Luigi Di Maio, la matematica e la propaganda\" \/>\n<meta property=\"og:description\" content=\"&quot;Se alle elezioni dovessimo ottenere il 40% potremmo governare da soli. Se non dovessimo farcela, la sera delle elezioni faremo un appello pubblico alle\" \/>\n<meta property=\"og:url\" content=\"https:\/\/www.pressenza.com\/it\/2017\/12\/luigi-maio-la-matematica-la-propaganda\/\" \/>\n<meta property=\"og:site_name\" content=\"Pressenza\" \/>\n<meta property=\"article:publisher\" content=\"https:\/\/www.facebook.com\/PressenzaItalia\" \/>\n<meta property=\"article:published_time\" content=\"2017-12-19T11:30:20+00:00\" \/>\n<meta property=\"article:modified_time\" content=\"2017-12-19T15:54:18+00:00\" \/>\n<meta property=\"og:image\" content=\"https:\/\/www.pressenza.com\/wp-content\/uploads\/2017\/12\/dimaio.jpg\" \/>\n\t<meta property=\"og:image:width\" content=\"800\" \/>\n\t<meta property=\"og:image:height\" content=\"551\" \/>\n\t<meta property=\"og:image:type\" content=\"image\/jpeg\" \/>\n<meta name=\"author\" content=\"Rocco Artifoni\" \/>\n<meta name=\"twitter:card\" content=\"summary_large_image\" \/>\n<meta name=\"twitter:creator\" content=\"@PressenzaIPA\" \/>\n<meta name=\"twitter:site\" content=\"@PressenzaIPA\" \/>\n<meta name=\"twitter:label1\" content=\"Scritto da\" \/>\n\t<meta name=\"twitter:data1\" content=\"Rocco Artifoni\" \/>\n\t<meta name=\"twitter:label2\" content=\"Tempo di lettura stimato\" \/>\n\t<meta name=\"twitter:data2\" content=\"2 minuti\" \/>\n<script type=\"application\/ld+json\" class=\"yoast-schema-graph\">{\"@context\":\"https:\/\/schema.org\",\"@graph\":[{\"@type\":\"Article\",\"@id\":\"https:\/\/www.pressenza.com\/it\/2017\/12\/luigi-maio-la-matematica-la-propaganda\/#article\",\"isPartOf\":{\"@id\":\"https:\/\/www.pressenza.com\/it\/2017\/12\/luigi-maio-la-matematica-la-propaganda\/\"},\"author\":{\"name\":\"Rocco Artifoni\",\"@id\":\"https:\/\/www.pressenza.com\/it\/#\/schema\/person\/47253bd773bfdc8f669fc1a490a0d099\"},\"headline\":\"Luigi Di Maio, la matematica e la propaganda\",\"datePublished\":\"2017-12-19T11:30:20+00:00\",\"dateModified\":\"2017-12-19T15:54:18+00:00\",\"mainEntityOfPage\":{\"@id\":\"https:\/\/www.pressenza.com\/it\/2017\/12\/luigi-maio-la-matematica-la-propaganda\/\"},\"wordCount\":481,\"publisher\":{\"@id\":\"https:\/\/www.pressenza.com\/it\/#organization\"},\"image\":{\"@id\":\"https:\/\/www.pressenza.com\/it\/2017\/12\/luigi-maio-la-matematica-la-propaganda\/#primaryimage\"},\"thumbnailUrl\":\"https:\/\/www.pressenza.com\/wp-content\/uploads\/2017\/12\/dimaio.jpg\",\"keywords\":[\"elezioni politiche\",\"Luigi di Maio\",\"M5S\",\"Rosatellum\"],\"articleSection\":[\"contenuti originali\",\"Europa\",\"Opinioni\",\"Politica\"],\"inLanguage\":\"it-IT\"},{\"@type\":\"WebPage\",\"@id\":\"https:\/\/www.pressenza.com\/it\/2017\/12\/luigi-maio-la-matematica-la-propaganda\/\",\"url\":\"https:\/\/www.pressenza.com\/it\/2017\/12\/luigi-maio-la-matematica-la-propaganda\/\",\"name\":\"Luigi Di Maio, la matematica e la propaganda\",\"isPartOf\":{\"@id\":\"https:\/\/www.pressenza.com\/it\/#website\"},\"primaryImageOfPage\":{\"@id\":\"https:\/\/www.pressenza.com\/it\/2017\/12\/luigi-maio-la-matematica-la-propaganda\/#primaryimage\"},\"image\":{\"@id\":\"https:\/\/www.pressenza.com\/it\/2017\/12\/luigi-maio-la-matematica-la-propaganda\/#primaryimage\"},\"thumbnailUrl\":\"https:\/\/www.pressenza.com\/wp-content\/uploads\/2017\/12\/dimaio.jpg\",\"datePublished\":\"2017-12-19T11:30:20+00:00\",\"dateModified\":\"2017-12-19T15:54:18+00:00\",\"description\":\"\\\"Se alle elezioni dovessimo ottenere il 40% potremmo governare da soli. Se non dovessimo farcela, la sera delle elezioni faremo un appello pubblico alle\",\"breadcrumb\":{\"@id\":\"https:\/\/www.pressenza.com\/it\/2017\/12\/luigi-maio-la-matematica-la-propaganda\/#breadcrumb\"},\"inLanguage\":\"it-IT\",\"potentialAction\":[{\"@type\":\"ReadAction\",\"target\":[\"https:\/\/www.pressenza.com\/it\/2017\/12\/luigi-maio-la-matematica-la-propaganda\/\"]}]},{\"@type\":\"ImageObject\",\"inLanguage\":\"it-IT\",\"@id\":\"https:\/\/www.pressenza.com\/it\/2017\/12\/luigi-maio-la-matematica-la-propaganda\/#primaryimage\",\"url\":\"https:\/\/www.pressenza.com\/wp-content\/uploads\/2017\/12\/dimaio.jpg\",\"contentUrl\":\"https:\/\/www.pressenza.com\/wp-content\/uploads\/2017\/12\/dimaio.jpg\",\"width\":800,\"height\":551},{\"@type\":\"BreadcrumbList\",\"@id\":\"https:\/\/www.pressenza.com\/it\/2017\/12\/luigi-maio-la-matematica-la-propaganda\/#breadcrumb\",\"itemListElement\":[{\"@type\":\"ListItem\",\"position\":1,\"name\":\"Accueil\",\"item\":\"https:\/\/www.pressenza.com\/it\/\"},{\"@type\":\"ListItem\",\"position\":2,\"name\":\"Luigi Di Maio, la matematica e la propaganda\"}]},{\"@type\":\"WebSite\",\"@id\":\"https:\/\/www.pressenza.com\/it\/#website\",\"url\":\"https:\/\/www.pressenza.com\/it\/\",\"name\":\"Pressenza\",\"description\":\"Agenzia di Stampa Internazionale\",\"publisher\":{\"@id\":\"https:\/\/www.pressenza.com\/it\/#organization\"},\"potentialAction\":[{\"@type\":\"SearchAction\",\"target\":{\"@type\":\"EntryPoint\",\"urlTemplate\":\"https:\/\/www.pressenza.com\/it\/?s={search_term_string}\"},\"query-input\":{\"@type\":\"PropertyValueSpecification\",\"valueRequired\":true,\"valueName\":\"search_term_string\"}}],\"inLanguage\":\"it-IT\"},{\"@type\":\"Organization\",\"@id\":\"https:\/\/www.pressenza.com\/it\/#organization\",\"name\":\"Pressenza\",\"url\":\"https:\/\/www.pressenza.com\/it\/\",\"logo\":{\"@type\":\"ImageObject\",\"inLanguage\":\"it-IT\",\"@id\":\"https:\/\/www.pressenza.com\/it\/#\/schema\/logo\/image\/\",\"url\":\"https:\/\/www.pressenza.com\/wp-content\/uploads\/2022\/10\/pressenza_logo_200x200.jpg\",\"contentUrl\":\"https:\/\/www.pressenza.com\/wp-content\/uploads\/2022\/10\/pressenza_logo_200x200.jpg\",\"width\":200,\"height\":200,\"caption\":\"Pressenza\"},\"image\":{\"@id\":\"https:\/\/www.pressenza.com\/it\/#\/schema\/logo\/image\/\"},\"sameAs\":[\"https:\/\/www.facebook.com\/PressenzaItalia\",\"https:\/\/x.com\/PressenzaIPA\"]},{\"@type\":\"Person\",\"@id\":\"https:\/\/www.pressenza.com\/it\/#\/schema\/person\/47253bd773bfdc8f669fc1a490a0d099\",\"name\":\"Rocco Artifoni\",\"description\":\"Rocco Artifoni \u00e8 nato a Bergamo nel 1960. \u00c8 presidente nazionale dell\u2019Associazione per la Riduzione del Debito Pubblico (www.ardep.it) e referente per la Lombardia dell\u2019Associazione Art. 53 (www.articolo53.it). Principali appartenenze e impegni locali (provincia di Bergamo): Consiglio Direttivo della Fondazione Serughetti La Porta (www.laportabergamo.it), Comitato provinciale per l\u2019abolizione delle barriere architettoniche (www.diversabile.it), Coordinamento provinciale di Libera (www.liberabg.it), Comitato bergamasco per la difesa della Costituzione (www.salviamolacostituzione.bg.it), Scuola di educazione e formazione alla politica We Care (www.scuolawecare.it), Redazione della rivista L\u2019Incontro e delle Edizioni Gruppo Aeper (www.aeper.it). Nel 2014 ha pubblicato insieme a Filippo Pizzolato \u201cL\u2019ABC della Costituzione\u201d per le Edizioni Gruppo Aeper con prefazione di don Luigi Ciotti. Nel 2018, insieme a Francesco Gesualdi e Antonio De Lellis, per CADTM Italia ha pubblicato il dossier \u201cFisco &amp; Debito. Gli effetti delle controriforme fiscali sul nostro debito pubblico\u201d.\",\"url\":\"https:\/\/www.pressenza.com\/it\/author\/rocco-artifoni\/\"}]}<\/script>\n<!-- \/ Yoast SEO plugin. -->","yoast_head_json":{"title":"Luigi Di Maio, la matematica e la propaganda","description":"\"Se alle elezioni dovessimo ottenere il 40% potremmo governare da soli. Se non dovessimo farcela, la sera delle elezioni faremo un appello pubblico alle","robots":{"index":"index","follow":"follow","max-snippet":"max-snippet:-1","max-image-preview":"max-image-preview:large","max-video-preview":"max-video-preview:-1"},"canonical":"https:\/\/www.pressenza.com\/it\/2017\/12\/luigi-maio-la-matematica-la-propaganda\/","og_locale":"it_IT","og_type":"article","og_title":"Luigi Di Maio, la matematica e la propaganda","og_description":"\"Se alle elezioni dovessimo ottenere il 40% potremmo governare da soli. Se non dovessimo farcela, la sera delle elezioni faremo un appello pubblico alle","og_url":"https:\/\/www.pressenza.com\/it\/2017\/12\/luigi-maio-la-matematica-la-propaganda\/","og_site_name":"Pressenza","article_publisher":"https:\/\/www.facebook.com\/PressenzaItalia","article_published_time":"2017-12-19T11:30:20+00:00","article_modified_time":"2017-12-19T15:54:18+00:00","og_image":[{"width":800,"height":551,"url":"https:\/\/www.pressenza.com\/wp-content\/uploads\/2017\/12\/dimaio.jpg","type":"image\/jpeg"}],"author":"Rocco Artifoni","twitter_card":"summary_large_image","twitter_creator":"@PressenzaIPA","twitter_site":"@PressenzaIPA","twitter_misc":{"Scritto da":"Rocco Artifoni","Tempo di lettura stimato":"2 minuti"},"schema":{"@context":"https:\/\/schema.org","@graph":[{"@type":"Article","@id":"https:\/\/www.pressenza.com\/it\/2017\/12\/luigi-maio-la-matematica-la-propaganda\/#article","isPartOf":{"@id":"https:\/\/www.pressenza.com\/it\/2017\/12\/luigi-maio-la-matematica-la-propaganda\/"},"author":{"name":"Rocco Artifoni","@id":"https:\/\/www.pressenza.com\/it\/#\/schema\/person\/47253bd773bfdc8f669fc1a490a0d099"},"headline":"Luigi Di Maio, la matematica e la propaganda","datePublished":"2017-12-19T11:30:20+00:00","dateModified":"2017-12-19T15:54:18+00:00","mainEntityOfPage":{"@id":"https:\/\/www.pressenza.com\/it\/2017\/12\/luigi-maio-la-matematica-la-propaganda\/"},"wordCount":481,"publisher":{"@id":"https:\/\/www.pressenza.com\/it\/#organization"},"image":{"@id":"https:\/\/www.pressenza.com\/it\/2017\/12\/luigi-maio-la-matematica-la-propaganda\/#primaryimage"},"thumbnailUrl":"https:\/\/www.pressenza.com\/wp-content\/uploads\/2017\/12\/dimaio.jpg","keywords":["elezioni politiche","Luigi di Maio","M5S","Rosatellum"],"articleSection":["contenuti originali","Europa","Opinioni","Politica"],"inLanguage":"it-IT"},{"@type":"WebPage","@id":"https:\/\/www.pressenza.com\/it\/2017\/12\/luigi-maio-la-matematica-la-propaganda\/","url":"https:\/\/www.pressenza.com\/it\/2017\/12\/luigi-maio-la-matematica-la-propaganda\/","name":"Luigi Di Maio, la matematica e la propaganda","isPartOf":{"@id":"https:\/\/www.pressenza.com\/it\/#website"},"primaryImageOfPage":{"@id":"https:\/\/www.pressenza.com\/it\/2017\/12\/luigi-maio-la-matematica-la-propaganda\/#primaryimage"},"image":{"@id":"https:\/\/www.pressenza.com\/it\/2017\/12\/luigi-maio-la-matematica-la-propaganda\/#primaryimage"},"thumbnailUrl":"https:\/\/www.pressenza.com\/wp-content\/uploads\/2017\/12\/dimaio.jpg","datePublished":"2017-12-19T11:30:20+00:00","dateModified":"2017-12-19T15:54:18+00:00","description":"\"Se alle elezioni dovessimo ottenere il 40% potremmo governare da soli. Se non dovessimo farcela, la sera delle elezioni faremo un appello pubblico alle","breadcrumb":{"@id":"https:\/\/www.pressenza.com\/it\/2017\/12\/luigi-maio-la-matematica-la-propaganda\/#breadcrumb"},"inLanguage":"it-IT","potentialAction":[{"@type":"ReadAction","target":["https:\/\/www.pressenza.com\/it\/2017\/12\/luigi-maio-la-matematica-la-propaganda\/"]}]},{"@type":"ImageObject","inLanguage":"it-IT","@id":"https:\/\/www.pressenza.com\/it\/2017\/12\/luigi-maio-la-matematica-la-propaganda\/#primaryimage","url":"https:\/\/www.pressenza.com\/wp-content\/uploads\/2017\/12\/dimaio.jpg","contentUrl":"https:\/\/www.pressenza.com\/wp-content\/uploads\/2017\/12\/dimaio.jpg","width":800,"height":551},{"@type":"BreadcrumbList","@id":"https:\/\/www.pressenza.com\/it\/2017\/12\/luigi-maio-la-matematica-la-propaganda\/#breadcrumb","itemListElement":[{"@type":"ListItem","position":1,"name":"Accueil","item":"https:\/\/www.pressenza.com\/it\/"},{"@type":"ListItem","position":2,"name":"Luigi Di Maio, la matematica e la propaganda"}]},{"@type":"WebSite","@id":"https:\/\/www.pressenza.com\/it\/#website","url":"https:\/\/www.pressenza.com\/it\/","name":"Pressenza","description":"Agenzia di Stampa Internazionale","publisher":{"@id":"https:\/\/www.pressenza.com\/it\/#organization"},"potentialAction":[{"@type":"SearchAction","target":{"@type":"EntryPoint","urlTemplate":"https:\/\/www.pressenza.com\/it\/?s={search_term_string}"},"query-input":{"@type":"PropertyValueSpecification","valueRequired":true,"valueName":"search_term_string"}}],"inLanguage":"it-IT"},{"@type":"Organization","@id":"https:\/\/www.pressenza.com\/it\/#organization","name":"Pressenza","url":"https:\/\/www.pressenza.com\/it\/","logo":{"@type":"ImageObject","inLanguage":"it-IT","@id":"https:\/\/www.pressenza.com\/it\/#\/schema\/logo\/image\/","url":"https:\/\/www.pressenza.com\/wp-content\/uploads\/2022\/10\/pressenza_logo_200x200.jpg","contentUrl":"https:\/\/www.pressenza.com\/wp-content\/uploads\/2022\/10\/pressenza_logo_200x200.jpg","width":200,"height":200,"caption":"Pressenza"},"image":{"@id":"https:\/\/www.pressenza.com\/it\/#\/schema\/logo\/image\/"},"sameAs":["https:\/\/www.facebook.com\/PressenzaItalia","https:\/\/x.com\/PressenzaIPA"]},{"@type":"Person","@id":"https:\/\/www.pressenza.com\/it\/#\/schema\/person\/47253bd773bfdc8f669fc1a490a0d099","name":"Rocco Artifoni","description":"Rocco Artifoni \u00e8 nato a Bergamo nel 1960. \u00c8 presidente nazionale dell\u2019Associazione per la Riduzione del Debito Pubblico (www.ardep.it) e referente per la Lombardia dell\u2019Associazione Art. 53 (www.articolo53.it). Principali appartenenze e impegni locali (provincia di Bergamo): Consiglio Direttivo della Fondazione Serughetti La Porta (www.laportabergamo.it), Comitato provinciale per l\u2019abolizione delle barriere architettoniche (www.diversabile.it), Coordinamento provinciale di Libera (www.liberabg.it), Comitato bergamasco per la difesa della Costituzione (www.salviamolacostituzione.bg.it), Scuola di educazione e formazione alla politica We Care (www.scuolawecare.it), Redazione della rivista L\u2019Incontro e delle Edizioni Gruppo Aeper (www.aeper.it). Nel 2014 ha pubblicato insieme a Filippo Pizzolato \u201cL\u2019ABC della Costituzione\u201d per le Edizioni Gruppo Aeper con prefazione di don Luigi Ciotti. Nel 2018, insieme a Francesco Gesualdi e Antonio De Lellis, per CADTM Italia ha pubblicato il dossier \u201cFisco &amp; Debito. Gli effetti delle controriforme fiscali sul nostro debito pubblico\u201d.","url":"https:\/\/www.pressenza.com\/it\/author\/rocco-artifoni\/"}]}},"place":"","original_article_url":"","_links":{"self":[{"href":"https:\/\/www.pressenza.com\/it\/wp-json\/wp\/v2\/posts\/574219","targetHints":{"allow":["GET"]}}],"collection":[{"href":"https:\/\/www.pressenza.com\/it\/wp-json\/wp\/v2\/posts"}],"about":[{"href":"https:\/\/www.pressenza.com\/it\/wp-json\/wp\/v2\/types\/post"}],"author":[{"embeddable":true,"href":"https:\/\/www.pressenza.com\/it\/wp-json\/wp\/v2\/users\/1280"}],"replies":[{"embeddable":true,"href":"https:\/\/www.pressenza.com\/it\/wp-json\/wp\/v2\/comments?post=574219"}],"version-history":[{"count":0,"href":"https:\/\/www.pressenza.com\/it\/wp-json\/wp\/v2\/posts\/574219\/revisions"}],"wp:featuredmedia":[{"embeddable":true,"href":"https:\/\/www.pressenza.com\/it\/wp-json\/wp\/v2\/media\/574221"}],"wp:attachment":[{"href":"https:\/\/www.pressenza.com\/it\/wp-json\/wp\/v2\/media?parent=574219"}],"wp:term":[{"taxonomy":"category","embeddable":true,"href":"https:\/\/www.pressenza.com\/it\/wp-json\/wp\/v2\/categories?post=574219"},{"taxonomy":"post_tag","embeddable":true,"href":"https:\/\/www.pressenza.com\/it\/wp-json\/wp\/v2\/tags?post=574219"}],"curies":[{"name":"wp","href":"https:\/\/api.w.org\/{rel}","templated":true}]}}