{"id":573200,"date":"2017-12-17T10:08:36","date_gmt":"2017-12-17T10:08:36","guid":{"rendered":"https:\/\/www.pressenza.com\/?p=573200\/"},"modified":"2017-12-17T10:09:22","modified_gmt":"2017-12-17T10:09:22","slug":"appello-dellunione-degli-studenti-como","status":"publish","type":"post","link":"https:\/\/www.pressenza.com\/it\/2017\/12\/appello-dellunione-degli-studenti-como\/","title":{"rendered":"Appello dell&#8217;Unione degli Studenti di Como"},"content":{"rendered":"<p><strong>Dopo il divieto della questura di Como, che sabato 9 dicembre aveva impedito agli studenti comaschi di promuovere un presidio antifascista in solidariet\u00e0 alla rete Como Senza Frontiere per i fatti del 28 novembre 2017 e contro il nuovo squadrismo neofascista, l\u2019Unione degli Studenti Como promuove un corteo antirazzista e antifascista per il giorno mercoled\u00ec 20 dicembre.<\/strong><\/p>\n<p>Gli studenti di Como hanno nei giorni scorsi promosso e diffuso un appello rivolto a tutte le forze e le realt\u00e0 antifasciste e antirazziste territoriali, regionali e nazionali per la costruzione di una mobilitazione sul territorio contro razzismo, xenofobia e neofascismo. Torneremo in piazza per gridare a gran voce che Como esprime una profonda coscienza antirazzista, che rifiuta i mantra della guerra fra poveri, dell\u2019odio e della violenza.<\/p>\n<p>Riteniamo assurdo che il fenomeno neofascista non venga affrontato e combattuto da partiti e istituzioni se non in campagna elettorale. Vogliamo promuovere una mobilitazione plurale, pacifica, collettiva e determinata, una mobilitazione che parli a tutta la cittadinanza e che riesca a portare al centro del dibattito pubblico temi che, per comodit\u00e0 elettorale, nel parlare di antifascismo a Como sono stati volutamente ignorati. A Como esiste, esiste da anni, una questione migrazioni. Nel promuovere una mobilitazione contro ogni razzismo non possiamo ignorare che esistono delle responsabilit\u00e0 specifiche: la responsabilit\u00e0 di chi ha deciso di rimanere sordo davanti alla sofferenza di molti durante l\u2019emergenza migranti dell\u2019estate 2016; la responsabilit\u00e0 di chi a lungo ha legittimato la diffusione del fenomeno neofascista concedendo spazi pubblici e mediatici alle formazioni di estrema destra; la responsabilit\u00e0 di chi pu\u00f2 accettare che si muoia alla frontiera fra Como e Chiasso; la responsabilit\u00e0 di chi tutt\u2019oggi promuove politiche migratorie e accordi internazionali assassini e di chi \u00e8 comunque sempre pronto a cavalcare il vento della sofferenza e della guerra fra poveri per racimolare qualche magro consenso; la responsabilit\u00e0 di chi accetta che decine di persone dormano quest\u2019 inverno esposte al freddo e alle intemperie all\u2019autosilo di Val Mulini.<\/p>\n<p><strong>Pertanto chiamiamo a raccolta tutti i cittadini antirazzisti e antifascisti il 20 dicembre alle 14 nel parco antistante alla stazione S. Giovanni di Como, per dare vita, partendo da quel luogo simbolo della Como solidale, a un corteo per dire insieme \u201cno\u201d a razzismo, xenofobia, neosquadrismo fascista e decreti Orlando \u2013 Minniti.<\/strong><\/p>\n<p>NO NAZI IN MY TOWN.<br \/>\nCOMO METICCIA E ANTIFASCISTA.<\/p>\n<p><strong>Evento facebook di Unione degli Studenti Como<\/strong>\u00a0<a href=\"https:\/\/www.facebook.com\/events\/1666445380043307\/\">https:\/\/www.facebook.com\/events\/1666445380043307\/<\/a><\/p>\n<p><strong>Evento facebook per il treno da Milano verso Como<\/strong><\/p>\n<p><a href=\"https:\/\/www.facebook.com\/events\/1669660076389182\/\">https:\/\/www.facebook.com\/events\/1669660076389182\/<\/a><\/p>\n<p>Per adesioni: \u00a0<a href=\"mailto:lorenzo.baldino.ghog@gmail.com\">lorenzo.baldino.ghog@gmail.com<\/a>.<\/p>\n<p>&nbsp;<\/p>\n<p>&nbsp;<\/p>\n","protected":false},"excerpt":{"rendered":"<p>Dopo il divieto della questura di Como, che sabato 9 dicembre aveva impedito agli studenti comaschi di promuovere un presidio antifascista in solidariet\u00e0 alla rete Como Senza Frontiere per i fatti del 28 novembre 2017 e contro il nuovo squadrismo&hellip;<\/p>\n","protected":false},"author":594,"featured_media":573203,"comment_status":"closed","ping_status":"closed","sticky":false,"template":"","format":"standard","meta":{"footnotes":""},"categories":[150,60,47],"tags":[6792,9082,42507,2636,42506],"class_list":["post-573200","post","type-post","status-publish","format-standard","has-post-thumbnail","hentry","category-comunicati-stampa","category-diritti-umani","category-europa","tag-anti-fascismo","tag-anti-razzismo","tag-manifestazione-20-dicembre","tag-migranti","tag-unione-degli-studenti-di-como"],"yoast_head":"<!-- This site is optimized with the Yoast SEO plugin v27.1.1 - https:\/\/yoast.com\/product\/yoast-seo-wordpress\/ -->\n<title>Appello dell&#039;Unione degli Studenti di Como<\/title>\n<meta name=\"description\" content=\"Dopo il divieto della questura di Como, che sabato 9 dicembre aveva impedito agli studenti comaschi di promuovere un presidio antifascista in solidariet\u00e0\" \/>\n<meta name=\"robots\" content=\"index, follow, max-snippet:-1, max-image-preview:large, max-video-preview:-1\" \/>\n<link rel=\"canonical\" href=\"https:\/\/www.pressenza.com\/it\/2017\/12\/appello-dellunione-degli-studenti-como\/\" \/>\n<meta property=\"og:locale\" content=\"it_IT\" \/>\n<meta property=\"og:type\" content=\"article\" \/>\n<meta property=\"og:title\" content=\"Appello dell&#039;Unione degli Studenti di Como\" \/>\n<meta property=\"og:description\" content=\"Dopo il divieto della questura di Como, che sabato 9 dicembre aveva impedito agli studenti comaschi di promuovere un presidio antifascista in solidariet\u00e0\" \/>\n<meta property=\"og:url\" content=\"https:\/\/www.pressenza.com\/it\/2017\/12\/appello-dellunione-degli-studenti-como\/\" \/>\n<meta property=\"og:site_name\" content=\"Pressenza\" \/>\n<meta property=\"article:publisher\" content=\"https:\/\/www.facebook.com\/PressenzaItalia\" \/>\n<meta property=\"article:author\" content=\"https:\/\/www.facebook.com\/PressenzaItalia\" \/>\n<meta property=\"article:published_time\" content=\"2017-12-17T10:08:36+00:00\" \/>\n<meta property=\"article:modified_time\" content=\"2017-12-17T10:09:22+00:00\" \/>\n<meta property=\"og:image\" content=\"https:\/\/www.pressenza.com\/wp-content\/uploads\/2017\/12\/no-nazi-Como.jpg\" \/>\n\t<meta property=\"og:image:width\" content=\"2048\" \/>\n\t<meta property=\"og:image:height\" content=\"758\" \/>\n\t<meta property=\"og:image:type\" content=\"image\/jpeg\" \/>\n<meta name=\"author\" content=\"Redazione Italia\" \/>\n<meta name=\"twitter:card\" content=\"summary_large_image\" \/>\n<meta name=\"twitter:creator\" content=\"@pressenza_it\" \/>\n<meta name=\"twitter:site\" content=\"@PressenzaIPA\" \/>\n<meta name=\"twitter:label1\" content=\"Scritto da\" \/>\n\t<meta name=\"twitter:data1\" content=\"Redazione Italia\" \/>\n\t<meta name=\"twitter:label2\" content=\"Tempo di lettura stimato\" \/>\n\t<meta name=\"twitter:data2\" content=\"2 minuti\" \/>\n<script type=\"application\/ld+json\" class=\"yoast-schema-graph\">{\"@context\":\"https:\/\/schema.org\",\"@graph\":[{\"@type\":\"Article\",\"@id\":\"https:\/\/www.pressenza.com\/it\/2017\/12\/appello-dellunione-degli-studenti-como\/#article\",\"isPartOf\":{\"@id\":\"https:\/\/www.pressenza.com\/it\/2017\/12\/appello-dellunione-degli-studenti-como\/\"},\"author\":{\"name\":\"Redazione Italia\",\"@id\":\"https:\/\/www.pressenza.com\/it\/#\/schema\/person\/d983e81827ae24f2c7b1a2123d197f8d\"},\"headline\":\"Appello dell&#8217;Unione degli Studenti di Como\",\"datePublished\":\"2017-12-17T10:08:36+00:00\",\"dateModified\":\"2017-12-17T10:09:22+00:00\",\"mainEntityOfPage\":{\"@id\":\"https:\/\/www.pressenza.com\/it\/2017\/12\/appello-dellunione-degli-studenti-como\/\"},\"wordCount\":425,\"publisher\":{\"@id\":\"https:\/\/www.pressenza.com\/it\/#organization\"},\"image\":{\"@id\":\"https:\/\/www.pressenza.com\/it\/2017\/12\/appello-dellunione-degli-studenti-como\/#primaryimage\"},\"thumbnailUrl\":\"https:\/\/www.pressenza.com\/wp-content\/uploads\/2017\/12\/no-nazi-Como.jpg\",\"keywords\":[\"anti-fascismo\",\"anti-razzismo\",\"manifestazione 20 dicembre\",\"migranti\",\"Unione degli Studenti di Como\"],\"articleSection\":[\"Comunicati Stampa\",\"Diritti Umani\",\"Europa\"],\"inLanguage\":\"it-IT\"},{\"@type\":\"WebPage\",\"@id\":\"https:\/\/www.pressenza.com\/it\/2017\/12\/appello-dellunione-degli-studenti-como\/\",\"url\":\"https:\/\/www.pressenza.com\/it\/2017\/12\/appello-dellunione-degli-studenti-como\/\",\"name\":\"Appello dell'Unione degli Studenti di Como\",\"isPartOf\":{\"@id\":\"https:\/\/www.pressenza.com\/it\/#website\"},\"primaryImageOfPage\":{\"@id\":\"https:\/\/www.pressenza.com\/it\/2017\/12\/appello-dellunione-degli-studenti-como\/#primaryimage\"},\"image\":{\"@id\":\"https:\/\/www.pressenza.com\/it\/2017\/12\/appello-dellunione-degli-studenti-como\/#primaryimage\"},\"thumbnailUrl\":\"https:\/\/www.pressenza.com\/wp-content\/uploads\/2017\/12\/no-nazi-Como.jpg\",\"datePublished\":\"2017-12-17T10:08:36+00:00\",\"dateModified\":\"2017-12-17T10:09:22+00:00\",\"description\":\"Dopo il divieto della questura di Como, che sabato 9 dicembre aveva impedito agli studenti comaschi di promuovere un presidio antifascista in solidariet\u00e0\",\"breadcrumb\":{\"@id\":\"https:\/\/www.pressenza.com\/it\/2017\/12\/appello-dellunione-degli-studenti-como\/#breadcrumb\"},\"inLanguage\":\"it-IT\",\"potentialAction\":[{\"@type\":\"ReadAction\",\"target\":[\"https:\/\/www.pressenza.com\/it\/2017\/12\/appello-dellunione-degli-studenti-como\/\"]}]},{\"@type\":\"ImageObject\",\"inLanguage\":\"it-IT\",\"@id\":\"https:\/\/www.pressenza.com\/it\/2017\/12\/appello-dellunione-degli-studenti-como\/#primaryimage\",\"url\":\"https:\/\/www.pressenza.com\/wp-content\/uploads\/2017\/12\/no-nazi-Como.jpg\",\"contentUrl\":\"https:\/\/www.pressenza.com\/wp-content\/uploads\/2017\/12\/no-nazi-Como.jpg\",\"width\":2048,\"height\":758},{\"@type\":\"BreadcrumbList\",\"@id\":\"https:\/\/www.pressenza.com\/it\/2017\/12\/appello-dellunione-degli-studenti-como\/#breadcrumb\",\"itemListElement\":[{\"@type\":\"ListItem\",\"position\":1,\"name\":\"Accueil\",\"item\":\"https:\/\/www.pressenza.com\/it\/\"},{\"@type\":\"ListItem\",\"position\":2,\"name\":\"Appello dell&#8217;Unione degli Studenti di Como\"}]},{\"@type\":\"WebSite\",\"@id\":\"https:\/\/www.pressenza.com\/it\/#website\",\"url\":\"https:\/\/www.pressenza.com\/it\/\",\"name\":\"Pressenza\",\"description\":\"Agenzia di Stampa Internazionale\",\"publisher\":{\"@id\":\"https:\/\/www.pressenza.com\/it\/#organization\"},\"potentialAction\":[{\"@type\":\"SearchAction\",\"target\":{\"@type\":\"EntryPoint\",\"urlTemplate\":\"https:\/\/www.pressenza.com\/it\/?s={search_term_string}\"},\"query-input\":{\"@type\":\"PropertyValueSpecification\",\"valueRequired\":true,\"valueName\":\"search_term_string\"}}],\"inLanguage\":\"it-IT\"},{\"@type\":\"Organization\",\"@id\":\"https:\/\/www.pressenza.com\/it\/#organization\",\"name\":\"Pressenza\",\"url\":\"https:\/\/www.pressenza.com\/it\/\",\"logo\":{\"@type\":\"ImageObject\",\"inLanguage\":\"it-IT\",\"@id\":\"https:\/\/www.pressenza.com\/it\/#\/schema\/logo\/image\/\",\"url\":\"https:\/\/www.pressenza.com\/wp-content\/uploads\/2022\/10\/pressenza_logo_200x200.jpg\",\"contentUrl\":\"https:\/\/www.pressenza.com\/wp-content\/uploads\/2022\/10\/pressenza_logo_200x200.jpg\",\"width\":200,\"height\":200,\"caption\":\"Pressenza\"},\"image\":{\"@id\":\"https:\/\/www.pressenza.com\/it\/#\/schema\/logo\/image\/\"},\"sameAs\":[\"https:\/\/www.facebook.com\/PressenzaItalia\",\"https:\/\/x.com\/PressenzaIPA\"]},{\"@type\":\"Person\",\"@id\":\"https:\/\/www.pressenza.com\/it\/#\/schema\/person\/d983e81827ae24f2c7b1a2123d197f8d\",\"name\":\"Redazione Italia\",\"description\":\"News from the Pressenza Bureau in Italy\",\"sameAs\":[\"https:\/\/www.pressenza.com\/it\/author\/redazione-italia\/\",\"https:\/\/www.facebook.com\/PressenzaItalia\",\"https:\/\/www.instagram.com\/pressenza_italia\/\",\"https:\/\/x.com\/pressenza_it\",\"https:\/\/www.youtube.com\/channel\/UCSalEIWjE1RSxkwjfftFuqg\"],\"url\":\"https:\/\/www.pressenza.com\/it\/author\/redazione-italia\/\"}]}<\/script>\n<!-- \/ Yoast SEO plugin. -->","yoast_head_json":{"title":"Appello dell'Unione degli Studenti di Como","description":"Dopo il divieto della questura di Como, che sabato 9 dicembre aveva impedito agli studenti comaschi di promuovere un presidio antifascista in solidariet\u00e0","robots":{"index":"index","follow":"follow","max-snippet":"max-snippet:-1","max-image-preview":"max-image-preview:large","max-video-preview":"max-video-preview:-1"},"canonical":"https:\/\/www.pressenza.com\/it\/2017\/12\/appello-dellunione-degli-studenti-como\/","og_locale":"it_IT","og_type":"article","og_title":"Appello dell'Unione degli Studenti di Como","og_description":"Dopo il divieto della questura di Como, che sabato 9 dicembre aveva impedito agli studenti comaschi di promuovere un presidio antifascista in solidariet\u00e0","og_url":"https:\/\/www.pressenza.com\/it\/2017\/12\/appello-dellunione-degli-studenti-como\/","og_site_name":"Pressenza","article_publisher":"https:\/\/www.facebook.com\/PressenzaItalia","article_author":"https:\/\/www.facebook.com\/PressenzaItalia","article_published_time":"2017-12-17T10:08:36+00:00","article_modified_time":"2017-12-17T10:09:22+00:00","og_image":[{"width":2048,"height":758,"url":"https:\/\/www.pressenza.com\/wp-content\/uploads\/2017\/12\/no-nazi-Como.jpg","type":"image\/jpeg"}],"author":"Redazione Italia","twitter_card":"summary_large_image","twitter_creator":"@pressenza_it","twitter_site":"@PressenzaIPA","twitter_misc":{"Scritto da":"Redazione Italia","Tempo di lettura stimato":"2 minuti"},"schema":{"@context":"https:\/\/schema.org","@graph":[{"@type":"Article","@id":"https:\/\/www.pressenza.com\/it\/2017\/12\/appello-dellunione-degli-studenti-como\/#article","isPartOf":{"@id":"https:\/\/www.pressenza.com\/it\/2017\/12\/appello-dellunione-degli-studenti-como\/"},"author":{"name":"Redazione Italia","@id":"https:\/\/www.pressenza.com\/it\/#\/schema\/person\/d983e81827ae24f2c7b1a2123d197f8d"},"headline":"Appello dell&#8217;Unione degli Studenti di Como","datePublished":"2017-12-17T10:08:36+00:00","dateModified":"2017-12-17T10:09:22+00:00","mainEntityOfPage":{"@id":"https:\/\/www.pressenza.com\/it\/2017\/12\/appello-dellunione-degli-studenti-como\/"},"wordCount":425,"publisher":{"@id":"https:\/\/www.pressenza.com\/it\/#organization"},"image":{"@id":"https:\/\/www.pressenza.com\/it\/2017\/12\/appello-dellunione-degli-studenti-como\/#primaryimage"},"thumbnailUrl":"https:\/\/www.pressenza.com\/wp-content\/uploads\/2017\/12\/no-nazi-Como.jpg","keywords":["anti-fascismo","anti-razzismo","manifestazione 20 dicembre","migranti","Unione degli Studenti di Como"],"articleSection":["Comunicati Stampa","Diritti Umani","Europa"],"inLanguage":"it-IT"},{"@type":"WebPage","@id":"https:\/\/www.pressenza.com\/it\/2017\/12\/appello-dellunione-degli-studenti-como\/","url":"https:\/\/www.pressenza.com\/it\/2017\/12\/appello-dellunione-degli-studenti-como\/","name":"Appello dell'Unione degli Studenti di Como","isPartOf":{"@id":"https:\/\/www.pressenza.com\/it\/#website"},"primaryImageOfPage":{"@id":"https:\/\/www.pressenza.com\/it\/2017\/12\/appello-dellunione-degli-studenti-como\/#primaryimage"},"image":{"@id":"https:\/\/www.pressenza.com\/it\/2017\/12\/appello-dellunione-degli-studenti-como\/#primaryimage"},"thumbnailUrl":"https:\/\/www.pressenza.com\/wp-content\/uploads\/2017\/12\/no-nazi-Como.jpg","datePublished":"2017-12-17T10:08:36+00:00","dateModified":"2017-12-17T10:09:22+00:00","description":"Dopo il divieto della questura di Como, che sabato 9 dicembre aveva impedito agli studenti comaschi di promuovere un presidio antifascista in solidariet\u00e0","breadcrumb":{"@id":"https:\/\/www.pressenza.com\/it\/2017\/12\/appello-dellunione-degli-studenti-como\/#breadcrumb"},"inLanguage":"it-IT","potentialAction":[{"@type":"ReadAction","target":["https:\/\/www.pressenza.com\/it\/2017\/12\/appello-dellunione-degli-studenti-como\/"]}]},{"@type":"ImageObject","inLanguage":"it-IT","@id":"https:\/\/www.pressenza.com\/it\/2017\/12\/appello-dellunione-degli-studenti-como\/#primaryimage","url":"https:\/\/www.pressenza.com\/wp-content\/uploads\/2017\/12\/no-nazi-Como.jpg","contentUrl":"https:\/\/www.pressenza.com\/wp-content\/uploads\/2017\/12\/no-nazi-Como.jpg","width":2048,"height":758},{"@type":"BreadcrumbList","@id":"https:\/\/www.pressenza.com\/it\/2017\/12\/appello-dellunione-degli-studenti-como\/#breadcrumb","itemListElement":[{"@type":"ListItem","position":1,"name":"Accueil","item":"https:\/\/www.pressenza.com\/it\/"},{"@type":"ListItem","position":2,"name":"Appello dell&#8217;Unione degli Studenti di Como"}]},{"@type":"WebSite","@id":"https:\/\/www.pressenza.com\/it\/#website","url":"https:\/\/www.pressenza.com\/it\/","name":"Pressenza","description":"Agenzia di Stampa Internazionale","publisher":{"@id":"https:\/\/www.pressenza.com\/it\/#organization"},"potentialAction":[{"@type":"SearchAction","target":{"@type":"EntryPoint","urlTemplate":"https:\/\/www.pressenza.com\/it\/?s={search_term_string}"},"query-input":{"@type":"PropertyValueSpecification","valueRequired":true,"valueName":"search_term_string"}}],"inLanguage":"it-IT"},{"@type":"Organization","@id":"https:\/\/www.pressenza.com\/it\/#organization","name":"Pressenza","url":"https:\/\/www.pressenza.com\/it\/","logo":{"@type":"ImageObject","inLanguage":"it-IT","@id":"https:\/\/www.pressenza.com\/it\/#\/schema\/logo\/image\/","url":"https:\/\/www.pressenza.com\/wp-content\/uploads\/2022\/10\/pressenza_logo_200x200.jpg","contentUrl":"https:\/\/www.pressenza.com\/wp-content\/uploads\/2022\/10\/pressenza_logo_200x200.jpg","width":200,"height":200,"caption":"Pressenza"},"image":{"@id":"https:\/\/www.pressenza.com\/it\/#\/schema\/logo\/image\/"},"sameAs":["https:\/\/www.facebook.com\/PressenzaItalia","https:\/\/x.com\/PressenzaIPA"]},{"@type":"Person","@id":"https:\/\/www.pressenza.com\/it\/#\/schema\/person\/d983e81827ae24f2c7b1a2123d197f8d","name":"Redazione Italia","description":"News from the Pressenza Bureau in Italy","sameAs":["https:\/\/www.pressenza.com\/it\/author\/redazione-italia\/","https:\/\/www.facebook.com\/PressenzaItalia","https:\/\/www.instagram.com\/pressenza_italia\/","https:\/\/x.com\/pressenza_it","https:\/\/www.youtube.com\/channel\/UCSalEIWjE1RSxkwjfftFuqg"],"url":"https:\/\/www.pressenza.com\/it\/author\/redazione-italia\/"}]}},"place":"","original_article_url":"","_links":{"self":[{"href":"https:\/\/www.pressenza.com\/it\/wp-json\/wp\/v2\/posts\/573200","targetHints":{"allow":["GET"]}}],"collection":[{"href":"https:\/\/www.pressenza.com\/it\/wp-json\/wp\/v2\/posts"}],"about":[{"href":"https:\/\/www.pressenza.com\/it\/wp-json\/wp\/v2\/types\/post"}],"author":[{"embeddable":true,"href":"https:\/\/www.pressenza.com\/it\/wp-json\/wp\/v2\/users\/594"}],"replies":[{"embeddable":true,"href":"https:\/\/www.pressenza.com\/it\/wp-json\/wp\/v2\/comments?post=573200"}],"version-history":[{"count":0,"href":"https:\/\/www.pressenza.com\/it\/wp-json\/wp\/v2\/posts\/573200\/revisions"}],"wp:featuredmedia":[{"embeddable":true,"href":"https:\/\/www.pressenza.com\/it\/wp-json\/wp\/v2\/media\/573203"}],"wp:attachment":[{"href":"https:\/\/www.pressenza.com\/it\/wp-json\/wp\/v2\/media?parent=573200"}],"wp:term":[{"taxonomy":"category","embeddable":true,"href":"https:\/\/www.pressenza.com\/it\/wp-json\/wp\/v2\/categories?post=573200"},{"taxonomy":"post_tag","embeddable":true,"href":"https:\/\/www.pressenza.com\/it\/wp-json\/wp\/v2\/tags?post=573200"}],"curies":[{"name":"wp","href":"https:\/\/api.w.org\/{rel}","templated":true}]}}