{"id":569946,"date":"2017-12-11T08:12:26","date_gmt":"2017-12-11T08:12:26","guid":{"rendered":"https:\/\/www.pressenza.com\/?p=569946\/"},"modified":"2017-12-11T08:12:26","modified_gmt":"2017-12-11T08:12:26","slug":"la-carovana-delle-donne-dirittura-arrivo-roma","status":"publish","type":"post","link":"https:\/\/www.pressenza.com\/it\/2017\/12\/la-carovana-delle-donne-dirittura-arrivo-roma\/","title":{"rendered":"La carovana delle donne in dirittura di arrivo a Roma"},"content":{"rendered":"<p>La &#8220;Carovana delle donne per il disarmo nucleare,&#8221; crediamo \u00a0debba il suo grande successo in gran parte alla scelta del nome. &#8220;Carovana&#8221; \u00e8 un po&#8217; parola magica,\u00a0 sa di Oriente, di distacco dalla societ\u00e0 industriale,\u00a0 il procedere lento dei cammelli&#8230;.Cos\u00ec abbiamo voluto definire la nostra campagna\u00a0 un percorso che richiede pazienza e tenacia, poich\u00e9 il rischio nucleare che ci viene sbandierato quotidianamente dalle TV con le esibizioni solo del Capo della Corea del Nord non viene ancora percepito come un &#8220;pericolo vero&#8221;, quasi si tratti di spettacoli teatrali.<\/p>\n<p>Motivo dominante della nostra Carovana iniziata il 19 novembre a Livorno \u00e8 stato la volont\u00e0 di sensibilizzare l&#8217;opinione pubblica sulla grande tragedia che incombe sull&#8217;umanit\u00e0.<\/p>\n<p>Intensi gli ultimi \u00a0giorni di attivit\u00e0 della Carovana delle Donne per il Disarmo Nucleare che dal 20 novembre \u00e8 in marcia sul territorio nazionale per promuovere il suo forte messaggio di Pace.<\/p>\n<p>Promossa dalla WILPF Italia &#8211;\u00a0Lega Internazionale Donne per la Pace e la Libert\u00e0 e \u00a0dedicata a <em>ROSA\u00a0GENONI<\/em> &#8211; cofondatrice WILPF 28 aprile 1915 &#8211; e ad <em>ALBERTO\u00a0L\u2019ABATE <\/em>&#8211; simbolo dell\u2019 opposizione nonviolenta al nucleare militare e civile &#8211; la Carovana\u00a0 ha attivato una diffusa mobilitazione per dire: NO\u00a0alle Armi Nucleari, S\u00cc\u00a0alla sicurezza dei territori e alla salute della popolazione messa fortemente a rischio anche dai nuovi progetti di\u00a0 ampliamento e potenziamento delle basi Militari di Camp Darby (Pisa-Livorno) e di Ghedi (Brescia), \u00a0S\u00cc\u00a0a una Economia di Pace, S\u00cc\u00a0alla firma e ratifica italiana del Trattato Proibizione delle Armi Nucleari (TPNW, ONU 7 luglio 2017), S\u00cc\u00a0alla difesa della nostra Costituzione.<\/p>\n<p>Copromotrici tante sigle nazionali: Disarmisti Esigenti, Comitato No guerra No Nato, Pax Christi,Pressenza, LDU,\u00a0Accademia Kronos, Energia Felice, PeaceLink, Donne in Nero,Mondo senza guerre e senza violenza,Fermiamo chi scherza col Fuoco atomico (Campagna OSM-DPN), AWMR Italia &#8211; Associazione Donne della Regione Mediterranea\u00a0\u00a0ma anche tante associazioni territoriali (in allegato il lungo elenco).<\/p>\n<p>La Carovana ha chiuso la sua attivit\u00e0 di contrasto alla \u201cfollia della violenza nucleare\u201d il 10 dicembre, Giornata dei Diritti Umani\u00a0 lasciando \u00a0nelle varie citt\u00e0 toccate \u2013 Livorno, Pisa, Comuni della Val di Cecina, Ghedi, Milano, Parma, Bergamo, Vicenza, Varese, Padova, Trieste, Ravenna, Firenze, Roma , Viterbo, Napoli, Lecce, \u00a0Palermo, Iglesias e Alghero il fermento di una mobilitazione che continuer\u00e0. Promozione del Trattato, raccolta firme, dibattiti,\u00a0 presidi davanti a basi militari e porti nucleari, incontri con le prefetture e coi comuni, filmati, incontri con gli studenti, presentazioni di libri ed esposizione di Mostre sul nucleare.<\/p>\n<p>La conferenza stampa di chiusura della Carovana sar\u00e0 \u00a0\u00a0l\u201911 dicembre a Roma in Senato &#8211; Sala Nassirya nell\u2019ambito dell\u2019evento \u201cSiamo tutti premio Nobel\u201d una co-celebrazione di varie organizzazioni associate ad\u00a0 ICAN, \u00a0in concomitanza delle \u00a0iniziative ad Oslo per l\u2019assegnazione del\u00a0 Nobel per la Pace ad ICAN. Successivamente ci sar\u00e0 l\u2019incontro con la Presidenza della Repubblica per consegnare il reportage della Carovana,\u00a0 la raccolta delle firme della Petizione che chiede al Governo la ratifica del TPNW, e la forte richiesta che viene dai territori di liberarci dalla minaccia nucleare e dall\u2019asservimento delle politiche di guerra.<\/p>\n<p>&nbsp;<\/p>\n<p>Antonia Sani e Giovanna Pagani<\/p>\n<p>WILPF Italia Lega Internazionale Donne per la Pace e la Libert\u00e0<\/p>\n<hr \/>\n<p style=\"text-align: center;\"><strong>CAROVANA DELLE DONNE PER IL DISARMO NUCLEARE<\/strong><\/p>\n<p style=\"text-align: center;\"><strong>PROMOTORI e ADERENTI<\/strong><\/p>\n<p>WILPF Italia<\/p>\n<p>Disarmisti Esigenti<\/p>\n<p>Comitato No guerra No Nato<\/p>\n<p>Pax Christi<\/p>\n<p>Pressenza<\/p>\n<p>LDU<\/p>\n<p>Accademia Kronos<\/p>\n<p>Energia Felice<\/p>\n<p>PeaceLink<\/p>\n<p>Donne in Nero<\/p>\n<p>Mondo senza guerre e senza violenza<\/p>\n<p>Fermiamo chi scherza col Fuoco atomico (Campagna OSM-DPN)<\/p>\n<p>AWMR Italia &#8211; Associazione Donne della Regione Mediterranea<\/p>\n<p>Associazione 140\u00a0vittime del\u00a0Moby Prince<br \/>\nAssociazione 10 Aprile Familiari Vittime Moby Prince<\/p>\n<p>Comitato RWM per la Riconversione dell&#8217;Industria Bellica\u00a0 IGLESIAS<\/p>\n<p>ASCE- Associazione Sarda Contro l&#8217;Emarginazione\u00a0 ALGHERO<\/p>\n<p>ResPublica\u00a0 -ALGHERO<\/p>\n<p>Consulta\u00a0 per la Pace, la Nonviolenza, i Diritti Umani e il Disarmo \u00a0PALERMO<\/p>\n<p>Casa della Donna LECCE<\/p>\n<p>Comitato Pace e Disarmo\u00a0 NAPOLI<\/p>\n<p>&#8220;Centro di ricerca per la pace e i diritti umani&#8221; VITERBO<\/p>\n<p>Associazione &#8220;RESPIRARE\u201d \u00a0VITERBO<\/p>\n<p>Le ragazze e i ragazzi del Servizio Civile di Caritas diocesana VITERBO<\/p>\n<p>Comitato \u201cNepi per la pace\u201d NEPI (Viterbo)<\/p>\n<p>Istituto ricerche Internazionali ROMA<\/p>\n<p>Biblioteca per la nonviolenza ROMA<\/p>\n<p>Centro studi per la difesa civile ROMA<\/p>\n<p>La fucina della Nonviolenza FIRENZE<\/p>\n<p>Comitato fiorentino\u201dFermiamo la Guerra\u201d FIRENZE<\/p>\n<p>Progetto Rebeldia PISA<\/p>\n<p>Piattaforma Eurostop PISA<\/p>\n<p>Rete dei Comunisti PISA<\/p>\n<p>Sindacato Generale di base PISA<\/p>\n<p>Centro Ghandi PISA<\/p>\n<p>Diritti in comune, la coalizione della sinistra PISA<\/p>\n<p>Tavolo per la\u00a0 Pace\u00a0 Val di CECINA\u00a0 (Livorno)<\/p>\n<p>ANPI di CECINA\u00a0 (Livorno)<\/p>\n<p>Consigliera di Parit\u00e0 Provincia di LIVORNO<\/p>\n<p>Rete Civica\u00a0 Livornese Contro la Nuova Normalit\u00e0 della Guerra LIVORNO<\/p>\n<p>ARCI Livorno<\/p>\n<p>Arci Gay LIVORNO<\/p>\n<p>Associazione Dieci Dicembre LIVORNO<\/p>\n<p>Centro Studi Nonviolenza\u00a0 LIVORNO<\/p>\n<p>Missionarie di Maria &#8211; Saveriane di Parma.\u00a0 PARMA<\/p>\n<p>Donne e Uomini contro le Guerre BRESCIA<\/p>\n<p>Lombardia sismica\u00a0BRESCIA<\/p>\n<p>Movimento contro la guerra BERGAMO<\/p>\n<p>Mondo senza Guerre e Violenza MILANO<\/p>\n<p>Casa per la Pace MILANO<\/p>\n<p>Noi siamo Chiesa MILANO<\/p>\n<p>No Nato No War MILANO,<\/p>\n<p>NO Muos MILANO<\/p>\n<p>No WAR di Piazza Armerina MILANO<\/p>\n<p>Forum Contro la Guerra VARESE<\/p>\n<p>No Dalmolin VICENZA<\/p>\n<p>Rete di donne per la pace VICENZA<\/p>\n<p>Comitato pace convivenza e solidariet\u00e0 Danilo Dolci TRIESTE<\/p>\n<p>&nbsp;<\/p>\n","protected":false},"excerpt":{"rendered":"<p>La &#8220;Carovana delle donne per il disarmo nucleare,&#8221; crediamo \u00a0debba il suo grande successo in gran parte alla scelta del nome. &#8220;Carovana&#8221; \u00e8 un po&#8217; parola magica,\u00a0 sa di Oriente, di distacco dalla societ\u00e0 industriale,\u00a0 il procedere lento dei cammelli&#8230;.Cos\u00ec&hellip;<\/p>\n","protected":false},"author":1483,"featured_media":569958,"comment_status":"closed","ping_status":"closed","sticky":false,"template":"","format":"standard","meta":{"footnotes":""},"categories":[150,47,1263],"tags":[41468,3854,3873,40054,38548],"class_list":["post-569946","post","type-post","status-publish","format-standard","has-post-thumbnail","hentry","category-comunicati-stampa","category-europa","category-pace-disarmo","tag-carovana-delle-donne-per-il-disarmo-nucleare","tag-disarmo-nucleare","tag-roma","tag-trattato-di-proibizione-delle-armi-nucleari","tag-wilpf-italia"],"yoast_head":"<!-- This site is optimized with the Yoast SEO plugin v27.1.1 - https:\/\/yoast.com\/product\/yoast-seo-wordpress\/ -->\n<title>La carovana delle donne in dirittura di arrivo a Roma<\/title>\n<meta name=\"description\" content=\"La &quot;Carovana delle donne per il disarmo nucleare,&quot; crediamo \u00a0debba il suo grande successo in gran parte alla scelta del nome. &quot;Carovana&quot; \u00e8 un po&#039; parola\" \/>\n<meta name=\"robots\" content=\"index, follow, max-snippet:-1, max-image-preview:large, max-video-preview:-1\" \/>\n<link rel=\"canonical\" href=\"https:\/\/www.pressenza.com\/it\/2017\/12\/la-carovana-delle-donne-dirittura-arrivo-roma\/\" \/>\n<meta property=\"og:locale\" content=\"it_IT\" \/>\n<meta property=\"og:type\" content=\"article\" \/>\n<meta property=\"og:title\" content=\"La carovana delle donne in dirittura di arrivo a Roma\" \/>\n<meta property=\"og:description\" content=\"La &quot;Carovana delle donne per il disarmo nucleare,&quot; crediamo \u00a0debba il suo grande successo in gran parte alla scelta del nome. &quot;Carovana&quot; \u00e8 un po&#039; parola\" \/>\n<meta property=\"og:url\" content=\"https:\/\/www.pressenza.com\/it\/2017\/12\/la-carovana-delle-donne-dirittura-arrivo-roma\/\" \/>\n<meta property=\"og:site_name\" content=\"Pressenza\" \/>\n<meta property=\"article:publisher\" content=\"https:\/\/www.facebook.com\/PressenzaItalia\" \/>\n<meta property=\"article:published_time\" content=\"2017-12-11T08:12:26+00:00\" \/>\n<meta property=\"og:image\" content=\"https:\/\/www.pressenza.com\/wp-content\/uploads\/2017\/12\/Carovana-delle-Donne-Roma-1-720x308-1.jpg\" \/>\n\t<meta property=\"og:image:width\" content=\"720\" \/>\n\t<meta property=\"og:image:height\" content=\"308\" \/>\n\t<meta property=\"og:image:type\" content=\"image\/jpeg\" \/>\n<meta name=\"author\" content=\"WILPF (Women&#039;s International League for Peace and Freedom)\" \/>\n<meta name=\"twitter:card\" content=\"summary_large_image\" \/>\n<meta name=\"twitter:creator\" content=\"@PressenzaIPA\" \/>\n<meta name=\"twitter:site\" content=\"@PressenzaIPA\" \/>\n<meta name=\"twitter:label1\" content=\"Scritto da\" \/>\n\t<meta name=\"twitter:data1\" content=\"WILPF (Women&#039;s International League for Peace and Freedom)\" \/>\n\t<meta name=\"twitter:label2\" content=\"Tempo di lettura stimato\" \/>\n\t<meta name=\"twitter:data2\" content=\"4 minuti\" \/>\n<script type=\"application\/ld+json\" class=\"yoast-schema-graph\">{\"@context\":\"https:\/\/schema.org\",\"@graph\":[{\"@type\":\"Article\",\"@id\":\"https:\/\/www.pressenza.com\/it\/2017\/12\/la-carovana-delle-donne-dirittura-arrivo-roma\/#article\",\"isPartOf\":{\"@id\":\"https:\/\/www.pressenza.com\/it\/2017\/12\/la-carovana-delle-donne-dirittura-arrivo-roma\/\"},\"author\":{\"name\":\"WILPF (Women's International League for Peace and Freedom)\",\"@id\":\"https:\/\/www.pressenza.com\/it\/#\/schema\/person\/1e335f91597008dacd72b0656edb10e0\"},\"headline\":\"La carovana delle donne in dirittura di arrivo a Roma\",\"datePublished\":\"2017-12-11T08:12:26+00:00\",\"mainEntityOfPage\":{\"@id\":\"https:\/\/www.pressenza.com\/it\/2017\/12\/la-carovana-delle-donne-dirittura-arrivo-roma\/\"},\"wordCount\":836,\"publisher\":{\"@id\":\"https:\/\/www.pressenza.com\/it\/#organization\"},\"image\":{\"@id\":\"https:\/\/www.pressenza.com\/it\/2017\/12\/la-carovana-delle-donne-dirittura-arrivo-roma\/#primaryimage\"},\"thumbnailUrl\":\"https:\/\/www.pressenza.com\/wp-content\/uploads\/2017\/12\/Carovana-delle-Donne-Roma-1-720x308-1.jpg\",\"keywords\":[\"carovana delle donne per il disarmo nucleare\",\"disarmo nucleare\",\"Roma\",\"Trattato di proibizione delle armi nucleari\",\"Wilpf Italia\"],\"articleSection\":[\"Comunicati Stampa\",\"Europa\",\"Pace e Disarmo\"],\"inLanguage\":\"it-IT\"},{\"@type\":\"WebPage\",\"@id\":\"https:\/\/www.pressenza.com\/it\/2017\/12\/la-carovana-delle-donne-dirittura-arrivo-roma\/\",\"url\":\"https:\/\/www.pressenza.com\/it\/2017\/12\/la-carovana-delle-donne-dirittura-arrivo-roma\/\",\"name\":\"La carovana delle donne in dirittura di arrivo a Roma\",\"isPartOf\":{\"@id\":\"https:\/\/www.pressenza.com\/it\/#website\"},\"primaryImageOfPage\":{\"@id\":\"https:\/\/www.pressenza.com\/it\/2017\/12\/la-carovana-delle-donne-dirittura-arrivo-roma\/#primaryimage\"},\"image\":{\"@id\":\"https:\/\/www.pressenza.com\/it\/2017\/12\/la-carovana-delle-donne-dirittura-arrivo-roma\/#primaryimage\"},\"thumbnailUrl\":\"https:\/\/www.pressenza.com\/wp-content\/uploads\/2017\/12\/Carovana-delle-Donne-Roma-1-720x308-1.jpg\",\"datePublished\":\"2017-12-11T08:12:26+00:00\",\"description\":\"La \\\"Carovana delle donne per il disarmo nucleare,\\\" crediamo \u00a0debba il suo grande successo in gran parte alla scelta del nome. \\\"Carovana\\\" \u00e8 un po' parola\",\"breadcrumb\":{\"@id\":\"https:\/\/www.pressenza.com\/it\/2017\/12\/la-carovana-delle-donne-dirittura-arrivo-roma\/#breadcrumb\"},\"inLanguage\":\"it-IT\",\"potentialAction\":[{\"@type\":\"ReadAction\",\"target\":[\"https:\/\/www.pressenza.com\/it\/2017\/12\/la-carovana-delle-donne-dirittura-arrivo-roma\/\"]}]},{\"@type\":\"ImageObject\",\"inLanguage\":\"it-IT\",\"@id\":\"https:\/\/www.pressenza.com\/it\/2017\/12\/la-carovana-delle-donne-dirittura-arrivo-roma\/#primaryimage\",\"url\":\"https:\/\/www.pressenza.com\/wp-content\/uploads\/2017\/12\/Carovana-delle-Donne-Roma-1-720x308-1.jpg\",\"contentUrl\":\"https:\/\/www.pressenza.com\/wp-content\/uploads\/2017\/12\/Carovana-delle-Donne-Roma-1-720x308-1.jpg\",\"width\":720,\"height\":308},{\"@type\":\"BreadcrumbList\",\"@id\":\"https:\/\/www.pressenza.com\/it\/2017\/12\/la-carovana-delle-donne-dirittura-arrivo-roma\/#breadcrumb\",\"itemListElement\":[{\"@type\":\"ListItem\",\"position\":1,\"name\":\"Accueil\",\"item\":\"https:\/\/www.pressenza.com\/it\/\"},{\"@type\":\"ListItem\",\"position\":2,\"name\":\"La carovana delle donne in dirittura di arrivo a Roma\"}]},{\"@type\":\"WebSite\",\"@id\":\"https:\/\/www.pressenza.com\/it\/#website\",\"url\":\"https:\/\/www.pressenza.com\/it\/\",\"name\":\"Pressenza\",\"description\":\"Agenzia di Stampa Internazionale\",\"publisher\":{\"@id\":\"https:\/\/www.pressenza.com\/it\/#organization\"},\"potentialAction\":[{\"@type\":\"SearchAction\",\"target\":{\"@type\":\"EntryPoint\",\"urlTemplate\":\"https:\/\/www.pressenza.com\/it\/?s={search_term_string}\"},\"query-input\":{\"@type\":\"PropertyValueSpecification\",\"valueRequired\":true,\"valueName\":\"search_term_string\"}}],\"inLanguage\":\"it-IT\"},{\"@type\":\"Organization\",\"@id\":\"https:\/\/www.pressenza.com\/it\/#organization\",\"name\":\"Pressenza\",\"url\":\"https:\/\/www.pressenza.com\/it\/\",\"logo\":{\"@type\":\"ImageObject\",\"inLanguage\":\"it-IT\",\"@id\":\"https:\/\/www.pressenza.com\/it\/#\/schema\/logo\/image\/\",\"url\":\"https:\/\/www.pressenza.com\/wp-content\/uploads\/2022\/10\/pressenza_logo_200x200.jpg\",\"contentUrl\":\"https:\/\/www.pressenza.com\/wp-content\/uploads\/2022\/10\/pressenza_logo_200x200.jpg\",\"width\":200,\"height\":200,\"caption\":\"Pressenza\"},\"image\":{\"@id\":\"https:\/\/www.pressenza.com\/it\/#\/schema\/logo\/image\/\"},\"sameAs\":[\"https:\/\/www.facebook.com\/PressenzaItalia\",\"https:\/\/x.com\/PressenzaIPA\"]},{\"@type\":\"Person\",\"@id\":\"https:\/\/www.pressenza.com\/it\/#\/schema\/person\/1e335f91597008dacd72b0656edb10e0\",\"name\":\"WILPF (Women's International League for Peace and Freedom)\",\"description\":\"Il 28 Aprile 1915, per la prima volta nella storia, pi\u00f9 di 1000 donne provenienti da 12 paesi dell\u2019Europa e dell\u2019America si riuniscono in Olanda all\u2019Aja in un Congresso Internazionale, per opporsi alla 1\u00b0 Guerra Mondiale in corso. Tra le delegate all\u2019Aja anche una donna italiana, Rosa Genoni, che sar\u00e0 molto attiva a Milano. Al termine del Congresso viene istituito il Comitato Internazionale delle Donne per la Pace e la Libert\u00e0 che, successivamente, nel 1919 si trasforma nella WOMEN\u2019S INTERNATIONAL LEAGUE FOR PEACE AND FREEDOM (Lega Internazionale di Donne per la Pace e la Libert\u00e0), la prima organizzazione internazionale di donne per la pace che oggi \u00e8 presente in tutti i continenti. La FINALITA\u2019 della WILPF \u00e8 quella di riunire donne di differenti tendenze politiche e filosofiche che vogliono studiare, far conoscere e aiutare ad abolire le cause politiche, sociali, economiche e psicologiche della guerra, e lavorare per la pace. https:\/\/wilpfitalia.wordpress.com\/\",\"sameAs\":[\"https:\/\/wilpfitalia.wordpress.com\/\"],\"url\":\"https:\/\/www.pressenza.com\/it\/author\/wilpf\/\"}]}<\/script>\n<!-- \/ Yoast SEO plugin. -->","yoast_head_json":{"title":"La carovana delle donne in dirittura di arrivo a Roma","description":"La \"Carovana delle donne per il disarmo nucleare,\" crediamo \u00a0debba il suo grande successo in gran parte alla scelta del nome. \"Carovana\" \u00e8 un po' parola","robots":{"index":"index","follow":"follow","max-snippet":"max-snippet:-1","max-image-preview":"max-image-preview:large","max-video-preview":"max-video-preview:-1"},"canonical":"https:\/\/www.pressenza.com\/it\/2017\/12\/la-carovana-delle-donne-dirittura-arrivo-roma\/","og_locale":"it_IT","og_type":"article","og_title":"La carovana delle donne in dirittura di arrivo a Roma","og_description":"La \"Carovana delle donne per il disarmo nucleare,\" crediamo \u00a0debba il suo grande successo in gran parte alla scelta del nome. \"Carovana\" \u00e8 un po' parola","og_url":"https:\/\/www.pressenza.com\/it\/2017\/12\/la-carovana-delle-donne-dirittura-arrivo-roma\/","og_site_name":"Pressenza","article_publisher":"https:\/\/www.facebook.com\/PressenzaItalia","article_published_time":"2017-12-11T08:12:26+00:00","og_image":[{"width":720,"height":308,"url":"https:\/\/www.pressenza.com\/wp-content\/uploads\/2017\/12\/Carovana-delle-Donne-Roma-1-720x308-1.jpg","type":"image\/jpeg"}],"author":"WILPF (Women's International League for Peace and Freedom)","twitter_card":"summary_large_image","twitter_creator":"@PressenzaIPA","twitter_site":"@PressenzaIPA","twitter_misc":{"Scritto da":"WILPF (Women's International League for Peace and Freedom)","Tempo di lettura stimato":"4 minuti"},"schema":{"@context":"https:\/\/schema.org","@graph":[{"@type":"Article","@id":"https:\/\/www.pressenza.com\/it\/2017\/12\/la-carovana-delle-donne-dirittura-arrivo-roma\/#article","isPartOf":{"@id":"https:\/\/www.pressenza.com\/it\/2017\/12\/la-carovana-delle-donne-dirittura-arrivo-roma\/"},"author":{"name":"WILPF (Women's International League for Peace and Freedom)","@id":"https:\/\/www.pressenza.com\/it\/#\/schema\/person\/1e335f91597008dacd72b0656edb10e0"},"headline":"La carovana delle donne in dirittura di arrivo a Roma","datePublished":"2017-12-11T08:12:26+00:00","mainEntityOfPage":{"@id":"https:\/\/www.pressenza.com\/it\/2017\/12\/la-carovana-delle-donne-dirittura-arrivo-roma\/"},"wordCount":836,"publisher":{"@id":"https:\/\/www.pressenza.com\/it\/#organization"},"image":{"@id":"https:\/\/www.pressenza.com\/it\/2017\/12\/la-carovana-delle-donne-dirittura-arrivo-roma\/#primaryimage"},"thumbnailUrl":"https:\/\/www.pressenza.com\/wp-content\/uploads\/2017\/12\/Carovana-delle-Donne-Roma-1-720x308-1.jpg","keywords":["carovana delle donne per il disarmo nucleare","disarmo nucleare","Roma","Trattato di proibizione delle armi nucleari","Wilpf Italia"],"articleSection":["Comunicati Stampa","Europa","Pace e Disarmo"],"inLanguage":"it-IT"},{"@type":"WebPage","@id":"https:\/\/www.pressenza.com\/it\/2017\/12\/la-carovana-delle-donne-dirittura-arrivo-roma\/","url":"https:\/\/www.pressenza.com\/it\/2017\/12\/la-carovana-delle-donne-dirittura-arrivo-roma\/","name":"La carovana delle donne in dirittura di arrivo a Roma","isPartOf":{"@id":"https:\/\/www.pressenza.com\/it\/#website"},"primaryImageOfPage":{"@id":"https:\/\/www.pressenza.com\/it\/2017\/12\/la-carovana-delle-donne-dirittura-arrivo-roma\/#primaryimage"},"image":{"@id":"https:\/\/www.pressenza.com\/it\/2017\/12\/la-carovana-delle-donne-dirittura-arrivo-roma\/#primaryimage"},"thumbnailUrl":"https:\/\/www.pressenza.com\/wp-content\/uploads\/2017\/12\/Carovana-delle-Donne-Roma-1-720x308-1.jpg","datePublished":"2017-12-11T08:12:26+00:00","description":"La \"Carovana delle donne per il disarmo nucleare,\" crediamo \u00a0debba il suo grande successo in gran parte alla scelta del nome. \"Carovana\" \u00e8 un po' parola","breadcrumb":{"@id":"https:\/\/www.pressenza.com\/it\/2017\/12\/la-carovana-delle-donne-dirittura-arrivo-roma\/#breadcrumb"},"inLanguage":"it-IT","potentialAction":[{"@type":"ReadAction","target":["https:\/\/www.pressenza.com\/it\/2017\/12\/la-carovana-delle-donne-dirittura-arrivo-roma\/"]}]},{"@type":"ImageObject","inLanguage":"it-IT","@id":"https:\/\/www.pressenza.com\/it\/2017\/12\/la-carovana-delle-donne-dirittura-arrivo-roma\/#primaryimage","url":"https:\/\/www.pressenza.com\/wp-content\/uploads\/2017\/12\/Carovana-delle-Donne-Roma-1-720x308-1.jpg","contentUrl":"https:\/\/www.pressenza.com\/wp-content\/uploads\/2017\/12\/Carovana-delle-Donne-Roma-1-720x308-1.jpg","width":720,"height":308},{"@type":"BreadcrumbList","@id":"https:\/\/www.pressenza.com\/it\/2017\/12\/la-carovana-delle-donne-dirittura-arrivo-roma\/#breadcrumb","itemListElement":[{"@type":"ListItem","position":1,"name":"Accueil","item":"https:\/\/www.pressenza.com\/it\/"},{"@type":"ListItem","position":2,"name":"La carovana delle donne in dirittura di arrivo a Roma"}]},{"@type":"WebSite","@id":"https:\/\/www.pressenza.com\/it\/#website","url":"https:\/\/www.pressenza.com\/it\/","name":"Pressenza","description":"Agenzia di Stampa Internazionale","publisher":{"@id":"https:\/\/www.pressenza.com\/it\/#organization"},"potentialAction":[{"@type":"SearchAction","target":{"@type":"EntryPoint","urlTemplate":"https:\/\/www.pressenza.com\/it\/?s={search_term_string}"},"query-input":{"@type":"PropertyValueSpecification","valueRequired":true,"valueName":"search_term_string"}}],"inLanguage":"it-IT"},{"@type":"Organization","@id":"https:\/\/www.pressenza.com\/it\/#organization","name":"Pressenza","url":"https:\/\/www.pressenza.com\/it\/","logo":{"@type":"ImageObject","inLanguage":"it-IT","@id":"https:\/\/www.pressenza.com\/it\/#\/schema\/logo\/image\/","url":"https:\/\/www.pressenza.com\/wp-content\/uploads\/2022\/10\/pressenza_logo_200x200.jpg","contentUrl":"https:\/\/www.pressenza.com\/wp-content\/uploads\/2022\/10\/pressenza_logo_200x200.jpg","width":200,"height":200,"caption":"Pressenza"},"image":{"@id":"https:\/\/www.pressenza.com\/it\/#\/schema\/logo\/image\/"},"sameAs":["https:\/\/www.facebook.com\/PressenzaItalia","https:\/\/x.com\/PressenzaIPA"]},{"@type":"Person","@id":"https:\/\/www.pressenza.com\/it\/#\/schema\/person\/1e335f91597008dacd72b0656edb10e0","name":"WILPF (Women's International League for Peace and Freedom)","description":"Il 28 Aprile 1915, per la prima volta nella storia, pi\u00f9 di 1000 donne provenienti da 12 paesi dell\u2019Europa e dell\u2019America si riuniscono in Olanda all\u2019Aja in un Congresso Internazionale, per opporsi alla 1\u00b0 Guerra Mondiale in corso. Tra le delegate all\u2019Aja anche una donna italiana, Rosa Genoni, che sar\u00e0 molto attiva a Milano. Al termine del Congresso viene istituito il Comitato Internazionale delle Donne per la Pace e la Libert\u00e0 che, successivamente, nel 1919 si trasforma nella WOMEN\u2019S INTERNATIONAL LEAGUE FOR PEACE AND FREEDOM (Lega Internazionale di Donne per la Pace e la Libert\u00e0), la prima organizzazione internazionale di donne per la pace che oggi \u00e8 presente in tutti i continenti. La FINALITA\u2019 della WILPF \u00e8 quella di riunire donne di differenti tendenze politiche e filosofiche che vogliono studiare, far conoscere e aiutare ad abolire le cause politiche, sociali, economiche e psicologiche della guerra, e lavorare per la pace. https:\/\/wilpfitalia.wordpress.com\/","sameAs":["https:\/\/wilpfitalia.wordpress.com\/"],"url":"https:\/\/www.pressenza.com\/it\/author\/wilpf\/"}]}},"place":"","original_article_url":"","_links":{"self":[{"href":"https:\/\/www.pressenza.com\/it\/wp-json\/wp\/v2\/posts\/569946","targetHints":{"allow":["GET"]}}],"collection":[{"href":"https:\/\/www.pressenza.com\/it\/wp-json\/wp\/v2\/posts"}],"about":[{"href":"https:\/\/www.pressenza.com\/it\/wp-json\/wp\/v2\/types\/post"}],"author":[{"embeddable":true,"href":"https:\/\/www.pressenza.com\/it\/wp-json\/wp\/v2\/users\/1483"}],"replies":[{"embeddable":true,"href":"https:\/\/www.pressenza.com\/it\/wp-json\/wp\/v2\/comments?post=569946"}],"version-history":[{"count":0,"href":"https:\/\/www.pressenza.com\/it\/wp-json\/wp\/v2\/posts\/569946\/revisions"}],"wp:featuredmedia":[{"embeddable":true,"href":"https:\/\/www.pressenza.com\/it\/wp-json\/wp\/v2\/media\/569958"}],"wp:attachment":[{"href":"https:\/\/www.pressenza.com\/it\/wp-json\/wp\/v2\/media?parent=569946"}],"wp:term":[{"taxonomy":"category","embeddable":true,"href":"https:\/\/www.pressenza.com\/it\/wp-json\/wp\/v2\/categories?post=569946"},{"taxonomy":"post_tag","embeddable":true,"href":"https:\/\/www.pressenza.com\/it\/wp-json\/wp\/v2\/tags?post=569946"}],"curies":[{"name":"wp","href":"https:\/\/api.w.org\/{rel}","templated":true}]}}