{"id":567331,"date":"2017-12-05T20:31:15","date_gmt":"2017-12-05T20:31:15","guid":{"rendered":"https:\/\/www.pressenza.com\/?p=567331\/"},"modified":"2017-12-05T20:31:15","modified_gmt":"2017-12-05T20:31:15","slug":"4-dicembre-quel-referendum-quasi-dimenticato","status":"publish","type":"post","link":"https:\/\/www.pressenza.com\/it\/2017\/12\/4-dicembre-quel-referendum-quasi-dimenticato\/","title":{"rendered":"4 dicembre: quel referendum quasi dimenticato"},"content":{"rendered":"<p>Il 4 dicembre di un anno fa la riforma costituzionale voluta da Renzi &amp; Boschi \u00e8 stata pesantemente sconfitta nelle urne referendarie. \u00c8 stato un evento importante, anche soltanto perch\u00e9 Matteo Renzi ha rassegnato le dimissioni da Presidente del Consiglio dei Ministri e di conseguenza \u00e8 nato il governo Gentiloni. In realt\u00e0 Renzi &#8211; in caso di sconfitta al referendum &#8211; aveva promesso di ritirarsi dalla politica attiva e invece \u00e8 ancora il segretario del Partito Democratico. Anche Maria Elena Boschi, che aveva dichiarato di seguire l\u2019iter di Matteo Renzi, dopo il voto ha soltanto cambiato poltrona, ricoprendo il rilevante ruolo di Sottosegretario alla Presidenza del Consiglio.<br \/>\nAl di l\u00e0 di queste note relative ai percorsi politici dei protagonisti, \u00e8 evidente che la data del 4 dicembre ha rappresentato una svolta nella politica italiana. Da allora il gradimento di Renzi &amp; Boschi \u00e8 in continuo declino e lo scenario \u00e8 radicalmente cambiato. La composita area alla sinistra del Partito Democratico si sta riorganizzando e tutto il centrodestra si sta ricompattando. Consapevole che in questo scenario il treno del Partito Democratico rischia di finire su un binario morto, Matteo Renzi ha lanciato qualche segnale di apertura agli ex compagni e alleati di sinistra. Ma sembra davvero una mossa tardiva.<br \/>\nLa recente approvazione della nuova legge elettorale, il cosiddetto Rosatellum, di fatto serve ad evitare che alle prossime elezioni ci sia un chiaro vincitore. Tutte le simulazioni mostrano come, dopo il voto della prossima primavera, nessun partito e\/o coalizione disporr\u00e0 della maggioranza dei seggi nei due rami del Parlamento. In Italia molto probabilmente si creer\u00e0 una situazione simile a quella in cui oggi si trova la Germania, con gravi difficolt\u00e0 per realizzare alleanze tra forze politiche concorrenziali.<br \/>\nTutto ci\u00f2 si sarebbe potuto evitare, se il clamoroso risultato elettorale del PD (il famoso 40%) alle elezioni europee del 2014 non avesse fatto \u201cmontare la testa\u201d al leader del partito e ai suoi fedelissimi. Quando un partito pensa di essere autosufficiente, l\u00ec comincia il declino. Questo \u00e8 oggi il rischio che corre anche il Movimento 5 Stelle.<br \/>\nOltre a ci\u00f2 si \u00e8 visto che chi vuole forzare la mano, volendo cambiare unilateralmente le regole del gioco (la Costituzione), finisce per scottarsela: \u00e8 accaduto al centrodestra nel 2006 e al Partito Democratico nel 2016. Per tacere sugli interessi di parte e del momento che di solito guidano la riscrittura delle leggi elettorali, ignorando sfacciatamente alcuni caposaldi costituzionali (e dopo la sconfessione della Consulta non c\u2019\u00e8 mai nessuno che si scusi e si dimetta!).<br \/>\nPer uscire da questa \u201cpalude\u201d bisognerebbe riandare alle fonti, recuperando la cultura politica che ha consentito all\u2019Assemblea Costituente di scrivere quel capolavoro giuridico e programmatico che \u00e8 il nostro Patto di cittadinanza. Per questa ragione la data del 4 dicembre 2016 (come anche quella del 25 e 26 giugno 2006 in cui si \u00e8 svolto il precedente referendum costituzionale) sarebbe da ricordare. Non per celebrare una vittoria o per sottolineare una sconfitta altrui, ma per richiamare tutti allo spirito costituzionale, di cui l\u2019Italia oggi ha estremamente bisogno. Il fatto che il 4 dicembre sia passato quasi come se nulla fosse accaduto, senza memoria e senza autocritica, non \u00e8 un buon segno per il prossimo futuro.<\/p>\n","protected":false},"excerpt":{"rendered":"<p>Il 4 dicembre di un anno fa la riforma costituzionale voluta da Renzi &amp; Boschi \u00e8 stata pesantemente sconfitta nelle urne referendarie. \u00c8 stato un evento importante, anche soltanto perch\u00e9 Matteo Renzi ha rassegnato le dimissioni da Presidente del Consiglio&hellip;<\/p>\n","protected":false},"author":1280,"featured_media":511964,"comment_status":"closed","ping_status":"closed","sticky":false,"template":"","format":"standard","meta":{"footnotes":""},"categories":[11388,47,38,55],"tags":[33516,29609,4649,3072,26344],"class_list":["post-567331","post","type-post","status-publish","format-standard","has-post-thumbnail","hentry","category-contenuti-originali","category-europa","category-internazionale","category-politica","tag-governo-gentiloni","tag-maria-elena-boschi","tag-matteo-renzi","tag-partito-democratico","tag-referendum-costituzionale"],"yoast_head":"<!-- This site is optimized with the Yoast SEO plugin v27.1.1 - https:\/\/yoast.com\/product\/yoast-seo-wordpress\/ -->\n<title>4 dicembre: quel referendum quasi dimenticato<\/title>\n<meta name=\"description\" content=\"Il 4 dicembre di un anno fa la riforma costituzionale voluta da Renzi &amp; Boschi \u00e8 stata pesantemente sconfitta nelle urne referendarie. \u00c8 stato un\" \/>\n<meta name=\"robots\" content=\"index, follow, max-snippet:-1, max-image-preview:large, max-video-preview:-1\" \/>\n<link rel=\"canonical\" href=\"https:\/\/www.pressenza.com\/it\/2017\/12\/4-dicembre-quel-referendum-quasi-dimenticato\/\" \/>\n<meta property=\"og:locale\" content=\"it_IT\" \/>\n<meta property=\"og:type\" content=\"article\" \/>\n<meta property=\"og:title\" content=\"4 dicembre: quel referendum quasi dimenticato\" \/>\n<meta property=\"og:description\" content=\"Il 4 dicembre di un anno fa la riforma costituzionale voluta da Renzi &amp; Boschi \u00e8 stata pesantemente sconfitta nelle urne referendarie. \u00c8 stato un\" \/>\n<meta property=\"og:url\" content=\"https:\/\/www.pressenza.com\/it\/2017\/12\/4-dicembre-quel-referendum-quasi-dimenticato\/\" \/>\n<meta property=\"og:site_name\" content=\"Pressenza\" \/>\n<meta property=\"article:publisher\" content=\"https:\/\/www.facebook.com\/PressenzaItalia\" \/>\n<meta property=\"article:published_time\" content=\"2017-12-05T20:31:15+00:00\" \/>\n<meta property=\"og:image\" content=\"https:\/\/www.pressenza.com\/wp-content\/uploads\/2017\/09\/1200px-2011_Italian_referendums-1.jpg\" \/>\n\t<meta property=\"og:image:width\" content=\"1200\" \/>\n\t<meta property=\"og:image:height\" content=\"800\" \/>\n\t<meta property=\"og:image:type\" content=\"image\/jpeg\" \/>\n<meta name=\"author\" content=\"Rocco Artifoni\" \/>\n<meta name=\"twitter:card\" content=\"summary_large_image\" \/>\n<meta name=\"twitter:creator\" content=\"@PressenzaIPA\" \/>\n<meta name=\"twitter:site\" content=\"@PressenzaIPA\" \/>\n<meta name=\"twitter:label1\" content=\"Scritto da\" \/>\n\t<meta name=\"twitter:data1\" content=\"Rocco Artifoni\" \/>\n\t<meta name=\"twitter:label2\" content=\"Tempo di lettura stimato\" \/>\n\t<meta name=\"twitter:data2\" content=\"3 minuti\" \/>\n<script type=\"application\/ld+json\" class=\"yoast-schema-graph\">{\"@context\":\"https:\/\/schema.org\",\"@graph\":[{\"@type\":\"Article\",\"@id\":\"https:\/\/www.pressenza.com\/it\/2017\/12\/4-dicembre-quel-referendum-quasi-dimenticato\/#article\",\"isPartOf\":{\"@id\":\"https:\/\/www.pressenza.com\/it\/2017\/12\/4-dicembre-quel-referendum-quasi-dimenticato\/\"},\"author\":{\"name\":\"Rocco Artifoni\",\"@id\":\"https:\/\/www.pressenza.com\/it\/#\/schema\/person\/47253bd773bfdc8f669fc1a490a0d099\"},\"headline\":\"4 dicembre: quel referendum quasi dimenticato\",\"datePublished\":\"2017-12-05T20:31:15+00:00\",\"mainEntityOfPage\":{\"@id\":\"https:\/\/www.pressenza.com\/it\/2017\/12\/4-dicembre-quel-referendum-quasi-dimenticato\/\"},\"wordCount\":516,\"publisher\":{\"@id\":\"https:\/\/www.pressenza.com\/it\/#organization\"},\"image\":{\"@id\":\"https:\/\/www.pressenza.com\/it\/2017\/12\/4-dicembre-quel-referendum-quasi-dimenticato\/#primaryimage\"},\"thumbnailUrl\":\"https:\/\/www.pressenza.com\/wp-content\/uploads\/2017\/09\/1200px-2011_Italian_referendums-1.jpg\",\"keywords\":[\"Governo Gentiloni\",\"Maria Elena Boschi\",\"Matteo Renzi\",\"Partito Democratico\",\"referendum costituzionale\"],\"articleSection\":[\"contenuti originali\",\"Europa\",\"Internazionale\",\"Politica\"],\"inLanguage\":\"it-IT\"},{\"@type\":\"WebPage\",\"@id\":\"https:\/\/www.pressenza.com\/it\/2017\/12\/4-dicembre-quel-referendum-quasi-dimenticato\/\",\"url\":\"https:\/\/www.pressenza.com\/it\/2017\/12\/4-dicembre-quel-referendum-quasi-dimenticato\/\",\"name\":\"4 dicembre: quel referendum quasi dimenticato\",\"isPartOf\":{\"@id\":\"https:\/\/www.pressenza.com\/it\/#website\"},\"primaryImageOfPage\":{\"@id\":\"https:\/\/www.pressenza.com\/it\/2017\/12\/4-dicembre-quel-referendum-quasi-dimenticato\/#primaryimage\"},\"image\":{\"@id\":\"https:\/\/www.pressenza.com\/it\/2017\/12\/4-dicembre-quel-referendum-quasi-dimenticato\/#primaryimage\"},\"thumbnailUrl\":\"https:\/\/www.pressenza.com\/wp-content\/uploads\/2017\/09\/1200px-2011_Italian_referendums-1.jpg\",\"datePublished\":\"2017-12-05T20:31:15+00:00\",\"description\":\"Il 4 dicembre di un anno fa la riforma costituzionale voluta da Renzi &amp; Boschi \u00e8 stata pesantemente sconfitta nelle urne referendarie. \u00c8 stato un\",\"breadcrumb\":{\"@id\":\"https:\/\/www.pressenza.com\/it\/2017\/12\/4-dicembre-quel-referendum-quasi-dimenticato\/#breadcrumb\"},\"inLanguage\":\"it-IT\",\"potentialAction\":[{\"@type\":\"ReadAction\",\"target\":[\"https:\/\/www.pressenza.com\/it\/2017\/12\/4-dicembre-quel-referendum-quasi-dimenticato\/\"]}]},{\"@type\":\"ImageObject\",\"inLanguage\":\"it-IT\",\"@id\":\"https:\/\/www.pressenza.com\/it\/2017\/12\/4-dicembre-quel-referendum-quasi-dimenticato\/#primaryimage\",\"url\":\"https:\/\/www.pressenza.com\/wp-content\/uploads\/2017\/09\/1200px-2011_Italian_referendums-1.jpg\",\"contentUrl\":\"https:\/\/www.pressenza.com\/wp-content\/uploads\/2017\/09\/1200px-2011_Italian_referendums-1.jpg\",\"width\":1200,\"height\":800},{\"@type\":\"BreadcrumbList\",\"@id\":\"https:\/\/www.pressenza.com\/it\/2017\/12\/4-dicembre-quel-referendum-quasi-dimenticato\/#breadcrumb\",\"itemListElement\":[{\"@type\":\"ListItem\",\"position\":1,\"name\":\"Accueil\",\"item\":\"https:\/\/www.pressenza.com\/it\/\"},{\"@type\":\"ListItem\",\"position\":2,\"name\":\"4 dicembre: quel referendum quasi dimenticato\"}]},{\"@type\":\"WebSite\",\"@id\":\"https:\/\/www.pressenza.com\/it\/#website\",\"url\":\"https:\/\/www.pressenza.com\/it\/\",\"name\":\"Pressenza\",\"description\":\"Agenzia di Stampa Internazionale\",\"publisher\":{\"@id\":\"https:\/\/www.pressenza.com\/it\/#organization\"},\"potentialAction\":[{\"@type\":\"SearchAction\",\"target\":{\"@type\":\"EntryPoint\",\"urlTemplate\":\"https:\/\/www.pressenza.com\/it\/?s={search_term_string}\"},\"query-input\":{\"@type\":\"PropertyValueSpecification\",\"valueRequired\":true,\"valueName\":\"search_term_string\"}}],\"inLanguage\":\"it-IT\"},{\"@type\":\"Organization\",\"@id\":\"https:\/\/www.pressenza.com\/it\/#organization\",\"name\":\"Pressenza\",\"url\":\"https:\/\/www.pressenza.com\/it\/\",\"logo\":{\"@type\":\"ImageObject\",\"inLanguage\":\"it-IT\",\"@id\":\"https:\/\/www.pressenza.com\/it\/#\/schema\/logo\/image\/\",\"url\":\"https:\/\/www.pressenza.com\/wp-content\/uploads\/2022\/10\/pressenza_logo_200x200.jpg\",\"contentUrl\":\"https:\/\/www.pressenza.com\/wp-content\/uploads\/2022\/10\/pressenza_logo_200x200.jpg\",\"width\":200,\"height\":200,\"caption\":\"Pressenza\"},\"image\":{\"@id\":\"https:\/\/www.pressenza.com\/it\/#\/schema\/logo\/image\/\"},\"sameAs\":[\"https:\/\/www.facebook.com\/PressenzaItalia\",\"https:\/\/x.com\/PressenzaIPA\"]},{\"@type\":\"Person\",\"@id\":\"https:\/\/www.pressenza.com\/it\/#\/schema\/person\/47253bd773bfdc8f669fc1a490a0d099\",\"name\":\"Rocco Artifoni\",\"description\":\"Rocco Artifoni \u00e8 nato a Bergamo nel 1960. \u00c8 presidente nazionale dell\u2019Associazione per la Riduzione del Debito Pubblico (www.ardep.it) e referente per la Lombardia dell\u2019Associazione Art. 53 (www.articolo53.it). Principali appartenenze e impegni locali (provincia di Bergamo): Consiglio Direttivo della Fondazione Serughetti La Porta (www.laportabergamo.it), Comitato provinciale per l\u2019abolizione delle barriere architettoniche (www.diversabile.it), Coordinamento provinciale di Libera (www.liberabg.it), Comitato bergamasco per la difesa della Costituzione (www.salviamolacostituzione.bg.it), Scuola di educazione e formazione alla politica We Care (www.scuolawecare.it), Redazione della rivista L\u2019Incontro e delle Edizioni Gruppo Aeper (www.aeper.it). Nel 2014 ha pubblicato insieme a Filippo Pizzolato \u201cL\u2019ABC della Costituzione\u201d per le Edizioni Gruppo Aeper con prefazione di don Luigi Ciotti. Nel 2018, insieme a Francesco Gesualdi e Antonio De Lellis, per CADTM Italia ha pubblicato il dossier \u201cFisco &amp; Debito. Gli effetti delle controriforme fiscali sul nostro debito pubblico\u201d.\",\"url\":\"https:\/\/www.pressenza.com\/it\/author\/rocco-artifoni\/\"}]}<\/script>\n<!-- \/ Yoast SEO plugin. -->","yoast_head_json":{"title":"4 dicembre: quel referendum quasi dimenticato","description":"Il 4 dicembre di un anno fa la riforma costituzionale voluta da Renzi &amp; Boschi \u00e8 stata pesantemente sconfitta nelle urne referendarie. \u00c8 stato un","robots":{"index":"index","follow":"follow","max-snippet":"max-snippet:-1","max-image-preview":"max-image-preview:large","max-video-preview":"max-video-preview:-1"},"canonical":"https:\/\/www.pressenza.com\/it\/2017\/12\/4-dicembre-quel-referendum-quasi-dimenticato\/","og_locale":"it_IT","og_type":"article","og_title":"4 dicembre: quel referendum quasi dimenticato","og_description":"Il 4 dicembre di un anno fa la riforma costituzionale voluta da Renzi &amp; Boschi \u00e8 stata pesantemente sconfitta nelle urne referendarie. \u00c8 stato un","og_url":"https:\/\/www.pressenza.com\/it\/2017\/12\/4-dicembre-quel-referendum-quasi-dimenticato\/","og_site_name":"Pressenza","article_publisher":"https:\/\/www.facebook.com\/PressenzaItalia","article_published_time":"2017-12-05T20:31:15+00:00","og_image":[{"width":1200,"height":800,"url":"https:\/\/www.pressenza.com\/wp-content\/uploads\/2017\/09\/1200px-2011_Italian_referendums-1.jpg","type":"image\/jpeg"}],"author":"Rocco Artifoni","twitter_card":"summary_large_image","twitter_creator":"@PressenzaIPA","twitter_site":"@PressenzaIPA","twitter_misc":{"Scritto da":"Rocco Artifoni","Tempo di lettura stimato":"3 minuti"},"schema":{"@context":"https:\/\/schema.org","@graph":[{"@type":"Article","@id":"https:\/\/www.pressenza.com\/it\/2017\/12\/4-dicembre-quel-referendum-quasi-dimenticato\/#article","isPartOf":{"@id":"https:\/\/www.pressenza.com\/it\/2017\/12\/4-dicembre-quel-referendum-quasi-dimenticato\/"},"author":{"name":"Rocco Artifoni","@id":"https:\/\/www.pressenza.com\/it\/#\/schema\/person\/47253bd773bfdc8f669fc1a490a0d099"},"headline":"4 dicembre: quel referendum quasi dimenticato","datePublished":"2017-12-05T20:31:15+00:00","mainEntityOfPage":{"@id":"https:\/\/www.pressenza.com\/it\/2017\/12\/4-dicembre-quel-referendum-quasi-dimenticato\/"},"wordCount":516,"publisher":{"@id":"https:\/\/www.pressenza.com\/it\/#organization"},"image":{"@id":"https:\/\/www.pressenza.com\/it\/2017\/12\/4-dicembre-quel-referendum-quasi-dimenticato\/#primaryimage"},"thumbnailUrl":"https:\/\/www.pressenza.com\/wp-content\/uploads\/2017\/09\/1200px-2011_Italian_referendums-1.jpg","keywords":["Governo Gentiloni","Maria Elena Boschi","Matteo Renzi","Partito Democratico","referendum costituzionale"],"articleSection":["contenuti originali","Europa","Internazionale","Politica"],"inLanguage":"it-IT"},{"@type":"WebPage","@id":"https:\/\/www.pressenza.com\/it\/2017\/12\/4-dicembre-quel-referendum-quasi-dimenticato\/","url":"https:\/\/www.pressenza.com\/it\/2017\/12\/4-dicembre-quel-referendum-quasi-dimenticato\/","name":"4 dicembre: quel referendum quasi dimenticato","isPartOf":{"@id":"https:\/\/www.pressenza.com\/it\/#website"},"primaryImageOfPage":{"@id":"https:\/\/www.pressenza.com\/it\/2017\/12\/4-dicembre-quel-referendum-quasi-dimenticato\/#primaryimage"},"image":{"@id":"https:\/\/www.pressenza.com\/it\/2017\/12\/4-dicembre-quel-referendum-quasi-dimenticato\/#primaryimage"},"thumbnailUrl":"https:\/\/www.pressenza.com\/wp-content\/uploads\/2017\/09\/1200px-2011_Italian_referendums-1.jpg","datePublished":"2017-12-05T20:31:15+00:00","description":"Il 4 dicembre di un anno fa la riforma costituzionale voluta da Renzi &amp; Boschi \u00e8 stata pesantemente sconfitta nelle urne referendarie. \u00c8 stato un","breadcrumb":{"@id":"https:\/\/www.pressenza.com\/it\/2017\/12\/4-dicembre-quel-referendum-quasi-dimenticato\/#breadcrumb"},"inLanguage":"it-IT","potentialAction":[{"@type":"ReadAction","target":["https:\/\/www.pressenza.com\/it\/2017\/12\/4-dicembre-quel-referendum-quasi-dimenticato\/"]}]},{"@type":"ImageObject","inLanguage":"it-IT","@id":"https:\/\/www.pressenza.com\/it\/2017\/12\/4-dicembre-quel-referendum-quasi-dimenticato\/#primaryimage","url":"https:\/\/www.pressenza.com\/wp-content\/uploads\/2017\/09\/1200px-2011_Italian_referendums-1.jpg","contentUrl":"https:\/\/www.pressenza.com\/wp-content\/uploads\/2017\/09\/1200px-2011_Italian_referendums-1.jpg","width":1200,"height":800},{"@type":"BreadcrumbList","@id":"https:\/\/www.pressenza.com\/it\/2017\/12\/4-dicembre-quel-referendum-quasi-dimenticato\/#breadcrumb","itemListElement":[{"@type":"ListItem","position":1,"name":"Accueil","item":"https:\/\/www.pressenza.com\/it\/"},{"@type":"ListItem","position":2,"name":"4 dicembre: quel referendum quasi dimenticato"}]},{"@type":"WebSite","@id":"https:\/\/www.pressenza.com\/it\/#website","url":"https:\/\/www.pressenza.com\/it\/","name":"Pressenza","description":"Agenzia di Stampa Internazionale","publisher":{"@id":"https:\/\/www.pressenza.com\/it\/#organization"},"potentialAction":[{"@type":"SearchAction","target":{"@type":"EntryPoint","urlTemplate":"https:\/\/www.pressenza.com\/it\/?s={search_term_string}"},"query-input":{"@type":"PropertyValueSpecification","valueRequired":true,"valueName":"search_term_string"}}],"inLanguage":"it-IT"},{"@type":"Organization","@id":"https:\/\/www.pressenza.com\/it\/#organization","name":"Pressenza","url":"https:\/\/www.pressenza.com\/it\/","logo":{"@type":"ImageObject","inLanguage":"it-IT","@id":"https:\/\/www.pressenza.com\/it\/#\/schema\/logo\/image\/","url":"https:\/\/www.pressenza.com\/wp-content\/uploads\/2022\/10\/pressenza_logo_200x200.jpg","contentUrl":"https:\/\/www.pressenza.com\/wp-content\/uploads\/2022\/10\/pressenza_logo_200x200.jpg","width":200,"height":200,"caption":"Pressenza"},"image":{"@id":"https:\/\/www.pressenza.com\/it\/#\/schema\/logo\/image\/"},"sameAs":["https:\/\/www.facebook.com\/PressenzaItalia","https:\/\/x.com\/PressenzaIPA"]},{"@type":"Person","@id":"https:\/\/www.pressenza.com\/it\/#\/schema\/person\/47253bd773bfdc8f669fc1a490a0d099","name":"Rocco Artifoni","description":"Rocco Artifoni \u00e8 nato a Bergamo nel 1960. \u00c8 presidente nazionale dell\u2019Associazione per la Riduzione del Debito Pubblico (www.ardep.it) e referente per la Lombardia dell\u2019Associazione Art. 53 (www.articolo53.it). Principali appartenenze e impegni locali (provincia di Bergamo): Consiglio Direttivo della Fondazione Serughetti La Porta (www.laportabergamo.it), Comitato provinciale per l\u2019abolizione delle barriere architettoniche (www.diversabile.it), Coordinamento provinciale di Libera (www.liberabg.it), Comitato bergamasco per la difesa della Costituzione (www.salviamolacostituzione.bg.it), Scuola di educazione e formazione alla politica We Care (www.scuolawecare.it), Redazione della rivista L\u2019Incontro e delle Edizioni Gruppo Aeper (www.aeper.it). Nel 2014 ha pubblicato insieme a Filippo Pizzolato \u201cL\u2019ABC della Costituzione\u201d per le Edizioni Gruppo Aeper con prefazione di don Luigi Ciotti. Nel 2018, insieme a Francesco Gesualdi e Antonio De Lellis, per CADTM Italia ha pubblicato il dossier \u201cFisco &amp; Debito. Gli effetti delle controriforme fiscali sul nostro debito pubblico\u201d.","url":"https:\/\/www.pressenza.com\/it\/author\/rocco-artifoni\/"}]}},"place":"","original_article_url":"","_links":{"self":[{"href":"https:\/\/www.pressenza.com\/it\/wp-json\/wp\/v2\/posts\/567331","targetHints":{"allow":["GET"]}}],"collection":[{"href":"https:\/\/www.pressenza.com\/it\/wp-json\/wp\/v2\/posts"}],"about":[{"href":"https:\/\/www.pressenza.com\/it\/wp-json\/wp\/v2\/types\/post"}],"author":[{"embeddable":true,"href":"https:\/\/www.pressenza.com\/it\/wp-json\/wp\/v2\/users\/1280"}],"replies":[{"embeddable":true,"href":"https:\/\/www.pressenza.com\/it\/wp-json\/wp\/v2\/comments?post=567331"}],"version-history":[{"count":0,"href":"https:\/\/www.pressenza.com\/it\/wp-json\/wp\/v2\/posts\/567331\/revisions"}],"wp:featuredmedia":[{"embeddable":true,"href":"https:\/\/www.pressenza.com\/it\/wp-json\/wp\/v2\/media\/511964"}],"wp:attachment":[{"href":"https:\/\/www.pressenza.com\/it\/wp-json\/wp\/v2\/media?parent=567331"}],"wp:term":[{"taxonomy":"category","embeddable":true,"href":"https:\/\/www.pressenza.com\/it\/wp-json\/wp\/v2\/categories?post=567331"},{"taxonomy":"post_tag","embeddable":true,"href":"https:\/\/www.pressenza.com\/it\/wp-json\/wp\/v2\/tags?post=567331"}],"curies":[{"name":"wp","href":"https:\/\/api.w.org\/{rel}","templated":true}]}}