{"id":566219,"date":"2017-12-03T17:13:09","date_gmt":"2017-12-03T17:13:09","guid":{"rendered":"https:\/\/www.pressenza.com\/?p=566219\/"},"modified":"2017-12-04T09:20:00","modified_gmt":"2017-12-04T09:20:00","slug":"la-carovana-delle-donne-disarmo-nucleare-attiva-percorsi-contrasto-alla-violenza","status":"publish","type":"post","link":"https:\/\/www.pressenza.com\/it\/2017\/12\/la-carovana-delle-donne-disarmo-nucleare-attiva-percorsi-contrasto-alla-violenza\/","title":{"rendered":"La Carovana delle Donne per il Disarmo Nucleare attiva percorsi di contrasto alla violenza"},"content":{"rendered":"<p>La Carovana delle Donne per il Disarmo Nucleare procede lungo il\u00a0 suo cammino di sensibilizzazione e mobilitazione. Il 1 dicembre a Livorno ha promosso la presentazione del <strong>libro di Carlo Cassola <em>\u201cLa rivoluzione disarmista\u201d<\/em><\/strong> con la partecipazione di due appassionati\u00a0 relatori:\u00a0 Angelo Baracca professore di Fisica-Universit\u00e0 di Firenze e Rocco Pompeo del Centro Studi Nonviolenza. Il primo incontro si \u00e8 svolto all\u2019IIS Niccolini Palli con gli studenti e le studentesse delle classi quinte: oltre una settantina di giovani (sarebbero stati di pi\u00f9, ma\u00a0 un imprevisto legato ai tempi burocratici scolastici di fine quadrimestre\u00a0 lo ha impedito). Grande l\u2019interesse dei giovani nel seguire i due relatori che hanno evidenziato la straordinaria attualit\u00e0 del saggio di Cassola\u00a0 alla luce dell\u2019emergenza nucleare che incombe sull\u2019umanit\u00e0\u00a0 in questi drammatici momenti di alta conflittualit\u00e0 internazionale. L\u2019orologio dell\u2019apocalisse nucleare\u00a0 segna\u00a0 <strong>2 minuti e mezzo alla mezzanotte. <\/strong><\/p>\n<p>L\u2019incontro ci ha lasciato una grande forza e speranza: le ragazze e i ragazzi continueranno il lavoro di approfondimento con le loro insegnanti e per questo vogliamo ringraziare la prof.ssa MariaAntonietta Monaco che ha attivato il percorso nel liceo.\u00a0 Rimarr\u00e0 aperto il filo diretto con Rocco Pompeo e Angelo Baracca che si sono resi disponibili a tutorare il futuri lavori di approfondimento. Alcuni studenti si attiveranno iscrivendosi ad ICAN (Campagna Internazionale per il disarmo Nucleare) Premio Nobel per la Pace 2017.\u00a0 Altri hanno\u00a0\u00a0 hanno ricevuto lo stimolo a farne\u00a0 argomento di tesina di fine anno\u00a0 e forse alcuni parteciperanno agli stage delle Verde Vigna, il\u00a0 terreno limitrofo a Comiso che \u00e8 stato teatro negli anni ottanta della pi\u00f9 grande battaglia vittoriosa nonviolenta d\u2019Italia, quella contro i missili Nato. Da quattro anni la Verde Vigna su iniziativa di Alberto L\u2019Abate ha iniziato ad essere utilizzata in modo costruttivo per incontri di formazione e documentazione sulla nonviolenza attiva e lo sviluppo ecosostenibile.\u00a0 Emozionante il momento in cui i giovani hanno firmato la Petizione perch\u00e9 l\u2019Italia ratifichi il Trattato di Proibizione delle Armi Nucleari (TPNW Onu 7 luglio 2017 ) che vieta\u00a0 non solo l\u2019uso e il possesso ma anche la\u00a0 minaccia dell\u2019uso delle armi nucleari. In quel momento<strong> i giovani hanno dimostrato di essere cittadine e cittadini dell\u2019oggi<\/strong>, non del domani,\u00a0 come si \u00e8 soliti dire riverendoci a loro.<\/p>\n<p>L\u2019incontro sulla stessa tematica si \u00e8 realizata anche\u00a0 alla <strong>Libreria Belforte <\/strong>e ha consentito di interloquire con un pubblico pi\u00f9 adulto,\u00a0 entrando nel merito della specifica questione\u00a0 collegata a Livorno Porto Nucleare e all\u2019inaccettabile progetto di ampliamento della Base Militare Usa di Camp Darby che prevede anche\u00a0 il taglio di mille alberi. Franco Busoni,\u00a0 della Rete Civica Livornese Contro la Nuova Normalit\u00e0 della Guerra,\u00a0 ha sottolineato la necessit\u00e0 di attivare sul territorio Pisa-Livorno un corso rivolto alle popolazioni per capacitarle nel <strong>contrasto nonviolento al progetto; <\/strong>Rocco Pompeo ne sar\u00e0 il curatore.<\/p>\n<p>Angelo Baracca ci ha consentito di smontare la narrazione mediatica sulla Corea &#8211; da mesi ingiustamente\u00a0 presentata come lo Stato che\u00a0 minaccia l\u2019umanit\u00e0 \u2013 e di far luce\u00a0 sulle articolate questioni geopolitiche che vedono gli Usa protagonisti di una pluridecennale politica di minaccioso\u00a0 espansionismo\u00a0 mondiale attraverso la guerra e l\u2019arte della provocazione.<\/p>\n<p>Se dunque siamo immersi nella feroce e minacciosa cultura e pratica della violenza guidata\u00a0 dal militarismo e sostenuta dal penetrante supporto dei mass media, come uscirne?\u00a0 Riappropriandoci dell\u2019<strong>uso critico del nostro cervello<\/strong> e preparando le giovani generazioni a pensare in modo nonviolento e sempre costruttivo.<\/p>\n<p>Molto apprezzata dunque la terza iniziativa della giornata Livornese della Carovana: l\u2019attivazione di un <strong>laboratorio teatrale<\/strong> presso il Compresivo Scolastico Bolognesi, Quartiere Shangai\u00a0 di Livorno \u00a0 \u00a0 \u00a0 \u00a0 \u00a0 \u00a0 \u00a0 \u00a0 \u00a0 che, grazie alla sensibilit\u00e0 della sua Dirigente la\u00a0 Prof.ssa Baldi Anna Rita e di alcuni insegnati, ha\u00a0 aderito alla Carovana delle Donne per il Disarmo Nucleare attraverso l\u2019attivazione di uno specifico percorso di educazione per la pace che porter\u00e0 alla realizzazione dello spettacolo \u00a0&#8220;L&#8217;albero e il Mitra una favola disarmante&#8221; di Claudio Fantozzi. Lo spettacolo con i bambini e le bambine sulla tematica della nonviolenza e della Pace \u00e8 gi\u00e0 stato realizzato con le scuole del Comune di Monteleone Puglia ed \u00e8 stato premiato congiuntamente dalla Fondazione Don Nesi Livorno e dal Comune di Lastra a Signa Firenze. All\u2019incontro pomeridiano era presente Rocco Altieri del Centro Gandhi di Pisa che ha proposto con esito l\u2019attivazione di un gemellaggio tra le scuole di Livorno e Monteleone. Lo spettacolo andr\u00e0 in scena a fine anno scolastico.<\/p>\n<p>&nbsp;<\/p>\n<p>Giovanna Pagani<\/p>\n<p>WILPF Italia- Lega Internazionale Donne per la Pace e la Libert\u00e0<\/p>\n","protected":false},"excerpt":{"rendered":"<p>La Carovana delle Donne per il Disarmo Nucleare procede lungo il\u00a0 suo cammino di sensibilizzazione e mobilitazione. Il 1 dicembre a Livorno ha promosso la presentazione del libro di Carlo Cassola \u201cLa rivoluzione disarmista\u201d con la partecipazione di due appassionati\u00a0&hellip;<\/p>\n","protected":false},"author":1483,"featured_media":566220,"comment_status":"closed","ping_status":"closed","sticky":false,"template":"","format":"standard","meta":{"footnotes":""},"categories":[11388,47,1263],"tags":[41468,10980,38548],"class_list":["post-566219","post","type-post","status-publish","format-standard","has-post-thumbnail","hentry","category-contenuti-originali","category-europa","category-pace-disarmo","tag-carovana-delle-donne-per-il-disarmo-nucleare","tag-livorno","tag-wilpf-italia"],"yoast_head":"<!-- This site is optimized with the Yoast SEO plugin v27.1.1 - https:\/\/yoast.com\/product\/yoast-seo-wordpress\/ -->\n<title>La Carovana delle Donne per il Disarmo Nucleare attiva percorsi di contrasto alla violenza<\/title>\n<meta name=\"description\" content=\"La Carovana delle Donne per il Disarmo Nucleare procede lungo il\u00a0 suo cammino di sensibilizzazione e mobilitazione. Il 1 dicembre a Livorno ha promosso la\" \/>\n<meta name=\"robots\" content=\"index, follow, max-snippet:-1, max-image-preview:large, max-video-preview:-1\" \/>\n<link rel=\"canonical\" href=\"https:\/\/www.pressenza.com\/it\/2017\/12\/la-carovana-delle-donne-disarmo-nucleare-attiva-percorsi-contrasto-alla-violenza\/\" \/>\n<meta property=\"og:locale\" content=\"it_IT\" \/>\n<meta property=\"og:type\" content=\"article\" \/>\n<meta property=\"og:title\" content=\"La Carovana delle Donne per il Disarmo Nucleare attiva percorsi di contrasto alla violenza\" \/>\n<meta property=\"og:description\" content=\"La Carovana delle Donne per il Disarmo Nucleare procede lungo il\u00a0 suo cammino di sensibilizzazione e mobilitazione. Il 1 dicembre a Livorno ha promosso la\" \/>\n<meta property=\"og:url\" content=\"https:\/\/www.pressenza.com\/it\/2017\/12\/la-carovana-delle-donne-disarmo-nucleare-attiva-percorsi-contrasto-alla-violenza\/\" \/>\n<meta property=\"og:site_name\" content=\"Pressenza\" \/>\n<meta property=\"article:publisher\" content=\"https:\/\/www.facebook.com\/PressenzaItalia\" \/>\n<meta property=\"article:published_time\" content=\"2017-12-03T17:13:09+00:00\" \/>\n<meta property=\"article:modified_time\" content=\"2017-12-04T09:20:00+00:00\" \/>\n<meta property=\"og:image\" content=\"https:\/\/www.pressenza.com\/wp-content\/uploads\/2017\/12\/4-Carovana-in-libreria.jpg\" \/>\n\t<meta property=\"og:image:width\" content=\"1600\" \/>\n\t<meta property=\"og:image:height\" content=\"1200\" \/>\n\t<meta property=\"og:image:type\" content=\"image\/jpeg\" \/>\n<meta name=\"author\" content=\"WILPF (Women&#039;s International League for Peace and Freedom)\" \/>\n<meta name=\"twitter:card\" content=\"summary_large_image\" \/>\n<meta name=\"twitter:creator\" content=\"@PressenzaIPA\" \/>\n<meta name=\"twitter:site\" content=\"@PressenzaIPA\" \/>\n<meta name=\"twitter:label1\" content=\"Scritto da\" \/>\n\t<meta name=\"twitter:data1\" content=\"WILPF (Women&#039;s International League for Peace and Freedom)\" \/>\n\t<meta name=\"twitter:label2\" content=\"Tempo di lettura stimato\" \/>\n\t<meta name=\"twitter:data2\" content=\"4 minuti\" \/>\n<script type=\"application\/ld+json\" class=\"yoast-schema-graph\">{\"@context\":\"https:\/\/schema.org\",\"@graph\":[{\"@type\":\"Article\",\"@id\":\"https:\/\/www.pressenza.com\/it\/2017\/12\/la-carovana-delle-donne-disarmo-nucleare-attiva-percorsi-contrasto-alla-violenza\/#article\",\"isPartOf\":{\"@id\":\"https:\/\/www.pressenza.com\/it\/2017\/12\/la-carovana-delle-donne-disarmo-nucleare-attiva-percorsi-contrasto-alla-violenza\/\"},\"author\":{\"name\":\"WILPF (Women's International League for Peace and Freedom)\",\"@id\":\"https:\/\/www.pressenza.com\/it\/#\/schema\/person\/1e335f91597008dacd72b0656edb10e0\"},\"headline\":\"La Carovana delle Donne per il Disarmo Nucleare attiva percorsi di contrasto alla violenza\",\"datePublished\":\"2017-12-03T17:13:09+00:00\",\"dateModified\":\"2017-12-04T09:20:00+00:00\",\"mainEntityOfPage\":{\"@id\":\"https:\/\/www.pressenza.com\/it\/2017\/12\/la-carovana-delle-donne-disarmo-nucleare-attiva-percorsi-contrasto-alla-violenza\/\"},\"wordCount\":754,\"publisher\":{\"@id\":\"https:\/\/www.pressenza.com\/it\/#organization\"},\"image\":{\"@id\":\"https:\/\/www.pressenza.com\/it\/2017\/12\/la-carovana-delle-donne-disarmo-nucleare-attiva-percorsi-contrasto-alla-violenza\/#primaryimage\"},\"thumbnailUrl\":\"https:\/\/www.pressenza.com\/wp-content\/uploads\/2017\/12\/4-Carovana-in-libreria.jpg\",\"keywords\":[\"carovana delle donne per il disarmo nucleare\",\"Livorno\",\"Wilpf Italia\"],\"articleSection\":[\"contenuti originali\",\"Europa\",\"Pace e Disarmo\"],\"inLanguage\":\"it-IT\"},{\"@type\":\"WebPage\",\"@id\":\"https:\/\/www.pressenza.com\/it\/2017\/12\/la-carovana-delle-donne-disarmo-nucleare-attiva-percorsi-contrasto-alla-violenza\/\",\"url\":\"https:\/\/www.pressenza.com\/it\/2017\/12\/la-carovana-delle-donne-disarmo-nucleare-attiva-percorsi-contrasto-alla-violenza\/\",\"name\":\"La Carovana delle Donne per il Disarmo Nucleare attiva percorsi di contrasto alla violenza\",\"isPartOf\":{\"@id\":\"https:\/\/www.pressenza.com\/it\/#website\"},\"primaryImageOfPage\":{\"@id\":\"https:\/\/www.pressenza.com\/it\/2017\/12\/la-carovana-delle-donne-disarmo-nucleare-attiva-percorsi-contrasto-alla-violenza\/#primaryimage\"},\"image\":{\"@id\":\"https:\/\/www.pressenza.com\/it\/2017\/12\/la-carovana-delle-donne-disarmo-nucleare-attiva-percorsi-contrasto-alla-violenza\/#primaryimage\"},\"thumbnailUrl\":\"https:\/\/www.pressenza.com\/wp-content\/uploads\/2017\/12\/4-Carovana-in-libreria.jpg\",\"datePublished\":\"2017-12-03T17:13:09+00:00\",\"dateModified\":\"2017-12-04T09:20:00+00:00\",\"description\":\"La Carovana delle Donne per il Disarmo Nucleare procede lungo il\u00a0 suo cammino di sensibilizzazione e mobilitazione. Il 1 dicembre a Livorno ha promosso la\",\"breadcrumb\":{\"@id\":\"https:\/\/www.pressenza.com\/it\/2017\/12\/la-carovana-delle-donne-disarmo-nucleare-attiva-percorsi-contrasto-alla-violenza\/#breadcrumb\"},\"inLanguage\":\"it-IT\",\"potentialAction\":[{\"@type\":\"ReadAction\",\"target\":[\"https:\/\/www.pressenza.com\/it\/2017\/12\/la-carovana-delle-donne-disarmo-nucleare-attiva-percorsi-contrasto-alla-violenza\/\"]}]},{\"@type\":\"ImageObject\",\"inLanguage\":\"it-IT\",\"@id\":\"https:\/\/www.pressenza.com\/it\/2017\/12\/la-carovana-delle-donne-disarmo-nucleare-attiva-percorsi-contrasto-alla-violenza\/#primaryimage\",\"url\":\"https:\/\/www.pressenza.com\/wp-content\/uploads\/2017\/12\/4-Carovana-in-libreria.jpg\",\"contentUrl\":\"https:\/\/www.pressenza.com\/wp-content\/uploads\/2017\/12\/4-Carovana-in-libreria.jpg\",\"width\":1600,\"height\":1200},{\"@type\":\"BreadcrumbList\",\"@id\":\"https:\/\/www.pressenza.com\/it\/2017\/12\/la-carovana-delle-donne-disarmo-nucleare-attiva-percorsi-contrasto-alla-violenza\/#breadcrumb\",\"itemListElement\":[{\"@type\":\"ListItem\",\"position\":1,\"name\":\"Accueil\",\"item\":\"https:\/\/www.pressenza.com\/it\/\"},{\"@type\":\"ListItem\",\"position\":2,\"name\":\"La Carovana delle Donne per il Disarmo Nucleare attiva percorsi di contrasto alla violenza\"}]},{\"@type\":\"WebSite\",\"@id\":\"https:\/\/www.pressenza.com\/it\/#website\",\"url\":\"https:\/\/www.pressenza.com\/it\/\",\"name\":\"Pressenza\",\"description\":\"Agenzia di Stampa Internazionale\",\"publisher\":{\"@id\":\"https:\/\/www.pressenza.com\/it\/#organization\"},\"potentialAction\":[{\"@type\":\"SearchAction\",\"target\":{\"@type\":\"EntryPoint\",\"urlTemplate\":\"https:\/\/www.pressenza.com\/it\/?s={search_term_string}\"},\"query-input\":{\"@type\":\"PropertyValueSpecification\",\"valueRequired\":true,\"valueName\":\"search_term_string\"}}],\"inLanguage\":\"it-IT\"},{\"@type\":\"Organization\",\"@id\":\"https:\/\/www.pressenza.com\/it\/#organization\",\"name\":\"Pressenza\",\"url\":\"https:\/\/www.pressenza.com\/it\/\",\"logo\":{\"@type\":\"ImageObject\",\"inLanguage\":\"it-IT\",\"@id\":\"https:\/\/www.pressenza.com\/it\/#\/schema\/logo\/image\/\",\"url\":\"https:\/\/www.pressenza.com\/wp-content\/uploads\/2022\/10\/pressenza_logo_200x200.jpg\",\"contentUrl\":\"https:\/\/www.pressenza.com\/wp-content\/uploads\/2022\/10\/pressenza_logo_200x200.jpg\",\"width\":200,\"height\":200,\"caption\":\"Pressenza\"},\"image\":{\"@id\":\"https:\/\/www.pressenza.com\/it\/#\/schema\/logo\/image\/\"},\"sameAs\":[\"https:\/\/www.facebook.com\/PressenzaItalia\",\"https:\/\/x.com\/PressenzaIPA\"]},{\"@type\":\"Person\",\"@id\":\"https:\/\/www.pressenza.com\/it\/#\/schema\/person\/1e335f91597008dacd72b0656edb10e0\",\"name\":\"WILPF (Women's International League for Peace and Freedom)\",\"description\":\"Il 28 Aprile 1915, per la prima volta nella storia, pi\u00f9 di 1000 donne provenienti da 12 paesi dell\u2019Europa e dell\u2019America si riuniscono in Olanda all\u2019Aja in un Congresso Internazionale, per opporsi alla 1\u00b0 Guerra Mondiale in corso. Tra le delegate all\u2019Aja anche una donna italiana, Rosa Genoni, che sar\u00e0 molto attiva a Milano. Al termine del Congresso viene istituito il Comitato Internazionale delle Donne per la Pace e la Libert\u00e0 che, successivamente, nel 1919 si trasforma nella WOMEN\u2019S INTERNATIONAL LEAGUE FOR PEACE AND FREEDOM (Lega Internazionale di Donne per la Pace e la Libert\u00e0), la prima organizzazione internazionale di donne per la pace che oggi \u00e8 presente in tutti i continenti. La FINALITA\u2019 della WILPF \u00e8 quella di riunire donne di differenti tendenze politiche e filosofiche che vogliono studiare, far conoscere e aiutare ad abolire le cause politiche, sociali, economiche e psicologiche della guerra, e lavorare per la pace. https:\/\/wilpfitalia.wordpress.com\/\",\"sameAs\":[\"https:\/\/wilpfitalia.wordpress.com\/\"],\"url\":\"https:\/\/www.pressenza.com\/it\/author\/wilpf\/\"}]}<\/script>\n<!-- \/ Yoast SEO plugin. -->","yoast_head_json":{"title":"La Carovana delle Donne per il Disarmo Nucleare attiva percorsi di contrasto alla violenza","description":"La Carovana delle Donne per il Disarmo Nucleare procede lungo il\u00a0 suo cammino di sensibilizzazione e mobilitazione. Il 1 dicembre a Livorno ha promosso la","robots":{"index":"index","follow":"follow","max-snippet":"max-snippet:-1","max-image-preview":"max-image-preview:large","max-video-preview":"max-video-preview:-1"},"canonical":"https:\/\/www.pressenza.com\/it\/2017\/12\/la-carovana-delle-donne-disarmo-nucleare-attiva-percorsi-contrasto-alla-violenza\/","og_locale":"it_IT","og_type":"article","og_title":"La Carovana delle Donne per il Disarmo Nucleare attiva percorsi di contrasto alla violenza","og_description":"La Carovana delle Donne per il Disarmo Nucleare procede lungo il\u00a0 suo cammino di sensibilizzazione e mobilitazione. Il 1 dicembre a Livorno ha promosso la","og_url":"https:\/\/www.pressenza.com\/it\/2017\/12\/la-carovana-delle-donne-disarmo-nucleare-attiva-percorsi-contrasto-alla-violenza\/","og_site_name":"Pressenza","article_publisher":"https:\/\/www.facebook.com\/PressenzaItalia","article_published_time":"2017-12-03T17:13:09+00:00","article_modified_time":"2017-12-04T09:20:00+00:00","og_image":[{"width":1600,"height":1200,"url":"https:\/\/www.pressenza.com\/wp-content\/uploads\/2017\/12\/4-Carovana-in-libreria.jpg","type":"image\/jpeg"}],"author":"WILPF (Women's International League for Peace and Freedom)","twitter_card":"summary_large_image","twitter_creator":"@PressenzaIPA","twitter_site":"@PressenzaIPA","twitter_misc":{"Scritto da":"WILPF (Women's International League for Peace and Freedom)","Tempo di lettura stimato":"4 minuti"},"schema":{"@context":"https:\/\/schema.org","@graph":[{"@type":"Article","@id":"https:\/\/www.pressenza.com\/it\/2017\/12\/la-carovana-delle-donne-disarmo-nucleare-attiva-percorsi-contrasto-alla-violenza\/#article","isPartOf":{"@id":"https:\/\/www.pressenza.com\/it\/2017\/12\/la-carovana-delle-donne-disarmo-nucleare-attiva-percorsi-contrasto-alla-violenza\/"},"author":{"name":"WILPF (Women's International League for Peace and Freedom)","@id":"https:\/\/www.pressenza.com\/it\/#\/schema\/person\/1e335f91597008dacd72b0656edb10e0"},"headline":"La Carovana delle Donne per il Disarmo Nucleare attiva percorsi di contrasto alla violenza","datePublished":"2017-12-03T17:13:09+00:00","dateModified":"2017-12-04T09:20:00+00:00","mainEntityOfPage":{"@id":"https:\/\/www.pressenza.com\/it\/2017\/12\/la-carovana-delle-donne-disarmo-nucleare-attiva-percorsi-contrasto-alla-violenza\/"},"wordCount":754,"publisher":{"@id":"https:\/\/www.pressenza.com\/it\/#organization"},"image":{"@id":"https:\/\/www.pressenza.com\/it\/2017\/12\/la-carovana-delle-donne-disarmo-nucleare-attiva-percorsi-contrasto-alla-violenza\/#primaryimage"},"thumbnailUrl":"https:\/\/www.pressenza.com\/wp-content\/uploads\/2017\/12\/4-Carovana-in-libreria.jpg","keywords":["carovana delle donne per il disarmo nucleare","Livorno","Wilpf Italia"],"articleSection":["contenuti originali","Europa","Pace e Disarmo"],"inLanguage":"it-IT"},{"@type":"WebPage","@id":"https:\/\/www.pressenza.com\/it\/2017\/12\/la-carovana-delle-donne-disarmo-nucleare-attiva-percorsi-contrasto-alla-violenza\/","url":"https:\/\/www.pressenza.com\/it\/2017\/12\/la-carovana-delle-donne-disarmo-nucleare-attiva-percorsi-contrasto-alla-violenza\/","name":"La Carovana delle Donne per il Disarmo Nucleare attiva percorsi di contrasto alla violenza","isPartOf":{"@id":"https:\/\/www.pressenza.com\/it\/#website"},"primaryImageOfPage":{"@id":"https:\/\/www.pressenza.com\/it\/2017\/12\/la-carovana-delle-donne-disarmo-nucleare-attiva-percorsi-contrasto-alla-violenza\/#primaryimage"},"image":{"@id":"https:\/\/www.pressenza.com\/it\/2017\/12\/la-carovana-delle-donne-disarmo-nucleare-attiva-percorsi-contrasto-alla-violenza\/#primaryimage"},"thumbnailUrl":"https:\/\/www.pressenza.com\/wp-content\/uploads\/2017\/12\/4-Carovana-in-libreria.jpg","datePublished":"2017-12-03T17:13:09+00:00","dateModified":"2017-12-04T09:20:00+00:00","description":"La Carovana delle Donne per il Disarmo Nucleare procede lungo il\u00a0 suo cammino di sensibilizzazione e mobilitazione. Il 1 dicembre a Livorno ha promosso la","breadcrumb":{"@id":"https:\/\/www.pressenza.com\/it\/2017\/12\/la-carovana-delle-donne-disarmo-nucleare-attiva-percorsi-contrasto-alla-violenza\/#breadcrumb"},"inLanguage":"it-IT","potentialAction":[{"@type":"ReadAction","target":["https:\/\/www.pressenza.com\/it\/2017\/12\/la-carovana-delle-donne-disarmo-nucleare-attiva-percorsi-contrasto-alla-violenza\/"]}]},{"@type":"ImageObject","inLanguage":"it-IT","@id":"https:\/\/www.pressenza.com\/it\/2017\/12\/la-carovana-delle-donne-disarmo-nucleare-attiva-percorsi-contrasto-alla-violenza\/#primaryimage","url":"https:\/\/www.pressenza.com\/wp-content\/uploads\/2017\/12\/4-Carovana-in-libreria.jpg","contentUrl":"https:\/\/www.pressenza.com\/wp-content\/uploads\/2017\/12\/4-Carovana-in-libreria.jpg","width":1600,"height":1200},{"@type":"BreadcrumbList","@id":"https:\/\/www.pressenza.com\/it\/2017\/12\/la-carovana-delle-donne-disarmo-nucleare-attiva-percorsi-contrasto-alla-violenza\/#breadcrumb","itemListElement":[{"@type":"ListItem","position":1,"name":"Accueil","item":"https:\/\/www.pressenza.com\/it\/"},{"@type":"ListItem","position":2,"name":"La Carovana delle Donne per il Disarmo Nucleare attiva percorsi di contrasto alla violenza"}]},{"@type":"WebSite","@id":"https:\/\/www.pressenza.com\/it\/#website","url":"https:\/\/www.pressenza.com\/it\/","name":"Pressenza","description":"Agenzia di Stampa Internazionale","publisher":{"@id":"https:\/\/www.pressenza.com\/it\/#organization"},"potentialAction":[{"@type":"SearchAction","target":{"@type":"EntryPoint","urlTemplate":"https:\/\/www.pressenza.com\/it\/?s={search_term_string}"},"query-input":{"@type":"PropertyValueSpecification","valueRequired":true,"valueName":"search_term_string"}}],"inLanguage":"it-IT"},{"@type":"Organization","@id":"https:\/\/www.pressenza.com\/it\/#organization","name":"Pressenza","url":"https:\/\/www.pressenza.com\/it\/","logo":{"@type":"ImageObject","inLanguage":"it-IT","@id":"https:\/\/www.pressenza.com\/it\/#\/schema\/logo\/image\/","url":"https:\/\/www.pressenza.com\/wp-content\/uploads\/2022\/10\/pressenza_logo_200x200.jpg","contentUrl":"https:\/\/www.pressenza.com\/wp-content\/uploads\/2022\/10\/pressenza_logo_200x200.jpg","width":200,"height":200,"caption":"Pressenza"},"image":{"@id":"https:\/\/www.pressenza.com\/it\/#\/schema\/logo\/image\/"},"sameAs":["https:\/\/www.facebook.com\/PressenzaItalia","https:\/\/x.com\/PressenzaIPA"]},{"@type":"Person","@id":"https:\/\/www.pressenza.com\/it\/#\/schema\/person\/1e335f91597008dacd72b0656edb10e0","name":"WILPF (Women's International League for Peace and Freedom)","description":"Il 28 Aprile 1915, per la prima volta nella storia, pi\u00f9 di 1000 donne provenienti da 12 paesi dell\u2019Europa e dell\u2019America si riuniscono in Olanda all\u2019Aja in un Congresso Internazionale, per opporsi alla 1\u00b0 Guerra Mondiale in corso. Tra le delegate all\u2019Aja anche una donna italiana, Rosa Genoni, che sar\u00e0 molto attiva a Milano. Al termine del Congresso viene istituito il Comitato Internazionale delle Donne per la Pace e la Libert\u00e0 che, successivamente, nel 1919 si trasforma nella WOMEN\u2019S INTERNATIONAL LEAGUE FOR PEACE AND FREEDOM (Lega Internazionale di Donne per la Pace e la Libert\u00e0), la prima organizzazione internazionale di donne per la pace che oggi \u00e8 presente in tutti i continenti. La FINALITA\u2019 della WILPF \u00e8 quella di riunire donne di differenti tendenze politiche e filosofiche che vogliono studiare, far conoscere e aiutare ad abolire le cause politiche, sociali, economiche e psicologiche della guerra, e lavorare per la pace. https:\/\/wilpfitalia.wordpress.com\/","sameAs":["https:\/\/wilpfitalia.wordpress.com\/"],"url":"https:\/\/www.pressenza.com\/it\/author\/wilpf\/"}]}},"place":"Livorno","original_article_url":"","_links":{"self":[{"href":"https:\/\/www.pressenza.com\/it\/wp-json\/wp\/v2\/posts\/566219","targetHints":{"allow":["GET"]}}],"collection":[{"href":"https:\/\/www.pressenza.com\/it\/wp-json\/wp\/v2\/posts"}],"about":[{"href":"https:\/\/www.pressenza.com\/it\/wp-json\/wp\/v2\/types\/post"}],"author":[{"embeddable":true,"href":"https:\/\/www.pressenza.com\/it\/wp-json\/wp\/v2\/users\/1483"}],"replies":[{"embeddable":true,"href":"https:\/\/www.pressenza.com\/it\/wp-json\/wp\/v2\/comments?post=566219"}],"version-history":[{"count":0,"href":"https:\/\/www.pressenza.com\/it\/wp-json\/wp\/v2\/posts\/566219\/revisions"}],"wp:featuredmedia":[{"embeddable":true,"href":"https:\/\/www.pressenza.com\/it\/wp-json\/wp\/v2\/media\/566220"}],"wp:attachment":[{"href":"https:\/\/www.pressenza.com\/it\/wp-json\/wp\/v2\/media?parent=566219"}],"wp:term":[{"taxonomy":"category","embeddable":true,"href":"https:\/\/www.pressenza.com\/it\/wp-json\/wp\/v2\/categories?post=566219"},{"taxonomy":"post_tag","embeddable":true,"href":"https:\/\/www.pressenza.com\/it\/wp-json\/wp\/v2\/tags?post=566219"}],"curies":[{"name":"wp","href":"https:\/\/api.w.org\/{rel}","templated":true}]}}