{"id":563753,"date":"2017-11-28T21:53:17","date_gmt":"2017-11-28T21:53:17","guid":{"rendered":"https:\/\/www.pressenza.com\/?p=563753\/"},"modified":"2017-11-28T23:27:09","modified_gmt":"2017-11-28T23:27:09","slug":"glifosato-ancora-per-5-anni-ecco-il-tedesco-voltagabbana","status":"publish","type":"post","link":"https:\/\/www.pressenza.com\/it\/2017\/11\/glifosato-ancora-per-5-anni-ecco-il-tedesco-voltagabbana\/","title":{"rendered":"Glifosato ancora per 5 anni: ecco il tedesco voltagabbana!"},"content":{"rendered":"<p><strong><span class=\"s1\">Gli Europei saranno avvelenati dal Glifosato ancora per cinque anni grazie al voltafaccia di Christian Schmidt, ministro dell&#8217;agricoltura nel governo tedesco uscente. Schmidt ha tradito la parola data e gli accordi fra le forze politiche tedesche, rendendo ancora pi\u00f9 ardua la formazione del nuovo governo.<\/span><\/strong><\/p>\n<p><span class=\"s1\">Ieri a Bruxelles si \u00e8 votato sulla proposta di autorizzare l&#8217;uso del Glifosato in tutta Europa per altri cinque anni.<br \/>\nLa Germania doveva astenersi, come fatto nelle votazioni precedenti, cos\u00ec la proposta sarebbe stata bocciata grazie al voto contrario di\u00a0Italia, Austria, Belgio, Cipro, Francia, Grecia, Lussemburgo, Malta, e Ungheria.<\/span><\/p>\n<p><span class=\"s1\">Invece Christian Schmidt all&#8217;ultimo minuto ha votato a favore, rovesciando l&#8217;esito della votazione e scatenando uno scandalo in tutto il suo paese: tutti i TG hanno dato ampio spazio all&#8217;ira dei cittadini, in netta maggioranza contrari alla proroga del\u00a0<\/span>Glifosato\u00a0<a href=\"#_ftn1\" name=\"_ftnref1\">[1]<br \/>\n<\/a><\/p>\n<p><span class=\"s1\">Molti si chiedono, senza mezzi termini, quanti soldi abbia intascato Schmidt dalla Bayer (la cui fusione con la Monsanto \u00e8 bloccata da mesi proprio in sede UE).<br \/>\n<\/span><span class=\"s1\"><br \/>\nTerremoto anche fra i partiti politici, perch\u00e9 l&#8217;astensione era stata concordata fra i conservatori (di cui fa parte Schmidt) e i socialdemocratici, ostruendo la gi\u00e0 impervia via verso la formazione di un nuovo governo sostenuto da una &#8216;grosse koalition&#8217;.<br \/>\n<\/span><\/p>\n<p class=\"p1\"><span class=\"s1\">Hubert Weiger, presidente del BUND Bund f\u00fcr Umwelt und Naturschutz Deutschland (Associazione per l&#8217; Ambiente e la Conservazione della Natura, Germania), appena saputo dell&#8217;autorizzazione per altri cinque anni del Glifosato grazie al voto tedesco ha dichiarato:<br \/>\n<\/span><\/p>\n<p class=\"p1\"><em><span class=\"s1\">&#8220;Il voto della Germania \u00e8 scandaloso. La CDU\/CSU (unione dei partiti conservatori), nella persona del ministro dell&#8217;agricoltura Christian Schmidt, apparentemente appoggiato dall&#8217;ufficio del Cancelliere, ha fatto un affronto al ministro dell&#8217;ambiente Barbara Hendricks (SPD, partito socialdemocratico) in occasione del voto sul Glifosato a Bruxelles. Con questo voltafaccia unilaterale il fronte conservatore ha violato tutte le regole e gli accordi in vigore. Il voto favorevole al Glifosato \u00e8 un insulto senza precedenti e testimonia della grave carenza di cultura politica nel nostro paese.<br \/>\n<\/span><\/em><\/p>\n<p class=\"p1\"><em><span class=\"s1\">Solo l&#8217;approvazione tedesca ha consentito di prorogare l&#8217;uso del Glifosato nell&#8217;UE per altri cinque anni.\u00a0<\/span><\/em><em><span class=\"s1\"><b>Cinque anni sono troppi. In questo modo la Germania e la maggior parte dei paesi dell&#8217;UE si oppongono alla protezione dell&#8217;uomo e della natura. Hanno votato a favore di un veleno che uccide tutte le piante ed \u00e8 quindi una delle cause principali dell&#8217;estinzione di cos\u00ec tante specie nell&#8217;ambiente agricolo. Inoltre, si sospetta che provochi il cancro negli esseri umani&#8221;<\/b>.<\/span><\/em><\/p>\n<p><span class=\"s1\">Il voltafaccia di Schmidt\u00a0<\/span>quindi non solo lascia sospetti di corruzione, chiamati \u201eun servizio a Bayer e Monsanto\u201c addirittura da Manager-Magazin (il giornale tedesco per manager che fa parte del gruppo dello Spiegel), ma anche aggrava le difficolt\u00e0 per la formazione di un nuovo governo, visto che alla Merkel non rimane altro che una &#8216;grosse koalition&#8217; logorata in partenza o elezioni anticipate.<\/p>\n<p>\u00c8 anche uno schiaffo ai paesi membri che hanno votato \u201eno\u201c e ai quasi 4 milioni di cittadini europei che,\u00a0 attraverso centinaia di ONG,\u00a0si sono impegnati<span style=\"font-size: 16px;\">\u00a0in varie petizioni e iniziative.<\/span><\/p>\n<p>Soprattutto costituisce un chiaro segnale: se manovre politiche cos\u00ec indecenti con effetto su pi\u00f9 di 500 milioni di vite umane e sull&#8217;intero ambiente sono possibili, c&#8217;\u00e8 qualcosa di\u00a0 gravemente sbagliato in questo sistema politico europeo.<\/p>\n<p>&nbsp;<\/p>\n<p><a href=\"#_ftnref1\" name=\"_ftn1\">[1]<\/a> Secondo un recente sondaggio condotto dall&#8217;istituto YouGov, il 59% della popolazione tedesca vuole la cessazione immediata della registrazione del Glifosato.<\/p>\n<p>&nbsp;<\/p>\n","protected":false},"excerpt":{"rendered":"<p>Gli Europei saranno avvelenati dal Glifosato ancora per cinque anni grazie al voltafaccia di Christian Schmidt, ministro dell&#8217;agricoltura nel governo tedesco uscente. Schmidt ha tradito la parola data e gli accordi fra le forze politiche tedesche, rendendo ancora pi\u00f9 ardua&hellip;<\/p>\n","protected":false},"author":1169,"featured_media":563316,"comment_status":"closed","ping_status":"closed","sticky":false,"template":"","format":"standard","meta":{"footnotes":""},"categories":[150,11388,59,47,55,1259],"tags":[17190,37161,6887,5120,3788],"class_list":["post-563753","post","type-post","status-publish","format-standard","has-post-thumbnail","hentry","category-comunicati-stampa","category-contenuti-originali","category-ambiente-ecologia","category-europa","category-politica","category-salute-argomento","tag-bayer","tag-christian-schmidt","tag-glifosato","tag-monsanto","tag-unione-europea"],"yoast_head":"<!-- This site is optimized with the Yoast SEO plugin v27.1.1 - https:\/\/yoast.com\/product\/yoast-seo-wordpress\/ -->\n<title>Glifosato ancora per 5 anni: ecco il tedesco voltagabbana!<\/title>\n<meta name=\"description\" content=\"Gli Europei saranno avvelenati dal Glifosato ancora per cinque anni grazie al voltafaccia di Christian Schmidt, ministro dell&#039;agricoltura nel governo\" \/>\n<meta name=\"robots\" content=\"index, follow, max-snippet:-1, max-image-preview:large, max-video-preview:-1\" \/>\n<link rel=\"canonical\" href=\"https:\/\/www.pressenza.com\/it\/2017\/11\/glifosato-ancora-per-5-anni-ecco-il-tedesco-voltagabbana\/\" \/>\n<meta property=\"og:locale\" content=\"it_IT\" \/>\n<meta property=\"og:type\" content=\"article\" \/>\n<meta property=\"og:title\" content=\"Glifosato ancora per 5 anni: ecco il tedesco voltagabbana!\" \/>\n<meta property=\"og:description\" content=\"Gli Europei saranno avvelenati dal Glifosato ancora per cinque anni grazie al voltafaccia di Christian Schmidt, ministro dell&#039;agricoltura nel governo\" \/>\n<meta property=\"og:url\" content=\"https:\/\/www.pressenza.com\/it\/2017\/11\/glifosato-ancora-per-5-anni-ecco-il-tedesco-voltagabbana\/\" \/>\n<meta property=\"og:site_name\" content=\"Pressenza\" \/>\n<meta property=\"article:publisher\" content=\"https:\/\/www.facebook.com\/PressenzaItalia\" \/>\n<meta property=\"article:published_time\" content=\"2017-11-28T21:53:17+00:00\" \/>\n<meta property=\"article:modified_time\" content=\"2017-11-28T23:27:09+00:00\" \/>\n<meta property=\"og:image\" content=\"https:\/\/www.pressenza.com\/wp-content\/uploads\/2017\/11\/quod-erat-demonstrandum.net_.jpg\" \/>\n\t<meta property=\"og:image:width\" content=\"600\" \/>\n\t<meta property=\"og:image:height\" content=\"800\" \/>\n\t<meta property=\"og:image:type\" content=\"image\/jpeg\" \/>\n<meta name=\"author\" content=\"Evelyn Rottengatter\" \/>\n<meta name=\"twitter:card\" content=\"summary_large_image\" \/>\n<meta name=\"twitter:creator\" content=\"@PressenzaIPA\" \/>\n<meta name=\"twitter:site\" content=\"@PressenzaIPA\" \/>\n<meta name=\"twitter:label1\" content=\"Scritto da\" \/>\n\t<meta name=\"twitter:data1\" content=\"Evelyn Rottengatter\" \/>\n\t<meta name=\"twitter:label2\" content=\"Tempo di lettura stimato\" \/>\n\t<meta name=\"twitter:data2\" content=\"3 minuti\" \/>\n<script type=\"application\/ld+json\" class=\"yoast-schema-graph\">{\"@context\":\"https:\/\/schema.org\",\"@graph\":[{\"@type\":\"Article\",\"@id\":\"https:\/\/www.pressenza.com\/it\/2017\/11\/glifosato-ancora-per-5-anni-ecco-il-tedesco-voltagabbana\/#article\",\"isPartOf\":{\"@id\":\"https:\/\/www.pressenza.com\/it\/2017\/11\/glifosato-ancora-per-5-anni-ecco-il-tedesco-voltagabbana\/\"},\"author\":{\"name\":\"Evelyn Rottengatter\",\"@id\":\"https:\/\/www.pressenza.com\/it\/#\/schema\/person\/0fc92e8348796c95b261f25f4a3e6fc2\"},\"headline\":\"Glifosato ancora per 5 anni: ecco il tedesco voltagabbana!\",\"datePublished\":\"2017-11-28T21:53:17+00:00\",\"dateModified\":\"2017-11-28T23:27:09+00:00\",\"mainEntityOfPage\":{\"@id\":\"https:\/\/www.pressenza.com\/it\/2017\/11\/glifosato-ancora-per-5-anni-ecco-il-tedesco-voltagabbana\/\"},\"wordCount\":565,\"publisher\":{\"@id\":\"https:\/\/www.pressenza.com\/it\/#organization\"},\"image\":{\"@id\":\"https:\/\/www.pressenza.com\/it\/2017\/11\/glifosato-ancora-per-5-anni-ecco-il-tedesco-voltagabbana\/#primaryimage\"},\"thumbnailUrl\":\"https:\/\/www.pressenza.com\/wp-content\/uploads\/2017\/11\/quod-erat-demonstrandum.net_.jpg\",\"keywords\":[\"Bayer\",\"Christian Schmidt\",\"glifosato\",\"Monsanto\",\"Unione Europea\"],\"articleSection\":[\"Comunicati Stampa\",\"contenuti originali\",\"Ecologia ed Ambiente\",\"Europa\",\"Politica\",\"Salute\"],\"inLanguage\":\"it-IT\"},{\"@type\":\"WebPage\",\"@id\":\"https:\/\/www.pressenza.com\/it\/2017\/11\/glifosato-ancora-per-5-anni-ecco-il-tedesco-voltagabbana\/\",\"url\":\"https:\/\/www.pressenza.com\/it\/2017\/11\/glifosato-ancora-per-5-anni-ecco-il-tedesco-voltagabbana\/\",\"name\":\"Glifosato ancora per 5 anni: ecco il tedesco voltagabbana!\",\"isPartOf\":{\"@id\":\"https:\/\/www.pressenza.com\/it\/#website\"},\"primaryImageOfPage\":{\"@id\":\"https:\/\/www.pressenza.com\/it\/2017\/11\/glifosato-ancora-per-5-anni-ecco-il-tedesco-voltagabbana\/#primaryimage\"},\"image\":{\"@id\":\"https:\/\/www.pressenza.com\/it\/2017\/11\/glifosato-ancora-per-5-anni-ecco-il-tedesco-voltagabbana\/#primaryimage\"},\"thumbnailUrl\":\"https:\/\/www.pressenza.com\/wp-content\/uploads\/2017\/11\/quod-erat-demonstrandum.net_.jpg\",\"datePublished\":\"2017-11-28T21:53:17+00:00\",\"dateModified\":\"2017-11-28T23:27:09+00:00\",\"description\":\"Gli Europei saranno avvelenati dal Glifosato ancora per cinque anni grazie al voltafaccia di Christian Schmidt, ministro dell'agricoltura nel governo\",\"breadcrumb\":{\"@id\":\"https:\/\/www.pressenza.com\/it\/2017\/11\/glifosato-ancora-per-5-anni-ecco-il-tedesco-voltagabbana\/#breadcrumb\"},\"inLanguage\":\"it-IT\",\"potentialAction\":[{\"@type\":\"ReadAction\",\"target\":[\"https:\/\/www.pressenza.com\/it\/2017\/11\/glifosato-ancora-per-5-anni-ecco-il-tedesco-voltagabbana\/\"]}]},{\"@type\":\"ImageObject\",\"inLanguage\":\"it-IT\",\"@id\":\"https:\/\/www.pressenza.com\/it\/2017\/11\/glifosato-ancora-per-5-anni-ecco-il-tedesco-voltagabbana\/#primaryimage\",\"url\":\"https:\/\/www.pressenza.com\/wp-content\/uploads\/2017\/11\/quod-erat-demonstrandum.net_.jpg\",\"contentUrl\":\"https:\/\/www.pressenza.com\/wp-content\/uploads\/2017\/11\/quod-erat-demonstrandum.net_.jpg\",\"width\":600,\"height\":800},{\"@type\":\"BreadcrumbList\",\"@id\":\"https:\/\/www.pressenza.com\/it\/2017\/11\/glifosato-ancora-per-5-anni-ecco-il-tedesco-voltagabbana\/#breadcrumb\",\"itemListElement\":[{\"@type\":\"ListItem\",\"position\":1,\"name\":\"Accueil\",\"item\":\"https:\/\/www.pressenza.com\/it\/\"},{\"@type\":\"ListItem\",\"position\":2,\"name\":\"Glifosato ancora per 5 anni: ecco il tedesco voltagabbana!\"}]},{\"@type\":\"WebSite\",\"@id\":\"https:\/\/www.pressenza.com\/it\/#website\",\"url\":\"https:\/\/www.pressenza.com\/it\/\",\"name\":\"Pressenza\",\"description\":\"Agenzia di Stampa Internazionale\",\"publisher\":{\"@id\":\"https:\/\/www.pressenza.com\/it\/#organization\"},\"potentialAction\":[{\"@type\":\"SearchAction\",\"target\":{\"@type\":\"EntryPoint\",\"urlTemplate\":\"https:\/\/www.pressenza.com\/it\/?s={search_term_string}\"},\"query-input\":{\"@type\":\"PropertyValueSpecification\",\"valueRequired\":true,\"valueName\":\"search_term_string\"}}],\"inLanguage\":\"it-IT\"},{\"@type\":\"Organization\",\"@id\":\"https:\/\/www.pressenza.com\/it\/#organization\",\"name\":\"Pressenza\",\"url\":\"https:\/\/www.pressenza.com\/it\/\",\"logo\":{\"@type\":\"ImageObject\",\"inLanguage\":\"it-IT\",\"@id\":\"https:\/\/www.pressenza.com\/it\/#\/schema\/logo\/image\/\",\"url\":\"https:\/\/www.pressenza.com\/wp-content\/uploads\/2022\/10\/pressenza_logo_200x200.jpg\",\"contentUrl\":\"https:\/\/www.pressenza.com\/wp-content\/uploads\/2022\/10\/pressenza_logo_200x200.jpg\",\"width\":200,\"height\":200,\"caption\":\"Pressenza\"},\"image\":{\"@id\":\"https:\/\/www.pressenza.com\/it\/#\/schema\/logo\/image\/\"},\"sameAs\":[\"https:\/\/www.facebook.com\/PressenzaItalia\",\"https:\/\/x.com\/PressenzaIPA\"]},{\"@type\":\"Person\",\"@id\":\"https:\/\/www.pressenza.com\/it\/#\/schema\/person\/0fc92e8348796c95b261f25f4a3e6fc2\",\"name\":\"Evelyn Rottengatter\",\"description\":\"Born in 1971 and raised near Munich, Bavaria, she has a degree in languages (English, French, Italian) and went on to work in the media (cinema, television, print). Teaches languages to children and writes and translates for Pressenza.\",\"url\":\"https:\/\/www.pressenza.com\/it\/author\/evelyn-rottengatter\/\"}]}<\/script>\n<!-- \/ Yoast SEO plugin. -->","yoast_head_json":{"title":"Glifosato ancora per 5 anni: ecco il tedesco voltagabbana!","description":"Gli Europei saranno avvelenati dal Glifosato ancora per cinque anni grazie al voltafaccia di Christian Schmidt, ministro dell'agricoltura nel governo","robots":{"index":"index","follow":"follow","max-snippet":"max-snippet:-1","max-image-preview":"max-image-preview:large","max-video-preview":"max-video-preview:-1"},"canonical":"https:\/\/www.pressenza.com\/it\/2017\/11\/glifosato-ancora-per-5-anni-ecco-il-tedesco-voltagabbana\/","og_locale":"it_IT","og_type":"article","og_title":"Glifosato ancora per 5 anni: ecco il tedesco voltagabbana!","og_description":"Gli Europei saranno avvelenati dal Glifosato ancora per cinque anni grazie al voltafaccia di Christian Schmidt, ministro dell'agricoltura nel governo","og_url":"https:\/\/www.pressenza.com\/it\/2017\/11\/glifosato-ancora-per-5-anni-ecco-il-tedesco-voltagabbana\/","og_site_name":"Pressenza","article_publisher":"https:\/\/www.facebook.com\/PressenzaItalia","article_published_time":"2017-11-28T21:53:17+00:00","article_modified_time":"2017-11-28T23:27:09+00:00","og_image":[{"width":600,"height":800,"url":"https:\/\/www.pressenza.com\/wp-content\/uploads\/2017\/11\/quod-erat-demonstrandum.net_.jpg","type":"image\/jpeg"}],"author":"Evelyn Rottengatter","twitter_card":"summary_large_image","twitter_creator":"@PressenzaIPA","twitter_site":"@PressenzaIPA","twitter_misc":{"Scritto da":"Evelyn Rottengatter","Tempo di lettura stimato":"3 minuti"},"schema":{"@context":"https:\/\/schema.org","@graph":[{"@type":"Article","@id":"https:\/\/www.pressenza.com\/it\/2017\/11\/glifosato-ancora-per-5-anni-ecco-il-tedesco-voltagabbana\/#article","isPartOf":{"@id":"https:\/\/www.pressenza.com\/it\/2017\/11\/glifosato-ancora-per-5-anni-ecco-il-tedesco-voltagabbana\/"},"author":{"name":"Evelyn Rottengatter","@id":"https:\/\/www.pressenza.com\/it\/#\/schema\/person\/0fc92e8348796c95b261f25f4a3e6fc2"},"headline":"Glifosato ancora per 5 anni: ecco il tedesco voltagabbana!","datePublished":"2017-11-28T21:53:17+00:00","dateModified":"2017-11-28T23:27:09+00:00","mainEntityOfPage":{"@id":"https:\/\/www.pressenza.com\/it\/2017\/11\/glifosato-ancora-per-5-anni-ecco-il-tedesco-voltagabbana\/"},"wordCount":565,"publisher":{"@id":"https:\/\/www.pressenza.com\/it\/#organization"},"image":{"@id":"https:\/\/www.pressenza.com\/it\/2017\/11\/glifosato-ancora-per-5-anni-ecco-il-tedesco-voltagabbana\/#primaryimage"},"thumbnailUrl":"https:\/\/www.pressenza.com\/wp-content\/uploads\/2017\/11\/quod-erat-demonstrandum.net_.jpg","keywords":["Bayer","Christian Schmidt","glifosato","Monsanto","Unione Europea"],"articleSection":["Comunicati Stampa","contenuti originali","Ecologia ed Ambiente","Europa","Politica","Salute"],"inLanguage":"it-IT"},{"@type":"WebPage","@id":"https:\/\/www.pressenza.com\/it\/2017\/11\/glifosato-ancora-per-5-anni-ecco-il-tedesco-voltagabbana\/","url":"https:\/\/www.pressenza.com\/it\/2017\/11\/glifosato-ancora-per-5-anni-ecco-il-tedesco-voltagabbana\/","name":"Glifosato ancora per 5 anni: ecco il tedesco voltagabbana!","isPartOf":{"@id":"https:\/\/www.pressenza.com\/it\/#website"},"primaryImageOfPage":{"@id":"https:\/\/www.pressenza.com\/it\/2017\/11\/glifosato-ancora-per-5-anni-ecco-il-tedesco-voltagabbana\/#primaryimage"},"image":{"@id":"https:\/\/www.pressenza.com\/it\/2017\/11\/glifosato-ancora-per-5-anni-ecco-il-tedesco-voltagabbana\/#primaryimage"},"thumbnailUrl":"https:\/\/www.pressenza.com\/wp-content\/uploads\/2017\/11\/quod-erat-demonstrandum.net_.jpg","datePublished":"2017-11-28T21:53:17+00:00","dateModified":"2017-11-28T23:27:09+00:00","description":"Gli Europei saranno avvelenati dal Glifosato ancora per cinque anni grazie al voltafaccia di Christian Schmidt, ministro dell'agricoltura nel governo","breadcrumb":{"@id":"https:\/\/www.pressenza.com\/it\/2017\/11\/glifosato-ancora-per-5-anni-ecco-il-tedesco-voltagabbana\/#breadcrumb"},"inLanguage":"it-IT","potentialAction":[{"@type":"ReadAction","target":["https:\/\/www.pressenza.com\/it\/2017\/11\/glifosato-ancora-per-5-anni-ecco-il-tedesco-voltagabbana\/"]}]},{"@type":"ImageObject","inLanguage":"it-IT","@id":"https:\/\/www.pressenza.com\/it\/2017\/11\/glifosato-ancora-per-5-anni-ecco-il-tedesco-voltagabbana\/#primaryimage","url":"https:\/\/www.pressenza.com\/wp-content\/uploads\/2017\/11\/quod-erat-demonstrandum.net_.jpg","contentUrl":"https:\/\/www.pressenza.com\/wp-content\/uploads\/2017\/11\/quod-erat-demonstrandum.net_.jpg","width":600,"height":800},{"@type":"BreadcrumbList","@id":"https:\/\/www.pressenza.com\/it\/2017\/11\/glifosato-ancora-per-5-anni-ecco-il-tedesco-voltagabbana\/#breadcrumb","itemListElement":[{"@type":"ListItem","position":1,"name":"Accueil","item":"https:\/\/www.pressenza.com\/it\/"},{"@type":"ListItem","position":2,"name":"Glifosato ancora per 5 anni: ecco il tedesco voltagabbana!"}]},{"@type":"WebSite","@id":"https:\/\/www.pressenza.com\/it\/#website","url":"https:\/\/www.pressenza.com\/it\/","name":"Pressenza","description":"Agenzia di Stampa Internazionale","publisher":{"@id":"https:\/\/www.pressenza.com\/it\/#organization"},"potentialAction":[{"@type":"SearchAction","target":{"@type":"EntryPoint","urlTemplate":"https:\/\/www.pressenza.com\/it\/?s={search_term_string}"},"query-input":{"@type":"PropertyValueSpecification","valueRequired":true,"valueName":"search_term_string"}}],"inLanguage":"it-IT"},{"@type":"Organization","@id":"https:\/\/www.pressenza.com\/it\/#organization","name":"Pressenza","url":"https:\/\/www.pressenza.com\/it\/","logo":{"@type":"ImageObject","inLanguage":"it-IT","@id":"https:\/\/www.pressenza.com\/it\/#\/schema\/logo\/image\/","url":"https:\/\/www.pressenza.com\/wp-content\/uploads\/2022\/10\/pressenza_logo_200x200.jpg","contentUrl":"https:\/\/www.pressenza.com\/wp-content\/uploads\/2022\/10\/pressenza_logo_200x200.jpg","width":200,"height":200,"caption":"Pressenza"},"image":{"@id":"https:\/\/www.pressenza.com\/it\/#\/schema\/logo\/image\/"},"sameAs":["https:\/\/www.facebook.com\/PressenzaItalia","https:\/\/x.com\/PressenzaIPA"]},{"@type":"Person","@id":"https:\/\/www.pressenza.com\/it\/#\/schema\/person\/0fc92e8348796c95b261f25f4a3e6fc2","name":"Evelyn Rottengatter","description":"Born in 1971 and raised near Munich, Bavaria, she has a degree in languages (English, French, Italian) and went on to work in the media (cinema, television, print). Teaches languages to children and writes and translates for Pressenza.","url":"https:\/\/www.pressenza.com\/it\/author\/evelyn-rottengatter\/"}]}},"place":"","original_article_url":"","_links":{"self":[{"href":"https:\/\/www.pressenza.com\/it\/wp-json\/wp\/v2\/posts\/563753","targetHints":{"allow":["GET"]}}],"collection":[{"href":"https:\/\/www.pressenza.com\/it\/wp-json\/wp\/v2\/posts"}],"about":[{"href":"https:\/\/www.pressenza.com\/it\/wp-json\/wp\/v2\/types\/post"}],"author":[{"embeddable":true,"href":"https:\/\/www.pressenza.com\/it\/wp-json\/wp\/v2\/users\/1169"}],"replies":[{"embeddable":true,"href":"https:\/\/www.pressenza.com\/it\/wp-json\/wp\/v2\/comments?post=563753"}],"version-history":[{"count":0,"href":"https:\/\/www.pressenza.com\/it\/wp-json\/wp\/v2\/posts\/563753\/revisions"}],"wp:featuredmedia":[{"embeddable":true,"href":"https:\/\/www.pressenza.com\/it\/wp-json\/wp\/v2\/media\/563316"}],"wp:attachment":[{"href":"https:\/\/www.pressenza.com\/it\/wp-json\/wp\/v2\/media?parent=563753"}],"wp:term":[{"taxonomy":"category","embeddable":true,"href":"https:\/\/www.pressenza.com\/it\/wp-json\/wp\/v2\/categories?post=563753"},{"taxonomy":"post_tag","embeddable":true,"href":"https:\/\/www.pressenza.com\/it\/wp-json\/wp\/v2\/tags?post=563753"}],"curies":[{"name":"wp","href":"https:\/\/api.w.org\/{rel}","templated":true}]}}