{"id":563426,"date":"2017-11-28T11:09:55","date_gmt":"2017-11-28T11:09:55","guid":{"rendered":"https:\/\/www.pressenza.com\/?p=563426\/"},"modified":"2018-05-24T10:34:09","modified_gmt":"2018-05-24T09:34:09","slug":"trae-profitto-dalla-gestione-dei-flussi-migratori","status":"publish","type":"post","link":"https:\/\/www.pressenza.com\/it\/2017\/11\/trae-profitto-dalla-gestione-dei-flussi-migratori\/","title":{"rendered":"Chi trae profitto dalla gestione dei flussi migratori?"},"content":{"rendered":"<p>Di J\u00e9r\u00f4me Duval, Ludivine Faniel, Benoit Coumontont<\/p>\n<p>Le migrazioni appartengono alla storia dell&#8217;umanit\u00e0, ma i confini non sono mai stati cos\u00ec chiusi come oggi. Le convenzioni derivanti dalle attuali politiche migratorie hanno diviso i migranti in diverse categorie (politiche, economiche, climatiche&#8230;) a seconda della presunta legittimit\u00e0 o meno del diritto di asilo o di soggiorno in un territorio straniero. Quella del &#8220;migrante economico&#8221;, che si sposta per sfuggire alla miseria causata dalle politiche di rimborso del debito, \u00e8 la categoria con minori diritti e il cui accesso ai territori esterni varia a seconda del fabbisogno di manodopera o delle politiche di chiusura delle frontiere.<\/p>\n<p>Cos\u00ec, tra i milioni di persone che fuggono dalle loro indecenti condizioni di vita, coloro che migrano per motivi economici sarebbero immigrati illegittimi? Proprio come coloro ai quali non viene concesso lo status di rifugiato politico, mettendone cos\u00ec a repentaglio la vita? Crisi migratoria o crisi di accoglienza? Questi flussi migratori legati alla congiuntura economica sono in gran parte il risultato di insostenibili politiche di austerit\u00e0 e di indebitamento imposte dalle istituzioni finanziarie internazionali e dai paesi industrializzati del Nord ai paesi poveri del Sud e dai paesi centrali &#8211; tra i quali quelli europei &#8211; ai paesi periferici. Tali politiche hanno avuto l&#8217;effetto di amplificare il fenomeno della povert\u00e0, generalizzando la precariet\u00e0 e, di conseguenza, il ricorso all&#8217;esilio. Le condizioni che favoriscono l&#8217;esodo dei poveri derivano direttamente da questioni geostrategiche legate alle risorse e quindi alla ricchezza, o sono causate dall&#8217;emorragia del capitale per onorare un debito spesso inficiato dall&#8217;illegittimit\u00e0.<\/p>\n<p>Vessati dalla guerra o dalla miseria, i candidati all&#8217;esilio si trovano su strade sempre pi\u00f9 pericolose a causa delle politiche di gestione dell&#8217;immigrazione clandestina. Oltre ad essere estremamente costose per le persone che ne sopportano i costi, queste politiche criminalizzano i migranti e li costringono ad utilizzare vie sempre pi\u00f9 pericolose, come l&#8217;attraversamento in mare su fragili imbarcazioni e il doversi confrontare con la mafia dei trafficanti. Sono politiche criminali, costose e inefficaci. I muri non hanno mai risolto i conflitti e avvantaggiano solo le aziende che li progettano, li costruiscono e li controllano.<\/p>\n<p>Lungi dall&#8217;adottare una politica di accoglienza dei rifugiati conforme al diritto internazionale, come stabilito dalla Convenzione di Ginevra, gli Stati adottano politiche di sicurezza che violano il diritto fondamentale alla libera circolazione sancito dall&#8217;articolo 13 della Dichiarazione universale dei diritti umani. Mentre i nuovi trattati di libero scambio continuano a sostenere la libera circolazione di merci e capitali, i candidati all&#8217;esilio si trovano di fronte a &#8220;agenzie di sicurezza&#8221; fortemente armate, equipaggiate dai grandi industriali e che violano il diritto dei diseredati di spostarsi. Il fondo del Mediterraneo si trasforma in una vera e propria fossa comune, le frontiere sono chiuse e in tutto il mondo si eriggono muri. Una volta attraversata la frontiera, se non vengono deportati nel loro paese d&#8217;origine i migranti si annassano in campi disumani o sono rinchiusi in centri di detenzione a loro dedicati, come i 260 centri che si contavano nell&#8217;UE nel 2015 |4|. Solo una piccola parte di essi, dopo un noioso iter burocratico, riesce a ottenere un diritto d&#8217;asilo parsimoniosamente distribuito.<\/p>\n<p>In che misura le politiche migratorie europee sono dettate dalle attivit\u00e0 di lobbismo delle industrie private delle armi e della sicurezza? Con le attuali politiche di sicurezza, i migranti non sono pi\u00f9 visti come individui ma come numeri che riempiono quote arbitrariamente stabilite per onorare curve statistiche irrazionali tese a soddisfare le quotazioni in Borsa molto pi\u00f9 del benessere collettivo e dei valori di condivisione e solidariet\u00e0.<\/p>\n<p>Che importa se le condizioni di lavoro dei lavoratori e quelle di accoglienza dei migranti violano i loro diritti e la dignit\u00e0 umana, sempre pi\u00f9 imprese private nazionali o multinazionali traggono vantaggio da un&#8217;attivit\u00e0 in crescita a spese della giustizia sociale e dei bilanci dei nostri Stati.<\/p>\n<p><b>Frontex, un&#8217;agenzia europea costosa, potente, opaca e al di fuori da controlli democratici<\/b><\/p>\n<p>L&#8217;Europa ha creato lo spazio Schengen nel 1985, comunitarizzandolo con il trattato di Amsterdam nel 1997. L&#8217;obiettivo dichiarato era quello di creare uno spazio di &#8220;libert\u00e0, sicurezza e giustizia&#8221; all&#8217;interno dell&#8217;Unione europea. In pratica, la libera circolazione all&#8217;interno dell&#8217;Europa ha registrato progressi a due velocit\u00e0, a seconda dei paesi, e ha riguardato principalmente le merci. Di volta in volta, l&#8217;UE si \u00e8 coordinata per controllare le frontiere esterne, cercando di attuare una politica comune e di &#8220;sostegno&#8221; per i paesi con una frontiera esterna che favorisce l&#8217;ingresso di migranti, come la Grecia, la Spagna e l&#8217;Italia. Dal 2005 l&#8217;Unione europea dispone di un dispositivo militare, l&#8217;Agenzia Frontex, per la gestione della cooperazione alle frontiere esterne degli Stati membri dell&#8217;Unione europea. Questa agenzia \u00e8 la pi\u00f9 finanziata tra le agenzie dell&#8217;UE, in un momento in cui vengono imposte restrizioni di bilancio in tutti i settori.<\/p>\n<p>L&#8217;agenzia dispone di aerei, elicotteri, navi, unit\u00e0 radar, rilevatori mobili a visione notturna, strumenti aerei, rilevatori di battiti cardiaci&#8230; Frontex organizza voli di deportazione, operazioni congiunte alle frontiere terrestri, marittime e aeree, formazione per le guardie di frontiera, condivisione delle informazioni e sistemi d&#8217;informazione, in particolare attraverso il sistema EUROSUR, il cui obiettivo \u00e8 la condivisione di tutti i sistemi di sorveglianza e rilevazione tra i paesi membri dell&#8217;UE. Il suo bilancio annuale non fa che incrementarsi: dai 19 milioni di euro del 2006 \u00e8 passato ai 238,7 milioni del 2016! Le risorse militari ad essa assegnate e la sua autonomia dagli Stati membri continuano a crescere.<\/p>\n<p><b>Evoluzione del bilancio di Frontex:<\/b><\/p>\n<p><img loading=\"lazy\" decoding=\"async\" src=\"http:\/\/www.cadtm.org\/local\/cache-vignettes\/L620xH437\/Frontex_graph-09cd9.jpg\" width=\"620\" height=\"437\" name=\"immagini1\" align=\"BOTTOM\" border=\"0\" vspace=\"7\" \/><\/p>\n<p>Dalla fine del 2015, la tendenza della Commissione europea all&#8217;ingerenza negli Stati membri si \u00e8 intensificata: la Commissione europea amplia il mandato di Frontex, che diventa il <em>&#8220;Corpo europeo delle guardie di frontiera e della guardia costiera&#8221;<\/em>. Questa nuova agenzia pu\u00f2 ora agire nel processo di acquisizione di attrezzature degli Stati membri. In particolare, ha la possibilit\u00e0 di intervenire direttamente in uno Stato membro, senza il suo consenso, su semplice decisione della Commissione europea. Ad esempio, ha la possibilit\u00e0 di effettuare &#8220;operazioni di rimpatrio congiunto&#8221; di propria iniziativa |6|. L&#8217;obiettivo \u00e8 subappaltare all&#8217;agenzia il rimpatrio forzato di persone indesiderabili, a costi inferiori ma a scapito del rispetto dei diritti umani.<\/p>\n<p>Migreurop e Statewatch, due ONG che difendono i diritti dei migranti, hanno denunciato una zona sfocata attorno all&#8217;agenzia Frontex che non consente di far rispettare i diritti umani fondamentali: una responsabilit\u00e0 diluita tra l&#8217;agenzia e gli Stati, una violazione del diritto d&#8217;asilo e un rischio di trattamento disumano e degradante. La priorit\u00e0 del salvataggio in mare, normalmente riconosciuta a Frontex, \u00e8 subordinata al controllo militare. Nel novembre 2014, l&#8217;Italia mette drammaticamente in luce questa situazione ponendo fine a Mare Nostrum, operazione di salvataggio navale italiana che ha salvato decine di migliaia di vite in mare. L&#8217;operazione Triton istituita da Frontex l&#8217;ha sostituita con un bilancio tre volte inferiore, con una copertura geografica pi\u00f9 limitata e, soprattutto, con un cambiamento di prospettiva, focalizzata sul rafforzamento delle frontiere piuttosto che sulle missioni di ricerca e salvataggio in mare. |7|.<\/p>\n<p>Pi\u00f9 Frontex \u00e8 sovvenzionata, pi\u00f9 delega a societ\u00e0 private. Con il denaro pubblico raccolto, l&#8217;agenzia si rivolge ad aziende private non solo per la sorveglianza aerea ma anche per tecnologie all&#8217;avanguardia (droni, attrezzature per la visione notturna&#8230;). Molte multinazionali si ritrovano a svolgere quei &#8220;servizi&#8221; precedentemente assunti dai governi e, per ragioni di redditivit\u00e0 proprie del settore privato, i costi aumentano. Il controllo delle frontiere \u00e8 diventato un&#8217;attivit\u00e0 fiorente.<\/p>\n<p><b>Il complesso militare-industriale dell&#8217;immigrazione clandestina: un business fiorente che grava sulle casse dello Stato<\/b><\/p>\n<p>L&#8217;accresciuta pericolosit\u00e0 delle rotte va a vantaggio di quei trafficanti e di quelle reti criminali ai quali i migranti sono costretti a ricorrere e che le stesse politiche di gestione dei flussi migratori sostengono di voler combattere. Ma altri settori di attivit\u00e0, meno evidenziati, traggono dall&#8217;immigrazione clandestina un vantaggio finanziario molto maggiore, tanto importante che ci si chiede se non stiano facendo tutto il possibile per incoraggiarla! I gestori dei centri di detenzione dei migranti, le imprese che forniscono pasti, quelle che si occupano della sicurezza o della pulizia, o che forniscono guardie e scorte a quanti sono espulsi, i fabbricanti di armi e l&#8217;industria aeronautica, la tecnologia di punta per il controllo delle frontiere o i subappaltatori che rilasciano i visti: per tutti questi soggetti la crisi dei migranti rappresenta una vera e propria manna se non un filone d&#8217;oro.<\/p>\n<p>Questa parte non trascurabile di servizi, in precedenza di competenza esclusiva dello Stato, \u00e8 ora gestita da grandi gruppi privati che, soprattutto per motivi di immagine, si nascondono dietro una moltitudine di subappaltatori. Questa privatizzazione dilagante grava ancora di pi\u00f9 sulle casse pubbliche, favorisce l&#8217;opacit\u00e0 e diluisce le responsabilit\u00e0 in caso di incidenti durante gli interventi, mettendo gli Stati al riparo dalle violazioni della legge, pur frequenti |8|.<\/p>\n<p><b>Strumentalizzazione dell&#8217;aiuto pubblico allo sviluppo<\/b><\/p>\n<p>L&#8217;Unione europea utilizza i fondi dell&#8217;aiuto pubblico allo sviluppo (APS) per controllare i flussi migratori, come ad esempio il Centro per l&#8217;informazione e la gestione delle migrazioni (CIGEM) inaugurato nell&#8217;ottobre 2008 a Bamako, in Mali.|4|. Il 10\u00b0 Fondo europeo di sviluppo (FES) finanzia la formazione della polizia di frontiera in Mauritania. Per conseguire quegli obiettivi che si sono essi stessi assegnati (destinare lo 0,7% del reddito nazionale lordo all&#8217;APS), alcuni Stati membri dell&#8217;UE contabilizzano in APS spese che di tutta evidenza non sono APS. Nonostante la loro reticenza nell&#8217;armonizzare le proprie politiche migratorie interne, gli Stati membri riescono a coordinarsi per la loro gestione esterna.<\/p>\n<p><b>&#8220;Crisi migratoria&#8221; o &#8220;crisi di accoglienza&#8221;? L&#8217;Europa esternalizza i propri\u00a0<\/b><b>confini<\/b><\/p>\n<p>Al crocevia tra Europa e Asia, Turchia e Grecia sono paesi di transito per i molti migranti e rifugiati coinvolti in conflitti cronici e instabilit\u00e0 politica ed economica nel Medio Oriente. Dopo aver aperto le proprie frontiere nel 2015, in un contesto di crisi l&#8217;UE fa marcia indietro, sprovvista com&#8217;\u00e8 di una riflessione a lungo termine sulla propria politica di accoglienza.<\/p>\n<p>Cos\u00ec, senza una grande opposizione da parte del governo Tsipras, l&#8217;UE firma con il governo turco un accordo teso a controllare e filtrare l&#8217;immigrazione. L&#8217;accordo, entrato in vigore il 20 marzo 2016, prevede l&#8217;invio in Turchia di ogni nuovo migrante, compresi i rifugiati siriani, arrivato in Grecia. E per ogni siriano rinviato, l&#8217;UE trasferir\u00e0 in Europa un altro siriano residente in territorio turco. Si potrebbe pensare ad un semplice accordo contabile, ma non \u00e8 cos\u00ec. La relazione \u00e8 chiaramente squilibrata. L&#8217;UE ha fissato una quota massima di 72.000 siriani delocalizzati, mentre pi\u00f9 di un milione sono stati respinti dal territorio europeo. Attraverso questi scambi disumanizzati, l&#8217;UE si concede la libert\u00e0 di scegliere gli immigrati in funzione dei propri interessi economici. In cambio, l&#8217;UE promette 6 miliardi di euro alla Turchia, afferma di voler rilanciare i negoziati per l&#8217;adesione della Turchia all&#8217;Unione e velocizza il processo di liberalizzazione dei visti per i cittadini turchi. Ankara si \u00e8 inoltre impegnata ad arrestare il flusso di migranti verso l&#8217;Europa. Di conseguenza, il denaro donato viene utilizzato molto pi\u00f9 per erigere muri che per accogliere. Ed ecco che gi\u00e0 cemento, filo spinato e militari si installano al confine turco-siriano per consolidare la fortezza Europa.<\/p>\n<p>Altri accordi dello stesso tenore erano stati in precedenza conclusi, ma nessuno di essi aveva raggiunto tali importi, n\u00e9 prevedeva tali poste in gioco. Il fatto poi che sia concluso direttamente dall&#8217;UE segna l&#8217;inizio di una nuova era. L&#8217;istituzione eurocrate sta ora negoziando in nome e a monte dei suoi Stati membri, sostituendosi alle politiche nazionali in materia di affari esteri.<\/p>\n<p>Con questo accordo, l&#8217;Unione europea si vanta di rispettare il diritto internazionale. Ma sia la Dichiarazione universale dei diritti umani che la Convenzione di Ginevra sui rifugiati stabiliscono che un&#8217;espulsione pu\u00f2 avvenire solo verso un paese considerato sicuro. Alla firma dell&#8217;accordo, tuttavia, la Turchia non pu\u00f2 essere considerata un luogo sicuro e accogliente per i migranti. Infatti, il Presidente Erdogan ha avviato un&#8217;epurazione senza precedenti e si dimostra ancora pi\u00f9 repressivo nei confronti degli oppositori politici, rendendosi conto di avere di fronte un&#8217;Europa dipendente e conciliante. E non serve fustigare il governo turco. Nel cuore dell&#8217;Europa si erigono muri e riemergono politiche autoritarie e xenofobe.<\/p>\n<p><b>Privatizzazione della &#8220;gestione&#8221; della migrazione<\/b><\/p>\n<p>Tale gestione dell&#8217;immigrazione grava sulle entrate dello Stato a vantaggio, in ultima analisi, di imprese private e dei loro azionisti, a scapito della fornitura dei servizi pubblici essenziali per le popolazioni interessate. L&#8217;attivit\u00e0 di lobbying da parte di queste societ\u00e0 si inscrive in una corsa al rialzo militarista a vantaggio delle grandi aziende del settore. Invece di investire in infrastrutture di accoglienza dignitose e nella gestione dei conflitti di cui sono ampiamente responsabili i paesi industrializzati, l&#8217;orientamento politico dei nostri leader \u00e8 quello di aumentare i bilanci per la sicurezza e le polizie alle frontiere.I flussi migratori non sono solo una fonte di reddito per i trafficanti ma anche, in misura molto maggiore, un succoso business per le grandi imprese che, va ricordato, fanno in modo da pagare meno tasse sui propri profitti e aumentare i dividendi dei propri azionisti. Il mercato della sicurezza delle frontiere, stimato a circa 15 miliardi di euro nel 2015, \u00e8 in rapida crescita e dovrebbe superare i 29 miliardi di euro l&#8217;anno entro il 2022 |9|.<\/p>\n<p>In un contesto di crisi migratoria acuta, di controlli esacerbati, di detenzioni e deportazioni in forte aumento, una moltitudine di aziende private si sono trovate una nicchia lucrativa per ammassare profitti.<\/p>\n<p>In concreto, un numero sempre maggiore di imprese private beneficia dell&#8217;esternalizzazione del rilascio dei visti (un mercato dominato, tra l&#8217;altro, dalle societ\u00e0 VFS e TLS Contact) e addebita alle pubbliche amministrazioni la raccolta dei dati personali, il rilevamento delle impronte digitali, le foto digitali, e cos\u00ec via. Com&#8217;era prevedibile, il ricorso ai privati ha fatto crescere il prezzo dei visti, prezzo sostenuto dai richiedenti. Ma le domande di visto o di permesso di soggiorno non sono accessibili a tutti e molti si ritrovano apolidi o privi di documenti, quindi persone non grate per la legge.<\/p>\n<p>Anche la gestione dei centri di detenzione in cui sono collocati i migranti senza documenti in attesa di espulsione \u00e8 affidata a societ\u00e0 private. Questo passaggio al settore privato rafforza il monopolio delle tre o quattro multinazionali che si suddividono il mercato globale della detenzione. Ad esempio, quasi la met\u00e0 degli 11 centri di detenzione per migranti nel Regno Unito \u00e8 gestita da gruppi privati. Queste aziende hanno tutto l&#8217;interesse ad aumentare la durata della detenzione e fanno pressione in questo senso, non senza risultati. Cos\u00ec, le societ\u00e0 di sicurezza private prosperano con l&#8217;aumentare del numero di migranti\u00a0|10| . Inoltre, l&#8217;accoglienza di emergenza \u00e8 diventata un settore lucrativo per le imprese private che ricevono fondi da alcuni stati, come l&#8217;Italia, a spese delle associazioni umanitarie che tradizionalmente si prendono cura dei rifugiati.<\/p>\n<p>In Belgio, tra il 2008 e il 2012, il bilancio destinato al rimpatrio forzato (soli costi di trasferimento, senza contare i periodi di soggiorno nei centri di circa 8.000 detenuti ogni anno) \u00e8 passato da 5,8 milioni di euro a 8,07 milioni di euro |11|.<\/p>\n<p>La societ\u00e0 francese Sodexo ha visto nella detenzione dei migranti un&#8217;opportunit\u00e0 per espandere le proprie attivit\u00e0 alle carceri. L&#8217;impero francese del cemento e dei media Bouygues viene incaricato della costruzione di centri di detenzione per migranti nell&#8217;ambito dei contratti di partenariato pubblico-privato (PPP) |12|, mentre la societ\u00e0 di pulizie Onet offre a sua volta i propri servizi. Nel Regno Unito, societ\u00e0 multinazionali di sicurezza come G4S (ex Gruppo 4 Securitor ) |13|, Serco o Geo, sono decollate a seguito del boom delle privatizzazioni. Negli Stati Uniti, CCA e GEO sono le aziende principali che progettano, costruiscono, finanziano e gestiscono strutture di detenzione negli Stati Uniti, e Sodexho Marriott \u00e8 il fornitore leader di servizi alimentari a queste strutture.<\/p>\n<p>Alcune societ\u00e0 approfittano persino di questa opportunit\u00e0 per far lavorare i prigionieri in attesa della deportazione. Ad esempio, presso il centro Yarl&#8217;s Wood gestito da Serco nel Regno Unito, il servizio mensa o la pulizia dei locali \u00e8 effettuato da detenute in cambio di una paga 23 volte inferiore allo stipendio pagato all&#8217;esterno per questo tipo di lavoro (50 pence all&#8217;ora nel 2011, ossia 58 centesimi). Il Gruppo GEO, che nel 2003 ha ottenuto la gestione del campo di Guantanamo, &#8220;offre&#8221; ai suoi occupanti nei centri Harmondsworth, vicino a Heathrow, e Dungavel in Scozia, &#8220;opportunit\u00e0 di lavoro retribuito&#8221; per servizi che vanno dalla pittura alla pulizia. Queste aziende non si sottraggono all&#8217;opportunit\u00e0 di sfruttare una forza lavoro molto economica e priva di diritti.<\/p>\n<p><b>L&#8217;immigrazione rende pi\u00f9 di quanto costi<\/b><\/p>\n<p>I pochi migranti che finalmente arrivano a destinazione cominciano a cercare lavoro e il paese ospitante trae vantaggio da una manodopera a basso costo e per la quale ha risparmiato i costi di formazione, sostenuti dal paese d&#8217; origine |15|. Tale forza lavoro, flessibile e sfruttabile a piacimento, soddisfa un&#8217;esigenza di cui le economie dei paesi industrializzati non possono fare a meno con tanta facilit\u00e0.<\/p>\n<p>Lungi dall&#8217;essere una minaccia e contrariamente ad una errata convinzione, la migrazione in generale ha un impatto positivo sulle economie dei paesi ospitanti. Da un punto di vista puramente economico, secondo l&#8217;OCSE un immigrato frutta al paese ospitante in media 3.500 euro di gettito fiscale annuo |16|. I migranti senza documenti che lavorano hanno spesso una busta paga a nome di terzi, e versano quindi contributi ad un sistema di previdenza sociale di cui non possono beneficiare.<\/p>\n<p>In ultima analisi, sorgono dubbi sui risultati attesi da tale strategia di gestione dei flussi di movimento umano. La politica anti-migratoria attuata uccide, l&#8217;Europa conta i morti ma continua ad accrescere le barricate. Eppure l&#8217;immigrazione non \u00e8 un problema, un flagello in quanto tale contro il quale dobbiamo lottare. La migrazione \u00e8 una conseguenza di conflitti, persecuzioni, disastri ambientali, ingiustizie sociali ed economiche nel mondo. E sono queste cause che devono essere affrontate se si vuole perseguire una politica migratoria veramente giusta e umana.<\/p>\n<p>CADTM Migration Group, Bruxelles, 2017.<\/p>\n<p>Hanno partecipato alla stesura di questo articolo:<\/p>\n<p>Ludivine Faniel, Beno\u00eet Coumont e J\u00e9r\u00f4me Duval di CADTM.\u00a0Gli autori ringraziano Marie-Claude Carrel e R\u00e9mi Vilain per le loro riletture ponderate, i loro consigli e correzioni, e Pierre Gottiniaux per la grafica.<\/p>\n<p>Note<\/p>\n<p>|1|Articolo 13 della Dichiarazione universale dei diritti umani: 1. Ogni individuo ha diritto alla libert\u00e0 di circolazione e di soggiorno all&#8217;interno di uno Stato. 2. Ogni individuo ha il diritto di lasciare qualsiasi paese, compreso il proprio, e di ritornare nel suo paese.<\/p>\n<p>|2| Ogni giorno muoiono in media 12 persone che cercano di raggiungere il continente europeo. &#8220;3.800 migranti sono morti nel Mediterraneo nel 2016, un numero record secondo le Nazioni Unite&#8221;, Le Monde. fr con l&#8217; AFP, 26 ottobre 2016. <a href=\"http:\/\/www.lemonde.fr\/europe\/article\/2016\/10\/26\/3-800-migrants-sont-morts-en-mediterranee-en-2016-un-chiffre-record-selon-l-onu_5020792_3214.Html\">http:\/\/www.lemonde.fr\/europe\/article\/2016\/10\/26\/3-800-migrants-sont-morts-en-mediterranee-en-2016-un-chiffre-record-selon-l-onu_5020792_3214.Html<\/a><\/p>\n<p>|3| In effetti, questi centri non servono a trattenere un flusso migratorio, ma sono vere e proprie carceri, le cui condizioni di detenzione sono spesso peggiori di quelle delle carceri ordinarie. E&#8217; quindi per scelta che qui parliamo di centro di detenzione piuttosto che del termine comunemente usato per definirlo.<\/p>\n<p>|4| Olivier Petitjean, \u00ab\u00a0La d\u00e9tention des migrants, un business en pleine expansion\u00a0\u00bb, multinationales.org, 11 gennaio 2017.\u00a0<a href=\"http:\/\/multinationales.org\/La-detention-des-migrants-un-business-en-pleine-expansion\">http:\/\/multinationales.org\/La-detention-des-migrants-un-business-en-pleine-expansion<\/a><\/p>\n<p>|5| &#8220;Nell&#8217;ambito dell&#8217; attuazione degli accordi di riammissione, Frontex pu\u00f2 organizzare voli di rimpatrio congiunti finanziati in tutto o in parte dall&#8217; Agenzia. Uno Stato membro che desideri rimpatriare pi\u00f9 migranti di una stessa nazionalit\u00e0 deve innanzitutto informare Frontex del numero di posti disponibili nell&#8217;aeromobile. Frontex si incarica di informare quindi tutti gli altri paesi membri e, se necessario, coordina il volo in modo da poter effettuare scali nei diversi paesi. Questi voli sono simili alle espulsioni collettive vietate dall&#8217;articolo 4 del protocollo 4 della Convenzione europea dei diritti umani&#8221;. Manuale per la formazione, campagna Frontexit. <a href=\"http:\/\/www.frontexit.org\/fr\/agir\/utiliser-le-kit\">http:\/\/www.frontexit.org\/fr\/agir\/utiliser-le-kit<\/a><\/p>\n<p>|6| Cfr. pagina 14 del rapporto di Mark Akkerman, Centre Del\u00e0s &#8211; Stop Wapenhandel &#8211; TNI, Guerras de frontera. Los fabricantes y vendedores de armas que se benefician de la tragedia de los refugiados en Europa, maggio 2016.<\/p>\n<p>|7| La construcci\u00f3n europea al servicio de los mercados financieros, F\u00e1tima Mart\u00edn e J\u00e9r\u00f4me Duval, Icaria Editorial 2016.<\/p>\n<p>|8| Nel 2008, il rapporto Medical Justice and the National Coalition of Anti-Deportation Campaigns di Birnberg Peirce &amp; Partners ha reso pubblico l&#8217;uso eccessivo della forza e i comportamenti razzisti durante il rimpatrio forzato dei richiedenti asilo nei loro paesi da parte degli accompagnatori privati ai quali il governo britannico delega l&#8217;attuazione delle deportazioni.<\/p>\n<p>|9| Cfr. il rapporto \u201cGuerre alle frontiere. I trafficanti di armi che guadagnano dalla crisi dei rifugiati in Europa\u201d, Transnational Institute et Stop Wapenhandel, riassunto in francese: \u00a0<a href=\"https:\/\/www.tni.org\/files\/publication-downloads\/border-wars-exec-summ-french.pdf\">https:\/\/www.tni.org\/files\/publication-downloads\/border-wars-exec-summ-french.pdf<\/a><\/p>\n<p>|10| Le societ\u00e0 di sicurezza private prosperano con l&#8217;aumento del numero di migranti &#8220;, 12 marzo 2014. <a href=\"http:\/\/www.irinnews.org\/fr\/report\/99784\/les-soci\u00e9t\u00e9s-de-s\u00e9curit\u00e9-priv\u00e9es-prosp\u00e8rent-\u00e0-mesure-que-le-nombre-de-migrants-augmente\">http:\/\/www.irinnews.org\/fr\/report\/99784\/les-soci%C3%A9t%C3%A9s-de-s%C3%A9curit%C3%A9-priv%C3%A9es-prosp%C3%A8rent-%C3%A0-mesure-que-le-nombre-de-migrants-augmente<\/a>.<\/p>\n<p>|11| Amnesty International &#8211; Belgio ,&#8221;Semira Adamu, 15 anni dopo&#8230;&#8221;, 18 novembre 2013. <a href=\"https:\/\/www.amnesty.be\/je-veux-m-informer\/notre-magazine-le-fil\/le-fil-23-novembre-decembre-2013\/article\/semira-adamu-15-ans-apres-21914?lang=en\">https:\/\/www.amnesty.be\/je-veux-m-informer\/notre-magazine-le-fil\/le-fil-23-novembre-decembre-2013\/article\/semira-adamu-15-ans-apres-21914?lang=en<\/a><\/p>\n<p>|12| Bouygues ha costruito anche il carcere di Mont-de-Marsan, inaugurato il 20 novembre 2008. Il penitenziario era piombato nel buio tre settimane dopo la sua apertura, a seguito di un&#8217;interruzione generale dell&#8217;elettricit\u00e0, che aveva portato all&#8217;evacuazione di 87 detenuti da questa prigione, consegnata in tempi record per evitare pesanti sanzioni pecuniarie in caso di ritardi dei tempi di consegna. David Dufresne,&#8221;Le juteux business des prisons&#8221;, 23 novembre 2010. <a href=\"http:\/\/owni.fr\/2010\/11\/23\/interview-le-juteux-business-des-prisons\/\">http:\/\/owni.fr\/2010\/11\/23\/interview-le-juteux-business-des-prisons\/<\/a><\/p>\n<p>13| J\u00e9r\u00f4me Duval,&#8221;G4S: quando l&#8217;azienda privata vigila sulla vostra sicurezza&#8221;, 4 aprile 2017.<\/p>\n<p>|14| Claire Rodier, Xenofobia business, a che servono i controlli migratori, La D\u00e9couverte, 2012, pagine 25-26.<\/p>\n<p>|15| Analogamente, i paesi dell&#8217;Europa centrale, come per esempio la Germania, stanno beneficiando dell&#8217;ingresso nel mercato del lavoro di migliaia di studenti qualificati in fuga dalle crisi nei paesi della periferia europea, senza aver investito nella loro formazione. Lo stesso vale per i lavoratori dei paesi in via di sviluppo.<\/p>\n<p>|16| CNCD 2017, Assises Citoyennes des Migrations: Vers la Justice migratoire.\u00a0<a href=\"http:\/\/www.cncd.be\/IMG\/pdf\/appeljusticemigratoireassisesfinal.pdf\">http:\/\/www.cncd.be\/IMG\/pdf\/appeljusticemigratoireassisesfinal.pdf<\/a><\/p>\n<p><span style=\"font-family: Arial, sans-serif;\">Traduzione dal francese di <a href=\"http:\/\/it.linkedin.com\/pub\/giuseppina-vecchia\/2b\/942\/802\/en\">Giuseppina Vecchia<\/a> per Pressenza<\/span><\/p>\n","protected":false},"excerpt":{"rendered":"<p>Di J\u00e9r\u00f4me Duval, Ludivine Faniel, Benoit Coumontont Le migrazioni appartengono alla storia dell&#8217;umanit\u00e0, ma i confini non sono mai stati cos\u00ec chiusi come oggi. Le convenzioni derivanti dalle attuali politiche migratorie hanno diviso i migranti in diverse categorie (politiche, economiche,&hellip;<\/p>\n","protected":false},"author":848,"featured_media":560615,"comment_status":"closed","ping_status":"closed","sticky":false,"template":"","format":"standard","meta":{"footnotes":""},"categories":[45,60,47,38],"tags":[16570,12696,42050,14847],"class_list":["post-563426","post","type-post","status-publish","format-standard","has-post-thumbnail","hentry","category-africa-it","category-diritti-umani","category-europa","category-internazionale","tag-flussi-migratori","tag-frontex-it","tag-gestione-delle-migrazioni","tag-politiche-migratorie"],"yoast_head":"<!-- This site is optimized with the Yoast SEO plugin v27.1.1 - https:\/\/yoast.com\/product\/yoast-seo-wordpress\/ -->\n<title>Chi trae profitto dalla gestione dei flussi migratori?<\/title>\n<meta name=\"description\" content=\"Di J\u00e9r\u00f4me Duval, Ludivine Faniel, Benoit Coumontont Le migrazioni appartengono alla storia dell&#039;umanit\u00e0, ma i confini non sono mai stati cos\u00ec chiusi come\" \/>\n<meta name=\"robots\" content=\"index, follow, max-snippet:-1, max-image-preview:large, max-video-preview:-1\" \/>\n<link rel=\"canonical\" href=\"https:\/\/www.pressenza.com\/it\/2017\/11\/trae-profitto-dalla-gestione-dei-flussi-migratori\/\" \/>\n<meta property=\"og:locale\" content=\"it_IT\" \/>\n<meta property=\"og:type\" content=\"article\" \/>\n<meta property=\"og:title\" content=\"Chi trae profitto dalla gestione dei flussi migratori?\" \/>\n<meta property=\"og:description\" content=\"Di J\u00e9r\u00f4me Duval, Ludivine Faniel, Benoit Coumontont Le migrazioni appartengono alla storia dell&#039;umanit\u00e0, ma i confini non sono mai stati cos\u00ec chiusi come\" \/>\n<meta property=\"og:url\" content=\"https:\/\/www.pressenza.com\/it\/2017\/11\/trae-profitto-dalla-gestione-dei-flussi-migratori\/\" \/>\n<meta property=\"og:site_name\" content=\"Pressenza\" \/>\n<meta property=\"article:publisher\" content=\"https:\/\/www.facebook.com\/PressenzaItalia\" \/>\n<meta property=\"article:author\" content=\"https:\/\/www.facebook.com\/CADTMNETWORK\/\" \/>\n<meta property=\"article:published_time\" content=\"2017-11-28T11:09:55+00:00\" \/>\n<meta property=\"article:modified_time\" content=\"2018-05-24T09:34:09+00:00\" \/>\n<meta property=\"og:image\" content=\"https:\/\/www.pressenza.com\/wp-content\/uploads\/2017\/11\/---qui-profite-la-gestion-des-migrations.jpg\" \/>\n\t<meta property=\"og:image:width\" content=\"750\" \/>\n\t<meta property=\"og:image:height\" content=\"499\" \/>\n\t<meta property=\"og:image:type\" content=\"image\/jpeg\" \/>\n<meta name=\"author\" content=\"Comit\u00e9 pour l\u2019abolition des dettes ill\u00e9gitimes (CADTM)\" \/>\n<meta name=\"twitter:card\" content=\"summary_large_image\" \/>\n<meta name=\"twitter:creator\" content=\"@CADTM_int\" \/>\n<meta name=\"twitter:site\" content=\"@PressenzaIPA\" \/>\n<meta name=\"twitter:label1\" content=\"Scritto da\" \/>\n\t<meta name=\"twitter:data1\" content=\"Comit\u00e9 pour l\u2019abolition des dettes ill\u00e9gitimes (CADTM)\" \/>\n\t<meta name=\"twitter:label2\" content=\"Tempo di lettura stimato\" \/>\n\t<meta name=\"twitter:data2\" content=\"18 minuti\" \/>\n<script type=\"application\/ld+json\" class=\"yoast-schema-graph\">{\"@context\":\"https:\/\/schema.org\",\"@graph\":[{\"@type\":\"Article\",\"@id\":\"https:\/\/www.pressenza.com\/it\/2017\/11\/trae-profitto-dalla-gestione-dei-flussi-migratori\/#article\",\"isPartOf\":{\"@id\":\"https:\/\/www.pressenza.com\/it\/2017\/11\/trae-profitto-dalla-gestione-dei-flussi-migratori\/\"},\"author\":{\"name\":\"Comit\u00e9 pour l\u2019abolition des dettes ill\u00e9gitimes (CADTM)\",\"@id\":\"https:\/\/www.pressenza.com\/it\/#\/schema\/person\/1f570f1450b3d76e0dd919130d5851af\"},\"headline\":\"Chi trae profitto dalla gestione dei flussi migratori?\",\"datePublished\":\"2017-11-28T11:09:55+00:00\",\"dateModified\":\"2018-05-24T09:34:09+00:00\",\"mainEntityOfPage\":{\"@id\":\"https:\/\/www.pressenza.com\/it\/2017\/11\/trae-profitto-dalla-gestione-dei-flussi-migratori\/\"},\"wordCount\":3674,\"publisher\":{\"@id\":\"https:\/\/www.pressenza.com\/it\/#organization\"},\"image\":{\"@id\":\"https:\/\/www.pressenza.com\/it\/2017\/11\/trae-profitto-dalla-gestione-dei-flussi-migratori\/#primaryimage\"},\"thumbnailUrl\":\"https:\/\/www.pressenza.com\/wp-content\/uploads\/2017\/11\/---qui-profite-la-gestion-des-migrations.jpg\",\"keywords\":[\"flussi migratori\",\"Frontex\",\"gestione delle migrazioni\",\"politiche migratorie\"],\"articleSection\":[\"Africa\",\"Diritti Umani\",\"Europa\",\"Internazionale\"],\"inLanguage\":\"it-IT\"},{\"@type\":\"WebPage\",\"@id\":\"https:\/\/www.pressenza.com\/it\/2017\/11\/trae-profitto-dalla-gestione-dei-flussi-migratori\/\",\"url\":\"https:\/\/www.pressenza.com\/it\/2017\/11\/trae-profitto-dalla-gestione-dei-flussi-migratori\/\",\"name\":\"Chi trae profitto dalla gestione dei flussi migratori?\",\"isPartOf\":{\"@id\":\"https:\/\/www.pressenza.com\/it\/#website\"},\"primaryImageOfPage\":{\"@id\":\"https:\/\/www.pressenza.com\/it\/2017\/11\/trae-profitto-dalla-gestione-dei-flussi-migratori\/#primaryimage\"},\"image\":{\"@id\":\"https:\/\/www.pressenza.com\/it\/2017\/11\/trae-profitto-dalla-gestione-dei-flussi-migratori\/#primaryimage\"},\"thumbnailUrl\":\"https:\/\/www.pressenza.com\/wp-content\/uploads\/2017\/11\/---qui-profite-la-gestion-des-migrations.jpg\",\"datePublished\":\"2017-11-28T11:09:55+00:00\",\"dateModified\":\"2018-05-24T09:34:09+00:00\",\"description\":\"Di J\u00e9r\u00f4me Duval, Ludivine Faniel, Benoit Coumontont Le migrazioni appartengono alla storia dell'umanit\u00e0, ma i confini non sono mai stati cos\u00ec chiusi come\",\"breadcrumb\":{\"@id\":\"https:\/\/www.pressenza.com\/it\/2017\/11\/trae-profitto-dalla-gestione-dei-flussi-migratori\/#breadcrumb\"},\"inLanguage\":\"it-IT\",\"potentialAction\":[{\"@type\":\"ReadAction\",\"target\":[\"https:\/\/www.pressenza.com\/it\/2017\/11\/trae-profitto-dalla-gestione-dei-flussi-migratori\/\"]}]},{\"@type\":\"ImageObject\",\"inLanguage\":\"it-IT\",\"@id\":\"https:\/\/www.pressenza.com\/it\/2017\/11\/trae-profitto-dalla-gestione-dei-flussi-migratori\/#primaryimage\",\"url\":\"https:\/\/www.pressenza.com\/wp-content\/uploads\/2017\/11\/---qui-profite-la-gestion-des-migrations.jpg\",\"contentUrl\":\"https:\/\/www.pressenza.com\/wp-content\/uploads\/2017\/11\/---qui-profite-la-gestion-des-migrations.jpg\",\"width\":750,\"height\":499},{\"@type\":\"BreadcrumbList\",\"@id\":\"https:\/\/www.pressenza.com\/it\/2017\/11\/trae-profitto-dalla-gestione-dei-flussi-migratori\/#breadcrumb\",\"itemListElement\":[{\"@type\":\"ListItem\",\"position\":1,\"name\":\"Accueil\",\"item\":\"https:\/\/www.pressenza.com\/it\/\"},{\"@type\":\"ListItem\",\"position\":2,\"name\":\"Chi trae profitto dalla gestione dei flussi migratori?\"}]},{\"@type\":\"WebSite\",\"@id\":\"https:\/\/www.pressenza.com\/it\/#website\",\"url\":\"https:\/\/www.pressenza.com\/it\/\",\"name\":\"Pressenza\",\"description\":\"Agenzia di Stampa Internazionale\",\"publisher\":{\"@id\":\"https:\/\/www.pressenza.com\/it\/#organization\"},\"potentialAction\":[{\"@type\":\"SearchAction\",\"target\":{\"@type\":\"EntryPoint\",\"urlTemplate\":\"https:\/\/www.pressenza.com\/it\/?s={search_term_string}\"},\"query-input\":{\"@type\":\"PropertyValueSpecification\",\"valueRequired\":true,\"valueName\":\"search_term_string\"}}],\"inLanguage\":\"it-IT\"},{\"@type\":\"Organization\",\"@id\":\"https:\/\/www.pressenza.com\/it\/#organization\",\"name\":\"Pressenza\",\"url\":\"https:\/\/www.pressenza.com\/it\/\",\"logo\":{\"@type\":\"ImageObject\",\"inLanguage\":\"it-IT\",\"@id\":\"https:\/\/www.pressenza.com\/it\/#\/schema\/logo\/image\/\",\"url\":\"https:\/\/www.pressenza.com\/wp-content\/uploads\/2022\/10\/pressenza_logo_200x200.jpg\",\"contentUrl\":\"https:\/\/www.pressenza.com\/wp-content\/uploads\/2022\/10\/pressenza_logo_200x200.jpg\",\"width\":200,\"height\":200,\"caption\":\"Pressenza\"},\"image\":{\"@id\":\"https:\/\/www.pressenza.com\/it\/#\/schema\/logo\/image\/\"},\"sameAs\":[\"https:\/\/www.facebook.com\/PressenzaItalia\",\"https:\/\/x.com\/PressenzaIPA\"]},{\"@type\":\"Person\",\"@id\":\"https:\/\/www.pressenza.com\/it\/#\/schema\/person\/1f570f1450b3d76e0dd919130d5851af\",\"name\":\"Comit\u00e9 pour l\u2019abolition des dettes ill\u00e9gitimes (CADTM)\",\"sameAs\":[\"http:\/\/www.cadtm.org\/\",\"https:\/\/www.facebook.com\/CADTMNETWORK\/\",\"https:\/\/x.com\/CADTM_int\"],\"url\":\"https:\/\/www.pressenza.com\/it\/author\/comite-pour-annulation-de-la-dette-du-tiers-mond\/\"}]}<\/script>\n<!-- \/ Yoast SEO plugin. -->","yoast_head_json":{"title":"Chi trae profitto dalla gestione dei flussi migratori?","description":"Di J\u00e9r\u00f4me Duval, Ludivine Faniel, Benoit Coumontont Le migrazioni appartengono alla storia dell'umanit\u00e0, ma i confini non sono mai stati cos\u00ec chiusi come","robots":{"index":"index","follow":"follow","max-snippet":"max-snippet:-1","max-image-preview":"max-image-preview:large","max-video-preview":"max-video-preview:-1"},"canonical":"https:\/\/www.pressenza.com\/it\/2017\/11\/trae-profitto-dalla-gestione-dei-flussi-migratori\/","og_locale":"it_IT","og_type":"article","og_title":"Chi trae profitto dalla gestione dei flussi migratori?","og_description":"Di J\u00e9r\u00f4me Duval, Ludivine Faniel, Benoit Coumontont Le migrazioni appartengono alla storia dell'umanit\u00e0, ma i confini non sono mai stati cos\u00ec chiusi come","og_url":"https:\/\/www.pressenza.com\/it\/2017\/11\/trae-profitto-dalla-gestione-dei-flussi-migratori\/","og_site_name":"Pressenza","article_publisher":"https:\/\/www.facebook.com\/PressenzaItalia","article_author":"https:\/\/www.facebook.com\/CADTMNETWORK\/","article_published_time":"2017-11-28T11:09:55+00:00","article_modified_time":"2018-05-24T09:34:09+00:00","og_image":[{"width":750,"height":499,"url":"https:\/\/www.pressenza.com\/wp-content\/uploads\/2017\/11\/---qui-profite-la-gestion-des-migrations.jpg","type":"image\/jpeg"}],"author":"Comit\u00e9 pour l\u2019abolition des dettes ill\u00e9gitimes (CADTM)","twitter_card":"summary_large_image","twitter_creator":"@CADTM_int","twitter_site":"@PressenzaIPA","twitter_misc":{"Scritto da":"Comit\u00e9 pour l\u2019abolition des dettes ill\u00e9gitimes (CADTM)","Tempo di lettura stimato":"18 minuti"},"schema":{"@context":"https:\/\/schema.org","@graph":[{"@type":"Article","@id":"https:\/\/www.pressenza.com\/it\/2017\/11\/trae-profitto-dalla-gestione-dei-flussi-migratori\/#article","isPartOf":{"@id":"https:\/\/www.pressenza.com\/it\/2017\/11\/trae-profitto-dalla-gestione-dei-flussi-migratori\/"},"author":{"name":"Comit\u00e9 pour l\u2019abolition des dettes ill\u00e9gitimes (CADTM)","@id":"https:\/\/www.pressenza.com\/it\/#\/schema\/person\/1f570f1450b3d76e0dd919130d5851af"},"headline":"Chi trae profitto dalla gestione dei flussi migratori?","datePublished":"2017-11-28T11:09:55+00:00","dateModified":"2018-05-24T09:34:09+00:00","mainEntityOfPage":{"@id":"https:\/\/www.pressenza.com\/it\/2017\/11\/trae-profitto-dalla-gestione-dei-flussi-migratori\/"},"wordCount":3674,"publisher":{"@id":"https:\/\/www.pressenza.com\/it\/#organization"},"image":{"@id":"https:\/\/www.pressenza.com\/it\/2017\/11\/trae-profitto-dalla-gestione-dei-flussi-migratori\/#primaryimage"},"thumbnailUrl":"https:\/\/www.pressenza.com\/wp-content\/uploads\/2017\/11\/---qui-profite-la-gestion-des-migrations.jpg","keywords":["flussi migratori","Frontex","gestione delle migrazioni","politiche migratorie"],"articleSection":["Africa","Diritti Umani","Europa","Internazionale"],"inLanguage":"it-IT"},{"@type":"WebPage","@id":"https:\/\/www.pressenza.com\/it\/2017\/11\/trae-profitto-dalla-gestione-dei-flussi-migratori\/","url":"https:\/\/www.pressenza.com\/it\/2017\/11\/trae-profitto-dalla-gestione-dei-flussi-migratori\/","name":"Chi trae profitto dalla gestione dei flussi migratori?","isPartOf":{"@id":"https:\/\/www.pressenza.com\/it\/#website"},"primaryImageOfPage":{"@id":"https:\/\/www.pressenza.com\/it\/2017\/11\/trae-profitto-dalla-gestione-dei-flussi-migratori\/#primaryimage"},"image":{"@id":"https:\/\/www.pressenza.com\/it\/2017\/11\/trae-profitto-dalla-gestione-dei-flussi-migratori\/#primaryimage"},"thumbnailUrl":"https:\/\/www.pressenza.com\/wp-content\/uploads\/2017\/11\/---qui-profite-la-gestion-des-migrations.jpg","datePublished":"2017-11-28T11:09:55+00:00","dateModified":"2018-05-24T09:34:09+00:00","description":"Di J\u00e9r\u00f4me Duval, Ludivine Faniel, Benoit Coumontont Le migrazioni appartengono alla storia dell'umanit\u00e0, ma i confini non sono mai stati cos\u00ec chiusi come","breadcrumb":{"@id":"https:\/\/www.pressenza.com\/it\/2017\/11\/trae-profitto-dalla-gestione-dei-flussi-migratori\/#breadcrumb"},"inLanguage":"it-IT","potentialAction":[{"@type":"ReadAction","target":["https:\/\/www.pressenza.com\/it\/2017\/11\/trae-profitto-dalla-gestione-dei-flussi-migratori\/"]}]},{"@type":"ImageObject","inLanguage":"it-IT","@id":"https:\/\/www.pressenza.com\/it\/2017\/11\/trae-profitto-dalla-gestione-dei-flussi-migratori\/#primaryimage","url":"https:\/\/www.pressenza.com\/wp-content\/uploads\/2017\/11\/---qui-profite-la-gestion-des-migrations.jpg","contentUrl":"https:\/\/www.pressenza.com\/wp-content\/uploads\/2017\/11\/---qui-profite-la-gestion-des-migrations.jpg","width":750,"height":499},{"@type":"BreadcrumbList","@id":"https:\/\/www.pressenza.com\/it\/2017\/11\/trae-profitto-dalla-gestione-dei-flussi-migratori\/#breadcrumb","itemListElement":[{"@type":"ListItem","position":1,"name":"Accueil","item":"https:\/\/www.pressenza.com\/it\/"},{"@type":"ListItem","position":2,"name":"Chi trae profitto dalla gestione dei flussi migratori?"}]},{"@type":"WebSite","@id":"https:\/\/www.pressenza.com\/it\/#website","url":"https:\/\/www.pressenza.com\/it\/","name":"Pressenza","description":"Agenzia di Stampa Internazionale","publisher":{"@id":"https:\/\/www.pressenza.com\/it\/#organization"},"potentialAction":[{"@type":"SearchAction","target":{"@type":"EntryPoint","urlTemplate":"https:\/\/www.pressenza.com\/it\/?s={search_term_string}"},"query-input":{"@type":"PropertyValueSpecification","valueRequired":true,"valueName":"search_term_string"}}],"inLanguage":"it-IT"},{"@type":"Organization","@id":"https:\/\/www.pressenza.com\/it\/#organization","name":"Pressenza","url":"https:\/\/www.pressenza.com\/it\/","logo":{"@type":"ImageObject","inLanguage":"it-IT","@id":"https:\/\/www.pressenza.com\/it\/#\/schema\/logo\/image\/","url":"https:\/\/www.pressenza.com\/wp-content\/uploads\/2022\/10\/pressenza_logo_200x200.jpg","contentUrl":"https:\/\/www.pressenza.com\/wp-content\/uploads\/2022\/10\/pressenza_logo_200x200.jpg","width":200,"height":200,"caption":"Pressenza"},"image":{"@id":"https:\/\/www.pressenza.com\/it\/#\/schema\/logo\/image\/"},"sameAs":["https:\/\/www.facebook.com\/PressenzaItalia","https:\/\/x.com\/PressenzaIPA"]},{"@type":"Person","@id":"https:\/\/www.pressenza.com\/it\/#\/schema\/person\/1f570f1450b3d76e0dd919130d5851af","name":"Comit\u00e9 pour l\u2019abolition des dettes ill\u00e9gitimes (CADTM)","sameAs":["http:\/\/www.cadtm.org\/","https:\/\/www.facebook.com\/CADTMNETWORK\/","https:\/\/x.com\/CADTM_int"],"url":"https:\/\/www.pressenza.com\/it\/author\/comite-pour-annulation-de-la-dette-du-tiers-mond\/"}]}},"place":"","original_article_url":"","_links":{"self":[{"href":"https:\/\/www.pressenza.com\/it\/wp-json\/wp\/v2\/posts\/563426","targetHints":{"allow":["GET"]}}],"collection":[{"href":"https:\/\/www.pressenza.com\/it\/wp-json\/wp\/v2\/posts"}],"about":[{"href":"https:\/\/www.pressenza.com\/it\/wp-json\/wp\/v2\/types\/post"}],"author":[{"embeddable":true,"href":"https:\/\/www.pressenza.com\/it\/wp-json\/wp\/v2\/users\/848"}],"replies":[{"embeddable":true,"href":"https:\/\/www.pressenza.com\/it\/wp-json\/wp\/v2\/comments?post=563426"}],"version-history":[{"count":0,"href":"https:\/\/www.pressenza.com\/it\/wp-json\/wp\/v2\/posts\/563426\/revisions"}],"wp:featuredmedia":[{"embeddable":true,"href":"https:\/\/www.pressenza.com\/it\/wp-json\/wp\/v2\/media\/560615"}],"wp:attachment":[{"href":"https:\/\/www.pressenza.com\/it\/wp-json\/wp\/v2\/media?parent=563426"}],"wp:term":[{"taxonomy":"category","embeddable":true,"href":"https:\/\/www.pressenza.com\/it\/wp-json\/wp\/v2\/categories?post=563426"},{"taxonomy":"post_tag","embeddable":true,"href":"https:\/\/www.pressenza.com\/it\/wp-json\/wp\/v2\/tags?post=563426"}],"curies":[{"name":"wp","href":"https:\/\/api.w.org\/{rel}","templated":true}]}}