{"id":562909,"date":"2017-11-27T13:12:58","date_gmt":"2017-11-27T13:12:58","guid":{"rendered":"https:\/\/www.pressenza.com\/?p=562909\/"},"modified":"2018-04-07T17:16:23","modified_gmt":"2018-04-07T16:16:23","slug":"voto-politico-del-partido-humanista-la-seconda-tornata-elettorale","status":"publish","type":"post","link":"https:\/\/www.pressenza.com\/it\/2017\/11\/voto-politico-del-partido-humanista-la-seconda-tornata-elettorale\/","title":{"rendered":"Cile, voto politico del Partito Umanista per il secondo turno delle presidenziali"},"content":{"rendered":"<p>In occasione dell&#8217;incontro nazionale del Partito Umanista, con delegati provenienti da tutte le regioni del paese, inclusi consiglieri, quadri e deputati eletti, \u00e8 stata effettuata una valutazione degli eccellenti risultati elettorali, sia del Frente Amplio che del partito. In base a tali risultati, si sono definiti gli obiettivi futuri e si \u00e8 discusso fino ad arrivare a una posizione comune rispetto al secondo turno presidenziale.<\/p>\n<p>Rispetto a quest\u2019ultimo punto, si \u00e8 concordato::<\/p>\n<p>Oggi il Frente Amplio \u00e8 una coalizione formata da 13 organizzazioni politiche che conta una maggioranza di 21 parlamentari, con un solido programma di governo e con la leadership di Beatriz S\u00e1nchez, sostenuta da pi\u00f9 di un 1.300.000 cileni e cilene. La nostra priorit\u00e0 \u00e8 e sar\u00e0 sempre quella di sotenere il programma di governo da noi proposto nella prima tornata elettorale e rafforzare il Frente Amplio come unica scelta per cambiare e trasformare il nostro paese.<\/p>\n<p>Riteniamo che il ritorno alla Moneda di Sebasti\u00e1n Pi\u00f1era, che rappresenta il modello neoliberista e quello di una destra cavernicola, sarebbe un grande passo indietro rispetto a molte delle gi\u00e0 scarse conquiste conseguite negli ultimi anni post dittatura. Pi\u00f1era, che sostiene che Macri sia uno dei suoi migliori amici, rappresenta quanto c\u2019\u00e8 di peggio per il Cile e l\u2019America Latina.<\/p>\n<p>Consideriamo il Frente Amplio nel suo senso originale di alternativa al \u201cduopolio\u201d e affermiamo che non vi \u00e8 possibilit\u00e0 di cambiamento senza una sconfitta politica di questo sistema. Di conseguenza non ci lasceremo coinvolgere in alcuna pozione di comando n\u00e9 di governo della Nuova Maggioranza. Non esiste neppure possibilit\u00e0 di un negoziato, in quanto non diamo loro alcun credito, dato che non sono stati in grado di realizzare le loro proposte elettorali.<\/p>\n<p>C\u2019\u00e8 una grande maggioranza dei cileni che non vuole Pi\u00f1era nuovamente al potere, ma \u00e8 necessario precisare che non siamo noi ad avere la responsabilit\u00e0 di evitare che la Nuova Maggioranza gli riconsegni il governo. Il problema \u00e8 loro, e sono sempre loro a non fare neppure un minimo cenno di autocritica, pretendendo oltretutto di presentare il problema come fosse di tutti. Inoltre, sono fortemente responsabili della disaffezione di larghe fasce della popolazione nei confronti della politica, espressa con un\u2019astensione che supera gi\u00e0 il 50%.<\/p>\n<p>Le proposte di cambiamento del Frente Amplio sono state ampiamente diffuse e sono note a tutti; il candidato Guillier, nonch\u00e9 i partiti della Nuova Maggioranza, sanno da cosa sia composto quel 20,27% che ha votato per Beatriz S\u00e1nchez. Se vogliono sostenere il programma, dovranno riflettere molto bene su cosa dicono e cosa fanno. Qui non \u00e8 in gioco la negoziazione di posti di dirigenza, ma la risposta alle domande espresse da milioni di persone nella recente consultazione elettorale. Non saremo noi la loro scusa di fronte a un eventuale trionfo della destra.<\/p>\n<p>Non chiediamo nulla, perch\u00e9 non vogliamo avere niente a che fare con loro, nessun compromesso. Il voto al secondo turno \u00e8 un atto di libert\u00e0 che cerca di evitare ci\u00f2 che viene ritenuto il peggio per il Cile scegliendo il male minore, dichiarandoci gi\u00e0 da ora oppositori di entrambi i governi che risultino eletti.<\/p>\n<p>Tutto ci\u00f2 premesso:<\/p>\n<p>Riaffermiamo che il Frente Amplio non ha alcuna responsabilit\u00e0 rispetto a chi verr\u00e0 eletto, sia che si tratti dell\u2019uno o dell\u2019altro candidato presidenziale. La nostra responsabilit\u00e0 \u00e8 quella di mantenere la parola data a coloro che ci hanno concesso la loro fiducia.<\/p>\n<p>La nostra\u00a0 sfida oggi \u00e8 la costruzione di un nuovo modello di societ\u00e0 nel nostro paese: una societ\u00e0\u00a0libertaria, giusta e solidale, in grado di coinvolgere i milioni che non hanno partecipato perch\u00e9 si sono sentiti defraudati e lontani dalla politica tradizionale.<\/p>\n<p>Ognuno del milione e trecento mila votanti per Beatriz S\u00e1nchez dovr\u00e0 riflettere e decidere, in quanto nessuno \u00e8 padrone del voto degli altri, ma soltanto del proprio.<\/p>\n<p>Comprendiamo chi sceglier\u00e0 di votare scheda bianca o di annullare il voto e anche coloro che voteranno contro Pi\u00f1era e la destra anti-umanista, che lo sostiene. Questa \u00e8 la libert\u00e0 di scelta che crediamo corrisponda oggi all\u2019esercizio del voto di fronte a questo secondo turno presidenziale.<\/p>\n<p>Traduzione dallo spagnolo di Cristina Quattrone<\/p>\n<p><em><span style=\"color: #800000;\">Fotoreportage di Dalia Chiu<\/span><\/em><\/p>\n<div class=\"post-gallery\">\n\t\t\t<figure class=\"post-gallery-item\">\n\t\t\t\t<img decoding=\"async\" src=\"https:\/\/www.pressenza.com\/wp-content\/uploads\/2017\/11\/cierre-720x480.jpg\" loading=\"lazy\">\n\t\t\t\t<figcaption>\n\t\t\t\t\t\n\t\t\t\t<\/figcaption>\n\t\t\t<\/figure>\n\t\t\t<figure class=\"post-gallery-item\">\n\t\t\t\t<img decoding=\"async\" src=\"https:\/\/www.pressenza.com\/wp-content\/uploads\/2017\/11\/Pepe-y-Octavio-720x480.jpg\" loading=\"lazy\">\n\t\t\t\t<figcaption>\n\t\t\t\t\t\n\t\t\t\t<\/figcaption>\n\t\t\t<\/figure>\n\t\t\t<figure class=\"post-gallery-item\">\n\t\t\t\t<img decoding=\"async\" src=\"https:\/\/www.pressenza.com\/wp-content\/uploads\/2017\/11\/Pepe-720x480.jpg\" loading=\"lazy\">\n\t\t\t\t<figcaption>\n\t\t\t\t\t\n\t\t\t\t<\/figcaption>\n\t\t\t<\/figure>\n\t\t\t<figure class=\"post-gallery-item\">\n\t\t\t\t<img decoding=\"async\" src=\"https:\/\/www.pressenza.com\/wp-content\/uploads\/2017\/11\/opin-720x480.jpg\" loading=\"lazy\">\n\t\t\t\t<figcaption>\n\t\t\t\t\t\n\t\t\t\t<\/figcaption>\n\t\t\t<\/figure>\n\t\t\t<figure class=\"post-gallery-item\">\n\t\t\t\t<img decoding=\"async\" src=\"https:\/\/www.pressenza.com\/wp-content\/uploads\/2017\/11\/opina-720x480.jpg\" loading=\"lazy\">\n\t\t\t\t<figcaption>\n\t\t\t\t\t\n\t\t\t\t<\/figcaption>\n\t\t\t<\/figure>\n\t\t\t<figure class=\"post-gallery-item\">\n\t\t\t\t<img decoding=\"async\" src=\"https:\/\/www.pressenza.com\/wp-content\/uploads\/2017\/11\/opinan-720x480.jpg\" loading=\"lazy\">\n\t\t\t\t<figcaption>\n\t\t\t\t\t\n\t\t\t\t<\/figcaption>\n\t\t\t<\/figure>\n\t\t\t<figure class=\"post-gallery-item\">\n\t\t\t\t<img decoding=\"async\" src=\"https:\/\/www.pressenza.com\/wp-content\/uploads\/2017\/11\/Fda-720x480.jpg\" loading=\"lazy\">\n\t\t\t\t<figcaption>\n\t\t\t\t\t\n\t\t\t\t<\/figcaption>\n\t\t\t<\/figure>\n\t\t\t<figure class=\"post-gallery-item\">\n\t\t\t\t<img decoding=\"async\" src=\"https:\/\/www.pressenza.com\/wp-content\/uploads\/2017\/11\/aplauden-720x480.jpg\" loading=\"lazy\">\n\t\t\t\t<figcaption>\n\t\t\t\t\t\n\t\t\t\t<\/figcaption>\n\t\t\t<\/figure>\n\t\t\t<figure class=\"post-gallery-item\">\n\t\t\t\t<img decoding=\"async\" src=\"https:\/\/www.pressenza.com\/wp-content\/uploads\/2017\/11\/Pamela-y-Fda-720x480.jpg\" loading=\"lazy\">\n\t\t\t\t<figcaption>\n\t\t\t\t\t\n\t\t\t\t<\/figcaption>\n\t\t\t<\/figure>\n\t\t\t<figure class=\"post-gallery-item\">\n\t\t\t\t<img decoding=\"async\" src=\"https:\/\/www.pressenza.com\/wp-content\/uploads\/2017\/11\/Pamela-720x480.jpg\" loading=\"lazy\">\n\t\t\t\t<figcaption>\n\t\t\t\t\t\n\t\t\t\t<\/figcaption>\n\t\t\t<\/figure>\n\t\t\t<figure class=\"post-gallery-item\">\n\t\t\t\t<img decoding=\"async\" src=\"https:\/\/www.pressenza.com\/wp-content\/uploads\/2017\/11\/risas-720x480.jpg\" loading=\"lazy\">\n\t\t\t\t<figcaption>\n\t\t\t\t\t\n\t\t\t\t<\/figcaption>\n\t\t\t<\/figure>\n\t\t\t<figure class=\"post-gallery-item\">\n\t\t\t\t<img decoding=\"async\" src=\"https:\/\/www.pressenza.com\/wp-content\/uploads\/2017\/11\/Octavio-2-720x480.jpg\" loading=\"lazy\">\n\t\t\t\t<figcaption>\n\t\t\t\t\t\n\t\t\t\t<\/figcaption>\n\t\t\t<\/figure>\n\t\t\t<figure class=\"post-gallery-item\">\n\t\t\t\t<img decoding=\"async\" src=\"https:\/\/www.pressenza.com\/wp-content\/uploads\/2017\/11\/Tomy-2-720x480.jpg\" loading=\"lazy\">\n\t\t\t\t<figcaption>\n\t\t\t\t\t\n\t\t\t\t<\/figcaption>\n\t\t\t<\/figure>\n\t\t\t<figure class=\"post-gallery-item\">\n\t\t\t\t<img decoding=\"async\" src=\"https:\/\/www.pressenza.com\/wp-content\/uploads\/2017\/11\/habla-Octavio-720x480.jpg\" loading=\"lazy\">\n\t\t\t\t<figcaption>\n\t\t\t\t\t\n\t\t\t\t<\/figcaption>\n\t\t\t<\/figure>\n\t\t\t<figure class=\"post-gallery-item\">\n\t\t\t\t<img decoding=\"async\" src=\"https:\/\/www.pressenza.com\/wp-content\/uploads\/2017\/11\/abrazo-720x480.jpg\" loading=\"lazy\">\n\t\t\t\t<figcaption>\n\t\t\t\t\t\n\t\t\t\t<\/figcaption>\n\t\t\t<\/figure><\/div>\n","protected":false},"excerpt":{"rendered":"<p>In occasione dell&#8217;incontro nazionale del Partito Umanista, con delegati provenienti da tutte le regioni del paese, inclusi consiglieri, quadri e deputati eletti, \u00e8 stata effettuata una valutazione degli eccellenti risultati elettorali, sia del Frente Amplio che del partito. In base&hellip;<\/p>\n","protected":false},"author":43,"featured_media":562597,"comment_status":"closed","ping_status":"closed","sticky":false,"template":"","format":"standard","meta":{"footnotes":""},"categories":[11388,55,48],"tags":[41073,36886,540,42030,44998,418,652],"class_list":["post-562909","post","type-post","status-publish","format-standard","has-post-thumbnail","hentry","category-contenuti-originali","category-politica","category-sud-america","tag-alejandro-guillier","tag-ballottaggio","tag-cile","tag-elezioni-cile","tag-frente-amplio-it","tag-partido-humanista","tag-sebastian-pinera"],"yoast_head":"<!-- This site is optimized with the Yoast SEO plugin v27.1.1 - https:\/\/yoast.com\/product\/yoast-seo-wordpress\/ -->\n<title>Cile, voto politico del Partito Umanista per il secondo turno delle presidenziali<\/title>\n<meta name=\"description\" content=\"In occasione dell&#039;incontro nazionale del Partito Umanista, con delegati provenienti da tutte le regioni del paese, inclusi consiglieri, quadri e deputati\" \/>\n<meta name=\"robots\" content=\"index, follow, max-snippet:-1, max-image-preview:large, max-video-preview:-1\" \/>\n<link rel=\"canonical\" href=\"https:\/\/www.pressenza.com\/it\/2017\/11\/voto-politico-del-partido-humanista-la-seconda-tornata-elettorale\/\" \/>\n<meta property=\"og:locale\" content=\"it_IT\" \/>\n<meta property=\"og:type\" content=\"article\" \/>\n<meta property=\"og:title\" content=\"Cile, voto politico del Partito Umanista per il secondo turno delle presidenziali\" \/>\n<meta property=\"og:description\" content=\"In occasione dell&#039;incontro nazionale del Partito Umanista, con delegati provenienti da tutte le regioni del paese, inclusi consiglieri, quadri e deputati\" \/>\n<meta property=\"og:url\" content=\"https:\/\/www.pressenza.com\/it\/2017\/11\/voto-politico-del-partido-humanista-la-seconda-tornata-elettorale\/\" \/>\n<meta property=\"og:site_name\" content=\"Pressenza\" \/>\n<meta property=\"article:publisher\" content=\"https:\/\/www.facebook.com\/PressenzaItalia\" \/>\n<meta property=\"article:author\" content=\"https:\/\/www.facebook.com\/pressenza\" \/>\n<meta property=\"article:published_time\" content=\"2017-11-27T13:12:58+00:00\" \/>\n<meta property=\"article:modified_time\" content=\"2018-04-07T16:16:23+00:00\" \/>\n<meta property=\"og:image\" content=\"https:\/\/www.pressenza.com\/wp-content\/uploads\/2017\/11\/parlamentarios.jpg\" \/>\n\t<meta property=\"og:image:width\" content=\"800\" \/>\n\t<meta property=\"og:image:height\" content=\"533\" \/>\n\t<meta property=\"og:image:type\" content=\"image\/jpeg\" \/>\n<meta name=\"author\" content=\"Redacci\u00f3n Chile\" \/>\n<meta name=\"twitter:card\" content=\"summary_large_image\" \/>\n<meta name=\"twitter:creator\" content=\"@pressenza\" \/>\n<meta name=\"twitter:site\" content=\"@PressenzaIPA\" \/>\n<meta name=\"twitter:label1\" content=\"Scritto da\" \/>\n\t<meta name=\"twitter:data1\" content=\"Redacci\u00f3n Chile\" \/>\n\t<meta name=\"twitter:label2\" content=\"Tempo di lettura stimato\" \/>\n\t<meta name=\"twitter:data2\" content=\"3 minuti\" \/>\n<script type=\"application\/ld+json\" class=\"yoast-schema-graph\">{\"@context\":\"https:\/\/schema.org\",\"@graph\":[{\"@type\":\"Article\",\"@id\":\"https:\/\/www.pressenza.com\/it\/2017\/11\/voto-politico-del-partido-humanista-la-seconda-tornata-elettorale\/#article\",\"isPartOf\":{\"@id\":\"https:\/\/www.pressenza.com\/it\/2017\/11\/voto-politico-del-partido-humanista-la-seconda-tornata-elettorale\/\"},\"author\":{\"name\":\"Redacci\u00f3n Chile\",\"@id\":\"https:\/\/www.pressenza.com\/it\/#\/schema\/person\/d7db40df35d6698ba69ba9ee260944ed\"},\"headline\":\"Cile, voto politico del Partito Umanista per il secondo turno delle presidenziali\",\"datePublished\":\"2017-11-27T13:12:58+00:00\",\"dateModified\":\"2018-04-07T16:16:23+00:00\",\"mainEntityOfPage\":{\"@id\":\"https:\/\/www.pressenza.com\/it\/2017\/11\/voto-politico-del-partido-humanista-la-seconda-tornata-elettorale\/\"},\"wordCount\":692,\"publisher\":{\"@id\":\"https:\/\/www.pressenza.com\/it\/#organization\"},\"image\":{\"@id\":\"https:\/\/www.pressenza.com\/it\/2017\/11\/voto-politico-del-partido-humanista-la-seconda-tornata-elettorale\/#primaryimage\"},\"thumbnailUrl\":\"https:\/\/www.pressenza.com\/wp-content\/uploads\/2017\/11\/parlamentarios.jpg\",\"keywords\":[\"Alejandro Guillier\",\"ballottaggio\",\"Cile\",\"elezioni cile\",\"Frente Amplio\",\"Partido Humanista\",\"Sebasti\u00e1n Pi\u00f1era\"],\"articleSection\":[\"contenuti originali\",\"Politica\",\"Sud America\"],\"inLanguage\":\"it-IT\"},{\"@type\":\"WebPage\",\"@id\":\"https:\/\/www.pressenza.com\/it\/2017\/11\/voto-politico-del-partido-humanista-la-seconda-tornata-elettorale\/\",\"url\":\"https:\/\/www.pressenza.com\/it\/2017\/11\/voto-politico-del-partido-humanista-la-seconda-tornata-elettorale\/\",\"name\":\"Cile, voto politico del Partito Umanista per il secondo turno delle presidenziali\",\"isPartOf\":{\"@id\":\"https:\/\/www.pressenza.com\/it\/#website\"},\"primaryImageOfPage\":{\"@id\":\"https:\/\/www.pressenza.com\/it\/2017\/11\/voto-politico-del-partido-humanista-la-seconda-tornata-elettorale\/#primaryimage\"},\"image\":{\"@id\":\"https:\/\/www.pressenza.com\/it\/2017\/11\/voto-politico-del-partido-humanista-la-seconda-tornata-elettorale\/#primaryimage\"},\"thumbnailUrl\":\"https:\/\/www.pressenza.com\/wp-content\/uploads\/2017\/11\/parlamentarios.jpg\",\"datePublished\":\"2017-11-27T13:12:58+00:00\",\"dateModified\":\"2018-04-07T16:16:23+00:00\",\"description\":\"In occasione dell'incontro nazionale del Partito Umanista, con delegati provenienti da tutte le regioni del paese, inclusi consiglieri, quadri e deputati\",\"breadcrumb\":{\"@id\":\"https:\/\/www.pressenza.com\/it\/2017\/11\/voto-politico-del-partido-humanista-la-seconda-tornata-elettorale\/#breadcrumb\"},\"inLanguage\":\"it-IT\",\"potentialAction\":[{\"@type\":\"ReadAction\",\"target\":[\"https:\/\/www.pressenza.com\/it\/2017\/11\/voto-politico-del-partido-humanista-la-seconda-tornata-elettorale\/\"]}]},{\"@type\":\"ImageObject\",\"inLanguage\":\"it-IT\",\"@id\":\"https:\/\/www.pressenza.com\/it\/2017\/11\/voto-politico-del-partido-humanista-la-seconda-tornata-elettorale\/#primaryimage\",\"url\":\"https:\/\/www.pressenza.com\/wp-content\/uploads\/2017\/11\/parlamentarios.jpg\",\"contentUrl\":\"https:\/\/www.pressenza.com\/wp-content\/uploads\/2017\/11\/parlamentarios.jpg\",\"width\":800,\"height\":533},{\"@type\":\"BreadcrumbList\",\"@id\":\"https:\/\/www.pressenza.com\/it\/2017\/11\/voto-politico-del-partido-humanista-la-seconda-tornata-elettorale\/#breadcrumb\",\"itemListElement\":[{\"@type\":\"ListItem\",\"position\":1,\"name\":\"Accueil\",\"item\":\"https:\/\/www.pressenza.com\/it\/\"},{\"@type\":\"ListItem\",\"position\":2,\"name\":\"Cile, voto politico del Partito Umanista per il secondo turno delle presidenziali\"}]},{\"@type\":\"WebSite\",\"@id\":\"https:\/\/www.pressenza.com\/it\/#website\",\"url\":\"https:\/\/www.pressenza.com\/it\/\",\"name\":\"Pressenza\",\"description\":\"Agenzia di Stampa Internazionale\",\"publisher\":{\"@id\":\"https:\/\/www.pressenza.com\/it\/#organization\"},\"potentialAction\":[{\"@type\":\"SearchAction\",\"target\":{\"@type\":\"EntryPoint\",\"urlTemplate\":\"https:\/\/www.pressenza.com\/it\/?s={search_term_string}\"},\"query-input\":{\"@type\":\"PropertyValueSpecification\",\"valueRequired\":true,\"valueName\":\"search_term_string\"}}],\"inLanguage\":\"it-IT\"},{\"@type\":\"Organization\",\"@id\":\"https:\/\/www.pressenza.com\/it\/#organization\",\"name\":\"Pressenza\",\"url\":\"https:\/\/www.pressenza.com\/it\/\",\"logo\":{\"@type\":\"ImageObject\",\"inLanguage\":\"it-IT\",\"@id\":\"https:\/\/www.pressenza.com\/it\/#\/schema\/logo\/image\/\",\"url\":\"https:\/\/www.pressenza.com\/wp-content\/uploads\/2022\/10\/pressenza_logo_200x200.jpg\",\"contentUrl\":\"https:\/\/www.pressenza.com\/wp-content\/uploads\/2022\/10\/pressenza_logo_200x200.jpg\",\"width\":200,\"height\":200,\"caption\":\"Pressenza\"},\"image\":{\"@id\":\"https:\/\/www.pressenza.com\/it\/#\/schema\/logo\/image\/\"},\"sameAs\":[\"https:\/\/www.facebook.com\/PressenzaItalia\",\"https:\/\/x.com\/PressenzaIPA\"]},{\"@type\":\"Person\",\"@id\":\"https:\/\/www.pressenza.com\/it\/#\/schema\/person\/d7db40df35d6698ba69ba9ee260944ed\",\"name\":\"Redacci\u00f3n Chile\",\"description\":\"News from the Pressenza Bureau in Chile\",\"sameAs\":[\"https:\/\/www.facebook.com\/pressenza\",\"https:\/\/x.com\/pressenza\"],\"url\":\"https:\/\/www.pressenza.com\/it\/author\/redaccion-chile\/\"}]}<\/script>\n<!-- \/ Yoast SEO plugin. -->","yoast_head_json":{"title":"Cile, voto politico del Partito Umanista per il secondo turno delle presidenziali","description":"In occasione dell'incontro nazionale del Partito Umanista, con delegati provenienti da tutte le regioni del paese, inclusi consiglieri, quadri e deputati","robots":{"index":"index","follow":"follow","max-snippet":"max-snippet:-1","max-image-preview":"max-image-preview:large","max-video-preview":"max-video-preview:-1"},"canonical":"https:\/\/www.pressenza.com\/it\/2017\/11\/voto-politico-del-partido-humanista-la-seconda-tornata-elettorale\/","og_locale":"it_IT","og_type":"article","og_title":"Cile, voto politico del Partito Umanista per il secondo turno delle presidenziali","og_description":"In occasione dell'incontro nazionale del Partito Umanista, con delegati provenienti da tutte le regioni del paese, inclusi consiglieri, quadri e deputati","og_url":"https:\/\/www.pressenza.com\/it\/2017\/11\/voto-politico-del-partido-humanista-la-seconda-tornata-elettorale\/","og_site_name":"Pressenza","article_publisher":"https:\/\/www.facebook.com\/PressenzaItalia","article_author":"https:\/\/www.facebook.com\/pressenza","article_published_time":"2017-11-27T13:12:58+00:00","article_modified_time":"2018-04-07T16:16:23+00:00","og_image":[{"width":800,"height":533,"url":"https:\/\/www.pressenza.com\/wp-content\/uploads\/2017\/11\/parlamentarios.jpg","type":"image\/jpeg"}],"author":"Redacci\u00f3n Chile","twitter_card":"summary_large_image","twitter_creator":"@pressenza","twitter_site":"@PressenzaIPA","twitter_misc":{"Scritto da":"Redacci\u00f3n Chile","Tempo di lettura stimato":"3 minuti"},"schema":{"@context":"https:\/\/schema.org","@graph":[{"@type":"Article","@id":"https:\/\/www.pressenza.com\/it\/2017\/11\/voto-politico-del-partido-humanista-la-seconda-tornata-elettorale\/#article","isPartOf":{"@id":"https:\/\/www.pressenza.com\/it\/2017\/11\/voto-politico-del-partido-humanista-la-seconda-tornata-elettorale\/"},"author":{"name":"Redacci\u00f3n Chile","@id":"https:\/\/www.pressenza.com\/it\/#\/schema\/person\/d7db40df35d6698ba69ba9ee260944ed"},"headline":"Cile, voto politico del Partito Umanista per il secondo turno delle presidenziali","datePublished":"2017-11-27T13:12:58+00:00","dateModified":"2018-04-07T16:16:23+00:00","mainEntityOfPage":{"@id":"https:\/\/www.pressenza.com\/it\/2017\/11\/voto-politico-del-partido-humanista-la-seconda-tornata-elettorale\/"},"wordCount":692,"publisher":{"@id":"https:\/\/www.pressenza.com\/it\/#organization"},"image":{"@id":"https:\/\/www.pressenza.com\/it\/2017\/11\/voto-politico-del-partido-humanista-la-seconda-tornata-elettorale\/#primaryimage"},"thumbnailUrl":"https:\/\/www.pressenza.com\/wp-content\/uploads\/2017\/11\/parlamentarios.jpg","keywords":["Alejandro Guillier","ballottaggio","Cile","elezioni cile","Frente Amplio","Partido Humanista","Sebasti\u00e1n Pi\u00f1era"],"articleSection":["contenuti originali","Politica","Sud America"],"inLanguage":"it-IT"},{"@type":"WebPage","@id":"https:\/\/www.pressenza.com\/it\/2017\/11\/voto-politico-del-partido-humanista-la-seconda-tornata-elettorale\/","url":"https:\/\/www.pressenza.com\/it\/2017\/11\/voto-politico-del-partido-humanista-la-seconda-tornata-elettorale\/","name":"Cile, voto politico del Partito Umanista per il secondo turno delle presidenziali","isPartOf":{"@id":"https:\/\/www.pressenza.com\/it\/#website"},"primaryImageOfPage":{"@id":"https:\/\/www.pressenza.com\/it\/2017\/11\/voto-politico-del-partido-humanista-la-seconda-tornata-elettorale\/#primaryimage"},"image":{"@id":"https:\/\/www.pressenza.com\/it\/2017\/11\/voto-politico-del-partido-humanista-la-seconda-tornata-elettorale\/#primaryimage"},"thumbnailUrl":"https:\/\/www.pressenza.com\/wp-content\/uploads\/2017\/11\/parlamentarios.jpg","datePublished":"2017-11-27T13:12:58+00:00","dateModified":"2018-04-07T16:16:23+00:00","description":"In occasione dell'incontro nazionale del Partito Umanista, con delegati provenienti da tutte le regioni del paese, inclusi consiglieri, quadri e deputati","breadcrumb":{"@id":"https:\/\/www.pressenza.com\/it\/2017\/11\/voto-politico-del-partido-humanista-la-seconda-tornata-elettorale\/#breadcrumb"},"inLanguage":"it-IT","potentialAction":[{"@type":"ReadAction","target":["https:\/\/www.pressenza.com\/it\/2017\/11\/voto-politico-del-partido-humanista-la-seconda-tornata-elettorale\/"]}]},{"@type":"ImageObject","inLanguage":"it-IT","@id":"https:\/\/www.pressenza.com\/it\/2017\/11\/voto-politico-del-partido-humanista-la-seconda-tornata-elettorale\/#primaryimage","url":"https:\/\/www.pressenza.com\/wp-content\/uploads\/2017\/11\/parlamentarios.jpg","contentUrl":"https:\/\/www.pressenza.com\/wp-content\/uploads\/2017\/11\/parlamentarios.jpg","width":800,"height":533},{"@type":"BreadcrumbList","@id":"https:\/\/www.pressenza.com\/it\/2017\/11\/voto-politico-del-partido-humanista-la-seconda-tornata-elettorale\/#breadcrumb","itemListElement":[{"@type":"ListItem","position":1,"name":"Accueil","item":"https:\/\/www.pressenza.com\/it\/"},{"@type":"ListItem","position":2,"name":"Cile, voto politico del Partito Umanista per il secondo turno delle presidenziali"}]},{"@type":"WebSite","@id":"https:\/\/www.pressenza.com\/it\/#website","url":"https:\/\/www.pressenza.com\/it\/","name":"Pressenza","description":"Agenzia di Stampa Internazionale","publisher":{"@id":"https:\/\/www.pressenza.com\/it\/#organization"},"potentialAction":[{"@type":"SearchAction","target":{"@type":"EntryPoint","urlTemplate":"https:\/\/www.pressenza.com\/it\/?s={search_term_string}"},"query-input":{"@type":"PropertyValueSpecification","valueRequired":true,"valueName":"search_term_string"}}],"inLanguage":"it-IT"},{"@type":"Organization","@id":"https:\/\/www.pressenza.com\/it\/#organization","name":"Pressenza","url":"https:\/\/www.pressenza.com\/it\/","logo":{"@type":"ImageObject","inLanguage":"it-IT","@id":"https:\/\/www.pressenza.com\/it\/#\/schema\/logo\/image\/","url":"https:\/\/www.pressenza.com\/wp-content\/uploads\/2022\/10\/pressenza_logo_200x200.jpg","contentUrl":"https:\/\/www.pressenza.com\/wp-content\/uploads\/2022\/10\/pressenza_logo_200x200.jpg","width":200,"height":200,"caption":"Pressenza"},"image":{"@id":"https:\/\/www.pressenza.com\/it\/#\/schema\/logo\/image\/"},"sameAs":["https:\/\/www.facebook.com\/PressenzaItalia","https:\/\/x.com\/PressenzaIPA"]},{"@type":"Person","@id":"https:\/\/www.pressenza.com\/it\/#\/schema\/person\/d7db40df35d6698ba69ba9ee260944ed","name":"Redacci\u00f3n Chile","description":"News from the Pressenza Bureau in Chile","sameAs":["https:\/\/www.facebook.com\/pressenza","https:\/\/x.com\/pressenza"],"url":"https:\/\/www.pressenza.com\/it\/author\/redaccion-chile\/"}]}},"place":"Santiago del Cile","original_article_url":"","_links":{"self":[{"href":"https:\/\/www.pressenza.com\/it\/wp-json\/wp\/v2\/posts\/562909","targetHints":{"allow":["GET"]}}],"collection":[{"href":"https:\/\/www.pressenza.com\/it\/wp-json\/wp\/v2\/posts"}],"about":[{"href":"https:\/\/www.pressenza.com\/it\/wp-json\/wp\/v2\/types\/post"}],"author":[{"embeddable":true,"href":"https:\/\/www.pressenza.com\/it\/wp-json\/wp\/v2\/users\/43"}],"replies":[{"embeddable":true,"href":"https:\/\/www.pressenza.com\/it\/wp-json\/wp\/v2\/comments?post=562909"}],"version-history":[{"count":0,"href":"https:\/\/www.pressenza.com\/it\/wp-json\/wp\/v2\/posts\/562909\/revisions"}],"wp:featuredmedia":[{"embeddable":true,"href":"https:\/\/www.pressenza.com\/it\/wp-json\/wp\/v2\/media\/562597"}],"wp:attachment":[{"href":"https:\/\/www.pressenza.com\/it\/wp-json\/wp\/v2\/media?parent=562909"}],"wp:term":[{"taxonomy":"category","embeddable":true,"href":"https:\/\/www.pressenza.com\/it\/wp-json\/wp\/v2\/categories?post=562909"},{"taxonomy":"post_tag","embeddable":true,"href":"https:\/\/www.pressenza.com\/it\/wp-json\/wp\/v2\/tags?post=562909"}],"curies":[{"name":"wp","href":"https:\/\/api.w.org\/{rel}","templated":true}]}}