{"id":560999,"date":"2017-11-25T15:36:12","date_gmt":"2017-11-25T15:36:12","guid":{"rendered":"https:\/\/www.pressenza.com\/?p=560999\/"},"modified":"2018-02-28T22:05:11","modified_gmt":"2018-02-28T22:05:11","slug":"presentata-madrid-la-2a-marcia-mondiale-la-pace-la-nonviolenza-2019","status":"publish","type":"post","link":"https:\/\/www.pressenza.com\/it\/2017\/11\/presentata-madrid-la-2a-marcia-mondiale-la-pace-la-nonviolenza-2019\/","title":{"rendered":"Presentata a Madrid la 2\u00aa Marcia Mondiale per la Pace e la Nonviolenza 2019"},"content":{"rendered":"<p>Durante le Giornate della Nonviolenza, svoltesi a Madrid dal 15 al 18 novembre, \u00e8 stata presentata la 2\u00aa Marcia Mondiale per la Pace e la Nonviolenza, che avr\u00e0 inizio il 2 ottobre 2019 a Madrid e terminer\u00e0 l\u20198 marzo 2020.<\/p>\n<p>Le Giornate della Nonviolenza, promosse e organizzate da Mondo senza Guerre e senza Violenza insieme a molte altre associazioni, tra cui PNND[i], Fundaci\u00f3n Cultura de Paz, WILPF-Spagna, Noviolencia 2018, Ecologistas en Acci\u00f3n, Pressenza, AiPaz, si sono svolte in diversi punti della capitale spagnola: dalla simbolica Camera dei Deputati al quartiere popolare di Vallecas, passando per il Comune di Madrid in Piazza Cibeles. L\u2019interesse degli organizzatori \u00e8 stato quello di introdurre la nonviolenza nelle sue diverse espressioni in tutti gli ambiti sociali, a livello statale, comunale e di quartiere. Tale dinamica sar\u00e0 potenziata dalla 2\u00aa Marcia Mondiale, che punta a diffonder\u00e0 i temi della pace e della nonviolenza in tutti i settori sociali.<\/p>\n<p>Il 15 novembre, nella Sala Clara Campoamor della Camera dei Deputati, si \u00e8 parlato della sicurezza globale, dell\u2019aumento del rischio dell\u2019utilizzo di armi nucleari e del recente Trattato per la proibizione delle armi nucleari[ii] , che \u00e8 stato ratificato da molti Stati, ma non dal governo spagnolo. Durante l\u2019incontro il parlamentare Pedro Arrojo[iii] ha annunciato l\u2019adesione al PNND di 50 deputati di Podemos.<\/p>\n<p>Si \u00e8 svolto un incontro anche tra Pablo Bustinduy[iv] e Alyn Ware[v], che hanno discusso della via seguita dalla Nuova Zelanda per riuscire, mantenendo in vigore il patto di difesa comune tra Australia, Nuova Zelanda e Stati Uniti, a rispettare la decisione del popolo neozelandese di non consentire l\u2019installazione di armi nucleari sul proprio territorio. Pedro Arrojo ha annunciato l\u2019attivazione a livello internazionale di una rete di parlamentari a sostegno della 2\u00aa Marcia Mondiale.<\/p>\n<div class=\"post-gallery\">\n\t\t\t<figure class=\"post-gallery-item\">\n\t\t\t\t<img decoding=\"async\" src=\"https:\/\/www.pressenza.com\/wp-content\/uploads\/2017\/11\/IMG_0065-720x480.jpg\" loading=\"lazy\">\n\t\t\t\t<figcaption>\n\t\t\t\t\t\n\t\t\t\t<\/figcaption>\n\t\t\t<\/figure>\n\t\t\t<figure class=\"post-gallery-item\">\n\t\t\t\t<img decoding=\"async\" src=\"https:\/\/www.pressenza.com\/wp-content\/uploads\/2017\/11\/IMG_0066-720x480.jpg\" loading=\"lazy\">\n\t\t\t\t<figcaption>\n\t\t\t\t\t\n\t\t\t\t<\/figcaption>\n\t\t\t<\/figure>\n\t\t\t<figure class=\"post-gallery-item\">\n\t\t\t\t<img decoding=\"async\" src=\"https:\/\/www.pressenza.com\/wp-content\/uploads\/2017\/11\/IMG_20171115_162259_011-720x540.jpg\" loading=\"lazy\">\n\t\t\t\t<figcaption>\n\t\t\t\t\t\n\t\t\t\t<\/figcaption>\n\t\t\t<\/figure>\n\t\t\t<figure class=\"post-gallery-item\">\n\t\t\t\t<img decoding=\"async\" src=\"https:\/\/www.pressenza.com\/wp-content\/uploads\/2017\/11\/IMG_20171115_162330_721-720x540.jpg\" loading=\"lazy\">\n\t\t\t\t<figcaption>\n\t\t\t\t\t\n\t\t\t\t<\/figcaption>\n\t\t\t<\/figure>\n\t\t\t<figure class=\"post-gallery-item\">\n\t\t\t\t<img decoding=\"async\" src=\"https:\/\/www.pressenza.com\/wp-content\/uploads\/2017\/11\/IMG_20171115_164613_490-720x540.jpg\" loading=\"lazy\">\n\t\t\t\t<figcaption>\n\t\t\t\t\t\n\t\t\t\t<\/figcaption>\n\t\t\t<\/figure><\/div>\n<p>Foto di Ren\u00e9 Gomez<\/p>\n<p>Nella giornata del 17 novembre, nell\u2019auditorium del Palazzo di Cibeles, sede del Comune di Madrid, si \u00e8 svolta un\u2019attivit\u00e0 intensa e serrata con 30 relatori distribuiti tra 10 tavole rotonde e conferenze.<\/p>\n<p>Alla tavola rotonda \u201cMezzi di Comunicazione, al servizio di chi?\u201d hanno partecipato St\u00e9phane Grueso[vi] di Radio Carne Cruda, Magda Bandera[vii] della rivista La Marea e Javier Belda dell\u2019agenzia internazionale Pressenza. Tutti i relatori hanno evidenziato la necessit\u00e0 di contrastare le informazioni promosse dai grandi gruppi economici, spesso assai lontani dalle reali necessit\u00e0 d\u2019informazione dei cittadini.<\/p>\n<p>Nella tavola rotonda dedicata alla Nonviolenza e alla Spiritualit\u00e0 nel mondo d\u2019oggi si sono sviluppati diversi punti di vista. Mois\u00e9s Mato ha messo in rilievo la campagna Nonviolenza 2018, Philippe Moal del Centro Studi Umanisti Noesis ha esposto le basi filosofiche e psicologiche della nonviolenza, Houssein el Ouarachi del Collettivo ONDA ha parlato della nonviolenza dal punto di vista dell\u2019Islam e l\u2019antropologa Aurora Marquina lo ha fatto dal punto di vista della nuova spiritualit\u00e0 del Messaggio di Silo.<\/p>\n<div class=\"post-gallery\">\n\t\t\t<figure class=\"post-gallery-item\">\n\t\t\t\t<img decoding=\"async\" src=\"https:\/\/www.pressenza.com\/wp-content\/uploads\/2017\/11\/IMG_0018-720x480.jpg\" loading=\"lazy\">\n\t\t\t\t<figcaption>\n\t\t\t\t\t\n\t\t\t\t<\/figcaption>\n\t\t\t<\/figure>\n\t\t\t<figure class=\"post-gallery-item\">\n\t\t\t\t<img decoding=\"async\" src=\"https:\/\/www.pressenza.com\/wp-content\/uploads\/2017\/11\/IMG_0024-720x480.jpg\" loading=\"lazy\">\n\t\t\t\t<figcaption>\n\t\t\t\t\t\n\t\t\t\t<\/figcaption>\n\t\t\t<\/figure>\n\t\t\t<figure class=\"post-gallery-item\">\n\t\t\t\t<img decoding=\"async\" src=\"https:\/\/www.pressenza.com\/wp-content\/uploads\/2017\/11\/IMG_0009-720x480.jpg\" loading=\"lazy\">\n\t\t\t\t<figcaption>\n\t\t\t\t\t\n\t\t\t\t<\/figcaption>\n\t\t\t<\/figure>\n\t\t\t<figure class=\"post-gallery-item\">\n\t\t\t\t<img decoding=\"async\" src=\"https:\/\/www.pressenza.com\/wp-content\/uploads\/2017\/11\/IMG_0033-720x480.jpg\" loading=\"lazy\">\n\t\t\t\t<figcaption>\n\t\t\t\t\t\n\t\t\t\t<\/figcaption>\n\t\t\t<\/figure>\n\t\t\t<figure class=\"post-gallery-item\">\n\t\t\t\t<img decoding=\"async\" src=\"https:\/\/www.pressenza.com\/wp-content\/uploads\/2017\/11\/IMG_0031-720x480.jpg\" loading=\"lazy\">\n\t\t\t\t<figcaption>\n\t\t\t\t\t\n\t\t\t\t<\/figcaption>\n\t\t\t<\/figure>\n\t\t\t<figure class=\"post-gallery-item\">\n\t\t\t\t<img decoding=\"async\" src=\"https:\/\/www.pressenza.com\/wp-content\/uploads\/2017\/11\/IMG_0060-1-720x480.jpg\" loading=\"lazy\">\n\t\t\t\t<figcaption>\n\t\t\t\t\t\n\t\t\t\t<\/figcaption>\n\t\t\t<\/figure>\n\t\t\t<figure class=\"post-gallery-item\">\n\t\t\t\t<img decoding=\"async\" src=\"https:\/\/www.pressenza.com\/wp-content\/uploads\/2017\/11\/IMG_0051-720x480.jpg\" loading=\"lazy\">\n\t\t\t\t<figcaption>\n\t\t\t\t\t\n\t\t\t\t<\/figcaption>\n\t\t\t<\/figure>\n\t\t\t<figure class=\"post-gallery-item\">\n\t\t\t\t<img decoding=\"async\" src=\"https:\/\/www.pressenza.com\/wp-content\/uploads\/2017\/11\/IMG_0064-1-720x480.jpg\" loading=\"lazy\">\n\t\t\t\t<figcaption>\n\t\t\t\t\t\n\t\t\t\t<\/figcaption>\n\t\t\t<\/figure>\n\t\t\t<figure class=\"post-gallery-item\">\n\t\t\t\t<img decoding=\"async\" src=\"https:\/\/www.pressenza.com\/wp-content\/uploads\/2017\/11\/IMG_0052-1-720x480.jpg\" loading=\"lazy\">\n\t\t\t\t<figcaption>\n\t\t\t\t\t\n\t\t\t\t<\/figcaption>\n\t\t\t<\/figure>\n\t\t\t<figure class=\"post-gallery-item\">\n\t\t\t\t<img decoding=\"async\" src=\"https:\/\/www.pressenza.com\/wp-content\/uploads\/2017\/11\/aa-1-720x543.jpg\" loading=\"lazy\">\n\t\t\t\t<figcaption>\n\t\t\t\t\t\n\t\t\t\t<\/figcaption>\n\t\t\t<\/figure>\n\t\t\t<figure class=\"post-gallery-item\">\n\t\t\t\t<img decoding=\"async\" src=\"https:\/\/www.pressenza.com\/wp-content\/uploads\/2017\/11\/bb-1-720x546.jpg\" loading=\"lazy\">\n\t\t\t\t<figcaption>\n\t\t\t\t\t\n\t\t\t\t<\/figcaption>\n\t\t\t<\/figure>\n\t\t\t<figure class=\"post-gallery-item\">\n\t\t\t\t<img decoding=\"async\" src=\"https:\/\/www.pressenza.com\/wp-content\/uploads\/2017\/11\/IMG_0093-1-720x480.jpg\" loading=\"lazy\">\n\t\t\t\t<figcaption>\n\t\t\t\t\t\n\t\t\t\t<\/figcaption>\n\t\t\t<\/figure>\n\t\t\t<figure class=\"post-gallery-item\">\n\t\t\t\t<img decoding=\"async\" src=\"https:\/\/www.pressenza.com\/wp-content\/uploads\/2017\/11\/IMG_0096-1-720x480.jpg\" loading=\"lazy\">\n\t\t\t\t<figcaption>\n\t\t\t\t\t\n\t\t\t\t<\/figcaption>\n\t\t\t<\/figure>\n\t\t\t<figure class=\"post-gallery-item\">\n\t\t\t\t<img decoding=\"async\" src=\"https:\/\/www.pressenza.com\/wp-content\/uploads\/2017\/11\/IMG_0106-1-720x480.jpg\" loading=\"lazy\">\n\t\t\t\t<figcaption>\n\t\t\t\t\t\n\t\t\t\t<\/figcaption>\n\t\t\t<\/figure>\n\t\t\t<figure class=\"post-gallery-item\">\n\t\t\t\t<img decoding=\"async\" src=\"https:\/\/www.pressenza.com\/wp-content\/uploads\/2017\/11\/IMG_0111-1-720x480.jpg\" loading=\"lazy\">\n\t\t\t\t<figcaption>\n\t\t\t\t\t\n\t\t\t\t<\/figcaption>\n\t\t\t<\/figure>\n\t\t\t<figure class=\"post-gallery-item\">\n\t\t\t\t<img decoding=\"async\" src=\"https:\/\/www.pressenza.com\/wp-content\/uploads\/2017\/11\/IMG_0113-1-720x480.jpg\" loading=\"lazy\">\n\t\t\t\t<figcaption>\n\t\t\t\t\t\n\t\t\t\t<\/figcaption>\n\t\t\t<\/figure>\n\t\t\t<figure class=\"post-gallery-item\">\n\t\t\t\t<img decoding=\"async\" src=\"https:\/\/www.pressenza.com\/wp-content\/uploads\/2017\/11\/IMG_0114-1-720x480.jpg\" loading=\"lazy\">\n\t\t\t\t<figcaption>\n\t\t\t\t\t\n\t\t\t\t<\/figcaption>\n\t\t\t<\/figure>\n\t\t\t<figure class=\"post-gallery-item\">\n\t\t\t\t<img decoding=\"async\" src=\"https:\/\/www.pressenza.com\/wp-content\/uploads\/2017\/11\/IMG_0121-1-720x480.jpg\" loading=\"lazy\">\n\t\t\t\t<figcaption>\n\t\t\t\t\t\n\t\t\t\t<\/figcaption>\n\t\t\t<\/figure>\n\t\t\t<figure class=\"post-gallery-item\">\n\t\t\t\t<img decoding=\"async\" src=\"https:\/\/www.pressenza.com\/wp-content\/uploads\/2017\/11\/IMG_0125-1-720x480.jpg\" loading=\"lazy\">\n\t\t\t\t<figcaption>\n\t\t\t\t\t\n\t\t\t\t<\/figcaption>\n\t\t\t<\/figure>\n\t\t\t<figure class=\"post-gallery-item\">\n\t\t\t\t<img decoding=\"async\" src=\"https:\/\/www.pressenza.com\/wp-content\/uploads\/2017\/11\/IMG_0127-1-720x480.jpg\" loading=\"lazy\">\n\t\t\t\t<figcaption>\n\t\t\t\t\t\n\t\t\t\t<\/figcaption>\n\t\t\t<\/figure>\n\t\t\t<figure class=\"post-gallery-item\">\n\t\t\t\t<img decoding=\"async\" src=\"https:\/\/www.pressenza.com\/wp-content\/uploads\/2017\/11\/IMG_0131-1-720x480.jpg\" loading=\"lazy\">\n\t\t\t\t<figcaption>\n\t\t\t\t\t\n\t\t\t\t<\/figcaption>\n\t\t\t<\/figure>\n\t\t\t<figure class=\"post-gallery-item\">\n\t\t\t\t<img decoding=\"async\" src=\"https:\/\/www.pressenza.com\/wp-content\/uploads\/2017\/11\/IMG_0134-1-720x480.jpg\" loading=\"lazy\">\n\t\t\t\t<figcaption>\n\t\t\t\t\t\n\t\t\t\t<\/figcaption>\n\t\t\t<\/figure>\n\t\t\t<figure class=\"post-gallery-item\">\n\t\t\t\t<img decoding=\"async\" src=\"https:\/\/www.pressenza.com\/wp-content\/uploads\/2017\/11\/IMG_0138-1-720x480.jpg\" loading=\"lazy\">\n\t\t\t\t<figcaption>\n\t\t\t\t\t\n\t\t\t\t<\/figcaption>\n\t\t\t<\/figure>\n\t\t\t<figure class=\"post-gallery-item\">\n\t\t\t\t<img decoding=\"async\" src=\"https:\/\/www.pressenza.com\/wp-content\/uploads\/2017\/11\/IMG_0145-1-720x480.jpg\" loading=\"lazy\">\n\t\t\t\t<figcaption>\n\t\t\t\t\t\n\t\t\t\t<\/figcaption>\n\t\t\t<\/figure>\n\t\t\t<figure class=\"post-gallery-item\">\n\t\t\t\t<img decoding=\"async\" src=\"https:\/\/www.pressenza.com\/wp-content\/uploads\/2017\/11\/IMG_0154-1-720x480.jpg\" loading=\"lazy\">\n\t\t\t\t<figcaption>\n\t\t\t\t\t\n\t\t\t\t<\/figcaption>\n\t\t\t<\/figure>\n\t\t\t<figure class=\"post-gallery-item\">\n\t\t\t\t<img decoding=\"async\" src=\"https:\/\/www.pressenza.com\/wp-content\/uploads\/2017\/11\/IMG_0158-1-720x480.jpg\" loading=\"lazy\">\n\t\t\t\t<figcaption>\n\t\t\t\t\t\n\t\t\t\t<\/figcaption>\n\t\t\t<\/figure>\n\t\t\t<figure class=\"post-gallery-item\">\n\t\t\t\t<img decoding=\"async\" src=\"https:\/\/www.pressenza.com\/wp-content\/uploads\/2017\/11\/IMG_0162-1-720x480.jpg\" loading=\"lazy\">\n\t\t\t\t<figcaption>\n\t\t\t\t\t\n\t\t\t\t<\/figcaption>\n\t\t\t<\/figure>\n\t\t\t<figure class=\"post-gallery-item\">\n\t\t\t\t<img decoding=\"async\" src=\"https:\/\/www.pressenza.com\/wp-content\/uploads\/2017\/11\/IMG_0168-1-720x480.jpg\" loading=\"lazy\">\n\t\t\t\t<figcaption>\n\t\t\t\t\t\n\t\t\t\t<\/figcaption>\n\t\t\t<\/figure>\n\t\t\t<figure class=\"post-gallery-item\">\n\t\t\t\t<img decoding=\"async\" src=\"https:\/\/www.pressenza.com\/wp-content\/uploads\/2017\/11\/IMG_0169-1-720x480.jpg\" loading=\"lazy\">\n\t\t\t\t<figcaption>\n\t\t\t\t\t\n\t\t\t\t<\/figcaption>\n\t\t\t<\/figure>\n\t\t\t<figure class=\"post-gallery-item\">\n\t\t\t\t<img decoding=\"async\" src=\"https:\/\/www.pressenza.com\/wp-content\/uploads\/2017\/11\/IMG_0172-1-720x480.jpg\" loading=\"lazy\">\n\t\t\t\t<figcaption>\n\t\t\t\t\t\n\t\t\t\t<\/figcaption>\n\t\t\t<\/figure>\n\t\t\t<figure class=\"post-gallery-item\">\n\t\t\t\t<img decoding=\"async\" src=\"https:\/\/www.pressenza.com\/wp-content\/uploads\/2017\/11\/IMG_0177-1-720x480.jpg\" loading=\"lazy\">\n\t\t\t\t<figcaption>\n\t\t\t\t\t\n\t\t\t\t<\/figcaption>\n\t\t\t<\/figure>\n\t\t\t<figure class=\"post-gallery-item\">\n\t\t\t\t<img decoding=\"async\" src=\"https:\/\/www.pressenza.com\/wp-content\/uploads\/2017\/11\/IMG_0178-1-720x480.jpg\" loading=\"lazy\">\n\t\t\t\t<figcaption>\n\t\t\t\t\t\n\t\t\t\t<\/figcaption>\n\t\t\t<\/figure>\n\t\t\t<figure class=\"post-gallery-item\">\n\t\t\t\t<img decoding=\"async\" src=\"https:\/\/www.pressenza.com\/wp-content\/uploads\/2017\/11\/IMG_0180-1-720x480.jpg\" loading=\"lazy\">\n\t\t\t\t<figcaption>\n\t\t\t\t\t\n\t\t\t\t<\/figcaption>\n\t\t\t<\/figure>\n\t\t\t<figure class=\"post-gallery-item\">\n\t\t\t\t<img decoding=\"async\" src=\"https:\/\/www.pressenza.com\/wp-content\/uploads\/2017\/11\/IMG_0183-1-720x480.jpg\" loading=\"lazy\">\n\t\t\t\t<figcaption>\n\t\t\t\t\t\n\t\t\t\t<\/figcaption>\n\t\t\t<\/figure>\n\t\t\t<figure class=\"post-gallery-item\">\n\t\t\t\t<img decoding=\"async\" src=\"https:\/\/www.pressenza.com\/wp-content\/uploads\/2017\/11\/IMG_0187-1-720x480.jpg\" loading=\"lazy\">\n\t\t\t\t<figcaption>\n\t\t\t\t\t\n\t\t\t\t<\/figcaption>\n\t\t\t<\/figure>\n\t\t\t<figure class=\"post-gallery-item\">\n\t\t\t\t<img decoding=\"async\" src=\"https:\/\/www.pressenza.com\/wp-content\/uploads\/2017\/11\/IMG_0190-1-720x480.jpg\" loading=\"lazy\">\n\t\t\t\t<figcaption>\n\t\t\t\t\t\n\t\t\t\t<\/figcaption>\n\t\t\t<\/figure>\n\t\t\t<figure class=\"post-gallery-item\">\n\t\t\t\t<img decoding=\"async\" src=\"https:\/\/www.pressenza.com\/wp-content\/uploads\/2017\/11\/IMG_0192-1-720x480.jpg\" loading=\"lazy\">\n\t\t\t\t<figcaption>\n\t\t\t\t\t\n\t\t\t\t<\/figcaption>\n\t\t\t<\/figure>\n\t\t\t<figure class=\"post-gallery-item\">\n\t\t\t\t<img decoding=\"async\" src=\"https:\/\/www.pressenza.com\/wp-content\/uploads\/2017\/11\/IMG_0193-1-720x480.jpg\" loading=\"lazy\">\n\t\t\t\t<figcaption>\n\t\t\t\t\t\n\t\t\t\t<\/figcaption>\n\t\t\t<\/figure>\n\t\t\t<figure class=\"post-gallery-item\">\n\t\t\t\t<img decoding=\"async\" src=\"https:\/\/www.pressenza.com\/wp-content\/uploads\/2017\/11\/IMG_0197-1-720x480.jpg\" loading=\"lazy\">\n\t\t\t\t<figcaption>\n\t\t\t\t\t\n\t\t\t\t<\/figcaption>\n\t\t\t<\/figure>\n\t\t\t<figure class=\"post-gallery-item\">\n\t\t\t\t<img decoding=\"async\" src=\"https:\/\/www.pressenza.com\/wp-content\/uploads\/2017\/11\/IMG_0200-1-720x480.jpg\" loading=\"lazy\">\n\t\t\t\t<figcaption>\n\t\t\t\t\t\n\t\t\t\t<\/figcaption>\n\t\t\t<\/figure>\n\t\t\t<figure class=\"post-gallery-item\">\n\t\t\t\t<img decoding=\"async\" src=\"https:\/\/www.pressenza.com\/wp-content\/uploads\/2017\/11\/IMG_0210-1-720x480.jpg\" loading=\"lazy\">\n\t\t\t\t<figcaption>\n\t\t\t\t\t\n\t\t\t\t<\/figcaption>\n\t\t\t<\/figure>\n\t\t\t<figure class=\"post-gallery-item\">\n\t\t\t\t<img decoding=\"async\" src=\"https:\/\/www.pressenza.com\/wp-content\/uploads\/2017\/11\/IMG_0224-1-720x480.jpg\" loading=\"lazy\">\n\t\t\t\t<figcaption>\n\t\t\t\t\t\n\t\t\t\t<\/figcaption>\n\t\t\t<\/figure>\n\t\t\t<figure class=\"post-gallery-item\">\n\t\t\t\t<img decoding=\"async\" src=\"https:\/\/www.pressenza.com\/wp-content\/uploads\/2017\/11\/IMG_0225-1-683x1024.jpg\" loading=\"lazy\">\n\t\t\t\t<figcaption>\n\t\t\t\t\t\n\t\t\t\t<\/figcaption>\n\t\t\t<\/figure>\n\t\t\t<figure class=\"post-gallery-item\">\n\t\t\t\t<img decoding=\"async\" src=\"https:\/\/www.pressenza.com\/wp-content\/uploads\/2017\/11\/IMG_0228-1-720x480.jpg\" loading=\"lazy\">\n\t\t\t\t<figcaption>\n\t\t\t\t\t\n\t\t\t\t<\/figcaption>\n\t\t\t<\/figure>\n\t\t\t<figure class=\"post-gallery-item\">\n\t\t\t\t<img decoding=\"async\" src=\"https:\/\/www.pressenza.com\/wp-content\/uploads\/2017\/11\/IMG_0231-1-720x480.jpg\" loading=\"lazy\">\n\t\t\t\t<figcaption>\n\t\t\t\t\t\n\t\t\t\t<\/figcaption>\n\t\t\t<\/figure>\n\t\t\t<figure class=\"post-gallery-item\">\n\t\t\t\t<img decoding=\"async\" src=\"https:\/\/www.pressenza.com\/wp-content\/uploads\/2017\/11\/IMG_0232-1-720x480.jpg\" loading=\"lazy\">\n\t\t\t\t<figcaption>\n\t\t\t\t\t\n\t\t\t\t<\/figcaption>\n\t\t\t<\/figure>\n\t\t\t<figure class=\"post-gallery-item\">\n\t\t\t\t<img decoding=\"async\" src=\"https:\/\/www.pressenza.com\/wp-content\/uploads\/2017\/11\/IMG_0233-720x480.jpg\" loading=\"lazy\">\n\t\t\t\t<figcaption>\n\t\t\t\t\t\n\t\t\t\t<\/figcaption>\n\t\t\t<\/figure>\n\t\t\t<figure class=\"post-gallery-item\">\n\t\t\t\t<img decoding=\"async\" src=\"https:\/\/www.pressenza.com\/wp-content\/uploads\/2017\/11\/IMG_0234-1-720x480.jpg\" loading=\"lazy\">\n\t\t\t\t<figcaption>\n\t\t\t\t\t\n\t\t\t\t<\/figcaption>\n\t\t\t<\/figure>\n\t\t\t<figure class=\"post-gallery-item\">\n\t\t\t\t<img decoding=\"async\" src=\"https:\/\/www.pressenza.com\/wp-content\/uploads\/2017\/11\/IMG_0242-1-720x480.jpg\" loading=\"lazy\">\n\t\t\t\t<figcaption>\n\t\t\t\t\t\n\t\t\t\t<\/figcaption>\n\t\t\t<\/figure>\n\t\t\t<figure class=\"post-gallery-item\">\n\t\t\t\t<img decoding=\"async\" src=\"https:\/\/www.pressenza.com\/wp-content\/uploads\/2017\/11\/IMG_0249-1-720x480.jpg\" loading=\"lazy\">\n\t\t\t\t<figcaption>\n\t\t\t\t\t\n\t\t\t\t<\/figcaption>\n\t\t\t<\/figure>\n\t\t\t<figure class=\"post-gallery-item\">\n\t\t\t\t<img decoding=\"async\" src=\"https:\/\/www.pressenza.com\/wp-content\/uploads\/2017\/11\/IMG_20171117_192128_821-720x540.jpg\" loading=\"lazy\">\n\t\t\t\t<figcaption>\n\t\t\t\t\t\n\t\t\t\t<\/figcaption>\n\t\t\t<\/figure><\/div>\n<h6><span style=\"color: #999999;\"><em>Foto: Ren\u00e9 G\u00f3mez<\/em><\/span><em>\u00a0 <\/em><em>(<a href=\"https:\/\/photos.app.goo.gl\/0KjcZhdNMwTongNn1\">Album<\/a>)<\/em><\/h6>\n<p>Antonio Zurita, direttore della UCCI [viii] ha dichiarato che il Comune di Madrid e la UCCI avrebbero collaborato alla preparazione della 2\u00aa Marcia Mondiale e ha espresso l\u2019interesse a sostenere i valori della nonviolenza e a sviluppare la proposta delle Citt\u00e0 della pace. Ha evidenziato la necessit\u00e0 di un\u2019alleanza tra il potere politico locale e quello sociale per la piena realizzazione di questo tipo di azioni. Ha riportato una frase del professor Tierno Galv\u00e1n, ex sindaco di Madrid, che sosteneva: \u201cGli imperi crollano, ma le citt\u00e0 rimangono\u201d. Ha annunciato che nel 2018 si celebrer\u00e0 una nuova edizione del Forum Mondiale sulle Violenze Urbane con l\u2019obiettivo di costruire Citt\u00e0 della Pace e Citt\u00e0 della Convivenza. Zurita ha invitato Mondo senza Guerre a partecipare al comitato organizzatore del Forum.<\/p>\n<p>Sar\u00e0 in questo Forum Internazionale, a cui sono invitati i sindaci delle 300 citt\u00e0 pi\u00f9 popolose del pianeta, che si realizzer\u00e0 nel 2018 il lancio mondiale ufficiale della 2\u00aa Marcia per la Pace e la Nonviolenza.<\/p>\n<p>Ecco il calendario provvisorio della 2\u00aaMM:<br \/>\nEUROPA: Madrid \u2013 2\/10\/2019, Cadice \u2013 6\/10<br \/>\nAFRICA: Casablanca 8\/10, Dakar 27\/10<br \/>\nAMERICA: New York 28\/10, San Jos\u00e9 di Costa Rica 20\/11, Bogot\u00e0 21\/11, Santiago \u2013 Cile 3\/1\/2020<br \/>\nOCEANIA-ASIA: Wellington \u2013 4\/1, New Delhi 30\/1\/2020<br \/>\nEUROPA: Mosca 6\/2, Madrid 8\/3\/2020<\/p>\n<p>Tali date saranno confermate, cos\u00ec come i percorsi dettagliati in ogni paese, nel mese di ottobre 2018 durante il lancio mondiale della 2MM.<\/p>\n<p>Rafael de la Rubia<br \/>\nMembro dell\u2019Equipe di coordinamento mondiale di Mondo senza Guerre e senza Violenza e coordinatore dell\u2019Equipe Base che ha realizzato la 1\u00aa Marcia Mondiale<br \/>\n\u2014<br \/>\n[i] PNND- Rete dei parlamentari per la non proliferazione e il disarmo nucleare<br \/>\n[ii] Lo scorso 7 luglio 2017, su iniziativa dell\u2019ONU, 122 paesi hanno ultimato i negoziati e l\u2019elaborazione di un Trattato per la proibizione delle armi nucleari. Dal 20 settembre 2017 il Trattato \u00e8 stato aperto alla firma degli Stati, con l\u2019aspettativa fondata di essere ratificato da pi\u00f9 di 50 paesi quale condizione per entrare in vigore.<br \/>\n[iii] Pedro Arrojo Agudo, deputato di Podemos. Ha conseguito il dottorato in Fisica e insegna nell\u2019Universit\u00e0 di Saragozza; le sue ricerche sono concentrate sull\u2019economia dell\u2019acqua.<br \/>\n[iv] Pablo Bustinduy Amador \u00e8 il Portavoce del Gruppo Parlamentare di Unidos Podemos nella Commissione Affari Esteri del Congresso e deputato di Podemos per Madrid. E\u2019 anche coordinatore della Segreteria Internazionale del partito.<br \/>\n[v] Alyn Ware, fondatore e coordinatore della Rete dei Parlamentari per la non proliferazione e il disarmo nucleare.<br \/>\n[vi] St\u00e9phane Grueso, giornalista, cineasta e attivista sociale.<br \/>\n[vii] Magda Bandera \u00e8 giornalista e scrittrice.<br \/>\n[viii] UCCI-Unione delle Citt\u00e0 Capitali Ibero-Americane. Rete di cittadini che raggruppa tutte le capitali ibero-americane e altre citt\u00e0 emblematiche della regione.<\/p>\n<p>Traduzione dallo spagnolo di Giovanna Vasciminno<\/p>\n<p><iframe loading=\"lazy\" title=\"Acci\u00f3n de apoyo al Tratado de prohibici\u00f3n de armas nucleares de la ONU\" width=\"500\" height=\"281\" src=\"https:\/\/www.youtube.com\/embed\/byrkvEmXHoQ?feature=oembed\" frameborder=\"0\" allow=\"accelerometer; autoplay; clipboard-write; encrypted-media; gyroscope; picture-in-picture; web-share\" referrerpolicy=\"strict-origin-when-cross-origin\" allowfullscreen><\/iframe><\/p>\n<h6><span style=\"color: #999999;\"><em>video de Alvaro Orus<\/em><\/span><\/h6>\n","protected":false},"excerpt":{"rendered":"<p>Durante le Giornate della Nonviolenza, svoltesi a Madrid dal 15 al 18 novembre, \u00e8 stata presentata la 2\u00aa Marcia Mondiale per la Pace e la Nonviolenza, che avr\u00e0 inizio il 2 ottobre 2019 a Madrid e terminer\u00e0 l\u20198 marzo 2020.&hellip;<\/p>\n","protected":false},"author":42,"featured_media":558121,"comment_status":"closed","ping_status":"closed","sticky":false,"template":"","format":"standard","meta":{"footnotes":""},"categories":[150,11388,59,47,5677,1263,57,1260,27065],"tags":[3854,3491,41996,1602],"class_list":["post-560999","post","type-post","status-publish","format-standard","has-post-thumbnail","hentry","category-comunicati-stampa","category-contenuti-originali","category-ambiente-ecologia","category-europa","category-fotoreportages","category-pace-disarmo","category-affari-esteri","category-umanesimo-spiritualita","category-video-it","tag-disarmo-nucleare","tag-marcia-mondiale-per-la-pace-e-la-nonviolenza","tag-2a-marcia-mondiale-per-la-pace-e-la-nonviolenza","tag-spagna"],"yoast_head":"<!-- This site is optimized with the Yoast SEO plugin v27.1.1 - https:\/\/yoast.com\/product\/yoast-seo-wordpress\/ -->\n<title>Presentata a Madrid la 2\u00aa Marcia Mondiale per la Pace e la Nonviolenza 2019<\/title>\n<meta name=\"description\" content=\"Durante le Giornate della Nonviolenza, svoltesi a Madrid dal 15 al 18 novembre, \u00e8 stata presentata la 2\u00aa Marcia Mondiale per la Pace e la Nonviolenza, che\" \/>\n<meta name=\"robots\" content=\"index, follow, max-snippet:-1, max-image-preview:large, max-video-preview:-1\" \/>\n<link rel=\"canonical\" href=\"https:\/\/www.pressenza.com\/it\/2017\/11\/presentata-madrid-la-2a-marcia-mondiale-la-pace-la-nonviolenza-2019\/\" \/>\n<meta property=\"og:locale\" content=\"it_IT\" \/>\n<meta property=\"og:type\" content=\"article\" \/>\n<meta property=\"og:title\" content=\"Presentata a Madrid la 2\u00aa Marcia Mondiale per la Pace e la Nonviolenza 2019\" \/>\n<meta property=\"og:description\" content=\"Durante le Giornate della Nonviolenza, svoltesi a Madrid dal 15 al 18 novembre, \u00e8 stata presentata la 2\u00aa Marcia Mondiale per la Pace e la Nonviolenza, che\" \/>\n<meta property=\"og:url\" content=\"https:\/\/www.pressenza.com\/it\/2017\/11\/presentata-madrid-la-2a-marcia-mondiale-la-pace-la-nonviolenza-2019\/\" \/>\n<meta property=\"og:site_name\" content=\"Pressenza\" \/>\n<meta property=\"article:publisher\" content=\"https:\/\/www.facebook.com\/PressenzaItalia\" \/>\n<meta property=\"article:published_time\" content=\"2017-11-25T15:36:12+00:00\" \/>\n<meta property=\"article:modified_time\" content=\"2018-02-28T22:05:11+00:00\" \/>\n<meta property=\"og:image\" content=\"https:\/\/www.pressenza.com\/wp-content\/uploads\/2017\/11\/worldmarchmap-2018-Madrid-b2.jpg\" \/>\n\t<meta property=\"og:image:width\" content=\"2048\" \/>\n\t<meta property=\"og:image:height\" content=\"1429\" \/>\n\t<meta property=\"og:image:type\" content=\"image\/jpeg\" \/>\n<meta name=\"author\" content=\"Rafael De La Rubia\" \/>\n<meta name=\"twitter:card\" content=\"summary_large_image\" \/>\n<meta name=\"twitter:creator\" content=\"@raffka\" \/>\n<meta name=\"twitter:site\" content=\"@PressenzaIPA\" \/>\n<meta name=\"twitter:label1\" content=\"Scritto da\" \/>\n\t<meta name=\"twitter:data1\" content=\"Rafael De La Rubia\" \/>\n\t<meta name=\"twitter:label2\" content=\"Tempo di lettura stimato\" \/>\n\t<meta name=\"twitter:data2\" content=\"5 minuti\" \/>\n<script type=\"application\/ld+json\" class=\"yoast-schema-graph\">{\"@context\":\"https:\/\/schema.org\",\"@graph\":[{\"@type\":\"Article\",\"@id\":\"https:\/\/www.pressenza.com\/it\/2017\/11\/presentata-madrid-la-2a-marcia-mondiale-la-pace-la-nonviolenza-2019\/#article\",\"isPartOf\":{\"@id\":\"https:\/\/www.pressenza.com\/it\/2017\/11\/presentata-madrid-la-2a-marcia-mondiale-la-pace-la-nonviolenza-2019\/\"},\"author\":{\"name\":\"Rafael De La Rubia\",\"@id\":\"https:\/\/www.pressenza.com\/it\/#\/schema\/person\/f0a41b562e086ea0d8a8150002e7958e\"},\"headline\":\"Presentata a Madrid la 2\u00aa Marcia Mondiale per la Pace e la Nonviolenza 2019\",\"datePublished\":\"2017-11-25T15:36:12+00:00\",\"dateModified\":\"2018-02-28T22:05:11+00:00\",\"mainEntityOfPage\":{\"@id\":\"https:\/\/www.pressenza.com\/it\/2017\/11\/presentata-madrid-la-2a-marcia-mondiale-la-pace-la-nonviolenza-2019\/\"},\"wordCount\":919,\"publisher\":{\"@id\":\"https:\/\/www.pressenza.com\/it\/#organization\"},\"image\":{\"@id\":\"https:\/\/www.pressenza.com\/it\/2017\/11\/presentata-madrid-la-2a-marcia-mondiale-la-pace-la-nonviolenza-2019\/#primaryimage\"},\"thumbnailUrl\":\"https:\/\/www.pressenza.com\/wp-content\/uploads\/2017\/11\/worldmarchmap-2018-Madrid-b2.jpg\",\"keywords\":[\"disarmo nucleare\",\"Marcia Mondiale per la Pace e la Nonviolenza\",\"Seconda Marcia Mondiale per la Pace e la Nonviolenza\",\"Spagna\"],\"articleSection\":[\"Comunicati Stampa\",\"contenuti originali\",\"Ecologia ed Ambiente\",\"Europa\",\"Fotoreportages\",\"Pace e Disarmo\",\"Questioni internazionali\",\"Umanesimo e Spiritualit\u00e0\",\"Video\"],\"inLanguage\":\"it-IT\"},{\"@type\":\"WebPage\",\"@id\":\"https:\/\/www.pressenza.com\/it\/2017\/11\/presentata-madrid-la-2a-marcia-mondiale-la-pace-la-nonviolenza-2019\/\",\"url\":\"https:\/\/www.pressenza.com\/it\/2017\/11\/presentata-madrid-la-2a-marcia-mondiale-la-pace-la-nonviolenza-2019\/\",\"name\":\"Presentata a Madrid la 2\u00aa Marcia Mondiale per la Pace e la Nonviolenza 2019\",\"isPartOf\":{\"@id\":\"https:\/\/www.pressenza.com\/it\/#website\"},\"primaryImageOfPage\":{\"@id\":\"https:\/\/www.pressenza.com\/it\/2017\/11\/presentata-madrid-la-2a-marcia-mondiale-la-pace-la-nonviolenza-2019\/#primaryimage\"},\"image\":{\"@id\":\"https:\/\/www.pressenza.com\/it\/2017\/11\/presentata-madrid-la-2a-marcia-mondiale-la-pace-la-nonviolenza-2019\/#primaryimage\"},\"thumbnailUrl\":\"https:\/\/www.pressenza.com\/wp-content\/uploads\/2017\/11\/worldmarchmap-2018-Madrid-b2.jpg\",\"datePublished\":\"2017-11-25T15:36:12+00:00\",\"dateModified\":\"2018-02-28T22:05:11+00:00\",\"description\":\"Durante le Giornate della Nonviolenza, svoltesi a Madrid dal 15 al 18 novembre, \u00e8 stata presentata la 2\u00aa Marcia Mondiale per la Pace e la Nonviolenza, che\",\"breadcrumb\":{\"@id\":\"https:\/\/www.pressenza.com\/it\/2017\/11\/presentata-madrid-la-2a-marcia-mondiale-la-pace-la-nonviolenza-2019\/#breadcrumb\"},\"inLanguage\":\"it-IT\",\"potentialAction\":[{\"@type\":\"ReadAction\",\"target\":[\"https:\/\/www.pressenza.com\/it\/2017\/11\/presentata-madrid-la-2a-marcia-mondiale-la-pace-la-nonviolenza-2019\/\"]}]},{\"@type\":\"ImageObject\",\"inLanguage\":\"it-IT\",\"@id\":\"https:\/\/www.pressenza.com\/it\/2017\/11\/presentata-madrid-la-2a-marcia-mondiale-la-pace-la-nonviolenza-2019\/#primaryimage\",\"url\":\"https:\/\/www.pressenza.com\/wp-content\/uploads\/2017\/11\/worldmarchmap-2018-Madrid-b2.jpg\",\"contentUrl\":\"https:\/\/www.pressenza.com\/wp-content\/uploads\/2017\/11\/worldmarchmap-2018-Madrid-b2.jpg\",\"width\":2048,\"height\":1429},{\"@type\":\"BreadcrumbList\",\"@id\":\"https:\/\/www.pressenza.com\/it\/2017\/11\/presentata-madrid-la-2a-marcia-mondiale-la-pace-la-nonviolenza-2019\/#breadcrumb\",\"itemListElement\":[{\"@type\":\"ListItem\",\"position\":1,\"name\":\"Accueil\",\"item\":\"https:\/\/www.pressenza.com\/it\/\"},{\"@type\":\"ListItem\",\"position\":2,\"name\":\"Presentata a Madrid la 2\u00aa Marcia Mondiale per la Pace e la Nonviolenza 2019\"}]},{\"@type\":\"WebSite\",\"@id\":\"https:\/\/www.pressenza.com\/it\/#website\",\"url\":\"https:\/\/www.pressenza.com\/it\/\",\"name\":\"Pressenza\",\"description\":\"Agenzia di Stampa Internazionale\",\"publisher\":{\"@id\":\"https:\/\/www.pressenza.com\/it\/#organization\"},\"potentialAction\":[{\"@type\":\"SearchAction\",\"target\":{\"@type\":\"EntryPoint\",\"urlTemplate\":\"https:\/\/www.pressenza.com\/it\/?s={search_term_string}\"},\"query-input\":{\"@type\":\"PropertyValueSpecification\",\"valueRequired\":true,\"valueName\":\"search_term_string\"}}],\"inLanguage\":\"it-IT\"},{\"@type\":\"Organization\",\"@id\":\"https:\/\/www.pressenza.com\/it\/#organization\",\"name\":\"Pressenza\",\"url\":\"https:\/\/www.pressenza.com\/it\/\",\"logo\":{\"@type\":\"ImageObject\",\"inLanguage\":\"it-IT\",\"@id\":\"https:\/\/www.pressenza.com\/it\/#\/schema\/logo\/image\/\",\"url\":\"https:\/\/www.pressenza.com\/wp-content\/uploads\/2022\/10\/pressenza_logo_200x200.jpg\",\"contentUrl\":\"https:\/\/www.pressenza.com\/wp-content\/uploads\/2022\/10\/pressenza_logo_200x200.jpg\",\"width\":200,\"height\":200,\"caption\":\"Pressenza\"},\"image\":{\"@id\":\"https:\/\/www.pressenza.com\/it\/#\/schema\/logo\/image\/\"},\"sameAs\":[\"https:\/\/www.facebook.com\/PressenzaItalia\",\"https:\/\/x.com\/PressenzaIPA\"]},{\"@type\":\"Person\",\"@id\":\"https:\/\/www.pressenza.com\/it\/#\/schema\/person\/f0a41b562e086ea0d8a8150002e7958e\",\"name\":\"Rafael De La Rubia\",\"description\":\"Spanish Humanist. Founder of the Organization World without Wars and Violence and spokesperson of the World March for Peace and Nonviolence theworldmarch.org\",\"sameAs\":[\"https:\/\/x.com\/raffka\"],\"url\":\"https:\/\/www.pressenza.com\/it\/author\/rafael-de-la-rubia\/\"}]}<\/script>\n<!-- \/ Yoast SEO plugin. -->","yoast_head_json":{"title":"Presentata a Madrid la 2\u00aa Marcia Mondiale per la Pace e la Nonviolenza 2019","description":"Durante le Giornate della Nonviolenza, svoltesi a Madrid dal 15 al 18 novembre, \u00e8 stata presentata la 2\u00aa Marcia Mondiale per la Pace e la Nonviolenza, che","robots":{"index":"index","follow":"follow","max-snippet":"max-snippet:-1","max-image-preview":"max-image-preview:large","max-video-preview":"max-video-preview:-1"},"canonical":"https:\/\/www.pressenza.com\/it\/2017\/11\/presentata-madrid-la-2a-marcia-mondiale-la-pace-la-nonviolenza-2019\/","og_locale":"it_IT","og_type":"article","og_title":"Presentata a Madrid la 2\u00aa Marcia Mondiale per la Pace e la Nonviolenza 2019","og_description":"Durante le Giornate della Nonviolenza, svoltesi a Madrid dal 15 al 18 novembre, \u00e8 stata presentata la 2\u00aa Marcia Mondiale per la Pace e la Nonviolenza, che","og_url":"https:\/\/www.pressenza.com\/it\/2017\/11\/presentata-madrid-la-2a-marcia-mondiale-la-pace-la-nonviolenza-2019\/","og_site_name":"Pressenza","article_publisher":"https:\/\/www.facebook.com\/PressenzaItalia","article_published_time":"2017-11-25T15:36:12+00:00","article_modified_time":"2018-02-28T22:05:11+00:00","og_image":[{"width":2048,"height":1429,"url":"https:\/\/www.pressenza.com\/wp-content\/uploads\/2017\/11\/worldmarchmap-2018-Madrid-b2.jpg","type":"image\/jpeg"}],"author":"Rafael De La Rubia","twitter_card":"summary_large_image","twitter_creator":"@raffka","twitter_site":"@PressenzaIPA","twitter_misc":{"Scritto da":"Rafael De La Rubia","Tempo di lettura stimato":"5 minuti"},"schema":{"@context":"https:\/\/schema.org","@graph":[{"@type":"Article","@id":"https:\/\/www.pressenza.com\/it\/2017\/11\/presentata-madrid-la-2a-marcia-mondiale-la-pace-la-nonviolenza-2019\/#article","isPartOf":{"@id":"https:\/\/www.pressenza.com\/it\/2017\/11\/presentata-madrid-la-2a-marcia-mondiale-la-pace-la-nonviolenza-2019\/"},"author":{"name":"Rafael De La Rubia","@id":"https:\/\/www.pressenza.com\/it\/#\/schema\/person\/f0a41b562e086ea0d8a8150002e7958e"},"headline":"Presentata a Madrid la 2\u00aa Marcia Mondiale per la Pace e la Nonviolenza 2019","datePublished":"2017-11-25T15:36:12+00:00","dateModified":"2018-02-28T22:05:11+00:00","mainEntityOfPage":{"@id":"https:\/\/www.pressenza.com\/it\/2017\/11\/presentata-madrid-la-2a-marcia-mondiale-la-pace-la-nonviolenza-2019\/"},"wordCount":919,"publisher":{"@id":"https:\/\/www.pressenza.com\/it\/#organization"},"image":{"@id":"https:\/\/www.pressenza.com\/it\/2017\/11\/presentata-madrid-la-2a-marcia-mondiale-la-pace-la-nonviolenza-2019\/#primaryimage"},"thumbnailUrl":"https:\/\/www.pressenza.com\/wp-content\/uploads\/2017\/11\/worldmarchmap-2018-Madrid-b2.jpg","keywords":["disarmo nucleare","Marcia Mondiale per la Pace e la Nonviolenza","Seconda Marcia Mondiale per la Pace e la Nonviolenza","Spagna"],"articleSection":["Comunicati Stampa","contenuti originali","Ecologia ed Ambiente","Europa","Fotoreportages","Pace e Disarmo","Questioni internazionali","Umanesimo e Spiritualit\u00e0","Video"],"inLanguage":"it-IT"},{"@type":"WebPage","@id":"https:\/\/www.pressenza.com\/it\/2017\/11\/presentata-madrid-la-2a-marcia-mondiale-la-pace-la-nonviolenza-2019\/","url":"https:\/\/www.pressenza.com\/it\/2017\/11\/presentata-madrid-la-2a-marcia-mondiale-la-pace-la-nonviolenza-2019\/","name":"Presentata a Madrid la 2\u00aa Marcia Mondiale per la Pace e la Nonviolenza 2019","isPartOf":{"@id":"https:\/\/www.pressenza.com\/it\/#website"},"primaryImageOfPage":{"@id":"https:\/\/www.pressenza.com\/it\/2017\/11\/presentata-madrid-la-2a-marcia-mondiale-la-pace-la-nonviolenza-2019\/#primaryimage"},"image":{"@id":"https:\/\/www.pressenza.com\/it\/2017\/11\/presentata-madrid-la-2a-marcia-mondiale-la-pace-la-nonviolenza-2019\/#primaryimage"},"thumbnailUrl":"https:\/\/www.pressenza.com\/wp-content\/uploads\/2017\/11\/worldmarchmap-2018-Madrid-b2.jpg","datePublished":"2017-11-25T15:36:12+00:00","dateModified":"2018-02-28T22:05:11+00:00","description":"Durante le Giornate della Nonviolenza, svoltesi a Madrid dal 15 al 18 novembre, \u00e8 stata presentata la 2\u00aa Marcia Mondiale per la Pace e la Nonviolenza, che","breadcrumb":{"@id":"https:\/\/www.pressenza.com\/it\/2017\/11\/presentata-madrid-la-2a-marcia-mondiale-la-pace-la-nonviolenza-2019\/#breadcrumb"},"inLanguage":"it-IT","potentialAction":[{"@type":"ReadAction","target":["https:\/\/www.pressenza.com\/it\/2017\/11\/presentata-madrid-la-2a-marcia-mondiale-la-pace-la-nonviolenza-2019\/"]}]},{"@type":"ImageObject","inLanguage":"it-IT","@id":"https:\/\/www.pressenza.com\/it\/2017\/11\/presentata-madrid-la-2a-marcia-mondiale-la-pace-la-nonviolenza-2019\/#primaryimage","url":"https:\/\/www.pressenza.com\/wp-content\/uploads\/2017\/11\/worldmarchmap-2018-Madrid-b2.jpg","contentUrl":"https:\/\/www.pressenza.com\/wp-content\/uploads\/2017\/11\/worldmarchmap-2018-Madrid-b2.jpg","width":2048,"height":1429},{"@type":"BreadcrumbList","@id":"https:\/\/www.pressenza.com\/it\/2017\/11\/presentata-madrid-la-2a-marcia-mondiale-la-pace-la-nonviolenza-2019\/#breadcrumb","itemListElement":[{"@type":"ListItem","position":1,"name":"Accueil","item":"https:\/\/www.pressenza.com\/it\/"},{"@type":"ListItem","position":2,"name":"Presentata a Madrid la 2\u00aa Marcia Mondiale per la Pace e la Nonviolenza 2019"}]},{"@type":"WebSite","@id":"https:\/\/www.pressenza.com\/it\/#website","url":"https:\/\/www.pressenza.com\/it\/","name":"Pressenza","description":"Agenzia di Stampa Internazionale","publisher":{"@id":"https:\/\/www.pressenza.com\/it\/#organization"},"potentialAction":[{"@type":"SearchAction","target":{"@type":"EntryPoint","urlTemplate":"https:\/\/www.pressenza.com\/it\/?s={search_term_string}"},"query-input":{"@type":"PropertyValueSpecification","valueRequired":true,"valueName":"search_term_string"}}],"inLanguage":"it-IT"},{"@type":"Organization","@id":"https:\/\/www.pressenza.com\/it\/#organization","name":"Pressenza","url":"https:\/\/www.pressenza.com\/it\/","logo":{"@type":"ImageObject","inLanguage":"it-IT","@id":"https:\/\/www.pressenza.com\/it\/#\/schema\/logo\/image\/","url":"https:\/\/www.pressenza.com\/wp-content\/uploads\/2022\/10\/pressenza_logo_200x200.jpg","contentUrl":"https:\/\/www.pressenza.com\/wp-content\/uploads\/2022\/10\/pressenza_logo_200x200.jpg","width":200,"height":200,"caption":"Pressenza"},"image":{"@id":"https:\/\/www.pressenza.com\/it\/#\/schema\/logo\/image\/"},"sameAs":["https:\/\/www.facebook.com\/PressenzaItalia","https:\/\/x.com\/PressenzaIPA"]},{"@type":"Person","@id":"https:\/\/www.pressenza.com\/it\/#\/schema\/person\/f0a41b562e086ea0d8a8150002e7958e","name":"Rafael De La Rubia","description":"Spanish Humanist. Founder of the Organization World without Wars and Violence and spokesperson of the World March for Peace and Nonviolence theworldmarch.org","sameAs":["https:\/\/x.com\/raffka"],"url":"https:\/\/www.pressenza.com\/it\/author\/rafael-de-la-rubia\/"}]}},"place":"Madrid","original_article_url":"","_links":{"self":[{"href":"https:\/\/www.pressenza.com\/it\/wp-json\/wp\/v2\/posts\/560999","targetHints":{"allow":["GET"]}}],"collection":[{"href":"https:\/\/www.pressenza.com\/it\/wp-json\/wp\/v2\/posts"}],"about":[{"href":"https:\/\/www.pressenza.com\/it\/wp-json\/wp\/v2\/types\/post"}],"author":[{"embeddable":true,"href":"https:\/\/www.pressenza.com\/it\/wp-json\/wp\/v2\/users\/42"}],"replies":[{"embeddable":true,"href":"https:\/\/www.pressenza.com\/it\/wp-json\/wp\/v2\/comments?post=560999"}],"version-history":[{"count":0,"href":"https:\/\/www.pressenza.com\/it\/wp-json\/wp\/v2\/posts\/560999\/revisions"}],"wp:featuredmedia":[{"embeddable":true,"href":"https:\/\/www.pressenza.com\/it\/wp-json\/wp\/v2\/media\/558121"}],"wp:attachment":[{"href":"https:\/\/www.pressenza.com\/it\/wp-json\/wp\/v2\/media?parent=560999"}],"wp:term":[{"taxonomy":"category","embeddable":true,"href":"https:\/\/www.pressenza.com\/it\/wp-json\/wp\/v2\/categories?post=560999"},{"taxonomy":"post_tag","embeddable":true,"href":"https:\/\/www.pressenza.com\/it\/wp-json\/wp\/v2\/tags?post=560999"}],"curies":[{"name":"wp","href":"https:\/\/api.w.org\/{rel}","templated":true}]}}