{"id":559578,"date":"2017-11-23T20:17:31","date_gmt":"2017-11-23T20:17:31","guid":{"rendered":"https:\/\/www.pressenza.com\/?p=559578\/"},"modified":"2017-12-04T09:41:17","modified_gmt":"2017-12-04T09:41:17","slug":"la-carovana-delle-donne-disarmo-nucleare-cammino","status":"publish","type":"post","link":"https:\/\/www.pressenza.com\/it\/2017\/11\/la-carovana-delle-donne-disarmo-nucleare-cammino\/","title":{"rendered":"La Carovana delle donne per il disarmo nucleare \u00e8 in cammino"},"content":{"rendered":"<p>La Carovana delle Donne \u00e8 in marcia su vari territori italiani per promuovere una profonda coscienza sociale e politica rivolta ad ottenere il disarmo nucleare.<\/p>\n<p>Per l\u2019evento nazionale di avvio -19 novembre &#8211; \u00e8 stata scelta la citt\u00e0 di Livorno, una citt\u00e0 resa funzionale alla guerra attraverso \u00a0una \u00a0sinergia negativa tra porto nucleare (uno degli 11 in Italia), base militare Usa di Camp Darby e Hub aereo militare di Pisa.<\/p>\n<p>Dal 20 novembre fino al 10 dicembre in contemporanea si sono attivate varie citt\u00e0 con presidi davanti a numerosi siti militari e alle basi militari dove sono stoccate le circa 70 bombe nucleari Usa (Ghedi e Aviano), manifestazioni, raccolte di firme, incontri con gli studenti, filmati, mostre, presentazione di libri e iniziative di arte per la pace. Questo il messaggio riverberato dalla Carovana:<\/p>\n<p style=\"text-align: center;\">NO alle Armi Nucleari<\/p>\n<p style=\"text-align: center;\">S\u00cc alla sicurezza dei territori e alla salute della popolazione<\/p>\n<p style=\"text-align: center;\">S\u00cc a una Economia di Pace<\/p>\n<p style=\"text-align: center;\">S\u00cc alla firma e ratifica italiana del Trattato di Proibizione delle Armi Nucleari<\/p>\n<p style=\"text-align: center;\">(Onu 7 luglio 2017)<\/p>\n<p style=\"text-align: center;\">S\u00cc alla difesa della nostra Costituzione.<\/p>\n<p>&nbsp;<\/p>\n<p style=\"text-align: left;\">Il <strong>25 novembre<\/strong> la Carovana parteciper\u00e0 a Roma alla Manifestazione Contro la violenza sulle Donne indetta da NonUnaDiMeno e <strong>l\u201911 dicembre<\/strong> consegner\u00e0 alla Presidenza della Repubblica le firme raccolte sulla Petizione che chiede al Governo\u00a0 la Ratifica\u00a0 del TPNW.<\/p>\n<p>La Carovana \u00e8 promossa dalla WILPF Italia (Lega internazionale Donne per la Pace e la Libert\u00e0) che \u00e8 parte attiva di ICAN , la Campagna Internazionale per il Disarmo Nucleare, Premio Nobel per la Pace 2017.\u00a0 Molte le associazioni copromotrici: Disarmisti Esigenti, Comitato No guerra No Nato, Pax Christi, Pressenza, LDU, Accademia Kronos, Energia Felice, PeaceLink, Donne in Nero, Mondo senza guerre e senza violenza, Fermiamo chi scherza col Fuoco atomico (Campagna OSM-DPN), AWMR Italia &#8211; Associazione Donne della Regione Mediterranea.<\/p>\n<p>Antonia Sani e Giovanna Pagani, WILPF Italia<\/p>\n<p>&nbsp;<\/p>\n","protected":false},"excerpt":{"rendered":"<p>La Carovana delle Donne \u00e8 in marcia su vari territori italiani per promuovere una profonda coscienza sociale e politica rivolta ad ottenere il disarmo nucleare. Per l\u2019evento nazionale di avvio -19 novembre &#8211; \u00e8 stata scelta la citt\u00e0 di Livorno,&hellip;<\/p>\n","protected":false},"author":1483,"featured_media":559657,"comment_status":"closed","ping_status":"closed","sticky":false,"template":"","format":"standard","meta":{"footnotes":""},"categories":[11388,47,1263],"tags":[41468,231,41961,38548],"class_list":["post-559578","post","type-post","status-publish","format-standard","has-post-thumbnail","hentry","category-contenuti-originali","category-europa","category-pace-disarmo","tag-carovana-delle-donne-per-il-disarmo-nucleare","tag-disarmo","tag-manifestazione-contro-la-violenza-sulle-donne-indetta-da-nonunadimeno","tag-wilpf-italia"],"yoast_head":"<!-- This site is optimized with the Yoast SEO plugin v27.1.1 - https:\/\/yoast.com\/product\/yoast-seo-wordpress\/ -->\n<title>La Carovana delle donne per il disarmo nucleare \u00e8 in cammino<\/title>\n<meta name=\"description\" content=\"La Carovana delle Donne \u00e8 in marcia su vari territori italiani per promuovere una profonda coscienza sociale e politica rivolta ad ottenere il disarmo\" \/>\n<meta name=\"robots\" content=\"index, follow, max-snippet:-1, max-image-preview:large, max-video-preview:-1\" \/>\n<link rel=\"canonical\" href=\"https:\/\/www.pressenza.com\/it\/2017\/11\/la-carovana-delle-donne-disarmo-nucleare-cammino\/\" \/>\n<meta property=\"og:locale\" content=\"it_IT\" \/>\n<meta property=\"og:type\" content=\"article\" \/>\n<meta property=\"og:title\" content=\"La Carovana delle donne per il disarmo nucleare \u00e8 in cammino\" \/>\n<meta property=\"og:description\" content=\"La Carovana delle Donne \u00e8 in marcia su vari territori italiani per promuovere una profonda coscienza sociale e politica rivolta ad ottenere il disarmo\" \/>\n<meta property=\"og:url\" content=\"https:\/\/www.pressenza.com\/it\/2017\/11\/la-carovana-delle-donne-disarmo-nucleare-cammino\/\" \/>\n<meta property=\"og:site_name\" content=\"Pressenza\" \/>\n<meta property=\"article:publisher\" content=\"https:\/\/www.facebook.com\/PressenzaItalia\" \/>\n<meta property=\"article:published_time\" content=\"2017-11-23T20:17:31+00:00\" \/>\n<meta property=\"article:modified_time\" content=\"2017-12-04T09:41:17+00:00\" \/>\n<meta property=\"og:image\" content=\"https:\/\/www.pressenza.com\/wp-content\/uploads\/2017\/11\/2foto-carovana-3.jpg\" \/>\n\t<meta property=\"og:image:width\" content=\"960\" \/>\n\t<meta property=\"og:image:height\" content=\"539\" \/>\n\t<meta property=\"og:image:type\" content=\"image\/jpeg\" \/>\n<meta name=\"author\" content=\"WILPF (Women&#039;s International League for Peace and Freedom)\" \/>\n<meta name=\"twitter:card\" content=\"summary_large_image\" \/>\n<meta name=\"twitter:creator\" content=\"@PressenzaIPA\" \/>\n<meta name=\"twitter:site\" content=\"@PressenzaIPA\" \/>\n<meta name=\"twitter:label1\" content=\"Scritto da\" \/>\n\t<meta name=\"twitter:data1\" content=\"WILPF (Women&#039;s International League for Peace and Freedom)\" \/>\n\t<meta name=\"twitter:label2\" content=\"Tempo di lettura stimato\" \/>\n\t<meta name=\"twitter:data2\" content=\"1 minuto\" \/>\n<script type=\"application\/ld+json\" class=\"yoast-schema-graph\">{\"@context\":\"https:\/\/schema.org\",\"@graph\":[{\"@type\":\"Article\",\"@id\":\"https:\/\/www.pressenza.com\/it\/2017\/11\/la-carovana-delle-donne-disarmo-nucleare-cammino\/#article\",\"isPartOf\":{\"@id\":\"https:\/\/www.pressenza.com\/it\/2017\/11\/la-carovana-delle-donne-disarmo-nucleare-cammino\/\"},\"author\":{\"name\":\"WILPF (Women's International League for Peace and Freedom)\",\"@id\":\"https:\/\/www.pressenza.com\/it\/#\/schema\/person\/1e335f91597008dacd72b0656edb10e0\"},\"headline\":\"La Carovana delle donne per il disarmo nucleare \u00e8 in cammino\",\"datePublished\":\"2017-11-23T20:17:31+00:00\",\"dateModified\":\"2017-12-04T09:41:17+00:00\",\"mainEntityOfPage\":{\"@id\":\"https:\/\/www.pressenza.com\/it\/2017\/11\/la-carovana-delle-donne-disarmo-nucleare-cammino\/\"},\"wordCount\":303,\"publisher\":{\"@id\":\"https:\/\/www.pressenza.com\/it\/#organization\"},\"image\":{\"@id\":\"https:\/\/www.pressenza.com\/it\/2017\/11\/la-carovana-delle-donne-disarmo-nucleare-cammino\/#primaryimage\"},\"thumbnailUrl\":\"https:\/\/www.pressenza.com\/wp-content\/uploads\/2017\/11\/2foto-carovana-3.jpg\",\"keywords\":[\"carovana delle donne per il disarmo nucleare\",\"disarmo\",\"Manifestazione Contro la violenza sulle Donne indetta da NonUnaDiMeno\",\"Wilpf Italia\"],\"articleSection\":[\"contenuti originali\",\"Europa\",\"Pace e Disarmo\"],\"inLanguage\":\"it-IT\"},{\"@type\":\"WebPage\",\"@id\":\"https:\/\/www.pressenza.com\/it\/2017\/11\/la-carovana-delle-donne-disarmo-nucleare-cammino\/\",\"url\":\"https:\/\/www.pressenza.com\/it\/2017\/11\/la-carovana-delle-donne-disarmo-nucleare-cammino\/\",\"name\":\"La Carovana delle donne per il disarmo nucleare \u00e8 in cammino\",\"isPartOf\":{\"@id\":\"https:\/\/www.pressenza.com\/it\/#website\"},\"primaryImageOfPage\":{\"@id\":\"https:\/\/www.pressenza.com\/it\/2017\/11\/la-carovana-delle-donne-disarmo-nucleare-cammino\/#primaryimage\"},\"image\":{\"@id\":\"https:\/\/www.pressenza.com\/it\/2017\/11\/la-carovana-delle-donne-disarmo-nucleare-cammino\/#primaryimage\"},\"thumbnailUrl\":\"https:\/\/www.pressenza.com\/wp-content\/uploads\/2017\/11\/2foto-carovana-3.jpg\",\"datePublished\":\"2017-11-23T20:17:31+00:00\",\"dateModified\":\"2017-12-04T09:41:17+00:00\",\"description\":\"La Carovana delle Donne \u00e8 in marcia su vari territori italiani per promuovere una profonda coscienza sociale e politica rivolta ad ottenere il disarmo\",\"breadcrumb\":{\"@id\":\"https:\/\/www.pressenza.com\/it\/2017\/11\/la-carovana-delle-donne-disarmo-nucleare-cammino\/#breadcrumb\"},\"inLanguage\":\"it-IT\",\"potentialAction\":[{\"@type\":\"ReadAction\",\"target\":[\"https:\/\/www.pressenza.com\/it\/2017\/11\/la-carovana-delle-donne-disarmo-nucleare-cammino\/\"]}]},{\"@type\":\"ImageObject\",\"inLanguage\":\"it-IT\",\"@id\":\"https:\/\/www.pressenza.com\/it\/2017\/11\/la-carovana-delle-donne-disarmo-nucleare-cammino\/#primaryimage\",\"url\":\"https:\/\/www.pressenza.com\/wp-content\/uploads\/2017\/11\/2foto-carovana-3.jpg\",\"contentUrl\":\"https:\/\/www.pressenza.com\/wp-content\/uploads\/2017\/11\/2foto-carovana-3.jpg\",\"width\":960,\"height\":539},{\"@type\":\"BreadcrumbList\",\"@id\":\"https:\/\/www.pressenza.com\/it\/2017\/11\/la-carovana-delle-donne-disarmo-nucleare-cammino\/#breadcrumb\",\"itemListElement\":[{\"@type\":\"ListItem\",\"position\":1,\"name\":\"Accueil\",\"item\":\"https:\/\/www.pressenza.com\/it\/\"},{\"@type\":\"ListItem\",\"position\":2,\"name\":\"La Carovana delle donne per il disarmo nucleare \u00e8 in cammino\"}]},{\"@type\":\"WebSite\",\"@id\":\"https:\/\/www.pressenza.com\/it\/#website\",\"url\":\"https:\/\/www.pressenza.com\/it\/\",\"name\":\"Pressenza\",\"description\":\"Agenzia di Stampa Internazionale\",\"publisher\":{\"@id\":\"https:\/\/www.pressenza.com\/it\/#organization\"},\"potentialAction\":[{\"@type\":\"SearchAction\",\"target\":{\"@type\":\"EntryPoint\",\"urlTemplate\":\"https:\/\/www.pressenza.com\/it\/?s={search_term_string}\"},\"query-input\":{\"@type\":\"PropertyValueSpecification\",\"valueRequired\":true,\"valueName\":\"search_term_string\"}}],\"inLanguage\":\"it-IT\"},{\"@type\":\"Organization\",\"@id\":\"https:\/\/www.pressenza.com\/it\/#organization\",\"name\":\"Pressenza\",\"url\":\"https:\/\/www.pressenza.com\/it\/\",\"logo\":{\"@type\":\"ImageObject\",\"inLanguage\":\"it-IT\",\"@id\":\"https:\/\/www.pressenza.com\/it\/#\/schema\/logo\/image\/\",\"url\":\"https:\/\/www.pressenza.com\/wp-content\/uploads\/2022\/10\/pressenza_logo_200x200.jpg\",\"contentUrl\":\"https:\/\/www.pressenza.com\/wp-content\/uploads\/2022\/10\/pressenza_logo_200x200.jpg\",\"width\":200,\"height\":200,\"caption\":\"Pressenza\"},\"image\":{\"@id\":\"https:\/\/www.pressenza.com\/it\/#\/schema\/logo\/image\/\"},\"sameAs\":[\"https:\/\/www.facebook.com\/PressenzaItalia\",\"https:\/\/x.com\/PressenzaIPA\"]},{\"@type\":\"Person\",\"@id\":\"https:\/\/www.pressenza.com\/it\/#\/schema\/person\/1e335f91597008dacd72b0656edb10e0\",\"name\":\"WILPF (Women's International League for Peace and Freedom)\",\"description\":\"Il 28 Aprile 1915, per la prima volta nella storia, pi\u00f9 di 1000 donne provenienti da 12 paesi dell\u2019Europa e dell\u2019America si riuniscono in Olanda all\u2019Aja in un Congresso Internazionale, per opporsi alla 1\u00b0 Guerra Mondiale in corso. Tra le delegate all\u2019Aja anche una donna italiana, Rosa Genoni, che sar\u00e0 molto attiva a Milano. Al termine del Congresso viene istituito il Comitato Internazionale delle Donne per la Pace e la Libert\u00e0 che, successivamente, nel 1919 si trasforma nella WOMEN\u2019S INTERNATIONAL LEAGUE FOR PEACE AND FREEDOM (Lega Internazionale di Donne per la Pace e la Libert\u00e0), la prima organizzazione internazionale di donne per la pace che oggi \u00e8 presente in tutti i continenti. La FINALITA\u2019 della WILPF \u00e8 quella di riunire donne di differenti tendenze politiche e filosofiche che vogliono studiare, far conoscere e aiutare ad abolire le cause politiche, sociali, economiche e psicologiche della guerra, e lavorare per la pace. https:\/\/wilpfitalia.wordpress.com\/\",\"sameAs\":[\"https:\/\/wilpfitalia.wordpress.com\/\"],\"url\":\"https:\/\/www.pressenza.com\/it\/author\/wilpf\/\"}]}<\/script>\n<!-- \/ Yoast SEO plugin. -->","yoast_head_json":{"title":"La Carovana delle donne per il disarmo nucleare \u00e8 in cammino","description":"La Carovana delle Donne \u00e8 in marcia su vari territori italiani per promuovere una profonda coscienza sociale e politica rivolta ad ottenere il disarmo","robots":{"index":"index","follow":"follow","max-snippet":"max-snippet:-1","max-image-preview":"max-image-preview:large","max-video-preview":"max-video-preview:-1"},"canonical":"https:\/\/www.pressenza.com\/it\/2017\/11\/la-carovana-delle-donne-disarmo-nucleare-cammino\/","og_locale":"it_IT","og_type":"article","og_title":"La Carovana delle donne per il disarmo nucleare \u00e8 in cammino","og_description":"La Carovana delle Donne \u00e8 in marcia su vari territori italiani per promuovere una profonda coscienza sociale e politica rivolta ad ottenere il disarmo","og_url":"https:\/\/www.pressenza.com\/it\/2017\/11\/la-carovana-delle-donne-disarmo-nucleare-cammino\/","og_site_name":"Pressenza","article_publisher":"https:\/\/www.facebook.com\/PressenzaItalia","article_published_time":"2017-11-23T20:17:31+00:00","article_modified_time":"2017-12-04T09:41:17+00:00","og_image":[{"width":960,"height":539,"url":"https:\/\/www.pressenza.com\/wp-content\/uploads\/2017\/11\/2foto-carovana-3.jpg","type":"image\/jpeg"}],"author":"WILPF (Women's International League for Peace and Freedom)","twitter_card":"summary_large_image","twitter_creator":"@PressenzaIPA","twitter_site":"@PressenzaIPA","twitter_misc":{"Scritto da":"WILPF (Women's International League for Peace and Freedom)","Tempo di lettura stimato":"1 minuto"},"schema":{"@context":"https:\/\/schema.org","@graph":[{"@type":"Article","@id":"https:\/\/www.pressenza.com\/it\/2017\/11\/la-carovana-delle-donne-disarmo-nucleare-cammino\/#article","isPartOf":{"@id":"https:\/\/www.pressenza.com\/it\/2017\/11\/la-carovana-delle-donne-disarmo-nucleare-cammino\/"},"author":{"name":"WILPF (Women's International League for Peace and Freedom)","@id":"https:\/\/www.pressenza.com\/it\/#\/schema\/person\/1e335f91597008dacd72b0656edb10e0"},"headline":"La Carovana delle donne per il disarmo nucleare \u00e8 in cammino","datePublished":"2017-11-23T20:17:31+00:00","dateModified":"2017-12-04T09:41:17+00:00","mainEntityOfPage":{"@id":"https:\/\/www.pressenza.com\/it\/2017\/11\/la-carovana-delle-donne-disarmo-nucleare-cammino\/"},"wordCount":303,"publisher":{"@id":"https:\/\/www.pressenza.com\/it\/#organization"},"image":{"@id":"https:\/\/www.pressenza.com\/it\/2017\/11\/la-carovana-delle-donne-disarmo-nucleare-cammino\/#primaryimage"},"thumbnailUrl":"https:\/\/www.pressenza.com\/wp-content\/uploads\/2017\/11\/2foto-carovana-3.jpg","keywords":["carovana delle donne per il disarmo nucleare","disarmo","Manifestazione Contro la violenza sulle Donne indetta da NonUnaDiMeno","Wilpf Italia"],"articleSection":["contenuti originali","Europa","Pace e Disarmo"],"inLanguage":"it-IT"},{"@type":"WebPage","@id":"https:\/\/www.pressenza.com\/it\/2017\/11\/la-carovana-delle-donne-disarmo-nucleare-cammino\/","url":"https:\/\/www.pressenza.com\/it\/2017\/11\/la-carovana-delle-donne-disarmo-nucleare-cammino\/","name":"La Carovana delle donne per il disarmo nucleare \u00e8 in cammino","isPartOf":{"@id":"https:\/\/www.pressenza.com\/it\/#website"},"primaryImageOfPage":{"@id":"https:\/\/www.pressenza.com\/it\/2017\/11\/la-carovana-delle-donne-disarmo-nucleare-cammino\/#primaryimage"},"image":{"@id":"https:\/\/www.pressenza.com\/it\/2017\/11\/la-carovana-delle-donne-disarmo-nucleare-cammino\/#primaryimage"},"thumbnailUrl":"https:\/\/www.pressenza.com\/wp-content\/uploads\/2017\/11\/2foto-carovana-3.jpg","datePublished":"2017-11-23T20:17:31+00:00","dateModified":"2017-12-04T09:41:17+00:00","description":"La Carovana delle Donne \u00e8 in marcia su vari territori italiani per promuovere una profonda coscienza sociale e politica rivolta ad ottenere il disarmo","breadcrumb":{"@id":"https:\/\/www.pressenza.com\/it\/2017\/11\/la-carovana-delle-donne-disarmo-nucleare-cammino\/#breadcrumb"},"inLanguage":"it-IT","potentialAction":[{"@type":"ReadAction","target":["https:\/\/www.pressenza.com\/it\/2017\/11\/la-carovana-delle-donne-disarmo-nucleare-cammino\/"]}]},{"@type":"ImageObject","inLanguage":"it-IT","@id":"https:\/\/www.pressenza.com\/it\/2017\/11\/la-carovana-delle-donne-disarmo-nucleare-cammino\/#primaryimage","url":"https:\/\/www.pressenza.com\/wp-content\/uploads\/2017\/11\/2foto-carovana-3.jpg","contentUrl":"https:\/\/www.pressenza.com\/wp-content\/uploads\/2017\/11\/2foto-carovana-3.jpg","width":960,"height":539},{"@type":"BreadcrumbList","@id":"https:\/\/www.pressenza.com\/it\/2017\/11\/la-carovana-delle-donne-disarmo-nucleare-cammino\/#breadcrumb","itemListElement":[{"@type":"ListItem","position":1,"name":"Accueil","item":"https:\/\/www.pressenza.com\/it\/"},{"@type":"ListItem","position":2,"name":"La Carovana delle donne per il disarmo nucleare \u00e8 in cammino"}]},{"@type":"WebSite","@id":"https:\/\/www.pressenza.com\/it\/#website","url":"https:\/\/www.pressenza.com\/it\/","name":"Pressenza","description":"Agenzia di Stampa Internazionale","publisher":{"@id":"https:\/\/www.pressenza.com\/it\/#organization"},"potentialAction":[{"@type":"SearchAction","target":{"@type":"EntryPoint","urlTemplate":"https:\/\/www.pressenza.com\/it\/?s={search_term_string}"},"query-input":{"@type":"PropertyValueSpecification","valueRequired":true,"valueName":"search_term_string"}}],"inLanguage":"it-IT"},{"@type":"Organization","@id":"https:\/\/www.pressenza.com\/it\/#organization","name":"Pressenza","url":"https:\/\/www.pressenza.com\/it\/","logo":{"@type":"ImageObject","inLanguage":"it-IT","@id":"https:\/\/www.pressenza.com\/it\/#\/schema\/logo\/image\/","url":"https:\/\/www.pressenza.com\/wp-content\/uploads\/2022\/10\/pressenza_logo_200x200.jpg","contentUrl":"https:\/\/www.pressenza.com\/wp-content\/uploads\/2022\/10\/pressenza_logo_200x200.jpg","width":200,"height":200,"caption":"Pressenza"},"image":{"@id":"https:\/\/www.pressenza.com\/it\/#\/schema\/logo\/image\/"},"sameAs":["https:\/\/www.facebook.com\/PressenzaItalia","https:\/\/x.com\/PressenzaIPA"]},{"@type":"Person","@id":"https:\/\/www.pressenza.com\/it\/#\/schema\/person\/1e335f91597008dacd72b0656edb10e0","name":"WILPF (Women's International League for Peace and Freedom)","description":"Il 28 Aprile 1915, per la prima volta nella storia, pi\u00f9 di 1000 donne provenienti da 12 paesi dell\u2019Europa e dell\u2019America si riuniscono in Olanda all\u2019Aja in un Congresso Internazionale, per opporsi alla 1\u00b0 Guerra Mondiale in corso. Tra le delegate all\u2019Aja anche una donna italiana, Rosa Genoni, che sar\u00e0 molto attiva a Milano. Al termine del Congresso viene istituito il Comitato Internazionale delle Donne per la Pace e la Libert\u00e0 che, successivamente, nel 1919 si trasforma nella WOMEN\u2019S INTERNATIONAL LEAGUE FOR PEACE AND FREEDOM (Lega Internazionale di Donne per la Pace e la Libert\u00e0), la prima organizzazione internazionale di donne per la pace che oggi \u00e8 presente in tutti i continenti. La FINALITA\u2019 della WILPF \u00e8 quella di riunire donne di differenti tendenze politiche e filosofiche che vogliono studiare, far conoscere e aiutare ad abolire le cause politiche, sociali, economiche e psicologiche della guerra, e lavorare per la pace. https:\/\/wilpfitalia.wordpress.com\/","sameAs":["https:\/\/wilpfitalia.wordpress.com\/"],"url":"https:\/\/www.pressenza.com\/it\/author\/wilpf\/"}]}},"place":"WILPF Italia","original_article_url":"","_links":{"self":[{"href":"https:\/\/www.pressenza.com\/it\/wp-json\/wp\/v2\/posts\/559578","targetHints":{"allow":["GET"]}}],"collection":[{"href":"https:\/\/www.pressenza.com\/it\/wp-json\/wp\/v2\/posts"}],"about":[{"href":"https:\/\/www.pressenza.com\/it\/wp-json\/wp\/v2\/types\/post"}],"author":[{"embeddable":true,"href":"https:\/\/www.pressenza.com\/it\/wp-json\/wp\/v2\/users\/1483"}],"replies":[{"embeddable":true,"href":"https:\/\/www.pressenza.com\/it\/wp-json\/wp\/v2\/comments?post=559578"}],"version-history":[{"count":0,"href":"https:\/\/www.pressenza.com\/it\/wp-json\/wp\/v2\/posts\/559578\/revisions"}],"wp:featuredmedia":[{"embeddable":true,"href":"https:\/\/www.pressenza.com\/it\/wp-json\/wp\/v2\/media\/559657"}],"wp:attachment":[{"href":"https:\/\/www.pressenza.com\/it\/wp-json\/wp\/v2\/media?parent=559578"}],"wp:term":[{"taxonomy":"category","embeddable":true,"href":"https:\/\/www.pressenza.com\/it\/wp-json\/wp\/v2\/categories?post=559578"},{"taxonomy":"post_tag","embeddable":true,"href":"https:\/\/www.pressenza.com\/it\/wp-json\/wp\/v2\/tags?post=559578"}],"curies":[{"name":"wp","href":"https:\/\/api.w.org\/{rel}","templated":true}]}}