{"id":559256,"date":"2017-11-22T21:48:13","date_gmt":"2017-11-22T21:48:13","guid":{"rendered":"https:\/\/www.pressenza.com\/?p=559256\/"},"modified":"2018-04-07T17:17:00","modified_gmt":"2018-04-07T16:17:00","slug":"cile-quello-rimasto-dalle-elezioni","status":"publish","type":"post","link":"https:\/\/www.pressenza.com\/it\/2017\/11\/cile-quello-rimasto-dalle-elezioni\/","title":{"rendered":"Cile: quello che \u00e8 rimasto dalle elezioni"},"content":{"rendered":"<p>I risultati delle elezioni presidenziali e parlamentari cilene sorprendono anche se non dovrebbero. Ormai da tempo i sondaggi non sono pi\u00f9 strumenti affidabili, per via della crescente astensione, dell\u2019alto numero di indecisi man mano che si avvicinano le elezioni e della loro manipolazione da parte dei poteri di fatto.<\/p>\n<p>L\u2019astensione e l\u2019indecisione sono dovute essenzialmente alla depoliticizzazione che si sta vivendo, in cui pare che la vita dei cittadini segua un percorso diverso dalla politica. Come se la politica non influenzasse le nostre vite, la direzione presa dalla nazione, come se non avesse importanza chi sono le nostre autorit\u00e0. Ormai un\u2019elezione non si basa su ideali o un\u2019immagine di futuro, ma su quanto sia conosciuta una \u00a0persona. Si spiega cos\u00ec l\u2019esplosione di candidati provenienti dal mondo dello spettacolo, molti dei quali sono stati eletti.<\/p>\n<p>E\u2019 la banalizzazione della politica. Dopo il cibo e i film spazzatura, adesso c\u2019\u00e8 anche una politica spazzatura, con una grande quantit\u00e0 di politici tutti uguali.<\/p>\n<p>Il rischio che corriamo, come diceva a suo tempo Platone, \u00e8 che disinteressandoci della politica finiremo per essere governati dagli uomini peggiori.<\/p>\n<p>D\u2019altra parte i sondaggi si sono rivelati sbagliati. Davano per vincitore Pi\u00f1era, molto al di sopra del 40% e assegnavano alla candidata del Frente Amplio, Beatriz S\u00e1nchez, una tendenza in calo che l\u2019attestava pi\u00f9 o meno intorno al 10%. A partire dai sondaggi e in collusione con i mezzi di comunicazione di massa, si \u00e8 fabbricato uno scenario del secondo turno con Pi\u00f1era contro Guillier, pensando a una distanza di oltre 20 punti tra di loro. Tuttavia i cittadini, o almeno molti di quelli che hanno votato, non si sono lasciati influenzare dai sondaggi e hanno smentito le previsioni.<\/p>\n<p>In termini di aspettative, Pi\u00f1era \u00e8 stato sconfitto perch\u00e9 non ha ottenuto il risultato sperato e ora dovr\u00e0 fare i salti mortali per arrivare al 50% e vincere al secondo turno. I voti di Kast non gli basteranno. Dovr\u00e0 muoversi verso l\u2019estrema destra e verso il centro, una specie di missione impossibile.<\/p>\n<p>Dall\u2019altra parte Guillier non pu\u00f2 presentarsi come trionfatore, visto che \u00e8 arrivato secondo, ma i risultati gli\u00a0 permettono di vedere la luce alla fine del tunnel: la distanza da Pi\u00f1era infatti non \u00e8 grande come si pensava e c\u2019\u00e8 tutta una parte del Frente Amplio da conquistare, che non vuole Pi\u00f1era presidente. Neanche per lui sar\u00e0 facile, per\u00f2. Non potr\u00e0 avere intenzioni occulte.<\/p>\n<p>Il 20% del Frente Amplio permette ai suoi dirigenti si collocarsi in una posizione alla pari con Guillier e i suoi. Queste conversazioni andranno fatte davanti al paese, riguardo a pochi temi specifici su cui si potrebbero stringere accordi chiari.<\/p>\n<p>In ogni caso il nostro dramma \u00e8 che abbiamo un paese diviso politicamente in due parti quasi uguali, con alcuni che vogliono mantenere il modello neoliberista individualista e competitivo in tutte le sue espressioni e altri che lo vogliono sostituire in modo radicale con un modello basato sulla solidariet\u00e0. Una met\u00e0 lievemente superiore, corrispondente circa al 55% , aspira a quest\u2019ultimo modello.<\/p>\n<p>Finora si \u00e8 tentato senza successo di rompere questa semi parit\u00e0. Per farlo sarebbe necessario un grande accordo nazionale che abbia come punti centrali l\u2019istruzione, la sanit\u00e0 e le pensioni, da considerare un bene pubblico e non privato. Questo comporterebbe un grande sforzo nazionale per assicurare educazione e cure sanitarie gratuite e di buon livello e farla finita con i fondi pensione come sono concepiti attualmente.<\/p>\n<p>&nbsp;<\/p>\n<p>&nbsp;<\/p>\n","protected":false},"excerpt":{"rendered":"<p>I risultati delle elezioni presidenziali e parlamentari cilene sorprendono anche se non dovrebbero. Ormai da tempo i sondaggi non sono pi\u00f9 strumenti affidabili, per via della crescente astensione, dell\u2019alto numero di indecisi man mano che si avvicinano le elezioni e&hellip;<\/p>\n","protected":false},"author":1346,"featured_media":558945,"comment_status":"closed","ping_status":"closed","sticky":false,"template":"","format":"standard","meta":{"footnotes":""},"categories":[11388,162,55,48],"tags":[35915,540,616,44998,41940,2004],"class_list":["post-559256","post","type-post","status-publish","format-standard","has-post-thumbnail","hentry","category-contenuti-originali","category-opinioni","category-politica","category-sud-america","tag-beatriz-sanchez","tag-cile","tag-elezioni","tag-frente-amplio-it","tag-guillier-secondo-turno","tag-pinera"],"yoast_head":"<!-- This site is optimized with the Yoast SEO plugin v27.1.1 - https:\/\/yoast.com\/product\/yoast-seo-wordpress\/ -->\n<title>Cile: quello che \u00e8 rimasto dalle elezioni<\/title>\n<meta name=\"description\" content=\"I risultati delle elezioni presidenziali e parlamentari cilene sorprendono anche se non dovrebbero. Ormai da tempo i sondaggi non sono pi\u00f9 strumenti\" \/>\n<meta name=\"robots\" content=\"index, follow, max-snippet:-1, max-image-preview:large, max-video-preview:-1\" \/>\n<link rel=\"canonical\" href=\"https:\/\/www.pressenza.com\/it\/2017\/11\/cile-quello-rimasto-dalle-elezioni\/\" \/>\n<meta property=\"og:locale\" content=\"it_IT\" \/>\n<meta property=\"og:type\" content=\"article\" \/>\n<meta property=\"og:title\" content=\"Cile: quello che \u00e8 rimasto dalle elezioni\" \/>\n<meta property=\"og:description\" content=\"I risultati delle elezioni presidenziali e parlamentari cilene sorprendono anche se non dovrebbero. Ormai da tempo i sondaggi non sono pi\u00f9 strumenti\" \/>\n<meta property=\"og:url\" content=\"https:\/\/www.pressenza.com\/it\/2017\/11\/cile-quello-rimasto-dalle-elezioni\/\" \/>\n<meta property=\"og:site_name\" content=\"Pressenza\" \/>\n<meta property=\"article:publisher\" content=\"https:\/\/www.facebook.com\/PressenzaItalia\" \/>\n<meta property=\"article:published_time\" content=\"2017-11-22T21:48:13+00:00\" \/>\n<meta property=\"article:modified_time\" content=\"2018-04-07T16:17:00+00:00\" \/>\n<meta property=\"og:image\" content=\"https:\/\/www.pressenza.com\/wp-content\/uploads\/2017\/11\/A_UNO_868004-1-810x540.jpg\" \/>\n\t<meta property=\"og:image:width\" content=\"810\" \/>\n\t<meta property=\"og:image:height\" content=\"540\" \/>\n\t<meta property=\"og:image:type\" content=\"image\/jpeg\" \/>\n<meta name=\"author\" content=\"Rodolfo Schmal\" \/>\n<meta name=\"twitter:card\" content=\"summary_large_image\" \/>\n<meta name=\"twitter:creator\" content=\"@PressenzaIPA\" \/>\n<meta name=\"twitter:site\" content=\"@PressenzaIPA\" \/>\n<meta name=\"twitter:label1\" content=\"Scritto da\" \/>\n\t<meta name=\"twitter:data1\" content=\"Rodolfo Schmal\" \/>\n\t<meta name=\"twitter:label2\" content=\"Tempo di lettura stimato\" \/>\n\t<meta name=\"twitter:data2\" content=\"3 minuti\" \/>\n<script type=\"application\/ld+json\" class=\"yoast-schema-graph\">{\"@context\":\"https:\/\/schema.org\",\"@graph\":[{\"@type\":\"Article\",\"@id\":\"https:\/\/www.pressenza.com\/it\/2017\/11\/cile-quello-rimasto-dalle-elezioni\/#article\",\"isPartOf\":{\"@id\":\"https:\/\/www.pressenza.com\/it\/2017\/11\/cile-quello-rimasto-dalle-elezioni\/\"},\"author\":{\"name\":\"Rodolfo Schmal\",\"@id\":\"https:\/\/www.pressenza.com\/it\/#\/schema\/person\/f997ea76500c802de8beb920d3db5a96\"},\"headline\":\"Cile: quello che \u00e8 rimasto dalle elezioni\",\"datePublished\":\"2017-11-22T21:48:13+00:00\",\"dateModified\":\"2018-04-07T16:17:00+00:00\",\"mainEntityOfPage\":{\"@id\":\"https:\/\/www.pressenza.com\/it\/2017\/11\/cile-quello-rimasto-dalle-elezioni\/\"},\"wordCount\":576,\"publisher\":{\"@id\":\"https:\/\/www.pressenza.com\/it\/#organization\"},\"image\":{\"@id\":\"https:\/\/www.pressenza.com\/it\/2017\/11\/cile-quello-rimasto-dalle-elezioni\/#primaryimage\"},\"thumbnailUrl\":\"https:\/\/www.pressenza.com\/wp-content\/uploads\/2017\/11\/A_UNO_868004-1-810x540.jpg\",\"keywords\":[\"Beatriz S\u00e1nchez\",\"Cile\",\"elezioni\",\"Frente Amplio\",\"Guillier. secondo turno\",\"Pi\u00f1era\"],\"articleSection\":[\"contenuti originali\",\"Opinioni\",\"Politica\",\"Sud America\"],\"inLanguage\":\"it-IT\"},{\"@type\":\"WebPage\",\"@id\":\"https:\/\/www.pressenza.com\/it\/2017\/11\/cile-quello-rimasto-dalle-elezioni\/\",\"url\":\"https:\/\/www.pressenza.com\/it\/2017\/11\/cile-quello-rimasto-dalle-elezioni\/\",\"name\":\"Cile: quello che \u00e8 rimasto dalle elezioni\",\"isPartOf\":{\"@id\":\"https:\/\/www.pressenza.com\/it\/#website\"},\"primaryImageOfPage\":{\"@id\":\"https:\/\/www.pressenza.com\/it\/2017\/11\/cile-quello-rimasto-dalle-elezioni\/#primaryimage\"},\"image\":{\"@id\":\"https:\/\/www.pressenza.com\/it\/2017\/11\/cile-quello-rimasto-dalle-elezioni\/#primaryimage\"},\"thumbnailUrl\":\"https:\/\/www.pressenza.com\/wp-content\/uploads\/2017\/11\/A_UNO_868004-1-810x540.jpg\",\"datePublished\":\"2017-11-22T21:48:13+00:00\",\"dateModified\":\"2018-04-07T16:17:00+00:00\",\"description\":\"I risultati delle elezioni presidenziali e parlamentari cilene sorprendono anche se non dovrebbero. Ormai da tempo i sondaggi non sono pi\u00f9 strumenti\",\"breadcrumb\":{\"@id\":\"https:\/\/www.pressenza.com\/it\/2017\/11\/cile-quello-rimasto-dalle-elezioni\/#breadcrumb\"},\"inLanguage\":\"it-IT\",\"potentialAction\":[{\"@type\":\"ReadAction\",\"target\":[\"https:\/\/www.pressenza.com\/it\/2017\/11\/cile-quello-rimasto-dalle-elezioni\/\"]}]},{\"@type\":\"ImageObject\",\"inLanguage\":\"it-IT\",\"@id\":\"https:\/\/www.pressenza.com\/it\/2017\/11\/cile-quello-rimasto-dalle-elezioni\/#primaryimage\",\"url\":\"https:\/\/www.pressenza.com\/wp-content\/uploads\/2017\/11\/A_UNO_868004-1-810x540.jpg\",\"contentUrl\":\"https:\/\/www.pressenza.com\/wp-content\/uploads\/2017\/11\/A_UNO_868004-1-810x540.jpg\",\"width\":810,\"height\":540},{\"@type\":\"BreadcrumbList\",\"@id\":\"https:\/\/www.pressenza.com\/it\/2017\/11\/cile-quello-rimasto-dalle-elezioni\/#breadcrumb\",\"itemListElement\":[{\"@type\":\"ListItem\",\"position\":1,\"name\":\"Accueil\",\"item\":\"https:\/\/www.pressenza.com\/it\/\"},{\"@type\":\"ListItem\",\"position\":2,\"name\":\"Cile: quello che \u00e8 rimasto dalle elezioni\"}]},{\"@type\":\"WebSite\",\"@id\":\"https:\/\/www.pressenza.com\/it\/#website\",\"url\":\"https:\/\/www.pressenza.com\/it\/\",\"name\":\"Pressenza\",\"description\":\"Agenzia di Stampa Internazionale\",\"publisher\":{\"@id\":\"https:\/\/www.pressenza.com\/it\/#organization\"},\"potentialAction\":[{\"@type\":\"SearchAction\",\"target\":{\"@type\":\"EntryPoint\",\"urlTemplate\":\"https:\/\/www.pressenza.com\/it\/?s={search_term_string}\"},\"query-input\":{\"@type\":\"PropertyValueSpecification\",\"valueRequired\":true,\"valueName\":\"search_term_string\"}}],\"inLanguage\":\"it-IT\"},{\"@type\":\"Organization\",\"@id\":\"https:\/\/www.pressenza.com\/it\/#organization\",\"name\":\"Pressenza\",\"url\":\"https:\/\/www.pressenza.com\/it\/\",\"logo\":{\"@type\":\"ImageObject\",\"inLanguage\":\"it-IT\",\"@id\":\"https:\/\/www.pressenza.com\/it\/#\/schema\/logo\/image\/\",\"url\":\"https:\/\/www.pressenza.com\/wp-content\/uploads\/2022\/10\/pressenza_logo_200x200.jpg\",\"contentUrl\":\"https:\/\/www.pressenza.com\/wp-content\/uploads\/2022\/10\/pressenza_logo_200x200.jpg\",\"width\":200,\"height\":200,\"caption\":\"Pressenza\"},\"image\":{\"@id\":\"https:\/\/www.pressenza.com\/it\/#\/schema\/logo\/image\/\"},\"sameAs\":[\"https:\/\/www.facebook.com\/PressenzaItalia\",\"https:\/\/x.com\/PressenzaIPA\"]},{\"@type\":\"Person\",\"@id\":\"https:\/\/www.pressenza.com\/it\/#\/schema\/person\/f997ea76500c802de8beb920d3db5a96\",\"name\":\"Rodolfo Schmal\",\"description\":\"Rodolfo Schmal Simon es Ingeniero Civil Industrial de la Universidad de Chile y Magister en Inform\u00e1tica de la Universidad Polit\u00e9cnica de Madrid-Espa\u00f1a. Ha sido profesor de las Universidades de Chile, del Norte, de Tarapac\u00e1 y de Talca; socio de las empresas inform\u00e1ticas PRODAT y ALEPH; Director de ZOFRI S.A.; Secretario y Tesorero de la Asociaci\u00f3n de Acad\u00e9micos de la Universidad de Talca. Es autor de textos docentes y art\u00edculos en revistas acad\u00e9micas nacionales e internacionales indexadas. Reside en Talca, Chile.\",\"url\":\"https:\/\/www.pressenza.com\/it\/author\/rodolfo-schmal\/\"}]}<\/script>\n<!-- \/ Yoast SEO plugin. -->","yoast_head_json":{"title":"Cile: quello che \u00e8 rimasto dalle elezioni","description":"I risultati delle elezioni presidenziali e parlamentari cilene sorprendono anche se non dovrebbero. Ormai da tempo i sondaggi non sono pi\u00f9 strumenti","robots":{"index":"index","follow":"follow","max-snippet":"max-snippet:-1","max-image-preview":"max-image-preview:large","max-video-preview":"max-video-preview:-1"},"canonical":"https:\/\/www.pressenza.com\/it\/2017\/11\/cile-quello-rimasto-dalle-elezioni\/","og_locale":"it_IT","og_type":"article","og_title":"Cile: quello che \u00e8 rimasto dalle elezioni","og_description":"I risultati delle elezioni presidenziali e parlamentari cilene sorprendono anche se non dovrebbero. Ormai da tempo i sondaggi non sono pi\u00f9 strumenti","og_url":"https:\/\/www.pressenza.com\/it\/2017\/11\/cile-quello-rimasto-dalle-elezioni\/","og_site_name":"Pressenza","article_publisher":"https:\/\/www.facebook.com\/PressenzaItalia","article_published_time":"2017-11-22T21:48:13+00:00","article_modified_time":"2018-04-07T16:17:00+00:00","og_image":[{"width":810,"height":540,"url":"https:\/\/www.pressenza.com\/wp-content\/uploads\/2017\/11\/A_UNO_868004-1-810x540.jpg","type":"image\/jpeg"}],"author":"Rodolfo Schmal","twitter_card":"summary_large_image","twitter_creator":"@PressenzaIPA","twitter_site":"@PressenzaIPA","twitter_misc":{"Scritto da":"Rodolfo Schmal","Tempo di lettura stimato":"3 minuti"},"schema":{"@context":"https:\/\/schema.org","@graph":[{"@type":"Article","@id":"https:\/\/www.pressenza.com\/it\/2017\/11\/cile-quello-rimasto-dalle-elezioni\/#article","isPartOf":{"@id":"https:\/\/www.pressenza.com\/it\/2017\/11\/cile-quello-rimasto-dalle-elezioni\/"},"author":{"name":"Rodolfo Schmal","@id":"https:\/\/www.pressenza.com\/it\/#\/schema\/person\/f997ea76500c802de8beb920d3db5a96"},"headline":"Cile: quello che \u00e8 rimasto dalle elezioni","datePublished":"2017-11-22T21:48:13+00:00","dateModified":"2018-04-07T16:17:00+00:00","mainEntityOfPage":{"@id":"https:\/\/www.pressenza.com\/it\/2017\/11\/cile-quello-rimasto-dalle-elezioni\/"},"wordCount":576,"publisher":{"@id":"https:\/\/www.pressenza.com\/it\/#organization"},"image":{"@id":"https:\/\/www.pressenza.com\/it\/2017\/11\/cile-quello-rimasto-dalle-elezioni\/#primaryimage"},"thumbnailUrl":"https:\/\/www.pressenza.com\/wp-content\/uploads\/2017\/11\/A_UNO_868004-1-810x540.jpg","keywords":["Beatriz S\u00e1nchez","Cile","elezioni","Frente Amplio","Guillier. secondo turno","Pi\u00f1era"],"articleSection":["contenuti originali","Opinioni","Politica","Sud America"],"inLanguage":"it-IT"},{"@type":"WebPage","@id":"https:\/\/www.pressenza.com\/it\/2017\/11\/cile-quello-rimasto-dalle-elezioni\/","url":"https:\/\/www.pressenza.com\/it\/2017\/11\/cile-quello-rimasto-dalle-elezioni\/","name":"Cile: quello che \u00e8 rimasto dalle elezioni","isPartOf":{"@id":"https:\/\/www.pressenza.com\/it\/#website"},"primaryImageOfPage":{"@id":"https:\/\/www.pressenza.com\/it\/2017\/11\/cile-quello-rimasto-dalle-elezioni\/#primaryimage"},"image":{"@id":"https:\/\/www.pressenza.com\/it\/2017\/11\/cile-quello-rimasto-dalle-elezioni\/#primaryimage"},"thumbnailUrl":"https:\/\/www.pressenza.com\/wp-content\/uploads\/2017\/11\/A_UNO_868004-1-810x540.jpg","datePublished":"2017-11-22T21:48:13+00:00","dateModified":"2018-04-07T16:17:00+00:00","description":"I risultati delle elezioni presidenziali e parlamentari cilene sorprendono anche se non dovrebbero. Ormai da tempo i sondaggi non sono pi\u00f9 strumenti","breadcrumb":{"@id":"https:\/\/www.pressenza.com\/it\/2017\/11\/cile-quello-rimasto-dalle-elezioni\/#breadcrumb"},"inLanguage":"it-IT","potentialAction":[{"@type":"ReadAction","target":["https:\/\/www.pressenza.com\/it\/2017\/11\/cile-quello-rimasto-dalle-elezioni\/"]}]},{"@type":"ImageObject","inLanguage":"it-IT","@id":"https:\/\/www.pressenza.com\/it\/2017\/11\/cile-quello-rimasto-dalle-elezioni\/#primaryimage","url":"https:\/\/www.pressenza.com\/wp-content\/uploads\/2017\/11\/A_UNO_868004-1-810x540.jpg","contentUrl":"https:\/\/www.pressenza.com\/wp-content\/uploads\/2017\/11\/A_UNO_868004-1-810x540.jpg","width":810,"height":540},{"@type":"BreadcrumbList","@id":"https:\/\/www.pressenza.com\/it\/2017\/11\/cile-quello-rimasto-dalle-elezioni\/#breadcrumb","itemListElement":[{"@type":"ListItem","position":1,"name":"Accueil","item":"https:\/\/www.pressenza.com\/it\/"},{"@type":"ListItem","position":2,"name":"Cile: quello che \u00e8 rimasto dalle elezioni"}]},{"@type":"WebSite","@id":"https:\/\/www.pressenza.com\/it\/#website","url":"https:\/\/www.pressenza.com\/it\/","name":"Pressenza","description":"Agenzia di Stampa Internazionale","publisher":{"@id":"https:\/\/www.pressenza.com\/it\/#organization"},"potentialAction":[{"@type":"SearchAction","target":{"@type":"EntryPoint","urlTemplate":"https:\/\/www.pressenza.com\/it\/?s={search_term_string}"},"query-input":{"@type":"PropertyValueSpecification","valueRequired":true,"valueName":"search_term_string"}}],"inLanguage":"it-IT"},{"@type":"Organization","@id":"https:\/\/www.pressenza.com\/it\/#organization","name":"Pressenza","url":"https:\/\/www.pressenza.com\/it\/","logo":{"@type":"ImageObject","inLanguage":"it-IT","@id":"https:\/\/www.pressenza.com\/it\/#\/schema\/logo\/image\/","url":"https:\/\/www.pressenza.com\/wp-content\/uploads\/2022\/10\/pressenza_logo_200x200.jpg","contentUrl":"https:\/\/www.pressenza.com\/wp-content\/uploads\/2022\/10\/pressenza_logo_200x200.jpg","width":200,"height":200,"caption":"Pressenza"},"image":{"@id":"https:\/\/www.pressenza.com\/it\/#\/schema\/logo\/image\/"},"sameAs":["https:\/\/www.facebook.com\/PressenzaItalia","https:\/\/x.com\/PressenzaIPA"]},{"@type":"Person","@id":"https:\/\/www.pressenza.com\/it\/#\/schema\/person\/f997ea76500c802de8beb920d3db5a96","name":"Rodolfo Schmal","description":"Rodolfo Schmal Simon es Ingeniero Civil Industrial de la Universidad de Chile y Magister en Inform\u00e1tica de la Universidad Polit\u00e9cnica de Madrid-Espa\u00f1a. Ha sido profesor de las Universidades de Chile, del Norte, de Tarapac\u00e1 y de Talca; socio de las empresas inform\u00e1ticas PRODAT y ALEPH; Director de ZOFRI S.A.; Secretario y Tesorero de la Asociaci\u00f3n de Acad\u00e9micos de la Universidad de Talca. Es autor de textos docentes y art\u00edculos en revistas acad\u00e9micas nacionales e internacionales indexadas. Reside en Talca, Chile.","url":"https:\/\/www.pressenza.com\/it\/author\/rodolfo-schmal\/"}]}},"place":"","original_article_url":"","_links":{"self":[{"href":"https:\/\/www.pressenza.com\/it\/wp-json\/wp\/v2\/posts\/559256","targetHints":{"allow":["GET"]}}],"collection":[{"href":"https:\/\/www.pressenza.com\/it\/wp-json\/wp\/v2\/posts"}],"about":[{"href":"https:\/\/www.pressenza.com\/it\/wp-json\/wp\/v2\/types\/post"}],"author":[{"embeddable":true,"href":"https:\/\/www.pressenza.com\/it\/wp-json\/wp\/v2\/users\/1346"}],"replies":[{"embeddable":true,"href":"https:\/\/www.pressenza.com\/it\/wp-json\/wp\/v2\/comments?post=559256"}],"version-history":[{"count":0,"href":"https:\/\/www.pressenza.com\/it\/wp-json\/wp\/v2\/posts\/559256\/revisions"}],"wp:featuredmedia":[{"embeddable":true,"href":"https:\/\/www.pressenza.com\/it\/wp-json\/wp\/v2\/media\/558945"}],"wp:attachment":[{"href":"https:\/\/www.pressenza.com\/it\/wp-json\/wp\/v2\/media?parent=559256"}],"wp:term":[{"taxonomy":"category","embeddable":true,"href":"https:\/\/www.pressenza.com\/it\/wp-json\/wp\/v2\/categories?post=559256"},{"taxonomy":"post_tag","embeddable":true,"href":"https:\/\/www.pressenza.com\/it\/wp-json\/wp\/v2\/tags?post=559256"}],"curies":[{"name":"wp","href":"https:\/\/api.w.org\/{rel}","templated":true}]}}