{"id":555578,"date":"2017-11-14T18:49:13","date_gmt":"2017-11-14T18:49:13","guid":{"rendered":"https:\/\/www.pressenza.com\/?p=555578\/"},"modified":"2017-12-22T11:29:46","modified_gmt":"2017-12-22T11:29:46","slug":"appuntamento-ghedi-disarmo-nucleare","status":"publish","type":"post","link":"https:\/\/www.pressenza.com\/it\/2017\/11\/appuntamento-ghedi-disarmo-nucleare\/","title":{"rendered":"Appuntamento a Ghedi per il disarmo nucleare"},"content":{"rendered":"<p><strong>Luned\u00ec 20 novembre alle ore 14\u00a0 <\/strong>la\u00a0<strong>Carovana delle donne per il disarmo nucleare\u00a0si muover\u00e0 da Ghedi<\/strong>, BS, contemporaneamente \u00a0alle\u00a0 partenze da altri luoghi significativi ( Aviano \u2013 Livorno \u2013 Pisa \u2013 Trieste \u2013 Napoli \u2013 Sicilia \u2013 Sardegna, ove si trovano basi e porti nucleari) e confluir\u00e0 a Roma il 10 dicembre davanti al Presidente della Repubblica cui si chiede di ricevere una delegazione della Carovana stessa. Il 10 dicembre \u00e8 una data importante perch\u00e9 quel giorno\u00a0 verr\u00e0 consegnato il premio Nobel per la pace 2017 a ICAN (Campagna internazionale per l\u2019abolizione delle armi nucleari)<\/p>\n<p>Perch\u00e8 da Ghedi? Perch\u00e8 \u00e8 una base militare tristemente famosa in quanto da l\u00ec sono decollati\u00a0 I\u00a0<em>tornado\u00a0<\/em>che hanno bombardato l\u2019Iraq e l\u2019Afghanistan, che hanno partecipato a \u201cmissioni di pace\u201d in molti paesi, fra I quali la Libia, la ex Jugoslavia e la Siria.<\/p>\n<p>A Ghedi, inoltre, sono stoccati 20 ordigni nucleari, le famigerate bombe B61 destinate ad essere presto sostituite dalle maggiormente micidiali B61\/12 pi\u00f9 idonee ad essere montate sui nuovi caccia F35.<\/p>\n<p>Bisogna anche ricordare che la base di Ghedi dovrebbe essere chiusa ai sensi del trattato di non proliferazione delle armi nucleari, e che uno degli scopi principali della Carovana, che verr\u00e0 illustrato al presidente della Repubblica,\u00a0\u00a0 \u00e8 quello di ottenere che l\u2019Italia sottoscriva il bando delle armi nucleari approvato dall\u2019ONU il 7 luglio 2017.<\/p>\n<p>Di questi tempi l\u2019iniziativa della Carovana\u00a0\u00a0 \u00e8 quanto mai opportuna e necessaria se guardiamo ai venti di guerra atomica e ai tanti generali e capi di stato\u00a0 emuli di stranamore che predicano soluzioni finali.<\/p>\n<p>&nbsp;<\/p>\n<p>La\u00a0Carovana delle donne per il disarmo nucleare \u00e8 sostenuta a livello nazionale da molte associazioni pacifiste e antimilitariste, ma \u00e8 necessario che anche a Brescia, in Lombardia e in altre regioni vicine ci si mobiliti il pi\u00f9 possibile per partecipare alla sua\u00a0 partenza da Ghedi.<\/p>\n<p><strong>L\u2019appuntamento \u00e8 a Ghedi davanti alla base militare, in via Castenedolo 85, alle ore 14 di luned\u00ec 20 novembre <\/strong>dove sar\u00e0 presente anche Giovanna Pagani presidente di WILPF (<strong>Lega<\/strong> Internazionale <strong>Donne<\/strong> per la Pace e la Libert\u00e0).<\/p>\n<p><em><u>DONNE E UOMINI CONTRO LE GUERRE BRESCIA<\/u><\/em><\/p>\n<p>&nbsp;<\/p>\n","protected":false},"excerpt":{"rendered":"<p>Luned\u00ec 20 novembre alle ore 14\u00a0 la\u00a0Carovana delle donne per il disarmo nucleare\u00a0si muover\u00e0 da Ghedi, BS, contemporaneamente \u00a0alle\u00a0 partenze da altri luoghi significativi ( Aviano \u2013 Livorno \u2013 Pisa \u2013 Trieste \u2013 Napoli \u2013 Sicilia \u2013 Sardegna, ove si&hellip;<\/p>\n","protected":false},"author":594,"featured_media":555579,"comment_status":"closed","ping_status":"closed","sticky":false,"template":"","format":"standard","meta":{"footnotes":""},"categories":[150,47,1263],"tags":[2688,41468,3854,20248,38270,40054,38548],"class_list":["post-555578","post","type-post","status-publish","format-standard","has-post-thumbnail","hentry","category-comunicati-stampa","category-europa","category-pace-disarmo","tag-basi-militari","tag-carovana-delle-donne-per-il-disarmo-nucleare","tag-disarmo-nucleare","tag-ghedi","tag-giovanna-pagani","tag-trattato-di-proibizione-delle-armi-nucleari","tag-wilpf-italia"],"yoast_head":"<!-- This site is optimized with the Yoast SEO plugin v27.1.1 - https:\/\/yoast.com\/product\/yoast-seo-wordpress\/ -->\n<title>Appuntamento a Ghedi per il disarmo nucleare<\/title>\n<meta name=\"description\" content=\"Luned\u00ec 20 novembre alle ore 14\u00a0 la\u00a0Carovana delle donne per il disarmo nucleare\u00a0si muover\u00e0 da Ghedi, BS, contemporaneamente \u00a0alle\u00a0 partenze da altri\" \/>\n<meta name=\"robots\" content=\"index, follow, max-snippet:-1, max-image-preview:large, max-video-preview:-1\" \/>\n<link rel=\"canonical\" href=\"https:\/\/www.pressenza.com\/it\/2017\/11\/appuntamento-ghedi-disarmo-nucleare\/\" \/>\n<meta property=\"og:locale\" content=\"it_IT\" \/>\n<meta property=\"og:type\" content=\"article\" \/>\n<meta property=\"og:title\" content=\"Appuntamento a Ghedi per il disarmo nucleare\" \/>\n<meta property=\"og:description\" content=\"Luned\u00ec 20 novembre alle ore 14\u00a0 la\u00a0Carovana delle donne per il disarmo nucleare\u00a0si muover\u00e0 da Ghedi, BS, contemporaneamente \u00a0alle\u00a0 partenze da altri\" \/>\n<meta property=\"og:url\" content=\"https:\/\/www.pressenza.com\/it\/2017\/11\/appuntamento-ghedi-disarmo-nucleare\/\" \/>\n<meta property=\"og:site_name\" content=\"Pressenza\" \/>\n<meta property=\"article:publisher\" content=\"https:\/\/www.facebook.com\/PressenzaItalia\" \/>\n<meta property=\"article:author\" content=\"https:\/\/www.facebook.com\/PressenzaItalia\" \/>\n<meta property=\"article:published_time\" content=\"2017-11-14T18:49:13+00:00\" \/>\n<meta property=\"article:modified_time\" content=\"2017-12-22T11:29:46+00:00\" \/>\n<meta property=\"og:image\" content=\"https:\/\/www.pressenza.com\/wp-content\/uploads\/2017\/11\/ghedi.jpg\" \/>\n\t<meta property=\"og:image:width\" content=\"500\" \/>\n\t<meta property=\"og:image:height\" content=\"282\" \/>\n\t<meta property=\"og:image:type\" content=\"image\/jpeg\" \/>\n<meta name=\"author\" content=\"Redazione Italia\" \/>\n<meta name=\"twitter:card\" content=\"summary_large_image\" \/>\n<meta name=\"twitter:creator\" content=\"@pressenza_it\" \/>\n<meta name=\"twitter:site\" content=\"@PressenzaIPA\" \/>\n<meta name=\"twitter:label1\" content=\"Scritto da\" \/>\n\t<meta name=\"twitter:data1\" content=\"Redazione Italia\" \/>\n\t<meta name=\"twitter:label2\" content=\"Tempo di lettura stimato\" \/>\n\t<meta name=\"twitter:data2\" content=\"2 minuti\" \/>\n<script type=\"application\/ld+json\" class=\"yoast-schema-graph\">{\"@context\":\"https:\/\/schema.org\",\"@graph\":[{\"@type\":\"Article\",\"@id\":\"https:\/\/www.pressenza.com\/it\/2017\/11\/appuntamento-ghedi-disarmo-nucleare\/#article\",\"isPartOf\":{\"@id\":\"https:\/\/www.pressenza.com\/it\/2017\/11\/appuntamento-ghedi-disarmo-nucleare\/\"},\"author\":{\"name\":\"Redazione Italia\",\"@id\":\"https:\/\/www.pressenza.com\/it\/#\/schema\/person\/d983e81827ae24f2c7b1a2123d197f8d\"},\"headline\":\"Appuntamento a Ghedi per il disarmo nucleare\",\"datePublished\":\"2017-11-14T18:49:13+00:00\",\"dateModified\":\"2017-12-22T11:29:46+00:00\",\"mainEntityOfPage\":{\"@id\":\"https:\/\/www.pressenza.com\/it\/2017\/11\/appuntamento-ghedi-disarmo-nucleare\/\"},\"wordCount\":341,\"publisher\":{\"@id\":\"https:\/\/www.pressenza.com\/it\/#organization\"},\"image\":{\"@id\":\"https:\/\/www.pressenza.com\/it\/2017\/11\/appuntamento-ghedi-disarmo-nucleare\/#primaryimage\"},\"thumbnailUrl\":\"https:\/\/www.pressenza.com\/wp-content\/uploads\/2017\/11\/ghedi.jpg\",\"keywords\":[\"basi militari\",\"carovana delle donne per il disarmo nucleare\",\"disarmo nucleare\",\"Ghedi\",\"Giovanna Pagani\",\"Trattato di proibizione delle armi nucleari\",\"Wilpf Italia\"],\"articleSection\":[\"Comunicati Stampa\",\"Europa\",\"Pace e Disarmo\"],\"inLanguage\":\"it-IT\"},{\"@type\":\"WebPage\",\"@id\":\"https:\/\/www.pressenza.com\/it\/2017\/11\/appuntamento-ghedi-disarmo-nucleare\/\",\"url\":\"https:\/\/www.pressenza.com\/it\/2017\/11\/appuntamento-ghedi-disarmo-nucleare\/\",\"name\":\"Appuntamento a Ghedi per il disarmo nucleare\",\"isPartOf\":{\"@id\":\"https:\/\/www.pressenza.com\/it\/#website\"},\"primaryImageOfPage\":{\"@id\":\"https:\/\/www.pressenza.com\/it\/2017\/11\/appuntamento-ghedi-disarmo-nucleare\/#primaryimage\"},\"image\":{\"@id\":\"https:\/\/www.pressenza.com\/it\/2017\/11\/appuntamento-ghedi-disarmo-nucleare\/#primaryimage\"},\"thumbnailUrl\":\"https:\/\/www.pressenza.com\/wp-content\/uploads\/2017\/11\/ghedi.jpg\",\"datePublished\":\"2017-11-14T18:49:13+00:00\",\"dateModified\":\"2017-12-22T11:29:46+00:00\",\"description\":\"Luned\u00ec 20 novembre alle ore 14\u00a0 la\u00a0Carovana delle donne per il disarmo nucleare\u00a0si muover\u00e0 da Ghedi, BS, contemporaneamente \u00a0alle\u00a0 partenze da altri\",\"breadcrumb\":{\"@id\":\"https:\/\/www.pressenza.com\/it\/2017\/11\/appuntamento-ghedi-disarmo-nucleare\/#breadcrumb\"},\"inLanguage\":\"it-IT\",\"potentialAction\":[{\"@type\":\"ReadAction\",\"target\":[\"https:\/\/www.pressenza.com\/it\/2017\/11\/appuntamento-ghedi-disarmo-nucleare\/\"]}]},{\"@type\":\"ImageObject\",\"inLanguage\":\"it-IT\",\"@id\":\"https:\/\/www.pressenza.com\/it\/2017\/11\/appuntamento-ghedi-disarmo-nucleare\/#primaryimage\",\"url\":\"https:\/\/www.pressenza.com\/wp-content\/uploads\/2017\/11\/ghedi.jpg\",\"contentUrl\":\"https:\/\/www.pressenza.com\/wp-content\/uploads\/2017\/11\/ghedi.jpg\",\"width\":500,\"height\":282},{\"@type\":\"BreadcrumbList\",\"@id\":\"https:\/\/www.pressenza.com\/it\/2017\/11\/appuntamento-ghedi-disarmo-nucleare\/#breadcrumb\",\"itemListElement\":[{\"@type\":\"ListItem\",\"position\":1,\"name\":\"Accueil\",\"item\":\"https:\/\/www.pressenza.com\/it\/\"},{\"@type\":\"ListItem\",\"position\":2,\"name\":\"Appuntamento a Ghedi per il disarmo nucleare\"}]},{\"@type\":\"WebSite\",\"@id\":\"https:\/\/www.pressenza.com\/it\/#website\",\"url\":\"https:\/\/www.pressenza.com\/it\/\",\"name\":\"Pressenza\",\"description\":\"Agenzia di Stampa Internazionale\",\"publisher\":{\"@id\":\"https:\/\/www.pressenza.com\/it\/#organization\"},\"potentialAction\":[{\"@type\":\"SearchAction\",\"target\":{\"@type\":\"EntryPoint\",\"urlTemplate\":\"https:\/\/www.pressenza.com\/it\/?s={search_term_string}\"},\"query-input\":{\"@type\":\"PropertyValueSpecification\",\"valueRequired\":true,\"valueName\":\"search_term_string\"}}],\"inLanguage\":\"it-IT\"},{\"@type\":\"Organization\",\"@id\":\"https:\/\/www.pressenza.com\/it\/#organization\",\"name\":\"Pressenza\",\"url\":\"https:\/\/www.pressenza.com\/it\/\",\"logo\":{\"@type\":\"ImageObject\",\"inLanguage\":\"it-IT\",\"@id\":\"https:\/\/www.pressenza.com\/it\/#\/schema\/logo\/image\/\",\"url\":\"https:\/\/www.pressenza.com\/wp-content\/uploads\/2022\/10\/pressenza_logo_200x200.jpg\",\"contentUrl\":\"https:\/\/www.pressenza.com\/wp-content\/uploads\/2022\/10\/pressenza_logo_200x200.jpg\",\"width\":200,\"height\":200,\"caption\":\"Pressenza\"},\"image\":{\"@id\":\"https:\/\/www.pressenza.com\/it\/#\/schema\/logo\/image\/\"},\"sameAs\":[\"https:\/\/www.facebook.com\/PressenzaItalia\",\"https:\/\/x.com\/PressenzaIPA\"]},{\"@type\":\"Person\",\"@id\":\"https:\/\/www.pressenza.com\/it\/#\/schema\/person\/d983e81827ae24f2c7b1a2123d197f8d\",\"name\":\"Redazione Italia\",\"description\":\"News from the Pressenza Bureau in Italy\",\"sameAs\":[\"https:\/\/www.pressenza.com\/it\/author\/redazione-italia\/\",\"https:\/\/www.facebook.com\/PressenzaItalia\",\"https:\/\/www.instagram.com\/pressenza_italia\/\",\"https:\/\/x.com\/pressenza_it\",\"https:\/\/www.youtube.com\/channel\/UCSalEIWjE1RSxkwjfftFuqg\"],\"url\":\"https:\/\/www.pressenza.com\/it\/author\/redazione-italia\/\"}]}<\/script>\n<!-- \/ Yoast SEO plugin. -->","yoast_head_json":{"title":"Appuntamento a Ghedi per il disarmo nucleare","description":"Luned\u00ec 20 novembre alle ore 14\u00a0 la\u00a0Carovana delle donne per il disarmo nucleare\u00a0si muover\u00e0 da Ghedi, BS, contemporaneamente \u00a0alle\u00a0 partenze da altri","robots":{"index":"index","follow":"follow","max-snippet":"max-snippet:-1","max-image-preview":"max-image-preview:large","max-video-preview":"max-video-preview:-1"},"canonical":"https:\/\/www.pressenza.com\/it\/2017\/11\/appuntamento-ghedi-disarmo-nucleare\/","og_locale":"it_IT","og_type":"article","og_title":"Appuntamento a Ghedi per il disarmo nucleare","og_description":"Luned\u00ec 20 novembre alle ore 14\u00a0 la\u00a0Carovana delle donne per il disarmo nucleare\u00a0si muover\u00e0 da Ghedi, BS, contemporaneamente \u00a0alle\u00a0 partenze da altri","og_url":"https:\/\/www.pressenza.com\/it\/2017\/11\/appuntamento-ghedi-disarmo-nucleare\/","og_site_name":"Pressenza","article_publisher":"https:\/\/www.facebook.com\/PressenzaItalia","article_author":"https:\/\/www.facebook.com\/PressenzaItalia","article_published_time":"2017-11-14T18:49:13+00:00","article_modified_time":"2017-12-22T11:29:46+00:00","og_image":[{"width":500,"height":282,"url":"https:\/\/www.pressenza.com\/wp-content\/uploads\/2017\/11\/ghedi.jpg","type":"image\/jpeg"}],"author":"Redazione Italia","twitter_card":"summary_large_image","twitter_creator":"@pressenza_it","twitter_site":"@PressenzaIPA","twitter_misc":{"Scritto da":"Redazione Italia","Tempo di lettura stimato":"2 minuti"},"schema":{"@context":"https:\/\/schema.org","@graph":[{"@type":"Article","@id":"https:\/\/www.pressenza.com\/it\/2017\/11\/appuntamento-ghedi-disarmo-nucleare\/#article","isPartOf":{"@id":"https:\/\/www.pressenza.com\/it\/2017\/11\/appuntamento-ghedi-disarmo-nucleare\/"},"author":{"name":"Redazione Italia","@id":"https:\/\/www.pressenza.com\/it\/#\/schema\/person\/d983e81827ae24f2c7b1a2123d197f8d"},"headline":"Appuntamento a Ghedi per il disarmo nucleare","datePublished":"2017-11-14T18:49:13+00:00","dateModified":"2017-12-22T11:29:46+00:00","mainEntityOfPage":{"@id":"https:\/\/www.pressenza.com\/it\/2017\/11\/appuntamento-ghedi-disarmo-nucleare\/"},"wordCount":341,"publisher":{"@id":"https:\/\/www.pressenza.com\/it\/#organization"},"image":{"@id":"https:\/\/www.pressenza.com\/it\/2017\/11\/appuntamento-ghedi-disarmo-nucleare\/#primaryimage"},"thumbnailUrl":"https:\/\/www.pressenza.com\/wp-content\/uploads\/2017\/11\/ghedi.jpg","keywords":["basi militari","carovana delle donne per il disarmo nucleare","disarmo nucleare","Ghedi","Giovanna Pagani","Trattato di proibizione delle armi nucleari","Wilpf Italia"],"articleSection":["Comunicati Stampa","Europa","Pace e Disarmo"],"inLanguage":"it-IT"},{"@type":"WebPage","@id":"https:\/\/www.pressenza.com\/it\/2017\/11\/appuntamento-ghedi-disarmo-nucleare\/","url":"https:\/\/www.pressenza.com\/it\/2017\/11\/appuntamento-ghedi-disarmo-nucleare\/","name":"Appuntamento a Ghedi per il disarmo nucleare","isPartOf":{"@id":"https:\/\/www.pressenza.com\/it\/#website"},"primaryImageOfPage":{"@id":"https:\/\/www.pressenza.com\/it\/2017\/11\/appuntamento-ghedi-disarmo-nucleare\/#primaryimage"},"image":{"@id":"https:\/\/www.pressenza.com\/it\/2017\/11\/appuntamento-ghedi-disarmo-nucleare\/#primaryimage"},"thumbnailUrl":"https:\/\/www.pressenza.com\/wp-content\/uploads\/2017\/11\/ghedi.jpg","datePublished":"2017-11-14T18:49:13+00:00","dateModified":"2017-12-22T11:29:46+00:00","description":"Luned\u00ec 20 novembre alle ore 14\u00a0 la\u00a0Carovana delle donne per il disarmo nucleare\u00a0si muover\u00e0 da Ghedi, BS, contemporaneamente \u00a0alle\u00a0 partenze da altri","breadcrumb":{"@id":"https:\/\/www.pressenza.com\/it\/2017\/11\/appuntamento-ghedi-disarmo-nucleare\/#breadcrumb"},"inLanguage":"it-IT","potentialAction":[{"@type":"ReadAction","target":["https:\/\/www.pressenza.com\/it\/2017\/11\/appuntamento-ghedi-disarmo-nucleare\/"]}]},{"@type":"ImageObject","inLanguage":"it-IT","@id":"https:\/\/www.pressenza.com\/it\/2017\/11\/appuntamento-ghedi-disarmo-nucleare\/#primaryimage","url":"https:\/\/www.pressenza.com\/wp-content\/uploads\/2017\/11\/ghedi.jpg","contentUrl":"https:\/\/www.pressenza.com\/wp-content\/uploads\/2017\/11\/ghedi.jpg","width":500,"height":282},{"@type":"BreadcrumbList","@id":"https:\/\/www.pressenza.com\/it\/2017\/11\/appuntamento-ghedi-disarmo-nucleare\/#breadcrumb","itemListElement":[{"@type":"ListItem","position":1,"name":"Accueil","item":"https:\/\/www.pressenza.com\/it\/"},{"@type":"ListItem","position":2,"name":"Appuntamento a Ghedi per il disarmo nucleare"}]},{"@type":"WebSite","@id":"https:\/\/www.pressenza.com\/it\/#website","url":"https:\/\/www.pressenza.com\/it\/","name":"Pressenza","description":"Agenzia di Stampa Internazionale","publisher":{"@id":"https:\/\/www.pressenza.com\/it\/#organization"},"potentialAction":[{"@type":"SearchAction","target":{"@type":"EntryPoint","urlTemplate":"https:\/\/www.pressenza.com\/it\/?s={search_term_string}"},"query-input":{"@type":"PropertyValueSpecification","valueRequired":true,"valueName":"search_term_string"}}],"inLanguage":"it-IT"},{"@type":"Organization","@id":"https:\/\/www.pressenza.com\/it\/#organization","name":"Pressenza","url":"https:\/\/www.pressenza.com\/it\/","logo":{"@type":"ImageObject","inLanguage":"it-IT","@id":"https:\/\/www.pressenza.com\/it\/#\/schema\/logo\/image\/","url":"https:\/\/www.pressenza.com\/wp-content\/uploads\/2022\/10\/pressenza_logo_200x200.jpg","contentUrl":"https:\/\/www.pressenza.com\/wp-content\/uploads\/2022\/10\/pressenza_logo_200x200.jpg","width":200,"height":200,"caption":"Pressenza"},"image":{"@id":"https:\/\/www.pressenza.com\/it\/#\/schema\/logo\/image\/"},"sameAs":["https:\/\/www.facebook.com\/PressenzaItalia","https:\/\/x.com\/PressenzaIPA"]},{"@type":"Person","@id":"https:\/\/www.pressenza.com\/it\/#\/schema\/person\/d983e81827ae24f2c7b1a2123d197f8d","name":"Redazione Italia","description":"News from the Pressenza Bureau in Italy","sameAs":["https:\/\/www.pressenza.com\/it\/author\/redazione-italia\/","https:\/\/www.facebook.com\/PressenzaItalia","https:\/\/www.instagram.com\/pressenza_italia\/","https:\/\/x.com\/pressenza_it","https:\/\/www.youtube.com\/channel\/UCSalEIWjE1RSxkwjfftFuqg"],"url":"https:\/\/www.pressenza.com\/it\/author\/redazione-italia\/"}]}},"place":"Ghedi (BS)","original_article_url":"","_links":{"self":[{"href":"https:\/\/www.pressenza.com\/it\/wp-json\/wp\/v2\/posts\/555578","targetHints":{"allow":["GET"]}}],"collection":[{"href":"https:\/\/www.pressenza.com\/it\/wp-json\/wp\/v2\/posts"}],"about":[{"href":"https:\/\/www.pressenza.com\/it\/wp-json\/wp\/v2\/types\/post"}],"author":[{"embeddable":true,"href":"https:\/\/www.pressenza.com\/it\/wp-json\/wp\/v2\/users\/594"}],"replies":[{"embeddable":true,"href":"https:\/\/www.pressenza.com\/it\/wp-json\/wp\/v2\/comments?post=555578"}],"version-history":[{"count":0,"href":"https:\/\/www.pressenza.com\/it\/wp-json\/wp\/v2\/posts\/555578\/revisions"}],"wp:featuredmedia":[{"embeddable":true,"href":"https:\/\/www.pressenza.com\/it\/wp-json\/wp\/v2\/media\/555579"}],"wp:attachment":[{"href":"https:\/\/www.pressenza.com\/it\/wp-json\/wp\/v2\/media?parent=555578"}],"wp:term":[{"taxonomy":"category","embeddable":true,"href":"https:\/\/www.pressenza.com\/it\/wp-json\/wp\/v2\/categories?post=555578"},{"taxonomy":"post_tag","embeddable":true,"href":"https:\/\/www.pressenza.com\/it\/wp-json\/wp\/v2\/tags?post=555578"}],"curies":[{"name":"wp","href":"https:\/\/api.w.org\/{rel}","templated":true}]}}