{"id":55507,"date":"2013-06-08T10:03:40","date_gmt":"2013-06-08T09:03:40","guid":{"rendered":"http:\/\/www.pressenza.com\/?p=55507"},"modified":"2013-06-08T10:08:03","modified_gmt":"2013-06-08T09:08:03","slug":"esercitazioni-di-guerra-nellisola-dei-droni","status":"publish","type":"post","link":"https:\/\/www.pressenza.com\/it\/2013\/06\/esercitazioni-di-guerra-nellisola-dei-droni\/","title":{"rendered":"Esercitazioni di guerra nell\u2019Isola dei droni"},"content":{"rendered":"<div class=\"wp-caption alignright\"><img loading=\"lazy\" decoding=\"async\" alt=\"\" src=\"https:\/\/www.pressenza.com\/wp-content\/uploads\/2013\/05\/aerei-base-Sigonella.jpg\" width=\"488\" height=\"349\" \/><p class=\"wp-caption-text\">Sigonella (foto di Mass Communication Specialist 3rd Class Charles E. White )<\/p><\/div>\n<p>Il Comando Usa di Sigonella aveva annunciato qualche giorno fa che i velivoli di ultima generazione \u201cOsprey\u201d in dotazione al Corpo dei Marines avrebbero volato tutta l\u2019estate in Sicilia per esercitarsi alle prossime guerre in Africa. Quanto per\u00f2 fossero molesti i cosiddetti \u201cconvertiplani\u201d (met\u00e0 elicotteri e met\u00e0 aerei), lo hanno scoperto all\u2019alba di stamani i cittadini di Vittoria, in provincia di Ragusa. \u201cSiamo stati svegliati intorno alle 4 da un rombo insopportabile\u201d, racconta uno di essi. \u201cNonostante l\u2019oscurit\u00e0 abbiamo compreso che si trattava del transito di aerei pesanti militari. Sembrava assistere al film <i>Apocalipse Now<\/i>. Volavano a bassa quota, uno dietro l\u2019altro. E le loro evoluzioni si sono prolungate per almeno un\u2019altra ora\u2026\u201d.<\/p>\n<p>In grado di trasportare pi\u00f9 di una ventina di soldati completamente equipaggiati, gli \u201cOsprey\u201d avvistati nel ragusano appartengono al gruppo volo del <i>Marine Medium Tiltrotor Squadron 365<\/i> del North Caroline, trasferito un mese fa in Sicilia insieme a 250-300 uomini della <i>Special-Purpose Marine Air-Ground Task Force<\/i> (SP MAGTF), l\u2019unit\u00e0 di pronto intervento Usa per il combattimento aereo e terrestre, di base in Spagna.<\/p>\n<p>E\u2019 per\u00f2 tutta l\u2019Isola a fare da scenario dei war games delle forze armate nazionali e di quelle degli Stati Uniti d\u2019America. Dallo scorso 25 maggio nelle campagne di Caltagirone (Catania) si alternano combattimenti e lanci di paracadutisti, tutti i giorni dalle 4 di mattina a sera tardi. Le esercitazioni sono previste sino al 21 giugno sotto il controllo della stazione aereonavale di Sigonella. Cannoni e armi leggere in dotazione ai reparti della brigata \u201cAosta\u201d dell\u2019esercito italiano spareranno sino al 10 giugno nel poligono di Drasy, alle porte della citt\u00e0 di Agrigento e della Valle dei Templi (patrimonio Unesco). L\u2019area, di straordinaria bellezza paesaggistica e naturalistica, \u00e8 off limit per i civili dal gennaio di quest\u2019anno e dopo una \u201csospensione estiva\u201d, torner\u00e0 il 15 settembre a fare da palestra di guerra per i militari italiani e Usa.<\/p>\n<p>Dal 3 al 28 giugno l\u2019Esercito si addestra pure (da luned\u00ec a venerd\u00ec dalle ore 6 alle 22) nel poligono di San Matteo (Trapani), mentre dal 4 sino al 27 giugno i lanci di bombe e le esercitazioni di tiro interessano anche localit\u00e0 Santa Barbara, Messina. Le attivit\u00e0 nei Peloritani sono pi\u00f9 ridotte: solo tre ore al giorno e nel tardo pomeriggio, tranne gli ultimi quattro giorni quando si potr\u00e0 sparare dalle ore 6 alle 21.<\/p>\n<p>Grandi manovre pure nell\u2019isola minore di Favignana, dal 4 al 14 giugno. \u201cL\u2019esercitazione denominata <i>Egadi 2013<\/i> ha lo scopo di addestrare il personale militare nell\u2019organizzazione del supporto logistico in previsione dell\u2019impiego fuori dal territorio nazionale o per utilit\u00e0 sociale, in soccorso della collettivit\u00e0 in aree di intervento complesse\u201d, recita il comunicato emesso dal Comando dell\u2019Esercito. I mezzi militari sbarcati sull\u2019isola sono stati forniti dall\u20198\u00b0 Reggimento trasporti \u201cCasilina\u201d di Roma e dalle Compagnie trasporti di sostegno dei Comandi logistici di Padova e Napoli.<\/p>\n<p>Secondo quanto si apprende poi dal testo di alcune notificazioni ai piloti di aeromobili\u00a0 &#8211; i cosiddetti \u201cNOTAM\u201d &#8211; emessi dalle autorit\u00e0 di volo, dallo scorso 21 maggio (e fino a nuova comunicazione) \u00e8 stato vietato il passaggio di velivoli passeggeri in prossimit\u00e0 del \u201cPachino range target\u201d, il poligono marittimo con un raggio di 2.700 per lo sganciamento di bombe e l\u2019esplosione di mine, a poche miglia di distanza da Punta Castellazzo-Marza (Pachino-Siracusa), nella parte pi\u00f9 sud-orientale della Sicilia. \u201cNell\u2019area interdetta sono previste per tutta la giornata esercitazioni a fuoco con armi pesanti e attivit\u00e0 di velivoli militari senza pilota (<i>Unmanned Aircraft Military<\/i>)\u201d, riporta il NOTAM n. A3322\/13.<\/p>\n<p>I velivoli a guida remota, meglio noti come <i>droni<\/i>, sono in dotazione all\u2019US Air Force e decollano e atterrano ininterrottamente da Sigonella ormai da qualche anno. Si tratta dei famigerati MQ-1 \u201cPredator\u201d (utilizzati per i bombardamenti selettivi in Medio oriente, Somalia e nord Africa), e dei grandi aerei-spia \u201cGlobal Hawk\u201d che operano ad altissima quota e con un\u2019autonomia di volo superiore alle 36 ore.<\/p>\n<p>La lettura di altri NOTAM recenti conferma come oramai le operazioni nell\u2019intero spazio aereo e negli scali aeroportuali dell\u2019Isola siano fortemente condizionate e penalizzate dai droni Usa di Sigonella. Da oltre due anni le autorit\u00e0 di controllo hanno imposto la sospensione delle procedure strumentali standard nelle fasi di accesso, partenza e arrivo di aerei passeggeri a Catania Fontanarossa e Trapani Birgi, \u201ccausa attivit\u00e0 degli <i>Unmanned Aircraft<\/i>\u201d militari. Con l\u2019acutizzarsi del conflitto siriano e le tensioni crescenti in Libia, il Pentagono ha intensificato le azioni dei droni, imponendo ulteriori restrizioni alla mobilit\u00e0 aerea. Il 31 maggio, in particolare, \u00e8 stato implementato un \u201ccorridoio di transito\u201d ad uso esclusivo dei Global Hawk di Sigonella perlomeno sino al prossimo 30 giugno. \u201cLe limitazioni saranno notificate dal management dei velivoli senza pilota ai velivoli civili e militari entro 48 ore prima e mediante avviso\u201d, spiega il NOTAM. Sempre a causa degli aerei militari telecomandati, \u201culteriori limitazioni\u201d al traffico aereo civile sono state previste nell\u2019aeroporto di Trapani Birgi dal 14 maggio al 15 giugno.<\/p>\n<p>Pericolo droni anche per l\u2019aeroporto di Comiso (Ragusa), l\u2019ex base missilistica nucleare Nato riconvertita in scalo passeggeri ma non ancora entrato in funzione. Con NOTAM n. B2877\/13 dell\u20191 giugno e con valore \u201cpermanente\u201d, si segnala la possibilit\u00e0 di \u201crestrizioni\u201d in quanto il \u201ctraffico verso\/da Comiso potrebbe essere soggetto a ritardi in presenza di attivit\u00e0 di velivoli senza pilota\u201d. Sul regolare funzionamento dello scalo comisano pende pure la spada di Damocle delle potenti emissioni del MUOS, il sistema di telecomunicazione satellitare della Marina militare Usa in fase di realizzazione nella vicina Niscemi (Caltanissetta).<\/p>\n<p>Ancora peggio per l\u2019aeroporto di Catania-Fontanarossa, il terzo pi\u00f9 grande in Italia come volume-passeggeri. Qui le \u201crestrizioni\u201d e i \u201critardi\u201d generati dai droni sono sempre pi\u00f9 pesanti e frequenti. La vicenda pi\u00f9 eclatante risale al 22 marzo scorso, quando l\u2019intenso movimento di aerei con e senza pilota nella base militare di Sigonella ha comportato la chiusura per un\u2019ora e 15 minuti di Fontanarossa e il conseguente dirottamento su Palermo-Punta Raisi di due aerei gi\u00e0 in fase di atterraggio su Catania. Per i passeggeri del Roma Fiumicino-Catania (AZ 1741- Alitalia) e Milano Malpensa-Catania (U2 2847 &#8211; EasyJet) l\u2019estremo disagio di attraversare in bus la Sicilia da costa a costa e raggiungere il capoluogo etneo con mezza giornata di ritardo.<\/p>\n","protected":false},"excerpt":{"rendered":"<p>Il Comando Usa di Sigonella aveva annunciato qualche giorno fa che i velivoli di ultima generazione \u201cOsprey\u201d in dotazione al Corpo dei Marines avrebbero volato tutta l\u2019estate in Sicilia per esercitarsi alle prossime guerre in Africa. Quanto per\u00f2 fossero molesti&hellip;<\/p>\n","protected":false},"author":689,"featured_media":0,"comment_status":"closed","ping_status":"open","sticky":false,"template":"","format":"standard","meta":{"footnotes":""},"categories":[47,1263,496],"tags":[5129,2688,1752,2784,5333],"class_list":["post-55507","post","type-post","status-publish","format-standard","hentry","category-europa","category-pace-disarmo","category-scienza-tecnologia","tag-base-di-sigonella","tag-basi-militari","tag-basi-militari-usa","tag-droni","tag-ragusa"],"yoast_head":"<!-- This site is optimized with the Yoast SEO plugin v27.1.1 - https:\/\/yoast.com\/product\/yoast-seo-wordpress\/ -->\n<title>Esercitazioni di guerra nell\u2019Isola dei droni<\/title>\n<meta name=\"description\" content=\"Il Comando Usa di Sigonella aveva annunciato qualche giorno fa che i velivoli di ultima generazione \u201cOsprey\u201d in dotazione al Corpo dei Marines avrebbero\" \/>\n<meta name=\"robots\" content=\"index, follow, max-snippet:-1, max-image-preview:large, max-video-preview:-1\" \/>\n<link rel=\"canonical\" href=\"https:\/\/www.pressenza.com\/it\/2013\/06\/esercitazioni-di-guerra-nellisola-dei-droni\/\" \/>\n<meta property=\"og:locale\" content=\"it_IT\" \/>\n<meta property=\"og:type\" content=\"article\" \/>\n<meta property=\"og:title\" content=\"Esercitazioni di guerra nell\u2019Isola dei droni\" \/>\n<meta property=\"og:description\" content=\"Il Comando Usa di Sigonella aveva annunciato qualche giorno fa che i velivoli di ultima generazione \u201cOsprey\u201d in dotazione al Corpo dei Marines avrebbero\" \/>\n<meta property=\"og:url\" content=\"https:\/\/www.pressenza.com\/it\/2013\/06\/esercitazioni-di-guerra-nellisola-dei-droni\/\" \/>\n<meta property=\"og:site_name\" content=\"Pressenza\" \/>\n<meta property=\"article:publisher\" content=\"https:\/\/www.facebook.com\/PressenzaItalia\" \/>\n<meta property=\"article:published_time\" content=\"2013-06-08T09:03:40+00:00\" \/>\n<meta property=\"article:modified_time\" content=\"2013-06-08T09:08:03+00:00\" \/>\n<meta property=\"og:image\" content=\"https:\/\/www.pressenza.com\/wp-content\/uploads\/2013\/05\/aerei-base-Sigonella.jpg\" \/>\n<meta name=\"author\" content=\"Antonio Mazzeo\" \/>\n<meta name=\"twitter:card\" content=\"summary_large_image\" \/>\n<meta name=\"twitter:creator\" content=\"@PressenzaIPA\" \/>\n<meta name=\"twitter:site\" content=\"@PressenzaIPA\" \/>\n<meta name=\"twitter:label1\" content=\"Scritto da\" \/>\n\t<meta name=\"twitter:data1\" content=\"Antonio Mazzeo\" \/>\n\t<meta name=\"twitter:label2\" content=\"Tempo di lettura stimato\" \/>\n\t<meta name=\"twitter:data2\" content=\"5 minuti\" \/>\n<script type=\"application\/ld+json\" class=\"yoast-schema-graph\">{\"@context\":\"https:\/\/schema.org\",\"@graph\":[{\"@type\":\"Article\",\"@id\":\"https:\/\/www.pressenza.com\/it\/2013\/06\/esercitazioni-di-guerra-nellisola-dei-droni\/#article\",\"isPartOf\":{\"@id\":\"https:\/\/www.pressenza.com\/it\/2013\/06\/esercitazioni-di-guerra-nellisola-dei-droni\/\"},\"author\":{\"name\":\"Antonio Mazzeo\",\"@id\":\"https:\/\/www.pressenza.com\/it\/#\/schema\/person\/13ac8d810e50349ceb227357a00fb87a\"},\"headline\":\"Esercitazioni di guerra nell\u2019Isola dei droni\",\"datePublished\":\"2013-06-08T09:03:40+00:00\",\"dateModified\":\"2013-06-08T09:08:03+00:00\",\"mainEntityOfPage\":{\"@id\":\"https:\/\/www.pressenza.com\/it\/2013\/06\/esercitazioni-di-guerra-nellisola-dei-droni\/\"},\"wordCount\":1047,\"publisher\":{\"@id\":\"https:\/\/www.pressenza.com\/it\/#organization\"},\"image\":{\"@id\":\"https:\/\/www.pressenza.com\/it\/2013\/06\/esercitazioni-di-guerra-nellisola-dei-droni\/#primaryimage\"},\"thumbnailUrl\":\"https:\/\/www.pressenza.com\/wp-content\/uploads\/2013\/05\/aerei-base-Sigonella.jpg\",\"keywords\":[\"base di Sigonella\",\"basi militari\",\"basi militari USA\",\"droni\",\"Ragusa\"],\"articleSection\":[\"Europa\",\"Pace e Disarmo\",\"Scienza e Tecnologia\"],\"inLanguage\":\"it-IT\"},{\"@type\":\"WebPage\",\"@id\":\"https:\/\/www.pressenza.com\/it\/2013\/06\/esercitazioni-di-guerra-nellisola-dei-droni\/\",\"url\":\"https:\/\/www.pressenza.com\/it\/2013\/06\/esercitazioni-di-guerra-nellisola-dei-droni\/\",\"name\":\"Esercitazioni di guerra nell\u2019Isola dei droni\",\"isPartOf\":{\"@id\":\"https:\/\/www.pressenza.com\/it\/#website\"},\"primaryImageOfPage\":{\"@id\":\"https:\/\/www.pressenza.com\/it\/2013\/06\/esercitazioni-di-guerra-nellisola-dei-droni\/#primaryimage\"},\"image\":{\"@id\":\"https:\/\/www.pressenza.com\/it\/2013\/06\/esercitazioni-di-guerra-nellisola-dei-droni\/#primaryimage\"},\"thumbnailUrl\":\"https:\/\/www.pressenza.com\/wp-content\/uploads\/2013\/05\/aerei-base-Sigonella.jpg\",\"datePublished\":\"2013-06-08T09:03:40+00:00\",\"dateModified\":\"2013-06-08T09:08:03+00:00\",\"description\":\"Il Comando Usa di Sigonella aveva annunciato qualche giorno fa che i velivoli di ultima generazione \u201cOsprey\u201d in dotazione al Corpo dei Marines avrebbero\",\"breadcrumb\":{\"@id\":\"https:\/\/www.pressenza.com\/it\/2013\/06\/esercitazioni-di-guerra-nellisola-dei-droni\/#breadcrumb\"},\"inLanguage\":\"it-IT\",\"potentialAction\":[{\"@type\":\"ReadAction\",\"target\":[\"https:\/\/www.pressenza.com\/it\/2013\/06\/esercitazioni-di-guerra-nellisola-dei-droni\/\"]}]},{\"@type\":\"ImageObject\",\"inLanguage\":\"it-IT\",\"@id\":\"https:\/\/www.pressenza.com\/it\/2013\/06\/esercitazioni-di-guerra-nellisola-dei-droni\/#primaryimage\",\"url\":\"https:\/\/www.pressenza.com\/wp-content\/uploads\/2013\/05\/aerei-base-Sigonella.jpg\",\"contentUrl\":\"https:\/\/www.pressenza.com\/wp-content\/uploads\/2013\/05\/aerei-base-Sigonella.jpg\"},{\"@type\":\"BreadcrumbList\",\"@id\":\"https:\/\/www.pressenza.com\/it\/2013\/06\/esercitazioni-di-guerra-nellisola-dei-droni\/#breadcrumb\",\"itemListElement\":[{\"@type\":\"ListItem\",\"position\":1,\"name\":\"Accueil\",\"item\":\"https:\/\/www.pressenza.com\/it\/\"},{\"@type\":\"ListItem\",\"position\":2,\"name\":\"Esercitazioni di guerra nell\u2019Isola dei droni\"}]},{\"@type\":\"WebSite\",\"@id\":\"https:\/\/www.pressenza.com\/it\/#website\",\"url\":\"https:\/\/www.pressenza.com\/it\/\",\"name\":\"Pressenza\",\"description\":\"Agenzia di Stampa Internazionale\",\"publisher\":{\"@id\":\"https:\/\/www.pressenza.com\/it\/#organization\"},\"potentialAction\":[{\"@type\":\"SearchAction\",\"target\":{\"@type\":\"EntryPoint\",\"urlTemplate\":\"https:\/\/www.pressenza.com\/it\/?s={search_term_string}\"},\"query-input\":{\"@type\":\"PropertyValueSpecification\",\"valueRequired\":true,\"valueName\":\"search_term_string\"}}],\"inLanguage\":\"it-IT\"},{\"@type\":\"Organization\",\"@id\":\"https:\/\/www.pressenza.com\/it\/#organization\",\"name\":\"Pressenza\",\"url\":\"https:\/\/www.pressenza.com\/it\/\",\"logo\":{\"@type\":\"ImageObject\",\"inLanguage\":\"it-IT\",\"@id\":\"https:\/\/www.pressenza.com\/it\/#\/schema\/logo\/image\/\",\"url\":\"https:\/\/www.pressenza.com\/wp-content\/uploads\/2022\/10\/pressenza_logo_200x200.jpg\",\"contentUrl\":\"https:\/\/www.pressenza.com\/wp-content\/uploads\/2022\/10\/pressenza_logo_200x200.jpg\",\"width\":200,\"height\":200,\"caption\":\"Pressenza\"},\"image\":{\"@id\":\"https:\/\/www.pressenza.com\/it\/#\/schema\/logo\/image\/\"},\"sameAs\":[\"https:\/\/www.facebook.com\/PressenzaItalia\",\"https:\/\/x.com\/PressenzaIPA\"]},{\"@type\":\"Person\",\"@id\":\"https:\/\/www.pressenza.com\/it\/#\/schema\/person\/13ac8d810e50349ceb227357a00fb87a\",\"name\":\"Antonio Mazzeo\",\"description\":\"Ecopacifista e antimilitarista, giornalista e saggista, vincitore nel 2010 del Primo premio \\\"Giorgio Bassani\\\" di Italia Nostra per il giornalismo. http:\/\/antoniomazzeoblog.blogspot.com\/\",\"url\":\"https:\/\/www.pressenza.com\/it\/author\/antonio-mazzeo\/\"}]}<\/script>\n<!-- \/ Yoast SEO plugin. -->","yoast_head_json":{"title":"Esercitazioni di guerra nell\u2019Isola dei droni","description":"Il Comando Usa di Sigonella aveva annunciato qualche giorno fa che i velivoli di ultima generazione \u201cOsprey\u201d in dotazione al Corpo dei Marines avrebbero","robots":{"index":"index","follow":"follow","max-snippet":"max-snippet:-1","max-image-preview":"max-image-preview:large","max-video-preview":"max-video-preview:-1"},"canonical":"https:\/\/www.pressenza.com\/it\/2013\/06\/esercitazioni-di-guerra-nellisola-dei-droni\/","og_locale":"it_IT","og_type":"article","og_title":"Esercitazioni di guerra nell\u2019Isola dei droni","og_description":"Il Comando Usa di Sigonella aveva annunciato qualche giorno fa che i velivoli di ultima generazione \u201cOsprey\u201d in dotazione al Corpo dei Marines avrebbero","og_url":"https:\/\/www.pressenza.com\/it\/2013\/06\/esercitazioni-di-guerra-nellisola-dei-droni\/","og_site_name":"Pressenza","article_publisher":"https:\/\/www.facebook.com\/PressenzaItalia","article_published_time":"2013-06-08T09:03:40+00:00","article_modified_time":"2013-06-08T09:08:03+00:00","og_image":[{"url":"https:\/\/www.pressenza.com\/wp-content\/uploads\/2013\/05\/aerei-base-Sigonella.jpg","type":"","width":"","height":""}],"author":"Antonio Mazzeo","twitter_card":"summary_large_image","twitter_creator":"@PressenzaIPA","twitter_site":"@PressenzaIPA","twitter_misc":{"Scritto da":"Antonio Mazzeo","Tempo di lettura stimato":"5 minuti"},"schema":{"@context":"https:\/\/schema.org","@graph":[{"@type":"Article","@id":"https:\/\/www.pressenza.com\/it\/2013\/06\/esercitazioni-di-guerra-nellisola-dei-droni\/#article","isPartOf":{"@id":"https:\/\/www.pressenza.com\/it\/2013\/06\/esercitazioni-di-guerra-nellisola-dei-droni\/"},"author":{"name":"Antonio Mazzeo","@id":"https:\/\/www.pressenza.com\/it\/#\/schema\/person\/13ac8d810e50349ceb227357a00fb87a"},"headline":"Esercitazioni di guerra nell\u2019Isola dei droni","datePublished":"2013-06-08T09:03:40+00:00","dateModified":"2013-06-08T09:08:03+00:00","mainEntityOfPage":{"@id":"https:\/\/www.pressenza.com\/it\/2013\/06\/esercitazioni-di-guerra-nellisola-dei-droni\/"},"wordCount":1047,"publisher":{"@id":"https:\/\/www.pressenza.com\/it\/#organization"},"image":{"@id":"https:\/\/www.pressenza.com\/it\/2013\/06\/esercitazioni-di-guerra-nellisola-dei-droni\/#primaryimage"},"thumbnailUrl":"https:\/\/www.pressenza.com\/wp-content\/uploads\/2013\/05\/aerei-base-Sigonella.jpg","keywords":["base di Sigonella","basi militari","basi militari USA","droni","Ragusa"],"articleSection":["Europa","Pace e Disarmo","Scienza e Tecnologia"],"inLanguage":"it-IT"},{"@type":"WebPage","@id":"https:\/\/www.pressenza.com\/it\/2013\/06\/esercitazioni-di-guerra-nellisola-dei-droni\/","url":"https:\/\/www.pressenza.com\/it\/2013\/06\/esercitazioni-di-guerra-nellisola-dei-droni\/","name":"Esercitazioni di guerra nell\u2019Isola dei droni","isPartOf":{"@id":"https:\/\/www.pressenza.com\/it\/#website"},"primaryImageOfPage":{"@id":"https:\/\/www.pressenza.com\/it\/2013\/06\/esercitazioni-di-guerra-nellisola-dei-droni\/#primaryimage"},"image":{"@id":"https:\/\/www.pressenza.com\/it\/2013\/06\/esercitazioni-di-guerra-nellisola-dei-droni\/#primaryimage"},"thumbnailUrl":"https:\/\/www.pressenza.com\/wp-content\/uploads\/2013\/05\/aerei-base-Sigonella.jpg","datePublished":"2013-06-08T09:03:40+00:00","dateModified":"2013-06-08T09:08:03+00:00","description":"Il Comando Usa di Sigonella aveva annunciato qualche giorno fa che i velivoli di ultima generazione \u201cOsprey\u201d in dotazione al Corpo dei Marines avrebbero","breadcrumb":{"@id":"https:\/\/www.pressenza.com\/it\/2013\/06\/esercitazioni-di-guerra-nellisola-dei-droni\/#breadcrumb"},"inLanguage":"it-IT","potentialAction":[{"@type":"ReadAction","target":["https:\/\/www.pressenza.com\/it\/2013\/06\/esercitazioni-di-guerra-nellisola-dei-droni\/"]}]},{"@type":"ImageObject","inLanguage":"it-IT","@id":"https:\/\/www.pressenza.com\/it\/2013\/06\/esercitazioni-di-guerra-nellisola-dei-droni\/#primaryimage","url":"https:\/\/www.pressenza.com\/wp-content\/uploads\/2013\/05\/aerei-base-Sigonella.jpg","contentUrl":"https:\/\/www.pressenza.com\/wp-content\/uploads\/2013\/05\/aerei-base-Sigonella.jpg"},{"@type":"BreadcrumbList","@id":"https:\/\/www.pressenza.com\/it\/2013\/06\/esercitazioni-di-guerra-nellisola-dei-droni\/#breadcrumb","itemListElement":[{"@type":"ListItem","position":1,"name":"Accueil","item":"https:\/\/www.pressenza.com\/it\/"},{"@type":"ListItem","position":2,"name":"Esercitazioni di guerra nell\u2019Isola dei droni"}]},{"@type":"WebSite","@id":"https:\/\/www.pressenza.com\/it\/#website","url":"https:\/\/www.pressenza.com\/it\/","name":"Pressenza","description":"Agenzia di Stampa Internazionale","publisher":{"@id":"https:\/\/www.pressenza.com\/it\/#organization"},"potentialAction":[{"@type":"SearchAction","target":{"@type":"EntryPoint","urlTemplate":"https:\/\/www.pressenza.com\/it\/?s={search_term_string}"},"query-input":{"@type":"PropertyValueSpecification","valueRequired":true,"valueName":"search_term_string"}}],"inLanguage":"it-IT"},{"@type":"Organization","@id":"https:\/\/www.pressenza.com\/it\/#organization","name":"Pressenza","url":"https:\/\/www.pressenza.com\/it\/","logo":{"@type":"ImageObject","inLanguage":"it-IT","@id":"https:\/\/www.pressenza.com\/it\/#\/schema\/logo\/image\/","url":"https:\/\/www.pressenza.com\/wp-content\/uploads\/2022\/10\/pressenza_logo_200x200.jpg","contentUrl":"https:\/\/www.pressenza.com\/wp-content\/uploads\/2022\/10\/pressenza_logo_200x200.jpg","width":200,"height":200,"caption":"Pressenza"},"image":{"@id":"https:\/\/www.pressenza.com\/it\/#\/schema\/logo\/image\/"},"sameAs":["https:\/\/www.facebook.com\/PressenzaItalia","https:\/\/x.com\/PressenzaIPA"]},{"@type":"Person","@id":"https:\/\/www.pressenza.com\/it\/#\/schema\/person\/13ac8d810e50349ceb227357a00fb87a","name":"Antonio Mazzeo","description":"Ecopacifista e antimilitarista, giornalista e saggista, vincitore nel 2010 del Primo premio \"Giorgio Bassani\" di Italia Nostra per il giornalismo. http:\/\/antoniomazzeoblog.blogspot.com\/","url":"https:\/\/www.pressenza.com\/it\/author\/antonio-mazzeo\/"}]}},"place":"","original_article_url":"","_links":{"self":[{"href":"https:\/\/www.pressenza.com\/it\/wp-json\/wp\/v2\/posts\/55507","targetHints":{"allow":["GET"]}}],"collection":[{"href":"https:\/\/www.pressenza.com\/it\/wp-json\/wp\/v2\/posts"}],"about":[{"href":"https:\/\/www.pressenza.com\/it\/wp-json\/wp\/v2\/types\/post"}],"author":[{"embeddable":true,"href":"https:\/\/www.pressenza.com\/it\/wp-json\/wp\/v2\/users\/689"}],"replies":[{"embeddable":true,"href":"https:\/\/www.pressenza.com\/it\/wp-json\/wp\/v2\/comments?post=55507"}],"version-history":[{"count":0,"href":"https:\/\/www.pressenza.com\/it\/wp-json\/wp\/v2\/posts\/55507\/revisions"}],"wp:attachment":[{"href":"https:\/\/www.pressenza.com\/it\/wp-json\/wp\/v2\/media?parent=55507"}],"wp:term":[{"taxonomy":"category","embeddable":true,"href":"https:\/\/www.pressenza.com\/it\/wp-json\/wp\/v2\/categories?post=55507"},{"taxonomy":"post_tag","embeddable":true,"href":"https:\/\/www.pressenza.com\/it\/wp-json\/wp\/v2\/tags?post=55507"}],"curies":[{"name":"wp","href":"https:\/\/api.w.org\/{rel}","templated":true}]}}