{"id":554666,"date":"2017-11-13T09:48:37","date_gmt":"2017-11-13T09:48:37","guid":{"rendered":"https:\/\/www.pressenza.com\/?p=554666\/"},"modified":"2017-11-13T09:48:37","modified_gmt":"2017-11-13T09:48:37","slug":"settimana-del-baratto-bb-aprono-le-porte-allo-scambio","status":"publish","type":"post","link":"https:\/\/www.pressenza.com\/it\/2017\/11\/settimana-del-baratto-bb-aprono-le-porte-allo-scambio\/","title":{"rendered":"Settimana del baratto: i B&#038;B aprono le porte allo scambio"},"content":{"rendered":"<p class=\"post-subtitle entry-subtitle\"><em><span style=\"color: #800000;\">Dal 13 al 19 novembre si pu\u00f2 barattare un soggiorno nei B&amp;B di tutta Italia con olio del proprio paese, libri usati, accessori vintage, lezioni di danza o altri beni e servizi. Giunta alla nona edizione, la settimana del baratto \u00e8 un\u2019ottima occasione per viaggiare conciliando il risparmio con la fantasia e il divertimento.<\/span><\/em><\/p>\n<p>Sono pi\u00f9 di 800 i Bed and Breakfast italiani che hanno aderito quest\u2019anno alla<strong> <a href=\"http:\/\/www.settimanadelbaratto.it\/it\/\" target=\"_blank\" rel=\"noopener\">Settimana del Baratto<\/a><\/strong>, giunta alla nona edizione. Da luned\u00ec 13 a domenica 19 novembre, dunque, si potr\u00e0 soggiornare in un B&amp;B associato al portale\u00a0<a href=\"https:\/\/www.bed-and-breakfast.it\/it\/\" target=\"_blank\" rel=\"noopener\">bed-and-breakfast.it<\/a>\u00a0 in cambio di beni o servizi preventivamente concordati o negoziati con i proprietari delle case. In\u00a0questo modo l\u2019ospite e il gestore dei B&amp;B sono svincolati dal pagamento in denaro e privilegiano esclusivamente l\u2019aspetto umano dell\u2019ospitalit\u00e0.<\/p>\n<p>Per chi ama viaggiare si tratta di una bella occasione per <strong>pernottare a costo zero<\/strong> in una struttura ricettiva e per partecipare a uno scambio di esperienze, fra l\u2019altro estremamente formativo sia per i bambini che per gli adulti.<\/p>\n<p>Partecipare \u00e8 semplice e gratuito. Lo si pu\u00f2 fare in tre modi. Se il viaggiatore sa gi\u00e0 dove andare pu\u00f2 cercare i B&amp;B che aderiscono all\u2019iniziativa digitando sul <a href=\"http:\/\/www.settimanadelbaratto.it\/it\/\" target=\"_blank\" rel=\"noopener\">sito<\/a> la localit\u00e0 che vorrebbe visitare o scorrendo il menu delle regioni. Una volta scelte le strutture a cui proporre il baratto, basta contattarle via mail o telefono e proporre lo scambio.<\/p>\n<p>Se il viaggiatore ha flessibilit\u00e0 nella destinazione ma non nella scelta dei beni o servizi da proporre, pu\u00f2 consultare la <a href=\"http:\/\/www.settimanadelbaratto.it\/it\/lista-desideri\" target=\"_blank\" rel=\"noopener\">lista dei desideri<\/a> dei gestori aderenti, verificare se qualcuno \u00e8 interessato a qualcosa che egli \u00e8 in grado di fornire e proporre lo scambio.<\/p>\n<p>La terza possibilit\u00e0 \u00e8 che il nostro viaggiatore inserisca la propria <a href=\"http:\/\/www.settimanadelbaratto.it\/it\/lista-desideri-viaggiatori\" target=\"_blank\" rel=\"noopener\">proposta di baratto<\/a> sul sito e attenda di essere contattato da un gestore interessato ad essa. Questa possibilit\u00e0 \u00e8 la meno consigliata perch\u00e9 i B&amp;B ricevono in genere molte proposte interessanti e fanno fatica a cercare altro di loro iniziativa.<\/p>\n<div id=\"attachment_25819\" class=\"wp-caption aligncenter\"><a class=\"lightbox-added\" href=\"http:\/\/www.italiachecambia.org\/wp-content\/uploads\/2017\/11\/installazione1.jpg\"><img loading=\"lazy\" decoding=\"async\" class=\"size-full wp-image-25819\" src=\"http:\/\/www.italiachecambia.org\/wp-content\/uploads\/2017\/11\/installazione1.jpg\" alt=\"Installazione di Irene Russo, un\u2019artista viaggiatrice di Avellino\" width=\"718\" height=\"501\" \/><\/a><\/div>\n<h6 class=\"wp-caption aligncenter\"><em>Installazione di Irene Russo, un&#8217;artista viaggiatrice di Avellino<\/em><\/h6>\n<p>La creativit\u00e0 delle proposte da parte dei viaggiatori \u00e8 davvero notevole. Fra le decine <a href=\"http:\/\/www.settimanadelbaratto.it\/it\/lista-desideri-viaggiatori\" target=\"_blank\" rel=\"noopener\">presenti quest\u2019anno<\/a> ci sono offerte di abiti da sposa, quadri d\u2019autore, letti d\u2019ottone, monete antiche, abbigliamento per bambini, gioielli artigianali, cibo tipico o autoprodotto e molto altro. C\u2019\u00e8 chi mette a disposizione la propria abilit\u00e0 di sarta, cuoco o architetto dei giardini; chi propone corsi base di chitarra, di intreccio o di tango argentino; chi offre servizi fotografici, progetti grafici o massaggi. Un ex campione italiano di scacchi svelerebbe le sue strategie in cambio di soggiorni di almeno 3 notti in localit\u00e0 termali.<\/p>\n<p>Sul versante della domanda, i B&amp;B non sono da meno. Fra le <a href=\"http:\/\/www.settimanadelbaratto.it\/it\/lista-desideri\" target=\"_blank\" rel=\"noopener\">richieste<\/a> ci sono vecchi dischi in vinile, servizi di pentole, vino biologico, restauri di affreschi, musica dal vivo, biciclette, giochi da tavolo, addobbi natalizi, ecc. Un B&amp;B di Lucca offre un weekend a scrittori in cambio di una copia del proprio libro con dedica. A Modica, nel ragusano, una struttura situata in un palazzo storico chiede specchi vintage. In provincia di Pavia un gestore offre un soggiorno in cambio della riparazione della sua boccia da neve con carillon.<\/p>\n<p><a class=\"lightbox-added aligncenter\" href=\"http:\/\/www.italiachecambia.org\/wp-content\/uploads\/2017\/11\/BB-Il-Ghiro-Carloforte.jpg\"><img loading=\"lazy\" decoding=\"async\" class=\"aligncenter wp-image-25820 size-full\" src=\"http:\/\/www.italiachecambia.org\/wp-content\/uploads\/2017\/11\/BB-Il-Ghiro-Carloforte.jpg\" alt=\"BB-Il-Ghiro-Carloforte\" width=\"800\" height=\"533\" \/><\/a><\/p>\n<p>Il crescente successo dell\u2019iniziativa nel corso degli anni ha portato alla nascita di <a href=\"http:\/\/www.barattobb.it\/\" target=\"_blank\" rel=\"noopener\">BarattoBB<\/a>, una rete che raccoglie\u00a0i B&amp;B che accettano il baratto tutto l\u2019anno.<\/p>\n<p>La Settimana del Baratto \u00e8 la versione italiana della <a href=\"https:\/\/www.barterweek.com\/en\/\" target=\"_blank\" rel=\"noopener\">Barter Week<\/a>, che raccoglie per lo stesso periodo le adesioni di strutture ricettive di 49 Paesi da tutto il mondo, dall\u2019Argentina alla Tanzania, dalla Thailandia all\u2019Australia, passando perfino per Cuba e le Isole Fiji.<\/p>\n<p>Il Bangalue, nel distretto di Mbale (Uganda orientale), \u00e8 gestito da uno studente 18enne impegnato in un piano di aiuti per i bambini svantaggiati del posto. Lui ospita gratis tutti i viaggiatori in arrivo con libri, fumetti, computer e quant\u2019altro di utile alla scuola creata nell\u2019ambito del programma umanitario: in questo caso lo scambio, oltre che divertente e conveniente, si fa anche etico.<\/p>\n<div id=\"attachment_25821\" class=\"wp-caption aligncenter\"><a class=\"lightbox-added\" href=\"http:\/\/www.italiachecambia.org\/wp-content\/uploads\/2017\/11\/BB-Uganda-2.jpg\"><img loading=\"lazy\" decoding=\"async\" class=\"wp-image-25821\" src=\"http:\/\/www.italiachecambia.org\/wp-content\/uploads\/2017\/11\/BB-Uganda-2.jpg\" alt=\"Nangweso, lo studente ugandese, con un suo amico\" width=\"800\" height=\"620\" \/><\/a><\/p>\n<h6 class=\"wp-caption-text\"><em>Nangweso, lo studente ugandese, con un suo amico<\/em><\/h6>\n<p><em><span class=\"post-meta-infos\"><span style=\"color: #800000;\">Scritto<\/span> <time class=\"date-container minor-meta updated\" datetime=\"2017-11-13T10:33:09+00:00\"><\/time> <span class=\"blog-author minor-meta\">da <span class=\"entry-author-link\"><span class=\"vcard author\"><span class=\"fn\"><a class=\"url fn\" title=\"Posts by Ezio Maisto\" href=\"http:\/\/www.italiachecambia.org\/author\/ezio-maisto\/\" rel=\"author\">Ezio Maisto<\/a><\/span><\/span><\/span><\/span><span class=\"blog-categories minor-meta\"> in <a href=\"http:\/\/www.italiachecambia.org\/categoria\/articoli\/\" rel=\"tag\">Articoli<\/a>, <a href=\"http:\/\/www.italiachecambia.org\/categoria\/stili-di-vita\/\" rel=\"tag\">Stili di vita<\/a> <\/span><\/span><\/em><\/p>\n<\/div>\n","protected":false},"excerpt":{"rendered":"<p>Dal 13 al 19 novembre si pu\u00f2 barattare un soggiorno nei B&amp;B di tutta Italia con olio del proprio paese, libri usati, accessori vintage, lezioni di danza o altri beni e servizi. Giunta alla nona edizione, la settimana del baratto&hellip;<\/p>\n","protected":false},"author":1156,"featured_media":554667,"comment_status":"closed","ping_status":"closed","sticky":false,"template":"","format":"standard","meta":{"footnotes":""},"categories":[56,47,162],"tags":[41757,4699,14481,26628],"class_list":["post-554666","post","type-post","status-publish","format-standard","has-post-thumbnail","hentry","category-cultura","category-europa","category-opinioni","tag-bb","tag-baratto","tag-condivisione","tag-scambio"],"yoast_head":"<!-- This site is optimized with the Yoast SEO plugin v27.1.1 - https:\/\/yoast.com\/product\/yoast-seo-wordpress\/ -->\n<title>Settimana del baratto: i B&amp;B aprono le porte allo scambio<\/title>\n<meta name=\"description\" content=\"Dal 13 al 19 novembre si pu\u00f2 barattare un soggiorno nei B&amp;B di tutta Italia con olio del proprio paese, libri usati, accessori vintage, lezioni di\" \/>\n<meta name=\"robots\" content=\"index, follow, max-snippet:-1, max-image-preview:large, max-video-preview:-1\" \/>\n<link rel=\"canonical\" href=\"https:\/\/www.pressenza.com\/it\/2017\/11\/settimana-del-baratto-bb-aprono-le-porte-allo-scambio\/\" \/>\n<meta property=\"og:locale\" content=\"it_IT\" \/>\n<meta property=\"og:type\" content=\"article\" \/>\n<meta property=\"og:title\" content=\"Settimana del baratto: i B&amp;B aprono le porte allo scambio\" \/>\n<meta property=\"og:description\" content=\"Dal 13 al 19 novembre si pu\u00f2 barattare un soggiorno nei B&amp;B di tutta Italia con olio del proprio paese, libri usati, accessori vintage, lezioni di\" \/>\n<meta property=\"og:url\" content=\"https:\/\/www.pressenza.com\/it\/2017\/11\/settimana-del-baratto-bb-aprono-le-porte-allo-scambio\/\" \/>\n<meta property=\"og:site_name\" content=\"Pressenza\" \/>\n<meta property=\"article:publisher\" content=\"https:\/\/www.facebook.com\/PressenzaItalia\" \/>\n<meta property=\"article:published_time\" content=\"2017-11-13T09:48:37+00:00\" \/>\n<meta property=\"og:image\" content=\"https:\/\/www.pressenza.com\/wp-content\/uploads\/2017\/11\/Baratto.jpg\" \/>\n\t<meta property=\"og:image:width\" content=\"2048\" \/>\n\t<meta property=\"og:image:height\" content=\"1430\" \/>\n\t<meta property=\"og:image:type\" content=\"image\/jpeg\" \/>\n<meta name=\"author\" content=\"Italia che Cambia\" \/>\n<meta name=\"twitter:card\" content=\"summary_large_image\" \/>\n<meta name=\"twitter:creator\" content=\"@PressenzaIPA\" \/>\n<meta name=\"twitter:site\" content=\"@PressenzaIPA\" \/>\n<meta name=\"twitter:label1\" content=\"Scritto da\" \/>\n\t<meta name=\"twitter:data1\" content=\"Italia che Cambia\" \/>\n\t<meta name=\"twitter:label2\" content=\"Tempo di lettura stimato\" \/>\n\t<meta name=\"twitter:data2\" content=\"3 minuti\" \/>\n<script type=\"application\/ld+json\" class=\"yoast-schema-graph\">{\"@context\":\"https:\/\/schema.org\",\"@graph\":[{\"@type\":\"Article\",\"@id\":\"https:\/\/www.pressenza.com\/it\/2017\/11\/settimana-del-baratto-bb-aprono-le-porte-allo-scambio\/#article\",\"isPartOf\":{\"@id\":\"https:\/\/www.pressenza.com\/it\/2017\/11\/settimana-del-baratto-bb-aprono-le-porte-allo-scambio\/\"},\"author\":{\"name\":\"Italia che Cambia\",\"@id\":\"https:\/\/www.pressenza.com\/it\/#\/schema\/person\/26ae515434c753a9e88393ca1aba3b44\"},\"headline\":\"Settimana del baratto: i B&#038;B aprono le porte allo scambio\",\"datePublished\":\"2017-11-13T09:48:37+00:00\",\"mainEntityOfPage\":{\"@id\":\"https:\/\/www.pressenza.com\/it\/2017\/11\/settimana-del-baratto-bb-aprono-le-porte-allo-scambio\/\"},\"wordCount\":696,\"publisher\":{\"@id\":\"https:\/\/www.pressenza.com\/it\/#organization\"},\"image\":{\"@id\":\"https:\/\/www.pressenza.com\/it\/2017\/11\/settimana-del-baratto-bb-aprono-le-porte-allo-scambio\/#primaryimage\"},\"thumbnailUrl\":\"https:\/\/www.pressenza.com\/wp-content\/uploads\/2017\/11\/Baratto.jpg\",\"keywords\":[\"B&amp;B\",\"baratto\",\"condivisione\",\"scambio\"],\"articleSection\":[\"Cultura e Media\",\"Europa\",\"Opinioni\"],\"inLanguage\":\"it-IT\"},{\"@type\":\"WebPage\",\"@id\":\"https:\/\/www.pressenza.com\/it\/2017\/11\/settimana-del-baratto-bb-aprono-le-porte-allo-scambio\/\",\"url\":\"https:\/\/www.pressenza.com\/it\/2017\/11\/settimana-del-baratto-bb-aprono-le-porte-allo-scambio\/\",\"name\":\"Settimana del baratto: i B&B aprono le porte allo scambio\",\"isPartOf\":{\"@id\":\"https:\/\/www.pressenza.com\/it\/#website\"},\"primaryImageOfPage\":{\"@id\":\"https:\/\/www.pressenza.com\/it\/2017\/11\/settimana-del-baratto-bb-aprono-le-porte-allo-scambio\/#primaryimage\"},\"image\":{\"@id\":\"https:\/\/www.pressenza.com\/it\/2017\/11\/settimana-del-baratto-bb-aprono-le-porte-allo-scambio\/#primaryimage\"},\"thumbnailUrl\":\"https:\/\/www.pressenza.com\/wp-content\/uploads\/2017\/11\/Baratto.jpg\",\"datePublished\":\"2017-11-13T09:48:37+00:00\",\"description\":\"Dal 13 al 19 novembre si pu\u00f2 barattare un soggiorno nei B&amp;B di tutta Italia con olio del proprio paese, libri usati, accessori vintage, lezioni di\",\"breadcrumb\":{\"@id\":\"https:\/\/www.pressenza.com\/it\/2017\/11\/settimana-del-baratto-bb-aprono-le-porte-allo-scambio\/#breadcrumb\"},\"inLanguage\":\"it-IT\",\"potentialAction\":[{\"@type\":\"ReadAction\",\"target\":[\"https:\/\/www.pressenza.com\/it\/2017\/11\/settimana-del-baratto-bb-aprono-le-porte-allo-scambio\/\"]}]},{\"@type\":\"ImageObject\",\"inLanguage\":\"it-IT\",\"@id\":\"https:\/\/www.pressenza.com\/it\/2017\/11\/settimana-del-baratto-bb-aprono-le-porte-allo-scambio\/#primaryimage\",\"url\":\"https:\/\/www.pressenza.com\/wp-content\/uploads\/2017\/11\/Baratto.jpg\",\"contentUrl\":\"https:\/\/www.pressenza.com\/wp-content\/uploads\/2017\/11\/Baratto.jpg\",\"width\":2048,\"height\":1430},{\"@type\":\"BreadcrumbList\",\"@id\":\"https:\/\/www.pressenza.com\/it\/2017\/11\/settimana-del-baratto-bb-aprono-le-porte-allo-scambio\/#breadcrumb\",\"itemListElement\":[{\"@type\":\"ListItem\",\"position\":1,\"name\":\"Accueil\",\"item\":\"https:\/\/www.pressenza.com\/it\/\"},{\"@type\":\"ListItem\",\"position\":2,\"name\":\"Settimana del baratto: i B&#038;B aprono le porte allo scambio\"}]},{\"@type\":\"WebSite\",\"@id\":\"https:\/\/www.pressenza.com\/it\/#website\",\"url\":\"https:\/\/www.pressenza.com\/it\/\",\"name\":\"Pressenza\",\"description\":\"Agenzia di Stampa Internazionale\",\"publisher\":{\"@id\":\"https:\/\/www.pressenza.com\/it\/#organization\"},\"potentialAction\":[{\"@type\":\"SearchAction\",\"target\":{\"@type\":\"EntryPoint\",\"urlTemplate\":\"https:\/\/www.pressenza.com\/it\/?s={search_term_string}\"},\"query-input\":{\"@type\":\"PropertyValueSpecification\",\"valueRequired\":true,\"valueName\":\"search_term_string\"}}],\"inLanguage\":\"it-IT\"},{\"@type\":\"Organization\",\"@id\":\"https:\/\/www.pressenza.com\/it\/#organization\",\"name\":\"Pressenza\",\"url\":\"https:\/\/www.pressenza.com\/it\/\",\"logo\":{\"@type\":\"ImageObject\",\"inLanguage\":\"it-IT\",\"@id\":\"https:\/\/www.pressenza.com\/it\/#\/schema\/logo\/image\/\",\"url\":\"https:\/\/www.pressenza.com\/wp-content\/uploads\/2022\/10\/pressenza_logo_200x200.jpg\",\"contentUrl\":\"https:\/\/www.pressenza.com\/wp-content\/uploads\/2022\/10\/pressenza_logo_200x200.jpg\",\"width\":200,\"height\":200,\"caption\":\"Pressenza\"},\"image\":{\"@id\":\"https:\/\/www.pressenza.com\/it\/#\/schema\/logo\/image\/\"},\"sameAs\":[\"https:\/\/www.facebook.com\/PressenzaItalia\",\"https:\/\/x.com\/PressenzaIPA\"]},{\"@type\":\"Person\",\"@id\":\"https:\/\/www.pressenza.com\/it\/#\/schema\/person\/26ae515434c753a9e88393ca1aba3b44\",\"name\":\"Italia che Cambia\",\"description\":\"Italia che Cambia \u00e8 una testata giornalistica. Vogliamo creare strumenti che mettano insieme tutti gli attori silenziosi di quell\u2019Italia che esiste ma che attualmente \u00e8 invisibile dall\u2019esterno, perch\u00e9 ignorata dai mass media. Vogliamo raccontare e rappresentare quei milioni di cittadini fino ad oggi esclusi dai circuiti informativi, offrendogli allo stesso tempo una serie di servizi fondamentali alla valorizzazione e alla messa in rete delle loro azioni.\",\"url\":\"https:\/\/www.pressenza.com\/it\/author\/italia-che-cambia\/\"}]}<\/script>\n<!-- \/ Yoast SEO plugin. -->","yoast_head_json":{"title":"Settimana del baratto: i B&B aprono le porte allo scambio","description":"Dal 13 al 19 novembre si pu\u00f2 barattare un soggiorno nei B&amp;B di tutta Italia con olio del proprio paese, libri usati, accessori vintage, lezioni di","robots":{"index":"index","follow":"follow","max-snippet":"max-snippet:-1","max-image-preview":"max-image-preview:large","max-video-preview":"max-video-preview:-1"},"canonical":"https:\/\/www.pressenza.com\/it\/2017\/11\/settimana-del-baratto-bb-aprono-le-porte-allo-scambio\/","og_locale":"it_IT","og_type":"article","og_title":"Settimana del baratto: i B&B aprono le porte allo scambio","og_description":"Dal 13 al 19 novembre si pu\u00f2 barattare un soggiorno nei B&amp;B di tutta Italia con olio del proprio paese, libri usati, accessori vintage, lezioni di","og_url":"https:\/\/www.pressenza.com\/it\/2017\/11\/settimana-del-baratto-bb-aprono-le-porte-allo-scambio\/","og_site_name":"Pressenza","article_publisher":"https:\/\/www.facebook.com\/PressenzaItalia","article_published_time":"2017-11-13T09:48:37+00:00","og_image":[{"width":2048,"height":1430,"url":"https:\/\/www.pressenza.com\/wp-content\/uploads\/2017\/11\/Baratto.jpg","type":"image\/jpeg"}],"author":"Italia che Cambia","twitter_card":"summary_large_image","twitter_creator":"@PressenzaIPA","twitter_site":"@PressenzaIPA","twitter_misc":{"Scritto da":"Italia che Cambia","Tempo di lettura stimato":"3 minuti"},"schema":{"@context":"https:\/\/schema.org","@graph":[{"@type":"Article","@id":"https:\/\/www.pressenza.com\/it\/2017\/11\/settimana-del-baratto-bb-aprono-le-porte-allo-scambio\/#article","isPartOf":{"@id":"https:\/\/www.pressenza.com\/it\/2017\/11\/settimana-del-baratto-bb-aprono-le-porte-allo-scambio\/"},"author":{"name":"Italia che Cambia","@id":"https:\/\/www.pressenza.com\/it\/#\/schema\/person\/26ae515434c753a9e88393ca1aba3b44"},"headline":"Settimana del baratto: i B&#038;B aprono le porte allo scambio","datePublished":"2017-11-13T09:48:37+00:00","mainEntityOfPage":{"@id":"https:\/\/www.pressenza.com\/it\/2017\/11\/settimana-del-baratto-bb-aprono-le-porte-allo-scambio\/"},"wordCount":696,"publisher":{"@id":"https:\/\/www.pressenza.com\/it\/#organization"},"image":{"@id":"https:\/\/www.pressenza.com\/it\/2017\/11\/settimana-del-baratto-bb-aprono-le-porte-allo-scambio\/#primaryimage"},"thumbnailUrl":"https:\/\/www.pressenza.com\/wp-content\/uploads\/2017\/11\/Baratto.jpg","keywords":["B&amp;B","baratto","condivisione","scambio"],"articleSection":["Cultura e Media","Europa","Opinioni"],"inLanguage":"it-IT"},{"@type":"WebPage","@id":"https:\/\/www.pressenza.com\/it\/2017\/11\/settimana-del-baratto-bb-aprono-le-porte-allo-scambio\/","url":"https:\/\/www.pressenza.com\/it\/2017\/11\/settimana-del-baratto-bb-aprono-le-porte-allo-scambio\/","name":"Settimana del baratto: i B&B aprono le porte allo scambio","isPartOf":{"@id":"https:\/\/www.pressenza.com\/it\/#website"},"primaryImageOfPage":{"@id":"https:\/\/www.pressenza.com\/it\/2017\/11\/settimana-del-baratto-bb-aprono-le-porte-allo-scambio\/#primaryimage"},"image":{"@id":"https:\/\/www.pressenza.com\/it\/2017\/11\/settimana-del-baratto-bb-aprono-le-porte-allo-scambio\/#primaryimage"},"thumbnailUrl":"https:\/\/www.pressenza.com\/wp-content\/uploads\/2017\/11\/Baratto.jpg","datePublished":"2017-11-13T09:48:37+00:00","description":"Dal 13 al 19 novembre si pu\u00f2 barattare un soggiorno nei B&amp;B di tutta Italia con olio del proprio paese, libri usati, accessori vintage, lezioni di","breadcrumb":{"@id":"https:\/\/www.pressenza.com\/it\/2017\/11\/settimana-del-baratto-bb-aprono-le-porte-allo-scambio\/#breadcrumb"},"inLanguage":"it-IT","potentialAction":[{"@type":"ReadAction","target":["https:\/\/www.pressenza.com\/it\/2017\/11\/settimana-del-baratto-bb-aprono-le-porte-allo-scambio\/"]}]},{"@type":"ImageObject","inLanguage":"it-IT","@id":"https:\/\/www.pressenza.com\/it\/2017\/11\/settimana-del-baratto-bb-aprono-le-porte-allo-scambio\/#primaryimage","url":"https:\/\/www.pressenza.com\/wp-content\/uploads\/2017\/11\/Baratto.jpg","contentUrl":"https:\/\/www.pressenza.com\/wp-content\/uploads\/2017\/11\/Baratto.jpg","width":2048,"height":1430},{"@type":"BreadcrumbList","@id":"https:\/\/www.pressenza.com\/it\/2017\/11\/settimana-del-baratto-bb-aprono-le-porte-allo-scambio\/#breadcrumb","itemListElement":[{"@type":"ListItem","position":1,"name":"Accueil","item":"https:\/\/www.pressenza.com\/it\/"},{"@type":"ListItem","position":2,"name":"Settimana del baratto: i B&#038;B aprono le porte allo scambio"}]},{"@type":"WebSite","@id":"https:\/\/www.pressenza.com\/it\/#website","url":"https:\/\/www.pressenza.com\/it\/","name":"Pressenza","description":"Agenzia di Stampa Internazionale","publisher":{"@id":"https:\/\/www.pressenza.com\/it\/#organization"},"potentialAction":[{"@type":"SearchAction","target":{"@type":"EntryPoint","urlTemplate":"https:\/\/www.pressenza.com\/it\/?s={search_term_string}"},"query-input":{"@type":"PropertyValueSpecification","valueRequired":true,"valueName":"search_term_string"}}],"inLanguage":"it-IT"},{"@type":"Organization","@id":"https:\/\/www.pressenza.com\/it\/#organization","name":"Pressenza","url":"https:\/\/www.pressenza.com\/it\/","logo":{"@type":"ImageObject","inLanguage":"it-IT","@id":"https:\/\/www.pressenza.com\/it\/#\/schema\/logo\/image\/","url":"https:\/\/www.pressenza.com\/wp-content\/uploads\/2022\/10\/pressenza_logo_200x200.jpg","contentUrl":"https:\/\/www.pressenza.com\/wp-content\/uploads\/2022\/10\/pressenza_logo_200x200.jpg","width":200,"height":200,"caption":"Pressenza"},"image":{"@id":"https:\/\/www.pressenza.com\/it\/#\/schema\/logo\/image\/"},"sameAs":["https:\/\/www.facebook.com\/PressenzaItalia","https:\/\/x.com\/PressenzaIPA"]},{"@type":"Person","@id":"https:\/\/www.pressenza.com\/it\/#\/schema\/person\/26ae515434c753a9e88393ca1aba3b44","name":"Italia che Cambia","description":"Italia che Cambia \u00e8 una testata giornalistica. Vogliamo creare strumenti che mettano insieme tutti gli attori silenziosi di quell\u2019Italia che esiste ma che attualmente \u00e8 invisibile dall\u2019esterno, perch\u00e9 ignorata dai mass media. Vogliamo raccontare e rappresentare quei milioni di cittadini fino ad oggi esclusi dai circuiti informativi, offrendogli allo stesso tempo una serie di servizi fondamentali alla valorizzazione e alla messa in rete delle loro azioni.","url":"https:\/\/www.pressenza.com\/it\/author\/italia-che-cambia\/"}]}},"place":"","original_article_url":"http:\/\/www.italiachecambia.org\/2017\/11\/settimana-del-baratto-bb-scambio\/?#","_links":{"self":[{"href":"https:\/\/www.pressenza.com\/it\/wp-json\/wp\/v2\/posts\/554666","targetHints":{"allow":["GET"]}}],"collection":[{"href":"https:\/\/www.pressenza.com\/it\/wp-json\/wp\/v2\/posts"}],"about":[{"href":"https:\/\/www.pressenza.com\/it\/wp-json\/wp\/v2\/types\/post"}],"author":[{"embeddable":true,"href":"https:\/\/www.pressenza.com\/it\/wp-json\/wp\/v2\/users\/1156"}],"replies":[{"embeddable":true,"href":"https:\/\/www.pressenza.com\/it\/wp-json\/wp\/v2\/comments?post=554666"}],"version-history":[{"count":0,"href":"https:\/\/www.pressenza.com\/it\/wp-json\/wp\/v2\/posts\/554666\/revisions"}],"wp:featuredmedia":[{"embeddable":true,"href":"https:\/\/www.pressenza.com\/it\/wp-json\/wp\/v2\/media\/554667"}],"wp:attachment":[{"href":"https:\/\/www.pressenza.com\/it\/wp-json\/wp\/v2\/media?parent=554666"}],"wp:term":[{"taxonomy":"category","embeddable":true,"href":"https:\/\/www.pressenza.com\/it\/wp-json\/wp\/v2\/categories?post=554666"},{"taxonomy":"post_tag","embeddable":true,"href":"https:\/\/www.pressenza.com\/it\/wp-json\/wp\/v2\/tags?post=554666"}],"curies":[{"name":"wp","href":"https:\/\/api.w.org\/{rel}","templated":true}]}}