{"id":554147,"date":"2017-11-11T13:17:34","date_gmt":"2017-11-11T13:17:34","guid":{"rendered":"https:\/\/www.pressenza.com\/?p=554147\/"},"modified":"2017-11-11T13:17:34","modified_gmt":"2017-11-11T13:17:34","slug":"naomi-klein-ada-colau-resistere-alla-dottrina-dello-shock","status":"publish","type":"post","link":"https:\/\/www.pressenza.com\/it\/2017\/11\/naomi-klein-ada-colau-resistere-alla-dottrina-dello-shock\/","title":{"rendered":"Naomi Klein \u2013 Ada Colau: resistere alla dottrina dello shock"},"content":{"rendered":"<p>La sindaca di Barcellona Ada Colau e la scrittrice Naomi Klein sono state le protagoniste di un dibattito dal titolo: \u201cOpporsi alle politiche della confusione e della paura: la giustizia sociale come sfida globale\u201d. Hanno affrontato i temi pi\u00f9 roventi del momento, riferendosi sia al processo che Barcellona sta vivendo fin dagli attentati di agosto e all\u2019attuale barbarie politica, sia a fenomeni mondiali che evidenziano quella che Klein chiama la \u201cdottrina dello shock\u201d.<\/p>\n<p>Entrambe scelgono il S\u00ed, l\u2019\u201dempowerment\u201d per superare lo shock. Nel caso di Colau, si tratta di un s\u00ed nato dalla base della cittadinanza, nella lotta, che corrisponde all\u2019analisi di Klein nelle sue ultime teorie sulla resistenza davanti allo shock. Il dibattito punta a definire strategie per affrontare le politiche che mettono in pericolo i diritti dei cittadini, fa ben sperare in una possibilit\u00e0 di cambiamento evolutivo e si propone di generare una narrativa comune per opporsi all\u2019indebolimento.<\/p>\n<p>In una sala strapiena, con oltre 700 persone all\u2019interno e uno schermo gigante all\u2019esterno per tutti quelli rimasti fuori, la sera del 9 novembre si \u00e8 trasformata in un evento colmo di emotivit\u00e0, applausi e anche denunce, tra cui quella di un attivista senzatetto che ha fatto irruzione nella sala criticando le politiche del Comune e ha ottenuto spazio e risposte. Nel corso di due ore Ada Colau e Naomi Klein hanno parlato da un lato della situazione attuale di Barcellona e dell\u2019azione svolta dal partito Barcelona en Com\u00fa, sottolineando sia i successi ottenuti che le difficolt\u00e0 incontrate e dall\u2019altro, da parte di Klein, della situazione geopolitica mondiale e in particolare della proliferazione delle politiche della paura, della crescita dell\u2019estrema destra e della resistenza come arma di difesa.<\/p>\n<p>&nbsp;<\/p>\n<div class=\"post-gallery\">\n\t\t\t<figure class=\"post-gallery-item\">\n\t\t\t\t<img decoding=\"async\" src=\"https:\/\/www.pressenza.com\/wp-content\/uploads\/2017\/11\/klein2-720x540.jpg\" loading=\"lazy\">\n\t\t\t\t<figcaption>\n\t\t\t\t\t\n\t\t\t\t<\/figcaption>\n\t\t\t<\/figure>\n\t\t\t<figure class=\"post-gallery-item\">\n\t\t\t\t<img decoding=\"async\" src=\"https:\/\/www.pressenza.com\/wp-content\/uploads\/2017\/11\/colau_klein6-720x540.jpg\" loading=\"lazy\">\n\t\t\t\t<figcaption>\n\t\t\t\t\t\n\t\t\t\t<\/figcaption>\n\t\t\t<\/figure>\n\t\t\t<figure class=\"post-gallery-item\">\n\t\t\t\t<img decoding=\"async\" src=\"https:\/\/www.pressenza.com\/wp-content\/uploads\/2017\/11\/colau_klein5-720x540.jpg\" loading=\"lazy\">\n\t\t\t\t<figcaption>\n\t\t\t\t\t\n\t\t\t\t<\/figcaption>\n\t\t\t<\/figure>\n\t\t\t<figure class=\"post-gallery-item\">\n\t\t\t\t<img decoding=\"async\" src=\"https:\/\/www.pressenza.com\/wp-content\/uploads\/2017\/11\/colau_klein4-720x540.jpg\" loading=\"lazy\">\n\t\t\t\t<figcaption>\n\t\t\t\t\t\n\t\t\t\t<\/figcaption>\n\t\t\t<\/figure>\n\t\t\t<figure class=\"post-gallery-item\">\n\t\t\t\t<img decoding=\"async\" src=\"https:\/\/www.pressenza.com\/wp-content\/uploads\/2017\/11\/colau_klein3-720x540.jpg\" loading=\"lazy\">\n\t\t\t\t<figcaption>\n\t\t\t\t\t\n\t\t\t\t<\/figcaption>\n\t\t\t<\/figure>\n\t\t\t<figure class=\"post-gallery-item\">\n\t\t\t\t<img decoding=\"async\" src=\"https:\/\/www.pressenza.com\/wp-content\/uploads\/2017\/11\/colau_klein2-720x540.jpg\" loading=\"lazy\">\n\t\t\t\t<figcaption>\n\t\t\t\t\t\n\t\t\t\t<\/figcaption>\n\t\t\t<\/figure><\/div>\n<p>I temi importanti a livello mondiale sono saliti alla ribalta: il diritto alla casa;\u00a0 la crisi democratica; l\u2019impoverimento crescente della popolazione; la gentrificazione; il debito ecologico; la sovranit\u00e0 sull\u2019acqua e l\u2019energia; il cambiamento climatico; i movimenti indigeni; la fuga dei capitali; le materie prime e la speculazione, ecc. In molti casi la situazione non \u00e8 cambiata e finch\u00e9 non si risolver\u00e0 la questione di fondo resteremo lontani dalla soluzione. Tuttavia si stanno verificando esempi mondiali di arretramento del modello neo-liberista, seppure a livello minimo. Naomi Klein descrive casi evidenti in America Latina, casi di \u00a0terrore che mostrano una debolezza e casi di movimenti che stanno dando risposte. La proposta centrale \u00e8 quella di opporsi a un sistema corrotto, che non d\u00e0 valore alla vita e di valorizzarla in una situazione di uguaglianza.<\/p>\n<p>La dottrina dello shock \u00e8 stata forse l\u2019espressione pi\u00f9 usata in tutto il dibattito; si tratta di un tema che Naomi Klein aveva gi\u00e0 definito nel 2007 nel suo libro \u201cShock economy. L&#8217;ascesa del capitalismo dei disastri\u201d e che ricompare ora nel suo ultimo lavoro: \u201cNon basta dire no!\u201d, con riferimento a modalit\u00e0 di azione del potere in cui, dopo un disastro o un\u2019emergenza, si approfitta degli effetti sulla psicologia sociale per realizzare riforme o approvare leggi impopolari. Si approfitta di una tappa di crisi per introdurre politiche che distruggono le risorse pubbliche e arricchiscono una minoranza. La dottrina dello shock \u00e8 uno spettacolo che \u00a0si svolge in un\u2019interminabile atmosfera di distrazione, spiega la Klein. Parafrasando lo scrittore argentino C\u00e9sar Aira, dice: \u201cQualsiasi cambiamento \u00e8 un cambiamento di tema\u201d. Di cosa stiamo parlando quando parliamo di questo? Pensiamo solo a quello che \u00e8 successo in Spagna riguardo alla Catalogna nell\u2019ultimo mese.<\/p>\n<p>Questo modo di sviare l\u2019attenzione comporta una strategia di \u201cnormalizzazione della barbarie e dell\u2019abuso\u201d: dagli attentati di agosto a Barcellona, alle cariche poliziesche del 1\u00b0 ottobre, fino all\u2019applicazione dell\u2019articolo 155 e alla detenzione di persone per la loro ideologia politica, la popolazione \u00e8 stata sottoposta a una situazione prolungata di tensione e di shock che l\u2019ha debilitata.<\/p>\n<p>Naomi Klein analizza la questione fin dagli attentati dell\u201911 settembre negli Stati Uniti e vede come il tema si ripete in ogni luogo: \u201cC\u2019\u00e8 una strategia ricorrente, che consiste nell\u2019introdurre le stesse politiche di privatizzazione, tagli fiscali per i ricchi e tagli ai servizi sociali per i poveri. Si pu\u00f2 osservare per esempio oggi a Puerto Rico, dove dopo gli uragani questo sistema \u00e8 stato subito utilizzato per difendere la privatizzazione dell\u2019elettricit\u00e0\u201d.<\/p>\n<p>Il dibattito tocca anche le politiche di Trump, presentato come vero e proprio modello della dottrina dello shock infinito: \u00e8 una vera macchina, uno showman che ci mantiene concentrati sul suo spettacolo, che \u00e8 pi\u00f9 divertente da seguire del programma dei tagli. Klein definisce lo show di Trump un\u2019identit\u00e0 corporativa mascherata da essere umano e propone di uscire da questa rivendicazione dello shock e di collocarlo in un contesto storico e strategico.<\/p>\n<p>Come Trump, anche il governo di Rajoy, ha applicato una politica pericolosa, sostiene Naomi Klein: rappresentanti del governo sono finiti in prigione e si permette che centinaia di persone muoiano in mare. La strategia del governo di Rajoy \u00e8 stata quella di nascondere l\u2019allarmante corruzione del Partito popolare e qualunque notizia serve a sviare l\u2019attenzione. Bisogna resistere a queste politiche. Bisogna ricordare che \u201cSi pu\u00f2\u201d e che \u201cla sensazione di sconforto, il lascito neo-liberista che \u00e8 la guerra all\u2019immaginazione, non \u00e8 un\u2019utopia\u201d.<\/p>\n<p>Il dibattito termina dando spazio a diversi gruppi cittadini impegnati a dare risposte di cambiamento dalla base della citt\u00e0. La conclusione di Naomi Klein \u00e8 incoraggiante: \u201cQueste paure possono essere anche un momento di salto evolutivo; state cominciando da zero e questo spaventa, ma io credo in voi\u201d.<\/p>\n<p>&nbsp;<\/p>\n<p>&nbsp;<\/p>\n","protected":false},"excerpt":{"rendered":"<p>La sindaca di Barcellona Ada Colau e la scrittrice Naomi Klein sono state le protagoniste di un dibattito dal titolo: \u201cOpporsi alle politiche della confusione e della paura: la giustizia sociale come sfida globale\u201d. Hanno affrontato i temi pi\u00f9 roventi&hellip;<\/p>\n","protected":false},"author":647,"featured_media":554065,"comment_status":"closed","ping_status":"closed","sticky":false,"template":"","format":"standard","meta":{"footnotes":""},"categories":[11388,60,47,162,55],"tags":[35634,26188,41724,511,15696,4000],"class_list":["post-554147","post","type-post","status-publish","format-standard","has-post-thumbnail","hentry","category-contenuti-originali","category-diritti-umani","category-europa","category-opinioni","category-politica","tag-ada-colau-it","tag-donald-trump-it","tag-dottrina-dello-shock","tag-mariano-rajoy","tag-naomi-klein-it","tag-resistenza"],"yoast_head":"<!-- This site is optimized with the Yoast SEO plugin v27.1.1 - https:\/\/yoast.com\/product\/yoast-seo-wordpress\/ -->\n<title>Naomi Klein \u2013 Ada Colau: resistere alla dottrina dello shock<\/title>\n<meta name=\"description\" content=\"La sindaca di Barcellona Ada Colau e la scrittrice Naomi Klein sono state le protagoniste di un dibattito dal titolo: \u201cOpporsi alle politiche della\" \/>\n<meta name=\"robots\" content=\"index, follow, max-snippet:-1, max-image-preview:large, max-video-preview:-1\" \/>\n<link rel=\"canonical\" href=\"https:\/\/www.pressenza.com\/it\/2017\/11\/naomi-klein-ada-colau-resistere-alla-dottrina-dello-shock\/\" \/>\n<meta property=\"og:locale\" content=\"it_IT\" \/>\n<meta property=\"og:type\" content=\"article\" \/>\n<meta property=\"og:title\" content=\"Naomi Klein \u2013 Ada Colau: resistere alla dottrina dello shock\" \/>\n<meta property=\"og:description\" content=\"La sindaca di Barcellona Ada Colau e la scrittrice Naomi Klein sono state le protagoniste di un dibattito dal titolo: \u201cOpporsi alle politiche della\" \/>\n<meta property=\"og:url\" content=\"https:\/\/www.pressenza.com\/it\/2017\/11\/naomi-klein-ada-colau-resistere-alla-dottrina-dello-shock\/\" \/>\n<meta property=\"og:site_name\" content=\"Pressenza\" \/>\n<meta property=\"article:publisher\" content=\"https:\/\/www.facebook.com\/PressenzaItalia\" \/>\n<meta property=\"article:published_time\" content=\"2017-11-11T13:17:34+00:00\" \/>\n<meta property=\"og:image\" content=\"https:\/\/www.pressenza.com\/wp-content\/uploads\/2017\/11\/colau_klein-1.jpg\" \/>\n\t<meta property=\"og:image:width\" content=\"850\" \/>\n\t<meta property=\"og:image:height\" content=\"550\" \/>\n\t<meta property=\"og:image:type\" content=\"image\/jpeg\" \/>\n<meta name=\"author\" content=\"Raquel Paricio\" \/>\n<meta name=\"twitter:card\" content=\"summary_large_image\" \/>\n<meta name=\"twitter:creator\" content=\"@PressenzaIPA\" \/>\n<meta name=\"twitter:site\" content=\"@PressenzaIPA\" \/>\n<meta name=\"twitter:label1\" content=\"Scritto da\" \/>\n\t<meta name=\"twitter:data1\" content=\"Raquel Paricio\" \/>\n\t<meta name=\"twitter:label2\" content=\"Tempo di lettura stimato\" \/>\n\t<meta name=\"twitter:data2\" content=\"5 minuti\" \/>\n<script type=\"application\/ld+json\" class=\"yoast-schema-graph\">{\"@context\":\"https:\/\/schema.org\",\"@graph\":[{\"@type\":\"Article\",\"@id\":\"https:\/\/www.pressenza.com\/it\/2017\/11\/naomi-klein-ada-colau-resistere-alla-dottrina-dello-shock\/#article\",\"isPartOf\":{\"@id\":\"https:\/\/www.pressenza.com\/it\/2017\/11\/naomi-klein-ada-colau-resistere-alla-dottrina-dello-shock\/\"},\"author\":{\"name\":\"Raquel Paricio\",\"@id\":\"https:\/\/www.pressenza.com\/it\/#\/schema\/person\/7104466338f7b188aedd367b5e15c977\"},\"headline\":\"Naomi Klein \u2013 Ada Colau: resistere alla dottrina dello shock\",\"datePublished\":\"2017-11-11T13:17:34+00:00\",\"mainEntityOfPage\":{\"@id\":\"https:\/\/www.pressenza.com\/it\/2017\/11\/naomi-klein-ada-colau-resistere-alla-dottrina-dello-shock\/\"},\"wordCount\":919,\"publisher\":{\"@id\":\"https:\/\/www.pressenza.com\/it\/#organization\"},\"image\":{\"@id\":\"https:\/\/www.pressenza.com\/it\/2017\/11\/naomi-klein-ada-colau-resistere-alla-dottrina-dello-shock\/#primaryimage\"},\"thumbnailUrl\":\"https:\/\/www.pressenza.com\/wp-content\/uploads\/2017\/11\/colau_klein-1.jpg\",\"keywords\":[\"Ada Colau\",\"Donald Trump\",\"dottrina dello shock\",\"Mariano Rajoy\",\"Naomi Klein\",\"Resistenza\"],\"articleSection\":[\"contenuti originali\",\"Diritti Umani\",\"Europa\",\"Opinioni\",\"Politica\"],\"inLanguage\":\"it-IT\"},{\"@type\":\"WebPage\",\"@id\":\"https:\/\/www.pressenza.com\/it\/2017\/11\/naomi-klein-ada-colau-resistere-alla-dottrina-dello-shock\/\",\"url\":\"https:\/\/www.pressenza.com\/it\/2017\/11\/naomi-klein-ada-colau-resistere-alla-dottrina-dello-shock\/\",\"name\":\"Naomi Klein \u2013 Ada Colau: resistere alla dottrina dello shock\",\"isPartOf\":{\"@id\":\"https:\/\/www.pressenza.com\/it\/#website\"},\"primaryImageOfPage\":{\"@id\":\"https:\/\/www.pressenza.com\/it\/2017\/11\/naomi-klein-ada-colau-resistere-alla-dottrina-dello-shock\/#primaryimage\"},\"image\":{\"@id\":\"https:\/\/www.pressenza.com\/it\/2017\/11\/naomi-klein-ada-colau-resistere-alla-dottrina-dello-shock\/#primaryimage\"},\"thumbnailUrl\":\"https:\/\/www.pressenza.com\/wp-content\/uploads\/2017\/11\/colau_klein-1.jpg\",\"datePublished\":\"2017-11-11T13:17:34+00:00\",\"description\":\"La sindaca di Barcellona Ada Colau e la scrittrice Naomi Klein sono state le protagoniste di un dibattito dal titolo: \u201cOpporsi alle politiche della\",\"breadcrumb\":{\"@id\":\"https:\/\/www.pressenza.com\/it\/2017\/11\/naomi-klein-ada-colau-resistere-alla-dottrina-dello-shock\/#breadcrumb\"},\"inLanguage\":\"it-IT\",\"potentialAction\":[{\"@type\":\"ReadAction\",\"target\":[\"https:\/\/www.pressenza.com\/it\/2017\/11\/naomi-klein-ada-colau-resistere-alla-dottrina-dello-shock\/\"]}]},{\"@type\":\"ImageObject\",\"inLanguage\":\"it-IT\",\"@id\":\"https:\/\/www.pressenza.com\/it\/2017\/11\/naomi-klein-ada-colau-resistere-alla-dottrina-dello-shock\/#primaryimage\",\"url\":\"https:\/\/www.pressenza.com\/wp-content\/uploads\/2017\/11\/colau_klein-1.jpg\",\"contentUrl\":\"https:\/\/www.pressenza.com\/wp-content\/uploads\/2017\/11\/colau_klein-1.jpg\",\"width\":850,\"height\":550},{\"@type\":\"BreadcrumbList\",\"@id\":\"https:\/\/www.pressenza.com\/it\/2017\/11\/naomi-klein-ada-colau-resistere-alla-dottrina-dello-shock\/#breadcrumb\",\"itemListElement\":[{\"@type\":\"ListItem\",\"position\":1,\"name\":\"Accueil\",\"item\":\"https:\/\/www.pressenza.com\/it\/\"},{\"@type\":\"ListItem\",\"position\":2,\"name\":\"Naomi Klein \u2013 Ada Colau: resistere alla dottrina dello shock\"}]},{\"@type\":\"WebSite\",\"@id\":\"https:\/\/www.pressenza.com\/it\/#website\",\"url\":\"https:\/\/www.pressenza.com\/it\/\",\"name\":\"Pressenza\",\"description\":\"Agenzia di Stampa Internazionale\",\"publisher\":{\"@id\":\"https:\/\/www.pressenza.com\/it\/#organization\"},\"potentialAction\":[{\"@type\":\"SearchAction\",\"target\":{\"@type\":\"EntryPoint\",\"urlTemplate\":\"https:\/\/www.pressenza.com\/it\/?s={search_term_string}\"},\"query-input\":{\"@type\":\"PropertyValueSpecification\",\"valueRequired\":true,\"valueName\":\"search_term_string\"}}],\"inLanguage\":\"it-IT\"},{\"@type\":\"Organization\",\"@id\":\"https:\/\/www.pressenza.com\/it\/#organization\",\"name\":\"Pressenza\",\"url\":\"https:\/\/www.pressenza.com\/it\/\",\"logo\":{\"@type\":\"ImageObject\",\"inLanguage\":\"it-IT\",\"@id\":\"https:\/\/www.pressenza.com\/it\/#\/schema\/logo\/image\/\",\"url\":\"https:\/\/www.pressenza.com\/wp-content\/uploads\/2022\/10\/pressenza_logo_200x200.jpg\",\"contentUrl\":\"https:\/\/www.pressenza.com\/wp-content\/uploads\/2022\/10\/pressenza_logo_200x200.jpg\",\"width\":200,\"height\":200,\"caption\":\"Pressenza\"},\"image\":{\"@id\":\"https:\/\/www.pressenza.com\/it\/#\/schema\/logo\/image\/\"},\"sameAs\":[\"https:\/\/www.facebook.com\/PressenzaItalia\",\"https:\/\/x.com\/PressenzaIPA\"]},{\"@type\":\"Person\",\"@id\":\"https:\/\/www.pressenza.com\/it\/#\/schema\/person\/7104466338f7b188aedd367b5e15c977\",\"name\":\"Raquel Paricio\",\"description\":\"Docente. Artista. Humanista. Doctora en Arte y Tecnolog\u00eda. Investiga en las diferentes escuelas de meditaci\u00f3n de diferentes culturas.\",\"url\":\"https:\/\/www.pressenza.com\/it\/author\/raquel-paricio\/\"}]}<\/script>\n<!-- \/ Yoast SEO plugin. -->","yoast_head_json":{"title":"Naomi Klein \u2013 Ada Colau: resistere alla dottrina dello shock","description":"La sindaca di Barcellona Ada Colau e la scrittrice Naomi Klein sono state le protagoniste di un dibattito dal titolo: \u201cOpporsi alle politiche della","robots":{"index":"index","follow":"follow","max-snippet":"max-snippet:-1","max-image-preview":"max-image-preview:large","max-video-preview":"max-video-preview:-1"},"canonical":"https:\/\/www.pressenza.com\/it\/2017\/11\/naomi-klein-ada-colau-resistere-alla-dottrina-dello-shock\/","og_locale":"it_IT","og_type":"article","og_title":"Naomi Klein \u2013 Ada Colau: resistere alla dottrina dello shock","og_description":"La sindaca di Barcellona Ada Colau e la scrittrice Naomi Klein sono state le protagoniste di un dibattito dal titolo: \u201cOpporsi alle politiche della","og_url":"https:\/\/www.pressenza.com\/it\/2017\/11\/naomi-klein-ada-colau-resistere-alla-dottrina-dello-shock\/","og_site_name":"Pressenza","article_publisher":"https:\/\/www.facebook.com\/PressenzaItalia","article_published_time":"2017-11-11T13:17:34+00:00","og_image":[{"width":850,"height":550,"url":"https:\/\/www.pressenza.com\/wp-content\/uploads\/2017\/11\/colau_klein-1.jpg","type":"image\/jpeg"}],"author":"Raquel Paricio","twitter_card":"summary_large_image","twitter_creator":"@PressenzaIPA","twitter_site":"@PressenzaIPA","twitter_misc":{"Scritto da":"Raquel Paricio","Tempo di lettura stimato":"5 minuti"},"schema":{"@context":"https:\/\/schema.org","@graph":[{"@type":"Article","@id":"https:\/\/www.pressenza.com\/it\/2017\/11\/naomi-klein-ada-colau-resistere-alla-dottrina-dello-shock\/#article","isPartOf":{"@id":"https:\/\/www.pressenza.com\/it\/2017\/11\/naomi-klein-ada-colau-resistere-alla-dottrina-dello-shock\/"},"author":{"name":"Raquel Paricio","@id":"https:\/\/www.pressenza.com\/it\/#\/schema\/person\/7104466338f7b188aedd367b5e15c977"},"headline":"Naomi Klein \u2013 Ada Colau: resistere alla dottrina dello shock","datePublished":"2017-11-11T13:17:34+00:00","mainEntityOfPage":{"@id":"https:\/\/www.pressenza.com\/it\/2017\/11\/naomi-klein-ada-colau-resistere-alla-dottrina-dello-shock\/"},"wordCount":919,"publisher":{"@id":"https:\/\/www.pressenza.com\/it\/#organization"},"image":{"@id":"https:\/\/www.pressenza.com\/it\/2017\/11\/naomi-klein-ada-colau-resistere-alla-dottrina-dello-shock\/#primaryimage"},"thumbnailUrl":"https:\/\/www.pressenza.com\/wp-content\/uploads\/2017\/11\/colau_klein-1.jpg","keywords":["Ada Colau","Donald Trump","dottrina dello shock","Mariano Rajoy","Naomi Klein","Resistenza"],"articleSection":["contenuti originali","Diritti Umani","Europa","Opinioni","Politica"],"inLanguage":"it-IT"},{"@type":"WebPage","@id":"https:\/\/www.pressenza.com\/it\/2017\/11\/naomi-klein-ada-colau-resistere-alla-dottrina-dello-shock\/","url":"https:\/\/www.pressenza.com\/it\/2017\/11\/naomi-klein-ada-colau-resistere-alla-dottrina-dello-shock\/","name":"Naomi Klein \u2013 Ada Colau: resistere alla dottrina dello shock","isPartOf":{"@id":"https:\/\/www.pressenza.com\/it\/#website"},"primaryImageOfPage":{"@id":"https:\/\/www.pressenza.com\/it\/2017\/11\/naomi-klein-ada-colau-resistere-alla-dottrina-dello-shock\/#primaryimage"},"image":{"@id":"https:\/\/www.pressenza.com\/it\/2017\/11\/naomi-klein-ada-colau-resistere-alla-dottrina-dello-shock\/#primaryimage"},"thumbnailUrl":"https:\/\/www.pressenza.com\/wp-content\/uploads\/2017\/11\/colau_klein-1.jpg","datePublished":"2017-11-11T13:17:34+00:00","description":"La sindaca di Barcellona Ada Colau e la scrittrice Naomi Klein sono state le protagoniste di un dibattito dal titolo: \u201cOpporsi alle politiche della","breadcrumb":{"@id":"https:\/\/www.pressenza.com\/it\/2017\/11\/naomi-klein-ada-colau-resistere-alla-dottrina-dello-shock\/#breadcrumb"},"inLanguage":"it-IT","potentialAction":[{"@type":"ReadAction","target":["https:\/\/www.pressenza.com\/it\/2017\/11\/naomi-klein-ada-colau-resistere-alla-dottrina-dello-shock\/"]}]},{"@type":"ImageObject","inLanguage":"it-IT","@id":"https:\/\/www.pressenza.com\/it\/2017\/11\/naomi-klein-ada-colau-resistere-alla-dottrina-dello-shock\/#primaryimage","url":"https:\/\/www.pressenza.com\/wp-content\/uploads\/2017\/11\/colau_klein-1.jpg","contentUrl":"https:\/\/www.pressenza.com\/wp-content\/uploads\/2017\/11\/colau_klein-1.jpg","width":850,"height":550},{"@type":"BreadcrumbList","@id":"https:\/\/www.pressenza.com\/it\/2017\/11\/naomi-klein-ada-colau-resistere-alla-dottrina-dello-shock\/#breadcrumb","itemListElement":[{"@type":"ListItem","position":1,"name":"Accueil","item":"https:\/\/www.pressenza.com\/it\/"},{"@type":"ListItem","position":2,"name":"Naomi Klein \u2013 Ada Colau: resistere alla dottrina dello shock"}]},{"@type":"WebSite","@id":"https:\/\/www.pressenza.com\/it\/#website","url":"https:\/\/www.pressenza.com\/it\/","name":"Pressenza","description":"Agenzia di Stampa Internazionale","publisher":{"@id":"https:\/\/www.pressenza.com\/it\/#organization"},"potentialAction":[{"@type":"SearchAction","target":{"@type":"EntryPoint","urlTemplate":"https:\/\/www.pressenza.com\/it\/?s={search_term_string}"},"query-input":{"@type":"PropertyValueSpecification","valueRequired":true,"valueName":"search_term_string"}}],"inLanguage":"it-IT"},{"@type":"Organization","@id":"https:\/\/www.pressenza.com\/it\/#organization","name":"Pressenza","url":"https:\/\/www.pressenza.com\/it\/","logo":{"@type":"ImageObject","inLanguage":"it-IT","@id":"https:\/\/www.pressenza.com\/it\/#\/schema\/logo\/image\/","url":"https:\/\/www.pressenza.com\/wp-content\/uploads\/2022\/10\/pressenza_logo_200x200.jpg","contentUrl":"https:\/\/www.pressenza.com\/wp-content\/uploads\/2022\/10\/pressenza_logo_200x200.jpg","width":200,"height":200,"caption":"Pressenza"},"image":{"@id":"https:\/\/www.pressenza.com\/it\/#\/schema\/logo\/image\/"},"sameAs":["https:\/\/www.facebook.com\/PressenzaItalia","https:\/\/x.com\/PressenzaIPA"]},{"@type":"Person","@id":"https:\/\/www.pressenza.com\/it\/#\/schema\/person\/7104466338f7b188aedd367b5e15c977","name":"Raquel Paricio","description":"Docente. Artista. Humanista. Doctora en Arte y Tecnolog\u00eda. Investiga en las diferentes escuelas de meditaci\u00f3n de diferentes culturas.","url":"https:\/\/www.pressenza.com\/it\/author\/raquel-paricio\/"}]}},"place":"Barcellona","original_article_url":"","_links":{"self":[{"href":"https:\/\/www.pressenza.com\/it\/wp-json\/wp\/v2\/posts\/554147","targetHints":{"allow":["GET"]}}],"collection":[{"href":"https:\/\/www.pressenza.com\/it\/wp-json\/wp\/v2\/posts"}],"about":[{"href":"https:\/\/www.pressenza.com\/it\/wp-json\/wp\/v2\/types\/post"}],"author":[{"embeddable":true,"href":"https:\/\/www.pressenza.com\/it\/wp-json\/wp\/v2\/users\/647"}],"replies":[{"embeddable":true,"href":"https:\/\/www.pressenza.com\/it\/wp-json\/wp\/v2\/comments?post=554147"}],"version-history":[{"count":0,"href":"https:\/\/www.pressenza.com\/it\/wp-json\/wp\/v2\/posts\/554147\/revisions"}],"wp:featuredmedia":[{"embeddable":true,"href":"https:\/\/www.pressenza.com\/it\/wp-json\/wp\/v2\/media\/554065"}],"wp:attachment":[{"href":"https:\/\/www.pressenza.com\/it\/wp-json\/wp\/v2\/media?parent=554147"}],"wp:term":[{"taxonomy":"category","embeddable":true,"href":"https:\/\/www.pressenza.com\/it\/wp-json\/wp\/v2\/categories?post=554147"},{"taxonomy":"post_tag","embeddable":true,"href":"https:\/\/www.pressenza.com\/it\/wp-json\/wp\/v2\/tags?post=554147"}],"curies":[{"name":"wp","href":"https:\/\/api.w.org\/{rel}","templated":true}]}}