{"id":552227,"date":"2017-11-07T15:25:45","date_gmt":"2017-11-07T15:25:45","guid":{"rendered":"https:\/\/www.pressenza.com\/?p=552227\/"},"modified":"2017-11-07T15:25:45","modified_gmt":"2017-11-07T15:25:45","slug":"torino-capitale-del-sociale-dal-15-al-18-novembre-al-via-social-festival-animazione-sociale","status":"publish","type":"post","link":"https:\/\/www.pressenza.com\/it\/2017\/11\/torino-capitale-del-sociale-dal-15-al-18-novembre-al-via-social-festival-animazione-sociale\/","title":{"rendered":"Torino, capitale del sociale: dal 15 al 18 Novembre,  al via il Social Festival di Animazione Sociale"},"content":{"rendered":"<p>Aperte le iscrizioni del <strong>IV appuntamento nazionale per gli operatori e le operatrici del sociale organizzato dalla rivista Animazione Sociale,<\/strong> edita dal Gruppo Abele di Torino.<\/p>\n<p>&nbsp;<\/p>\n<p><strong>4 giorni di conferenze, workshop, laboratori, spettacoli teatrali, musica dal vivo con oltre 130 relatori e centinaia di realt\u00e0<\/strong> cooperative, associative, servizi del pubblico e del non profit presenti. Una rassegna d\u2019eccezione dedicata ad assistenti sociali, educatori professionali, psicologi, pedagogisti, cooperatori sociali, sociologi, infermieri di comunit\u00e0, insegnanti, operatori sanitari e sociosanitari, tecnici della riabilitazione psichiatrica, cittadini attivi.<\/p>\n<p>\u00abQuattro giornate per sentirsi grande comunit\u00e0 professionale, rigenerare idee e pratiche, alzare lo sguardo, far sentire la propria voce. Tanto pi\u00f9 oggi, in un momento in cui aumenta la domanda sociale ma i tagli al welfare e il precariato degli operatori sociali mettono in crisi il sistema di risposta al disagio dilagante\u00bb, <strong>dicono gli organizzatori della rivista Animazione Sociale. <\/strong><\/p>\n<p>&nbsp;<\/p>\n<p>Insieme ai professionisti e alle realt\u00e0 che operano nel mondo della cura, dell&#8217;aiuto, dell&#8217;educare, delle reti e dell&#8217;impresa sociale, ci saranno artisti, scrittori, musicisti, registi, filosofi. Perch\u00e9 &#8220;fare societ\u00e0 oggi&#8221; \u00e8 un compito attorno a cui in tanti stanno lavorando, non solo gli operatori sociali. E allora \u00e8 bene conoscersi, riconoscersi, mischiarsi, lavorare insieme, sognare insieme.<\/p>\n<p>Le lezioni magistrali sullo scenario del welfare e sul futuro dei diritti in Italia saranno tenute al Cinema Massimo da <strong>ospiti come Mauro Magatti, Nicola Lagioia, don Luigi Ciotti, Massimo Cirri e Sara Zambotti, Michela Marzano, Leonardo Becchetti, Fabio Folgheraiter, Roberto Mancini, Raffaele Mantegazza, Tommaso Delmastro, C\u00e9cile Kyenge e Laura Boldrini.<\/strong><\/p>\n<p>&nbsp;<\/p>\n<p><strong>I LABORATORI SPERIMENTALI<\/strong><\/p>\n<p>Tra le novit\u00e0 dell\u2019edizione di quest\u2019anno, i laboratori sui linguaggi sperimentali, tenuti nel giorno di apertura (Mercoled\u00ec 15) da grandi artisti, scrittori, registi, video maker come Gabriele Vacis e Roberto Tarasco, Anilda Ibrahimi, Nadia Terranova, Paolo di Paolo, Irene Dionisio e Massimo Arvat, Duccio Demetrio.<\/p>\n<p>&nbsp;<\/p>\n<p><strong>I WORKSHOP SULLE ESPERIENZE INNOVATIVE<\/strong><\/p>\n<p>Un\u2019altra novit\u00e0 del Social Festival di quest\u2019anno sono i workshop del Gioved\u00ec pomeriggio che trasformeranno Torino in un cantiere a cielo aperto per il sociale. I partecipanti avranno la possibilit\u00e0 di recarsi in <strong>13 diversi luoghi della citt<\/strong><strong>\u00e0, protagonisti di sperimentazioni <\/strong>su grandi aree del lavoro sociale: a partire dalle loro esperienze si arriver\u00e0 al confronto con altre pratiche di innovazione in corso nel Paese. I luoghi come esperienza, dunque. Tra questi: il Caff\u00e8 Basaglia, la Cooperativa sociale Triciclo, la Casa del Quartiere di San Salvario, i Social Housing, Casa Oz, il Teatro di San Pietro in Vincoli, Casa Speranza, la Cooperativa sociale Orso, la Caritas, i Ser.T dell\u2019ASL TO, la Circoscrizione IV, il Gruppo Abele. I temi spazieranno dalla salute mentale alle imprese sociali di comunit\u00e0 e alle nuove economie, passando per l\u2019accoglienza ai migranti e alla genitorialit\u00e0 diffusa. I<strong>nterverranno, tra gli altri: Aldo Bonomi, Peppe Dell\u2019Acqua, Ugo Zamburru, Gino Mazzoli, Maria Grazia Tomaino, Riccardo De Facci, Giovanni Teneggi, Emanuele Bignamini, Tiziana Bianchini, Maria Jos\u00e8 Fava. <\/strong><\/p>\n<p><strong>LE CONVERSAZIONI SUI PROCESSI DI LAVORO <\/strong><\/p>\n<p>Il Venerd\u00ec pomeriggio, invece, sar\u00e0 dedicato alle <strong>conversazioni su metodo e processi di lavoro. <\/strong>Per costruire societ\u00e0 inclusive, capaci di ospitare le fragilit\u00e0 delle persone e potenziare le loro autonomie, servono competenze sofisticate e professionalit\u00e0 formate. In 13 sedi del centro cittadino i partecipanti si divideranno in gruppi, guidati da esperti da ogni parte d\u2019Italia, per discutere i principali snodi dei servizi e delle professioni oggi.<\/p>\n<p>&nbsp;<\/p>\n<p><strong>IL CORAGGIO DI SPERIMENTARE<\/strong><\/p>\n<p>La mattinata di chiusura del Social Festival, Sabato 18 Novembre, sar\u00e0 il momento di mettere insieme esperienze e stimoli, per <strong>rilanciare le ragioni del sociale <\/strong>con proposte e idee in grado di aprire a nuove sperimentazioni. Riscoprire e rinforzare il coraggio di sperimentare nel quotidiano, avendo a mente l\u2019orizzonte dei diritti e di una societ\u00e0 giusta. Ad anticipare questo momento di condivisione, <strong>la performance teatrale \u201cEssere una squadra\u201d di Mauro Berruto, ad della Scuola Holden,<\/strong> sul tema della squadra come luogo privilegiato per trasformare il potenziale in risultato, produrre performance di eccellenza e dunque realizzare \u201ccapolavori\u201d.\u00a0<strong>Sono attese, tra gli altri, C\u00e9cile Kyenge e Laura Boldrini.\u00a0\u00a0 <\/strong><\/p>\n<p>&nbsp;<\/p>\n<p><strong>LA FESTA <\/strong><\/p>\n<p>Al termine di ciascuna giornata di formazione, esperienza e confronto, il Social Festival si trasformer\u00e0 in un momento conviviale e di incontro per i partecipanti: con cene offerte da Eataly e Novacoop, spettacoli teatrali come <strong>\u201cSupplici a Porto Palo &#8211; Dalla tragedia di Eschilo al dramma dei migranti\u201d con la regia di Gabriele Vacis, il cabaret di Ippolita Baldini, la musica e danza de La Paranza del Geco. <\/strong><\/p>\n<p>&nbsp;<\/p>\n<p><strong>LA CONFERENZA STAMPA <\/strong><\/p>\n<p>La <strong>conferenza stampa di apertura<\/strong> del Social Festival sar\u00e0 <strong>Mercoled\u00ec 8 Novembre alle ore 11 all\u2019Hotel Vittoria <\/strong>(Via Nino Costa, 4 &#8211; Torino) e <strong>LIVE sulla pagina Facebook <\/strong>della rivista Animazione Sociale.<\/p>\n<p>Saranno presenti Franco Floris (Direttore responsabile di Animazione Sociale), Ro\u00adber\u00adto Camarlinghi (Vice direttore di Animazione Sociale), Francesco d\u2019Angella (Animazione Sociale), Gabriele Vacis (regista), Marco Giusta (Assessore alle Politiche Giovanili, ai Diritti e alle Famiglie &#8211; Comune di Torino).<\/p>\n<p>&nbsp;<\/p>\n<p><strong>Per informazioni e contatti<\/strong><\/p>\n<p><strong>\u00a0<\/strong><\/p>\n<p><strong>Ufficio stampa e comunicazione <\/strong><\/p>\n<p><strong>.puntozero <\/strong><\/p>\n<p>Carolina Lucchesini<\/p>\n<p>mob. 333.61.28.178<\/p>\n<p><a href=\"mailto:carolina@puntozerohub.com\">carolina@puntozerohub.com<\/a><\/p>\n<p>&nbsp;<\/p>\n<p>&nbsp;<\/p>\n<p>&nbsp;<\/p>\n<p>&nbsp;<\/p>\n<p>&nbsp;<\/p>\n<p>&nbsp;<\/p>\n","protected":false},"excerpt":{"rendered":"<p>Aperte le iscrizioni del IV appuntamento nazionale per gli operatori e le operatrici del sociale organizzato dalla rivista Animazione Sociale, edita dal Gruppo Abele di Torino. &nbsp; 4 giorni di conferenze, workshop, laboratori, spettacoli teatrali, musica dal vivo con oltre&hellip;<\/p>\n","protected":false},"author":594,"featured_media":552231,"comment_status":"closed","ping_status":"closed","sticky":false,"template":"","format":"standard","meta":{"footnotes":""},"categories":[150,1258,47],"tags":[4911,5405,41621,19844,3226],"class_list":["post-552227","post","type-post","status-publish","format-standard","has-post-thumbnail","hentry","category-comunicati-stampa","category-educazione","category-europa","tag-cecile-kyenge","tag-don-luigi-ciotti","tag-gruppo-abele","tag-laura-boldrini","tag-torino"],"yoast_head":"<!-- This site is optimized with the Yoast SEO plugin v27.1.1 - https:\/\/yoast.com\/product\/yoast-seo-wordpress\/ -->\n<title>Torino, capitale del sociale: dal 15 al 18 Novembre, al via il Social Festival di Animazione Sociale<\/title>\n<meta name=\"description\" content=\"Aperte le iscrizioni del IV appuntamento nazionale per gli operatori e le operatrici del sociale organizzato dalla rivista Animazione Sociale, edita dal\" \/>\n<meta name=\"robots\" content=\"index, follow, max-snippet:-1, max-image-preview:large, max-video-preview:-1\" \/>\n<link rel=\"canonical\" href=\"https:\/\/www.pressenza.com\/it\/2017\/11\/torino-capitale-del-sociale-dal-15-al-18-novembre-al-via-social-festival-animazione-sociale\/\" \/>\n<meta property=\"og:locale\" content=\"it_IT\" \/>\n<meta property=\"og:type\" content=\"article\" \/>\n<meta property=\"og:title\" content=\"Torino, capitale del sociale: dal 15 al 18 Novembre, al via il Social Festival di Animazione Sociale\" \/>\n<meta property=\"og:description\" content=\"Aperte le iscrizioni del IV appuntamento nazionale per gli operatori e le operatrici del sociale organizzato dalla rivista Animazione Sociale, edita dal\" \/>\n<meta property=\"og:url\" content=\"https:\/\/www.pressenza.com\/it\/2017\/11\/torino-capitale-del-sociale-dal-15-al-18-novembre-al-via-social-festival-animazione-sociale\/\" \/>\n<meta property=\"og:site_name\" content=\"Pressenza\" \/>\n<meta property=\"article:publisher\" content=\"https:\/\/www.facebook.com\/PressenzaItalia\" \/>\n<meta property=\"article:author\" content=\"https:\/\/www.facebook.com\/PressenzaItalia\" \/>\n<meta property=\"article:published_time\" content=\"2017-11-07T15:25:45+00:00\" \/>\n<meta property=\"og:image\" content=\"https:\/\/www.pressenza.com\/wp-content\/uploads\/2017\/11\/Schermata-2017-10-22-alle-15.16.47-720x272.png\" \/>\n\t<meta property=\"og:image:width\" content=\"720\" \/>\n\t<meta property=\"og:image:height\" content=\"272\" \/>\n\t<meta property=\"og:image:type\" content=\"image\/png\" \/>\n<meta name=\"author\" content=\"Redazione Italia\" \/>\n<meta name=\"twitter:card\" content=\"summary_large_image\" \/>\n<meta name=\"twitter:creator\" content=\"@pressenza_it\" \/>\n<meta name=\"twitter:site\" content=\"@PressenzaIPA\" \/>\n<meta name=\"twitter:label1\" content=\"Scritto da\" \/>\n\t<meta name=\"twitter:data1\" content=\"Redazione Italia\" \/>\n\t<meta name=\"twitter:label2\" content=\"Tempo di lettura stimato\" \/>\n\t<meta name=\"twitter:data2\" content=\"4 minuti\" \/>\n<script type=\"application\/ld+json\" class=\"yoast-schema-graph\">{\"@context\":\"https:\/\/schema.org\",\"@graph\":[{\"@type\":\"Article\",\"@id\":\"https:\/\/www.pressenza.com\/it\/2017\/11\/torino-capitale-del-sociale-dal-15-al-18-novembre-al-via-social-festival-animazione-sociale\/#article\",\"isPartOf\":{\"@id\":\"https:\/\/www.pressenza.com\/it\/2017\/11\/torino-capitale-del-sociale-dal-15-al-18-novembre-al-via-social-festival-animazione-sociale\/\"},\"author\":{\"name\":\"Redazione Italia\",\"@id\":\"https:\/\/www.pressenza.com\/it\/#\/schema\/person\/d983e81827ae24f2c7b1a2123d197f8d\"},\"headline\":\"Torino, capitale del sociale: dal 15 al 18 Novembre, al via il Social Festival di Animazione Sociale\",\"datePublished\":\"2017-11-07T15:25:45+00:00\",\"mainEntityOfPage\":{\"@id\":\"https:\/\/www.pressenza.com\/it\/2017\/11\/torino-capitale-del-sociale-dal-15-al-18-novembre-al-via-social-festival-animazione-sociale\/\"},\"wordCount\":847,\"publisher\":{\"@id\":\"https:\/\/www.pressenza.com\/it\/#organization\"},\"image\":{\"@id\":\"https:\/\/www.pressenza.com\/it\/2017\/11\/torino-capitale-del-sociale-dal-15-al-18-novembre-al-via-social-festival-animazione-sociale\/#primaryimage\"},\"thumbnailUrl\":\"https:\/\/www.pressenza.com\/wp-content\/uploads\/2017\/11\/Schermata-2017-10-22-alle-15.16.47-720x272.png\",\"keywords\":[\"Cecile Kyenge\",\"Don Luigi Ciotti\",\"Gruppo Abele\",\"Laura Boldrini\",\"Torino\"],\"articleSection\":[\"Comunicati Stampa\",\"Educazione\",\"Europa\"],\"inLanguage\":\"it-IT\"},{\"@type\":\"WebPage\",\"@id\":\"https:\/\/www.pressenza.com\/it\/2017\/11\/torino-capitale-del-sociale-dal-15-al-18-novembre-al-via-social-festival-animazione-sociale\/\",\"url\":\"https:\/\/www.pressenza.com\/it\/2017\/11\/torino-capitale-del-sociale-dal-15-al-18-novembre-al-via-social-festival-animazione-sociale\/\",\"name\":\"Torino, capitale del sociale: dal 15 al 18 Novembre, al via il Social Festival di Animazione Sociale\",\"isPartOf\":{\"@id\":\"https:\/\/www.pressenza.com\/it\/#website\"},\"primaryImageOfPage\":{\"@id\":\"https:\/\/www.pressenza.com\/it\/2017\/11\/torino-capitale-del-sociale-dal-15-al-18-novembre-al-via-social-festival-animazione-sociale\/#primaryimage\"},\"image\":{\"@id\":\"https:\/\/www.pressenza.com\/it\/2017\/11\/torino-capitale-del-sociale-dal-15-al-18-novembre-al-via-social-festival-animazione-sociale\/#primaryimage\"},\"thumbnailUrl\":\"https:\/\/www.pressenza.com\/wp-content\/uploads\/2017\/11\/Schermata-2017-10-22-alle-15.16.47-720x272.png\",\"datePublished\":\"2017-11-07T15:25:45+00:00\",\"description\":\"Aperte le iscrizioni del IV appuntamento nazionale per gli operatori e le operatrici del sociale organizzato dalla rivista Animazione Sociale, edita dal\",\"breadcrumb\":{\"@id\":\"https:\/\/www.pressenza.com\/it\/2017\/11\/torino-capitale-del-sociale-dal-15-al-18-novembre-al-via-social-festival-animazione-sociale\/#breadcrumb\"},\"inLanguage\":\"it-IT\",\"potentialAction\":[{\"@type\":\"ReadAction\",\"target\":[\"https:\/\/www.pressenza.com\/it\/2017\/11\/torino-capitale-del-sociale-dal-15-al-18-novembre-al-via-social-festival-animazione-sociale\/\"]}]},{\"@type\":\"ImageObject\",\"inLanguage\":\"it-IT\",\"@id\":\"https:\/\/www.pressenza.com\/it\/2017\/11\/torino-capitale-del-sociale-dal-15-al-18-novembre-al-via-social-festival-animazione-sociale\/#primaryimage\",\"url\":\"https:\/\/www.pressenza.com\/wp-content\/uploads\/2017\/11\/Schermata-2017-10-22-alle-15.16.47-720x272.png\",\"contentUrl\":\"https:\/\/www.pressenza.com\/wp-content\/uploads\/2017\/11\/Schermata-2017-10-22-alle-15.16.47-720x272.png\",\"width\":720,\"height\":272},{\"@type\":\"BreadcrumbList\",\"@id\":\"https:\/\/www.pressenza.com\/it\/2017\/11\/torino-capitale-del-sociale-dal-15-al-18-novembre-al-via-social-festival-animazione-sociale\/#breadcrumb\",\"itemListElement\":[{\"@type\":\"ListItem\",\"position\":1,\"name\":\"Accueil\",\"item\":\"https:\/\/www.pressenza.com\/it\/\"},{\"@type\":\"ListItem\",\"position\":2,\"name\":\"Torino, capitale del sociale: dal 15 al 18 Novembre, al via il Social Festival di Animazione Sociale\"}]},{\"@type\":\"WebSite\",\"@id\":\"https:\/\/www.pressenza.com\/it\/#website\",\"url\":\"https:\/\/www.pressenza.com\/it\/\",\"name\":\"Pressenza\",\"description\":\"Agenzia di Stampa Internazionale\",\"publisher\":{\"@id\":\"https:\/\/www.pressenza.com\/it\/#organization\"},\"potentialAction\":[{\"@type\":\"SearchAction\",\"target\":{\"@type\":\"EntryPoint\",\"urlTemplate\":\"https:\/\/www.pressenza.com\/it\/?s={search_term_string}\"},\"query-input\":{\"@type\":\"PropertyValueSpecification\",\"valueRequired\":true,\"valueName\":\"search_term_string\"}}],\"inLanguage\":\"it-IT\"},{\"@type\":\"Organization\",\"@id\":\"https:\/\/www.pressenza.com\/it\/#organization\",\"name\":\"Pressenza\",\"url\":\"https:\/\/www.pressenza.com\/it\/\",\"logo\":{\"@type\":\"ImageObject\",\"inLanguage\":\"it-IT\",\"@id\":\"https:\/\/www.pressenza.com\/it\/#\/schema\/logo\/image\/\",\"url\":\"https:\/\/www.pressenza.com\/wp-content\/uploads\/2022\/10\/pressenza_logo_200x200.jpg\",\"contentUrl\":\"https:\/\/www.pressenza.com\/wp-content\/uploads\/2022\/10\/pressenza_logo_200x200.jpg\",\"width\":200,\"height\":200,\"caption\":\"Pressenza\"},\"image\":{\"@id\":\"https:\/\/www.pressenza.com\/it\/#\/schema\/logo\/image\/\"},\"sameAs\":[\"https:\/\/www.facebook.com\/PressenzaItalia\",\"https:\/\/x.com\/PressenzaIPA\"]},{\"@type\":\"Person\",\"@id\":\"https:\/\/www.pressenza.com\/it\/#\/schema\/person\/d983e81827ae24f2c7b1a2123d197f8d\",\"name\":\"Redazione Italia\",\"description\":\"News from the Pressenza Bureau in Italy\",\"sameAs\":[\"https:\/\/www.pressenza.com\/it\/author\/redazione-italia\/\",\"https:\/\/www.facebook.com\/PressenzaItalia\",\"https:\/\/www.instagram.com\/pressenza_italia\/\",\"https:\/\/x.com\/pressenza_it\",\"https:\/\/www.youtube.com\/channel\/UCSalEIWjE1RSxkwjfftFuqg\"],\"url\":\"https:\/\/www.pressenza.com\/it\/author\/redazione-italia\/\"}]}<\/script>\n<!-- \/ Yoast SEO plugin. -->","yoast_head_json":{"title":"Torino, capitale del sociale: dal 15 al 18 Novembre, al via il Social Festival di Animazione Sociale","description":"Aperte le iscrizioni del IV appuntamento nazionale per gli operatori e le operatrici del sociale organizzato dalla rivista Animazione Sociale, edita dal","robots":{"index":"index","follow":"follow","max-snippet":"max-snippet:-1","max-image-preview":"max-image-preview:large","max-video-preview":"max-video-preview:-1"},"canonical":"https:\/\/www.pressenza.com\/it\/2017\/11\/torino-capitale-del-sociale-dal-15-al-18-novembre-al-via-social-festival-animazione-sociale\/","og_locale":"it_IT","og_type":"article","og_title":"Torino, capitale del sociale: dal 15 al 18 Novembre, al via il Social Festival di Animazione Sociale","og_description":"Aperte le iscrizioni del IV appuntamento nazionale per gli operatori e le operatrici del sociale organizzato dalla rivista Animazione Sociale, edita dal","og_url":"https:\/\/www.pressenza.com\/it\/2017\/11\/torino-capitale-del-sociale-dal-15-al-18-novembre-al-via-social-festival-animazione-sociale\/","og_site_name":"Pressenza","article_publisher":"https:\/\/www.facebook.com\/PressenzaItalia","article_author":"https:\/\/www.facebook.com\/PressenzaItalia","article_published_time":"2017-11-07T15:25:45+00:00","og_image":[{"width":720,"height":272,"url":"https:\/\/www.pressenza.com\/wp-content\/uploads\/2017\/11\/Schermata-2017-10-22-alle-15.16.47-720x272.png","type":"image\/png"}],"author":"Redazione Italia","twitter_card":"summary_large_image","twitter_creator":"@pressenza_it","twitter_site":"@PressenzaIPA","twitter_misc":{"Scritto da":"Redazione Italia","Tempo di lettura stimato":"4 minuti"},"schema":{"@context":"https:\/\/schema.org","@graph":[{"@type":"Article","@id":"https:\/\/www.pressenza.com\/it\/2017\/11\/torino-capitale-del-sociale-dal-15-al-18-novembre-al-via-social-festival-animazione-sociale\/#article","isPartOf":{"@id":"https:\/\/www.pressenza.com\/it\/2017\/11\/torino-capitale-del-sociale-dal-15-al-18-novembre-al-via-social-festival-animazione-sociale\/"},"author":{"name":"Redazione Italia","@id":"https:\/\/www.pressenza.com\/it\/#\/schema\/person\/d983e81827ae24f2c7b1a2123d197f8d"},"headline":"Torino, capitale del sociale: dal 15 al 18 Novembre, al via il Social Festival di Animazione Sociale","datePublished":"2017-11-07T15:25:45+00:00","mainEntityOfPage":{"@id":"https:\/\/www.pressenza.com\/it\/2017\/11\/torino-capitale-del-sociale-dal-15-al-18-novembre-al-via-social-festival-animazione-sociale\/"},"wordCount":847,"publisher":{"@id":"https:\/\/www.pressenza.com\/it\/#organization"},"image":{"@id":"https:\/\/www.pressenza.com\/it\/2017\/11\/torino-capitale-del-sociale-dal-15-al-18-novembre-al-via-social-festival-animazione-sociale\/#primaryimage"},"thumbnailUrl":"https:\/\/www.pressenza.com\/wp-content\/uploads\/2017\/11\/Schermata-2017-10-22-alle-15.16.47-720x272.png","keywords":["Cecile Kyenge","Don Luigi Ciotti","Gruppo Abele","Laura Boldrini","Torino"],"articleSection":["Comunicati Stampa","Educazione","Europa"],"inLanguage":"it-IT"},{"@type":"WebPage","@id":"https:\/\/www.pressenza.com\/it\/2017\/11\/torino-capitale-del-sociale-dal-15-al-18-novembre-al-via-social-festival-animazione-sociale\/","url":"https:\/\/www.pressenza.com\/it\/2017\/11\/torino-capitale-del-sociale-dal-15-al-18-novembre-al-via-social-festival-animazione-sociale\/","name":"Torino, capitale del sociale: dal 15 al 18 Novembre, al via il Social Festival di Animazione Sociale","isPartOf":{"@id":"https:\/\/www.pressenza.com\/it\/#website"},"primaryImageOfPage":{"@id":"https:\/\/www.pressenza.com\/it\/2017\/11\/torino-capitale-del-sociale-dal-15-al-18-novembre-al-via-social-festival-animazione-sociale\/#primaryimage"},"image":{"@id":"https:\/\/www.pressenza.com\/it\/2017\/11\/torino-capitale-del-sociale-dal-15-al-18-novembre-al-via-social-festival-animazione-sociale\/#primaryimage"},"thumbnailUrl":"https:\/\/www.pressenza.com\/wp-content\/uploads\/2017\/11\/Schermata-2017-10-22-alle-15.16.47-720x272.png","datePublished":"2017-11-07T15:25:45+00:00","description":"Aperte le iscrizioni del IV appuntamento nazionale per gli operatori e le operatrici del sociale organizzato dalla rivista Animazione Sociale, edita dal","breadcrumb":{"@id":"https:\/\/www.pressenza.com\/it\/2017\/11\/torino-capitale-del-sociale-dal-15-al-18-novembre-al-via-social-festival-animazione-sociale\/#breadcrumb"},"inLanguage":"it-IT","potentialAction":[{"@type":"ReadAction","target":["https:\/\/www.pressenza.com\/it\/2017\/11\/torino-capitale-del-sociale-dal-15-al-18-novembre-al-via-social-festival-animazione-sociale\/"]}]},{"@type":"ImageObject","inLanguage":"it-IT","@id":"https:\/\/www.pressenza.com\/it\/2017\/11\/torino-capitale-del-sociale-dal-15-al-18-novembre-al-via-social-festival-animazione-sociale\/#primaryimage","url":"https:\/\/www.pressenza.com\/wp-content\/uploads\/2017\/11\/Schermata-2017-10-22-alle-15.16.47-720x272.png","contentUrl":"https:\/\/www.pressenza.com\/wp-content\/uploads\/2017\/11\/Schermata-2017-10-22-alle-15.16.47-720x272.png","width":720,"height":272},{"@type":"BreadcrumbList","@id":"https:\/\/www.pressenza.com\/it\/2017\/11\/torino-capitale-del-sociale-dal-15-al-18-novembre-al-via-social-festival-animazione-sociale\/#breadcrumb","itemListElement":[{"@type":"ListItem","position":1,"name":"Accueil","item":"https:\/\/www.pressenza.com\/it\/"},{"@type":"ListItem","position":2,"name":"Torino, capitale del sociale: dal 15 al 18 Novembre, al via il Social Festival di Animazione Sociale"}]},{"@type":"WebSite","@id":"https:\/\/www.pressenza.com\/it\/#website","url":"https:\/\/www.pressenza.com\/it\/","name":"Pressenza","description":"Agenzia di Stampa Internazionale","publisher":{"@id":"https:\/\/www.pressenza.com\/it\/#organization"},"potentialAction":[{"@type":"SearchAction","target":{"@type":"EntryPoint","urlTemplate":"https:\/\/www.pressenza.com\/it\/?s={search_term_string}"},"query-input":{"@type":"PropertyValueSpecification","valueRequired":true,"valueName":"search_term_string"}}],"inLanguage":"it-IT"},{"@type":"Organization","@id":"https:\/\/www.pressenza.com\/it\/#organization","name":"Pressenza","url":"https:\/\/www.pressenza.com\/it\/","logo":{"@type":"ImageObject","inLanguage":"it-IT","@id":"https:\/\/www.pressenza.com\/it\/#\/schema\/logo\/image\/","url":"https:\/\/www.pressenza.com\/wp-content\/uploads\/2022\/10\/pressenza_logo_200x200.jpg","contentUrl":"https:\/\/www.pressenza.com\/wp-content\/uploads\/2022\/10\/pressenza_logo_200x200.jpg","width":200,"height":200,"caption":"Pressenza"},"image":{"@id":"https:\/\/www.pressenza.com\/it\/#\/schema\/logo\/image\/"},"sameAs":["https:\/\/www.facebook.com\/PressenzaItalia","https:\/\/x.com\/PressenzaIPA"]},{"@type":"Person","@id":"https:\/\/www.pressenza.com\/it\/#\/schema\/person\/d983e81827ae24f2c7b1a2123d197f8d","name":"Redazione Italia","description":"News from the Pressenza Bureau in Italy","sameAs":["https:\/\/www.pressenza.com\/it\/author\/redazione-italia\/","https:\/\/www.facebook.com\/PressenzaItalia","https:\/\/www.instagram.com\/pressenza_italia\/","https:\/\/x.com\/pressenza_it","https:\/\/www.youtube.com\/channel\/UCSalEIWjE1RSxkwjfftFuqg"],"url":"https:\/\/www.pressenza.com\/it\/author\/redazione-italia\/"}]}},"place":"","original_article_url":"","_links":{"self":[{"href":"https:\/\/www.pressenza.com\/it\/wp-json\/wp\/v2\/posts\/552227","targetHints":{"allow":["GET"]}}],"collection":[{"href":"https:\/\/www.pressenza.com\/it\/wp-json\/wp\/v2\/posts"}],"about":[{"href":"https:\/\/www.pressenza.com\/it\/wp-json\/wp\/v2\/types\/post"}],"author":[{"embeddable":true,"href":"https:\/\/www.pressenza.com\/it\/wp-json\/wp\/v2\/users\/594"}],"replies":[{"embeddable":true,"href":"https:\/\/www.pressenza.com\/it\/wp-json\/wp\/v2\/comments?post=552227"}],"version-history":[{"count":0,"href":"https:\/\/www.pressenza.com\/it\/wp-json\/wp\/v2\/posts\/552227\/revisions"}],"wp:featuredmedia":[{"embeddable":true,"href":"https:\/\/www.pressenza.com\/it\/wp-json\/wp\/v2\/media\/552231"}],"wp:attachment":[{"href":"https:\/\/www.pressenza.com\/it\/wp-json\/wp\/v2\/media?parent=552227"}],"wp:term":[{"taxonomy":"category","embeddable":true,"href":"https:\/\/www.pressenza.com\/it\/wp-json\/wp\/v2\/categories?post=552227"},{"taxonomy":"post_tag","embeddable":true,"href":"https:\/\/www.pressenza.com\/it\/wp-json\/wp\/v2\/tags?post=552227"}],"curies":[{"name":"wp","href":"https:\/\/api.w.org\/{rel}","templated":true}]}}