{"id":548634,"date":"2017-10-31T09:39:08","date_gmt":"2017-10-31T09:39:08","guid":{"rendered":"https:\/\/www.pressenza.com\/?p=548634\/"},"modified":"2017-10-31T09:39:08","modified_gmt":"2017-10-31T09:39:08","slug":"islanda-nessuna-maggioranza-necessaria-una-coalizione-di-governo-quale","status":"publish","type":"post","link":"https:\/\/www.pressenza.com\/it\/2017\/10\/islanda-nessuna-maggioranza-necessaria-una-coalizione-di-governo-quale\/","title":{"rendered":"Islanda: nessuna maggioranza, necessaria una coalizione di Governo. Quale?"},"content":{"rendered":"<div align=\"justify\">\n<p style=\"margin: 0px; font-stretch: normal; font-size: 17px; line-height: normal; font-family: 'Times New Roman';\">Il 29 ottobre si sono tenute le elezioni parlamentari in Islanda, le seconde nel giro di pochi mesi: <strong>il Governo \u00e8 stato costretto ad indire nuove elezioni<\/strong> a causa di <strong>presunti scandali sessuali legati al padre del Primo Ministro Bjarni Benediktsson<\/strong> e che egli ha <strong>tentato<\/strong> <strong>di<\/strong> <strong>coprire<\/strong>. Come riportato dal <i>Guardian<\/i> nei giorni scorsi, l\u2019Islanda avrebbe dovuto chiamare nuovamente gli elettori a votare per il rinnovo del Parlamento dopo che, a seguito del presunto scandalo,<strong> il partito<em> lib-dem<\/em> Futuro Luminoso<\/strong> (<span style=\"-webkit-font-kerning: none; color: #222222;\"><strong><i>Bj\u00f6rt framt\u00ed\u00f0<\/i><\/strong>)<\/span> <strong>ha ritirato l\u2019appoggio alla coalizione che reggeva il Governo Benediktsson<\/strong>.<\/p>\n<p style=\"margin: 0px; font-stretch: normal; font-size: 17px; line-height: normal; font-family: 'Times New Roman';\">Le elezioni hanno consegnato un quadro frammentato in cui il <strong>Partito dell\u2019Indipendenza<\/strong> (<span style=\"-webkit-font-kerning: none; color: #222222;\"><i>Sj\u00e1lfst\u00e6\u00f0isflokkurinn<\/i>) di Benediktsson <strong>\u00e8 risultato essere il pi\u00f9 votato<\/strong> (<strong>25,2%<\/strong>, 49.543 voti) <strong>nonostante la perdita di 5 seggi, pari al 3,8% di voti<\/strong>, tuttavia, <strong>le forze progressiste ed ecologiste del Movimento di Sinistra-Verde<\/strong> (<\/span><span style=\"font-kerning: none;\"><i>Vinstrihreyfingin \u2013 Gr\u00e6nt frambo\u00f0<\/i>) e dell\u2019<strong>Alleanza SocialDemocratica<\/strong> (<i>Samfylkingin &#8211; Jafna\u00f0armannaflokkur \u00cdslands<\/i>) <strong>hanno avuto un incremento della propria forza elettorale andando a sfiorare il 17%<\/strong> (il primo) <strong>e il 12,1%<\/strong> (il secondo). Tanto pi\u00f9 vi \u00e8 stata l\u2019ascesa dell\u2019Alleanza SocialDemocratica Islandese, passata nel giro di un anno dal 5,7% al 12,1%, quanto pi\u00f9 vi \u00e8 stato il <strong>tracollo di <\/strong><\/span><strong>Futuro Luminoso<\/strong><span style=\"font-kerning: none;\">, il partito che ha ritirato l\u2019appoggio al Governo Benediktsson, crollato all\u2019<strong>1,2%<\/strong> (rispetto al 7,2% delle scorsa tornata elettorale) e rimasto fuori dal Parlamento.\u00a0<\/span><\/p>\n<p style=\"margin: 0px; font-stretch: normal; font-size: 17px; line-height: normal; font-family: 'Times New Roman';\"><span style=\"font-kerning: none;\"><strong>Brutto <i>scivolone<\/i> anche per i Pirati<\/strong>: il <strong>Partito Pirata<\/strong>, infatti, dai 10 seggi al Parlamento, pari al 14,5% delle precedenti elezioni,<strong> ha visto scendere i propri consensi fino al 9,2%<\/strong>, mandando <strong>solo 6 rappresentanti all\u2019Assemblea Nazionale<\/strong>. Assenti gli Umanisti (<em>HumanistaFlokkurin<\/em>)<em>\u00a0<\/em>che avevano partecipato, per la prima volta col proprio simbolo, alle scorse elezioni parlamentari raggiungendo un <em>rachitico<\/em> 0,1%.<\/span><\/p>\n<p style=\"margin: 0px; font-stretch: normal; font-size: 17px; line-height: normal; font-family: 'Times New Roman';\"><strong><span style=\"font-kerning: none;\">Coalizione, gi\u00e0, ma quale?<\/span><\/strong><\/p>\n<p style=\"margin: 0px; font-stretch: normal; font-size: 17px; line-height: normal; font-family: 'Times New Roman';\"><span style=\"font-kerning: none;\">Il quadro che si profila \u00e8 quello del Governo di una coalizione inedita per il Partito dell\u2019Indipendenza il quale, nonostante abbia visto scendere i propri deputati a 16 rispetto all\u2019ultima elezione, dovr\u00e0 cercare un\u2019intesa con il Partito di Centro (7 Deputati) e con il Partito del Popolo (4 deputati). <strong>L\u2019accordo, tuttavia, non riuscir\u00e0 a formare un Governo<\/strong> dato che <strong>i seggi necessari sono 32<\/strong>, nonostante Benediktsson abbia dichiarato alla stampa come sia <i>\u00abnaturale che il Partito dell\u2019Indipendenza si prenda carico di formare il Governo\u00bb<\/i>, nonostante non abbia evidentemente i numeri per farlo.<\/span><\/p>\n<p>&nbsp;<\/p>\n<p style=\"margin: 0px; font-stretch: normal; font-size: 17px; line-height: normal; font-family: 'Times New Roman';\"><span style=\"font-kerning: none;\">Cos\u00ec come, d\u2019altra parte, <strong>la coalizione progressista<\/strong> fra il Movimento Sinistra-Verde, l\u2019Alleanza SocialDemocratica e il Partito Pirata <strong>si fermerebbe a 24 seggi<\/strong>: il Partito di Centro, in sostanza, risulta essere l\u2019ago della bilancia per una qualsiasi coalizione di Governo.<\/span><\/p>\n<\/div>\n","protected":false},"excerpt":{"rendered":"<p>Il 29 ottobre si sono tenute le elezioni parlamentari in Islanda, le seconde nel giro di pochi mesi: il Governo \u00e8 stato costretto ad indire nuove elezioni a causa di presunti scandali sessuali legati al padre del Primo Ministro Bjarni&hellip;<\/p>\n","protected":false},"author":1456,"featured_media":548635,"comment_status":"closed","ping_status":"closed","sticky":false,"template":"","format":"standard","meta":{"footnotes":""},"categories":[11388,47,55],"tags":[616,185,1097],"class_list":["post-548634","post","type-post","status-publish","format-standard","has-post-thumbnail","hentry","category-contenuti-originali","category-europa","category-politica","tag-elezioni","tag-governo","tag-islanda"],"yoast_head":"<!-- This site is optimized with the Yoast SEO plugin v27.1.1 - https:\/\/yoast.com\/product\/yoast-seo-wordpress\/ -->\n<title>Islanda: nessuna maggioranza, necessaria una coalizione di Governo. Quale?<\/title>\n<meta name=\"description\" content=\"Le elezioni in Islanda hanno consegnato un quadro politico in cui si dovr\u00e0 necessariamente procedere col formare una coalizione. Gi\u00e0, ma quale?\" \/>\n<meta name=\"robots\" content=\"index, follow, max-snippet:-1, max-image-preview:large, max-video-preview:-1\" \/>\n<link rel=\"canonical\" href=\"https:\/\/www.pressenza.com\/it\/2017\/10\/islanda-nessuna-maggioranza-necessaria-una-coalizione-di-governo-quale\/\" \/>\n<meta property=\"og:locale\" content=\"it_IT\" \/>\n<meta property=\"og:type\" content=\"article\" \/>\n<meta property=\"og:title\" content=\"Islanda: nessuna maggioranza, necessaria una coalizione di Governo. Quale?\" \/>\n<meta property=\"og:description\" content=\"Le elezioni in Islanda hanno consegnato un quadro politico in cui si dovr\u00e0 necessariamente procedere col formare una coalizione. Gi\u00e0, ma quale?\" \/>\n<meta property=\"og:url\" content=\"https:\/\/www.pressenza.com\/it\/2017\/10\/islanda-nessuna-maggioranza-necessaria-una-coalizione-di-governo-quale\/\" \/>\n<meta property=\"og:site_name\" content=\"Pressenza\" \/>\n<meta property=\"article:publisher\" content=\"https:\/\/www.facebook.com\/PressenzaItalia\" \/>\n<meta property=\"article:published_time\" content=\"2017-10-31T09:39:08+00:00\" \/>\n<meta property=\"og:image\" content=\"https:\/\/www.pressenza.com\/wp-content\/uploads\/2017\/10\/856727.jpg\" \/>\n\t<meta property=\"og:image:width\" content=\"820\" \/>\n\t<meta property=\"og:image:height\" content=\"530\" \/>\n\t<meta property=\"og:image:type\" content=\"image\/jpeg\" \/>\n<meta name=\"author\" content=\"Marco Piccinelli\" \/>\n<meta name=\"twitter:card\" content=\"summary_large_image\" \/>\n<meta name=\"twitter:creator\" content=\"@PressenzaIPA\" \/>\n<meta name=\"twitter:site\" content=\"@PressenzaIPA\" \/>\n<meta name=\"twitter:label1\" content=\"Scritto da\" \/>\n\t<meta name=\"twitter:data1\" content=\"Marco Piccinelli\" \/>\n\t<meta name=\"twitter:label2\" content=\"Tempo di lettura stimato\" \/>\n\t<meta name=\"twitter:data2\" content=\"2 minuti\" \/>\n<script type=\"application\/ld+json\" class=\"yoast-schema-graph\">{\"@context\":\"https:\/\/schema.org\",\"@graph\":[{\"@type\":\"Article\",\"@id\":\"https:\/\/www.pressenza.com\/it\/2017\/10\/islanda-nessuna-maggioranza-necessaria-una-coalizione-di-governo-quale\/#article\",\"isPartOf\":{\"@id\":\"https:\/\/www.pressenza.com\/it\/2017\/10\/islanda-nessuna-maggioranza-necessaria-una-coalizione-di-governo-quale\/\"},\"author\":{\"name\":\"Marco Piccinelli\",\"@id\":\"https:\/\/www.pressenza.com\/it\/#\/schema\/person\/e7b9348384b4a58e20fa11262a749506\"},\"headline\":\"Islanda: nessuna maggioranza, necessaria una coalizione di Governo. Quale?\",\"datePublished\":\"2017-10-31T09:39:08+00:00\",\"mainEntityOfPage\":{\"@id\":\"https:\/\/www.pressenza.com\/it\/2017\/10\/islanda-nessuna-maggioranza-necessaria-una-coalizione-di-governo-quale\/\"},\"wordCount\":419,\"publisher\":{\"@id\":\"https:\/\/www.pressenza.com\/it\/#organization\"},\"image\":{\"@id\":\"https:\/\/www.pressenza.com\/it\/2017\/10\/islanda-nessuna-maggioranza-necessaria-una-coalizione-di-governo-quale\/#primaryimage\"},\"thumbnailUrl\":\"https:\/\/www.pressenza.com\/wp-content\/uploads\/2017\/10\/856727.jpg\",\"keywords\":[\"elezioni\",\"governo\",\"Islanda\"],\"articleSection\":[\"contenuti originali\",\"Europa\",\"Politica\"],\"inLanguage\":\"it-IT\"},{\"@type\":\"WebPage\",\"@id\":\"https:\/\/www.pressenza.com\/it\/2017\/10\/islanda-nessuna-maggioranza-necessaria-una-coalizione-di-governo-quale\/\",\"url\":\"https:\/\/www.pressenza.com\/it\/2017\/10\/islanda-nessuna-maggioranza-necessaria-una-coalizione-di-governo-quale\/\",\"name\":\"Islanda: nessuna maggioranza, necessaria una coalizione di Governo. Quale?\",\"isPartOf\":{\"@id\":\"https:\/\/www.pressenza.com\/it\/#website\"},\"primaryImageOfPage\":{\"@id\":\"https:\/\/www.pressenza.com\/it\/2017\/10\/islanda-nessuna-maggioranza-necessaria-una-coalizione-di-governo-quale\/#primaryimage\"},\"image\":{\"@id\":\"https:\/\/www.pressenza.com\/it\/2017\/10\/islanda-nessuna-maggioranza-necessaria-una-coalizione-di-governo-quale\/#primaryimage\"},\"thumbnailUrl\":\"https:\/\/www.pressenza.com\/wp-content\/uploads\/2017\/10\/856727.jpg\",\"datePublished\":\"2017-10-31T09:39:08+00:00\",\"description\":\"Le elezioni in Islanda hanno consegnato un quadro politico in cui si dovr\u00e0 necessariamente procedere col formare una coalizione. Gi\u00e0, ma quale?\",\"breadcrumb\":{\"@id\":\"https:\/\/www.pressenza.com\/it\/2017\/10\/islanda-nessuna-maggioranza-necessaria-una-coalizione-di-governo-quale\/#breadcrumb\"},\"inLanguage\":\"it-IT\",\"potentialAction\":[{\"@type\":\"ReadAction\",\"target\":[\"https:\/\/www.pressenza.com\/it\/2017\/10\/islanda-nessuna-maggioranza-necessaria-una-coalizione-di-governo-quale\/\"]}]},{\"@type\":\"ImageObject\",\"inLanguage\":\"it-IT\",\"@id\":\"https:\/\/www.pressenza.com\/it\/2017\/10\/islanda-nessuna-maggioranza-necessaria-una-coalizione-di-governo-quale\/#primaryimage\",\"url\":\"https:\/\/www.pressenza.com\/wp-content\/uploads\/2017\/10\/856727.jpg\",\"contentUrl\":\"https:\/\/www.pressenza.com\/wp-content\/uploads\/2017\/10\/856727.jpg\",\"width\":820,\"height\":530,\"caption\":\"Fonte: \u00a9 Icelandic Monitor http:\/\/icelandmonitor.mbl.is\/news\/politics_and_society\/2016\/08\/15\/icelanders_go_to_the_polls_on_29_october\/\"},{\"@type\":\"BreadcrumbList\",\"@id\":\"https:\/\/www.pressenza.com\/it\/2017\/10\/islanda-nessuna-maggioranza-necessaria-una-coalizione-di-governo-quale\/#breadcrumb\",\"itemListElement\":[{\"@type\":\"ListItem\",\"position\":1,\"name\":\"Accueil\",\"item\":\"https:\/\/www.pressenza.com\/it\/\"},{\"@type\":\"ListItem\",\"position\":2,\"name\":\"Islanda: nessuna maggioranza, necessaria una coalizione di Governo. Quale?\"}]},{\"@type\":\"WebSite\",\"@id\":\"https:\/\/www.pressenza.com\/it\/#website\",\"url\":\"https:\/\/www.pressenza.com\/it\/\",\"name\":\"Pressenza\",\"description\":\"Agenzia di Stampa Internazionale\",\"publisher\":{\"@id\":\"https:\/\/www.pressenza.com\/it\/#organization\"},\"potentialAction\":[{\"@type\":\"SearchAction\",\"target\":{\"@type\":\"EntryPoint\",\"urlTemplate\":\"https:\/\/www.pressenza.com\/it\/?s={search_term_string}\"},\"query-input\":{\"@type\":\"PropertyValueSpecification\",\"valueRequired\":true,\"valueName\":\"search_term_string\"}}],\"inLanguage\":\"it-IT\"},{\"@type\":\"Organization\",\"@id\":\"https:\/\/www.pressenza.com\/it\/#organization\",\"name\":\"Pressenza\",\"url\":\"https:\/\/www.pressenza.com\/it\/\",\"logo\":{\"@type\":\"ImageObject\",\"inLanguage\":\"it-IT\",\"@id\":\"https:\/\/www.pressenza.com\/it\/#\/schema\/logo\/image\/\",\"url\":\"https:\/\/www.pressenza.com\/wp-content\/uploads\/2022\/10\/pressenza_logo_200x200.jpg\",\"contentUrl\":\"https:\/\/www.pressenza.com\/wp-content\/uploads\/2022\/10\/pressenza_logo_200x200.jpg\",\"width\":200,\"height\":200,\"caption\":\"Pressenza\"},\"image\":{\"@id\":\"https:\/\/www.pressenza.com\/it\/#\/schema\/logo\/image\/\"},\"sameAs\":[\"https:\/\/www.facebook.com\/PressenzaItalia\",\"https:\/\/x.com\/PressenzaIPA\"]},{\"@type\":\"Person\",\"@id\":\"https:\/\/www.pressenza.com\/it\/#\/schema\/person\/e7b9348384b4a58e20fa11262a749506\",\"name\":\"Marco Piccinelli\",\"description\":\"Insegnante di lettere alla scuola secondaria di secondo grado e giornalista. Ho scritto con Fabio Belli per Rogas Edizioni edizioni: \\\"Calcio e Martello. Storie e uomini del calcio socialista\\\", \\\"La Repubblica nel pallone\\\", \\\"C\u2019eravamo tanto a(r)mati\\\" e \\\"La pi\u00f9 forte - The Strongest e altre storie del calcio in Bolivia\\\". Sognatore, nicchista e felice di esserlo.\",\"url\":\"https:\/\/www.pressenza.com\/it\/author\/marco-piccinelli\/\"}]}<\/script>\n<!-- \/ Yoast SEO plugin. -->","yoast_head_json":{"title":"Islanda: nessuna maggioranza, necessaria una coalizione di Governo. Quale?","description":"Le elezioni in Islanda hanno consegnato un quadro politico in cui si dovr\u00e0 necessariamente procedere col formare una coalizione. Gi\u00e0, ma quale?","robots":{"index":"index","follow":"follow","max-snippet":"max-snippet:-1","max-image-preview":"max-image-preview:large","max-video-preview":"max-video-preview:-1"},"canonical":"https:\/\/www.pressenza.com\/it\/2017\/10\/islanda-nessuna-maggioranza-necessaria-una-coalizione-di-governo-quale\/","og_locale":"it_IT","og_type":"article","og_title":"Islanda: nessuna maggioranza, necessaria una coalizione di Governo. Quale?","og_description":"Le elezioni in Islanda hanno consegnato un quadro politico in cui si dovr\u00e0 necessariamente procedere col formare una coalizione. Gi\u00e0, ma quale?","og_url":"https:\/\/www.pressenza.com\/it\/2017\/10\/islanda-nessuna-maggioranza-necessaria-una-coalizione-di-governo-quale\/","og_site_name":"Pressenza","article_publisher":"https:\/\/www.facebook.com\/PressenzaItalia","article_published_time":"2017-10-31T09:39:08+00:00","og_image":[{"width":820,"height":530,"url":"https:\/\/www.pressenza.com\/wp-content\/uploads\/2017\/10\/856727.jpg","type":"image\/jpeg"}],"author":"Marco Piccinelli","twitter_card":"summary_large_image","twitter_creator":"@PressenzaIPA","twitter_site":"@PressenzaIPA","twitter_misc":{"Scritto da":"Marco Piccinelli","Tempo di lettura stimato":"2 minuti"},"schema":{"@context":"https:\/\/schema.org","@graph":[{"@type":"Article","@id":"https:\/\/www.pressenza.com\/it\/2017\/10\/islanda-nessuna-maggioranza-necessaria-una-coalizione-di-governo-quale\/#article","isPartOf":{"@id":"https:\/\/www.pressenza.com\/it\/2017\/10\/islanda-nessuna-maggioranza-necessaria-una-coalizione-di-governo-quale\/"},"author":{"name":"Marco Piccinelli","@id":"https:\/\/www.pressenza.com\/it\/#\/schema\/person\/e7b9348384b4a58e20fa11262a749506"},"headline":"Islanda: nessuna maggioranza, necessaria una coalizione di Governo. Quale?","datePublished":"2017-10-31T09:39:08+00:00","mainEntityOfPage":{"@id":"https:\/\/www.pressenza.com\/it\/2017\/10\/islanda-nessuna-maggioranza-necessaria-una-coalizione-di-governo-quale\/"},"wordCount":419,"publisher":{"@id":"https:\/\/www.pressenza.com\/it\/#organization"},"image":{"@id":"https:\/\/www.pressenza.com\/it\/2017\/10\/islanda-nessuna-maggioranza-necessaria-una-coalizione-di-governo-quale\/#primaryimage"},"thumbnailUrl":"https:\/\/www.pressenza.com\/wp-content\/uploads\/2017\/10\/856727.jpg","keywords":["elezioni","governo","Islanda"],"articleSection":["contenuti originali","Europa","Politica"],"inLanguage":"it-IT"},{"@type":"WebPage","@id":"https:\/\/www.pressenza.com\/it\/2017\/10\/islanda-nessuna-maggioranza-necessaria-una-coalizione-di-governo-quale\/","url":"https:\/\/www.pressenza.com\/it\/2017\/10\/islanda-nessuna-maggioranza-necessaria-una-coalizione-di-governo-quale\/","name":"Islanda: nessuna maggioranza, necessaria una coalizione di Governo. Quale?","isPartOf":{"@id":"https:\/\/www.pressenza.com\/it\/#website"},"primaryImageOfPage":{"@id":"https:\/\/www.pressenza.com\/it\/2017\/10\/islanda-nessuna-maggioranza-necessaria-una-coalizione-di-governo-quale\/#primaryimage"},"image":{"@id":"https:\/\/www.pressenza.com\/it\/2017\/10\/islanda-nessuna-maggioranza-necessaria-una-coalizione-di-governo-quale\/#primaryimage"},"thumbnailUrl":"https:\/\/www.pressenza.com\/wp-content\/uploads\/2017\/10\/856727.jpg","datePublished":"2017-10-31T09:39:08+00:00","description":"Le elezioni in Islanda hanno consegnato un quadro politico in cui si dovr\u00e0 necessariamente procedere col formare una coalizione. Gi\u00e0, ma quale?","breadcrumb":{"@id":"https:\/\/www.pressenza.com\/it\/2017\/10\/islanda-nessuna-maggioranza-necessaria-una-coalizione-di-governo-quale\/#breadcrumb"},"inLanguage":"it-IT","potentialAction":[{"@type":"ReadAction","target":["https:\/\/www.pressenza.com\/it\/2017\/10\/islanda-nessuna-maggioranza-necessaria-una-coalizione-di-governo-quale\/"]}]},{"@type":"ImageObject","inLanguage":"it-IT","@id":"https:\/\/www.pressenza.com\/it\/2017\/10\/islanda-nessuna-maggioranza-necessaria-una-coalizione-di-governo-quale\/#primaryimage","url":"https:\/\/www.pressenza.com\/wp-content\/uploads\/2017\/10\/856727.jpg","contentUrl":"https:\/\/www.pressenza.com\/wp-content\/uploads\/2017\/10\/856727.jpg","width":820,"height":530,"caption":"Fonte: \u00a9 Icelandic Monitor http:\/\/icelandmonitor.mbl.is\/news\/politics_and_society\/2016\/08\/15\/icelanders_go_to_the_polls_on_29_october\/"},{"@type":"BreadcrumbList","@id":"https:\/\/www.pressenza.com\/it\/2017\/10\/islanda-nessuna-maggioranza-necessaria-una-coalizione-di-governo-quale\/#breadcrumb","itemListElement":[{"@type":"ListItem","position":1,"name":"Accueil","item":"https:\/\/www.pressenza.com\/it\/"},{"@type":"ListItem","position":2,"name":"Islanda: nessuna maggioranza, necessaria una coalizione di Governo. Quale?"}]},{"@type":"WebSite","@id":"https:\/\/www.pressenza.com\/it\/#website","url":"https:\/\/www.pressenza.com\/it\/","name":"Pressenza","description":"Agenzia di Stampa Internazionale","publisher":{"@id":"https:\/\/www.pressenza.com\/it\/#organization"},"potentialAction":[{"@type":"SearchAction","target":{"@type":"EntryPoint","urlTemplate":"https:\/\/www.pressenza.com\/it\/?s={search_term_string}"},"query-input":{"@type":"PropertyValueSpecification","valueRequired":true,"valueName":"search_term_string"}}],"inLanguage":"it-IT"},{"@type":"Organization","@id":"https:\/\/www.pressenza.com\/it\/#organization","name":"Pressenza","url":"https:\/\/www.pressenza.com\/it\/","logo":{"@type":"ImageObject","inLanguage":"it-IT","@id":"https:\/\/www.pressenza.com\/it\/#\/schema\/logo\/image\/","url":"https:\/\/www.pressenza.com\/wp-content\/uploads\/2022\/10\/pressenza_logo_200x200.jpg","contentUrl":"https:\/\/www.pressenza.com\/wp-content\/uploads\/2022\/10\/pressenza_logo_200x200.jpg","width":200,"height":200,"caption":"Pressenza"},"image":{"@id":"https:\/\/www.pressenza.com\/it\/#\/schema\/logo\/image\/"},"sameAs":["https:\/\/www.facebook.com\/PressenzaItalia","https:\/\/x.com\/PressenzaIPA"]},{"@type":"Person","@id":"https:\/\/www.pressenza.com\/it\/#\/schema\/person\/e7b9348384b4a58e20fa11262a749506","name":"Marco Piccinelli","description":"Insegnante di lettere alla scuola secondaria di secondo grado e giornalista. Ho scritto con Fabio Belli per Rogas Edizioni edizioni: \"Calcio e Martello. Storie e uomini del calcio socialista\", \"La Repubblica nel pallone\", \"C\u2019eravamo tanto a(r)mati\" e \"La pi\u00f9 forte - The Strongest e altre storie del calcio in Bolivia\". Sognatore, nicchista e felice di esserlo.","url":"https:\/\/www.pressenza.com\/it\/author\/marco-piccinelli\/"}]}},"place":"","original_article_url":"","_links":{"self":[{"href":"https:\/\/www.pressenza.com\/it\/wp-json\/wp\/v2\/posts\/548634","targetHints":{"allow":["GET"]}}],"collection":[{"href":"https:\/\/www.pressenza.com\/it\/wp-json\/wp\/v2\/posts"}],"about":[{"href":"https:\/\/www.pressenza.com\/it\/wp-json\/wp\/v2\/types\/post"}],"author":[{"embeddable":true,"href":"https:\/\/www.pressenza.com\/it\/wp-json\/wp\/v2\/users\/1456"}],"replies":[{"embeddable":true,"href":"https:\/\/www.pressenza.com\/it\/wp-json\/wp\/v2\/comments?post=548634"}],"version-history":[{"count":0,"href":"https:\/\/www.pressenza.com\/it\/wp-json\/wp\/v2\/posts\/548634\/revisions"}],"wp:featuredmedia":[{"embeddable":true,"href":"https:\/\/www.pressenza.com\/it\/wp-json\/wp\/v2\/media\/548635"}],"wp:attachment":[{"href":"https:\/\/www.pressenza.com\/it\/wp-json\/wp\/v2\/media?parent=548634"}],"wp:term":[{"taxonomy":"category","embeddable":true,"href":"https:\/\/www.pressenza.com\/it\/wp-json\/wp\/v2\/categories?post=548634"},{"taxonomy":"post_tag","embeddable":true,"href":"https:\/\/www.pressenza.com\/it\/wp-json\/wp\/v2\/tags?post=548634"}],"curies":[{"name":"wp","href":"https:\/\/api.w.org\/{rel}","templated":true}]}}