{"id":547407,"date":"2017-10-29T13:26:05","date_gmt":"2017-10-29T13:26:05","guid":{"rendered":"https:\/\/www.pressenza.com\/?p=547407\/"},"modified":"2017-10-29T13:26:05","modified_gmt":"2017-10-29T13:26:05","slug":"campagna-persona-un-voto-grazie-cuore-tutte-tutti","status":"publish","type":"post","link":"https:\/\/www.pressenza.com\/it\/2017\/10\/campagna-persona-un-voto-grazie-cuore-tutte-tutti\/","title":{"rendered":"Campagna una persona, un voto: grazie di cuore a tutte e tutti"},"content":{"rendered":"<p>Grazie di cuore a tutte e tutti coloro che hanno aderito all&#8217;iniziativa dell&#8217;appello &#8220;Una persona, un voto&#8221;.<br \/>\nCon il voto del Senato sulla nuova legge elettorale \u00e8 evidente che in questa legislatura non si \u00e8 ottenuto, e non si otterr\u00e0 quindi nemmeno nei prossimi mesi, il riconoscimento del diritto di voto per tutte le persone che in Italia stabilmente vivono, n\u00e9 per le elezioni politiche n\u00e9 per quelle amministrative.<br \/>\nLa campagna &#8220;Una persona, un voto&#8221; proseguir\u00e0 tentando di riproporre l&#8217;obiettivo nella prossima legislatura.<\/p>\n<p>In questi mesi anche i nostri sforzi saranno vieppi\u00f9 concentrati a sostegno dell&#8217;approvazione da parte del Senato della legge cosiddetta sullo &#8220;ius soli \/ ius culturae&#8221;, approvazione ancora possibile, ed al cui ottenimento pu\u00f2 essere utile ogni iniziativa d&#8217;informazione, documentazione e coscientizzazione che aiuti tanto i parlamentari e le forze politiche quanto l&#8217;opinione pubblica nel suo insieme a comprendere di cosa si tratti: siamo infatti certi che se si esce dalle mistificazioni e si coglie la verit\u00e0 della proposta nei suoi reali termini, ebbene, ogni persona dotata del ben dell&#8217;intelletto esprimer\u00e0 il suo convinto sostegno ad essa.<br \/>\nNon \u00e8 infatti possibile negare che un bambino ovvero una bambina, un ragazzo ovvero una ragazza, nati in Italia, cresciuti in Italia, che studiano in Italia, che vivono nella comunit\u00e0, nella lingua e nella cultura italiane, possano essere ritenuti alieni: sono con tutta evidenza cittadine e cittadini italiani ancor prima di aver compiuto i diciotto anni, quando la legge vigente gi\u00e0 riconosce loro il diritto di decidere di essere cittadini italiani con una semplice dichiarazione personale.<br \/>\nPerch\u00e9 quindi continuare a umiliare e perseguitare dei bambini?<br \/>\nPerch\u00e9 quindi continuare a negare la flagrante realt\u00e0 che chi nasce e vive in Italia \u00e8 un cittadino italiano?<br \/>\nAd eccezione di un&#8217;infima minoranza di pervertiti, nessuno in Italia vuole essere un persecutore di bambini.<br \/>\nAd eccezione di un&#8217;infima minoranza di razzisti, nessun senatore potrebbe in scienza e coscienza negare il suo voto a una legge che prende atto della realt\u00e0 e riconosce a bambine e bambini, ragazze e ragazzi, un diritto che loro appartiene: il riconoscimento giuridico del fatto inconfutabile che sono parte del popolo italiano, che sono cittadini italiani.<\/p>\n<p>Si ha sovente l&#8217;impressione che l&#8217;Italia stia precipitando nel baratro del razzismo; e non perch\u00e9 la maggioranza del popolo italiano sia razzista, che anzi d\u00e0 ogni giorno mille prove del contrario, ma perche&#8217; tanta parte del sistema dei mass-media e del ceto politico il razzismo fomentano ovvero ad esso si arrendono. Ebbene, \u00e8 compito di ogni persona impegnarsi per contrastare il razzismo e difendere la vita, la dignit\u00e0 e i diritti di tutti gli esseri umani. Qui ed ora, come sempre ed ovunque.<br \/>\n*<br \/>\nIl razzismo \u00e8 un crimine contro l&#8217;umanit\u00e0.<br \/>\nOgni essere umano ha diritto alla vita, alla dignit\u00e0, ai diritti.<br \/>\nVi \u00e8 una sola umanit\u00e0.<br \/>\nOgni vittima ha il volto di Abele.<\/p>\n<p>Il Centro di ricerca per la pace e i diritti umani&#8221; di Viterbo, che coordina l&#8217;iniziativa dell&#8217;appello &#8220;Una persona, un voto&#8221;<\/p>\n","protected":false},"excerpt":{"rendered":"<p>Grazie di cuore a tutte e tutti coloro che hanno aderito all&#8217;iniziativa dell&#8217;appello &#8220;Una persona, un voto&#8221;. Con il voto del Senato sulla nuova legge elettorale \u00e8 evidente che in questa legislatura non si \u00e8 ottenuto, e non si otterr\u00e0&hellip;<\/p>\n","protected":false},"author":457,"featured_media":449215,"comment_status":"closed","ping_status":"closed","sticky":false,"template":"","format":"standard","meta":{"footnotes":""},"categories":[150,47,1261,55],"tags":[31474,1659,34685,34451],"class_list":["post-547407","post","type-post","status-publish","format-standard","has-post-thumbnail","hentry","category-comunicati-stampa","category-europa","category-diversita","category-politica","tag-diritto-di-voto-agli-immigrati","tag-legge-elettorale","tag-una-persona-un-voto","tag-voto-agli-immigrati"],"yoast_head":"<!-- This site is optimized with the Yoast SEO plugin v27.1.1 - https:\/\/yoast.com\/product\/yoast-seo-wordpress\/ -->\n<title>Campagna una persona, un voto: grazie di cuore a tutte e tutti<\/title>\n<meta name=\"description\" content=\"Grazie di cuore a tutte e tutti coloro che hanno aderito all&#039;iniziativa dell&#039;appello &quot;Una persona, un voto&quot;. Con il voto del Senato sulla nuova legge\" \/>\n<meta name=\"robots\" content=\"index, follow, max-snippet:-1, max-image-preview:large, max-video-preview:-1\" \/>\n<link rel=\"canonical\" href=\"https:\/\/www.pressenza.com\/it\/2017\/10\/campagna-persona-un-voto-grazie-cuore-tutte-tutti\/\" \/>\n<meta property=\"og:locale\" content=\"it_IT\" \/>\n<meta property=\"og:type\" content=\"article\" \/>\n<meta property=\"og:title\" content=\"Campagna una persona, un voto: grazie di cuore a tutte e tutti\" \/>\n<meta property=\"og:description\" content=\"Grazie di cuore a tutte e tutti coloro che hanno aderito all&#039;iniziativa dell&#039;appello &quot;Una persona, un voto&quot;. Con il voto del Senato sulla nuova legge\" \/>\n<meta property=\"og:url\" content=\"https:\/\/www.pressenza.com\/it\/2017\/10\/campagna-persona-un-voto-grazie-cuore-tutte-tutti\/\" \/>\n<meta property=\"og:site_name\" content=\"Pressenza\" \/>\n<meta property=\"article:publisher\" content=\"https:\/\/www.facebook.com\/PressenzaItalia\" \/>\n<meta property=\"article:published_time\" content=\"2017-10-29T13:26:05+00:00\" \/>\n<meta property=\"og:image\" content=\"https:\/\/www.pressenza.com\/wp-content\/uploads\/2017\/03\/bambini-migranti.jpg\" \/>\n\t<meta property=\"og:image:width\" content=\"967\" \/>\n\t<meta property=\"og:image:height\" content=\"623\" \/>\n\t<meta property=\"og:image:type\" content=\"image\/jpeg\" \/>\n<meta name=\"author\" content=\"Peppe Sini\" \/>\n<meta name=\"twitter:card\" content=\"summary_large_image\" \/>\n<meta name=\"twitter:creator\" content=\"@PressenzaIPA\" \/>\n<meta name=\"twitter:site\" content=\"@PressenzaIPA\" \/>\n<meta name=\"twitter:label1\" content=\"Scritto da\" \/>\n\t<meta name=\"twitter:data1\" content=\"Peppe Sini\" \/>\n\t<meta name=\"twitter:label2\" content=\"Tempo di lettura stimato\" \/>\n\t<meta name=\"twitter:data2\" content=\"2 minuti\" \/>\n<script type=\"application\/ld+json\" class=\"yoast-schema-graph\">{\"@context\":\"https:\/\/schema.org\",\"@graph\":[{\"@type\":\"Article\",\"@id\":\"https:\/\/www.pressenza.com\/it\/2017\/10\/campagna-persona-un-voto-grazie-cuore-tutte-tutti\/#article\",\"isPartOf\":{\"@id\":\"https:\/\/www.pressenza.com\/it\/2017\/10\/campagna-persona-un-voto-grazie-cuore-tutte-tutti\/\"},\"author\":{\"name\":\"Peppe Sini\",\"@id\":\"https:\/\/www.pressenza.com\/it\/#\/schema\/person\/3836c97be58c0a429fb8ca24bf5062e8\"},\"headline\":\"Campagna una persona, un voto: grazie di cuore a tutte e tutti\",\"datePublished\":\"2017-10-29T13:26:05+00:00\",\"mainEntityOfPage\":{\"@id\":\"https:\/\/www.pressenza.com\/it\/2017\/10\/campagna-persona-un-voto-grazie-cuore-tutte-tutti\/\"},\"wordCount\":508,\"publisher\":{\"@id\":\"https:\/\/www.pressenza.com\/it\/#organization\"},\"image\":{\"@id\":\"https:\/\/www.pressenza.com\/it\/2017\/10\/campagna-persona-un-voto-grazie-cuore-tutte-tutti\/#primaryimage\"},\"thumbnailUrl\":\"https:\/\/www.pressenza.com\/wp-content\/uploads\/2017\/03\/bambini-migranti.jpg\",\"keywords\":[\"diritto di voto agli immigrati\",\"legge elettorale\",\"una persona un voto\",\"voto agli immigrati\"],\"articleSection\":[\"Comunicati Stampa\",\"Europa\",\"Non discriminazione\",\"Politica\"],\"inLanguage\":\"it-IT\"},{\"@type\":\"WebPage\",\"@id\":\"https:\/\/www.pressenza.com\/it\/2017\/10\/campagna-persona-un-voto-grazie-cuore-tutte-tutti\/\",\"url\":\"https:\/\/www.pressenza.com\/it\/2017\/10\/campagna-persona-un-voto-grazie-cuore-tutte-tutti\/\",\"name\":\"Campagna una persona, un voto: grazie di cuore a tutte e tutti\",\"isPartOf\":{\"@id\":\"https:\/\/www.pressenza.com\/it\/#website\"},\"primaryImageOfPage\":{\"@id\":\"https:\/\/www.pressenza.com\/it\/2017\/10\/campagna-persona-un-voto-grazie-cuore-tutte-tutti\/#primaryimage\"},\"image\":{\"@id\":\"https:\/\/www.pressenza.com\/it\/2017\/10\/campagna-persona-un-voto-grazie-cuore-tutte-tutti\/#primaryimage\"},\"thumbnailUrl\":\"https:\/\/www.pressenza.com\/wp-content\/uploads\/2017\/03\/bambini-migranti.jpg\",\"datePublished\":\"2017-10-29T13:26:05+00:00\",\"description\":\"Grazie di cuore a tutte e tutti coloro che hanno aderito all'iniziativa dell'appello \\\"Una persona, un voto\\\". Con il voto del Senato sulla nuova legge\",\"breadcrumb\":{\"@id\":\"https:\/\/www.pressenza.com\/it\/2017\/10\/campagna-persona-un-voto-grazie-cuore-tutte-tutti\/#breadcrumb\"},\"inLanguage\":\"it-IT\",\"potentialAction\":[{\"@type\":\"ReadAction\",\"target\":[\"https:\/\/www.pressenza.com\/it\/2017\/10\/campagna-persona-un-voto-grazie-cuore-tutte-tutti\/\"]}]},{\"@type\":\"ImageObject\",\"inLanguage\":\"it-IT\",\"@id\":\"https:\/\/www.pressenza.com\/it\/2017\/10\/campagna-persona-un-voto-grazie-cuore-tutte-tutti\/#primaryimage\",\"url\":\"https:\/\/www.pressenza.com\/wp-content\/uploads\/2017\/03\/bambini-migranti.jpg\",\"contentUrl\":\"https:\/\/www.pressenza.com\/wp-content\/uploads\/2017\/03\/bambini-migranti.jpg\",\"width\":967,\"height\":623},{\"@type\":\"BreadcrumbList\",\"@id\":\"https:\/\/www.pressenza.com\/it\/2017\/10\/campagna-persona-un-voto-grazie-cuore-tutte-tutti\/#breadcrumb\",\"itemListElement\":[{\"@type\":\"ListItem\",\"position\":1,\"name\":\"Accueil\",\"item\":\"https:\/\/www.pressenza.com\/it\/\"},{\"@type\":\"ListItem\",\"position\":2,\"name\":\"Campagna una persona, un voto: grazie di cuore a tutte e tutti\"}]},{\"@type\":\"WebSite\",\"@id\":\"https:\/\/www.pressenza.com\/it\/#website\",\"url\":\"https:\/\/www.pressenza.com\/it\/\",\"name\":\"Pressenza\",\"description\":\"Agenzia di Stampa Internazionale\",\"publisher\":{\"@id\":\"https:\/\/www.pressenza.com\/it\/#organization\"},\"potentialAction\":[{\"@type\":\"SearchAction\",\"target\":{\"@type\":\"EntryPoint\",\"urlTemplate\":\"https:\/\/www.pressenza.com\/it\/?s={search_term_string}\"},\"query-input\":{\"@type\":\"PropertyValueSpecification\",\"valueRequired\":true,\"valueName\":\"search_term_string\"}}],\"inLanguage\":\"it-IT\"},{\"@type\":\"Organization\",\"@id\":\"https:\/\/www.pressenza.com\/it\/#organization\",\"name\":\"Pressenza\",\"url\":\"https:\/\/www.pressenza.com\/it\/\",\"logo\":{\"@type\":\"ImageObject\",\"inLanguage\":\"it-IT\",\"@id\":\"https:\/\/www.pressenza.com\/it\/#\/schema\/logo\/image\/\",\"url\":\"https:\/\/www.pressenza.com\/wp-content\/uploads\/2022\/10\/pressenza_logo_200x200.jpg\",\"contentUrl\":\"https:\/\/www.pressenza.com\/wp-content\/uploads\/2022\/10\/pressenza_logo_200x200.jpg\",\"width\":200,\"height\":200,\"caption\":\"Pressenza\"},\"image\":{\"@id\":\"https:\/\/www.pressenza.com\/it\/#\/schema\/logo\/image\/\"},\"sameAs\":[\"https:\/\/www.facebook.com\/PressenzaItalia\",\"https:\/\/x.com\/PressenzaIPA\"]},{\"@type\":\"Person\",\"@id\":\"https:\/\/www.pressenza.com\/it\/#\/schema\/person\/3836c97be58c0a429fb8ca24bf5062e8\",\"name\":\"Peppe Sini\",\"description\":\"Responsabile del Centro di Ricerca per la Pace di Viterbo.\",\"url\":\"https:\/\/www.pressenza.com\/it\/author\/peppe-sini\/\"}]}<\/script>\n<!-- \/ Yoast SEO plugin. -->","yoast_head_json":{"title":"Campagna una persona, un voto: grazie di cuore a tutte e tutti","description":"Grazie di cuore a tutte e tutti coloro che hanno aderito all'iniziativa dell'appello \"Una persona, un voto\". Con il voto del Senato sulla nuova legge","robots":{"index":"index","follow":"follow","max-snippet":"max-snippet:-1","max-image-preview":"max-image-preview:large","max-video-preview":"max-video-preview:-1"},"canonical":"https:\/\/www.pressenza.com\/it\/2017\/10\/campagna-persona-un-voto-grazie-cuore-tutte-tutti\/","og_locale":"it_IT","og_type":"article","og_title":"Campagna una persona, un voto: grazie di cuore a tutte e tutti","og_description":"Grazie di cuore a tutte e tutti coloro che hanno aderito all'iniziativa dell'appello \"Una persona, un voto\". Con il voto del Senato sulla nuova legge","og_url":"https:\/\/www.pressenza.com\/it\/2017\/10\/campagna-persona-un-voto-grazie-cuore-tutte-tutti\/","og_site_name":"Pressenza","article_publisher":"https:\/\/www.facebook.com\/PressenzaItalia","article_published_time":"2017-10-29T13:26:05+00:00","og_image":[{"width":967,"height":623,"url":"https:\/\/www.pressenza.com\/wp-content\/uploads\/2017\/03\/bambini-migranti.jpg","type":"image\/jpeg"}],"author":"Peppe Sini","twitter_card":"summary_large_image","twitter_creator":"@PressenzaIPA","twitter_site":"@PressenzaIPA","twitter_misc":{"Scritto da":"Peppe Sini","Tempo di lettura stimato":"2 minuti"},"schema":{"@context":"https:\/\/schema.org","@graph":[{"@type":"Article","@id":"https:\/\/www.pressenza.com\/it\/2017\/10\/campagna-persona-un-voto-grazie-cuore-tutte-tutti\/#article","isPartOf":{"@id":"https:\/\/www.pressenza.com\/it\/2017\/10\/campagna-persona-un-voto-grazie-cuore-tutte-tutti\/"},"author":{"name":"Peppe Sini","@id":"https:\/\/www.pressenza.com\/it\/#\/schema\/person\/3836c97be58c0a429fb8ca24bf5062e8"},"headline":"Campagna una persona, un voto: grazie di cuore a tutte e tutti","datePublished":"2017-10-29T13:26:05+00:00","mainEntityOfPage":{"@id":"https:\/\/www.pressenza.com\/it\/2017\/10\/campagna-persona-un-voto-grazie-cuore-tutte-tutti\/"},"wordCount":508,"publisher":{"@id":"https:\/\/www.pressenza.com\/it\/#organization"},"image":{"@id":"https:\/\/www.pressenza.com\/it\/2017\/10\/campagna-persona-un-voto-grazie-cuore-tutte-tutti\/#primaryimage"},"thumbnailUrl":"https:\/\/www.pressenza.com\/wp-content\/uploads\/2017\/03\/bambini-migranti.jpg","keywords":["diritto di voto agli immigrati","legge elettorale","una persona un voto","voto agli immigrati"],"articleSection":["Comunicati Stampa","Europa","Non discriminazione","Politica"],"inLanguage":"it-IT"},{"@type":"WebPage","@id":"https:\/\/www.pressenza.com\/it\/2017\/10\/campagna-persona-un-voto-grazie-cuore-tutte-tutti\/","url":"https:\/\/www.pressenza.com\/it\/2017\/10\/campagna-persona-un-voto-grazie-cuore-tutte-tutti\/","name":"Campagna una persona, un voto: grazie di cuore a tutte e tutti","isPartOf":{"@id":"https:\/\/www.pressenza.com\/it\/#website"},"primaryImageOfPage":{"@id":"https:\/\/www.pressenza.com\/it\/2017\/10\/campagna-persona-un-voto-grazie-cuore-tutte-tutti\/#primaryimage"},"image":{"@id":"https:\/\/www.pressenza.com\/it\/2017\/10\/campagna-persona-un-voto-grazie-cuore-tutte-tutti\/#primaryimage"},"thumbnailUrl":"https:\/\/www.pressenza.com\/wp-content\/uploads\/2017\/03\/bambini-migranti.jpg","datePublished":"2017-10-29T13:26:05+00:00","description":"Grazie di cuore a tutte e tutti coloro che hanno aderito all'iniziativa dell'appello \"Una persona, un voto\". Con il voto del Senato sulla nuova legge","breadcrumb":{"@id":"https:\/\/www.pressenza.com\/it\/2017\/10\/campagna-persona-un-voto-grazie-cuore-tutte-tutti\/#breadcrumb"},"inLanguage":"it-IT","potentialAction":[{"@type":"ReadAction","target":["https:\/\/www.pressenza.com\/it\/2017\/10\/campagna-persona-un-voto-grazie-cuore-tutte-tutti\/"]}]},{"@type":"ImageObject","inLanguage":"it-IT","@id":"https:\/\/www.pressenza.com\/it\/2017\/10\/campagna-persona-un-voto-grazie-cuore-tutte-tutti\/#primaryimage","url":"https:\/\/www.pressenza.com\/wp-content\/uploads\/2017\/03\/bambini-migranti.jpg","contentUrl":"https:\/\/www.pressenza.com\/wp-content\/uploads\/2017\/03\/bambini-migranti.jpg","width":967,"height":623},{"@type":"BreadcrumbList","@id":"https:\/\/www.pressenza.com\/it\/2017\/10\/campagna-persona-un-voto-grazie-cuore-tutte-tutti\/#breadcrumb","itemListElement":[{"@type":"ListItem","position":1,"name":"Accueil","item":"https:\/\/www.pressenza.com\/it\/"},{"@type":"ListItem","position":2,"name":"Campagna una persona, un voto: grazie di cuore a tutte e tutti"}]},{"@type":"WebSite","@id":"https:\/\/www.pressenza.com\/it\/#website","url":"https:\/\/www.pressenza.com\/it\/","name":"Pressenza","description":"Agenzia di Stampa Internazionale","publisher":{"@id":"https:\/\/www.pressenza.com\/it\/#organization"},"potentialAction":[{"@type":"SearchAction","target":{"@type":"EntryPoint","urlTemplate":"https:\/\/www.pressenza.com\/it\/?s={search_term_string}"},"query-input":{"@type":"PropertyValueSpecification","valueRequired":true,"valueName":"search_term_string"}}],"inLanguage":"it-IT"},{"@type":"Organization","@id":"https:\/\/www.pressenza.com\/it\/#organization","name":"Pressenza","url":"https:\/\/www.pressenza.com\/it\/","logo":{"@type":"ImageObject","inLanguage":"it-IT","@id":"https:\/\/www.pressenza.com\/it\/#\/schema\/logo\/image\/","url":"https:\/\/www.pressenza.com\/wp-content\/uploads\/2022\/10\/pressenza_logo_200x200.jpg","contentUrl":"https:\/\/www.pressenza.com\/wp-content\/uploads\/2022\/10\/pressenza_logo_200x200.jpg","width":200,"height":200,"caption":"Pressenza"},"image":{"@id":"https:\/\/www.pressenza.com\/it\/#\/schema\/logo\/image\/"},"sameAs":["https:\/\/www.facebook.com\/PressenzaItalia","https:\/\/x.com\/PressenzaIPA"]},{"@type":"Person","@id":"https:\/\/www.pressenza.com\/it\/#\/schema\/person\/3836c97be58c0a429fb8ca24bf5062e8","name":"Peppe Sini","description":"Responsabile del Centro di Ricerca per la Pace di Viterbo.","url":"https:\/\/www.pressenza.com\/it\/author\/peppe-sini\/"}]}},"place":"Viterbo","original_article_url":"","_links":{"self":[{"href":"https:\/\/www.pressenza.com\/it\/wp-json\/wp\/v2\/posts\/547407","targetHints":{"allow":["GET"]}}],"collection":[{"href":"https:\/\/www.pressenza.com\/it\/wp-json\/wp\/v2\/posts"}],"about":[{"href":"https:\/\/www.pressenza.com\/it\/wp-json\/wp\/v2\/types\/post"}],"author":[{"embeddable":true,"href":"https:\/\/www.pressenza.com\/it\/wp-json\/wp\/v2\/users\/457"}],"replies":[{"embeddable":true,"href":"https:\/\/www.pressenza.com\/it\/wp-json\/wp\/v2\/comments?post=547407"}],"version-history":[{"count":0,"href":"https:\/\/www.pressenza.com\/it\/wp-json\/wp\/v2\/posts\/547407\/revisions"}],"wp:featuredmedia":[{"embeddable":true,"href":"https:\/\/www.pressenza.com\/it\/wp-json\/wp\/v2\/media\/449215"}],"wp:attachment":[{"href":"https:\/\/www.pressenza.com\/it\/wp-json\/wp\/v2\/media?parent=547407"}],"wp:term":[{"taxonomy":"category","embeddable":true,"href":"https:\/\/www.pressenza.com\/it\/wp-json\/wp\/v2\/categories?post=547407"},{"taxonomy":"post_tag","embeddable":true,"href":"https:\/\/www.pressenza.com\/it\/wp-json\/wp\/v2\/tags?post=547407"}],"curies":[{"name":"wp","href":"https:\/\/api.w.org\/{rel}","templated":true}]}}