{"id":546640,"date":"2017-10-27T08:42:51","date_gmt":"2017-10-27T07:42:51","guid":{"rendered":"https:\/\/www.pressenza.com\/?p=546640\/"},"modified":"2017-10-27T08:43:31","modified_gmt":"2017-10-27T07:43:31","slug":"lircocervo-e-i-sonnambuli","status":"publish","type":"post","link":"https:\/\/www.pressenza.com\/it\/2017\/10\/lircocervo-e-i-sonnambuli\/","title":{"rendered":"L&#8217;ircocervo e i sonnambuli"},"content":{"rendered":"<p>Il Senato ha approvato in via definitiva la nuova legge elettorale, un pessimo ircocervo che ripugna ad ogni persona di buon senso, compresi quei suoi stessi fautori che senza arrossire lo presentano come esito del diktat di un personaggio interdetto dai pubblici uffici.<\/p>\n<p>Ma quel che pi\u00f9 ci preme mettere in evidenza \u00e8 che ancora una volta a quasi un decimo della reale popolazione italiana (oltre cinque milioni di persone nostre conterranee) continua ad essere negato il primo diritto democratico, il diritto di voto.<br \/>\nAncora una volta purtroppo tanta parte del ceto detentore della parola pubblica e delle pubbliche decisioni, ipnotizzata ed asservita da grotteschi demagoghi, non ha voluto o saputo aprire gli occhi, e i cuori.<br \/>\nAprire gli occhi sulla realt\u00e0 effettuale, ed accorgersi che &#8220;vivono stabilmente in Italia oltre cinque milioni di persone non native, che qui risiedono, qui lavorano, qui pagano le tasse, qui mandano a scuola i loro figli che crescono nella lingua e nella cultura del nostro paese; queste persone rispettano le nostre leggi, contribuiscono intensamente alla nostra economia, contribuiscono in misura determinante a sostenere il nostro sistema pensionistico, contribuiscono in modo decisivo ad impedire il declino demografico del nostro paese; sono insomma milioni di nostri effettivi conterranei che arrecano all&#8217;Italia ingenti benefici ma che tuttora sono privi del diritto di contribuire alle decisioni pubbliche che anche le loro vite riguardano&#8221; (\u00e8 l&#8217;inconfutabile constatazione enunciata nell&#8217;appello &#8220;Una persona, un voto&#8221; promosso da padre Alessandro Zanotelli e dalla partigiana e senatrice emerita Lidia Menapace &#8211; e sottoscritto da migliaia di cittadini tra cui anche quasi duecento parlamentari e tre ministri emeriti &#8211; per il riconoscimento del diritto di voto a tutte le persone residenti in Italia).<\/p>\n<p>Quanto dovremo ancora aspettare perch\u00e9 in Italia il diritto di voto sia riconosciuto a tutti coloro che ci vivono?<br \/>\nQuanto dovremo ancora aspettare perch\u00e9 in Italia cessi questa scandalosa esclusione di una persona su dieci della reale popolazione dal primo diritto democratico, il diritto di voto senza del quale una democrazia non \u00e8 una democrazia?<br \/>\nQuanto dovremo ancora aspettare perch\u00e9 ai decisori politici cadano finalmente le scaglie dagli occhi, si risveglino dal sonno della ragione?<\/p>\n<p>Una persona, un voto: \u00e8 il motto dell&#8217;umanit\u00e0 che si emancipa dalla servit\u00f9.<br \/>\nUna persona, un voto: \u00e8 il criterio della democrazia.<br \/>\nUna persona, un voto: \u00e8 la persuasione che d\u00e0 origine a tutte le lotte per la liberazione dell&#8217;umanit\u00e0. Una persona, un voto: \u00e8 il fondamento della civile convivenza nella condivisa responsabilit\u00e0, nel mutuo soccorso, nel riconoscimento della dignit\u00e0 e dei diritti di ogni essere umano.<br \/>\nUna persona, un voto: \u00e8 il cuore della Resistenza antifascista e della Costituzione repubblicana.<br \/>\nUna persona, un voto.<br \/>\nIl &#8220;Centro di ricerca per la pace e i diritti umani&#8221;<\/p>\n","protected":false},"excerpt":{"rendered":"<p>Il Senato ha approvato in via definitiva la nuova legge elettorale, un pessimo ircocervo che ripugna ad ogni persona di buon senso, compresi quei suoi stessi fautori che senza arrossire lo presentano come esito del diktat di un personaggio interdetto&hellip;<\/p>\n","protected":false},"author":457,"featured_media":546647,"comment_status":"closed","ping_status":"closed","sticky":false,"template":"","format":"standard","meta":{"footnotes":""},"categories":[47,1261,162,55],"tags":[31474,1659,34685],"class_list":["post-546640","post","type-post","status-publish","format-standard","has-post-thumbnail","hentry","category-europa","category-diversita","category-opinioni","category-politica","tag-diritto-di-voto-agli-immigrati","tag-legge-elettorale","tag-una-persona-un-voto"],"yoast_head":"<!-- This site is optimized with the Yoast SEO plugin v27.1.1 - https:\/\/yoast.com\/product\/yoast-seo-wordpress\/ -->\n<title>L&#039;ircocervo e i sonnambuli<\/title>\n<meta name=\"description\" content=\"Il Senato ha approvato in via definitiva la nuova legge elettorale, un pessimo ircocervo che ripugna ad ogni persona di buon senso, compresi quei suoi\" \/>\n<meta name=\"robots\" content=\"index, follow, max-snippet:-1, max-image-preview:large, max-video-preview:-1\" \/>\n<link rel=\"canonical\" href=\"https:\/\/www.pressenza.com\/it\/2017\/10\/lircocervo-e-i-sonnambuli\/\" \/>\n<meta property=\"og:locale\" content=\"it_IT\" \/>\n<meta property=\"og:type\" content=\"article\" \/>\n<meta property=\"og:title\" content=\"L&#039;ircocervo e i sonnambuli\" \/>\n<meta property=\"og:description\" content=\"Il Senato ha approvato in via definitiva la nuova legge elettorale, un pessimo ircocervo che ripugna ad ogni persona di buon senso, compresi quei suoi\" \/>\n<meta property=\"og:url\" content=\"https:\/\/www.pressenza.com\/it\/2017\/10\/lircocervo-e-i-sonnambuli\/\" \/>\n<meta property=\"og:site_name\" content=\"Pressenza\" \/>\n<meta property=\"article:publisher\" content=\"https:\/\/www.facebook.com\/PressenzaItalia\" \/>\n<meta property=\"article:published_time\" content=\"2017-10-27T07:42:51+00:00\" \/>\n<meta property=\"article:modified_time\" content=\"2017-10-27T07:43:31+00:00\" \/>\n<meta property=\"og:image\" content=\"https:\/\/www.pressenza.com\/wp-content\/uploads\/2017\/10\/ircocervo.jpg\" \/>\n\t<meta property=\"og:image:width\" content=\"220\" \/>\n\t<meta property=\"og:image:height\" content=\"343\" \/>\n\t<meta property=\"og:image:type\" content=\"image\/jpeg\" \/>\n<meta name=\"author\" content=\"Peppe Sini\" \/>\n<meta name=\"twitter:card\" content=\"summary_large_image\" \/>\n<meta name=\"twitter:creator\" content=\"@PressenzaIPA\" \/>\n<meta name=\"twitter:site\" content=\"@PressenzaIPA\" \/>\n<meta name=\"twitter:label1\" content=\"Scritto da\" \/>\n\t<meta name=\"twitter:data1\" content=\"Peppe Sini\" \/>\n\t<meta name=\"twitter:label2\" content=\"Tempo di lettura stimato\" \/>\n\t<meta name=\"twitter:data2\" content=\"2 minuti\" \/>\n<script type=\"application\/ld+json\" class=\"yoast-schema-graph\">{\"@context\":\"https:\/\/schema.org\",\"@graph\":[{\"@type\":\"Article\",\"@id\":\"https:\/\/www.pressenza.com\/it\/2017\/10\/lircocervo-e-i-sonnambuli\/#article\",\"isPartOf\":{\"@id\":\"https:\/\/www.pressenza.com\/it\/2017\/10\/lircocervo-e-i-sonnambuli\/\"},\"author\":{\"name\":\"Peppe Sini\",\"@id\":\"https:\/\/www.pressenza.com\/it\/#\/schema\/person\/3836c97be58c0a429fb8ca24bf5062e8\"},\"headline\":\"L&#8217;ircocervo e i sonnambuli\",\"datePublished\":\"2017-10-27T07:42:51+00:00\",\"dateModified\":\"2017-10-27T07:43:31+00:00\",\"mainEntityOfPage\":{\"@id\":\"https:\/\/www.pressenza.com\/it\/2017\/10\/lircocervo-e-i-sonnambuli\/\"},\"wordCount\":453,\"publisher\":{\"@id\":\"https:\/\/www.pressenza.com\/it\/#organization\"},\"image\":{\"@id\":\"https:\/\/www.pressenza.com\/it\/2017\/10\/lircocervo-e-i-sonnambuli\/#primaryimage\"},\"thumbnailUrl\":\"https:\/\/www.pressenza.com\/wp-content\/uploads\/2017\/10\/ircocervo.jpg\",\"keywords\":[\"diritto di voto agli immigrati\",\"legge elettorale\",\"una persona un voto\"],\"articleSection\":[\"Europa\",\"Non discriminazione\",\"Opinioni\",\"Politica\"],\"inLanguage\":\"it-IT\"},{\"@type\":\"WebPage\",\"@id\":\"https:\/\/www.pressenza.com\/it\/2017\/10\/lircocervo-e-i-sonnambuli\/\",\"url\":\"https:\/\/www.pressenza.com\/it\/2017\/10\/lircocervo-e-i-sonnambuli\/\",\"name\":\"L'ircocervo e i sonnambuli\",\"isPartOf\":{\"@id\":\"https:\/\/www.pressenza.com\/it\/#website\"},\"primaryImageOfPage\":{\"@id\":\"https:\/\/www.pressenza.com\/it\/2017\/10\/lircocervo-e-i-sonnambuli\/#primaryimage\"},\"image\":{\"@id\":\"https:\/\/www.pressenza.com\/it\/2017\/10\/lircocervo-e-i-sonnambuli\/#primaryimage\"},\"thumbnailUrl\":\"https:\/\/www.pressenza.com\/wp-content\/uploads\/2017\/10\/ircocervo.jpg\",\"datePublished\":\"2017-10-27T07:42:51+00:00\",\"dateModified\":\"2017-10-27T07:43:31+00:00\",\"description\":\"Il Senato ha approvato in via definitiva la nuova legge elettorale, un pessimo ircocervo che ripugna ad ogni persona di buon senso, compresi quei suoi\",\"breadcrumb\":{\"@id\":\"https:\/\/www.pressenza.com\/it\/2017\/10\/lircocervo-e-i-sonnambuli\/#breadcrumb\"},\"inLanguage\":\"it-IT\",\"potentialAction\":[{\"@type\":\"ReadAction\",\"target\":[\"https:\/\/www.pressenza.com\/it\/2017\/10\/lircocervo-e-i-sonnambuli\/\"]}]},{\"@type\":\"ImageObject\",\"inLanguage\":\"it-IT\",\"@id\":\"https:\/\/www.pressenza.com\/it\/2017\/10\/lircocervo-e-i-sonnambuli\/#primaryimage\",\"url\":\"https:\/\/www.pressenza.com\/wp-content\/uploads\/2017\/10\/ircocervo.jpg\",\"contentUrl\":\"https:\/\/www.pressenza.com\/wp-content\/uploads\/2017\/10\/ircocervo.jpg\",\"width\":220,\"height\":343},{\"@type\":\"BreadcrumbList\",\"@id\":\"https:\/\/www.pressenza.com\/it\/2017\/10\/lircocervo-e-i-sonnambuli\/#breadcrumb\",\"itemListElement\":[{\"@type\":\"ListItem\",\"position\":1,\"name\":\"Accueil\",\"item\":\"https:\/\/www.pressenza.com\/it\/\"},{\"@type\":\"ListItem\",\"position\":2,\"name\":\"L&#8217;ircocervo e i sonnambuli\"}]},{\"@type\":\"WebSite\",\"@id\":\"https:\/\/www.pressenza.com\/it\/#website\",\"url\":\"https:\/\/www.pressenza.com\/it\/\",\"name\":\"Pressenza\",\"description\":\"Agenzia di Stampa Internazionale\",\"publisher\":{\"@id\":\"https:\/\/www.pressenza.com\/it\/#organization\"},\"potentialAction\":[{\"@type\":\"SearchAction\",\"target\":{\"@type\":\"EntryPoint\",\"urlTemplate\":\"https:\/\/www.pressenza.com\/it\/?s={search_term_string}\"},\"query-input\":{\"@type\":\"PropertyValueSpecification\",\"valueRequired\":true,\"valueName\":\"search_term_string\"}}],\"inLanguage\":\"it-IT\"},{\"@type\":\"Organization\",\"@id\":\"https:\/\/www.pressenza.com\/it\/#organization\",\"name\":\"Pressenza\",\"url\":\"https:\/\/www.pressenza.com\/it\/\",\"logo\":{\"@type\":\"ImageObject\",\"inLanguage\":\"it-IT\",\"@id\":\"https:\/\/www.pressenza.com\/it\/#\/schema\/logo\/image\/\",\"url\":\"https:\/\/www.pressenza.com\/wp-content\/uploads\/2022\/10\/pressenza_logo_200x200.jpg\",\"contentUrl\":\"https:\/\/www.pressenza.com\/wp-content\/uploads\/2022\/10\/pressenza_logo_200x200.jpg\",\"width\":200,\"height\":200,\"caption\":\"Pressenza\"},\"image\":{\"@id\":\"https:\/\/www.pressenza.com\/it\/#\/schema\/logo\/image\/\"},\"sameAs\":[\"https:\/\/www.facebook.com\/PressenzaItalia\",\"https:\/\/x.com\/PressenzaIPA\"]},{\"@type\":\"Person\",\"@id\":\"https:\/\/www.pressenza.com\/it\/#\/schema\/person\/3836c97be58c0a429fb8ca24bf5062e8\",\"name\":\"Peppe Sini\",\"description\":\"Responsabile del Centro di Ricerca per la Pace di Viterbo.\",\"url\":\"https:\/\/www.pressenza.com\/it\/author\/peppe-sini\/\"}]}<\/script>\n<!-- \/ Yoast SEO plugin. -->","yoast_head_json":{"title":"L'ircocervo e i sonnambuli","description":"Il Senato ha approvato in via definitiva la nuova legge elettorale, un pessimo ircocervo che ripugna ad ogni persona di buon senso, compresi quei suoi","robots":{"index":"index","follow":"follow","max-snippet":"max-snippet:-1","max-image-preview":"max-image-preview:large","max-video-preview":"max-video-preview:-1"},"canonical":"https:\/\/www.pressenza.com\/it\/2017\/10\/lircocervo-e-i-sonnambuli\/","og_locale":"it_IT","og_type":"article","og_title":"L'ircocervo e i sonnambuli","og_description":"Il Senato ha approvato in via definitiva la nuova legge elettorale, un pessimo ircocervo che ripugna ad ogni persona di buon senso, compresi quei suoi","og_url":"https:\/\/www.pressenza.com\/it\/2017\/10\/lircocervo-e-i-sonnambuli\/","og_site_name":"Pressenza","article_publisher":"https:\/\/www.facebook.com\/PressenzaItalia","article_published_time":"2017-10-27T07:42:51+00:00","article_modified_time":"2017-10-27T07:43:31+00:00","og_image":[{"width":220,"height":343,"url":"https:\/\/www.pressenza.com\/wp-content\/uploads\/2017\/10\/ircocervo.jpg","type":"image\/jpeg"}],"author":"Peppe Sini","twitter_card":"summary_large_image","twitter_creator":"@PressenzaIPA","twitter_site":"@PressenzaIPA","twitter_misc":{"Scritto da":"Peppe Sini","Tempo di lettura stimato":"2 minuti"},"schema":{"@context":"https:\/\/schema.org","@graph":[{"@type":"Article","@id":"https:\/\/www.pressenza.com\/it\/2017\/10\/lircocervo-e-i-sonnambuli\/#article","isPartOf":{"@id":"https:\/\/www.pressenza.com\/it\/2017\/10\/lircocervo-e-i-sonnambuli\/"},"author":{"name":"Peppe Sini","@id":"https:\/\/www.pressenza.com\/it\/#\/schema\/person\/3836c97be58c0a429fb8ca24bf5062e8"},"headline":"L&#8217;ircocervo e i sonnambuli","datePublished":"2017-10-27T07:42:51+00:00","dateModified":"2017-10-27T07:43:31+00:00","mainEntityOfPage":{"@id":"https:\/\/www.pressenza.com\/it\/2017\/10\/lircocervo-e-i-sonnambuli\/"},"wordCount":453,"publisher":{"@id":"https:\/\/www.pressenza.com\/it\/#organization"},"image":{"@id":"https:\/\/www.pressenza.com\/it\/2017\/10\/lircocervo-e-i-sonnambuli\/#primaryimage"},"thumbnailUrl":"https:\/\/www.pressenza.com\/wp-content\/uploads\/2017\/10\/ircocervo.jpg","keywords":["diritto di voto agli immigrati","legge elettorale","una persona un voto"],"articleSection":["Europa","Non discriminazione","Opinioni","Politica"],"inLanguage":"it-IT"},{"@type":"WebPage","@id":"https:\/\/www.pressenza.com\/it\/2017\/10\/lircocervo-e-i-sonnambuli\/","url":"https:\/\/www.pressenza.com\/it\/2017\/10\/lircocervo-e-i-sonnambuli\/","name":"L'ircocervo e i sonnambuli","isPartOf":{"@id":"https:\/\/www.pressenza.com\/it\/#website"},"primaryImageOfPage":{"@id":"https:\/\/www.pressenza.com\/it\/2017\/10\/lircocervo-e-i-sonnambuli\/#primaryimage"},"image":{"@id":"https:\/\/www.pressenza.com\/it\/2017\/10\/lircocervo-e-i-sonnambuli\/#primaryimage"},"thumbnailUrl":"https:\/\/www.pressenza.com\/wp-content\/uploads\/2017\/10\/ircocervo.jpg","datePublished":"2017-10-27T07:42:51+00:00","dateModified":"2017-10-27T07:43:31+00:00","description":"Il Senato ha approvato in via definitiva la nuova legge elettorale, un pessimo ircocervo che ripugna ad ogni persona di buon senso, compresi quei suoi","breadcrumb":{"@id":"https:\/\/www.pressenza.com\/it\/2017\/10\/lircocervo-e-i-sonnambuli\/#breadcrumb"},"inLanguage":"it-IT","potentialAction":[{"@type":"ReadAction","target":["https:\/\/www.pressenza.com\/it\/2017\/10\/lircocervo-e-i-sonnambuli\/"]}]},{"@type":"ImageObject","inLanguage":"it-IT","@id":"https:\/\/www.pressenza.com\/it\/2017\/10\/lircocervo-e-i-sonnambuli\/#primaryimage","url":"https:\/\/www.pressenza.com\/wp-content\/uploads\/2017\/10\/ircocervo.jpg","contentUrl":"https:\/\/www.pressenza.com\/wp-content\/uploads\/2017\/10\/ircocervo.jpg","width":220,"height":343},{"@type":"BreadcrumbList","@id":"https:\/\/www.pressenza.com\/it\/2017\/10\/lircocervo-e-i-sonnambuli\/#breadcrumb","itemListElement":[{"@type":"ListItem","position":1,"name":"Accueil","item":"https:\/\/www.pressenza.com\/it\/"},{"@type":"ListItem","position":2,"name":"L&#8217;ircocervo e i sonnambuli"}]},{"@type":"WebSite","@id":"https:\/\/www.pressenza.com\/it\/#website","url":"https:\/\/www.pressenza.com\/it\/","name":"Pressenza","description":"Agenzia di Stampa Internazionale","publisher":{"@id":"https:\/\/www.pressenza.com\/it\/#organization"},"potentialAction":[{"@type":"SearchAction","target":{"@type":"EntryPoint","urlTemplate":"https:\/\/www.pressenza.com\/it\/?s={search_term_string}"},"query-input":{"@type":"PropertyValueSpecification","valueRequired":true,"valueName":"search_term_string"}}],"inLanguage":"it-IT"},{"@type":"Organization","@id":"https:\/\/www.pressenza.com\/it\/#organization","name":"Pressenza","url":"https:\/\/www.pressenza.com\/it\/","logo":{"@type":"ImageObject","inLanguage":"it-IT","@id":"https:\/\/www.pressenza.com\/it\/#\/schema\/logo\/image\/","url":"https:\/\/www.pressenza.com\/wp-content\/uploads\/2022\/10\/pressenza_logo_200x200.jpg","contentUrl":"https:\/\/www.pressenza.com\/wp-content\/uploads\/2022\/10\/pressenza_logo_200x200.jpg","width":200,"height":200,"caption":"Pressenza"},"image":{"@id":"https:\/\/www.pressenza.com\/it\/#\/schema\/logo\/image\/"},"sameAs":["https:\/\/www.facebook.com\/PressenzaItalia","https:\/\/x.com\/PressenzaIPA"]},{"@type":"Person","@id":"https:\/\/www.pressenza.com\/it\/#\/schema\/person\/3836c97be58c0a429fb8ca24bf5062e8","name":"Peppe Sini","description":"Responsabile del Centro di Ricerca per la Pace di Viterbo.","url":"https:\/\/www.pressenza.com\/it\/author\/peppe-sini\/"}]}},"place":"Viterbo","original_article_url":"","_links":{"self":[{"href":"https:\/\/www.pressenza.com\/it\/wp-json\/wp\/v2\/posts\/546640","targetHints":{"allow":["GET"]}}],"collection":[{"href":"https:\/\/www.pressenza.com\/it\/wp-json\/wp\/v2\/posts"}],"about":[{"href":"https:\/\/www.pressenza.com\/it\/wp-json\/wp\/v2\/types\/post"}],"author":[{"embeddable":true,"href":"https:\/\/www.pressenza.com\/it\/wp-json\/wp\/v2\/users\/457"}],"replies":[{"embeddable":true,"href":"https:\/\/www.pressenza.com\/it\/wp-json\/wp\/v2\/comments?post=546640"}],"version-history":[{"count":0,"href":"https:\/\/www.pressenza.com\/it\/wp-json\/wp\/v2\/posts\/546640\/revisions"}],"wp:featuredmedia":[{"embeddable":true,"href":"https:\/\/www.pressenza.com\/it\/wp-json\/wp\/v2\/media\/546647"}],"wp:attachment":[{"href":"https:\/\/www.pressenza.com\/it\/wp-json\/wp\/v2\/media?parent=546640"}],"wp:term":[{"taxonomy":"category","embeddable":true,"href":"https:\/\/www.pressenza.com\/it\/wp-json\/wp\/v2\/categories?post=546640"},{"taxonomy":"post_tag","embeddable":true,"href":"https:\/\/www.pressenza.com\/it\/wp-json\/wp\/v2\/tags?post=546640"}],"curies":[{"name":"wp","href":"https:\/\/api.w.org\/{rel}","templated":true}]}}