{"id":544909,"date":"2017-10-25T07:14:34","date_gmt":"2017-10-25T06:14:34","guid":{"rendered":"https:\/\/www.pressenza.com\/?p=544909\/"},"modified":"2017-10-25T07:14:34","modified_gmt":"2017-10-25T06:14:34","slug":"21-mesi-senza-giulio-21-mesi-senza-la-verita-quanto-interessa-al-governo","status":"publish","type":"post","link":"https:\/\/www.pressenza.com\/it\/2017\/10\/21-mesi-senza-giulio-21-mesi-senza-la-verita-quanto-interessa-al-governo\/","title":{"rendered":"21 mesi senza Giulio, 21 mesi senza la verit\u00e0. Quanto interessa al governo?"},"content":{"rendered":"<p>Il 25 gennaio 2016 il nome di Giulio Regeni si aggiungeva a quelli dei tanti egiziani e delle tante egiziane vittime di sparizione forzata dall\u2019ascesa al potere, nel luglio 2013, di Abdelfattah al-Sisi. Pochi giorni dopo, il 3 febbraio, il nome del nostro ricercatore si aggiungeva a quelli dei tanti egiziani e delle tante egiziane assassinati con la tortura.<\/p>\n<p>Sono trascorsi 21 mesi da quel 25 gennaio e ancora le autorit\u00e0 egiziane si ostinano a non rivelare i nomi di chi ha ordinato, di chi ha eseguito, di chi ha coperto e ancora copre il sequestro, la tortura e l\u2019omicidio di Giulio.<\/p>\n<p>Un\u2019ostinazione sempre meno faticosa, in realt\u00e0. Non certo per colpa dei genitori di Giulio, della loro avvocata, della campagna \u201cVerit\u00e0 per Giulio Regeni\u201d e dei coraggiosissimi difensori dei diritti umani egiziani che se la passano sempre peggio.<\/p>\n<p>Se le autorit\u00e0 egiziane hanno vita sempre pi\u00f9 facile, la responsabilit\u00e0 ricade sul governo italiano.<\/p>\n<p>Il 14 ottobre, due mesi dopo la decisione di far tornare l\u2019ambasciatore al Cairo e un mese dopo il suo reinsediamento, Amnesty International Italia ha chiesto al primo ministro Gentiloni e al ministro degli Esteri Alfano di sapere quali dei tanto pubblicizzati \u201cpassi avanti\u201d verso la verit\u00e0 fossero stati da allora sollecitati e raggiunti.<\/p>\n<p>A quella lettera non \u00e8 ancora pervenuta una replica. Nessuno stupore: cosa avrebbero dovuto rispondere dopo un mese in cui l\u2019ambasciatore italiano al Cairo si \u00e8 speso soprattutto per promuovere il ritorno in massa del turismo in Egitto e per favorire la prima visita istituzionale di alto livello nel paese, quella del sottosegretario agli Esteri Amendola?<\/p>\n<p>Naturalmente, non \u00e8 mancato neanche in questo caso un riferimento a Giulio. Ci si fa bella figura e si d\u00e0 l\u2019idea di perseverare nella ricerca della verit\u00e0.<\/p>\n<p>Il comunicato stampa della Farnesina, datato 23 ottobre, menziona \u201cl\u2019auspicio dell\u2019Italia che il ristabilimento delle relazioni diplomatiche a livello di Ambasciatori del settembre scorso vada di pari passo con l\u2019aspettativa, fortemente sentita e condivisa unanimemente dall\u2019opinione pubblica e dalle istituzioni italiane, di sviluppi positivi nella collaborazione giudiziaria sulla barbara uccisione di Giulio Regeni\u201d.<\/p>\n<p>Rileggetelo. Si auspicano, si aspettano \u201csviluppi positivi\u201d.<\/p>\n<p>Questo \u00e8 invece il comunicato stampa con cui il 14 agosto il ministro degli Esteri Alfano aveva annunciato il ritorno dell\u2019ambasciatore al Cairo:<\/p>\n<p>&#8220;Alla luce degli sviluppi registrati nel settore della cooperazione tra gli organi inquirenti di Italia ed Egitto sull&#8217;omicidio di Giulio Regeni, di cui fa stato il comunicato congiunto emesso oggi dalla Procura della Repubblica di Roma e dalla Procura Generale de Il Cairo, il Governo italiano ha deciso di inviare l&#8217;Ambasciatore Giampaolo Cantini nella capitale egiziana\u2026\u201d<\/p>\n<p>Rileggetelo. Due mesi fa gli sviluppi erano acclarati, certi. Ora sono \u201causpicati\u201d, \u201cattesi\u201d. Passi indietro, dunque, altro che \u201cpassi avanti\u201d!<\/p>\n<p>Il governo italiano vuole davvero cercare la verit\u00e0 per Giulio Regeni?<\/p>\n<p>Dubitare \u00e8 lecito. Forse anche doveroso.<\/p>\n","protected":false},"excerpt":{"rendered":"<p>Il 25 gennaio 2016 il nome di Giulio Regeni si aggiungeva a quelli dei tanti egiziani e delle tante egiziane vittime di sparizione forzata dall\u2019ascesa al potere, nel luglio 2013, di Abdelfattah al-Sisi. Pochi giorni dopo, il 3 febbraio, il&hellip;<\/p>\n","protected":false},"author":1334,"featured_media":297583,"comment_status":"closed","ping_status":"closed","sticky":false,"template":"","format":"standard","meta":{"footnotes":""},"categories":[45,11388,60,47,162],"tags":[6381,2827,23843,11134],"class_list":["post-544909","post","type-post","status-publish","format-standard","has-post-thumbnail","hentry","category-africa-it","category-contenuti-originali","category-diritti-umani","category-europa","category-opinioni","tag-al-sisi","tag-egitto","tag-giulio-regeni","tag-governo-italiano"],"yoast_head":"<!-- This site is optimized with the Yoast SEO plugin v27.1.1 - https:\/\/yoast.com\/product\/yoast-seo-wordpress\/ -->\n<title>21 mesi senza Giulio, 21 mesi senza la verit\u00e0. Quanto interessa al governo?<\/title>\n<meta name=\"description\" content=\"Il 25 gennaio 2016 il nome di Giulio Regeni si aggiungeva a quelli dei tanti egiziani e delle tante egiziane vittime di sparizione forzata dall\u2019ascesa al\" \/>\n<meta name=\"robots\" content=\"index, follow, max-snippet:-1, max-image-preview:large, max-video-preview:-1\" \/>\n<link rel=\"canonical\" href=\"https:\/\/www.pressenza.com\/it\/2017\/10\/21-mesi-senza-giulio-21-mesi-senza-la-verita-quanto-interessa-al-governo\/\" \/>\n<meta property=\"og:locale\" content=\"it_IT\" \/>\n<meta property=\"og:type\" content=\"article\" \/>\n<meta property=\"og:title\" content=\"21 mesi senza Giulio, 21 mesi senza la verit\u00e0. Quanto interessa al governo?\" \/>\n<meta property=\"og:description\" content=\"Il 25 gennaio 2016 il nome di Giulio Regeni si aggiungeva a quelli dei tanti egiziani e delle tante egiziane vittime di sparizione forzata dall\u2019ascesa al\" \/>\n<meta property=\"og:url\" content=\"https:\/\/www.pressenza.com\/it\/2017\/10\/21-mesi-senza-giulio-21-mesi-senza-la-verita-quanto-interessa-al-governo\/\" \/>\n<meta property=\"og:site_name\" content=\"Pressenza\" \/>\n<meta property=\"article:publisher\" content=\"https:\/\/www.facebook.com\/PressenzaItalia\" \/>\n<meta property=\"article:author\" content=\"https:\/\/www.facebook.com\/p\/Riccardo-Noury-100041166531808\/\" \/>\n<meta property=\"article:published_time\" content=\"2017-10-25T06:14:34+00:00\" \/>\n<meta property=\"og:image\" content=\"https:\/\/www.pressenza.com\/wp-content\/uploads\/2016\/04\/Verit\u00e0-x-Giulio-Regeni-Palazzo-Marino1.jpg\" \/>\n\t<meta property=\"og:image:width\" content=\"1200\" \/>\n\t<meta property=\"og:image:height\" content=\"798\" \/>\n\t<meta property=\"og:image:type\" content=\"image\/jpeg\" \/>\n<meta name=\"author\" content=\"Riccardo Noury\" \/>\n<meta name=\"twitter:card\" content=\"summary_large_image\" \/>\n<meta name=\"twitter:creator\" content=\"@riccardonoury\" \/>\n<meta name=\"twitter:site\" content=\"@PressenzaIPA\" \/>\n<meta name=\"twitter:label1\" content=\"Scritto da\" \/>\n\t<meta name=\"twitter:data1\" content=\"Riccardo Noury\" \/>\n\t<meta name=\"twitter:label2\" content=\"Tempo di lettura stimato\" \/>\n\t<meta name=\"twitter:data2\" content=\"2 minuti\" \/>\n<script type=\"application\/ld+json\" class=\"yoast-schema-graph\">{\"@context\":\"https:\/\/schema.org\",\"@graph\":[{\"@type\":\"Article\",\"@id\":\"https:\/\/www.pressenza.com\/it\/2017\/10\/21-mesi-senza-giulio-21-mesi-senza-la-verita-quanto-interessa-al-governo\/#article\",\"isPartOf\":{\"@id\":\"https:\/\/www.pressenza.com\/it\/2017\/10\/21-mesi-senza-giulio-21-mesi-senza-la-verita-quanto-interessa-al-governo\/\"},\"author\":{\"name\":\"Riccardo Noury\",\"@id\":\"https:\/\/www.pressenza.com\/it\/#\/schema\/person\/8f342cd59f9d5aae911255240684f81e\"},\"headline\":\"21 mesi senza Giulio, 21 mesi senza la verit\u00e0. Quanto interessa al governo?\",\"datePublished\":\"2017-10-25T06:14:34+00:00\",\"mainEntityOfPage\":{\"@id\":\"https:\/\/www.pressenza.com\/it\/2017\/10\/21-mesi-senza-giulio-21-mesi-senza-la-verita-quanto-interessa-al-governo\/\"},\"wordCount\":477,\"publisher\":{\"@id\":\"https:\/\/www.pressenza.com\/it\/#organization\"},\"image\":{\"@id\":\"https:\/\/www.pressenza.com\/it\/2017\/10\/21-mesi-senza-giulio-21-mesi-senza-la-verita-quanto-interessa-al-governo\/#primaryimage\"},\"thumbnailUrl\":\"https:\/\/www.pressenza.com\/wp-content\/uploads\/2016\/04\/Verit\u00e0-x-Giulio-Regeni-Palazzo-Marino1.jpg\",\"keywords\":[\"Al-Sisi\",\"Egitto\",\"Giulio Regeni\",\"governo italiano\"],\"articleSection\":[\"Africa\",\"contenuti originali\",\"Diritti Umani\",\"Europa\",\"Opinioni\"],\"inLanguage\":\"it-IT\"},{\"@type\":\"WebPage\",\"@id\":\"https:\/\/www.pressenza.com\/it\/2017\/10\/21-mesi-senza-giulio-21-mesi-senza-la-verita-quanto-interessa-al-governo\/\",\"url\":\"https:\/\/www.pressenza.com\/it\/2017\/10\/21-mesi-senza-giulio-21-mesi-senza-la-verita-quanto-interessa-al-governo\/\",\"name\":\"21 mesi senza Giulio, 21 mesi senza la verit\u00e0. Quanto interessa al governo?\",\"isPartOf\":{\"@id\":\"https:\/\/www.pressenza.com\/it\/#website\"},\"primaryImageOfPage\":{\"@id\":\"https:\/\/www.pressenza.com\/it\/2017\/10\/21-mesi-senza-giulio-21-mesi-senza-la-verita-quanto-interessa-al-governo\/#primaryimage\"},\"image\":{\"@id\":\"https:\/\/www.pressenza.com\/it\/2017\/10\/21-mesi-senza-giulio-21-mesi-senza-la-verita-quanto-interessa-al-governo\/#primaryimage\"},\"thumbnailUrl\":\"https:\/\/www.pressenza.com\/wp-content\/uploads\/2016\/04\/Verit\u00e0-x-Giulio-Regeni-Palazzo-Marino1.jpg\",\"datePublished\":\"2017-10-25T06:14:34+00:00\",\"description\":\"Il 25 gennaio 2016 il nome di Giulio Regeni si aggiungeva a quelli dei tanti egiziani e delle tante egiziane vittime di sparizione forzata dall\u2019ascesa al\",\"breadcrumb\":{\"@id\":\"https:\/\/www.pressenza.com\/it\/2017\/10\/21-mesi-senza-giulio-21-mesi-senza-la-verita-quanto-interessa-al-governo\/#breadcrumb\"},\"inLanguage\":\"it-IT\",\"potentialAction\":[{\"@type\":\"ReadAction\",\"target\":[\"https:\/\/www.pressenza.com\/it\/2017\/10\/21-mesi-senza-giulio-21-mesi-senza-la-verita-quanto-interessa-al-governo\/\"]}]},{\"@type\":\"ImageObject\",\"inLanguage\":\"it-IT\",\"@id\":\"https:\/\/www.pressenza.com\/it\/2017\/10\/21-mesi-senza-giulio-21-mesi-senza-la-verita-quanto-interessa-al-governo\/#primaryimage\",\"url\":\"https:\/\/www.pressenza.com\/wp-content\/uploads\/2016\/04\/Verit\u00e0-x-Giulio-Regeni-Palazzo-Marino1.jpg\",\"contentUrl\":\"https:\/\/www.pressenza.com\/wp-content\/uploads\/2016\/04\/Verit\u00e0-x-Giulio-Regeni-Palazzo-Marino1.jpg\",\"width\":1200,\"height\":798,\"caption\":\"Giulio Regeni, non \u00e8 una \u201cstoria vecchia\u201d\"},{\"@type\":\"BreadcrumbList\",\"@id\":\"https:\/\/www.pressenza.com\/it\/2017\/10\/21-mesi-senza-giulio-21-mesi-senza-la-verita-quanto-interessa-al-governo\/#breadcrumb\",\"itemListElement\":[{\"@type\":\"ListItem\",\"position\":1,\"name\":\"Accueil\",\"item\":\"https:\/\/www.pressenza.com\/it\/\"},{\"@type\":\"ListItem\",\"position\":2,\"name\":\"21 mesi senza Giulio, 21 mesi senza la verit\u00e0. Quanto interessa al governo?\"}]},{\"@type\":\"WebSite\",\"@id\":\"https:\/\/www.pressenza.com\/it\/#website\",\"url\":\"https:\/\/www.pressenza.com\/it\/\",\"name\":\"Pressenza\",\"description\":\"Agenzia di Stampa Internazionale\",\"publisher\":{\"@id\":\"https:\/\/www.pressenza.com\/it\/#organization\"},\"potentialAction\":[{\"@type\":\"SearchAction\",\"target\":{\"@type\":\"EntryPoint\",\"urlTemplate\":\"https:\/\/www.pressenza.com\/it\/?s={search_term_string}\"},\"query-input\":{\"@type\":\"PropertyValueSpecification\",\"valueRequired\":true,\"valueName\":\"search_term_string\"}}],\"inLanguage\":\"it-IT\"},{\"@type\":\"Organization\",\"@id\":\"https:\/\/www.pressenza.com\/it\/#organization\",\"name\":\"Pressenza\",\"url\":\"https:\/\/www.pressenza.com\/it\/\",\"logo\":{\"@type\":\"ImageObject\",\"inLanguage\":\"it-IT\",\"@id\":\"https:\/\/www.pressenza.com\/it\/#\/schema\/logo\/image\/\",\"url\":\"https:\/\/www.pressenza.com\/wp-content\/uploads\/2022\/10\/pressenza_logo_200x200.jpg\",\"contentUrl\":\"https:\/\/www.pressenza.com\/wp-content\/uploads\/2022\/10\/pressenza_logo_200x200.jpg\",\"width\":200,\"height\":200,\"caption\":\"Pressenza\"},\"image\":{\"@id\":\"https:\/\/www.pressenza.com\/it\/#\/schema\/logo\/image\/\"},\"sameAs\":[\"https:\/\/www.facebook.com\/PressenzaItalia\",\"https:\/\/x.com\/PressenzaIPA\"]},{\"@type\":\"Person\",\"@id\":\"https:\/\/www.pressenza.com\/it\/#\/schema\/person\/8f342cd59f9d5aae911255240684f81e\",\"name\":\"Riccardo Noury\",\"sameAs\":[\"http:\/\/www.amnesty.it\/\",\"https:\/\/www.facebook.com\/p\/Riccardo-Noury-100041166531808\/\",\"https:\/\/www.instagram.com\/riccardonoury9241\",\"https:\/\/x.com\/riccardonoury\"],\"url\":\"https:\/\/www.pressenza.com\/it\/author\/riccardo-noury\/\"}]}<\/script>\n<!-- \/ Yoast SEO plugin. -->","yoast_head_json":{"title":"21 mesi senza Giulio, 21 mesi senza la verit\u00e0. Quanto interessa al governo?","description":"Il 25 gennaio 2016 il nome di Giulio Regeni si aggiungeva a quelli dei tanti egiziani e delle tante egiziane vittime di sparizione forzata dall\u2019ascesa al","robots":{"index":"index","follow":"follow","max-snippet":"max-snippet:-1","max-image-preview":"max-image-preview:large","max-video-preview":"max-video-preview:-1"},"canonical":"https:\/\/www.pressenza.com\/it\/2017\/10\/21-mesi-senza-giulio-21-mesi-senza-la-verita-quanto-interessa-al-governo\/","og_locale":"it_IT","og_type":"article","og_title":"21 mesi senza Giulio, 21 mesi senza la verit\u00e0. Quanto interessa al governo?","og_description":"Il 25 gennaio 2016 il nome di Giulio Regeni si aggiungeva a quelli dei tanti egiziani e delle tante egiziane vittime di sparizione forzata dall\u2019ascesa al","og_url":"https:\/\/www.pressenza.com\/it\/2017\/10\/21-mesi-senza-giulio-21-mesi-senza-la-verita-quanto-interessa-al-governo\/","og_site_name":"Pressenza","article_publisher":"https:\/\/www.facebook.com\/PressenzaItalia","article_author":"https:\/\/www.facebook.com\/p\/Riccardo-Noury-100041166531808\/","article_published_time":"2017-10-25T06:14:34+00:00","og_image":[{"width":1200,"height":798,"url":"https:\/\/www.pressenza.com\/wp-content\/uploads\/2016\/04\/Verit\u00e0-x-Giulio-Regeni-Palazzo-Marino1.jpg","type":"image\/jpeg"}],"author":"Riccardo Noury","twitter_card":"summary_large_image","twitter_creator":"@riccardonoury","twitter_site":"@PressenzaIPA","twitter_misc":{"Scritto da":"Riccardo Noury","Tempo di lettura stimato":"2 minuti"},"schema":{"@context":"https:\/\/schema.org","@graph":[{"@type":"Article","@id":"https:\/\/www.pressenza.com\/it\/2017\/10\/21-mesi-senza-giulio-21-mesi-senza-la-verita-quanto-interessa-al-governo\/#article","isPartOf":{"@id":"https:\/\/www.pressenza.com\/it\/2017\/10\/21-mesi-senza-giulio-21-mesi-senza-la-verita-quanto-interessa-al-governo\/"},"author":{"name":"Riccardo Noury","@id":"https:\/\/www.pressenza.com\/it\/#\/schema\/person\/8f342cd59f9d5aae911255240684f81e"},"headline":"21 mesi senza Giulio, 21 mesi senza la verit\u00e0. Quanto interessa al governo?","datePublished":"2017-10-25T06:14:34+00:00","mainEntityOfPage":{"@id":"https:\/\/www.pressenza.com\/it\/2017\/10\/21-mesi-senza-giulio-21-mesi-senza-la-verita-quanto-interessa-al-governo\/"},"wordCount":477,"publisher":{"@id":"https:\/\/www.pressenza.com\/it\/#organization"},"image":{"@id":"https:\/\/www.pressenza.com\/it\/2017\/10\/21-mesi-senza-giulio-21-mesi-senza-la-verita-quanto-interessa-al-governo\/#primaryimage"},"thumbnailUrl":"https:\/\/www.pressenza.com\/wp-content\/uploads\/2016\/04\/Verit\u00e0-x-Giulio-Regeni-Palazzo-Marino1.jpg","keywords":["Al-Sisi","Egitto","Giulio Regeni","governo italiano"],"articleSection":["Africa","contenuti originali","Diritti Umani","Europa","Opinioni"],"inLanguage":"it-IT"},{"@type":"WebPage","@id":"https:\/\/www.pressenza.com\/it\/2017\/10\/21-mesi-senza-giulio-21-mesi-senza-la-verita-quanto-interessa-al-governo\/","url":"https:\/\/www.pressenza.com\/it\/2017\/10\/21-mesi-senza-giulio-21-mesi-senza-la-verita-quanto-interessa-al-governo\/","name":"21 mesi senza Giulio, 21 mesi senza la verit\u00e0. Quanto interessa al governo?","isPartOf":{"@id":"https:\/\/www.pressenza.com\/it\/#website"},"primaryImageOfPage":{"@id":"https:\/\/www.pressenza.com\/it\/2017\/10\/21-mesi-senza-giulio-21-mesi-senza-la-verita-quanto-interessa-al-governo\/#primaryimage"},"image":{"@id":"https:\/\/www.pressenza.com\/it\/2017\/10\/21-mesi-senza-giulio-21-mesi-senza-la-verita-quanto-interessa-al-governo\/#primaryimage"},"thumbnailUrl":"https:\/\/www.pressenza.com\/wp-content\/uploads\/2016\/04\/Verit\u00e0-x-Giulio-Regeni-Palazzo-Marino1.jpg","datePublished":"2017-10-25T06:14:34+00:00","description":"Il 25 gennaio 2016 il nome di Giulio Regeni si aggiungeva a quelli dei tanti egiziani e delle tante egiziane vittime di sparizione forzata dall\u2019ascesa al","breadcrumb":{"@id":"https:\/\/www.pressenza.com\/it\/2017\/10\/21-mesi-senza-giulio-21-mesi-senza-la-verita-quanto-interessa-al-governo\/#breadcrumb"},"inLanguage":"it-IT","potentialAction":[{"@type":"ReadAction","target":["https:\/\/www.pressenza.com\/it\/2017\/10\/21-mesi-senza-giulio-21-mesi-senza-la-verita-quanto-interessa-al-governo\/"]}]},{"@type":"ImageObject","inLanguage":"it-IT","@id":"https:\/\/www.pressenza.com\/it\/2017\/10\/21-mesi-senza-giulio-21-mesi-senza-la-verita-quanto-interessa-al-governo\/#primaryimage","url":"https:\/\/www.pressenza.com\/wp-content\/uploads\/2016\/04\/Verit\u00e0-x-Giulio-Regeni-Palazzo-Marino1.jpg","contentUrl":"https:\/\/www.pressenza.com\/wp-content\/uploads\/2016\/04\/Verit\u00e0-x-Giulio-Regeni-Palazzo-Marino1.jpg","width":1200,"height":798,"caption":"Giulio Regeni, non \u00e8 una \u201cstoria vecchia\u201d"},{"@type":"BreadcrumbList","@id":"https:\/\/www.pressenza.com\/it\/2017\/10\/21-mesi-senza-giulio-21-mesi-senza-la-verita-quanto-interessa-al-governo\/#breadcrumb","itemListElement":[{"@type":"ListItem","position":1,"name":"Accueil","item":"https:\/\/www.pressenza.com\/it\/"},{"@type":"ListItem","position":2,"name":"21 mesi senza Giulio, 21 mesi senza la verit\u00e0. Quanto interessa al governo?"}]},{"@type":"WebSite","@id":"https:\/\/www.pressenza.com\/it\/#website","url":"https:\/\/www.pressenza.com\/it\/","name":"Pressenza","description":"Agenzia di Stampa Internazionale","publisher":{"@id":"https:\/\/www.pressenza.com\/it\/#organization"},"potentialAction":[{"@type":"SearchAction","target":{"@type":"EntryPoint","urlTemplate":"https:\/\/www.pressenza.com\/it\/?s={search_term_string}"},"query-input":{"@type":"PropertyValueSpecification","valueRequired":true,"valueName":"search_term_string"}}],"inLanguage":"it-IT"},{"@type":"Organization","@id":"https:\/\/www.pressenza.com\/it\/#organization","name":"Pressenza","url":"https:\/\/www.pressenza.com\/it\/","logo":{"@type":"ImageObject","inLanguage":"it-IT","@id":"https:\/\/www.pressenza.com\/it\/#\/schema\/logo\/image\/","url":"https:\/\/www.pressenza.com\/wp-content\/uploads\/2022\/10\/pressenza_logo_200x200.jpg","contentUrl":"https:\/\/www.pressenza.com\/wp-content\/uploads\/2022\/10\/pressenza_logo_200x200.jpg","width":200,"height":200,"caption":"Pressenza"},"image":{"@id":"https:\/\/www.pressenza.com\/it\/#\/schema\/logo\/image\/"},"sameAs":["https:\/\/www.facebook.com\/PressenzaItalia","https:\/\/x.com\/PressenzaIPA"]},{"@type":"Person","@id":"https:\/\/www.pressenza.com\/it\/#\/schema\/person\/8f342cd59f9d5aae911255240684f81e","name":"Riccardo Noury","sameAs":["http:\/\/www.amnesty.it\/","https:\/\/www.facebook.com\/p\/Riccardo-Noury-100041166531808\/","https:\/\/www.instagram.com\/riccardonoury9241","https:\/\/x.com\/riccardonoury"],"url":"https:\/\/www.pressenza.com\/it\/author\/riccardo-noury\/"}]}},"place":"","original_article_url":"","_links":{"self":[{"href":"https:\/\/www.pressenza.com\/it\/wp-json\/wp\/v2\/posts\/544909","targetHints":{"allow":["GET"]}}],"collection":[{"href":"https:\/\/www.pressenza.com\/it\/wp-json\/wp\/v2\/posts"}],"about":[{"href":"https:\/\/www.pressenza.com\/it\/wp-json\/wp\/v2\/types\/post"}],"author":[{"embeddable":true,"href":"https:\/\/www.pressenza.com\/it\/wp-json\/wp\/v2\/users\/1334"}],"replies":[{"embeddable":true,"href":"https:\/\/www.pressenza.com\/it\/wp-json\/wp\/v2\/comments?post=544909"}],"version-history":[{"count":0,"href":"https:\/\/www.pressenza.com\/it\/wp-json\/wp\/v2\/posts\/544909\/revisions"}],"wp:featuredmedia":[{"embeddable":true,"href":"https:\/\/www.pressenza.com\/it\/wp-json\/wp\/v2\/media\/297583"}],"wp:attachment":[{"href":"https:\/\/www.pressenza.com\/it\/wp-json\/wp\/v2\/media?parent=544909"}],"wp:term":[{"taxonomy":"category","embeddable":true,"href":"https:\/\/www.pressenza.com\/it\/wp-json\/wp\/v2\/categories?post=544909"},{"taxonomy":"post_tag","embeddable":true,"href":"https:\/\/www.pressenza.com\/it\/wp-json\/wp\/v2\/tags?post=544909"}],"curies":[{"name":"wp","href":"https:\/\/api.w.org\/{rel}","templated":true}]}}