{"id":541734,"date":"2017-10-18T23:28:58","date_gmt":"2017-10-18T22:28:58","guid":{"rendered":"https:\/\/www.pressenza.com\/?p=541734\/"},"modified":"2017-10-18T23:28:58","modified_gmt":"2017-10-18T22:28:58","slug":"presentato-roma-lumanita-al-bivio-ultimo-libro-guillermo-sullings","status":"publish","type":"post","link":"https:\/\/www.pressenza.com\/it\/2017\/10\/presentato-roma-lumanita-al-bivio-ultimo-libro-guillermo-sullings\/","title":{"rendered":"Presentato a Roma &#8220;L&#8217;umanit\u00e0 al bivio&#8221; ultimo libro di Guillermo Sullings"},"content":{"rendered":"<p>Mercoled\u00ec 18 Ottobre, a Roma, presso la sede dell&#8217;associazione Energia per i Diritti Umani, \u00e8 stato presentato l&#8217;ultima opera dello studioso umanista Guillermo Sullings dal titolo &#8220;L&#8217;Umanit\u00e0 al Bivio. I passi verso la Nazione Umana Universale.<\/p>\n<p>L&#8217;incontro, che ha dato il via al <a href=\"https:\/\/www.pressenza.com\/it\/2017\/10\/lumanita-al-bivio-domani-roma-inizia-tour-guillermo-sullings\/\">tour italiano<\/a> dello scrittore argentino e che ha visto la partecipazione attenta e interessata di parecchie persone, \u00e8 stata l&#8217;occasione per illustrare un&#8217;opera intrigante nella quale Sullings prova a indicare quei passi a suo avviso necessari per ccostruire un nuovo paradigma in grado di scalzare la concentrazione del potere, la disumanit\u00e0 degli individualismi e la violenza che caratterizzano l&#8217;epoca attuale.<\/p>\n<p>Aggrappandosi alla forza dell&#8217;utopia si generano idee da articolare in azioni individuali e collettive capaci potenzialmente d&#8217;impattare tutte le sfere della societ\u00e0 globale. Alla base della trasformazione sociale c&#8217;\u00e8 un nuovo concetto di democrazia reale in cui finalmente l&#8217;essere umano trasformato e il bene comune possano divenire centrali.<\/p>\n<p>&#8220;Il sole della Nazione Umana Universale \u00e8 gia esistente&#8221; dice Sullings che continua: &#8220;adesso occorre solamente scrostare dall&#8217;uomo ci\u00f2 che eccede: la violenza, l&#8217;individualismo, il modello economico consumista e produttivista, ecc.&#8221;<\/p>\n<p>Allora passo dopo passo avviciniamoci alla Nazione Umana Universale<\/p>\n","protected":false},"excerpt":{"rendered":"<p>Mercoled\u00ec 18 Ottobre, a Roma, presso la sede dell&#8217;associazione Energia per i Diritti Umani, \u00e8 stato presentato l&#8217;ultima opera dello studioso umanista Guillermo Sullings dal titolo &#8220;L&#8217;Umanit\u00e0 al Bivio. I passi verso la Nazione Umana Universale. L&#8217;incontro, che ha dato&hellip;<\/p>\n","protected":false},"author":594,"featured_media":541737,"comment_status":"closed","ping_status":"closed","sticky":false,"template":"","format":"standard","meta":{"footnotes":""},"categories":[11388,56,47],"tags":[8513,41124,41185,22224,4245,27576,3873,41184],"class_list":["post-541734","post","type-post","status-publish","format-standard","has-post-thumbnail","hentry","category-contenuti-originali","category-cultura","category-europa","tag-guillermo-sullings-it","tag-lumanita-al-bivio","tag-lumanmovimento-umanista","tag-cap-multimage","tag-nazione-umana-universale","tag-presentazione-libro","tag-roma","tag-tags-guillermo-sullings"],"yoast_head":"<!-- This site is optimized with the Yoast SEO plugin v27.1.1 - https:\/\/yoast.com\/product\/yoast-seo-wordpress\/ -->\n<title>Presentato a Roma &quot;L&#039;umanit\u00e0 al bivio&quot; ultimo libro di Guillermo Sullings<\/title>\n<meta name=\"description\" content=\"Mercoled\u00ec 18 Ottobre, a Roma, presso la sede dell&#039;associazione Energia per i Diritti Umani, \u00e8 stato presentato l&#039;ultima opera dello studioso umanista\" \/>\n<meta name=\"robots\" content=\"index, follow, max-snippet:-1, max-image-preview:large, max-video-preview:-1\" \/>\n<link rel=\"canonical\" href=\"https:\/\/www.pressenza.com\/it\/2017\/10\/presentato-roma-lumanita-al-bivio-ultimo-libro-guillermo-sullings\/\" \/>\n<meta property=\"og:locale\" content=\"it_IT\" \/>\n<meta property=\"og:type\" content=\"article\" \/>\n<meta property=\"og:title\" content=\"Presentato a Roma &quot;L&#039;umanit\u00e0 al bivio&quot; ultimo libro di Guillermo Sullings\" \/>\n<meta property=\"og:description\" content=\"Mercoled\u00ec 18 Ottobre, a Roma, presso la sede dell&#039;associazione Energia per i Diritti Umani, \u00e8 stato presentato l&#039;ultima opera dello studioso umanista\" \/>\n<meta property=\"og:url\" content=\"https:\/\/www.pressenza.com\/it\/2017\/10\/presentato-roma-lumanita-al-bivio-ultimo-libro-guillermo-sullings\/\" \/>\n<meta property=\"og:site_name\" content=\"Pressenza\" \/>\n<meta property=\"article:publisher\" content=\"https:\/\/www.facebook.com\/PressenzaItalia\" \/>\n<meta property=\"article:author\" content=\"https:\/\/www.facebook.com\/PressenzaItalia\" \/>\n<meta property=\"article:published_time\" content=\"2017-10-18T22:28:58+00:00\" \/>\n<meta property=\"og:image\" content=\"https:\/\/www.pressenza.com\/wp-content\/uploads\/2017\/10\/IMG_1694-2.jpg\" \/>\n\t<meta property=\"og:image:width\" content=\"2048\" \/>\n\t<meta property=\"og:image:height\" content=\"1536\" \/>\n\t<meta property=\"og:image:type\" content=\"image\/jpeg\" \/>\n<meta name=\"author\" content=\"Redazione Italia\" \/>\n<meta name=\"twitter:card\" content=\"summary_large_image\" \/>\n<meta name=\"twitter:creator\" content=\"@pressenza_it\" \/>\n<meta name=\"twitter:site\" content=\"@PressenzaIPA\" \/>\n<meta name=\"twitter:label1\" content=\"Scritto da\" \/>\n\t<meta name=\"twitter:data1\" content=\"Redazione Italia\" \/>\n\t<meta name=\"twitter:label2\" content=\"Tempo di lettura stimato\" \/>\n\t<meta name=\"twitter:data2\" content=\"1 minuto\" \/>\n<script type=\"application\/ld+json\" class=\"yoast-schema-graph\">{\"@context\":\"https:\/\/schema.org\",\"@graph\":[{\"@type\":\"Article\",\"@id\":\"https:\/\/www.pressenza.com\/it\/2017\/10\/presentato-roma-lumanita-al-bivio-ultimo-libro-guillermo-sullings\/#article\",\"isPartOf\":{\"@id\":\"https:\/\/www.pressenza.com\/it\/2017\/10\/presentato-roma-lumanita-al-bivio-ultimo-libro-guillermo-sullings\/\"},\"author\":{\"name\":\"Redazione Italia\",\"@id\":\"https:\/\/www.pressenza.com\/it\/#\/schema\/person\/d983e81827ae24f2c7b1a2123d197f8d\"},\"headline\":\"Presentato a Roma &#8220;L&#8217;umanit\u00e0 al bivio&#8221; ultimo libro di Guillermo Sullings\",\"datePublished\":\"2017-10-18T22:28:58+00:00\",\"mainEntityOfPage\":{\"@id\":\"https:\/\/www.pressenza.com\/it\/2017\/10\/presentato-roma-lumanita-al-bivio-ultimo-libro-guillermo-sullings\/\"},\"wordCount\":211,\"publisher\":{\"@id\":\"https:\/\/www.pressenza.com\/it\/#organization\"},\"image\":{\"@id\":\"https:\/\/www.pressenza.com\/it\/2017\/10\/presentato-roma-lumanita-al-bivio-ultimo-libro-guillermo-sullings\/#primaryimage\"},\"thumbnailUrl\":\"https:\/\/www.pressenza.com\/wp-content\/uploads\/2017\/10\/IMG_1694-2.jpg\",\"keywords\":[\"Guillermo Sullings\",\"L'Umanit\u00e0 al Bivio\",\"L'UmanMovimento Umanista\",\"Multimage\",\"Nazione Umana Universale\",\"presentazione libro\",\"Roma\",\"Tags: Guillermo Sullings\"],\"articleSection\":[\"contenuti originali\",\"Cultura e Media\",\"Europa\"],\"inLanguage\":\"it-IT\"},{\"@type\":\"WebPage\",\"@id\":\"https:\/\/www.pressenza.com\/it\/2017\/10\/presentato-roma-lumanita-al-bivio-ultimo-libro-guillermo-sullings\/\",\"url\":\"https:\/\/www.pressenza.com\/it\/2017\/10\/presentato-roma-lumanita-al-bivio-ultimo-libro-guillermo-sullings\/\",\"name\":\"Presentato a Roma \\\"L'umanit\u00e0 al bivio\\\" ultimo libro di Guillermo Sullings\",\"isPartOf\":{\"@id\":\"https:\/\/www.pressenza.com\/it\/#website\"},\"primaryImageOfPage\":{\"@id\":\"https:\/\/www.pressenza.com\/it\/2017\/10\/presentato-roma-lumanita-al-bivio-ultimo-libro-guillermo-sullings\/#primaryimage\"},\"image\":{\"@id\":\"https:\/\/www.pressenza.com\/it\/2017\/10\/presentato-roma-lumanita-al-bivio-ultimo-libro-guillermo-sullings\/#primaryimage\"},\"thumbnailUrl\":\"https:\/\/www.pressenza.com\/wp-content\/uploads\/2017\/10\/IMG_1694-2.jpg\",\"datePublished\":\"2017-10-18T22:28:58+00:00\",\"description\":\"Mercoled\u00ec 18 Ottobre, a Roma, presso la sede dell'associazione Energia per i Diritti Umani, \u00e8 stato presentato l'ultima opera dello studioso umanista\",\"breadcrumb\":{\"@id\":\"https:\/\/www.pressenza.com\/it\/2017\/10\/presentato-roma-lumanita-al-bivio-ultimo-libro-guillermo-sullings\/#breadcrumb\"},\"inLanguage\":\"it-IT\",\"potentialAction\":[{\"@type\":\"ReadAction\",\"target\":[\"https:\/\/www.pressenza.com\/it\/2017\/10\/presentato-roma-lumanita-al-bivio-ultimo-libro-guillermo-sullings\/\"]}]},{\"@type\":\"ImageObject\",\"inLanguage\":\"it-IT\",\"@id\":\"https:\/\/www.pressenza.com\/it\/2017\/10\/presentato-roma-lumanita-al-bivio-ultimo-libro-guillermo-sullings\/#primaryimage\",\"url\":\"https:\/\/www.pressenza.com\/wp-content\/uploads\/2017\/10\/IMG_1694-2.jpg\",\"contentUrl\":\"https:\/\/www.pressenza.com\/wp-content\/uploads\/2017\/10\/IMG_1694-2.jpg\",\"width\":2048,\"height\":1536},{\"@type\":\"BreadcrumbList\",\"@id\":\"https:\/\/www.pressenza.com\/it\/2017\/10\/presentato-roma-lumanita-al-bivio-ultimo-libro-guillermo-sullings\/#breadcrumb\",\"itemListElement\":[{\"@type\":\"ListItem\",\"position\":1,\"name\":\"Accueil\",\"item\":\"https:\/\/www.pressenza.com\/it\/\"},{\"@type\":\"ListItem\",\"position\":2,\"name\":\"Presentato a Roma &#8220;L&#8217;umanit\u00e0 al bivio&#8221; ultimo libro di Guillermo Sullings\"}]},{\"@type\":\"WebSite\",\"@id\":\"https:\/\/www.pressenza.com\/it\/#website\",\"url\":\"https:\/\/www.pressenza.com\/it\/\",\"name\":\"Pressenza\",\"description\":\"Agenzia di Stampa Internazionale\",\"publisher\":{\"@id\":\"https:\/\/www.pressenza.com\/it\/#organization\"},\"potentialAction\":[{\"@type\":\"SearchAction\",\"target\":{\"@type\":\"EntryPoint\",\"urlTemplate\":\"https:\/\/www.pressenza.com\/it\/?s={search_term_string}\"},\"query-input\":{\"@type\":\"PropertyValueSpecification\",\"valueRequired\":true,\"valueName\":\"search_term_string\"}}],\"inLanguage\":\"it-IT\"},{\"@type\":\"Organization\",\"@id\":\"https:\/\/www.pressenza.com\/it\/#organization\",\"name\":\"Pressenza\",\"url\":\"https:\/\/www.pressenza.com\/it\/\",\"logo\":{\"@type\":\"ImageObject\",\"inLanguage\":\"it-IT\",\"@id\":\"https:\/\/www.pressenza.com\/it\/#\/schema\/logo\/image\/\",\"url\":\"https:\/\/www.pressenza.com\/wp-content\/uploads\/2022\/10\/pressenza_logo_200x200.jpg\",\"contentUrl\":\"https:\/\/www.pressenza.com\/wp-content\/uploads\/2022\/10\/pressenza_logo_200x200.jpg\",\"width\":200,\"height\":200,\"caption\":\"Pressenza\"},\"image\":{\"@id\":\"https:\/\/www.pressenza.com\/it\/#\/schema\/logo\/image\/\"},\"sameAs\":[\"https:\/\/www.facebook.com\/PressenzaItalia\",\"https:\/\/x.com\/PressenzaIPA\"]},{\"@type\":\"Person\",\"@id\":\"https:\/\/www.pressenza.com\/it\/#\/schema\/person\/d983e81827ae24f2c7b1a2123d197f8d\",\"name\":\"Redazione Italia\",\"description\":\"News from the Pressenza Bureau in Italy\",\"sameAs\":[\"https:\/\/www.pressenza.com\/it\/author\/redazione-italia\/\",\"https:\/\/www.facebook.com\/PressenzaItalia\",\"https:\/\/www.instagram.com\/pressenza_italia\/\",\"https:\/\/x.com\/pressenza_it\",\"https:\/\/www.youtube.com\/channel\/UCSalEIWjE1RSxkwjfftFuqg\"],\"url\":\"https:\/\/www.pressenza.com\/it\/author\/redazione-italia\/\"}]}<\/script>\n<!-- \/ Yoast SEO plugin. -->","yoast_head_json":{"title":"Presentato a Roma \"L'umanit\u00e0 al bivio\" ultimo libro di Guillermo Sullings","description":"Mercoled\u00ec 18 Ottobre, a Roma, presso la sede dell'associazione Energia per i Diritti Umani, \u00e8 stato presentato l'ultima opera dello studioso umanista","robots":{"index":"index","follow":"follow","max-snippet":"max-snippet:-1","max-image-preview":"max-image-preview:large","max-video-preview":"max-video-preview:-1"},"canonical":"https:\/\/www.pressenza.com\/it\/2017\/10\/presentato-roma-lumanita-al-bivio-ultimo-libro-guillermo-sullings\/","og_locale":"it_IT","og_type":"article","og_title":"Presentato a Roma \"L'umanit\u00e0 al bivio\" ultimo libro di Guillermo Sullings","og_description":"Mercoled\u00ec 18 Ottobre, a Roma, presso la sede dell'associazione Energia per i Diritti Umani, \u00e8 stato presentato l'ultima opera dello studioso umanista","og_url":"https:\/\/www.pressenza.com\/it\/2017\/10\/presentato-roma-lumanita-al-bivio-ultimo-libro-guillermo-sullings\/","og_site_name":"Pressenza","article_publisher":"https:\/\/www.facebook.com\/PressenzaItalia","article_author":"https:\/\/www.facebook.com\/PressenzaItalia","article_published_time":"2017-10-18T22:28:58+00:00","og_image":[{"width":2048,"height":1536,"url":"https:\/\/www.pressenza.com\/wp-content\/uploads\/2017\/10\/IMG_1694-2.jpg","type":"image\/jpeg"}],"author":"Redazione Italia","twitter_card":"summary_large_image","twitter_creator":"@pressenza_it","twitter_site":"@PressenzaIPA","twitter_misc":{"Scritto da":"Redazione Italia","Tempo di lettura stimato":"1 minuto"},"schema":{"@context":"https:\/\/schema.org","@graph":[{"@type":"Article","@id":"https:\/\/www.pressenza.com\/it\/2017\/10\/presentato-roma-lumanita-al-bivio-ultimo-libro-guillermo-sullings\/#article","isPartOf":{"@id":"https:\/\/www.pressenza.com\/it\/2017\/10\/presentato-roma-lumanita-al-bivio-ultimo-libro-guillermo-sullings\/"},"author":{"name":"Redazione Italia","@id":"https:\/\/www.pressenza.com\/it\/#\/schema\/person\/d983e81827ae24f2c7b1a2123d197f8d"},"headline":"Presentato a Roma &#8220;L&#8217;umanit\u00e0 al bivio&#8221; ultimo libro di Guillermo Sullings","datePublished":"2017-10-18T22:28:58+00:00","mainEntityOfPage":{"@id":"https:\/\/www.pressenza.com\/it\/2017\/10\/presentato-roma-lumanita-al-bivio-ultimo-libro-guillermo-sullings\/"},"wordCount":211,"publisher":{"@id":"https:\/\/www.pressenza.com\/it\/#organization"},"image":{"@id":"https:\/\/www.pressenza.com\/it\/2017\/10\/presentato-roma-lumanita-al-bivio-ultimo-libro-guillermo-sullings\/#primaryimage"},"thumbnailUrl":"https:\/\/www.pressenza.com\/wp-content\/uploads\/2017\/10\/IMG_1694-2.jpg","keywords":["Guillermo Sullings","L'Umanit\u00e0 al Bivio","L'UmanMovimento Umanista","Multimage","Nazione Umana Universale","presentazione libro","Roma","Tags: Guillermo Sullings"],"articleSection":["contenuti originali","Cultura e Media","Europa"],"inLanguage":"it-IT"},{"@type":"WebPage","@id":"https:\/\/www.pressenza.com\/it\/2017\/10\/presentato-roma-lumanita-al-bivio-ultimo-libro-guillermo-sullings\/","url":"https:\/\/www.pressenza.com\/it\/2017\/10\/presentato-roma-lumanita-al-bivio-ultimo-libro-guillermo-sullings\/","name":"Presentato a Roma \"L'umanit\u00e0 al bivio\" ultimo libro di Guillermo Sullings","isPartOf":{"@id":"https:\/\/www.pressenza.com\/it\/#website"},"primaryImageOfPage":{"@id":"https:\/\/www.pressenza.com\/it\/2017\/10\/presentato-roma-lumanita-al-bivio-ultimo-libro-guillermo-sullings\/#primaryimage"},"image":{"@id":"https:\/\/www.pressenza.com\/it\/2017\/10\/presentato-roma-lumanita-al-bivio-ultimo-libro-guillermo-sullings\/#primaryimage"},"thumbnailUrl":"https:\/\/www.pressenza.com\/wp-content\/uploads\/2017\/10\/IMG_1694-2.jpg","datePublished":"2017-10-18T22:28:58+00:00","description":"Mercoled\u00ec 18 Ottobre, a Roma, presso la sede dell'associazione Energia per i Diritti Umani, \u00e8 stato presentato l'ultima opera dello studioso umanista","breadcrumb":{"@id":"https:\/\/www.pressenza.com\/it\/2017\/10\/presentato-roma-lumanita-al-bivio-ultimo-libro-guillermo-sullings\/#breadcrumb"},"inLanguage":"it-IT","potentialAction":[{"@type":"ReadAction","target":["https:\/\/www.pressenza.com\/it\/2017\/10\/presentato-roma-lumanita-al-bivio-ultimo-libro-guillermo-sullings\/"]}]},{"@type":"ImageObject","inLanguage":"it-IT","@id":"https:\/\/www.pressenza.com\/it\/2017\/10\/presentato-roma-lumanita-al-bivio-ultimo-libro-guillermo-sullings\/#primaryimage","url":"https:\/\/www.pressenza.com\/wp-content\/uploads\/2017\/10\/IMG_1694-2.jpg","contentUrl":"https:\/\/www.pressenza.com\/wp-content\/uploads\/2017\/10\/IMG_1694-2.jpg","width":2048,"height":1536},{"@type":"BreadcrumbList","@id":"https:\/\/www.pressenza.com\/it\/2017\/10\/presentato-roma-lumanita-al-bivio-ultimo-libro-guillermo-sullings\/#breadcrumb","itemListElement":[{"@type":"ListItem","position":1,"name":"Accueil","item":"https:\/\/www.pressenza.com\/it\/"},{"@type":"ListItem","position":2,"name":"Presentato a Roma &#8220;L&#8217;umanit\u00e0 al bivio&#8221; ultimo libro di Guillermo Sullings"}]},{"@type":"WebSite","@id":"https:\/\/www.pressenza.com\/it\/#website","url":"https:\/\/www.pressenza.com\/it\/","name":"Pressenza","description":"Agenzia di Stampa Internazionale","publisher":{"@id":"https:\/\/www.pressenza.com\/it\/#organization"},"potentialAction":[{"@type":"SearchAction","target":{"@type":"EntryPoint","urlTemplate":"https:\/\/www.pressenza.com\/it\/?s={search_term_string}"},"query-input":{"@type":"PropertyValueSpecification","valueRequired":true,"valueName":"search_term_string"}}],"inLanguage":"it-IT"},{"@type":"Organization","@id":"https:\/\/www.pressenza.com\/it\/#organization","name":"Pressenza","url":"https:\/\/www.pressenza.com\/it\/","logo":{"@type":"ImageObject","inLanguage":"it-IT","@id":"https:\/\/www.pressenza.com\/it\/#\/schema\/logo\/image\/","url":"https:\/\/www.pressenza.com\/wp-content\/uploads\/2022\/10\/pressenza_logo_200x200.jpg","contentUrl":"https:\/\/www.pressenza.com\/wp-content\/uploads\/2022\/10\/pressenza_logo_200x200.jpg","width":200,"height":200,"caption":"Pressenza"},"image":{"@id":"https:\/\/www.pressenza.com\/it\/#\/schema\/logo\/image\/"},"sameAs":["https:\/\/www.facebook.com\/PressenzaItalia","https:\/\/x.com\/PressenzaIPA"]},{"@type":"Person","@id":"https:\/\/www.pressenza.com\/it\/#\/schema\/person\/d983e81827ae24f2c7b1a2123d197f8d","name":"Redazione Italia","description":"News from the Pressenza Bureau in Italy","sameAs":["https:\/\/www.pressenza.com\/it\/author\/redazione-italia\/","https:\/\/www.facebook.com\/PressenzaItalia","https:\/\/www.instagram.com\/pressenza_italia\/","https:\/\/x.com\/pressenza_it","https:\/\/www.youtube.com\/channel\/UCSalEIWjE1RSxkwjfftFuqg"],"url":"https:\/\/www.pressenza.com\/it\/author\/redazione-italia\/"}]}},"place":"","original_article_url":"","_links":{"self":[{"href":"https:\/\/www.pressenza.com\/it\/wp-json\/wp\/v2\/posts\/541734","targetHints":{"allow":["GET"]}}],"collection":[{"href":"https:\/\/www.pressenza.com\/it\/wp-json\/wp\/v2\/posts"}],"about":[{"href":"https:\/\/www.pressenza.com\/it\/wp-json\/wp\/v2\/types\/post"}],"author":[{"embeddable":true,"href":"https:\/\/www.pressenza.com\/it\/wp-json\/wp\/v2\/users\/594"}],"replies":[{"embeddable":true,"href":"https:\/\/www.pressenza.com\/it\/wp-json\/wp\/v2\/comments?post=541734"}],"version-history":[{"count":0,"href":"https:\/\/www.pressenza.com\/it\/wp-json\/wp\/v2\/posts\/541734\/revisions"}],"wp:featuredmedia":[{"embeddable":true,"href":"https:\/\/www.pressenza.com\/it\/wp-json\/wp\/v2\/media\/541737"}],"wp:attachment":[{"href":"https:\/\/www.pressenza.com\/it\/wp-json\/wp\/v2\/media?parent=541734"}],"wp:term":[{"taxonomy":"category","embeddable":true,"href":"https:\/\/www.pressenza.com\/it\/wp-json\/wp\/v2\/categories?post=541734"},{"taxonomy":"post_tag","embeddable":true,"href":"https:\/\/www.pressenza.com\/it\/wp-json\/wp\/v2\/tags?post=541734"}],"curies":[{"name":"wp","href":"https:\/\/api.w.org\/{rel}","templated":true}]}}