{"id":541602,"date":"2017-10-18T19:17:11","date_gmt":"2017-10-18T18:17:11","guid":{"rendered":"https:\/\/www.pressenza.com\/?p=541602\/"},"modified":"2017-10-18T19:17:11","modified_gmt":"2017-10-18T18:17:11","slug":"santiago-maldonado-trovato-corpo-cushamen","status":"publish","type":"post","link":"https:\/\/www.pressenza.com\/it\/2017\/10\/santiago-maldonado-trovato-corpo-cushamen\/","title":{"rendered":"Santiago Maldonado: trovato corpo a Cushamen"},"content":{"rendered":"<p>Ieri mattina i dintorni della comunit\u00e0 Pu Lof a Resistencia de Cushamen, nella Patagonia argentina, sono stati di nuovo setacciati e si \u00e8 trovato un corpo senza vita nel letto del fiume Chubut.<\/p>\n<p>Sebbene i media pi\u00f9 vicini al governo abbiano confermato che si tratta del cadavere di Santiago Maldonado e lanciato le ipotesi pi\u00f9 inverosimili, come quella secondo cui il corpo \u00e8 stato messo l\u00e0 dai mapuches, o che si tratta di un\u2019operazione politica in vista delle elezioni di domenica, il giudice Lleral, incaricato dell\u2019inchiesta, ha dichiarato alla stampa che \u00e8 impossibile determinare se si tratta davvero di Maldonado fino a quando non verranno effettuati il riconoscimento e l\u2019autopsia.<\/p>\n<p>Il corpo si trovava a circa 300 metri dal luogo in cui i testimoni hanno visto Santiago Maldonado vivo per l\u2019ultima volta, prima che venisse portato via da agenti della gendarmeria.<\/p>\n<p>Non \u00e8 possibile che il fiume abbia trascinato il corpo, giacch\u00e9 questo \u00e8 stato trovato a monte e dunque si sarebbe mosso controcorrente. Ci\u00f2 farebbe pensare alla possibilit\u00e0 che sia stato collocato l\u00e0 durante una delle incursioni delle forze di sicurezza.<\/p>\n<p>L\u2019indagine ha cambiato giudice, perch\u00e9 quello precedente, il dottor Otranto, dava chiari segni di collaborare con la gendarmeria, anticipando le sue mosse. Inoltre era stato lui a dare l\u2019ordine di reprimere gli indigeni che avevano interrotto la strada nazionale 40.<\/p>\n<p>Il paese aspetta con ansia una conferma riguardo all\u2019identit\u00e0 del corpo; a seconda delle perizie necessarie, potrebbero volerci da un paio di giorni a un mese, nel caso sia necessario effettuare un esame del DNA.<\/p>\n<p>&nbsp;<\/p>\n<p>&nbsp;<\/p>\n","protected":false},"excerpt":{"rendered":"<p>Ieri mattina i dintorni della comunit\u00e0 Pu Lof a Resistencia de Cushamen, nella Patagonia argentina, sono stati di nuovo setacciati e si \u00e8 trovato un corpo senza vita nel letto del fiume Chubut. Sebbene i media pi\u00f9 vicini al governo&hellip;<\/p>\n","protected":false},"author":96,"featured_media":541457,"comment_status":"closed","ping_status":"closed","sticky":false,"template":"","format":"standard","meta":{"footnotes":""},"categories":[11388,60,61,48],"tags":[1688,13589,3123,39326],"class_list":["post-541602","post","type-post","status-publish","format-standard","has-post-thumbnail","hentry","category-contenuti-originali","category-diritti-umani","category-popoli-aborigeni","category-sud-america","tag-argentina-it","tag-chubut","tag-mapuches","tag-santiago-maldonado"],"yoast_head":"<!-- This site is optimized with the Yoast SEO plugin v27.1.1 - https:\/\/yoast.com\/product\/yoast-seo-wordpress\/ -->\n<title>Santiago Maldonado: trovato corpo a Cushamen<\/title>\n<meta name=\"description\" content=\"Ieri mattina i dintorni della comunit\u00e0 Pu Lof a Resistencia de Cushamen, nella Patagonia argentina, sono stati di nuovo setacciati e si \u00e8 trovato un corpo\" \/>\n<meta name=\"robots\" content=\"index, follow, max-snippet:-1, max-image-preview:large, max-video-preview:-1\" \/>\n<link rel=\"canonical\" href=\"https:\/\/www.pressenza.com\/it\/2017\/10\/santiago-maldonado-trovato-corpo-cushamen\/\" \/>\n<meta property=\"og:locale\" content=\"it_IT\" \/>\n<meta property=\"og:type\" content=\"article\" \/>\n<meta property=\"og:title\" content=\"Santiago Maldonado: trovato corpo a Cushamen\" \/>\n<meta property=\"og:description\" content=\"Ieri mattina i dintorni della comunit\u00e0 Pu Lof a Resistencia de Cushamen, nella Patagonia argentina, sono stati di nuovo setacciati e si \u00e8 trovato un corpo\" \/>\n<meta property=\"og:url\" content=\"https:\/\/www.pressenza.com\/it\/2017\/10\/santiago-maldonado-trovato-corpo-cushamen\/\" \/>\n<meta property=\"og:site_name\" content=\"Pressenza\" \/>\n<meta property=\"article:publisher\" content=\"https:\/\/www.facebook.com\/PressenzaItalia\" \/>\n<meta property=\"article:author\" content=\"https:\/\/www.facebook.com\/mariano.quiroga.779\" \/>\n<meta property=\"article:published_time\" content=\"2017-10-18T18:17:11+00:00\" \/>\n<meta property=\"og:image\" content=\"https:\/\/www.pressenza.com\/wp-content\/uploads\/2017\/10\/rio-arriba.jpg\" \/>\n\t<meta property=\"og:image:width\" content=\"960\" \/>\n\t<meta property=\"og:image:height\" content=\"540\" \/>\n\t<meta property=\"og:image:type\" content=\"image\/jpeg\" \/>\n<meta name=\"author\" content=\"Mariano Quiroga\" \/>\n<meta name=\"twitter:card\" content=\"summary_large_image\" \/>\n<meta name=\"twitter:creator\" content=\"@MaruchoQuiroga\" \/>\n<meta name=\"twitter:site\" content=\"@PressenzaIPA\" \/>\n<meta name=\"twitter:label1\" content=\"Scritto da\" \/>\n\t<meta name=\"twitter:data1\" content=\"Mariano Quiroga\" \/>\n\t<meta name=\"twitter:label2\" content=\"Tempo di lettura stimato\" \/>\n\t<meta name=\"twitter:data2\" content=\"1 minuto\" \/>\n<script type=\"application\/ld+json\" class=\"yoast-schema-graph\">{\"@context\":\"https:\/\/schema.org\",\"@graph\":[{\"@type\":\"Article\",\"@id\":\"https:\/\/www.pressenza.com\/it\/2017\/10\/santiago-maldonado-trovato-corpo-cushamen\/#article\",\"isPartOf\":{\"@id\":\"https:\/\/www.pressenza.com\/it\/2017\/10\/santiago-maldonado-trovato-corpo-cushamen\/\"},\"author\":{\"name\":\"Mariano Quiroga\",\"@id\":\"https:\/\/www.pressenza.com\/it\/#\/schema\/person\/a0856fe41d8234b92503e6b28dc2585e\"},\"headline\":\"Santiago Maldonado: trovato corpo a Cushamen\",\"datePublished\":\"2017-10-18T18:17:11+00:00\",\"mainEntityOfPage\":{\"@id\":\"https:\/\/www.pressenza.com\/it\/2017\/10\/santiago-maldonado-trovato-corpo-cushamen\/\"},\"wordCount\":265,\"publisher\":{\"@id\":\"https:\/\/www.pressenza.com\/it\/#organization\"},\"image\":{\"@id\":\"https:\/\/www.pressenza.com\/it\/2017\/10\/santiago-maldonado-trovato-corpo-cushamen\/#primaryimage\"},\"thumbnailUrl\":\"https:\/\/www.pressenza.com\/wp-content\/uploads\/2017\/10\/rio-arriba.jpg\",\"keywords\":[\"Argentina\",\"Chubut\",\"mapuches\",\"Santiago Maldonado\"],\"articleSection\":[\"contenuti originali\",\"Diritti Umani\",\"Popoli originari\",\"Sud America\"],\"inLanguage\":\"it-IT\"},{\"@type\":\"WebPage\",\"@id\":\"https:\/\/www.pressenza.com\/it\/2017\/10\/santiago-maldonado-trovato-corpo-cushamen\/\",\"url\":\"https:\/\/www.pressenza.com\/it\/2017\/10\/santiago-maldonado-trovato-corpo-cushamen\/\",\"name\":\"Santiago Maldonado: trovato corpo a Cushamen\",\"isPartOf\":{\"@id\":\"https:\/\/www.pressenza.com\/it\/#website\"},\"primaryImageOfPage\":{\"@id\":\"https:\/\/www.pressenza.com\/it\/2017\/10\/santiago-maldonado-trovato-corpo-cushamen\/#primaryimage\"},\"image\":{\"@id\":\"https:\/\/www.pressenza.com\/it\/2017\/10\/santiago-maldonado-trovato-corpo-cushamen\/#primaryimage\"},\"thumbnailUrl\":\"https:\/\/www.pressenza.com\/wp-content\/uploads\/2017\/10\/rio-arriba.jpg\",\"datePublished\":\"2017-10-18T18:17:11+00:00\",\"description\":\"Ieri mattina i dintorni della comunit\u00e0 Pu Lof a Resistencia de Cushamen, nella Patagonia argentina, sono stati di nuovo setacciati e si \u00e8 trovato un corpo\",\"breadcrumb\":{\"@id\":\"https:\/\/www.pressenza.com\/it\/2017\/10\/santiago-maldonado-trovato-corpo-cushamen\/#breadcrumb\"},\"inLanguage\":\"it-IT\",\"potentialAction\":[{\"@type\":\"ReadAction\",\"target\":[\"https:\/\/www.pressenza.com\/it\/2017\/10\/santiago-maldonado-trovato-corpo-cushamen\/\"]}]},{\"@type\":\"ImageObject\",\"inLanguage\":\"it-IT\",\"@id\":\"https:\/\/www.pressenza.com\/it\/2017\/10\/santiago-maldonado-trovato-corpo-cushamen\/#primaryimage\",\"url\":\"https:\/\/www.pressenza.com\/wp-content\/uploads\/2017\/10\/rio-arriba.jpg\",\"contentUrl\":\"https:\/\/www.pressenza.com\/wp-content\/uploads\/2017\/10\/rio-arriba.jpg\",\"width\":960,\"height\":540},{\"@type\":\"BreadcrumbList\",\"@id\":\"https:\/\/www.pressenza.com\/it\/2017\/10\/santiago-maldonado-trovato-corpo-cushamen\/#breadcrumb\",\"itemListElement\":[{\"@type\":\"ListItem\",\"position\":1,\"name\":\"Accueil\",\"item\":\"https:\/\/www.pressenza.com\/it\/\"},{\"@type\":\"ListItem\",\"position\":2,\"name\":\"Santiago Maldonado: trovato corpo a Cushamen\"}]},{\"@type\":\"WebSite\",\"@id\":\"https:\/\/www.pressenza.com\/it\/#website\",\"url\":\"https:\/\/www.pressenza.com\/it\/\",\"name\":\"Pressenza\",\"description\":\"Agenzia di Stampa Internazionale\",\"publisher\":{\"@id\":\"https:\/\/www.pressenza.com\/it\/#organization\"},\"potentialAction\":[{\"@type\":\"SearchAction\",\"target\":{\"@type\":\"EntryPoint\",\"urlTemplate\":\"https:\/\/www.pressenza.com\/it\/?s={search_term_string}\"},\"query-input\":{\"@type\":\"PropertyValueSpecification\",\"valueRequired\":true,\"valueName\":\"search_term_string\"}}],\"inLanguage\":\"it-IT\"},{\"@type\":\"Organization\",\"@id\":\"https:\/\/www.pressenza.com\/it\/#organization\",\"name\":\"Pressenza\",\"url\":\"https:\/\/www.pressenza.com\/it\/\",\"logo\":{\"@type\":\"ImageObject\",\"inLanguage\":\"it-IT\",\"@id\":\"https:\/\/www.pressenza.com\/it\/#\/schema\/logo\/image\/\",\"url\":\"https:\/\/www.pressenza.com\/wp-content\/uploads\/2022\/10\/pressenza_logo_200x200.jpg\",\"contentUrl\":\"https:\/\/www.pressenza.com\/wp-content\/uploads\/2022\/10\/pressenza_logo_200x200.jpg\",\"width\":200,\"height\":200,\"caption\":\"Pressenza\"},\"image\":{\"@id\":\"https:\/\/www.pressenza.com\/it\/#\/schema\/logo\/image\/\"},\"sameAs\":[\"https:\/\/www.facebook.com\/PressenzaItalia\",\"https:\/\/x.com\/PressenzaIPA\"]},{\"@type\":\"Person\",\"@id\":\"https:\/\/www.pressenza.com\/it\/#\/schema\/person\/a0856fe41d8234b92503e6b28dc2585e\",\"name\":\"Mariano Quiroga\",\"description\":\"Born in Buenos Aires, Argentina, in 1976, Mariano is a journalist, poet and international editor for Pressenza. His career includes publications in different countries and languages. Currently he is presenter on radio programmes in Ecuador and Argentina. A humanist communicator specialising in international politics, his vocation has led him to seek to build bridges that allow relationships to be made between data, events, people and contexts in order to create an inclusive look that synthesises the noblest searches for social justice and humanisation of the planet.\",\"sameAs\":[\"https:\/\/www.facebook.com\/mariano.quiroga.779\",\"https:\/\/x.com\/MaruchoQuiroga\"],\"url\":\"https:\/\/www.pressenza.com\/it\/author\/mariano-quiroga\/\"}]}<\/script>\n<!-- \/ Yoast SEO plugin. -->","yoast_head_json":{"title":"Santiago Maldonado: trovato corpo a Cushamen","description":"Ieri mattina i dintorni della comunit\u00e0 Pu Lof a Resistencia de Cushamen, nella Patagonia argentina, sono stati di nuovo setacciati e si \u00e8 trovato un corpo","robots":{"index":"index","follow":"follow","max-snippet":"max-snippet:-1","max-image-preview":"max-image-preview:large","max-video-preview":"max-video-preview:-1"},"canonical":"https:\/\/www.pressenza.com\/it\/2017\/10\/santiago-maldonado-trovato-corpo-cushamen\/","og_locale":"it_IT","og_type":"article","og_title":"Santiago Maldonado: trovato corpo a Cushamen","og_description":"Ieri mattina i dintorni della comunit\u00e0 Pu Lof a Resistencia de Cushamen, nella Patagonia argentina, sono stati di nuovo setacciati e si \u00e8 trovato un corpo","og_url":"https:\/\/www.pressenza.com\/it\/2017\/10\/santiago-maldonado-trovato-corpo-cushamen\/","og_site_name":"Pressenza","article_publisher":"https:\/\/www.facebook.com\/PressenzaItalia","article_author":"https:\/\/www.facebook.com\/mariano.quiroga.779","article_published_time":"2017-10-18T18:17:11+00:00","og_image":[{"width":960,"height":540,"url":"https:\/\/www.pressenza.com\/wp-content\/uploads\/2017\/10\/rio-arriba.jpg","type":"image\/jpeg"}],"author":"Mariano Quiroga","twitter_card":"summary_large_image","twitter_creator":"@MaruchoQuiroga","twitter_site":"@PressenzaIPA","twitter_misc":{"Scritto da":"Mariano Quiroga","Tempo di lettura stimato":"1 minuto"},"schema":{"@context":"https:\/\/schema.org","@graph":[{"@type":"Article","@id":"https:\/\/www.pressenza.com\/it\/2017\/10\/santiago-maldonado-trovato-corpo-cushamen\/#article","isPartOf":{"@id":"https:\/\/www.pressenza.com\/it\/2017\/10\/santiago-maldonado-trovato-corpo-cushamen\/"},"author":{"name":"Mariano Quiroga","@id":"https:\/\/www.pressenza.com\/it\/#\/schema\/person\/a0856fe41d8234b92503e6b28dc2585e"},"headline":"Santiago Maldonado: trovato corpo a Cushamen","datePublished":"2017-10-18T18:17:11+00:00","mainEntityOfPage":{"@id":"https:\/\/www.pressenza.com\/it\/2017\/10\/santiago-maldonado-trovato-corpo-cushamen\/"},"wordCount":265,"publisher":{"@id":"https:\/\/www.pressenza.com\/it\/#organization"},"image":{"@id":"https:\/\/www.pressenza.com\/it\/2017\/10\/santiago-maldonado-trovato-corpo-cushamen\/#primaryimage"},"thumbnailUrl":"https:\/\/www.pressenza.com\/wp-content\/uploads\/2017\/10\/rio-arriba.jpg","keywords":["Argentina","Chubut","mapuches","Santiago Maldonado"],"articleSection":["contenuti originali","Diritti Umani","Popoli originari","Sud America"],"inLanguage":"it-IT"},{"@type":"WebPage","@id":"https:\/\/www.pressenza.com\/it\/2017\/10\/santiago-maldonado-trovato-corpo-cushamen\/","url":"https:\/\/www.pressenza.com\/it\/2017\/10\/santiago-maldonado-trovato-corpo-cushamen\/","name":"Santiago Maldonado: trovato corpo a Cushamen","isPartOf":{"@id":"https:\/\/www.pressenza.com\/it\/#website"},"primaryImageOfPage":{"@id":"https:\/\/www.pressenza.com\/it\/2017\/10\/santiago-maldonado-trovato-corpo-cushamen\/#primaryimage"},"image":{"@id":"https:\/\/www.pressenza.com\/it\/2017\/10\/santiago-maldonado-trovato-corpo-cushamen\/#primaryimage"},"thumbnailUrl":"https:\/\/www.pressenza.com\/wp-content\/uploads\/2017\/10\/rio-arriba.jpg","datePublished":"2017-10-18T18:17:11+00:00","description":"Ieri mattina i dintorni della comunit\u00e0 Pu Lof a Resistencia de Cushamen, nella Patagonia argentina, sono stati di nuovo setacciati e si \u00e8 trovato un corpo","breadcrumb":{"@id":"https:\/\/www.pressenza.com\/it\/2017\/10\/santiago-maldonado-trovato-corpo-cushamen\/#breadcrumb"},"inLanguage":"it-IT","potentialAction":[{"@type":"ReadAction","target":["https:\/\/www.pressenza.com\/it\/2017\/10\/santiago-maldonado-trovato-corpo-cushamen\/"]}]},{"@type":"ImageObject","inLanguage":"it-IT","@id":"https:\/\/www.pressenza.com\/it\/2017\/10\/santiago-maldonado-trovato-corpo-cushamen\/#primaryimage","url":"https:\/\/www.pressenza.com\/wp-content\/uploads\/2017\/10\/rio-arriba.jpg","contentUrl":"https:\/\/www.pressenza.com\/wp-content\/uploads\/2017\/10\/rio-arriba.jpg","width":960,"height":540},{"@type":"BreadcrumbList","@id":"https:\/\/www.pressenza.com\/it\/2017\/10\/santiago-maldonado-trovato-corpo-cushamen\/#breadcrumb","itemListElement":[{"@type":"ListItem","position":1,"name":"Accueil","item":"https:\/\/www.pressenza.com\/it\/"},{"@type":"ListItem","position":2,"name":"Santiago Maldonado: trovato corpo a Cushamen"}]},{"@type":"WebSite","@id":"https:\/\/www.pressenza.com\/it\/#website","url":"https:\/\/www.pressenza.com\/it\/","name":"Pressenza","description":"Agenzia di Stampa Internazionale","publisher":{"@id":"https:\/\/www.pressenza.com\/it\/#organization"},"potentialAction":[{"@type":"SearchAction","target":{"@type":"EntryPoint","urlTemplate":"https:\/\/www.pressenza.com\/it\/?s={search_term_string}"},"query-input":{"@type":"PropertyValueSpecification","valueRequired":true,"valueName":"search_term_string"}}],"inLanguage":"it-IT"},{"@type":"Organization","@id":"https:\/\/www.pressenza.com\/it\/#organization","name":"Pressenza","url":"https:\/\/www.pressenza.com\/it\/","logo":{"@type":"ImageObject","inLanguage":"it-IT","@id":"https:\/\/www.pressenza.com\/it\/#\/schema\/logo\/image\/","url":"https:\/\/www.pressenza.com\/wp-content\/uploads\/2022\/10\/pressenza_logo_200x200.jpg","contentUrl":"https:\/\/www.pressenza.com\/wp-content\/uploads\/2022\/10\/pressenza_logo_200x200.jpg","width":200,"height":200,"caption":"Pressenza"},"image":{"@id":"https:\/\/www.pressenza.com\/it\/#\/schema\/logo\/image\/"},"sameAs":["https:\/\/www.facebook.com\/PressenzaItalia","https:\/\/x.com\/PressenzaIPA"]},{"@type":"Person","@id":"https:\/\/www.pressenza.com\/it\/#\/schema\/person\/a0856fe41d8234b92503e6b28dc2585e","name":"Mariano Quiroga","description":"Born in Buenos Aires, Argentina, in 1976, Mariano is a journalist, poet and international editor for Pressenza. His career includes publications in different countries and languages. Currently he is presenter on radio programmes in Ecuador and Argentina. A humanist communicator specialising in international politics, his vocation has led him to seek to build bridges that allow relationships to be made between data, events, people and contexts in order to create an inclusive look that synthesises the noblest searches for social justice and humanisation of the planet.","sameAs":["https:\/\/www.facebook.com\/mariano.quiroga.779","https:\/\/x.com\/MaruchoQuiroga"],"url":"https:\/\/www.pressenza.com\/it\/author\/mariano-quiroga\/"}]}},"place":"","original_article_url":"","_links":{"self":[{"href":"https:\/\/www.pressenza.com\/it\/wp-json\/wp\/v2\/posts\/541602","targetHints":{"allow":["GET"]}}],"collection":[{"href":"https:\/\/www.pressenza.com\/it\/wp-json\/wp\/v2\/posts"}],"about":[{"href":"https:\/\/www.pressenza.com\/it\/wp-json\/wp\/v2\/types\/post"}],"author":[{"embeddable":true,"href":"https:\/\/www.pressenza.com\/it\/wp-json\/wp\/v2\/users\/96"}],"replies":[{"embeddable":true,"href":"https:\/\/www.pressenza.com\/it\/wp-json\/wp\/v2\/comments?post=541602"}],"version-history":[{"count":0,"href":"https:\/\/www.pressenza.com\/it\/wp-json\/wp\/v2\/posts\/541602\/revisions"}],"wp:featuredmedia":[{"embeddable":true,"href":"https:\/\/www.pressenza.com\/it\/wp-json\/wp\/v2\/media\/541457"}],"wp:attachment":[{"href":"https:\/\/www.pressenza.com\/it\/wp-json\/wp\/v2\/media?parent=541602"}],"wp:term":[{"taxonomy":"category","embeddable":true,"href":"https:\/\/www.pressenza.com\/it\/wp-json\/wp\/v2\/categories?post=541602"},{"taxonomy":"post_tag","embeddable":true,"href":"https:\/\/www.pressenza.com\/it\/wp-json\/wp\/v2\/tags?post=541602"}],"curies":[{"name":"wp","href":"https:\/\/api.w.org\/{rel}","templated":true}]}}