{"id":540833,"date":"2017-10-17T19:48:47","date_gmt":"2017-10-17T18:48:47","guid":{"rendered":"https:\/\/www.pressenza.com\/?p=540833\/"},"modified":"2017-10-17T19:48:47","modified_gmt":"2017-10-17T18:48:47","slug":"premio-italia-diritti-umani-2017","status":"publish","type":"post","link":"https:\/\/www.pressenza.com\/it\/2017\/10\/premio-italia-diritti-umani-2017\/","title":{"rendered":"Il \u201c Premio Italia diritti umani 2017\u201d"},"content":{"rendered":"<p>&nbsp;<\/p>\n<p>Grande successo a Roma del \u201cPremio Italia diritti umani 2017\u201d, giunto alla sua 16.ma edizione. La manifestazione della consegna dei premi si \u00e8 svolta Domenica 15 ottobre 2017 a Roma, nell\u2019Aula Magna della facolt\u00e0 valdese di teologia. Il Premio organizzato dalla Free Lance International Press, con la collaborazione di Amnesty International (sezione italiana) e Cittanet, \u00e8 nato per dar voce agli ultimi. Neria De Giovanni, Presidente dell\u2019Associazione Internazionale dei Critici Letterari, \u00e8 stata la moderatrice e presentatrice del premio. Gli interventi sono stati di <strong>Antonio Cilli<\/strong>, Cittanet founder, network di siti locali sparsi un po\u2019 in tutta Italia, il quale ha svolto una relazione su gli\u201d infomakers\u201d; <strong>Dario Lo Scalzo,<\/strong> redattore dell\u2019agenzia di stampa internazionale Pressenza, ha parlato del \u201cGiornalismo militante e la lotta per il rispetto dei Diritti Umani \u201c; di <strong>Giorgio Fornoni<\/strong>, vice presidente della Free Lance International Press e pilastro della trasmissione Report di Rai 3, dopo una breve proiezione di un video su Antonio Russo e alcune testimonianze prima del suo barbaro assassinio mentre indagava sulla tragedia cecena nel 2000, dallo stesso fornito, e aver parlato sulle tematiche della libera informazione, ha voluto leggere in pubblico le accuse rivoltegli dall\u2019ordine dei giornalisti della Lombardia che gli imputava la colpa di promuovere la vendita del tesserino della la Free Lance International Press perch\u00e9 ritenevano avesse le caratteriche simili a quello dell\u2019ordine e la conseguente sentenza assolutoria da parte del consiglio disciplinare di questo, accusa dalla quale era gi\u00e0 stato assolto con formula piena lo stesso presidente dell\u2019associazione Virgilio Violo, e quindi ha voluto rimarcare il \u201cfumus persecutionis\u201d da parte di quest\u2019ultimo nei confronti dell\u2019associazione, nonostante i dettami costituzionali. Ha concluso parlando fortemente dei valori umani citando la collega Anna Politkovskaja e Andrei Mironov, anche lui iscritto alla Flip, suoi amici, che hanno dato la vita per la ricerca della verit\u00e0. A seguire si \u00e8 avuto l\u2019intervento del portavoce in Italia di Amnesty International, <strong>Riccardo Noury<\/strong>, che ha svolto una relazione sulla \u201cCrisi nell\u2019area mediterranea\u201d.<\/p>\n<p>Dopo un generoso buffet, accompagnato dal vino gentilmente offerto dalle aziende \u201cTenuta Fontana\u201d di Pietrelcina, di Benevento, \u201cil Cancelliere\u201d di Pizza Rita di Montemerano, di Avellino, \u201cazienda agricola Monti Cecubi\u201d, di Latina, e l\u2019azienda Fontana Vecchia, di Benevento, l\u2019associazione Artisti civili ha presentato un estratto dal \u201cConcerto per voci solitarie\u201d dal titolo<strong> \u201cUna vacanza finita male. Un\u2019inchiesta finita peggio\u201d<\/strong>, dedicato al caso Ilaria Alpi. Superba e toccante l\u2019interpretazione di <strong>Ferdinando Maddaloni e Katia Nani.<\/strong><\/p>\n<p>Il premio \u00e8 nato dall\u2019esigenza, da parte delle associazioni coinvolte, di volere dare un giusto riconoscimento a coloro che per la loro attivit\u00e0 si sono distinti, con abnegazione, nel campo dei diritti umani. In un mondo in cui il profitto sembra essere lo scopo ultimo di ogni intento, occorre sostenere chi lotta veramente, sacrificando gran parte (o del tutto) la propria esistenza per aiutare il prossimo. I mass media spesso non prestano la dovuta attenzione al tema dei diritti umani, se non in maniera superficiale. E\u2019 giunto quindi il momento, non solo di dare un giusto riconoscimento a chi lotta per la difesa dei pi\u00f9 deboli, ma anche di parlare su come possano essere tutelati meglio questi diritti che, anche in paesi come l\u2019Italia oltre che all\u2019estero,sono sistematicamente violati, soprattutto nei confronti dei pi\u00f9 deboli. Le motivazioni dei premiati sono:<\/p>\n<p><strong>Andrea Caschetto<\/strong>,<\/p>\n<p>\u201cAndrea Caschetto ha dichiarato guerra alla tristezza e alla rassegnazione che nascono dal sentirsi abbandonati, dal sentirsi senza importanza, privi di significato, soli e senza speranza. Il suo programma politico \u00e8 far nascere sorrisi sui volti dei bimbi meno fortunati, quelli di cui il mondo spesso si occupa solo per rinchiuderli, allontanarli, dimenticarli.<\/p>\n<p>Il suo obiettivo \u00e8 far sbocciare il sorriso sui volti di tutti i bambini di tutti gli orfanatrofi del mondo, donando loro un sussulto di gioia, come il frangersi del sole, dopo una pioggia estiva, sui petali di un fiore. Le sue armi sono una inesauribile creativit\u00e0 e operativit\u00e0 ludica, un\u2019immensa carica di affettivit\u00e0, uno sconfinato serbatoio di emotivit\u00e0 autenticamente e travolgentemente empatica. La sua arma segreta e pi\u00f9 potente \u00e8 il sorriso.<\/p>\n<p>L\u2019hanno definito \u201cl\u2019ambasciatore del sorriso\u201d e \u201cmoderno Peter Pan\u201d, sempre in giro, di continente in continente, a sfidare malinconia e dolore. Per tutti i sorrisi donati, per tutti i piccoli cuori fatti palpitare di allegria, per tutta la fiducia nel cuore dell\u2019uomo e nel destino del mondo che sa seminare in tutti noi,si conferisce ad Andrea Caschetto il Premio Italia Diritti Umani 2017\u201d.<\/p>\n<p>Legge la motivazione l\u2019attrice <strong>Roberta Procida, <\/strong>dona una sua opera la pittrice <strong>Isabella Scucchia<\/strong>. Il suo quadro rappresenta delle \u2018melagrane\u2019.<\/p>\n<p><strong>Andrea Spinelli Barrile<\/strong>,<\/p>\n<p>\u201c nato nel 1985, da sempre appassionato della libert\u00e0 e della scrittura, ha imparato a coniugare le due cose nel lavoro pi\u00f9 bello del mondo: quello del giornalista. Studi umanistici, universit\u00e0 lunga e mai terminata, mette tutto se stesso nel difficile ruolo di chi cerca di dare voce a chi non ce l&#8217;ha: vicino per sentimento agli ultimi ed agli invisibili, amante delle minoranze e della forza umana che le contraddistingue, ha trovato in America Latina e in Africa gli spaccati di civile umanit\u00e0 pi\u00f9 caldi e sinceri che si possano trovare. Cinico pentito, ha trovato il senso delle cose nella prima visita in un carcere italiano, da dove \u00e8 cominciato un lungo percorso che gli ha fatto comprendere l&#8217;importanza non di sperare ma di essere speranza. Si occupa principalmente di politica estera, con focus particolare sull&#8217;Africa e i diritti umani, si batte per lo stato di diritto e contro lo stato d&#8217;emergenza. Ha un libro all&#8217;attivo: &#8220;Esperanza &#8211; La Vera Storia Di Un Uomo Contro Una Dittatura Africana&#8221;, e poi un progetto editoriale da sviluppare, &#8220;Slow News&#8221;, e tante storie ancora da raccontare. Negli ultimi anni ha contribuito insieme ad Amnesty International a far conoscere due storie di italiani detenuti all&#8217;estero: Roberto Berardi in Guinea Equatoriale e Christian Provvisionato in Mali. Se ora sono in Italia e possono narrare le violazioni dei diritti umani subite \u00e8 anche merito di Andrea Spinelli Barrile. Per questi motivi gli viene conferito il Premio Italia Diritti Umani 2017.\u201d<\/p>\n<p>Legge la motivazione l\u2019attrice <strong>Katia Greco, <\/strong>dona una sua opera il pittore <strong>Sergio Quarra<\/strong>.<\/p>\n<p><strong>Enrico Malatesta Ripanti<\/strong><\/p>\n<p>\u201cIl 24 agosto 1917, da poco scoccate le 20 e trenta, per tutta Roma una micidiale esplosione riecheggi\u00f2 violenta. Si scoprir\u00e0 che quell\u2019esplosione riguardava la Caserma dell\u2019Appia Nuova che, altro non era, che il Vecchio Forte dell\u2019Acqua Santa, ovvero il deposito carburanti per Aerostati e Dirigibili. In estrema segretezza, e fuori del recinto murario del Forte, erano stati approntati due enormi capannoni attrezzati per la fabbricazione di bombe da lanciare proprio da mezzi d\u2019aria come aerostati o palloni sulle trincee nemiche.<\/p>\n<p>In seguito a ci\u00f2, dalle autorit\u00e0 militari ci fu una serie di \u201comissis\u201d pi\u00f9 utili a coprire \u201csegreti\u201d nostrani che la pericolosa azione di sabotaggio degli \u201c007\u201d degli imperi Germanico ed Austro-Ungarico. La lista dei caduti non comparve nella sentenza del Tribunale Militare ma, al contrario, fu resa pubblica da una sentenza del Tribunale civile, finalizzata alla \u201csola trascrizione\u201d dei morti, dichiarati nel numero di 79, tutti Aerostieri e Dirigibilisti.<\/p>\n<p>Malatesta incrociando i documenti militari con altri, altrettanto sconosciuti e segretati della Questura di Roma, scopre che i morti del Forte dell\u2019Acqua Santa, alias Caserma Appia, sono pi\u00f9 di 240 e tutti ragazzi tra i diciassette ed i\u00a0 vent\u2019anni, analfabeti e soldati di bassa forza, senza la minima cognizione di competenze di artificieri, cui invece segretamente era ci\u00f2 che facevano per armare bombe, granate ed altri proiettili, con polveri anche scadenti.\u00a0Di questi, a tutt\u2019oggi, non se ne conoscono ancora n\u00e9 nome, n\u00e9 cognome.<br \/>\nPer la passione e la costanza con cui racconta storie di diritti umani, privilegiando il punto di vista e l&#8217;esperienza umana, di sofferenza e di lotta, di chi non ha voce, di chi non ha potere e lotta quotidianamente per la riaffermazione dei propri diritti e della propria dignit\u00e0, si conferisce a Enrico Malatesta Ripanti il Premio Italia Diritti Umani 2017.\u201d<\/p>\n<p>Legge la motivazione l\u2019attore<strong> Ivan Castiglione, <\/strong>dona la sua opera la pittrice <strong>Elisabetta Piccirillo<\/strong>, il titolo del suo dipinto \u00e8:\u2018L\u2019Armonia degli Opposti\u2019.<\/p>\n<p>La <strong>menzione speciale<\/strong> \u00e8 andata a <strong>Michela Lipari<\/strong><\/p>\n<p>\u201cMichela Lipari, nata a Novara, si trasferisce a Roma dal 1980, gi\u00e0 Funzionario del Ministero del Tesoro e successivamente della Corte dei Conti.<br \/>\nEsperantista dal 1966 \u00e8 attiva nel movimento giovanile italiano &#8211; membro del consiglio direttivo -ed internazionale \u2013 membro del comitato \u2013 sino al 1975.<br \/>\nSuccessivamente \u00e8 nel Movimento esperantista internazionale come membro del comitato per due decenni, segretario generale dell\u2019associazione mondiale per 12 anni.<br \/>\nE\u2019 stata segretario dei concorsi letterari (poesia, prosa, saggistica, teatro, libri per l\u2019infanzia) per successivi 12 anni.<br \/>\nDal 2014 presidente della Federazione Esperantista Italiana recentemente riconfermata nel prestigioso incarico.<\/p>\n<p>La Federazione Esperantista Italiana \u00e8 stata fondata a Firenze nel 1910. Ente Morale dal 1956.<br \/>\nPartecipa regolarmente alle campagne organizzate dall\u2019associazione mondiale per aiutare gli esperantisti vittime di disastri ambientali o di guerre nelle varie regioni del mondo.<br \/>\nContribuisce alla campagna dell\u2019UNESCO \u201cserie oriente-occidente\u201d per fa conoscere i capolavori letterari delle varie culture all\u2019estero, con la traduzione dall\u2019italiano in esperanto di opere quali<br \/>\nLa Divina Commedia di Dante, Il principe di Machiavelli, I Malavoglia di Verga, I promessi sposi di Manzoni, Vita di un uomo di Ungaretti, I Canti di Leopardi, Myricae di Pascoli, ed altri ancora.<br \/>\nVengono proposti anche al pubblico italiano alcuni capolavori del mondo esperantista, quali Robinson in Siberia e Ballo in maschera a Budapest, di Tivador Soros, La specie bambina di William Auld, La via Zamenhof di Roman Dobrzynski ed altri ancora.<\/p>\n<p>Tra gli scopi statutari della FEI si legge: \u201cispirandosi agli ideali dell\u2019esperanto, promuove iniziative solidaristiche tendenti a favorire una pi\u00f9 profonda integrazione culturale tra uomini e popoli di lingue diverse\u201d.<\/p>\n<p>Principi e scopi condivisi dal Premio diritti Umani 2017 della Free Lance International Press che intende cos\u00ec riconoscerne il valore con una menzione speciale alla Presidente italiana della FEI, Michela Lipari.\u201d<\/p>\n<p>Legge la motivazione l\u2019attrice <strong>Katia Nani<\/strong>, dona una sua opera <strong>Roberto Fantini<\/strong><\/p>\n<p>Al termine della manifestazione ci sono stati i saluti di tutta la dirigenza della Free Lance International Press unitamente, dato il successo della manifestazione, alla promessa di rinnovare il premio per il prossimo anno.<\/p>\n","protected":false},"excerpt":{"rendered":"<p>&nbsp; Grande successo a Roma del \u201cPremio Italia diritti umani 2017\u201d, giunto alla sua 16.ma edizione. La manifestazione della consegna dei premi si \u00e8 svolta Domenica 15 ottobre 2017 a Roma, nell\u2019Aula Magna della facolt\u00e0 valdese di teologia. Il Premio&hellip;<\/p>\n","protected":false},"author":1370,"featured_media":540834,"comment_status":"closed","ping_status":"closed","sticky":false,"template":"","format":"standard","meta":{"footnotes":""},"categories":[60],"tags":[1120,897,40653,370,3873],"class_list":["post-540833","post","type-post","status-publish","format-standard","has-post-thumbnail","hentry","category-diritti-umani","tag-amnesty-international-2","tag-diritti-umani","tag-flip","tag-italia","tag-roma"],"yoast_head":"<!-- This site is optimized with the Yoast SEO plugin v27.1.1 - https:\/\/yoast.com\/product\/yoast-seo-wordpress\/ -->\n<title>Il \u201c Premio Italia diritti umani 2017\u201d<\/title>\n<meta name=\"description\" content=\"&nbsp; Grande successo a Roma del \u201cPremio Italia diritti umani 2017\u201d, giunto alla sua 16.ma edizione. La manifestazione della consegna dei premi si \u00e8\" \/>\n<meta name=\"robots\" content=\"index, follow, max-snippet:-1, max-image-preview:large, max-video-preview:-1\" \/>\n<link rel=\"canonical\" href=\"https:\/\/www.pressenza.com\/it\/2017\/10\/premio-italia-diritti-umani-2017\/\" \/>\n<meta property=\"og:locale\" content=\"it_IT\" \/>\n<meta property=\"og:type\" content=\"article\" \/>\n<meta property=\"og:title\" content=\"Il \u201c Premio Italia diritti umani 2017\u201d\" \/>\n<meta property=\"og:description\" content=\"&nbsp; Grande successo a Roma del \u201cPremio Italia diritti umani 2017\u201d, giunto alla sua 16.ma edizione. La manifestazione della consegna dei premi si \u00e8\" \/>\n<meta property=\"og:url\" content=\"https:\/\/www.pressenza.com\/it\/2017\/10\/premio-italia-diritti-umani-2017\/\" \/>\n<meta property=\"og:site_name\" content=\"Pressenza\" \/>\n<meta property=\"article:publisher\" content=\"https:\/\/www.facebook.com\/PressenzaItalia\" \/>\n<meta property=\"article:published_time\" content=\"2017-10-17T18:48:47+00:00\" \/>\n<meta property=\"og:image\" content=\"https:\/\/www.pressenza.com\/wp-content\/uploads\/2017\/10\/flip2017.jpg\" \/>\n\t<meta property=\"og:image:width\" content=\"600\" \/>\n\t<meta property=\"og:image:height\" content=\"400\" \/>\n\t<meta property=\"og:image:type\" content=\"image\/jpeg\" \/>\n<meta name=\"author\" content=\"Free Lance International Press\" \/>\n<meta name=\"twitter:card\" content=\"summary_large_image\" \/>\n<meta name=\"twitter:creator\" content=\"@PressenzaIPA\" \/>\n<meta name=\"twitter:site\" content=\"@PressenzaIPA\" \/>\n<meta name=\"twitter:label1\" content=\"Scritto da\" \/>\n\t<meta name=\"twitter:data1\" content=\"Free Lance International Press\" \/>\n\t<meta name=\"twitter:label2\" content=\"Tempo di lettura stimato\" \/>\n\t<meta name=\"twitter:data2\" content=\"8 minuti\" \/>\n<script type=\"application\/ld+json\" class=\"yoast-schema-graph\">{\"@context\":\"https:\/\/schema.org\",\"@graph\":[{\"@type\":\"Article\",\"@id\":\"https:\/\/www.pressenza.com\/it\/2017\/10\/premio-italia-diritti-umani-2017\/#article\",\"isPartOf\":{\"@id\":\"https:\/\/www.pressenza.com\/it\/2017\/10\/premio-italia-diritti-umani-2017\/\"},\"author\":{\"name\":\"Free Lance International Press\",\"@id\":\"https:\/\/www.pressenza.com\/it\/#\/schema\/person\/444300c671ddbcc76b4bf68bcebc7a77\"},\"headline\":\"Il \u201c Premio Italia diritti umani 2017\u201d\",\"datePublished\":\"2017-10-17T18:48:47+00:00\",\"mainEntityOfPage\":{\"@id\":\"https:\/\/www.pressenza.com\/it\/2017\/10\/premio-italia-diritti-umani-2017\/\"},\"wordCount\":1695,\"publisher\":{\"@id\":\"https:\/\/www.pressenza.com\/it\/#organization\"},\"image\":{\"@id\":\"https:\/\/www.pressenza.com\/it\/2017\/10\/premio-italia-diritti-umani-2017\/#primaryimage\"},\"thumbnailUrl\":\"https:\/\/www.pressenza.com\/wp-content\/uploads\/2017\/10\/flip2017.jpg\",\"keywords\":[\"Amnesty International\",\"diritti umani\",\"Flip\",\"Italia\",\"Roma\"],\"articleSection\":[\"Diritti Umani\"],\"inLanguage\":\"it-IT\"},{\"@type\":\"WebPage\",\"@id\":\"https:\/\/www.pressenza.com\/it\/2017\/10\/premio-italia-diritti-umani-2017\/\",\"url\":\"https:\/\/www.pressenza.com\/it\/2017\/10\/premio-italia-diritti-umani-2017\/\",\"name\":\"Il \u201c Premio Italia diritti umani 2017\u201d\",\"isPartOf\":{\"@id\":\"https:\/\/www.pressenza.com\/it\/#website\"},\"primaryImageOfPage\":{\"@id\":\"https:\/\/www.pressenza.com\/it\/2017\/10\/premio-italia-diritti-umani-2017\/#primaryimage\"},\"image\":{\"@id\":\"https:\/\/www.pressenza.com\/it\/2017\/10\/premio-italia-diritti-umani-2017\/#primaryimage\"},\"thumbnailUrl\":\"https:\/\/www.pressenza.com\/wp-content\/uploads\/2017\/10\/flip2017.jpg\",\"datePublished\":\"2017-10-17T18:48:47+00:00\",\"description\":\"&nbsp; Grande successo a Roma del \u201cPremio Italia diritti umani 2017\u201d, giunto alla sua 16.ma edizione. La manifestazione della consegna dei premi si \u00e8\",\"breadcrumb\":{\"@id\":\"https:\/\/www.pressenza.com\/it\/2017\/10\/premio-italia-diritti-umani-2017\/#breadcrumb\"},\"inLanguage\":\"it-IT\",\"potentialAction\":[{\"@type\":\"ReadAction\",\"target\":[\"https:\/\/www.pressenza.com\/it\/2017\/10\/premio-italia-diritti-umani-2017\/\"]}]},{\"@type\":\"ImageObject\",\"inLanguage\":\"it-IT\",\"@id\":\"https:\/\/www.pressenza.com\/it\/2017\/10\/premio-italia-diritti-umani-2017\/#primaryimage\",\"url\":\"https:\/\/www.pressenza.com\/wp-content\/uploads\/2017\/10\/flip2017.jpg\",\"contentUrl\":\"https:\/\/www.pressenza.com\/wp-content\/uploads\/2017\/10\/flip2017.jpg\",\"width\":600,\"height\":400},{\"@type\":\"BreadcrumbList\",\"@id\":\"https:\/\/www.pressenza.com\/it\/2017\/10\/premio-italia-diritti-umani-2017\/#breadcrumb\",\"itemListElement\":[{\"@type\":\"ListItem\",\"position\":1,\"name\":\"Accueil\",\"item\":\"https:\/\/www.pressenza.com\/it\/\"},{\"@type\":\"ListItem\",\"position\":2,\"name\":\"Il \u201c Premio Italia diritti umani 2017\u201d\"}]},{\"@type\":\"WebSite\",\"@id\":\"https:\/\/www.pressenza.com\/it\/#website\",\"url\":\"https:\/\/www.pressenza.com\/it\/\",\"name\":\"Pressenza\",\"description\":\"Agenzia di Stampa Internazionale\",\"publisher\":{\"@id\":\"https:\/\/www.pressenza.com\/it\/#organization\"},\"potentialAction\":[{\"@type\":\"SearchAction\",\"target\":{\"@type\":\"EntryPoint\",\"urlTemplate\":\"https:\/\/www.pressenza.com\/it\/?s={search_term_string}\"},\"query-input\":{\"@type\":\"PropertyValueSpecification\",\"valueRequired\":true,\"valueName\":\"search_term_string\"}}],\"inLanguage\":\"it-IT\"},{\"@type\":\"Organization\",\"@id\":\"https:\/\/www.pressenza.com\/it\/#organization\",\"name\":\"Pressenza\",\"url\":\"https:\/\/www.pressenza.com\/it\/\",\"logo\":{\"@type\":\"ImageObject\",\"inLanguage\":\"it-IT\",\"@id\":\"https:\/\/www.pressenza.com\/it\/#\/schema\/logo\/image\/\",\"url\":\"https:\/\/www.pressenza.com\/wp-content\/uploads\/2022\/10\/pressenza_logo_200x200.jpg\",\"contentUrl\":\"https:\/\/www.pressenza.com\/wp-content\/uploads\/2022\/10\/pressenza_logo_200x200.jpg\",\"width\":200,\"height\":200,\"caption\":\"Pressenza\"},\"image\":{\"@id\":\"https:\/\/www.pressenza.com\/it\/#\/schema\/logo\/image\/\"},\"sameAs\":[\"https:\/\/www.facebook.com\/PressenzaItalia\",\"https:\/\/x.com\/PressenzaIPA\"]},{\"@type\":\"Person\",\"@id\":\"https:\/\/www.pressenza.com\/it\/#\/schema\/person\/444300c671ddbcc76b4bf68bcebc7a77\",\"name\":\"Free Lance International Press\",\"description\":\"www.flipnews.org\",\"url\":\"https:\/\/www.pressenza.com\/it\/author\/free-lance-international-press\/\"}]}<\/script>\n<!-- \/ Yoast SEO plugin. -->","yoast_head_json":{"title":"Il \u201c Premio Italia diritti umani 2017\u201d","description":"&nbsp; Grande successo a Roma del \u201cPremio Italia diritti umani 2017\u201d, giunto alla sua 16.ma edizione. La manifestazione della consegna dei premi si \u00e8","robots":{"index":"index","follow":"follow","max-snippet":"max-snippet:-1","max-image-preview":"max-image-preview:large","max-video-preview":"max-video-preview:-1"},"canonical":"https:\/\/www.pressenza.com\/it\/2017\/10\/premio-italia-diritti-umani-2017\/","og_locale":"it_IT","og_type":"article","og_title":"Il \u201c Premio Italia diritti umani 2017\u201d","og_description":"&nbsp; Grande successo a Roma del \u201cPremio Italia diritti umani 2017\u201d, giunto alla sua 16.ma edizione. La manifestazione della consegna dei premi si \u00e8","og_url":"https:\/\/www.pressenza.com\/it\/2017\/10\/premio-italia-diritti-umani-2017\/","og_site_name":"Pressenza","article_publisher":"https:\/\/www.facebook.com\/PressenzaItalia","article_published_time":"2017-10-17T18:48:47+00:00","og_image":[{"width":600,"height":400,"url":"https:\/\/www.pressenza.com\/wp-content\/uploads\/2017\/10\/flip2017.jpg","type":"image\/jpeg"}],"author":"Free Lance International Press","twitter_card":"summary_large_image","twitter_creator":"@PressenzaIPA","twitter_site":"@PressenzaIPA","twitter_misc":{"Scritto da":"Free Lance International Press","Tempo di lettura stimato":"8 minuti"},"schema":{"@context":"https:\/\/schema.org","@graph":[{"@type":"Article","@id":"https:\/\/www.pressenza.com\/it\/2017\/10\/premio-italia-diritti-umani-2017\/#article","isPartOf":{"@id":"https:\/\/www.pressenza.com\/it\/2017\/10\/premio-italia-diritti-umani-2017\/"},"author":{"name":"Free Lance International Press","@id":"https:\/\/www.pressenza.com\/it\/#\/schema\/person\/444300c671ddbcc76b4bf68bcebc7a77"},"headline":"Il \u201c Premio Italia diritti umani 2017\u201d","datePublished":"2017-10-17T18:48:47+00:00","mainEntityOfPage":{"@id":"https:\/\/www.pressenza.com\/it\/2017\/10\/premio-italia-diritti-umani-2017\/"},"wordCount":1695,"publisher":{"@id":"https:\/\/www.pressenza.com\/it\/#organization"},"image":{"@id":"https:\/\/www.pressenza.com\/it\/2017\/10\/premio-italia-diritti-umani-2017\/#primaryimage"},"thumbnailUrl":"https:\/\/www.pressenza.com\/wp-content\/uploads\/2017\/10\/flip2017.jpg","keywords":["Amnesty International","diritti umani","Flip","Italia","Roma"],"articleSection":["Diritti Umani"],"inLanguage":"it-IT"},{"@type":"WebPage","@id":"https:\/\/www.pressenza.com\/it\/2017\/10\/premio-italia-diritti-umani-2017\/","url":"https:\/\/www.pressenza.com\/it\/2017\/10\/premio-italia-diritti-umani-2017\/","name":"Il \u201c Premio Italia diritti umani 2017\u201d","isPartOf":{"@id":"https:\/\/www.pressenza.com\/it\/#website"},"primaryImageOfPage":{"@id":"https:\/\/www.pressenza.com\/it\/2017\/10\/premio-italia-diritti-umani-2017\/#primaryimage"},"image":{"@id":"https:\/\/www.pressenza.com\/it\/2017\/10\/premio-italia-diritti-umani-2017\/#primaryimage"},"thumbnailUrl":"https:\/\/www.pressenza.com\/wp-content\/uploads\/2017\/10\/flip2017.jpg","datePublished":"2017-10-17T18:48:47+00:00","description":"&nbsp; Grande successo a Roma del \u201cPremio Italia diritti umani 2017\u201d, giunto alla sua 16.ma edizione. La manifestazione della consegna dei premi si \u00e8","breadcrumb":{"@id":"https:\/\/www.pressenza.com\/it\/2017\/10\/premio-italia-diritti-umani-2017\/#breadcrumb"},"inLanguage":"it-IT","potentialAction":[{"@type":"ReadAction","target":["https:\/\/www.pressenza.com\/it\/2017\/10\/premio-italia-diritti-umani-2017\/"]}]},{"@type":"ImageObject","inLanguage":"it-IT","@id":"https:\/\/www.pressenza.com\/it\/2017\/10\/premio-italia-diritti-umani-2017\/#primaryimage","url":"https:\/\/www.pressenza.com\/wp-content\/uploads\/2017\/10\/flip2017.jpg","contentUrl":"https:\/\/www.pressenza.com\/wp-content\/uploads\/2017\/10\/flip2017.jpg","width":600,"height":400},{"@type":"BreadcrumbList","@id":"https:\/\/www.pressenza.com\/it\/2017\/10\/premio-italia-diritti-umani-2017\/#breadcrumb","itemListElement":[{"@type":"ListItem","position":1,"name":"Accueil","item":"https:\/\/www.pressenza.com\/it\/"},{"@type":"ListItem","position":2,"name":"Il \u201c Premio Italia diritti umani 2017\u201d"}]},{"@type":"WebSite","@id":"https:\/\/www.pressenza.com\/it\/#website","url":"https:\/\/www.pressenza.com\/it\/","name":"Pressenza","description":"Agenzia di Stampa Internazionale","publisher":{"@id":"https:\/\/www.pressenza.com\/it\/#organization"},"potentialAction":[{"@type":"SearchAction","target":{"@type":"EntryPoint","urlTemplate":"https:\/\/www.pressenza.com\/it\/?s={search_term_string}"},"query-input":{"@type":"PropertyValueSpecification","valueRequired":true,"valueName":"search_term_string"}}],"inLanguage":"it-IT"},{"@type":"Organization","@id":"https:\/\/www.pressenza.com\/it\/#organization","name":"Pressenza","url":"https:\/\/www.pressenza.com\/it\/","logo":{"@type":"ImageObject","inLanguage":"it-IT","@id":"https:\/\/www.pressenza.com\/it\/#\/schema\/logo\/image\/","url":"https:\/\/www.pressenza.com\/wp-content\/uploads\/2022\/10\/pressenza_logo_200x200.jpg","contentUrl":"https:\/\/www.pressenza.com\/wp-content\/uploads\/2022\/10\/pressenza_logo_200x200.jpg","width":200,"height":200,"caption":"Pressenza"},"image":{"@id":"https:\/\/www.pressenza.com\/it\/#\/schema\/logo\/image\/"},"sameAs":["https:\/\/www.facebook.com\/PressenzaItalia","https:\/\/x.com\/PressenzaIPA"]},{"@type":"Person","@id":"https:\/\/www.pressenza.com\/it\/#\/schema\/person\/444300c671ddbcc76b4bf68bcebc7a77","name":"Free Lance International Press","description":"www.flipnews.org","url":"https:\/\/www.pressenza.com\/it\/author\/free-lance-international-press\/"}]}},"place":"Roma","original_article_url":"","_links":{"self":[{"href":"https:\/\/www.pressenza.com\/it\/wp-json\/wp\/v2\/posts\/540833","targetHints":{"allow":["GET"]}}],"collection":[{"href":"https:\/\/www.pressenza.com\/it\/wp-json\/wp\/v2\/posts"}],"about":[{"href":"https:\/\/www.pressenza.com\/it\/wp-json\/wp\/v2\/types\/post"}],"author":[{"embeddable":true,"href":"https:\/\/www.pressenza.com\/it\/wp-json\/wp\/v2\/users\/1370"}],"replies":[{"embeddable":true,"href":"https:\/\/www.pressenza.com\/it\/wp-json\/wp\/v2\/comments?post=540833"}],"version-history":[{"count":0,"href":"https:\/\/www.pressenza.com\/it\/wp-json\/wp\/v2\/posts\/540833\/revisions"}],"wp:featuredmedia":[{"embeddable":true,"href":"https:\/\/www.pressenza.com\/it\/wp-json\/wp\/v2\/media\/540834"}],"wp:attachment":[{"href":"https:\/\/www.pressenza.com\/it\/wp-json\/wp\/v2\/media?parent=540833"}],"wp:term":[{"taxonomy":"category","embeddable":true,"href":"https:\/\/www.pressenza.com\/it\/wp-json\/wp\/v2\/categories?post=540833"},{"taxonomy":"post_tag","embeddable":true,"href":"https:\/\/www.pressenza.com\/it\/wp-json\/wp\/v2\/tags?post=540833"}],"curies":[{"name":"wp","href":"https:\/\/api.w.org\/{rel}","templated":true}]}}