{"id":540528,"date":"2017-10-17T14:47:37","date_gmt":"2017-10-17T13:47:37","guid":{"rendered":"https:\/\/www.pressenza.com\/?p=540528\/"},"modified":"2017-10-17T14:47:37","modified_gmt":"2017-10-17T13:47:37","slug":"ferdinando-maddaloni-inseguiamo-la-consapevolezza-della-verita-al-grido-facciamocela","status":"publish","type":"post","link":"https:\/\/www.pressenza.com\/it\/2017\/10\/ferdinando-maddaloni-inseguiamo-la-consapevolezza-della-verita-al-grido-facciamocela\/","title":{"rendered":"FerdiNando Maddaloni: &#8220;Inseguiamo la consapevolezza della verit\u00e0 al grido di facciamocela!&#8221;"},"content":{"rendered":"<p><span style=\"color: #800000;\"><em>Abbiamo avuto l&#8217;opportunit\u00e0 d&#8217;incontrare <a href=\"https:\/\/it.wikipedia.org\/wiki\/Ferdinando_Maddaloni\"><strong>FerdiNando Maddaloni<\/strong><\/a>, attore, regista e scrittore con il quale abbiamo approfondito\u00a0 il tema dell&#8217;impegno civile attraverso la recitazione e di cosa lo spinge ad occuparsi di tematiche scomode e oscurate\u00a0con tale passione e determinatezza. Ne \u00e8 venuta fuori un&#8217;intervista molto significativa e interessante durante la quale, tra l&#8217;altro, si \u00e8 parlato del suo recente lavoro dal titolo &#8220;Non cercare la logica dove non l\u2019hai messa tu&#8221;, insignito agli Independent Documentary Awards 2016 di Hollywood e al <\/em><em>Portugal Film Festival 2017. <\/em><\/span><\/p>\n<p><strong>Fai del cinema, della TV e del teatro, cosa ti ha portato a occuparti anche di teatro civile? <\/strong><\/p>\n<p>Ottobre 2002. Una immagine in televisione di una donna nel piazzale deserto antistante al Teatro Dubrovka di Mosca, in attesa di andare a parlare con i terroristi ceceni che avevano preso in ostaggio attori e spettatori del musical \u201cNord Ost\u201d. Mi colp\u00ec il particolare che ai suoi piedi avesse una cassetta d\u2019acqua. Poi nel settembre del 2004 durante la crisi di Beslan ho sperato tanto di rivederla. Ma non c\u2019era. Soltanto dopo ho saputo il motivo della sua assenza. L\u2019ho rivista nel 2006, uscire dal suo palazzo su una lettiga, colpita da 5 colpi di makharov. Si chiamava Anna Politkovskaja. Il 7 ottobre del 2006 \u00e8 iniziato tutto. Ho avvertito una gran sete di verit\u00e0 e ho scaraventato tutti i miei stati d\u2019animo nella mia prima docufiction \u201cAnna Politkovskaja: concerto per voce solitaria\u201d elemento centrale dell\u2019omonimo concerto spettacolo con Carmen Femiano e il teatro canzone di Nicola Dragotto che ha girato per tutta l\u2019Italia<\/p>\n<p><strong>Che importanza assume l\u2019essere impegnati civilmente attraverso la recitazione? <\/strong><\/p>\n<p>Fondamentale. Per me alla base c\u2019\u00e8 sempre una forte motivazione personale, non dell\u2019Artista ma dell\u2019Uomo. L&#8217;Artista poi mette al servizio dell&#8217;Uomo le sue capacit\u00e0 comunicative, dimenticando la propria componente egocentrica. In poche parole: se non faccio nulla, anche nel mio piccolo per provare a raddrizzare il timone di questa nave alla deriva, non posso neanche lamentarmi<\/p>\n<p><strong>Quali sono i temi che hai trattato con il teatro civile? <\/strong><\/p>\n<p>Nel 2008 con la mia compagnia Artisti Civili ho dato vita al progetto \u201cArte, informazione e disinformazione ad arte\u201d. Un tema unico (l\u2019informazione) e tre argomenti diversificati per paesi (Russia, Stati Uniti e Italia). Dopo il lavoro sulla Politkovskaja, mi sono occupato di informazione e disinformazione sui tragici avvenimenti dell\u201911 settembre 2001 dal titolo \u201cYOU DECIDE\u201d, un TheatReality stile Grande Fratello, al termine del quale tocca al pubblico presente in sala esprimere il proprio giudizio in favore della tesi pi\u00f9 convincente tra strage o complotto<\/p>\n<p><strong>Che riscontri hai o hai avuto dal pubblico? Il teatro civile pu\u00f2 essere uno strumento per seminare consapevolezza e speranza? <\/strong><\/p>\n<p>Il pubblico \u00e8 crudele se capisce che stai barando, in teatro non hai uno schermo a proteggerti. In YOU DECIDE uno dei due protagonisti \u00e8 un disoccupato romano, Armandino, un disoccupato romano che solo alla fine sottovoce in lacrime confessa i motivi del suo interesse per le vicende dell\u201911 settembre 2001. In quel momento la realt\u00e0 di milioni di vite distrutte durante e dopo quell\u2019evento s\u2019impossessano del palcoscenico, unendosi alla platea e restituendo a chi sta sul palco brividi di sdegno. Basta solo accendere la miccia della speranza poi artisti e spettatori si trovano sulla stessa barca ad inseguire la consapevolezza della verit\u00e0 al grido di \u201cfacciamocela!\u201d<\/p>\n<p><strong>Hai portato in scena la vicenda della giornalista Ilaria Alpi. Perch\u00e9 questa storia ti ha cos\u00ec tanto appassionato mentre la giustizia, i media e di conseguenza anche l&#8217;opinione pubblica l&#8217;hanno archiviata in breve tempo? <\/strong><\/p>\n<p>Leggere un comunicato ufficiale nel quale si sosteneva che Ilaria Alpi fosse in vacanza a Mogadiscio mi ha fatto indignare e non poco. Ho pensato subito ai genitori della giornalista. Poi anche alla vita, segnata per sempre, del povero Hashi Omar Assan. Il testo \u00e8 nato in una notte, di getto, proprio perch\u00e9 la vicenda \u00e8 stata archiviata in breve tempo. Vedi, quando su un determinato argomento c\u2019\u00e8 una forte pressione della societ\u00e0 civile, denunciare \u00e8 superfluo. E\u2019 quando si abbassa l\u2019asticella dell\u2019attenzione che tocca intervenire senza mai smettere per\u00f2 di sognare un mondo migliore.<\/p>\n<p><strong>Un anno fa circa \u00e8 uscito una docu-fiction premiata poi ad Hollywood agli Independent Documentary Awards 2016 e al Portugal Film Festival 2017 dal titolo &#8220;Non cercare la logica dove non l\u2019hai messa tu&#8221;. Di cosa parla e che messaggio intendi trasmettere con questo tuo ultimo lavoro? <\/strong><\/p>\n<p>Si tratta di un videodiario, nel quale svelo tutti i retroscena del precedente lavoro su Anna Politkovskaja, partendo dall\u2019amicizia con Andrei Mironov, ucciso nel maggio 2014 in Ucraina. Andrei per anni ha ispirato i miei testi, accompagnandomi, non solo fisicamente, nell\u2019inferno dei territori pi\u00f9 bui dell\u2019animo umano. Con lui ho fatto il mio primo viaggio a Beslan per mettere su \u201cUna videoteca per Beslan\u201d per i bambini sopravvissuti alla strage del 2004. Ora Beslan \u00e8 una seconda casa per me. Il messaggio? Persone speciali come Andrei non muoiono con il loro corpo, continuano a vivere anche grazie agli insegnamenti involontari che mi ha lasciato come quello con cui chiudeva quasi tutte le nostre discussioni &#8220;Caro Ferdinando, non cercare la logica dove non l\u2019hai messa tu&#8221;<\/p>\n<p><strong>Cosa hai in cantiere in questo periodo? <\/strong><\/p>\n<p>Proprio oggi inizio il montaggio di Shukrun.\u00a0Il mio primo cortometraggio &#8220;in versi&#8221;\u00a0per dire\u00a0&#8220;Shukrun&#8221;\u00a0a tutti i perfetti sconosciuti che ho incrociato durante i miei solitari viaggi e che\u00a0mi hanno aiutato, a volte, in cambio di un abbraccio. Ci sono infatti viaggi e persone che ti cambiano la vita. Nel 2000 sono fuggito\u00a0nello Yemen, perch\u00e9 sentivo che\u00a0stavo perdendo\u00a0la mia personale battaglia contro i luoghi comuni. Ignoranza, razzismo si stavano inoculando nella mia mente come dei virus.\u00a0Poi Sana&#8217;a e la sua gente mi hanno offerto\u00a0una bella scorta di antibiotici. Cos\u00ec come l&#8217;Ossezia del Nord (Beslan) e il Marocco (El Jadida). E ogni volta che vedo un barcone arrivare da noi, mi auguro che anche loro possano trovare qui\u00a0quello che cercano e magari poter dire &#8220;Grazie&#8221; anche solo con un abbraccio<\/p>\n<p><strong>Hai paura che il tuo teatro di denuncia un giorno possa metterti in pericolo o in qualche modo bloccare il tuo cammino da attore e regista? <\/strong><\/p>\n<p>Quando avverto l\u2019esigenza di raccontare una storia, non penso mai ai pericoli ma a quello che di positivo pu\u00f2 produrre quella denuncia, che risulta inutile se \u00e8 fine a se stessa. Il mio cammino di artista non pu\u00f2 che beneficiare di queste esperienze, che spesso ti portano a diretto contatto col pubblico, arricchendo la mia voglia inesauribile di mettermi in gioco ed esplorare anche altri \u201cterritori\u201d. Ora infatti sono in procinto di affrontare una commedia brillante dal titolo \u201cMariti e mogli\u201d con Monica Guerritore e Francesca Reggiani che far\u00e0 una lunga tourn\u00e9e in tutta Italia (sar\u00e0 al Teatro Quirino di Roma a partire dal 5 -17 dicembre 2017)<\/p>\n<p><span style=\"color: #800000;\"><em>Qui di seguito il trailer del docufilm &#8220;Non cercare la logica dove non l\u2019hai messa tu&#8221;<\/em><\/span><\/p>\n<p><iframe loading=\"lazy\" src=\"https:\/\/player.vimeo.com\/video\/193870758\" width=\"720\" height=\"405\" frameborder=\"0\" allowfullscreen=\"allowfullscreen\"><\/iframe><\/p>\n<p><a href=\"https:\/\/vimeo.com\/193870758\">Trailer &#8211; Non cercare mai la logica dove non l&#8217;hai messa &#8211; Ita 2016<\/a> from <a href=\"https:\/\/vimeo.com\/user53982739\">Ferdinando Maddaloni<\/a> on <a href=\"https:\/\/vimeo.com\">Vimeo<\/a>.<\/p>\n","protected":false},"excerpt":{"rendered":"<p>Abbiamo avuto l&#8217;opportunit\u00e0 d&#8217;incontrare FerdiNando Maddaloni, attore, regista e scrittore con il quale abbiamo approfondito\u00a0 il tema dell&#8217;impegno civile attraverso la recitazione e di cosa lo spinge ad occuparsi di tematiche scomode e oscurate\u00a0con tale passione e determinatezza. Ne \u00e8&hellip;<\/p>\n","protected":false},"author":680,"featured_media":540529,"comment_status":"closed","ping_status":"closed","sticky":false,"template":"","format":"standard","meta":{"footnotes":""},"categories":[11388,56,47],"tags":[41137,41135,41136,41134,9238,41132,41131,41133,8514],"class_list":["post-540528","post","type-post","status-publish","format-standard","has-post-thumbnail","hentry","category-contenuti-originali","category-cultura","category-europa","tag-andrei-mironov","tag-anna-politkovskaja","tag-antonio-russo","tag-artisti-civili","tag-cecenia","tag-docufilm-non-cercare-la-logica-dove-non-lhai-messa-tu","tag-ferdinando-maddaloni","tag-teatro-civile","tag-ucraina"],"yoast_head":"<!-- This site is optimized with the Yoast SEO plugin v27.1.1 - https:\/\/yoast.com\/product\/yoast-seo-wordpress\/ -->\n<title>FerdiNando Maddaloni: &quot;Inseguiamo la consapevolezza della verit\u00e0 al grido di facciamocela!&quot;<\/title>\n<meta name=\"description\" content=\"Abbiamo avuto l&#039;opportunit\u00e0 d&#039;incontrare FerdiNando Maddaloni, attore, regista e scrittore con il quale abbiamo approfondito\u00a0 il tema dell&#039;impegno civile\" \/>\n<meta name=\"robots\" content=\"index, follow, max-snippet:-1, max-image-preview:large, max-video-preview:-1\" \/>\n<link rel=\"canonical\" href=\"https:\/\/www.pressenza.com\/it\/2017\/10\/ferdinando-maddaloni-inseguiamo-la-consapevolezza-della-verita-al-grido-facciamocela\/\" \/>\n<meta property=\"og:locale\" content=\"it_IT\" \/>\n<meta property=\"og:type\" content=\"article\" \/>\n<meta property=\"og:title\" content=\"FerdiNando Maddaloni: &quot;Inseguiamo la consapevolezza della verit\u00e0 al grido di facciamocela!&quot;\" \/>\n<meta property=\"og:description\" content=\"Abbiamo avuto l&#039;opportunit\u00e0 d&#039;incontrare FerdiNando Maddaloni, attore, regista e scrittore con il quale abbiamo approfondito\u00a0 il tema dell&#039;impegno civile\" \/>\n<meta property=\"og:url\" content=\"https:\/\/www.pressenza.com\/it\/2017\/10\/ferdinando-maddaloni-inseguiamo-la-consapevolezza-della-verita-al-grido-facciamocela\/\" \/>\n<meta property=\"og:site_name\" content=\"Pressenza\" \/>\n<meta property=\"article:publisher\" content=\"https:\/\/www.facebook.com\/PressenzaItalia\" \/>\n<meta property=\"article:author\" content=\"https:\/\/www.facebook.com\/dariosolare\" \/>\n<meta property=\"article:published_time\" content=\"2017-10-17T13:47:37+00:00\" \/>\n<meta property=\"og:image\" content=\"https:\/\/www.pressenza.com\/wp-content\/uploads\/2017\/10\/Preview-hollywood.jpg\" \/>\n\t<meta property=\"og:image:width\" content=\"2048\" \/>\n\t<meta property=\"og:image:height\" content=\"1152\" \/>\n\t<meta property=\"og:image:type\" content=\"image\/jpeg\" \/>\n<meta name=\"author\" content=\"Dario Lo Scalzo\" \/>\n<meta name=\"twitter:card\" content=\"summary_large_image\" \/>\n<meta name=\"twitter:creator\" content=\"@dario-lo-scalzo\" \/>\n<meta name=\"twitter:site\" content=\"@PressenzaIPA\" \/>\n<meta name=\"twitter:label1\" content=\"Scritto da\" \/>\n\t<meta name=\"twitter:data1\" content=\"Dario Lo Scalzo\" \/>\n\t<meta name=\"twitter:label2\" content=\"Tempo di lettura stimato\" \/>\n\t<meta name=\"twitter:data2\" content=\"6 minuti\" \/>\n<script type=\"application\/ld+json\" class=\"yoast-schema-graph\">{\"@context\":\"https:\/\/schema.org\",\"@graph\":[{\"@type\":\"Article\",\"@id\":\"https:\/\/www.pressenza.com\/it\/2017\/10\/ferdinando-maddaloni-inseguiamo-la-consapevolezza-della-verita-al-grido-facciamocela\/#article\",\"isPartOf\":{\"@id\":\"https:\/\/www.pressenza.com\/it\/2017\/10\/ferdinando-maddaloni-inseguiamo-la-consapevolezza-della-verita-al-grido-facciamocela\/\"},\"author\":{\"name\":\"Dario Lo Scalzo\",\"@id\":\"https:\/\/www.pressenza.com\/it\/#\/schema\/person\/4734d5a58e73e1588c6b58e2610d4390\"},\"headline\":\"FerdiNando Maddaloni: &#8220;Inseguiamo la consapevolezza della verit\u00e0 al grido di facciamocela!&#8221;\",\"datePublished\":\"2017-10-17T13:47:37+00:00\",\"mainEntityOfPage\":{\"@id\":\"https:\/\/www.pressenza.com\/it\/2017\/10\/ferdinando-maddaloni-inseguiamo-la-consapevolezza-della-verita-al-grido-facciamocela\/\"},\"wordCount\":1176,\"publisher\":{\"@id\":\"https:\/\/www.pressenza.com\/it\/#organization\"},\"image\":{\"@id\":\"https:\/\/www.pressenza.com\/it\/2017\/10\/ferdinando-maddaloni-inseguiamo-la-consapevolezza-della-verita-al-grido-facciamocela\/#primaryimage\"},\"thumbnailUrl\":\"https:\/\/www.pressenza.com\/wp-content\/uploads\/2017\/10\/Preview-hollywood.jpg\",\"keywords\":[\"Andrei Mironov\",\"Anna Politkovskaja\",\"Antonio Russo\",\"artisti civili\",\"Cecenia\",\"docufilm Non cercare la logica dove non l\u2019hai messa tu\",\"Ferdinando Maddaloni\",\"teatro civile\",\"Ucraina\"],\"articleSection\":[\"contenuti originali\",\"Cultura e Media\",\"Europa\"],\"inLanguage\":\"it-IT\"},{\"@type\":\"WebPage\",\"@id\":\"https:\/\/www.pressenza.com\/it\/2017\/10\/ferdinando-maddaloni-inseguiamo-la-consapevolezza-della-verita-al-grido-facciamocela\/\",\"url\":\"https:\/\/www.pressenza.com\/it\/2017\/10\/ferdinando-maddaloni-inseguiamo-la-consapevolezza-della-verita-al-grido-facciamocela\/\",\"name\":\"FerdiNando Maddaloni: \\\"Inseguiamo la consapevolezza della verit\u00e0 al grido di facciamocela!\\\"\",\"isPartOf\":{\"@id\":\"https:\/\/www.pressenza.com\/it\/#website\"},\"primaryImageOfPage\":{\"@id\":\"https:\/\/www.pressenza.com\/it\/2017\/10\/ferdinando-maddaloni-inseguiamo-la-consapevolezza-della-verita-al-grido-facciamocela\/#primaryimage\"},\"image\":{\"@id\":\"https:\/\/www.pressenza.com\/it\/2017\/10\/ferdinando-maddaloni-inseguiamo-la-consapevolezza-della-verita-al-grido-facciamocela\/#primaryimage\"},\"thumbnailUrl\":\"https:\/\/www.pressenza.com\/wp-content\/uploads\/2017\/10\/Preview-hollywood.jpg\",\"datePublished\":\"2017-10-17T13:47:37+00:00\",\"description\":\"Abbiamo avuto l'opportunit\u00e0 d'incontrare FerdiNando Maddaloni, attore, regista e scrittore con il quale abbiamo approfondito\u00a0 il tema dell'impegno civile\",\"breadcrumb\":{\"@id\":\"https:\/\/www.pressenza.com\/it\/2017\/10\/ferdinando-maddaloni-inseguiamo-la-consapevolezza-della-verita-al-grido-facciamocela\/#breadcrumb\"},\"inLanguage\":\"it-IT\",\"potentialAction\":[{\"@type\":\"ReadAction\",\"target\":[\"https:\/\/www.pressenza.com\/it\/2017\/10\/ferdinando-maddaloni-inseguiamo-la-consapevolezza-della-verita-al-grido-facciamocela\/\"]}]},{\"@type\":\"ImageObject\",\"inLanguage\":\"it-IT\",\"@id\":\"https:\/\/www.pressenza.com\/it\/2017\/10\/ferdinando-maddaloni-inseguiamo-la-consapevolezza-della-verita-al-grido-facciamocela\/#primaryimage\",\"url\":\"https:\/\/www.pressenza.com\/wp-content\/uploads\/2017\/10\/Preview-hollywood.jpg\",\"contentUrl\":\"https:\/\/www.pressenza.com\/wp-content\/uploads\/2017\/10\/Preview-hollywood.jpg\",\"width\":2048,\"height\":1152},{\"@type\":\"BreadcrumbList\",\"@id\":\"https:\/\/www.pressenza.com\/it\/2017\/10\/ferdinando-maddaloni-inseguiamo-la-consapevolezza-della-verita-al-grido-facciamocela\/#breadcrumb\",\"itemListElement\":[{\"@type\":\"ListItem\",\"position\":1,\"name\":\"Accueil\",\"item\":\"https:\/\/www.pressenza.com\/it\/\"},{\"@type\":\"ListItem\",\"position\":2,\"name\":\"FerdiNando Maddaloni: &#8220;Inseguiamo la consapevolezza della verit\u00e0 al grido di facciamocela!&#8221;\"}]},{\"@type\":\"WebSite\",\"@id\":\"https:\/\/www.pressenza.com\/it\/#website\",\"url\":\"https:\/\/www.pressenza.com\/it\/\",\"name\":\"Pressenza\",\"description\":\"Agenzia di Stampa Internazionale\",\"publisher\":{\"@id\":\"https:\/\/www.pressenza.com\/it\/#organization\"},\"potentialAction\":[{\"@type\":\"SearchAction\",\"target\":{\"@type\":\"EntryPoint\",\"urlTemplate\":\"https:\/\/www.pressenza.com\/it\/?s={search_term_string}\"},\"query-input\":{\"@type\":\"PropertyValueSpecification\",\"valueRequired\":true,\"valueName\":\"search_term_string\"}}],\"inLanguage\":\"it-IT\"},{\"@type\":\"Organization\",\"@id\":\"https:\/\/www.pressenza.com\/it\/#organization\",\"name\":\"Pressenza\",\"url\":\"https:\/\/www.pressenza.com\/it\/\",\"logo\":{\"@type\":\"ImageObject\",\"inLanguage\":\"it-IT\",\"@id\":\"https:\/\/www.pressenza.com\/it\/#\/schema\/logo\/image\/\",\"url\":\"https:\/\/www.pressenza.com\/wp-content\/uploads\/2022\/10\/pressenza_logo_200x200.jpg\",\"contentUrl\":\"https:\/\/www.pressenza.com\/wp-content\/uploads\/2022\/10\/pressenza_logo_200x200.jpg\",\"width\":200,\"height\":200,\"caption\":\"Pressenza\"},\"image\":{\"@id\":\"https:\/\/www.pressenza.com\/it\/#\/schema\/logo\/image\/\"},\"sameAs\":[\"https:\/\/www.facebook.com\/PressenzaItalia\",\"https:\/\/x.com\/PressenzaIPA\"]},{\"@type\":\"Person\",\"@id\":\"https:\/\/www.pressenza.com\/it\/#\/schema\/person\/4734d5a58e73e1588c6b58e2610d4390\",\"name\":\"Dario Lo Scalzo\",\"description\":\"Dario Lo Scalzo: Journalist, writer and videomaker Dario has a professional background in banking, microcredit, lean thinking and change management. For years, he has been involved in Human Rights and Nonviolence issues. As a journalist, he wrote for Terranauta and Il Cambiamento (as a columnist and creator of the \\\"Invisible Stories\\\" section). He also cooperated with other online and print newpapers (Girodivite, Left Avvenimenti, Il Clandestino con permesso di soggiorno). In 2020, he created and launched the Video Team of the online green magazine \\\"GreenMe\\\". Currently, Dario is part of the Italian editorial staff of Pressenza International Press Agency and he is a freelance video-journalist at Radiotelevisione svizzera (RSI)\",\"sameAs\":[\"https:\/\/www.facebook.com\/dariosolare\",\"https:\/\/x.com\/dario-lo-scalzo\"],\"url\":\"https:\/\/www.pressenza.com\/it\/author\/dario-lo-scalzo\/\"}]}<\/script>\n<!-- \/ Yoast SEO plugin. -->","yoast_head_json":{"title":"FerdiNando Maddaloni: \"Inseguiamo la consapevolezza della verit\u00e0 al grido di facciamocela!\"","description":"Abbiamo avuto l'opportunit\u00e0 d'incontrare FerdiNando Maddaloni, attore, regista e scrittore con il quale abbiamo approfondito\u00a0 il tema dell'impegno civile","robots":{"index":"index","follow":"follow","max-snippet":"max-snippet:-1","max-image-preview":"max-image-preview:large","max-video-preview":"max-video-preview:-1"},"canonical":"https:\/\/www.pressenza.com\/it\/2017\/10\/ferdinando-maddaloni-inseguiamo-la-consapevolezza-della-verita-al-grido-facciamocela\/","og_locale":"it_IT","og_type":"article","og_title":"FerdiNando Maddaloni: \"Inseguiamo la consapevolezza della verit\u00e0 al grido di facciamocela!\"","og_description":"Abbiamo avuto l'opportunit\u00e0 d'incontrare FerdiNando Maddaloni, attore, regista e scrittore con il quale abbiamo approfondito\u00a0 il tema dell'impegno civile","og_url":"https:\/\/www.pressenza.com\/it\/2017\/10\/ferdinando-maddaloni-inseguiamo-la-consapevolezza-della-verita-al-grido-facciamocela\/","og_site_name":"Pressenza","article_publisher":"https:\/\/www.facebook.com\/PressenzaItalia","article_author":"https:\/\/www.facebook.com\/dariosolare","article_published_time":"2017-10-17T13:47:37+00:00","og_image":[{"width":2048,"height":1152,"url":"https:\/\/www.pressenza.com\/wp-content\/uploads\/2017\/10\/Preview-hollywood.jpg","type":"image\/jpeg"}],"author":"Dario Lo Scalzo","twitter_card":"summary_large_image","twitter_creator":"@dario-lo-scalzo","twitter_site":"@PressenzaIPA","twitter_misc":{"Scritto da":"Dario Lo Scalzo","Tempo di lettura stimato":"6 minuti"},"schema":{"@context":"https:\/\/schema.org","@graph":[{"@type":"Article","@id":"https:\/\/www.pressenza.com\/it\/2017\/10\/ferdinando-maddaloni-inseguiamo-la-consapevolezza-della-verita-al-grido-facciamocela\/#article","isPartOf":{"@id":"https:\/\/www.pressenza.com\/it\/2017\/10\/ferdinando-maddaloni-inseguiamo-la-consapevolezza-della-verita-al-grido-facciamocela\/"},"author":{"name":"Dario Lo Scalzo","@id":"https:\/\/www.pressenza.com\/it\/#\/schema\/person\/4734d5a58e73e1588c6b58e2610d4390"},"headline":"FerdiNando Maddaloni: &#8220;Inseguiamo la consapevolezza della verit\u00e0 al grido di facciamocela!&#8221;","datePublished":"2017-10-17T13:47:37+00:00","mainEntityOfPage":{"@id":"https:\/\/www.pressenza.com\/it\/2017\/10\/ferdinando-maddaloni-inseguiamo-la-consapevolezza-della-verita-al-grido-facciamocela\/"},"wordCount":1176,"publisher":{"@id":"https:\/\/www.pressenza.com\/it\/#organization"},"image":{"@id":"https:\/\/www.pressenza.com\/it\/2017\/10\/ferdinando-maddaloni-inseguiamo-la-consapevolezza-della-verita-al-grido-facciamocela\/#primaryimage"},"thumbnailUrl":"https:\/\/www.pressenza.com\/wp-content\/uploads\/2017\/10\/Preview-hollywood.jpg","keywords":["Andrei Mironov","Anna Politkovskaja","Antonio Russo","artisti civili","Cecenia","docufilm Non cercare la logica dove non l\u2019hai messa tu","Ferdinando Maddaloni","teatro civile","Ucraina"],"articleSection":["contenuti originali","Cultura e Media","Europa"],"inLanguage":"it-IT"},{"@type":"WebPage","@id":"https:\/\/www.pressenza.com\/it\/2017\/10\/ferdinando-maddaloni-inseguiamo-la-consapevolezza-della-verita-al-grido-facciamocela\/","url":"https:\/\/www.pressenza.com\/it\/2017\/10\/ferdinando-maddaloni-inseguiamo-la-consapevolezza-della-verita-al-grido-facciamocela\/","name":"FerdiNando Maddaloni: \"Inseguiamo la consapevolezza della verit\u00e0 al grido di facciamocela!\"","isPartOf":{"@id":"https:\/\/www.pressenza.com\/it\/#website"},"primaryImageOfPage":{"@id":"https:\/\/www.pressenza.com\/it\/2017\/10\/ferdinando-maddaloni-inseguiamo-la-consapevolezza-della-verita-al-grido-facciamocela\/#primaryimage"},"image":{"@id":"https:\/\/www.pressenza.com\/it\/2017\/10\/ferdinando-maddaloni-inseguiamo-la-consapevolezza-della-verita-al-grido-facciamocela\/#primaryimage"},"thumbnailUrl":"https:\/\/www.pressenza.com\/wp-content\/uploads\/2017\/10\/Preview-hollywood.jpg","datePublished":"2017-10-17T13:47:37+00:00","description":"Abbiamo avuto l'opportunit\u00e0 d'incontrare FerdiNando Maddaloni, attore, regista e scrittore con il quale abbiamo approfondito\u00a0 il tema dell'impegno civile","breadcrumb":{"@id":"https:\/\/www.pressenza.com\/it\/2017\/10\/ferdinando-maddaloni-inseguiamo-la-consapevolezza-della-verita-al-grido-facciamocela\/#breadcrumb"},"inLanguage":"it-IT","potentialAction":[{"@type":"ReadAction","target":["https:\/\/www.pressenza.com\/it\/2017\/10\/ferdinando-maddaloni-inseguiamo-la-consapevolezza-della-verita-al-grido-facciamocela\/"]}]},{"@type":"ImageObject","inLanguage":"it-IT","@id":"https:\/\/www.pressenza.com\/it\/2017\/10\/ferdinando-maddaloni-inseguiamo-la-consapevolezza-della-verita-al-grido-facciamocela\/#primaryimage","url":"https:\/\/www.pressenza.com\/wp-content\/uploads\/2017\/10\/Preview-hollywood.jpg","contentUrl":"https:\/\/www.pressenza.com\/wp-content\/uploads\/2017\/10\/Preview-hollywood.jpg","width":2048,"height":1152},{"@type":"BreadcrumbList","@id":"https:\/\/www.pressenza.com\/it\/2017\/10\/ferdinando-maddaloni-inseguiamo-la-consapevolezza-della-verita-al-grido-facciamocela\/#breadcrumb","itemListElement":[{"@type":"ListItem","position":1,"name":"Accueil","item":"https:\/\/www.pressenza.com\/it\/"},{"@type":"ListItem","position":2,"name":"FerdiNando Maddaloni: &#8220;Inseguiamo la consapevolezza della verit\u00e0 al grido di facciamocela!&#8221;"}]},{"@type":"WebSite","@id":"https:\/\/www.pressenza.com\/it\/#website","url":"https:\/\/www.pressenza.com\/it\/","name":"Pressenza","description":"Agenzia di Stampa Internazionale","publisher":{"@id":"https:\/\/www.pressenza.com\/it\/#organization"},"potentialAction":[{"@type":"SearchAction","target":{"@type":"EntryPoint","urlTemplate":"https:\/\/www.pressenza.com\/it\/?s={search_term_string}"},"query-input":{"@type":"PropertyValueSpecification","valueRequired":true,"valueName":"search_term_string"}}],"inLanguage":"it-IT"},{"@type":"Organization","@id":"https:\/\/www.pressenza.com\/it\/#organization","name":"Pressenza","url":"https:\/\/www.pressenza.com\/it\/","logo":{"@type":"ImageObject","inLanguage":"it-IT","@id":"https:\/\/www.pressenza.com\/it\/#\/schema\/logo\/image\/","url":"https:\/\/www.pressenza.com\/wp-content\/uploads\/2022\/10\/pressenza_logo_200x200.jpg","contentUrl":"https:\/\/www.pressenza.com\/wp-content\/uploads\/2022\/10\/pressenza_logo_200x200.jpg","width":200,"height":200,"caption":"Pressenza"},"image":{"@id":"https:\/\/www.pressenza.com\/it\/#\/schema\/logo\/image\/"},"sameAs":["https:\/\/www.facebook.com\/PressenzaItalia","https:\/\/x.com\/PressenzaIPA"]},{"@type":"Person","@id":"https:\/\/www.pressenza.com\/it\/#\/schema\/person\/4734d5a58e73e1588c6b58e2610d4390","name":"Dario Lo Scalzo","description":"Dario Lo Scalzo: Journalist, writer and videomaker Dario has a professional background in banking, microcredit, lean thinking and change management. For years, he has been involved in Human Rights and Nonviolence issues. As a journalist, he wrote for Terranauta and Il Cambiamento (as a columnist and creator of the \"Invisible Stories\" section). He also cooperated with other online and print newpapers (Girodivite, Left Avvenimenti, Il Clandestino con permesso di soggiorno). In 2020, he created and launched the Video Team of the online green magazine \"GreenMe\". Currently, Dario is part of the Italian editorial staff of Pressenza International Press Agency and he is a freelance video-journalist at Radiotelevisione svizzera (RSI)","sameAs":["https:\/\/www.facebook.com\/dariosolare","https:\/\/x.com\/dario-lo-scalzo"],"url":"https:\/\/www.pressenza.com\/it\/author\/dario-lo-scalzo\/"}]}},"place":"","original_article_url":"","_links":{"self":[{"href":"https:\/\/www.pressenza.com\/it\/wp-json\/wp\/v2\/posts\/540528","targetHints":{"allow":["GET"]}}],"collection":[{"href":"https:\/\/www.pressenza.com\/it\/wp-json\/wp\/v2\/posts"}],"about":[{"href":"https:\/\/www.pressenza.com\/it\/wp-json\/wp\/v2\/types\/post"}],"author":[{"embeddable":true,"href":"https:\/\/www.pressenza.com\/it\/wp-json\/wp\/v2\/users\/680"}],"replies":[{"embeddable":true,"href":"https:\/\/www.pressenza.com\/it\/wp-json\/wp\/v2\/comments?post=540528"}],"version-history":[{"count":0,"href":"https:\/\/www.pressenza.com\/it\/wp-json\/wp\/v2\/posts\/540528\/revisions"}],"wp:featuredmedia":[{"embeddable":true,"href":"https:\/\/www.pressenza.com\/it\/wp-json\/wp\/v2\/media\/540529"}],"wp:attachment":[{"href":"https:\/\/www.pressenza.com\/it\/wp-json\/wp\/v2\/media?parent=540528"}],"wp:term":[{"taxonomy":"category","embeddable":true,"href":"https:\/\/www.pressenza.com\/it\/wp-json\/wp\/v2\/categories?post=540528"},{"taxonomy":"post_tag","embeddable":true,"href":"https:\/\/www.pressenza.com\/it\/wp-json\/wp\/v2\/tags?post=540528"}],"curies":[{"name":"wp","href":"https:\/\/api.w.org\/{rel}","templated":true}]}}