{"id":539896,"date":"2017-10-16T15:59:29","date_gmt":"2017-10-16T14:59:29","guid":{"rendered":"https:\/\/www.pressenza.com\/?p=539896\/"},"modified":"2017-10-16T15:59:29","modified_gmt":"2017-10-16T14:59:29","slug":"bambino-armato-disarmato-foto-senza-felicita","status":"publish","type":"post","link":"https:\/\/www.pressenza.com\/it\/2017\/10\/bambino-armato-disarmato-foto-senza-felicita\/","title":{"rendered":"\u201cBambino, armato e disarmato in una foto senza felicit\u00e0\u201d"},"content":{"rendered":"<div class=\"attribute-long\">\n<p><b>Non \u00e8 possibile raggiungere gli\u00a0obiettivi dell\u2019<a href=\"http:\/\/unric.org\/it\/agenda-2030\" target=\"_blank\" rel=\"noopener noreferrer\">Agenda 2030<\/a> per lo sviluppo sostenibile senza intensificare gli sforzi a favore della\u00a0<a href=\"http:\/\/www.unimondo.org\/Guide\/Informazione-e-Cultura\/Istruzione\" target=\"_blank\" rel=\"noopener noreferrer\">scolarizzazione<\/a> e quelli contro il <a href=\"http:\/\/www.unimondo.org\/Guide\/Diritti-umani\/Sfruttamento-minorile\" target=\"_blank\" rel=\"noopener noreferrer\">lavoro minorile<\/a><\/b>. A dirlo non sono le parole di <b>Paola Turci<\/b> che nella canzone \u201c<a href=\"https:\/\/www.youtube.com\/watch?v=AxMp5ZE0ip8\" target=\"_blank\" rel=\"noopener noreferrer\">Bambini<\/a>\u201d del 1989 cantava \u201cBambino, armato e disarmato in una foto\u00a0senza felicit\u00e0, sfogliato e impaginato in questa vita sola\u00a0che non ti guarir\u00e0\u201d, ma i dati diffusi nelle scorse settimane da tre importanti agenzie delle <a href=\"http:\/\/www.unimondo.org\/Guide\/Politica\/Onu\" target=\"_blank\" rel=\"noopener noreferrer\">Nazioni Unite<\/a>.\u00a0<b>Il primo allarme \u00e8 arrivato dall\u2019<a href=\"https:\/\/www.unicef.it\" target=\"_blank\" rel=\"noopener noreferrer\">Unicef<\/a> lo scorso 6 settembre, con\u00a0<\/b><b>l&#8217;annuncio\u00a0&#8220;che oggi <\/b><b>l\u201911,5% dei bambini in et\u00e0 scolare&#8221;, parliamo di 123 milioni presone, &#8220;non frequenta la scuola&#8221;<\/b>. Nel 2007 erano il 12,8%, cio\u00e8 135 milioni di ragazzi e ragazze, il che significa che <b>negli ultimi 10 anni la percentuale di <a href=\"http:\/\/www.unimondo.org\/Guide\/Diritti-umani\/Bambini-e-minori\" target=\"_blank\" rel=\"noopener noreferrer\">bambini<\/a> e <a href=\"http:\/\/www.unimondo.org\/Guide\/Diritti-umani\/Giovani\" target=\"_blank\" rel=\"noopener noreferrer\">giovani<\/a> tra i 6 e i 15 anni che non vanno a scuola \u00e8 diminuita di pochissimo<\/b> <b>e rimane concentra per <\/b><b>il<\/b><b>\u00a040%<\/b><b>\u00a0nei<\/b><b>\u00a0paesi meno sviluppati<\/b><b>\u00a0e per il<\/b><b>\u00a020% nelle zone di conflitto<\/b>.<\/p>\n<p><b>Se a livello globale il 75% dei bambini in et\u00e0 da scuola primaria e secondaria che non frequentano la scuola si trova in Africa sub sahariana e in Asia del Sud<\/b>, dove i livelli di <a href=\"http:\/\/www.unimondo.org\/Guide\/Sviluppo\/Poverta\" target=\"_blank\" rel=\"noopener noreferrer\">povert\u00e0<\/a> sono altissimi e rapidi gli incrementi della <a href=\"http:\/\/www.unimondo.org\/Guide\/Sviluppo\/Popolazione\" target=\"_blank\" rel=\"noopener noreferrer\">popolazione<\/a>, i<b>\u00a0fattori che ancora oggi invertono ogni possibile progresso nella diffusione della scolarizzazione sono senza dubbio le <a href=\"http:\/\/www.unimondo.org\/Guide\/Guerra-e-Pace\" target=\"_blank\" rel=\"noopener noreferrer\">guerre<\/a><\/b>. Per l\u2019Unicef \u201cI <a href=\"http:\/\/www.unimondo.org\/Guide\/Guerra-e-Pace\/Conflitti\" target=\"_blank\" rel=\"noopener noreferrer\">conflitti<\/a> in Iraq e Siria hanno prodotto altri 3,4 milioni di bambini che non seguono la scuola, portando il numero di scolari e studenti fuori dalle scuole, in Medio Oriente e in Nord Africa, ai livelli del 2007, con circa 16 milioni di individui non scolarizzati\u201d. \u00a0Oggi, non solo in questi paesi martoriati dalla guerra, gli investimenti mirati a far crescere il numero di scuole e insegnanti non sono sufficienti. \u201cL\u2019approccio tradizionale al fenomeno non riporter\u00e0 quei bambini a scuola e non li aiuter\u00e0 a sviluppare le loro potenzialit\u00e0, soprattutto se continueranno ad essere intrappolati nella povert\u00e0, nelle privazioni e nell\u2019insicurezza\u201d <a href=\"http:\/\/www.unicef.it\/doc\/7726\/istruzione-in-10-anni-quasi-nessun-progresso.htm\" target=\"_blank\" rel=\"noopener noreferrer\">ha detto<\/a> dice <b>Jo Bourne<\/b>, responsabile Unicef per l\u2019Istruzione.<\/p>\n<p><b>Alla base di questa condizione, che condanna milioni di ragazzini alla marginalit\u00e0 economica e sociale, c\u2019\u00e8 evidentemente un cattivo uso delle gi\u00e0 scarse risorse di cui dispone la comunit\u00e0 internazionale<\/b>. La mancanza di fondi per l\u2019istruzione, in molti casi non considerata un\u2019<a href=\"http:\/\/www.unimondo.org\/Guide\/Sviluppo\/Emergenze\" target=\"_blank\" rel=\"noopener noreferrer\">emergenza<\/a>, come la <a href=\"http:\/\/www.unimondo.org\/Guide\/Salute\/Nutrizione-Malnutrizione\" target=\"_blank\" rel=\"noopener noreferrer\">fame<\/a>, la <a href=\"http:\/\/www.unimondo.org\/Guide\/Salute\" target=\"_blank\" rel=\"noopener noreferrer\">salute<\/a> o la <a href=\"http:\/\/www.unimondo.org\/Guide\/Guerra-e-Pace\/Sicurezza\" target=\"_blank\" rel=\"noopener noreferrer\">sicurezza<\/a>, sta colpendo duramente l\u2019accesso alle scuole. <b>In media meno del 2,7% degli appelli umanitari a livello globale sono dedicati all\u2019istruzione e nei primi 6 mesi del 2017, l\u2019Unicef ha ricevuto soltanto il 12% dei fondi richiesti per garantire istruzione ai bambini che vivono in situazioni di crisi.<\/b> Nonostante le difficolt\u00e0 generali esistono anche esempi virtuosi come l\u2019Etiopia e la Nigeria, che pur essendo tra i paesi pi\u00f9 poveri del mondo, negli ultimi 10 anni hanno fatto i pi\u00f9 grandi progressi nel tasso di iscrizione a scuola dei bambini in et\u00e0 da scuola primaria con un aumento, rispettivamente, di oltre il 15% e di circa il 19%.<\/p>\n<p><b>Si tratta di una speranza, che deve per\u00f2 fare i conti con un altro dramma dell\u2019infanzia e cio\u00e8 quello sfruttamento minorile che oggi coinvolge<\/b> <b>oltre 152 milioni di bambini tra i 5 e i 17 anni che sono costretti a lavorare contro la loro volont\u00e0,\u00a0<\/b>principalmente nei settori dell\u2019agricoltura\u00a0(70,9%), dei servizi\u00a0(17,1%) e dell\u2019industria (11,9%). Circa un terzo dei bambini tra i 5 e i 14\u00a0anni impiegati in lavoro minorile sono oramai definitivamente fuori dal sistema educativo, il 38% dei bambini tra i 5 e i 14\u00a0anni \u00e8 coinvolto in attivit\u00e0 pericolose e quasi i due terzi di essi, di et\u00e0 compresa tra i 15 e i 17\u00a0anni, lavorano pi\u00f9 di 43\u00a0ore alla settimana. Un fenomeno che riguarda 72,1 milioni di minori in Africa, 62 milioni in Asia e Pacifico, 10,7 milioni nelle Americhe, 5,5 milioni tra Europa e Asia Centrale, e 1,2 milioni nei paesi arabi. Praticamente un bambino su dieci nel mondo. <b>A denunciarlo sono stati <a href=\"http:\/\/www.ilo.org\/global\/about-the-ilo\/newsroom\/news\/WCMS_574717\/lang--en\/index.htm\" target=\"_blank\" rel=\"noopener noreferrer\">due studi correlati<\/a> sulle <\/b><b>moderne forme di schiavit\u00f9 e lavoro infantile<\/b> <b>presentati il 21 settembre all\u2019Assemblea Generale dell\u2019Onu a New York dall\u2019<a href=\"http:\/\/www.ilo.org\/global\/lang--en\/index.htm\" target=\"_blank\" rel=\"noopener noreferrer\">Oil<\/a> (Organizzazione Internazionale del lavoro delle Nazioni Unite) e dall\u2019<a href=\"http:\/\/www.italy.iom.int\" target=\"_blank\" rel=\"noopener noreferrer\">Oim<\/a> (Organizzazione Internazionale per le migrazioni) assieme alla <a href=\"https:\/\/www.walkfreefoundation.org\" target=\"_blank\" rel=\"noopener noreferrer\">Walk Free Foundation<\/a> e all\u2019<a href=\"http:\/\/www.alliance87.org\" target=\"_blank\" rel=\"noopener noreferrer\">Alleanza\u00a08.7<\/a><\/b>, il partenariato globale che si prefigge di porre fine al lavoro forzato, alla schiavit\u00f9 moderna, al traffico di esseri umani e per l&#8217;appunto al lavoro minorile.<\/p>\n<p><b>\u201cIl messaggio che stiamo diffondendo \u00e8 molto chiaro &#8211; <a href=\"http:\/\/www.ilo.org\/global\/about-the-ilo\/newsroom\/news\/WCMS_574717\/lang--en\/index.htm\" target=\"_blank\" rel=\"noopener noreferrer\">ha ricordato<\/a> Guy Ryder, direttore generale dell\u2019Oil &#8211; il mondo non sar\u00e0 in grado di raggiungere gli obiettivi dell\u2019Agenda 2030 senza l\u2019intensificazione degli sforzi per combattere questi drammi\u201d.<\/b> Perch\u00e9 se in passato per schiavit\u00f9 si intendeva la propriet\u00e0 \u201clegale\u201d di una persona nei confronti di un\u2019altra, oggi la definizione moderna del termine si \u00e8 drammaticamente estesa fino a comprendere pratiche come il traffico di esseri umani, la schiavit\u00f9 per debiti, i matrimoni imposti e lo sfruttamento della prostituzione.\u00a0 <b>A pagare il costo pi\u00f9 alto di queste nuove schiavit\u00f9 sono soprattutto\u00a0<a href=\"http:\/\/www.unimondo.org\/Guide\/Diritti-umani\/Donna\" target=\"_blank\" rel=\"noopener noreferrer\">donne e ragazze<\/a> che costituiscono \u201cil 71% delle vittime del traffico di esseri umani, quasi 29 milioni di persone, il\u00a099% delle vittime nel settore del\u00a0commercio sessuale\u00a0e l\u201984% di quelle sottoposte ai matrimoni forzati\u201d.\u00a0<\/b> Per <b>Andrew Forrest<\/b>, presidente e fondatore della Fondazione Walk Free, \u201cQuesti dati mostrano in maniera nitida il livello di discriminazione e disuguaglianze nel nostro mondo, come pure la tolleranza sconvolgente che permette che questo sfruttamento continui. Dobbiamo dire basta a queste ingiustizie\u201d e non possiamo pi\u00f9 rimandare il problema.<\/p>\n<\/div>\n","protected":false},"excerpt":{"rendered":"<p>Non \u00e8 possibile raggiungere gli\u00a0obiettivi dell\u2019Agenda 2030 per lo sviluppo sostenibile senza intensificare gli sforzi a favore della\u00a0scolarizzazione e quelli contro il lavoro minorile. A dirlo non sono le parole di Paola Turci che nella canzone \u201cBambini\u201d del 1989 cantava&hellip;<\/p>\n","protected":false},"author":599,"featured_media":539942,"comment_status":"closed","ping_status":"closed","sticky":false,"template":"","format":"standard","meta":{"footnotes":""},"categories":[60,47,162],"tags":[41102,559,365,567,16941,8294,1549,11070,5946,41103,9772],"class_list":["post-539896","post","type-post","status-publish","format-standard","has-post-thumbnail","hentry","category-diritti-umani","category-europa","category-opinioni","tag-commercio-sessuale","tag-fame","tag-guerra","tag-lavoro-minorile","tag-oil","tag-oim","tag-poverta","tag-scolarizzazione","tag-sfruttamento","tag-traffico-di-esseri","tag-walk-free-foundation"],"yoast_head":"<!-- This site is optimized with the Yoast SEO plugin v27.1.1 - https:\/\/yoast.com\/product\/yoast-seo-wordpress\/ -->\n<title>\u201cBambino, armato e disarmato in una foto senza felicit\u00e0\u201d<\/title>\n<meta name=\"description\" content=\"Non \u00e8 possibile raggiungere gli\u00a0obiettivi dell\u2019Agenda 2030 per lo sviluppo sostenibile senza intensificare gli sforzi a favore della\u00a0scolarizzazione e\" \/>\n<meta name=\"robots\" content=\"index, follow, max-snippet:-1, max-image-preview:large, max-video-preview:-1\" \/>\n<link rel=\"canonical\" href=\"https:\/\/www.pressenza.com\/it\/2017\/10\/bambino-armato-disarmato-foto-senza-felicita\/\" \/>\n<meta property=\"og:locale\" content=\"it_IT\" \/>\n<meta property=\"og:type\" content=\"article\" \/>\n<meta property=\"og:title\" content=\"\u201cBambino, armato e disarmato in una foto senza felicit\u00e0\u201d\" \/>\n<meta property=\"og:description\" content=\"Non \u00e8 possibile raggiungere gli\u00a0obiettivi dell\u2019Agenda 2030 per lo sviluppo sostenibile senza intensificare gli sforzi a favore della\u00a0scolarizzazione e\" \/>\n<meta property=\"og:url\" content=\"https:\/\/www.pressenza.com\/it\/2017\/10\/bambino-armato-disarmato-foto-senza-felicita\/\" \/>\n<meta property=\"og:site_name\" content=\"Pressenza\" \/>\n<meta property=\"article:publisher\" content=\"https:\/\/www.facebook.com\/PressenzaItalia\" \/>\n<meta property=\"article:published_time\" content=\"2017-10-16T14:59:29+00:00\" \/>\n<meta property=\"og:image\" content=\"https:\/\/www.pressenza.com\/wp-content\/uploads\/2017\/10\/01d-child-labour-afghanistan-2.jpg\" \/>\n\t<meta property=\"og:image:width\" content=\"1000\" \/>\n\t<meta property=\"og:image:height\" content=\"670\" \/>\n\t<meta property=\"og:image:type\" content=\"image\/jpeg\" \/>\n<meta name=\"author\" content=\"Unimondo\" \/>\n<meta name=\"twitter:card\" content=\"summary_large_image\" \/>\n<meta name=\"twitter:creator\" content=\"@PressenzaIPA\" \/>\n<meta name=\"twitter:site\" content=\"@PressenzaIPA\" \/>\n<meta name=\"twitter:label1\" content=\"Scritto da\" \/>\n\t<meta name=\"twitter:data1\" content=\"Unimondo\" \/>\n\t<meta name=\"twitter:label2\" content=\"Tempo di lettura stimato\" \/>\n\t<meta name=\"twitter:data2\" content=\"4 minuti\" \/>\n<script type=\"application\/ld+json\" class=\"yoast-schema-graph\">{\"@context\":\"https:\/\/schema.org\",\"@graph\":[{\"@type\":\"Article\",\"@id\":\"https:\/\/www.pressenza.com\/it\/2017\/10\/bambino-armato-disarmato-foto-senza-felicita\/#article\",\"isPartOf\":{\"@id\":\"https:\/\/www.pressenza.com\/it\/2017\/10\/bambino-armato-disarmato-foto-senza-felicita\/\"},\"author\":{\"name\":\"Unimondo\",\"@id\":\"https:\/\/www.pressenza.com\/it\/#\/schema\/person\/c1522125703ef99487d4e50b9fbc1ecf\"},\"headline\":\"\u201cBambino, armato e disarmato in una foto senza felicit\u00e0\u201d\",\"datePublished\":\"2017-10-16T14:59:29+00:00\",\"mainEntityOfPage\":{\"@id\":\"https:\/\/www.pressenza.com\/it\/2017\/10\/bambino-armato-disarmato-foto-senza-felicita\/\"},\"wordCount\":894,\"publisher\":{\"@id\":\"https:\/\/www.pressenza.com\/it\/#organization\"},\"image\":{\"@id\":\"https:\/\/www.pressenza.com\/it\/2017\/10\/bambino-armato-disarmato-foto-senza-felicita\/#primaryimage\"},\"thumbnailUrl\":\"https:\/\/www.pressenza.com\/wp-content\/uploads\/2017\/10\/01d-child-labour-afghanistan-2.jpg\",\"keywords\":[\"commercio sessuale\",\"fame\",\"guerra\",\"lavoro minorile\",\"oil\",\"OIM\",\"povert\u00e0\",\"scolarizzazione\",\"sfruttamento\",\"traffico di esseri\",\"Walk Free Foundation\"],\"articleSection\":[\"Diritti Umani\",\"Europa\",\"Opinioni\"],\"inLanguage\":\"it-IT\"},{\"@type\":\"WebPage\",\"@id\":\"https:\/\/www.pressenza.com\/it\/2017\/10\/bambino-armato-disarmato-foto-senza-felicita\/\",\"url\":\"https:\/\/www.pressenza.com\/it\/2017\/10\/bambino-armato-disarmato-foto-senza-felicita\/\",\"name\":\"\u201cBambino, armato e disarmato in una foto senza felicit\u00e0\u201d\",\"isPartOf\":{\"@id\":\"https:\/\/www.pressenza.com\/it\/#website\"},\"primaryImageOfPage\":{\"@id\":\"https:\/\/www.pressenza.com\/it\/2017\/10\/bambino-armato-disarmato-foto-senza-felicita\/#primaryimage\"},\"image\":{\"@id\":\"https:\/\/www.pressenza.com\/it\/2017\/10\/bambino-armato-disarmato-foto-senza-felicita\/#primaryimage\"},\"thumbnailUrl\":\"https:\/\/www.pressenza.com\/wp-content\/uploads\/2017\/10\/01d-child-labour-afghanistan-2.jpg\",\"datePublished\":\"2017-10-16T14:59:29+00:00\",\"description\":\"Non \u00e8 possibile raggiungere gli\u00a0obiettivi dell\u2019Agenda 2030 per lo sviluppo sostenibile senza intensificare gli sforzi a favore della\u00a0scolarizzazione e\",\"breadcrumb\":{\"@id\":\"https:\/\/www.pressenza.com\/it\/2017\/10\/bambino-armato-disarmato-foto-senza-felicita\/#breadcrumb\"},\"inLanguage\":\"it-IT\",\"potentialAction\":[{\"@type\":\"ReadAction\",\"target\":[\"https:\/\/www.pressenza.com\/it\/2017\/10\/bambino-armato-disarmato-foto-senza-felicita\/\"]}]},{\"@type\":\"ImageObject\",\"inLanguage\":\"it-IT\",\"@id\":\"https:\/\/www.pressenza.com\/it\/2017\/10\/bambino-armato-disarmato-foto-senza-felicita\/#primaryimage\",\"url\":\"https:\/\/www.pressenza.com\/wp-content\/uploads\/2017\/10\/01d-child-labour-afghanistan-2.jpg\",\"contentUrl\":\"https:\/\/www.pressenza.com\/wp-content\/uploads\/2017\/10\/01d-child-labour-afghanistan-2.jpg\",\"width\":1000,\"height\":670},{\"@type\":\"BreadcrumbList\",\"@id\":\"https:\/\/www.pressenza.com\/it\/2017\/10\/bambino-armato-disarmato-foto-senza-felicita\/#breadcrumb\",\"itemListElement\":[{\"@type\":\"ListItem\",\"position\":1,\"name\":\"Accueil\",\"item\":\"https:\/\/www.pressenza.com\/it\/\"},{\"@type\":\"ListItem\",\"position\":2,\"name\":\"\u201cBambino, armato e disarmato in una foto senza felicit\u00e0\u201d\"}]},{\"@type\":\"WebSite\",\"@id\":\"https:\/\/www.pressenza.com\/it\/#website\",\"url\":\"https:\/\/www.pressenza.com\/it\/\",\"name\":\"Pressenza\",\"description\":\"Agenzia di Stampa Internazionale\",\"publisher\":{\"@id\":\"https:\/\/www.pressenza.com\/it\/#organization\"},\"potentialAction\":[{\"@type\":\"SearchAction\",\"target\":{\"@type\":\"EntryPoint\",\"urlTemplate\":\"https:\/\/www.pressenza.com\/it\/?s={search_term_string}\"},\"query-input\":{\"@type\":\"PropertyValueSpecification\",\"valueRequired\":true,\"valueName\":\"search_term_string\"}}],\"inLanguage\":\"it-IT\"},{\"@type\":\"Organization\",\"@id\":\"https:\/\/www.pressenza.com\/it\/#organization\",\"name\":\"Pressenza\",\"url\":\"https:\/\/www.pressenza.com\/it\/\",\"logo\":{\"@type\":\"ImageObject\",\"inLanguage\":\"it-IT\",\"@id\":\"https:\/\/www.pressenza.com\/it\/#\/schema\/logo\/image\/\",\"url\":\"https:\/\/www.pressenza.com\/wp-content\/uploads\/2022\/10\/pressenza_logo_200x200.jpg\",\"contentUrl\":\"https:\/\/www.pressenza.com\/wp-content\/uploads\/2022\/10\/pressenza_logo_200x200.jpg\",\"width\":200,\"height\":200,\"caption\":\"Pressenza\"},\"image\":{\"@id\":\"https:\/\/www.pressenza.com\/it\/#\/schema\/logo\/image\/\"},\"sameAs\":[\"https:\/\/www.facebook.com\/PressenzaItalia\",\"https:\/\/x.com\/PressenzaIPA\"]},{\"@type\":\"Person\",\"@id\":\"https:\/\/www.pressenza.com\/it\/#\/schema\/person\/c1522125703ef99487d4e50b9fbc1ecf\",\"name\":\"Unimondo\",\"description\":\"www.unimondo.org\",\"url\":\"https:\/\/www.pressenza.com\/it\/author\/unimondo\/\"}]}<\/script>\n<!-- \/ Yoast SEO plugin. -->","yoast_head_json":{"title":"\u201cBambino, armato e disarmato in una foto senza felicit\u00e0\u201d","description":"Non \u00e8 possibile raggiungere gli\u00a0obiettivi dell\u2019Agenda 2030 per lo sviluppo sostenibile senza intensificare gli sforzi a favore della\u00a0scolarizzazione e","robots":{"index":"index","follow":"follow","max-snippet":"max-snippet:-1","max-image-preview":"max-image-preview:large","max-video-preview":"max-video-preview:-1"},"canonical":"https:\/\/www.pressenza.com\/it\/2017\/10\/bambino-armato-disarmato-foto-senza-felicita\/","og_locale":"it_IT","og_type":"article","og_title":"\u201cBambino, armato e disarmato in una foto senza felicit\u00e0\u201d","og_description":"Non \u00e8 possibile raggiungere gli\u00a0obiettivi dell\u2019Agenda 2030 per lo sviluppo sostenibile senza intensificare gli sforzi a favore della\u00a0scolarizzazione e","og_url":"https:\/\/www.pressenza.com\/it\/2017\/10\/bambino-armato-disarmato-foto-senza-felicita\/","og_site_name":"Pressenza","article_publisher":"https:\/\/www.facebook.com\/PressenzaItalia","article_published_time":"2017-10-16T14:59:29+00:00","og_image":[{"width":1000,"height":670,"url":"https:\/\/www.pressenza.com\/wp-content\/uploads\/2017\/10\/01d-child-labour-afghanistan-2.jpg","type":"image\/jpeg"}],"author":"Unimondo","twitter_card":"summary_large_image","twitter_creator":"@PressenzaIPA","twitter_site":"@PressenzaIPA","twitter_misc":{"Scritto da":"Unimondo","Tempo di lettura stimato":"4 minuti"},"schema":{"@context":"https:\/\/schema.org","@graph":[{"@type":"Article","@id":"https:\/\/www.pressenza.com\/it\/2017\/10\/bambino-armato-disarmato-foto-senza-felicita\/#article","isPartOf":{"@id":"https:\/\/www.pressenza.com\/it\/2017\/10\/bambino-armato-disarmato-foto-senza-felicita\/"},"author":{"name":"Unimondo","@id":"https:\/\/www.pressenza.com\/it\/#\/schema\/person\/c1522125703ef99487d4e50b9fbc1ecf"},"headline":"\u201cBambino, armato e disarmato in una foto senza felicit\u00e0\u201d","datePublished":"2017-10-16T14:59:29+00:00","mainEntityOfPage":{"@id":"https:\/\/www.pressenza.com\/it\/2017\/10\/bambino-armato-disarmato-foto-senza-felicita\/"},"wordCount":894,"publisher":{"@id":"https:\/\/www.pressenza.com\/it\/#organization"},"image":{"@id":"https:\/\/www.pressenza.com\/it\/2017\/10\/bambino-armato-disarmato-foto-senza-felicita\/#primaryimage"},"thumbnailUrl":"https:\/\/www.pressenza.com\/wp-content\/uploads\/2017\/10\/01d-child-labour-afghanistan-2.jpg","keywords":["commercio sessuale","fame","guerra","lavoro minorile","oil","OIM","povert\u00e0","scolarizzazione","sfruttamento","traffico di esseri","Walk Free Foundation"],"articleSection":["Diritti Umani","Europa","Opinioni"],"inLanguage":"it-IT"},{"@type":"WebPage","@id":"https:\/\/www.pressenza.com\/it\/2017\/10\/bambino-armato-disarmato-foto-senza-felicita\/","url":"https:\/\/www.pressenza.com\/it\/2017\/10\/bambino-armato-disarmato-foto-senza-felicita\/","name":"\u201cBambino, armato e disarmato in una foto senza felicit\u00e0\u201d","isPartOf":{"@id":"https:\/\/www.pressenza.com\/it\/#website"},"primaryImageOfPage":{"@id":"https:\/\/www.pressenza.com\/it\/2017\/10\/bambino-armato-disarmato-foto-senza-felicita\/#primaryimage"},"image":{"@id":"https:\/\/www.pressenza.com\/it\/2017\/10\/bambino-armato-disarmato-foto-senza-felicita\/#primaryimage"},"thumbnailUrl":"https:\/\/www.pressenza.com\/wp-content\/uploads\/2017\/10\/01d-child-labour-afghanistan-2.jpg","datePublished":"2017-10-16T14:59:29+00:00","description":"Non \u00e8 possibile raggiungere gli\u00a0obiettivi dell\u2019Agenda 2030 per lo sviluppo sostenibile senza intensificare gli sforzi a favore della\u00a0scolarizzazione e","breadcrumb":{"@id":"https:\/\/www.pressenza.com\/it\/2017\/10\/bambino-armato-disarmato-foto-senza-felicita\/#breadcrumb"},"inLanguage":"it-IT","potentialAction":[{"@type":"ReadAction","target":["https:\/\/www.pressenza.com\/it\/2017\/10\/bambino-armato-disarmato-foto-senza-felicita\/"]}]},{"@type":"ImageObject","inLanguage":"it-IT","@id":"https:\/\/www.pressenza.com\/it\/2017\/10\/bambino-armato-disarmato-foto-senza-felicita\/#primaryimage","url":"https:\/\/www.pressenza.com\/wp-content\/uploads\/2017\/10\/01d-child-labour-afghanistan-2.jpg","contentUrl":"https:\/\/www.pressenza.com\/wp-content\/uploads\/2017\/10\/01d-child-labour-afghanistan-2.jpg","width":1000,"height":670},{"@type":"BreadcrumbList","@id":"https:\/\/www.pressenza.com\/it\/2017\/10\/bambino-armato-disarmato-foto-senza-felicita\/#breadcrumb","itemListElement":[{"@type":"ListItem","position":1,"name":"Accueil","item":"https:\/\/www.pressenza.com\/it\/"},{"@type":"ListItem","position":2,"name":"\u201cBambino, armato e disarmato in una foto senza felicit\u00e0\u201d"}]},{"@type":"WebSite","@id":"https:\/\/www.pressenza.com\/it\/#website","url":"https:\/\/www.pressenza.com\/it\/","name":"Pressenza","description":"Agenzia di Stampa Internazionale","publisher":{"@id":"https:\/\/www.pressenza.com\/it\/#organization"},"potentialAction":[{"@type":"SearchAction","target":{"@type":"EntryPoint","urlTemplate":"https:\/\/www.pressenza.com\/it\/?s={search_term_string}"},"query-input":{"@type":"PropertyValueSpecification","valueRequired":true,"valueName":"search_term_string"}}],"inLanguage":"it-IT"},{"@type":"Organization","@id":"https:\/\/www.pressenza.com\/it\/#organization","name":"Pressenza","url":"https:\/\/www.pressenza.com\/it\/","logo":{"@type":"ImageObject","inLanguage":"it-IT","@id":"https:\/\/www.pressenza.com\/it\/#\/schema\/logo\/image\/","url":"https:\/\/www.pressenza.com\/wp-content\/uploads\/2022\/10\/pressenza_logo_200x200.jpg","contentUrl":"https:\/\/www.pressenza.com\/wp-content\/uploads\/2022\/10\/pressenza_logo_200x200.jpg","width":200,"height":200,"caption":"Pressenza"},"image":{"@id":"https:\/\/www.pressenza.com\/it\/#\/schema\/logo\/image\/"},"sameAs":["https:\/\/www.facebook.com\/PressenzaItalia","https:\/\/x.com\/PressenzaIPA"]},{"@type":"Person","@id":"https:\/\/www.pressenza.com\/it\/#\/schema\/person\/c1522125703ef99487d4e50b9fbc1ecf","name":"Unimondo","description":"www.unimondo.org","url":"https:\/\/www.pressenza.com\/it\/author\/unimondo\/"}]}},"place":"Alessandro Graziadei","original_article_url":"http:\/\/www.unimondo.org\/Notizie\/Bambino-armato-e-disarmato-in-una-foto-senza-felicita-168914?#","_links":{"self":[{"href":"https:\/\/www.pressenza.com\/it\/wp-json\/wp\/v2\/posts\/539896","targetHints":{"allow":["GET"]}}],"collection":[{"href":"https:\/\/www.pressenza.com\/it\/wp-json\/wp\/v2\/posts"}],"about":[{"href":"https:\/\/www.pressenza.com\/it\/wp-json\/wp\/v2\/types\/post"}],"author":[{"embeddable":true,"href":"https:\/\/www.pressenza.com\/it\/wp-json\/wp\/v2\/users\/599"}],"replies":[{"embeddable":true,"href":"https:\/\/www.pressenza.com\/it\/wp-json\/wp\/v2\/comments?post=539896"}],"version-history":[{"count":0,"href":"https:\/\/www.pressenza.com\/it\/wp-json\/wp\/v2\/posts\/539896\/revisions"}],"wp:featuredmedia":[{"embeddable":true,"href":"https:\/\/www.pressenza.com\/it\/wp-json\/wp\/v2\/media\/539942"}],"wp:attachment":[{"href":"https:\/\/www.pressenza.com\/it\/wp-json\/wp\/v2\/media?parent=539896"}],"wp:term":[{"taxonomy":"category","embeddable":true,"href":"https:\/\/www.pressenza.com\/it\/wp-json\/wp\/v2\/categories?post=539896"},{"taxonomy":"post_tag","embeddable":true,"href":"https:\/\/www.pressenza.com\/it\/wp-json\/wp\/v2\/tags?post=539896"}],"curies":[{"name":"wp","href":"https:\/\/api.w.org\/{rel}","templated":true}]}}