{"id":53817,"date":"2013-05-27T12:56:57","date_gmt":"2013-05-27T11:56:57","guid":{"rendered":"http:\/\/www.pressenza.com\/?p=53817"},"modified":"2013-05-27T12:57:09","modified_gmt":"2013-05-27T11:57:09","slug":"da-bologna-un-insegnamento-dire-no-al-finanziamento-pubblico-della-scuola-privata-e-possibile","status":"publish","type":"post","link":"https:\/\/www.pressenza.com\/it\/2013\/05\/da-bologna-un-insegnamento-dire-no-al-finanziamento-pubblico-della-scuola-privata-e-possibile\/","title":{"rendered":"Da Bologna un insegnamento: dire no al finanziamento pubblico della scuola privata \u00e8 possibile"},"content":{"rendered":"<p align=\"left\">A Bologna ha vinto il <i>s\u00ec <\/i>all\u2019abrogazione del finanziamento comunale delle scuole materne private. Il 59% dei votanti al referendum comunale ha infatti dato ragione ai referendari, che ritenevano che il milione di euro girato annualmente dal bilancio comunale alle materne private dovesse invece andare alle materne pubbliche.<\/p>\n<p align=\"left\">Certo, l\u2019affluenza alle urne non \u00e8 stata oceanica e si \u00e8 fermata al 29% (85.934 elettori) degli aventi diritto. E per giunta, il referendum non aveva carattere vincolante, ma soltanto consultivo. Ma da qui a parlare di \u201cflop\u201d, come fa oggi il quotidiano <i>La Repubblica<\/i>, oppure a cambiare le carte in tavola e sostenere che gli astenuti equivarrebbero in realt\u00e0 a dei \u201cno\u201d, come fanno i sostenitori del\u00a0<i>no<\/i>, francamente ce ne passa.<\/p>\n<p align=\"left\">Infatti, lo schieramento che si era opposto all\u2019iniziativa referendaria del <a href=\"http:\/\/referendum.articolo33.org\/\" target=\"_blank\">Comitato art. 33<\/a> non aveva invitato all\u2019astensione, anzi, aveva invitato ad andare alle urne e a votare \u201cno\u201d. E, soprattutto, si trattava di uno schieramento addirittura pi\u00f9 largo di quello che sostiene il governo delle larghe intese, poich\u00e9 comprendeva Pd, Pdl, Scelta Civica, Lega e lo stesso Sindaco Merola, e che coinvolgeva anche soggetti di forte peso nazionale, come il Ministro ciellino Maurzio Lupi o il cardinale Bagnasco, presidente della Cei. Infine, si dovrebbe aggiungere l\u2019osservazoine, <a href=\"http:\/\/www.wumingfoundation.com\/giap\/?p=13263\" target=\"_blank\">come fa oggi Wu Ming<\/a>, che i 50mila <i>s\u00ec<\/i> \u201csono esattamente la met\u00e0 dei voti che Virginio Merola ha preso nel 2010, quando \u00e8 stato eletto sindaco\u201d.<\/p>\n<p align=\"left\">Non c\u2019\u00e8 dubbio, dunque, che da Bologna arriva una notizia positiva, che non parla soltanto a Bologna, anzi (e questo i Lupi e i Bagnasco lo avevano senz\u2019altro intuito). Golia non \u00e8 riuscito a schiacciare Davide e il risultato del referendum bolognese segna indubbiamente un fatto nuovo: cio\u00e8, \u00e8 forse la prima volta da quando la <a href=\"http:\/\/www.normattiva.it\/uri-res\/N2Ls?urn:nir:stato:legge:2000;62\" target=\"_blank\">legge n. 62\/2000<\/a>, varata dal Governo D\u2019Alema (\u2026), aveva integrato le scuole private nel <i>sistema nazionale d\u2019istruzione<\/i>, definendole \u201cparitarie\u201d, e quindi aperto le porte a massicci flussi di denaro pubblico verso gli istituti privati, che una consultazione formale di cittadini mette in discussione il finanziamento pubblico alla scuola privata.<\/p>\n<p align=\"left\">Per questo il messaggio che ci arriva da Bologna \u00e8 cos\u00ec importante. Ci dice che forse \u00e8 possibile, oltrech\u00e9 giusto e opportuno, mettere in discussione lo scandalo del finanziamento pubblico della scuola privata, mentre si fa a pezzi la scuola pubblica a suon di tagli.<\/p>\n<p align=\"left\">E questo messaggio dovrebbe essere particolarmente importante qui in Lombardia, dove il sistema di drenaggio di soldi pubblici verso interessi privati, introdotto da Formigoni e ora proseguito da Maroni, ha assunto caratteristiche particolarmente odiose e discriminatorie. Certo, l\u2019entit\u00e0 dello scandalo in Regione Lombardia \u00e8 oggi un po\u2019 mitigata, causa tagli dei trasferimenti dallo Stato alla Regione, e la spesa regionale annuale per finanziare gli amici della scuola privata si attesta oggi a \u201csoli\u201d 30 milioni di euro (nel a.s. 2010\/2011 erano ancora 50 mln), ma l\u2019ignobile modalit\u00e0 di assegnazione di questi fondi \u00e8 rimasta assolutamente invariata (per conoscere in dettaglio il sistema rinviamo al nostro <a href=\"http:\/\/www.lucianomuhlbauer.it\/blog\/articolo.asp?articolo=639\" target=\"_blank\">Rapporto Buono Scuola 2009<\/a>).<\/p>\n<p align=\"left\">E, <i>dulcis in fundo<\/i>, va sempre ricordato che uno degli impegni presi da Roberto Maroni in campagna elettorale era quello di proseguire con il sistema formigoniano di finanziamento delle private e di ri-aumentare le quantit\u00e0 erogate. Peraltro, l\u2019unico assessore della precedente giunta Formigoni rimasto al suo posto (Assessorato all&#8217;Istruzione, Formazione e Lavoro) \u00e8 proprio la <i>pasdaran<\/i> della privatizzazione della scuola pubblica, Valentina Aprea.<\/p>\n<p align=\"left\">Lo so e lo sappiamo, non \u00e8 facile aprire questa battaglia dalle nostre parti, ma Bologna ci insegna che \u00e8 possibile. Magari ragioniamoci, senza illusione e velleit\u00e0, ma sul serio. Intanto, vi segnalo che da qualche mese in Lombardia esiste una petizione per l\u2019abrogazione del buono scuola promossa dall\u2019<a href=\"http:\/\/www.nonunodimeno.net\/\" target=\"_blank\">Associazione NonUnodiMeno<\/a>. Usiamola.<\/p>\n<p>&nbsp;<\/p>\n","protected":false},"excerpt":{"rendered":"<p>A Bologna ha vinto il s\u00ec all\u2019abrogazione del finanziamento comunale delle scuole materne private. Il 59% dei votanti al referendum comunale ha infatti dato ragione ai referendari, che ritenevano che il milione di euro girato annualmente dal bilancio comunale alle&hellip;<\/p>\n","protected":false},"author":982,"featured_media":53818,"comment_status":"closed","ping_status":"open","sticky":false,"template":"","format":"standard","meta":{"footnotes":""},"categories":[1258,47,162,55],"tags":[5118,190,5119,1414],"class_list":["post-53817","post","type-post","status-publish","format-standard","has-post-thumbnail","hentry","category-educazione","category-europa","category-opinioni","category-politica","tag-bologna","tag-referendum","tag-scuola-privata","tag-scuola-pubblica"],"yoast_head":"<!-- This site is optimized with the Yoast SEO plugin v27.1.1 - https:\/\/yoast.com\/product\/yoast-seo-wordpress\/ -->\n<title>Da Bologna un insegnamento: dire no al finanziamento pubblico della scuola privata \u00e8 possibile<\/title>\n<meta name=\"description\" content=\"A Bologna ha vinto il s\u00ec all\u2019abrogazione del finanziamento comunale delle scuole materne private. Il 59% dei votanti al referendum comunale ha infatti\" \/>\n<meta name=\"robots\" content=\"index, follow, max-snippet:-1, max-image-preview:large, max-video-preview:-1\" \/>\n<link rel=\"canonical\" href=\"https:\/\/www.pressenza.com\/it\/2013\/05\/da-bologna-un-insegnamento-dire-no-al-finanziamento-pubblico-della-scuola-privata-e-possibile\/\" \/>\n<meta property=\"og:locale\" content=\"it_IT\" \/>\n<meta property=\"og:type\" content=\"article\" \/>\n<meta property=\"og:title\" content=\"Da Bologna un insegnamento: dire no al finanziamento pubblico della scuola privata \u00e8 possibile\" \/>\n<meta property=\"og:description\" content=\"A Bologna ha vinto il s\u00ec all\u2019abrogazione del finanziamento comunale delle scuole materne private. Il 59% dei votanti al referendum comunale ha infatti\" \/>\n<meta property=\"og:url\" content=\"https:\/\/www.pressenza.com\/it\/2013\/05\/da-bologna-un-insegnamento-dire-no-al-finanziamento-pubblico-della-scuola-privata-e-possibile\/\" \/>\n<meta property=\"og:site_name\" content=\"Pressenza\" \/>\n<meta property=\"article:publisher\" content=\"https:\/\/www.facebook.com\/PressenzaItalia\" \/>\n<meta property=\"article:author\" content=\"https:\/\/www.facebook.com\/luciano.muhlbauer\" \/>\n<meta property=\"article:published_time\" content=\"2013-05-27T11:56:57+00:00\" \/>\n<meta property=\"article:modified_time\" content=\"2013-05-27T11:57:09+00:00\" \/>\n<meta property=\"og:image\" content=\"https:\/\/www.pressenza.com\/wp-content\/uploads\/2013\/05\/Votiamo-scuola-pubblica.jpg\" \/>\n\t<meta property=\"og:image:width\" content=\"150\" \/>\n\t<meta property=\"og:image:height\" content=\"146\" \/>\n\t<meta property=\"og:image:type\" content=\"image\/jpeg\" \/>\n<meta name=\"author\" content=\"Luciano Muhlbauer\" \/>\n<meta name=\"twitter:card\" content=\"summary_large_image\" \/>\n<meta name=\"twitter:creator\" content=\"@Muhlbauer_\" \/>\n<meta name=\"twitter:site\" content=\"@PressenzaIPA\" \/>\n<meta name=\"twitter:label1\" content=\"Scritto da\" \/>\n\t<meta name=\"twitter:data1\" content=\"Luciano Muhlbauer\" \/>\n\t<meta name=\"twitter:label2\" content=\"Tempo di lettura stimato\" \/>\n\t<meta name=\"twitter:data2\" content=\"3 minuti\" \/>\n<script type=\"application\/ld+json\" class=\"yoast-schema-graph\">{\"@context\":\"https:\/\/schema.org\",\"@graph\":[{\"@type\":\"Article\",\"@id\":\"https:\/\/www.pressenza.com\/it\/2013\/05\/da-bologna-un-insegnamento-dire-no-al-finanziamento-pubblico-della-scuola-privata-e-possibile\/#article\",\"isPartOf\":{\"@id\":\"https:\/\/www.pressenza.com\/it\/2013\/05\/da-bologna-un-insegnamento-dire-no-al-finanziamento-pubblico-della-scuola-privata-e-possibile\/\"},\"author\":{\"name\":\"Luciano Muhlbauer\",\"@id\":\"https:\/\/www.pressenza.com\/it\/#\/schema\/person\/39da6bde67055a1b8cddb12c57da5142\"},\"headline\":\"Da Bologna un insegnamento: dire no al finanziamento pubblico della scuola privata \u00e8 possibile\",\"datePublished\":\"2013-05-27T11:56:57+00:00\",\"dateModified\":\"2013-05-27T11:57:09+00:00\",\"mainEntityOfPage\":{\"@id\":\"https:\/\/www.pressenza.com\/it\/2013\/05\/da-bologna-un-insegnamento-dire-no-al-finanziamento-pubblico-della-scuola-privata-e-possibile\/\"},\"wordCount\":613,\"publisher\":{\"@id\":\"https:\/\/www.pressenza.com\/it\/#organization\"},\"image\":{\"@id\":\"https:\/\/www.pressenza.com\/it\/2013\/05\/da-bologna-un-insegnamento-dire-no-al-finanziamento-pubblico-della-scuola-privata-e-possibile\/#primaryimage\"},\"thumbnailUrl\":\"https:\/\/www.pressenza.com\/wp-content\/uploads\/2013\/05\/Votiamo-scuola-pubblica.jpg\",\"keywords\":[\"Bologna\",\"referendum\",\"scuola privata\",\"scuola pubblica\"],\"articleSection\":[\"Educazione\",\"Europa\",\"Opinioni\",\"Politica\"],\"inLanguage\":\"it-IT\"},{\"@type\":\"WebPage\",\"@id\":\"https:\/\/www.pressenza.com\/it\/2013\/05\/da-bologna-un-insegnamento-dire-no-al-finanziamento-pubblico-della-scuola-privata-e-possibile\/\",\"url\":\"https:\/\/www.pressenza.com\/it\/2013\/05\/da-bologna-un-insegnamento-dire-no-al-finanziamento-pubblico-della-scuola-privata-e-possibile\/\",\"name\":\"Da Bologna un insegnamento: dire no al finanziamento pubblico della scuola privata \u00e8 possibile\",\"isPartOf\":{\"@id\":\"https:\/\/www.pressenza.com\/it\/#website\"},\"primaryImageOfPage\":{\"@id\":\"https:\/\/www.pressenza.com\/it\/2013\/05\/da-bologna-un-insegnamento-dire-no-al-finanziamento-pubblico-della-scuola-privata-e-possibile\/#primaryimage\"},\"image\":{\"@id\":\"https:\/\/www.pressenza.com\/it\/2013\/05\/da-bologna-un-insegnamento-dire-no-al-finanziamento-pubblico-della-scuola-privata-e-possibile\/#primaryimage\"},\"thumbnailUrl\":\"https:\/\/www.pressenza.com\/wp-content\/uploads\/2013\/05\/Votiamo-scuola-pubblica.jpg\",\"datePublished\":\"2013-05-27T11:56:57+00:00\",\"dateModified\":\"2013-05-27T11:57:09+00:00\",\"description\":\"A Bologna ha vinto il s\u00ec all\u2019abrogazione del finanziamento comunale delle scuole materne private. Il 59% dei votanti al referendum comunale ha infatti\",\"breadcrumb\":{\"@id\":\"https:\/\/www.pressenza.com\/it\/2013\/05\/da-bologna-un-insegnamento-dire-no-al-finanziamento-pubblico-della-scuola-privata-e-possibile\/#breadcrumb\"},\"inLanguage\":\"it-IT\",\"potentialAction\":[{\"@type\":\"ReadAction\",\"target\":[\"https:\/\/www.pressenza.com\/it\/2013\/05\/da-bologna-un-insegnamento-dire-no-al-finanziamento-pubblico-della-scuola-privata-e-possibile\/\"]}]},{\"@type\":\"ImageObject\",\"inLanguage\":\"it-IT\",\"@id\":\"https:\/\/www.pressenza.com\/it\/2013\/05\/da-bologna-un-insegnamento-dire-no-al-finanziamento-pubblico-della-scuola-privata-e-possibile\/#primaryimage\",\"url\":\"https:\/\/www.pressenza.com\/wp-content\/uploads\/2013\/05\/Votiamo-scuola-pubblica.jpg\",\"contentUrl\":\"https:\/\/www.pressenza.com\/wp-content\/uploads\/2013\/05\/Votiamo-scuola-pubblica.jpg\",\"width\":150,\"height\":146},{\"@type\":\"BreadcrumbList\",\"@id\":\"https:\/\/www.pressenza.com\/it\/2013\/05\/da-bologna-un-insegnamento-dire-no-al-finanziamento-pubblico-della-scuola-privata-e-possibile\/#breadcrumb\",\"itemListElement\":[{\"@type\":\"ListItem\",\"position\":1,\"name\":\"Accueil\",\"item\":\"https:\/\/www.pressenza.com\/it\/\"},{\"@type\":\"ListItem\",\"position\":2,\"name\":\"Da Bologna un insegnamento: dire no al finanziamento pubblico della scuola privata \u00e8 possibile\"}]},{\"@type\":\"WebSite\",\"@id\":\"https:\/\/www.pressenza.com\/it\/#website\",\"url\":\"https:\/\/www.pressenza.com\/it\/\",\"name\":\"Pressenza\",\"description\":\"Agenzia di Stampa Internazionale\",\"publisher\":{\"@id\":\"https:\/\/www.pressenza.com\/it\/#organization\"},\"potentialAction\":[{\"@type\":\"SearchAction\",\"target\":{\"@type\":\"EntryPoint\",\"urlTemplate\":\"https:\/\/www.pressenza.com\/it\/?s={search_term_string}\"},\"query-input\":{\"@type\":\"PropertyValueSpecification\",\"valueRequired\":true,\"valueName\":\"search_term_string\"}}],\"inLanguage\":\"it-IT\"},{\"@type\":\"Organization\",\"@id\":\"https:\/\/www.pressenza.com\/it\/#organization\",\"name\":\"Pressenza\",\"url\":\"https:\/\/www.pressenza.com\/it\/\",\"logo\":{\"@type\":\"ImageObject\",\"inLanguage\":\"it-IT\",\"@id\":\"https:\/\/www.pressenza.com\/it\/#\/schema\/logo\/image\/\",\"url\":\"https:\/\/www.pressenza.com\/wp-content\/uploads\/2022\/10\/pressenza_logo_200x200.jpg\",\"contentUrl\":\"https:\/\/www.pressenza.com\/wp-content\/uploads\/2022\/10\/pressenza_logo_200x200.jpg\",\"width\":200,\"height\":200,\"caption\":\"Pressenza\"},\"image\":{\"@id\":\"https:\/\/www.pressenza.com\/it\/#\/schema\/logo\/image\/\"},\"sameAs\":[\"https:\/\/www.facebook.com\/PressenzaItalia\",\"https:\/\/x.com\/PressenzaIPA\"]},{\"@type\":\"Person\",\"@id\":\"https:\/\/www.pressenza.com\/it\/#\/schema\/person\/39da6bde67055a1b8cddb12c57da5142\",\"name\":\"Luciano Muhlbauer\",\"description\":\"Collabora con le testate di informazione alternativa on line MilanoX e Milano In Movimento, \u00e8 stato tra i portavoce del Genoa Social Forum nel 2001 e uno dei segretari nazionali del sindacato di base SinCobas fino al 2005. Dal 2005 al 2010 \u00e8 stato consigliere regionale in Lombardia. www.lucianomuhlbauer.it\/blog\/\",\"sameAs\":[\"https:\/\/www.facebook.com\/luciano.muhlbauer\",\"https:\/\/x.com\/Muhlbauer_\"],\"url\":\"https:\/\/www.pressenza.com\/it\/author\/luciano-muhlbauer\/\"}]}<\/script>\n<!-- \/ Yoast SEO plugin. -->","yoast_head_json":{"title":"Da Bologna un insegnamento: dire no al finanziamento pubblico della scuola privata \u00e8 possibile","description":"A Bologna ha vinto il s\u00ec all\u2019abrogazione del finanziamento comunale delle scuole materne private. Il 59% dei votanti al referendum comunale ha infatti","robots":{"index":"index","follow":"follow","max-snippet":"max-snippet:-1","max-image-preview":"max-image-preview:large","max-video-preview":"max-video-preview:-1"},"canonical":"https:\/\/www.pressenza.com\/it\/2013\/05\/da-bologna-un-insegnamento-dire-no-al-finanziamento-pubblico-della-scuola-privata-e-possibile\/","og_locale":"it_IT","og_type":"article","og_title":"Da Bologna un insegnamento: dire no al finanziamento pubblico della scuola privata \u00e8 possibile","og_description":"A Bologna ha vinto il s\u00ec all\u2019abrogazione del finanziamento comunale delle scuole materne private. Il 59% dei votanti al referendum comunale ha infatti","og_url":"https:\/\/www.pressenza.com\/it\/2013\/05\/da-bologna-un-insegnamento-dire-no-al-finanziamento-pubblico-della-scuola-privata-e-possibile\/","og_site_name":"Pressenza","article_publisher":"https:\/\/www.facebook.com\/PressenzaItalia","article_author":"https:\/\/www.facebook.com\/luciano.muhlbauer","article_published_time":"2013-05-27T11:56:57+00:00","article_modified_time":"2013-05-27T11:57:09+00:00","og_image":[{"width":150,"height":146,"url":"https:\/\/www.pressenza.com\/wp-content\/uploads\/2013\/05\/Votiamo-scuola-pubblica.jpg","type":"image\/jpeg"}],"author":"Luciano Muhlbauer","twitter_card":"summary_large_image","twitter_creator":"@Muhlbauer_","twitter_site":"@PressenzaIPA","twitter_misc":{"Scritto da":"Luciano Muhlbauer","Tempo di lettura stimato":"3 minuti"},"schema":{"@context":"https:\/\/schema.org","@graph":[{"@type":"Article","@id":"https:\/\/www.pressenza.com\/it\/2013\/05\/da-bologna-un-insegnamento-dire-no-al-finanziamento-pubblico-della-scuola-privata-e-possibile\/#article","isPartOf":{"@id":"https:\/\/www.pressenza.com\/it\/2013\/05\/da-bologna-un-insegnamento-dire-no-al-finanziamento-pubblico-della-scuola-privata-e-possibile\/"},"author":{"name":"Luciano Muhlbauer","@id":"https:\/\/www.pressenza.com\/it\/#\/schema\/person\/39da6bde67055a1b8cddb12c57da5142"},"headline":"Da Bologna un insegnamento: dire no al finanziamento pubblico della scuola privata \u00e8 possibile","datePublished":"2013-05-27T11:56:57+00:00","dateModified":"2013-05-27T11:57:09+00:00","mainEntityOfPage":{"@id":"https:\/\/www.pressenza.com\/it\/2013\/05\/da-bologna-un-insegnamento-dire-no-al-finanziamento-pubblico-della-scuola-privata-e-possibile\/"},"wordCount":613,"publisher":{"@id":"https:\/\/www.pressenza.com\/it\/#organization"},"image":{"@id":"https:\/\/www.pressenza.com\/it\/2013\/05\/da-bologna-un-insegnamento-dire-no-al-finanziamento-pubblico-della-scuola-privata-e-possibile\/#primaryimage"},"thumbnailUrl":"https:\/\/www.pressenza.com\/wp-content\/uploads\/2013\/05\/Votiamo-scuola-pubblica.jpg","keywords":["Bologna","referendum","scuola privata","scuola pubblica"],"articleSection":["Educazione","Europa","Opinioni","Politica"],"inLanguage":"it-IT"},{"@type":"WebPage","@id":"https:\/\/www.pressenza.com\/it\/2013\/05\/da-bologna-un-insegnamento-dire-no-al-finanziamento-pubblico-della-scuola-privata-e-possibile\/","url":"https:\/\/www.pressenza.com\/it\/2013\/05\/da-bologna-un-insegnamento-dire-no-al-finanziamento-pubblico-della-scuola-privata-e-possibile\/","name":"Da Bologna un insegnamento: dire no al finanziamento pubblico della scuola privata \u00e8 possibile","isPartOf":{"@id":"https:\/\/www.pressenza.com\/it\/#website"},"primaryImageOfPage":{"@id":"https:\/\/www.pressenza.com\/it\/2013\/05\/da-bologna-un-insegnamento-dire-no-al-finanziamento-pubblico-della-scuola-privata-e-possibile\/#primaryimage"},"image":{"@id":"https:\/\/www.pressenza.com\/it\/2013\/05\/da-bologna-un-insegnamento-dire-no-al-finanziamento-pubblico-della-scuola-privata-e-possibile\/#primaryimage"},"thumbnailUrl":"https:\/\/www.pressenza.com\/wp-content\/uploads\/2013\/05\/Votiamo-scuola-pubblica.jpg","datePublished":"2013-05-27T11:56:57+00:00","dateModified":"2013-05-27T11:57:09+00:00","description":"A Bologna ha vinto il s\u00ec all\u2019abrogazione del finanziamento comunale delle scuole materne private. Il 59% dei votanti al referendum comunale ha infatti","breadcrumb":{"@id":"https:\/\/www.pressenza.com\/it\/2013\/05\/da-bologna-un-insegnamento-dire-no-al-finanziamento-pubblico-della-scuola-privata-e-possibile\/#breadcrumb"},"inLanguage":"it-IT","potentialAction":[{"@type":"ReadAction","target":["https:\/\/www.pressenza.com\/it\/2013\/05\/da-bologna-un-insegnamento-dire-no-al-finanziamento-pubblico-della-scuola-privata-e-possibile\/"]}]},{"@type":"ImageObject","inLanguage":"it-IT","@id":"https:\/\/www.pressenza.com\/it\/2013\/05\/da-bologna-un-insegnamento-dire-no-al-finanziamento-pubblico-della-scuola-privata-e-possibile\/#primaryimage","url":"https:\/\/www.pressenza.com\/wp-content\/uploads\/2013\/05\/Votiamo-scuola-pubblica.jpg","contentUrl":"https:\/\/www.pressenza.com\/wp-content\/uploads\/2013\/05\/Votiamo-scuola-pubblica.jpg","width":150,"height":146},{"@type":"BreadcrumbList","@id":"https:\/\/www.pressenza.com\/it\/2013\/05\/da-bologna-un-insegnamento-dire-no-al-finanziamento-pubblico-della-scuola-privata-e-possibile\/#breadcrumb","itemListElement":[{"@type":"ListItem","position":1,"name":"Accueil","item":"https:\/\/www.pressenza.com\/it\/"},{"@type":"ListItem","position":2,"name":"Da Bologna un insegnamento: dire no al finanziamento pubblico della scuola privata \u00e8 possibile"}]},{"@type":"WebSite","@id":"https:\/\/www.pressenza.com\/it\/#website","url":"https:\/\/www.pressenza.com\/it\/","name":"Pressenza","description":"Agenzia di Stampa Internazionale","publisher":{"@id":"https:\/\/www.pressenza.com\/it\/#organization"},"potentialAction":[{"@type":"SearchAction","target":{"@type":"EntryPoint","urlTemplate":"https:\/\/www.pressenza.com\/it\/?s={search_term_string}"},"query-input":{"@type":"PropertyValueSpecification","valueRequired":true,"valueName":"search_term_string"}}],"inLanguage":"it-IT"},{"@type":"Organization","@id":"https:\/\/www.pressenza.com\/it\/#organization","name":"Pressenza","url":"https:\/\/www.pressenza.com\/it\/","logo":{"@type":"ImageObject","inLanguage":"it-IT","@id":"https:\/\/www.pressenza.com\/it\/#\/schema\/logo\/image\/","url":"https:\/\/www.pressenza.com\/wp-content\/uploads\/2022\/10\/pressenza_logo_200x200.jpg","contentUrl":"https:\/\/www.pressenza.com\/wp-content\/uploads\/2022\/10\/pressenza_logo_200x200.jpg","width":200,"height":200,"caption":"Pressenza"},"image":{"@id":"https:\/\/www.pressenza.com\/it\/#\/schema\/logo\/image\/"},"sameAs":["https:\/\/www.facebook.com\/PressenzaItalia","https:\/\/x.com\/PressenzaIPA"]},{"@type":"Person","@id":"https:\/\/www.pressenza.com\/it\/#\/schema\/person\/39da6bde67055a1b8cddb12c57da5142","name":"Luciano Muhlbauer","description":"Collabora con le testate di informazione alternativa on line MilanoX e Milano In Movimento, \u00e8 stato tra i portavoce del Genoa Social Forum nel 2001 e uno dei segretari nazionali del sindacato di base SinCobas fino al 2005. Dal 2005 al 2010 \u00e8 stato consigliere regionale in Lombardia. www.lucianomuhlbauer.it\/blog\/","sameAs":["https:\/\/www.facebook.com\/luciano.muhlbauer","https:\/\/x.com\/Muhlbauer_"],"url":"https:\/\/www.pressenza.com\/it\/author\/luciano-muhlbauer\/"}]}},"place":"Milano","original_article_url":"","_links":{"self":[{"href":"https:\/\/www.pressenza.com\/it\/wp-json\/wp\/v2\/posts\/53817","targetHints":{"allow":["GET"]}}],"collection":[{"href":"https:\/\/www.pressenza.com\/it\/wp-json\/wp\/v2\/posts"}],"about":[{"href":"https:\/\/www.pressenza.com\/it\/wp-json\/wp\/v2\/types\/post"}],"author":[{"embeddable":true,"href":"https:\/\/www.pressenza.com\/it\/wp-json\/wp\/v2\/users\/982"}],"replies":[{"embeddable":true,"href":"https:\/\/www.pressenza.com\/it\/wp-json\/wp\/v2\/comments?post=53817"}],"version-history":[{"count":0,"href":"https:\/\/www.pressenza.com\/it\/wp-json\/wp\/v2\/posts\/53817\/revisions"}],"wp:featuredmedia":[{"embeddable":true,"href":"https:\/\/www.pressenza.com\/it\/wp-json\/wp\/v2\/media\/53818"}],"wp:attachment":[{"href":"https:\/\/www.pressenza.com\/it\/wp-json\/wp\/v2\/media?parent=53817"}],"wp:term":[{"taxonomy":"category","embeddable":true,"href":"https:\/\/www.pressenza.com\/it\/wp-json\/wp\/v2\/categories?post=53817"},{"taxonomy":"post_tag","embeddable":true,"href":"https:\/\/www.pressenza.com\/it\/wp-json\/wp\/v2\/tags?post=53817"}],"curies":[{"name":"wp","href":"https:\/\/api.w.org\/{rel}","templated":true}]}}