{"id":532944,"date":"2017-10-07T13:19:48","date_gmt":"2017-10-07T12:19:48","guid":{"rendered":"https:\/\/www.pressenza.com\/?p=532944\/"},"modified":"2017-10-07T13:19:48","modified_gmt":"2017-10-07T12:19:48","slug":"numeri-del-cancro-dellinquinamento","status":"publish","type":"post","link":"https:\/\/www.pressenza.com\/it\/2017\/10\/numeri-del-cancro-dellinquinamento\/","title":{"rendered":"I numeri del cancro e quelli dell\u2019inquinamento"},"content":{"rendered":"<div class=\"attribute-long\">\n<p><b>La lotta all\u2019<a href=\"http:\/\/www.unimondo.org\/Guide\/Ambiente\/Inquinamento\" target=\"_blank\" rel=\"noopener noreferrer\">inquinamento<\/a> all\u2019interno dell\u2019<a href=\"http:\/\/www.unimondo.org\/Guide\/Politica\/Unione-Europea\" target=\"_blank\" rel=\"noopener noreferrer\">Unione europea<\/a> \u00e8 una corsa ad\u00a0ostacoli con notevoli differenze geografiche nel grado di adesione agli obiettivi fissati a Parigi nel 2015<\/b>. Tra i 27 paesi europei che hanno sottoscritto gli ultimi accordi sul <a href=\"http:\/\/www.unimondo.org\/Guide\/Ambiente\/Cambiamento-climatico\" target=\"_blank\" rel=\"noopener noreferrer\">clima<\/a>, infatti, solo la Svezia ha registrato un grado di adesione eccellente agli impegni presi; Germania e Francia hanno registrato un grado sufficiente; 16 paesi un grado insufficiente o scarso e altri 9, tra cui l\u2019Italia, un grado molto scarso di adesione agli impegni. Ma cosa centra questo con il cancro? Secondo il censimento ufficiale \u201c<i><a href=\"http:\/\/www.aiom.it\/aiom-servizi\/eventi-aiom-servizi\/%20aiom-airtum-numeri-cancro-2017\/1,3021,0,\" target=\"_blank\" rel=\"noopener noreferrer\">I numeri del cancro in Italia 2017<\/a><\/i>\u201d, presentato lo scorso 19 settembre a Roma dall\u2019<b><a href=\"http:\/\/www.aiom.it\/\" target=\"_blank\" rel=\"noopener noreferrer\">Associazione italiana di oncologia medica<\/a> <\/b>(Aiom)\u00a0e dell\u2019<b><a href=\"http:\/\/www.registri-tumori.it\/cms\/\" target=\"_blank\" rel=\"noopener noreferrer\">Associazione italiana registri tumori<\/a><\/b> (Airtum), ben pi\u00f9 di qualcosa, visto che, come conferma un intero capitolo del rapporto dedicato alla qualit\u00e0 dell\u2019aria che respiriamo, \u201c<b>\u00c8 ormai ben accertato che l\u2019inquinamento atmosferico, tramite carcinogeni certi come il PM e il benzene e altri inquinanti classificati come probabili carcinogeni, causi il tumore del polmone e sia un importante fattore di rischio per il tumore della vescica<\/b>\u201d.<\/p>\n<p>\u00c8 s\u00ec perch\u00e9 <a href=\"http:\/\/www.unimondo.org\/Notizie\/D-aria-si-muore-160600\" target=\"_blank\" rel=\"noopener noreferrer\">d\u2019aria si muore<\/a>, in <a href=\"http:\/\/www.unimondo.org\/Notizie\/Aria-pulita-da-bisogno-a-diritto!-157265\" target=\"_blank\" rel=\"noopener noreferrer\">Europa<\/a> e in particolare in <a href=\"http:\/\/www.unimondo.org\/Notizie\/Tre-killer-si-aggirano-per-l-Europa-e-per-l-Italia-154001\" target=\"_blank\" rel=\"noopener noreferrer\">Italia<\/a>,\u00a0dove, come ci ha ricordato <b><a href=\"https:\/\/www.legambiente.it\" target=\"_blank\" rel=\"noopener noreferrer\">Legambiente<\/a><\/b> con una ricerca elaborata in gennaio sui dati delle\u00a0<b><u><a href=\"http:\/\/www.isprambiente.gov.it\/it\/sistema-nazionale-protezione-ambiente\" target=\"_blank\" rel=\"noopener noreferrer\">Agenzie Regionali per la Protezione dell\u2019Ambiente<\/a><\/u><\/b>\u00a0(Arpa), Torino, Frosinone, Milano, Venezia, Vicenza, Padova, Treviso sono solo alcuni dei capoluoghi di provincia che hanno superato la soglia limite di polveri sottili nel 2016.\u00a0<b>A fronte di un numero massimo di 35 giorni all\u2019anno previsti dalla legge con concentrazioni superiori ai 50 microgrammi di polveri sottili al metro cubo, Torino conta 86 giorni fuori soglia, Frosinone 85, Milano e Venezia 73, Vicenza 71, Padova e Treviso 68. <\/b>E la classifica prosegue registrando un totale di 32 citt\u00e0 in allarme smog nel 2016. Per questo \u201cSono urgenti e necessari interventi strutturali, di lunga programmazione, i cui tempi di messa in opera superano quelli del mandato elettorale di un sindaco. <b>Serve un piano nazionale che aiuti i primi cittadini a prendere e sostenere le decisioni giuste<\/b>: misure strutturali e permanenti, anche radicali e a volte impopolari, per la cui realizzazione occorrono, per altro, investimenti largamente al di sopra della portata dei Comuni, stretti dal patto di stabilit\u00e0\u201d.<\/p>\n<p>Non ci stupisce quindi sapere che il censimento di Aiom e Airtum documenta <b>un significativo aumento dei nuovi casi di tumore in Italia, passati dai 365.800 del 2016 ai 369mila (192mila tra i maschi e 177mila tra le femmine) stimati per il 2017. In tutto 3.200 casi di cancro in pi\u00f9<\/b>. Le 5 neoplasie pi\u00f9 frequenti nel 2017\u00a0nella popolazione italiana risultano essere del colon-retto (53mila nuovi casi), seno (51mila), polmone (41.800), prostata (34.800) e vescica (27mila). Sono stati invece 177.301 i decessi attribuibili al cancro in un anno, il 2014 (dove si fermano gli ultimi dati Istat disponibili), rappresentando cos\u00ec con il 29 % la seconda causa di morte di tutti i decessi, dopo le patologie cardio-circolatorie (37%). Il tumore che ha fatto registrare nel 2014 il maggior numero di decessi \u00e8 guarda caso quello al polmone (33.386), seguito da colon-retto (18.671), mammella (12.330), pancreas (11.186) e stomaco (9.557). <b>Dati ancor pi\u00f9 preoccupanti se pensiamo che nel contesto nazionale si registrano significativi miglioramenti nei tassi di sopravvivenza della <a href=\"http:\/\/www.unimondo.org\/Guide\/Sviluppo\/Popolazione\" target=\"_blank\" rel=\"noopener noreferrer\">popolazione<\/a> colpita da una diagnosi di cancro<\/b>. Tanto che i cittadini che si sono ammalati nel 2005-2009 hanno una sopravvivenza migliore rispetto a chi \u00e8 stato colpito dalla malattia nel quinquennio precedente, sia negli uomini (54% vs 51%) sia nelle donne (63% vs 60%) e <b>oggi oltre 3 milioni e trecentomila cittadini (3.304.648) vivono dopo la diagnosi, il 24% in pi\u00f9 rispetto al 2010.<\/b><\/p>\n<p><b>Dietro questi numeri che danno speranza ci sono per\u00f2 migliaia di persone le cui patologie e sofferenze hanno legami importanti con l\u2019inquinamento ambientale<\/b>, perch\u00e9 se \u00e8 vero che \u201cMolti degli inquinanti generati dalle attivit\u00e0 antropiche sono gli stessi di quelli prodotti da sorgenti naturali\u201d sono principalmente, \u201ci fattori climatici e le caratteristiche morfologiche degli ambienti urbani, dove si concentra la gran parte delle attivit\u00e0 antropiche inquinanti, che ne favoriscono l\u2019accumulo e la concentrazione\u201d si legge nell\u2019analisi di Aiom e Airtum.\u00a0 <b>Le principali fonti di emissione in Italia sono note: \u201ctraffico stradale e riscaldamento residenziale ai primi posti<\/b>, seguiti &#8211; come ha conferma anche il <i><a href=\"http:\/\/www.isprambiente.gov.it\/public_files\/XII_RAPPORTO_AREE_URBANE\/XII_RAU_Volume_completo.pdf\" target=\"_blank\" rel=\"noopener noreferrer\">XII rapporto sulla Qualit\u00e0 dell\u2019ambiente urbano<\/a><\/i> dell\u2019<b><a href=\"http:\/\/www.isprambiente.gov.it\/it\" target=\"_blank\" rel=\"noopener noreferrer\">Ispra<\/a><\/b> &#8211; dalle <b>combustioni industriali, ed emissioni dovute ad <a href=\"http:\/\/www.unimondo.org\/Guide\/Sviluppo\/Agricoltura\" target=\"_blank\" rel=\"noopener noreferrer\">agricoltura<\/a> e allevamenti intensivi di animali\u201d<\/b>. Infine un altro fattore di rilievo nel rapporto tra cancro e inquinamento \u00e8 costituito dalla presenza dei 44 Siti inquinati di interesse nazionale (Sin), aree cio\u00e8 \u201cin cui la contaminazione ambientale \u00e8 di particolare rilevanza sia per tipologia che per diffusione\u201d.<\/p>\n<p><b>Non siamo quindi davanti ai soliti dati \u201cambientalisti-allarmisti\u201d, ma ad una situazione che oltre a dei costi umani insostenibili ha anche dei costi economici<\/b>. La spesa per la sanit\u00e0 pubblica in Italia direttamente connessa all\u2019inquinamento \u00e8 stimata tra i 47 e 142 miliardi l\u2019anno stando a dati relativi al 2010.\u00a0In particolare la scarsa e alle volte pessima qualit\u00e0 dell\u2019aria, contribuisce all\u2019incremento non solo dei costi per le cure oncologiche, ma anche a quelli per malattie croniche\u00a0sempre pi\u00f9 diffuse come quelle degli apparati cardiocircolatorio e respiratorio, quali asma, allergie, broncopneumopatia cronica ostruttiva (COPD, nella sigla inglese), o a quelli dovuti a patologie come il diabete, le malattie del fegato e l\u2019obesit\u00e0. Che fare? Secondo i dati raccolti nel report, almeno in Italia, <b>\u201cla lotta all\u2019inquinamento atmosferico procede molto lentamente, per non parlare delle bonifiche nei Sin nazionali,\u00a0completate appena per il 20%\u201d.\u00a0<\/b> Purtroppo senza una maggiore consapevolezza politica e investimenti sull\u2019uno e l\u2019altro fronte, \u201cl\u2019Italia continuer\u00e0 a rimanere indietro non solo nella strada verso uno sviluppo <a href=\"http:\/\/www.unimondo.org\/Guide\/Sviluppo\/Sostenibilita\" target=\"_blank\" rel=\"noopener noreferrer\">sostenibile<\/a>, ma anche in quella che porta a una migliore <a href=\"http:\/\/www.unimondo.org\/Guide\/Salute\" target=\"_blank\" rel=\"noopener noreferrer\">salute<\/a> dei propri cittadini\u201d, hanno concluso Aiom e Airtum. Ma per il Parlamento, purtroppo, l&#8217;emergenza \u00e8 solo il morbillo.<\/p>\n<\/div>\n","protected":false},"excerpt":{"rendered":"<p>La lotta all\u2019inquinamento all\u2019interno dell\u2019Unione europea \u00e8 una corsa ad\u00a0ostacoli con notevoli differenze geografiche nel grado di adesione agli obiettivi fissati a Parigi nel 2015. Tra i 27 paesi europei che hanno sottoscritto gli ultimi accordi sul clima, infatti, solo&hellip;<\/p>\n","protected":false},"author":599,"featured_media":532945,"comment_status":"closed","ping_status":"closed","sticky":false,"template":"","format":"standard","meta":{"footnotes":""},"categories":[47,162,1259],"tags":[40798,3918,7908,23033,10949,1177],"class_list":["post-532944","post","type-post","status-publish","format-standard","has-post-thumbnail","hentry","category-europa","category-opinioni","category-salute-argomento","tag-aiom","tag-cancro","tag-clima","tag-inquinamento-ambientale","tag-qualita-dellaria","tag-salute"],"yoast_head":"<!-- This site is optimized with the Yoast SEO plugin v27.1.1 - https:\/\/yoast.com\/product\/yoast-seo-wordpress\/ -->\n<title>I numeri del cancro e quelli dell\u2019inquinamento<\/title>\n<meta name=\"description\" content=\"La lotta all\u2019inquinamento all\u2019interno dell\u2019Unione europea \u00e8 una corsa ad\u00a0ostacoli con notevoli differenze geografiche nel grado di adesione agli obiettivi\" \/>\n<meta name=\"robots\" content=\"index, follow, max-snippet:-1, max-image-preview:large, max-video-preview:-1\" \/>\n<link rel=\"canonical\" href=\"https:\/\/www.pressenza.com\/it\/2017\/10\/numeri-del-cancro-dellinquinamento\/\" \/>\n<meta property=\"og:locale\" content=\"it_IT\" \/>\n<meta property=\"og:type\" content=\"article\" \/>\n<meta property=\"og:title\" content=\"I numeri del cancro e quelli dell\u2019inquinamento\" \/>\n<meta property=\"og:description\" content=\"La lotta all\u2019inquinamento all\u2019interno dell\u2019Unione europea \u00e8 una corsa ad\u00a0ostacoli con notevoli differenze geografiche nel grado di adesione agli obiettivi\" \/>\n<meta property=\"og:url\" content=\"https:\/\/www.pressenza.com\/it\/2017\/10\/numeri-del-cancro-dellinquinamento\/\" \/>\n<meta property=\"og:site_name\" content=\"Pressenza\" \/>\n<meta property=\"article:publisher\" content=\"https:\/\/www.facebook.com\/PressenzaItalia\" \/>\n<meta property=\"article:published_time\" content=\"2017-10-07T12:19:48+00:00\" \/>\n<meta property=\"og:image\" content=\"https:\/\/www.pressenza.com\/wp-content\/uploads\/2017\/10\/canro.jpg\" \/>\n\t<meta property=\"og:image:width\" content=\"600\" \/>\n\t<meta property=\"og:image:height\" content=\"454\" \/>\n\t<meta property=\"og:image:type\" content=\"image\/jpeg\" \/>\n<meta name=\"author\" content=\"Unimondo\" \/>\n<meta name=\"twitter:card\" content=\"summary_large_image\" \/>\n<meta name=\"twitter:creator\" content=\"@PressenzaIPA\" \/>\n<meta name=\"twitter:site\" content=\"@PressenzaIPA\" \/>\n<meta name=\"twitter:label1\" content=\"Scritto da\" \/>\n\t<meta name=\"twitter:data1\" content=\"Unimondo\" \/>\n\t<meta name=\"twitter:label2\" content=\"Tempo di lettura stimato\" \/>\n\t<meta name=\"twitter:data2\" content=\"5 minuti\" \/>\n<script type=\"application\/ld+json\" class=\"yoast-schema-graph\">{\"@context\":\"https:\/\/schema.org\",\"@graph\":[{\"@type\":\"Article\",\"@id\":\"https:\/\/www.pressenza.com\/it\/2017\/10\/numeri-del-cancro-dellinquinamento\/#article\",\"isPartOf\":{\"@id\":\"https:\/\/www.pressenza.com\/it\/2017\/10\/numeri-del-cancro-dellinquinamento\/\"},\"author\":{\"name\":\"Unimondo\",\"@id\":\"https:\/\/www.pressenza.com\/it\/#\/schema\/person\/c1522125703ef99487d4e50b9fbc1ecf\"},\"headline\":\"I numeri del cancro e quelli dell\u2019inquinamento\",\"datePublished\":\"2017-10-07T12:19:48+00:00\",\"mainEntityOfPage\":{\"@id\":\"https:\/\/www.pressenza.com\/it\/2017\/10\/numeri-del-cancro-dellinquinamento\/\"},\"wordCount\":940,\"publisher\":{\"@id\":\"https:\/\/www.pressenza.com\/it\/#organization\"},\"image\":{\"@id\":\"https:\/\/www.pressenza.com\/it\/2017\/10\/numeri-del-cancro-dellinquinamento\/#primaryimage\"},\"thumbnailUrl\":\"https:\/\/www.pressenza.com\/wp-content\/uploads\/2017\/10\/canro.jpg\",\"keywords\":[\"Aiom\",\"cancro\",\"clima\",\"inquinamento ambientale\",\"qualit\u00e0 dell'aria\",\"salute\"],\"articleSection\":[\"Europa\",\"Opinioni\",\"Salute\"],\"inLanguage\":\"it-IT\"},{\"@type\":\"WebPage\",\"@id\":\"https:\/\/www.pressenza.com\/it\/2017\/10\/numeri-del-cancro-dellinquinamento\/\",\"url\":\"https:\/\/www.pressenza.com\/it\/2017\/10\/numeri-del-cancro-dellinquinamento\/\",\"name\":\"I numeri del cancro e quelli dell\u2019inquinamento\",\"isPartOf\":{\"@id\":\"https:\/\/www.pressenza.com\/it\/#website\"},\"primaryImageOfPage\":{\"@id\":\"https:\/\/www.pressenza.com\/it\/2017\/10\/numeri-del-cancro-dellinquinamento\/#primaryimage\"},\"image\":{\"@id\":\"https:\/\/www.pressenza.com\/it\/2017\/10\/numeri-del-cancro-dellinquinamento\/#primaryimage\"},\"thumbnailUrl\":\"https:\/\/www.pressenza.com\/wp-content\/uploads\/2017\/10\/canro.jpg\",\"datePublished\":\"2017-10-07T12:19:48+00:00\",\"description\":\"La lotta all\u2019inquinamento all\u2019interno dell\u2019Unione europea \u00e8 una corsa ad\u00a0ostacoli con notevoli differenze geografiche nel grado di adesione agli obiettivi\",\"breadcrumb\":{\"@id\":\"https:\/\/www.pressenza.com\/it\/2017\/10\/numeri-del-cancro-dellinquinamento\/#breadcrumb\"},\"inLanguage\":\"it-IT\",\"potentialAction\":[{\"@type\":\"ReadAction\",\"target\":[\"https:\/\/www.pressenza.com\/it\/2017\/10\/numeri-del-cancro-dellinquinamento\/\"]}]},{\"@type\":\"ImageObject\",\"inLanguage\":\"it-IT\",\"@id\":\"https:\/\/www.pressenza.com\/it\/2017\/10\/numeri-del-cancro-dellinquinamento\/#primaryimage\",\"url\":\"https:\/\/www.pressenza.com\/wp-content\/uploads\/2017\/10\/canro.jpg\",\"contentUrl\":\"https:\/\/www.pressenza.com\/wp-content\/uploads\/2017\/10\/canro.jpg\",\"width\":600,\"height\":454},{\"@type\":\"BreadcrumbList\",\"@id\":\"https:\/\/www.pressenza.com\/it\/2017\/10\/numeri-del-cancro-dellinquinamento\/#breadcrumb\",\"itemListElement\":[{\"@type\":\"ListItem\",\"position\":1,\"name\":\"Accueil\",\"item\":\"https:\/\/www.pressenza.com\/it\/\"},{\"@type\":\"ListItem\",\"position\":2,\"name\":\"I numeri del cancro e quelli dell\u2019inquinamento\"}]},{\"@type\":\"WebSite\",\"@id\":\"https:\/\/www.pressenza.com\/it\/#website\",\"url\":\"https:\/\/www.pressenza.com\/it\/\",\"name\":\"Pressenza\",\"description\":\"Agenzia di Stampa Internazionale\",\"publisher\":{\"@id\":\"https:\/\/www.pressenza.com\/it\/#organization\"},\"potentialAction\":[{\"@type\":\"SearchAction\",\"target\":{\"@type\":\"EntryPoint\",\"urlTemplate\":\"https:\/\/www.pressenza.com\/it\/?s={search_term_string}\"},\"query-input\":{\"@type\":\"PropertyValueSpecification\",\"valueRequired\":true,\"valueName\":\"search_term_string\"}}],\"inLanguage\":\"it-IT\"},{\"@type\":\"Organization\",\"@id\":\"https:\/\/www.pressenza.com\/it\/#organization\",\"name\":\"Pressenza\",\"url\":\"https:\/\/www.pressenza.com\/it\/\",\"logo\":{\"@type\":\"ImageObject\",\"inLanguage\":\"it-IT\",\"@id\":\"https:\/\/www.pressenza.com\/it\/#\/schema\/logo\/image\/\",\"url\":\"https:\/\/www.pressenza.com\/wp-content\/uploads\/2022\/10\/pressenza_logo_200x200.jpg\",\"contentUrl\":\"https:\/\/www.pressenza.com\/wp-content\/uploads\/2022\/10\/pressenza_logo_200x200.jpg\",\"width\":200,\"height\":200,\"caption\":\"Pressenza\"},\"image\":{\"@id\":\"https:\/\/www.pressenza.com\/it\/#\/schema\/logo\/image\/\"},\"sameAs\":[\"https:\/\/www.facebook.com\/PressenzaItalia\",\"https:\/\/x.com\/PressenzaIPA\"]},{\"@type\":\"Person\",\"@id\":\"https:\/\/www.pressenza.com\/it\/#\/schema\/person\/c1522125703ef99487d4e50b9fbc1ecf\",\"name\":\"Unimondo\",\"description\":\"www.unimondo.org\",\"url\":\"https:\/\/www.pressenza.com\/it\/author\/unimondo\/\"}]}<\/script>\n<!-- \/ Yoast SEO plugin. -->","yoast_head_json":{"title":"I numeri del cancro e quelli dell\u2019inquinamento","description":"La lotta all\u2019inquinamento all\u2019interno dell\u2019Unione europea \u00e8 una corsa ad\u00a0ostacoli con notevoli differenze geografiche nel grado di adesione agli obiettivi","robots":{"index":"index","follow":"follow","max-snippet":"max-snippet:-1","max-image-preview":"max-image-preview:large","max-video-preview":"max-video-preview:-1"},"canonical":"https:\/\/www.pressenza.com\/it\/2017\/10\/numeri-del-cancro-dellinquinamento\/","og_locale":"it_IT","og_type":"article","og_title":"I numeri del cancro e quelli dell\u2019inquinamento","og_description":"La lotta all\u2019inquinamento all\u2019interno dell\u2019Unione europea \u00e8 una corsa ad\u00a0ostacoli con notevoli differenze geografiche nel grado di adesione agli obiettivi","og_url":"https:\/\/www.pressenza.com\/it\/2017\/10\/numeri-del-cancro-dellinquinamento\/","og_site_name":"Pressenza","article_publisher":"https:\/\/www.facebook.com\/PressenzaItalia","article_published_time":"2017-10-07T12:19:48+00:00","og_image":[{"width":600,"height":454,"url":"https:\/\/www.pressenza.com\/wp-content\/uploads\/2017\/10\/canro.jpg","type":"image\/jpeg"}],"author":"Unimondo","twitter_card":"summary_large_image","twitter_creator":"@PressenzaIPA","twitter_site":"@PressenzaIPA","twitter_misc":{"Scritto da":"Unimondo","Tempo di lettura stimato":"5 minuti"},"schema":{"@context":"https:\/\/schema.org","@graph":[{"@type":"Article","@id":"https:\/\/www.pressenza.com\/it\/2017\/10\/numeri-del-cancro-dellinquinamento\/#article","isPartOf":{"@id":"https:\/\/www.pressenza.com\/it\/2017\/10\/numeri-del-cancro-dellinquinamento\/"},"author":{"name":"Unimondo","@id":"https:\/\/www.pressenza.com\/it\/#\/schema\/person\/c1522125703ef99487d4e50b9fbc1ecf"},"headline":"I numeri del cancro e quelli dell\u2019inquinamento","datePublished":"2017-10-07T12:19:48+00:00","mainEntityOfPage":{"@id":"https:\/\/www.pressenza.com\/it\/2017\/10\/numeri-del-cancro-dellinquinamento\/"},"wordCount":940,"publisher":{"@id":"https:\/\/www.pressenza.com\/it\/#organization"},"image":{"@id":"https:\/\/www.pressenza.com\/it\/2017\/10\/numeri-del-cancro-dellinquinamento\/#primaryimage"},"thumbnailUrl":"https:\/\/www.pressenza.com\/wp-content\/uploads\/2017\/10\/canro.jpg","keywords":["Aiom","cancro","clima","inquinamento ambientale","qualit\u00e0 dell'aria","salute"],"articleSection":["Europa","Opinioni","Salute"],"inLanguage":"it-IT"},{"@type":"WebPage","@id":"https:\/\/www.pressenza.com\/it\/2017\/10\/numeri-del-cancro-dellinquinamento\/","url":"https:\/\/www.pressenza.com\/it\/2017\/10\/numeri-del-cancro-dellinquinamento\/","name":"I numeri del cancro e quelli dell\u2019inquinamento","isPartOf":{"@id":"https:\/\/www.pressenza.com\/it\/#website"},"primaryImageOfPage":{"@id":"https:\/\/www.pressenza.com\/it\/2017\/10\/numeri-del-cancro-dellinquinamento\/#primaryimage"},"image":{"@id":"https:\/\/www.pressenza.com\/it\/2017\/10\/numeri-del-cancro-dellinquinamento\/#primaryimage"},"thumbnailUrl":"https:\/\/www.pressenza.com\/wp-content\/uploads\/2017\/10\/canro.jpg","datePublished":"2017-10-07T12:19:48+00:00","description":"La lotta all\u2019inquinamento all\u2019interno dell\u2019Unione europea \u00e8 una corsa ad\u00a0ostacoli con notevoli differenze geografiche nel grado di adesione agli obiettivi","breadcrumb":{"@id":"https:\/\/www.pressenza.com\/it\/2017\/10\/numeri-del-cancro-dellinquinamento\/#breadcrumb"},"inLanguage":"it-IT","potentialAction":[{"@type":"ReadAction","target":["https:\/\/www.pressenza.com\/it\/2017\/10\/numeri-del-cancro-dellinquinamento\/"]}]},{"@type":"ImageObject","inLanguage":"it-IT","@id":"https:\/\/www.pressenza.com\/it\/2017\/10\/numeri-del-cancro-dellinquinamento\/#primaryimage","url":"https:\/\/www.pressenza.com\/wp-content\/uploads\/2017\/10\/canro.jpg","contentUrl":"https:\/\/www.pressenza.com\/wp-content\/uploads\/2017\/10\/canro.jpg","width":600,"height":454},{"@type":"BreadcrumbList","@id":"https:\/\/www.pressenza.com\/it\/2017\/10\/numeri-del-cancro-dellinquinamento\/#breadcrumb","itemListElement":[{"@type":"ListItem","position":1,"name":"Accueil","item":"https:\/\/www.pressenza.com\/it\/"},{"@type":"ListItem","position":2,"name":"I numeri del cancro e quelli dell\u2019inquinamento"}]},{"@type":"WebSite","@id":"https:\/\/www.pressenza.com\/it\/#website","url":"https:\/\/www.pressenza.com\/it\/","name":"Pressenza","description":"Agenzia di Stampa Internazionale","publisher":{"@id":"https:\/\/www.pressenza.com\/it\/#organization"},"potentialAction":[{"@type":"SearchAction","target":{"@type":"EntryPoint","urlTemplate":"https:\/\/www.pressenza.com\/it\/?s={search_term_string}"},"query-input":{"@type":"PropertyValueSpecification","valueRequired":true,"valueName":"search_term_string"}}],"inLanguage":"it-IT"},{"@type":"Organization","@id":"https:\/\/www.pressenza.com\/it\/#organization","name":"Pressenza","url":"https:\/\/www.pressenza.com\/it\/","logo":{"@type":"ImageObject","inLanguage":"it-IT","@id":"https:\/\/www.pressenza.com\/it\/#\/schema\/logo\/image\/","url":"https:\/\/www.pressenza.com\/wp-content\/uploads\/2022\/10\/pressenza_logo_200x200.jpg","contentUrl":"https:\/\/www.pressenza.com\/wp-content\/uploads\/2022\/10\/pressenza_logo_200x200.jpg","width":200,"height":200,"caption":"Pressenza"},"image":{"@id":"https:\/\/www.pressenza.com\/it\/#\/schema\/logo\/image\/"},"sameAs":["https:\/\/www.facebook.com\/PressenzaItalia","https:\/\/x.com\/PressenzaIPA"]},{"@type":"Person","@id":"https:\/\/www.pressenza.com\/it\/#\/schema\/person\/c1522125703ef99487d4e50b9fbc1ecf","name":"Unimondo","description":"www.unimondo.org","url":"https:\/\/www.pressenza.com\/it\/author\/unimondo\/"}]}},"place":"Alessandro Graziadei","original_article_url":"http:\/\/www.unimondo.org\/Notizie\/I-numeri-del-cancro-e-quelli-dell-inquinamento-168719?#","_links":{"self":[{"href":"https:\/\/www.pressenza.com\/it\/wp-json\/wp\/v2\/posts\/532944","targetHints":{"allow":["GET"]}}],"collection":[{"href":"https:\/\/www.pressenza.com\/it\/wp-json\/wp\/v2\/posts"}],"about":[{"href":"https:\/\/www.pressenza.com\/it\/wp-json\/wp\/v2\/types\/post"}],"author":[{"embeddable":true,"href":"https:\/\/www.pressenza.com\/it\/wp-json\/wp\/v2\/users\/599"}],"replies":[{"embeddable":true,"href":"https:\/\/www.pressenza.com\/it\/wp-json\/wp\/v2\/comments?post=532944"}],"version-history":[{"count":0,"href":"https:\/\/www.pressenza.com\/it\/wp-json\/wp\/v2\/posts\/532944\/revisions"}],"wp:featuredmedia":[{"embeddable":true,"href":"https:\/\/www.pressenza.com\/it\/wp-json\/wp\/v2\/media\/532945"}],"wp:attachment":[{"href":"https:\/\/www.pressenza.com\/it\/wp-json\/wp\/v2\/media?parent=532944"}],"wp:term":[{"taxonomy":"category","embeddable":true,"href":"https:\/\/www.pressenza.com\/it\/wp-json\/wp\/v2\/categories?post=532944"},{"taxonomy":"post_tag","embeddable":true,"href":"https:\/\/www.pressenza.com\/it\/wp-json\/wp\/v2\/tags?post=532944"}],"curies":[{"name":"wp","href":"https:\/\/api.w.org\/{rel}","templated":true}]}}