{"id":532671,"date":"2017-10-06T15:12:46","date_gmt":"2017-10-06T14:12:46","guid":{"rendered":"https:\/\/www.pressenza.com\/?p=532671\/"},"modified":"2017-10-06T15:12:46","modified_gmt":"2017-10-06T14:12:46","slug":"basilio-rizzo-la-riapertura-dei-navigli-non-priorita-la-lotta-alle-disuguaglianze-sociali-si","status":"publish","type":"post","link":"https:\/\/www.pressenza.com\/it\/2017\/10\/basilio-rizzo-la-riapertura-dei-navigli-non-priorita-la-lotta-alle-disuguaglianze-sociali-si\/","title":{"rendered":"Basilio Rizzo: la riapertura dei Navigli non \u00e8 una priorit\u00e0, la lotta alle disuguaglianze sociali s\u00ec"},"content":{"rendered":"<p><strong>Consiglio Comunale di Milano del 5 ottobre 2017<\/strong><\/p>\n<p>Se non fosse che il Sindaco, di questa questione, ha parlato molto prima di diventare sindaco, dovrei dire che l\u2019operazione che stiamo mettendo in campo \u00e8 una grande distrazione di massa. Certamente non \u00e8 soggettiva, perch\u00e9 ho detto che il Sindaco ha gi\u00e0 presentato questo sogno.<\/p>\n<p>Credo che noi, come rappresentanti dei cittadini, dobbiamo affrontare in Consiglio comunale le cose belle che si devono e si possono fare non come se fossimo a un convegno, ma capire quali sono le priorit\u00e0.<\/p>\n<p>Non ho nessuna intenzione di dire che non mi piace l\u2019idea di avere la riapertura dei Navigli a Milano, dico per\u00f2 che non \u00e8 la mia priorit\u00e0, che devo risolvere altri problemi; la mia priorit\u00e0 in questa citt\u00e0 sono le diseguaglianze sociali, che ci sono.<\/p>\n<p>Giudicher\u00f2 ogni provvedimento che viene portato in quest\u2019aula: se va a superare queste diseguaglianze sociali o le va ad accentuare. Non sono convinto che noi siamo in grado di avere risorse per tutto.<\/p>\n<p>Condivido le cose che ha detto il Sindaco: assumo l\u2019impegno di non fare in modo che le risorse che destineremo qui, tolgano altre risorse. Allora dateci tutti gli elementi in mano. Se come in Scozia o in Norvegia, troviamo i pozzi di petrolio, diventiamo tutti pi\u00f9 ricchi e ci possiamo permettere di tutto: evviva i Navigli.<\/p>\n<p>Ma se questo non accade e le risorse sono limitate, ho il dovere, signor Sindaco, di dire che la questione delle periferie non \u00e8 stata risolta e ho il dovere di dirle che lei non viene a riferire in aula sulle periferie ma viene a riferire sulla questione dei Navigli.<\/p>\n<p>Ho il dovere di dire che ci sono una serie di problemi che non sono stati risolti in questa citt\u00e0; ricordo che durante la campagna elettorale, dicevo scherzosamente, che all\u2019articolo 1 di un nuovo regolamento, si sarebbe dovuto scrivere che \u201cil Sindaco deve abitare in periferia per i cinque anni, in cui fa il Sindaco\u201d. Gli mettiamo una casa nella periferia pi\u00f9 povera della citt\u00e0.<\/p>\n<p>Lei crede che alzandosi tutte le mattine e vedendo la realt\u00e0 delle nostre periferie avrebbe il coraggio di riproporre in questo momento, come priorit\u00e0, la questione dei Navigli? Io penso di no.<\/p>\n<p>Risolviamo i problemi della citt\u00e0, rideterminiamo una condizione di superamento delle diseguaglianze che ci sono e allora potremmo occuparci di altro.<\/p>\n<p>Lei che \u00e8 persona accorta e avveduta, ha messo le mani avanti. Ha detto che se anche non riuscirete a fare tutto, le opere proposte sono comunque utili e vanno bene, sono auto-sufficienti. Penso che non sia cos\u00ec.<\/p>\n<p>Se parliamo di un progetto a largo raggio noi dobbiamo parlare dei Navigli visti nella loro interezza. C\u2019\u00e8 qualcuno che qui mettendosi la mano sul cuore pu\u00f2 pensare di ipotecare 500 milioni di euro per l\u2019intera opera dei Navigli, sapere che questa \u00e8 la scelta prioritaria per questa citt\u00e0?<\/p>\n<p>Io non lo faccio e non mi si dica che sono contro il fatto che la citt\u00e0 diventa pi\u00f9 bella. Ho un altro compito qua dentro: rappresentare i bisogni delle persone che stanno indietro nella nostra citt\u00e0.<\/p>\n<p>Non mi si dica che se apriamo i Navigli tutti ne godranno allo stesso modo. Ci saranno quelli che si permetteranno di comprare le case sui Navigli, sui viali, mentre le periferie continueranno ad essere nella stessa condizione, le diseguaglianze si accentueranno, le diseguaglianze non diminuiranno. Ecco perch\u00e9 questa \u00e8 la mia posizione di fondo.<\/p>\n<p>Perch\u00e9 non abbiamo mai discusso di questo progetto in Consiglio comunale? Perch\u00e9? Nella mozione che \u00e8 stata presentata si scrive che il 27 di luglio il Sindaco, ero presente, ha presentato pubblicamente il progetto di riapertura dei Navigli. Ma non abbiamo fatto n\u00e9 una Commissione n\u00e9 una discussione in Consiglio, al solito il rapporto con il Consiglio \u00e8 questo.<\/p>\n<p>Voglio dire un\u2019altra cosa. Penso che si debba arrivare al referendum dopo aver informato pienamente i cittadini, non rifacendo una votazione di principi. Vuoi bene alla mamma? Certo, tutti vogliono bene alla mamma. Vuoi i Navigli? Certo, tutti vogliamo la riapertura dei Navigli.<\/p>\n<p>Dobbiamo dire: come, a scapito di che cosa, in che tempi, con quali priorit\u00e0, risolvendo quali problemi, stabilendo se questo non toglie risorse ad altre cose che sono pi\u00f9 essenziali per la nostra citt\u00e0.<\/p>\n<p>&nbsp;<\/p>\n","protected":false},"excerpt":{"rendered":"<p>Consiglio Comunale di Milano del 5 ottobre 2017 Se non fosse che il Sindaco, di questa questione, ha parlato molto prima di diventare sindaco, dovrei dire che l\u2019operazione che stiamo mettendo in campo \u00e8 una grande distrazione di massa. Certamente&hellip;<\/p>\n","protected":false},"author":594,"featured_media":532682,"comment_status":"closed","ping_status":"closed","sticky":false,"template":"","format":"standard","meta":{"footnotes":""},"categories":[47,162,55],"tags":[7595,40781,286,40780,32476],"class_list":["post-532671","post","type-post","status-publish","format-standard","has-post-thumbnail","hentry","category-europa","category-opinioni","category-politica","tag-basilio-rizzo","tag-disuguaglianze-sociali","tag-milano","tag-riapertura-dei-navigli","tag-sindaco-sala"],"yoast_head":"<!-- This site is optimized with the Yoast SEO plugin v27.1.1 - https:\/\/yoast.com\/product\/yoast-seo-wordpress\/ -->\n<title>Basilio Rizzo: la riapertura dei Navigli non \u00e8 una priorit\u00e0, la lotta alle disuguaglianze sociali s\u00ec<\/title>\n<meta name=\"description\" content=\"Consiglio Comunale di Milano del 5 ottobre 2017 Se non fosse che il Sindaco, di questa questione, ha parlato molto prima di diventare sindaco, dovrei dire\" \/>\n<meta name=\"robots\" content=\"index, follow, max-snippet:-1, max-image-preview:large, max-video-preview:-1\" \/>\n<link rel=\"canonical\" href=\"https:\/\/www.pressenza.com\/it\/2017\/10\/basilio-rizzo-la-riapertura-dei-navigli-non-priorita-la-lotta-alle-disuguaglianze-sociali-si\/\" \/>\n<meta property=\"og:locale\" content=\"it_IT\" \/>\n<meta property=\"og:type\" content=\"article\" \/>\n<meta property=\"og:title\" content=\"Basilio Rizzo: la riapertura dei Navigli non \u00e8 una priorit\u00e0, la lotta alle disuguaglianze sociali s\u00ec\" \/>\n<meta property=\"og:description\" content=\"Consiglio Comunale di Milano del 5 ottobre 2017 Se non fosse che il Sindaco, di questa questione, ha parlato molto prima di diventare sindaco, dovrei dire\" \/>\n<meta property=\"og:url\" content=\"https:\/\/www.pressenza.com\/it\/2017\/10\/basilio-rizzo-la-riapertura-dei-navigli-non-priorita-la-lotta-alle-disuguaglianze-sociali-si\/\" \/>\n<meta property=\"og:site_name\" content=\"Pressenza\" \/>\n<meta property=\"article:publisher\" content=\"https:\/\/www.facebook.com\/PressenzaItalia\" \/>\n<meta property=\"article:author\" content=\"https:\/\/www.facebook.com\/PressenzaItalia\" \/>\n<meta property=\"article:published_time\" content=\"2017-10-06T14:12:46+00:00\" \/>\n<meta property=\"og:image\" content=\"https:\/\/www.pressenza.com\/wp-content\/uploads\/2017\/10\/darsena-navigli.jpg\" \/>\n\t<meta property=\"og:image:width\" content=\"960\" \/>\n\t<meta property=\"og:image:height\" content=\"640\" \/>\n\t<meta property=\"og:image:type\" content=\"image\/jpeg\" \/>\n<meta name=\"author\" content=\"Redazione Italia\" \/>\n<meta name=\"twitter:card\" content=\"summary_large_image\" \/>\n<meta name=\"twitter:creator\" content=\"@pressenza_it\" \/>\n<meta name=\"twitter:site\" content=\"@PressenzaIPA\" \/>\n<meta name=\"twitter:label1\" content=\"Scritto da\" \/>\n\t<meta name=\"twitter:data1\" content=\"Redazione Italia\" \/>\n\t<meta name=\"twitter:label2\" content=\"Tempo di lettura stimato\" \/>\n\t<meta name=\"twitter:data2\" content=\"4 minuti\" \/>\n<script type=\"application\/ld+json\" class=\"yoast-schema-graph\">{\"@context\":\"https:\/\/schema.org\",\"@graph\":[{\"@type\":\"Article\",\"@id\":\"https:\/\/www.pressenza.com\/it\/2017\/10\/basilio-rizzo-la-riapertura-dei-navigli-non-priorita-la-lotta-alle-disuguaglianze-sociali-si\/#article\",\"isPartOf\":{\"@id\":\"https:\/\/www.pressenza.com\/it\/2017\/10\/basilio-rizzo-la-riapertura-dei-navigli-non-priorita-la-lotta-alle-disuguaglianze-sociali-si\/\"},\"author\":{\"name\":\"Redazione Italia\",\"@id\":\"https:\/\/www.pressenza.com\/it\/#\/schema\/person\/d983e81827ae24f2c7b1a2123d197f8d\"},\"headline\":\"Basilio Rizzo: la riapertura dei Navigli non \u00e8 una priorit\u00e0, la lotta alle disuguaglianze sociali s\u00ec\",\"datePublished\":\"2017-10-06T14:12:46+00:00\",\"mainEntityOfPage\":{\"@id\":\"https:\/\/www.pressenza.com\/it\/2017\/10\/basilio-rizzo-la-riapertura-dei-navigli-non-priorita-la-lotta-alle-disuguaglianze-sociali-si\/\"},\"wordCount\":715,\"publisher\":{\"@id\":\"https:\/\/www.pressenza.com\/it\/#organization\"},\"image\":{\"@id\":\"https:\/\/www.pressenza.com\/it\/2017\/10\/basilio-rizzo-la-riapertura-dei-navigli-non-priorita-la-lotta-alle-disuguaglianze-sociali-si\/#primaryimage\"},\"thumbnailUrl\":\"https:\/\/www.pressenza.com\/wp-content\/uploads\/2017\/10\/darsena-navigli.jpg\",\"keywords\":[\"Basilio Rizzo\",\"disuguaglianze sociali\",\"Milano\",\"riapertura dei Navigli\",\"sindaco Sala\"],\"articleSection\":[\"Europa\",\"Opinioni\",\"Politica\"],\"inLanguage\":\"it-IT\"},{\"@type\":\"WebPage\",\"@id\":\"https:\/\/www.pressenza.com\/it\/2017\/10\/basilio-rizzo-la-riapertura-dei-navigli-non-priorita-la-lotta-alle-disuguaglianze-sociali-si\/\",\"url\":\"https:\/\/www.pressenza.com\/it\/2017\/10\/basilio-rizzo-la-riapertura-dei-navigli-non-priorita-la-lotta-alle-disuguaglianze-sociali-si\/\",\"name\":\"Basilio Rizzo: la riapertura dei Navigli non \u00e8 una priorit\u00e0, la lotta alle disuguaglianze sociali s\u00ec\",\"isPartOf\":{\"@id\":\"https:\/\/www.pressenza.com\/it\/#website\"},\"primaryImageOfPage\":{\"@id\":\"https:\/\/www.pressenza.com\/it\/2017\/10\/basilio-rizzo-la-riapertura-dei-navigli-non-priorita-la-lotta-alle-disuguaglianze-sociali-si\/#primaryimage\"},\"image\":{\"@id\":\"https:\/\/www.pressenza.com\/it\/2017\/10\/basilio-rizzo-la-riapertura-dei-navigli-non-priorita-la-lotta-alle-disuguaglianze-sociali-si\/#primaryimage\"},\"thumbnailUrl\":\"https:\/\/www.pressenza.com\/wp-content\/uploads\/2017\/10\/darsena-navigli.jpg\",\"datePublished\":\"2017-10-06T14:12:46+00:00\",\"description\":\"Consiglio Comunale di Milano del 5 ottobre 2017 Se non fosse che il Sindaco, di questa questione, ha parlato molto prima di diventare sindaco, dovrei dire\",\"breadcrumb\":{\"@id\":\"https:\/\/www.pressenza.com\/it\/2017\/10\/basilio-rizzo-la-riapertura-dei-navigli-non-priorita-la-lotta-alle-disuguaglianze-sociali-si\/#breadcrumb\"},\"inLanguage\":\"it-IT\",\"potentialAction\":[{\"@type\":\"ReadAction\",\"target\":[\"https:\/\/www.pressenza.com\/it\/2017\/10\/basilio-rizzo-la-riapertura-dei-navigli-non-priorita-la-lotta-alle-disuguaglianze-sociali-si\/\"]}]},{\"@type\":\"ImageObject\",\"inLanguage\":\"it-IT\",\"@id\":\"https:\/\/www.pressenza.com\/it\/2017\/10\/basilio-rizzo-la-riapertura-dei-navigli-non-priorita-la-lotta-alle-disuguaglianze-sociali-si\/#primaryimage\",\"url\":\"https:\/\/www.pressenza.com\/wp-content\/uploads\/2017\/10\/darsena-navigli.jpg\",\"contentUrl\":\"https:\/\/www.pressenza.com\/wp-content\/uploads\/2017\/10\/darsena-navigli.jpg\",\"width\":960,\"height\":640},{\"@type\":\"BreadcrumbList\",\"@id\":\"https:\/\/www.pressenza.com\/it\/2017\/10\/basilio-rizzo-la-riapertura-dei-navigli-non-priorita-la-lotta-alle-disuguaglianze-sociali-si\/#breadcrumb\",\"itemListElement\":[{\"@type\":\"ListItem\",\"position\":1,\"name\":\"Accueil\",\"item\":\"https:\/\/www.pressenza.com\/it\/\"},{\"@type\":\"ListItem\",\"position\":2,\"name\":\"Basilio Rizzo: la riapertura dei Navigli non \u00e8 una priorit\u00e0, la lotta alle disuguaglianze sociali s\u00ec\"}]},{\"@type\":\"WebSite\",\"@id\":\"https:\/\/www.pressenza.com\/it\/#website\",\"url\":\"https:\/\/www.pressenza.com\/it\/\",\"name\":\"Pressenza\",\"description\":\"Agenzia di Stampa Internazionale\",\"publisher\":{\"@id\":\"https:\/\/www.pressenza.com\/it\/#organization\"},\"potentialAction\":[{\"@type\":\"SearchAction\",\"target\":{\"@type\":\"EntryPoint\",\"urlTemplate\":\"https:\/\/www.pressenza.com\/it\/?s={search_term_string}\"},\"query-input\":{\"@type\":\"PropertyValueSpecification\",\"valueRequired\":true,\"valueName\":\"search_term_string\"}}],\"inLanguage\":\"it-IT\"},{\"@type\":\"Organization\",\"@id\":\"https:\/\/www.pressenza.com\/it\/#organization\",\"name\":\"Pressenza\",\"url\":\"https:\/\/www.pressenza.com\/it\/\",\"logo\":{\"@type\":\"ImageObject\",\"inLanguage\":\"it-IT\",\"@id\":\"https:\/\/www.pressenza.com\/it\/#\/schema\/logo\/image\/\",\"url\":\"https:\/\/www.pressenza.com\/wp-content\/uploads\/2022\/10\/pressenza_logo_200x200.jpg\",\"contentUrl\":\"https:\/\/www.pressenza.com\/wp-content\/uploads\/2022\/10\/pressenza_logo_200x200.jpg\",\"width\":200,\"height\":200,\"caption\":\"Pressenza\"},\"image\":{\"@id\":\"https:\/\/www.pressenza.com\/it\/#\/schema\/logo\/image\/\"},\"sameAs\":[\"https:\/\/www.facebook.com\/PressenzaItalia\",\"https:\/\/x.com\/PressenzaIPA\"]},{\"@type\":\"Person\",\"@id\":\"https:\/\/www.pressenza.com\/it\/#\/schema\/person\/d983e81827ae24f2c7b1a2123d197f8d\",\"name\":\"Redazione Italia\",\"description\":\"News from the Pressenza Bureau in Italy\",\"sameAs\":[\"https:\/\/www.pressenza.com\/it\/author\/redazione-italia\/\",\"https:\/\/www.facebook.com\/PressenzaItalia\",\"https:\/\/www.instagram.com\/pressenza_italia\/\",\"https:\/\/x.com\/pressenza_it\",\"https:\/\/www.youtube.com\/channel\/UCSalEIWjE1RSxkwjfftFuqg\"],\"url\":\"https:\/\/www.pressenza.com\/it\/author\/redazione-italia\/\"}]}<\/script>\n<!-- \/ Yoast SEO plugin. -->","yoast_head_json":{"title":"Basilio Rizzo: la riapertura dei Navigli non \u00e8 una priorit\u00e0, la lotta alle disuguaglianze sociali s\u00ec","description":"Consiglio Comunale di Milano del 5 ottobre 2017 Se non fosse che il Sindaco, di questa questione, ha parlato molto prima di diventare sindaco, dovrei dire","robots":{"index":"index","follow":"follow","max-snippet":"max-snippet:-1","max-image-preview":"max-image-preview:large","max-video-preview":"max-video-preview:-1"},"canonical":"https:\/\/www.pressenza.com\/it\/2017\/10\/basilio-rizzo-la-riapertura-dei-navigli-non-priorita-la-lotta-alle-disuguaglianze-sociali-si\/","og_locale":"it_IT","og_type":"article","og_title":"Basilio Rizzo: la riapertura dei Navigli non \u00e8 una priorit\u00e0, la lotta alle disuguaglianze sociali s\u00ec","og_description":"Consiglio Comunale di Milano del 5 ottobre 2017 Se non fosse che il Sindaco, di questa questione, ha parlato molto prima di diventare sindaco, dovrei dire","og_url":"https:\/\/www.pressenza.com\/it\/2017\/10\/basilio-rizzo-la-riapertura-dei-navigli-non-priorita-la-lotta-alle-disuguaglianze-sociali-si\/","og_site_name":"Pressenza","article_publisher":"https:\/\/www.facebook.com\/PressenzaItalia","article_author":"https:\/\/www.facebook.com\/PressenzaItalia","article_published_time":"2017-10-06T14:12:46+00:00","og_image":[{"width":960,"height":640,"url":"https:\/\/www.pressenza.com\/wp-content\/uploads\/2017\/10\/darsena-navigli.jpg","type":"image\/jpeg"}],"author":"Redazione Italia","twitter_card":"summary_large_image","twitter_creator":"@pressenza_it","twitter_site":"@PressenzaIPA","twitter_misc":{"Scritto da":"Redazione Italia","Tempo di lettura stimato":"4 minuti"},"schema":{"@context":"https:\/\/schema.org","@graph":[{"@type":"Article","@id":"https:\/\/www.pressenza.com\/it\/2017\/10\/basilio-rizzo-la-riapertura-dei-navigli-non-priorita-la-lotta-alle-disuguaglianze-sociali-si\/#article","isPartOf":{"@id":"https:\/\/www.pressenza.com\/it\/2017\/10\/basilio-rizzo-la-riapertura-dei-navigli-non-priorita-la-lotta-alle-disuguaglianze-sociali-si\/"},"author":{"name":"Redazione Italia","@id":"https:\/\/www.pressenza.com\/it\/#\/schema\/person\/d983e81827ae24f2c7b1a2123d197f8d"},"headline":"Basilio Rizzo: la riapertura dei Navigli non \u00e8 una priorit\u00e0, la lotta alle disuguaglianze sociali s\u00ec","datePublished":"2017-10-06T14:12:46+00:00","mainEntityOfPage":{"@id":"https:\/\/www.pressenza.com\/it\/2017\/10\/basilio-rizzo-la-riapertura-dei-navigli-non-priorita-la-lotta-alle-disuguaglianze-sociali-si\/"},"wordCount":715,"publisher":{"@id":"https:\/\/www.pressenza.com\/it\/#organization"},"image":{"@id":"https:\/\/www.pressenza.com\/it\/2017\/10\/basilio-rizzo-la-riapertura-dei-navigli-non-priorita-la-lotta-alle-disuguaglianze-sociali-si\/#primaryimage"},"thumbnailUrl":"https:\/\/www.pressenza.com\/wp-content\/uploads\/2017\/10\/darsena-navigli.jpg","keywords":["Basilio Rizzo","disuguaglianze sociali","Milano","riapertura dei Navigli","sindaco Sala"],"articleSection":["Europa","Opinioni","Politica"],"inLanguage":"it-IT"},{"@type":"WebPage","@id":"https:\/\/www.pressenza.com\/it\/2017\/10\/basilio-rizzo-la-riapertura-dei-navigli-non-priorita-la-lotta-alle-disuguaglianze-sociali-si\/","url":"https:\/\/www.pressenza.com\/it\/2017\/10\/basilio-rizzo-la-riapertura-dei-navigli-non-priorita-la-lotta-alle-disuguaglianze-sociali-si\/","name":"Basilio Rizzo: la riapertura dei Navigli non \u00e8 una priorit\u00e0, la lotta alle disuguaglianze sociali s\u00ec","isPartOf":{"@id":"https:\/\/www.pressenza.com\/it\/#website"},"primaryImageOfPage":{"@id":"https:\/\/www.pressenza.com\/it\/2017\/10\/basilio-rizzo-la-riapertura-dei-navigli-non-priorita-la-lotta-alle-disuguaglianze-sociali-si\/#primaryimage"},"image":{"@id":"https:\/\/www.pressenza.com\/it\/2017\/10\/basilio-rizzo-la-riapertura-dei-navigli-non-priorita-la-lotta-alle-disuguaglianze-sociali-si\/#primaryimage"},"thumbnailUrl":"https:\/\/www.pressenza.com\/wp-content\/uploads\/2017\/10\/darsena-navigli.jpg","datePublished":"2017-10-06T14:12:46+00:00","description":"Consiglio Comunale di Milano del 5 ottobre 2017 Se non fosse che il Sindaco, di questa questione, ha parlato molto prima di diventare sindaco, dovrei dire","breadcrumb":{"@id":"https:\/\/www.pressenza.com\/it\/2017\/10\/basilio-rizzo-la-riapertura-dei-navigli-non-priorita-la-lotta-alle-disuguaglianze-sociali-si\/#breadcrumb"},"inLanguage":"it-IT","potentialAction":[{"@type":"ReadAction","target":["https:\/\/www.pressenza.com\/it\/2017\/10\/basilio-rizzo-la-riapertura-dei-navigli-non-priorita-la-lotta-alle-disuguaglianze-sociali-si\/"]}]},{"@type":"ImageObject","inLanguage":"it-IT","@id":"https:\/\/www.pressenza.com\/it\/2017\/10\/basilio-rizzo-la-riapertura-dei-navigli-non-priorita-la-lotta-alle-disuguaglianze-sociali-si\/#primaryimage","url":"https:\/\/www.pressenza.com\/wp-content\/uploads\/2017\/10\/darsena-navigli.jpg","contentUrl":"https:\/\/www.pressenza.com\/wp-content\/uploads\/2017\/10\/darsena-navigli.jpg","width":960,"height":640},{"@type":"BreadcrumbList","@id":"https:\/\/www.pressenza.com\/it\/2017\/10\/basilio-rizzo-la-riapertura-dei-navigli-non-priorita-la-lotta-alle-disuguaglianze-sociali-si\/#breadcrumb","itemListElement":[{"@type":"ListItem","position":1,"name":"Accueil","item":"https:\/\/www.pressenza.com\/it\/"},{"@type":"ListItem","position":2,"name":"Basilio Rizzo: la riapertura dei Navigli non \u00e8 una priorit\u00e0, la lotta alle disuguaglianze sociali s\u00ec"}]},{"@type":"WebSite","@id":"https:\/\/www.pressenza.com\/it\/#website","url":"https:\/\/www.pressenza.com\/it\/","name":"Pressenza","description":"Agenzia di Stampa Internazionale","publisher":{"@id":"https:\/\/www.pressenza.com\/it\/#organization"},"potentialAction":[{"@type":"SearchAction","target":{"@type":"EntryPoint","urlTemplate":"https:\/\/www.pressenza.com\/it\/?s={search_term_string}"},"query-input":{"@type":"PropertyValueSpecification","valueRequired":true,"valueName":"search_term_string"}}],"inLanguage":"it-IT"},{"@type":"Organization","@id":"https:\/\/www.pressenza.com\/it\/#organization","name":"Pressenza","url":"https:\/\/www.pressenza.com\/it\/","logo":{"@type":"ImageObject","inLanguage":"it-IT","@id":"https:\/\/www.pressenza.com\/it\/#\/schema\/logo\/image\/","url":"https:\/\/www.pressenza.com\/wp-content\/uploads\/2022\/10\/pressenza_logo_200x200.jpg","contentUrl":"https:\/\/www.pressenza.com\/wp-content\/uploads\/2022\/10\/pressenza_logo_200x200.jpg","width":200,"height":200,"caption":"Pressenza"},"image":{"@id":"https:\/\/www.pressenza.com\/it\/#\/schema\/logo\/image\/"},"sameAs":["https:\/\/www.facebook.com\/PressenzaItalia","https:\/\/x.com\/PressenzaIPA"]},{"@type":"Person","@id":"https:\/\/www.pressenza.com\/it\/#\/schema\/person\/d983e81827ae24f2c7b1a2123d197f8d","name":"Redazione Italia","description":"News from the Pressenza Bureau in Italy","sameAs":["https:\/\/www.pressenza.com\/it\/author\/redazione-italia\/","https:\/\/www.facebook.com\/PressenzaItalia","https:\/\/www.instagram.com\/pressenza_italia\/","https:\/\/x.com\/pressenza_it","https:\/\/www.youtube.com\/channel\/UCSalEIWjE1RSxkwjfftFuqg"],"url":"https:\/\/www.pressenza.com\/it\/author\/redazione-italia\/"}]}},"place":"Milano","original_article_url":"","_links":{"self":[{"href":"https:\/\/www.pressenza.com\/it\/wp-json\/wp\/v2\/posts\/532671","targetHints":{"allow":["GET"]}}],"collection":[{"href":"https:\/\/www.pressenza.com\/it\/wp-json\/wp\/v2\/posts"}],"about":[{"href":"https:\/\/www.pressenza.com\/it\/wp-json\/wp\/v2\/types\/post"}],"author":[{"embeddable":true,"href":"https:\/\/www.pressenza.com\/it\/wp-json\/wp\/v2\/users\/594"}],"replies":[{"embeddable":true,"href":"https:\/\/www.pressenza.com\/it\/wp-json\/wp\/v2\/comments?post=532671"}],"version-history":[{"count":0,"href":"https:\/\/www.pressenza.com\/it\/wp-json\/wp\/v2\/posts\/532671\/revisions"}],"wp:featuredmedia":[{"embeddable":true,"href":"https:\/\/www.pressenza.com\/it\/wp-json\/wp\/v2\/media\/532682"}],"wp:attachment":[{"href":"https:\/\/www.pressenza.com\/it\/wp-json\/wp\/v2\/media?parent=532671"}],"wp:term":[{"taxonomy":"category","embeddable":true,"href":"https:\/\/www.pressenza.com\/it\/wp-json\/wp\/v2\/categories?post=532671"},{"taxonomy":"post_tag","embeddable":true,"href":"https:\/\/www.pressenza.com\/it\/wp-json\/wp\/v2\/tags?post=532671"}],"curies":[{"name":"wp","href":"https:\/\/api.w.org\/{rel}","templated":true}]}}