{"id":5258,"date":"2011-04-07T00:00:00","date_gmt":"2011-04-07T00:00:00","guid":{"rendered":""},"modified":"2011-04-08T06:27:46","modified_gmt":"2011-04-08T06:27:46","slug":"il-ritorno-alla-politica-coloniale","status":"publish","type":"post","link":"https:\/\/www.pressenza.com\/it\/2011\/04\/il-ritorno-alla-politica-coloniale\/","title":{"rendered":"Il ritorno alla politica coloniale"},"content":{"rendered":"<p>Sembra che un Sarkozy minacciato dall\u2019avanzata nelle statistiche di Marine Le Penn, si stia mostrando autoritario, militarista e inumano. Ovvero, ha e li mostra tutti gli attributi affinch\u00e9 nessun elettore presti attenzione alla bionda figlia dell\u2019ex leader della destra francese. <\/p>\n<p>Il conflitto in Costa d\u2019Avorio \u00e8 essenzialmente politico. Dopo l\u2019indipendenza nel 1960 ci furono 20 anni di benessere fino al crollo dei prezzi internazionali negli \u201880 che sommerse il paese nella crisi. <\/p>\n<p>Nel 2000 fu eletto Laurent Gbagbo che sub\u00ec un colpo di Stato e scontri che spaccarono il paese, esacerbati dalle differenze tribali. Dal settembre del 2002 il paese rimase diviso tra nord e sud ma la pace arriv\u00f2 poi nel 2007 grazie alla mediazione e alla missione di pace delle Nazioni Unite. Nel 2010 ci furono le elezioni e le parti politiche tornarono a scontrarsi con accuse reciproche di brogli. L\u2019ONU decise che la guida del paese dovesse passare ad Allascane Outtara mentre Gbagbo disconosceva tale decisione. <\/p>\n<p>Da allora i cittadini vivono una situazione di guerra civile e questo \u00e8 il motivo invocato da Sarkozy per poter tornare alle vecchie pratiche coloniali, affermare il ruolo della Francia come potenza militare e dimostrare che i cittadini non hanno bisogno della destra. Forse qualcuno dovrebbe ricordargli che siamo nel 21\u00b0 secolo. <\/p>\n<p>Solamente un dato in pi\u00f9 \u2013 non abbiamo sufficienti informazioni per determinarne l\u2019importanza \u2013 Gbagbo ha fatto il tentativo di un governo con pi\u00f9 autonomia dagli organismi internazionali e dalla Francia, mentre Outtara \u00e8 stato direttore del FMI per l\u2019Africa, \u00e8 un neoliberale, e pi\u00f9 idoneo ai palati coloniali.<br \/>\nL\u2019intervento militare colonialista ha inclinato la bilancia in pochissimo tempo, con un intervento diretto nei combattimenti delle truppe francese. \u201cElicotteri con artiglieria dell\u2019ONU \u2013 si legge in un\u2019agenzia della AFP \u2013 hanno aperto il fuoco contro l\u2019arsenale dell\u2019esercito in un campo militare di Abidjan, mentre militari francesi dell\u2019ONU hanno partecipato attivamente ai combattimenti registrati in altre zone della capitale economica del paese\u201d. Il giorno 5 Laurent Gbagbo ha iniziato dialoghi sulle condizioni della sua ritirata, con l\u2019intermediazione della Mauritania, \u201cpaese a capo della Commissione per la Pace e la Sicurezza dell\u2019Unione Africana\u201d, specifica la fonte.<\/p>\n<p>Certamente la pace \u00e8 una buona notizia, ma non \u00e8 indifferente il modo in cui la si ottiene. Soprattutto quando si passa sopra valori che riguardano la convivenza mondiale. E\u2019 allarmante che l\u2019ONU, i cui principi proibiscono esplicitamente l\u2019uso della forza, si sia unita all\u2019attacco in Libia, oggi ripudiato dai ribelli stessi, e quello in Costa d\u2019Avorio, giustificando lo spiegamento militare dall\u2019inizio della crisi nella nazione africana. <\/p>\n<p>Quello che non \u00e8 stato fatto, non pu\u00f2 pi\u00f9 essere fatto. Ma \u00e8 fondamentale che si riunisca urgentemente il Consiglio di Sicurezza in presenza dell\u2019Unione Africana per garantire una pace duratura e permettere ai cittadini della Costa d\u2019Avorio di poter pensare al futuro del loro paese. <\/p>\n<p>Tradotto da Eleonora Albini<\/p>\n","protected":false},"excerpt":{"rendered":"<p>L\u2019uso della forza come mezzo per risolvere i conflitti \u00e8 l\u2019unico modo che conosce il governo del Presidente francese Nicolas Sarkozy? A giudicare dalla sua attiva partecipazione, prima in Libia e adesso nel paese africano della Costa d\u2019Avorio sembra che, quanto meno, sia il pi\u00f9 conveniente per frenare l\u2019avanzata della destra nel suo paese. <\/p>\n","protected":false},"author":84,"featured_media":0,"comment_status":"closed","ping_status":"open","sticky":false,"template":"","format":"standard","meta":{"footnotes":""},"categories":[47,38,55],"tags":[],"class_list":["post-5258","post","type-post","status-publish","format-standard","hentry","category-europa","category-internazionale","category-politica"],"yoast_head":"<!-- This site is optimized with the Yoast SEO plugin v27.1.1 - https:\/\/yoast.com\/product\/yoast-seo-wordpress\/ -->\n<title>Il ritorno alla politica coloniale<\/title>\n<meta name=\"description\" content=\"L\u2019uso della forza come mezzo per risolvere i conflitti \u00e8 l\u2019unico modo che conosce il governo del Presidente francese Nicolas Sarkozy? A giudicare dalla sua attiva partecipazione, prima in Libia e adesso nel paese africano della Costa d\u2019Avorio sembra che, quanto meno, sia il pi\u00f9 conveniente per frenare l\u2019avanzata della destra nel suo paese.\" \/>\n<meta name=\"robots\" content=\"index, follow, max-snippet:-1, max-image-preview:large, max-video-preview:-1\" \/>\n<link rel=\"canonical\" href=\"https:\/\/www.pressenza.com\/it\/2011\/04\/il-ritorno-alla-politica-coloniale\/\" \/>\n<meta property=\"og:locale\" content=\"it_IT\" \/>\n<meta property=\"og:type\" content=\"article\" \/>\n<meta property=\"og:title\" content=\"Il ritorno alla politica coloniale\" \/>\n<meta property=\"og:description\" content=\"L\u2019uso della forza come mezzo per risolvere i conflitti \u00e8 l\u2019unico modo che conosce il governo del Presidente francese Nicolas Sarkozy? A giudicare dalla sua attiva partecipazione, prima in Libia e adesso nel paese africano della Costa d\u2019Avorio sembra che, quanto meno, sia il pi\u00f9 conveniente per frenare l\u2019avanzata della destra nel suo paese.\" \/>\n<meta property=\"og:url\" content=\"https:\/\/www.pressenza.com\/it\/2011\/04\/il-ritorno-alla-politica-coloniale\/\" \/>\n<meta property=\"og:site_name\" content=\"Pressenza\" \/>\n<meta property=\"article:publisher\" content=\"https:\/\/www.facebook.com\/PressenzaItalia\" \/>\n<meta property=\"article:published_time\" content=\"2011-04-07T00:00:00+00:00\" \/>\n<meta property=\"article:modified_time\" content=\"2011-04-08T06:27:46+00:00\" \/>\n<meta name=\"author\" content=\"Luis Ammann\" \/>\n<meta name=\"twitter:card\" content=\"summary_large_image\" \/>\n<meta name=\"twitter:creator\" content=\"@PressenzaIPA\" \/>\n<meta name=\"twitter:site\" content=\"@PressenzaIPA\" \/>\n<meta name=\"twitter:label1\" content=\"Scritto da\" \/>\n\t<meta name=\"twitter:data1\" content=\"Luis Ammann\" \/>\n\t<meta name=\"twitter:label2\" content=\"Tempo di lettura stimato\" \/>\n\t<meta name=\"twitter:data2\" content=\"2 minuti\" \/>\n<script type=\"application\/ld+json\" class=\"yoast-schema-graph\">{\"@context\":\"https:\/\/schema.org\",\"@graph\":[{\"@type\":\"Article\",\"@id\":\"https:\/\/www.pressenza.com\/it\/2011\/04\/il-ritorno-alla-politica-coloniale\/#article\",\"isPartOf\":{\"@id\":\"https:\/\/www.pressenza.com\/it\/2011\/04\/il-ritorno-alla-politica-coloniale\/\"},\"author\":{\"name\":\"Luis Ammann\",\"@id\":\"https:\/\/www.pressenza.com\/it\/#\/schema\/person\/e30e241b8a43d47c996cf31dbc7b882c\"},\"headline\":\"Il ritorno alla politica coloniale\",\"datePublished\":\"2011-04-07T00:00:00+00:00\",\"dateModified\":\"2011-04-08T06:27:46+00:00\",\"mainEntityOfPage\":{\"@id\":\"https:\/\/www.pressenza.com\/it\/2011\/04\/il-ritorno-alla-politica-coloniale\/\"},\"wordCount\":478,\"publisher\":{\"@id\":\"https:\/\/www.pressenza.com\/it\/#organization\"},\"articleSection\":[\"Europa\",\"Internazionale\",\"Politica\"],\"inLanguage\":\"it-IT\"},{\"@type\":\"WebPage\",\"@id\":\"https:\/\/www.pressenza.com\/it\/2011\/04\/il-ritorno-alla-politica-coloniale\/\",\"url\":\"https:\/\/www.pressenza.com\/it\/2011\/04\/il-ritorno-alla-politica-coloniale\/\",\"name\":\"Il ritorno alla politica coloniale\",\"isPartOf\":{\"@id\":\"https:\/\/www.pressenza.com\/it\/#website\"},\"datePublished\":\"2011-04-07T00:00:00+00:00\",\"dateModified\":\"2011-04-08T06:27:46+00:00\",\"description\":\"L\u2019uso della forza come mezzo per risolvere i conflitti \u00e8 l\u2019unico modo che conosce il governo del Presidente francese Nicolas Sarkozy? A giudicare dalla sua attiva partecipazione, prima in Libia e adesso nel paese africano della Costa d\u2019Avorio sembra che, quanto meno, sia il pi\u00f9 conveniente per frenare l\u2019avanzata della destra nel suo paese.\",\"breadcrumb\":{\"@id\":\"https:\/\/www.pressenza.com\/it\/2011\/04\/il-ritorno-alla-politica-coloniale\/#breadcrumb\"},\"inLanguage\":\"it-IT\",\"potentialAction\":[{\"@type\":\"ReadAction\",\"target\":[\"https:\/\/www.pressenza.com\/it\/2011\/04\/il-ritorno-alla-politica-coloniale\/\"]}]},{\"@type\":\"BreadcrumbList\",\"@id\":\"https:\/\/www.pressenza.com\/it\/2011\/04\/il-ritorno-alla-politica-coloniale\/#breadcrumb\",\"itemListElement\":[{\"@type\":\"ListItem\",\"position\":1,\"name\":\"Accueil\",\"item\":\"https:\/\/www.pressenza.com\/it\/\"},{\"@type\":\"ListItem\",\"position\":2,\"name\":\"Il ritorno alla politica coloniale\"}]},{\"@type\":\"WebSite\",\"@id\":\"https:\/\/www.pressenza.com\/it\/#website\",\"url\":\"https:\/\/www.pressenza.com\/it\/\",\"name\":\"Pressenza\",\"description\":\"Agenzia di Stampa Internazionale\",\"publisher\":{\"@id\":\"https:\/\/www.pressenza.com\/it\/#organization\"},\"potentialAction\":[{\"@type\":\"SearchAction\",\"target\":{\"@type\":\"EntryPoint\",\"urlTemplate\":\"https:\/\/www.pressenza.com\/it\/?s={search_term_string}\"},\"query-input\":{\"@type\":\"PropertyValueSpecification\",\"valueRequired\":true,\"valueName\":\"search_term_string\"}}],\"inLanguage\":\"it-IT\"},{\"@type\":\"Organization\",\"@id\":\"https:\/\/www.pressenza.com\/it\/#organization\",\"name\":\"Pressenza\",\"url\":\"https:\/\/www.pressenza.com\/it\/\",\"logo\":{\"@type\":\"ImageObject\",\"inLanguage\":\"it-IT\",\"@id\":\"https:\/\/www.pressenza.com\/it\/#\/schema\/logo\/image\/\",\"url\":\"https:\/\/www.pressenza.com\/wp-content\/uploads\/2022\/10\/pressenza_logo_200x200.jpg\",\"contentUrl\":\"https:\/\/www.pressenza.com\/wp-content\/uploads\/2022\/10\/pressenza_logo_200x200.jpg\",\"width\":200,\"height\":200,\"caption\":\"Pressenza\"},\"image\":{\"@id\":\"https:\/\/www.pressenza.com\/it\/#\/schema\/logo\/image\/\"},\"sameAs\":[\"https:\/\/www.facebook.com\/PressenzaItalia\",\"https:\/\/x.com\/PressenzaIPA\"]},{\"@type\":\"Person\",\"@id\":\"https:\/\/www.pressenza.com\/it\/#\/schema\/person\/e30e241b8a43d47c996cf31dbc7b882c\",\"name\":\"Luis Ammann\",\"description\":\"Escritor, Periodista y Pol\u00edtico Humanista\",\"url\":\"https:\/\/www.pressenza.com\/it\/author\/luis-ammann\/\"}]}<\/script>\n<!-- \/ Yoast SEO plugin. -->","yoast_head_json":{"title":"Il ritorno alla politica coloniale","description":"L\u2019uso della forza come mezzo per risolvere i conflitti \u00e8 l\u2019unico modo che conosce il governo del Presidente francese Nicolas Sarkozy? A giudicare dalla sua attiva partecipazione, prima in Libia e adesso nel paese africano della Costa d\u2019Avorio sembra che, quanto meno, sia il pi\u00f9 conveniente per frenare l\u2019avanzata della destra nel suo paese.","robots":{"index":"index","follow":"follow","max-snippet":"max-snippet:-1","max-image-preview":"max-image-preview:large","max-video-preview":"max-video-preview:-1"},"canonical":"https:\/\/www.pressenza.com\/it\/2011\/04\/il-ritorno-alla-politica-coloniale\/","og_locale":"it_IT","og_type":"article","og_title":"Il ritorno alla politica coloniale","og_description":"L\u2019uso della forza come mezzo per risolvere i conflitti \u00e8 l\u2019unico modo che conosce il governo del Presidente francese Nicolas Sarkozy? A giudicare dalla sua attiva partecipazione, prima in Libia e adesso nel paese africano della Costa d\u2019Avorio sembra che, quanto meno, sia il pi\u00f9 conveniente per frenare l\u2019avanzata della destra nel suo paese.","og_url":"https:\/\/www.pressenza.com\/it\/2011\/04\/il-ritorno-alla-politica-coloniale\/","og_site_name":"Pressenza","article_publisher":"https:\/\/www.facebook.com\/PressenzaItalia","article_published_time":"2011-04-07T00:00:00+00:00","article_modified_time":"2011-04-08T06:27:46+00:00","author":"Luis Ammann","twitter_card":"summary_large_image","twitter_creator":"@PressenzaIPA","twitter_site":"@PressenzaIPA","twitter_misc":{"Scritto da":"Luis Ammann","Tempo di lettura stimato":"2 minuti"},"schema":{"@context":"https:\/\/schema.org","@graph":[{"@type":"Article","@id":"https:\/\/www.pressenza.com\/it\/2011\/04\/il-ritorno-alla-politica-coloniale\/#article","isPartOf":{"@id":"https:\/\/www.pressenza.com\/it\/2011\/04\/il-ritorno-alla-politica-coloniale\/"},"author":{"name":"Luis Ammann","@id":"https:\/\/www.pressenza.com\/it\/#\/schema\/person\/e30e241b8a43d47c996cf31dbc7b882c"},"headline":"Il ritorno alla politica coloniale","datePublished":"2011-04-07T00:00:00+00:00","dateModified":"2011-04-08T06:27:46+00:00","mainEntityOfPage":{"@id":"https:\/\/www.pressenza.com\/it\/2011\/04\/il-ritorno-alla-politica-coloniale\/"},"wordCount":478,"publisher":{"@id":"https:\/\/www.pressenza.com\/it\/#organization"},"articleSection":["Europa","Internazionale","Politica"],"inLanguage":"it-IT"},{"@type":"WebPage","@id":"https:\/\/www.pressenza.com\/it\/2011\/04\/il-ritorno-alla-politica-coloniale\/","url":"https:\/\/www.pressenza.com\/it\/2011\/04\/il-ritorno-alla-politica-coloniale\/","name":"Il ritorno alla politica coloniale","isPartOf":{"@id":"https:\/\/www.pressenza.com\/it\/#website"},"datePublished":"2011-04-07T00:00:00+00:00","dateModified":"2011-04-08T06:27:46+00:00","description":"L\u2019uso della forza come mezzo per risolvere i conflitti \u00e8 l\u2019unico modo che conosce il governo del Presidente francese Nicolas Sarkozy? A giudicare dalla sua attiva partecipazione, prima in Libia e adesso nel paese africano della Costa d\u2019Avorio sembra che, quanto meno, sia il pi\u00f9 conveniente per frenare l\u2019avanzata della destra nel suo paese.","breadcrumb":{"@id":"https:\/\/www.pressenza.com\/it\/2011\/04\/il-ritorno-alla-politica-coloniale\/#breadcrumb"},"inLanguage":"it-IT","potentialAction":[{"@type":"ReadAction","target":["https:\/\/www.pressenza.com\/it\/2011\/04\/il-ritorno-alla-politica-coloniale\/"]}]},{"@type":"BreadcrumbList","@id":"https:\/\/www.pressenza.com\/it\/2011\/04\/il-ritorno-alla-politica-coloniale\/#breadcrumb","itemListElement":[{"@type":"ListItem","position":1,"name":"Accueil","item":"https:\/\/www.pressenza.com\/it\/"},{"@type":"ListItem","position":2,"name":"Il ritorno alla politica coloniale"}]},{"@type":"WebSite","@id":"https:\/\/www.pressenza.com\/it\/#website","url":"https:\/\/www.pressenza.com\/it\/","name":"Pressenza","description":"Agenzia di Stampa Internazionale","publisher":{"@id":"https:\/\/www.pressenza.com\/it\/#organization"},"potentialAction":[{"@type":"SearchAction","target":{"@type":"EntryPoint","urlTemplate":"https:\/\/www.pressenza.com\/it\/?s={search_term_string}"},"query-input":{"@type":"PropertyValueSpecification","valueRequired":true,"valueName":"search_term_string"}}],"inLanguage":"it-IT"},{"@type":"Organization","@id":"https:\/\/www.pressenza.com\/it\/#organization","name":"Pressenza","url":"https:\/\/www.pressenza.com\/it\/","logo":{"@type":"ImageObject","inLanguage":"it-IT","@id":"https:\/\/www.pressenza.com\/it\/#\/schema\/logo\/image\/","url":"https:\/\/www.pressenza.com\/wp-content\/uploads\/2022\/10\/pressenza_logo_200x200.jpg","contentUrl":"https:\/\/www.pressenza.com\/wp-content\/uploads\/2022\/10\/pressenza_logo_200x200.jpg","width":200,"height":200,"caption":"Pressenza"},"image":{"@id":"https:\/\/www.pressenza.com\/it\/#\/schema\/logo\/image\/"},"sameAs":["https:\/\/www.facebook.com\/PressenzaItalia","https:\/\/x.com\/PressenzaIPA"]},{"@type":"Person","@id":"https:\/\/www.pressenza.com\/it\/#\/schema\/person\/e30e241b8a43d47c996cf31dbc7b882c","name":"Luis Ammann","description":"Escritor, Periodista y Pol\u00edtico Humanista","url":"https:\/\/www.pressenza.com\/it\/author\/luis-ammann\/"}]}},"place":"Paris","original_article_url":"","_links":{"self":[{"href":"https:\/\/www.pressenza.com\/it\/wp-json\/wp\/v2\/posts\/5258","targetHints":{"allow":["GET"]}}],"collection":[{"href":"https:\/\/www.pressenza.com\/it\/wp-json\/wp\/v2\/posts"}],"about":[{"href":"https:\/\/www.pressenza.com\/it\/wp-json\/wp\/v2\/types\/post"}],"author":[{"embeddable":true,"href":"https:\/\/www.pressenza.com\/it\/wp-json\/wp\/v2\/users\/84"}],"replies":[{"embeddable":true,"href":"https:\/\/www.pressenza.com\/it\/wp-json\/wp\/v2\/comments?post=5258"}],"version-history":[{"count":0,"href":"https:\/\/www.pressenza.com\/it\/wp-json\/wp\/v2\/posts\/5258\/revisions"}],"wp:attachment":[{"href":"https:\/\/www.pressenza.com\/it\/wp-json\/wp\/v2\/media?parent=5258"}],"wp:term":[{"taxonomy":"category","embeddable":true,"href":"https:\/\/www.pressenza.com\/it\/wp-json\/wp\/v2\/categories?post=5258"},{"taxonomy":"post_tag","embeddable":true,"href":"https:\/\/www.pressenza.com\/it\/wp-json\/wp\/v2\/tags?post=5258"}],"curies":[{"name":"wp","href":"https:\/\/api.w.org\/{rel}","templated":true}]}}