{"id":525736,"date":"2017-09-27T20:59:22","date_gmt":"2017-09-27T19:59:22","guid":{"rendered":"https:\/\/www.pressenza.com\/?p=525736\/"},"modified":"2017-09-27T21:00:24","modified_gmt":"2017-09-27T20:00:24","slug":"napoli-un-appello-al-nostro-governo-perche-aderisca-al-bando-delle-armi-nucleari","status":"publish","type":"post","link":"https:\/\/www.pressenza.com\/it\/2017\/09\/napoli-un-appello-al-nostro-governo-perche-aderisca-al-bando-delle-armi-nucleari\/","title":{"rendered":"Da Napoli un appello al nostro governo perch\u00e8 aderisca al bando delle armi nucleari"},"content":{"rendered":"<p>Venerd\u00ec 22 settembre, alla vigilia della sua Assemblea Nazionale, il<strong> MIR (Movimento Internazionale della Riconciliazione<\/strong>) ha organizzato a Napoli un incontro pubblico sul disarmo nucleare, dal titolo:\u00a0<strong>\u00ab<em>Bandire le armi nucleari. Un imperativo imprescindibile<\/em>. <em>Italia ripensaci, aderisci al trattato ONU del 7 luglio 2017\u00bb<\/em><\/strong><em>.<\/em><\/p>\n<p>Obiettivo dell\u2019iniziativa, tenuta nella <strong>Sala Valeriano della storica Chiesa del Ges\u00f9 Nuovo<\/strong>, era quello di lanciare da proprio da Napoli \u2013 dichiarata in Statuto <strong><em>\u2018citt\u00e0 di Pace\u2019<\/em><\/strong> &#8211; un pressante appello al Governo italiano affinch\u00e9 ratifichi il\u00a0<a href=\"\/?tag=trattato-di-interdizione-delle-armi-nucleari\"><strong><em>Trattato di messa al bando delle armi nucleari<\/em><\/strong><strong>,<\/strong><\/a>\u00a0 approvato lo scorso 7 luglio a New York in una <strong>conferenza ONU<\/strong> da 122 Paesi.<\/p>\n<p>Il MIR, impegnato per decenni nella pratica della <strong>nonviolenza attiva<\/strong> come stile di vita, mezzo di riconciliazione e strumento di trasformazione, \u00e8 infatti particolarmente attivo sulla questione del <strong>disarmo nucleare <\/strong>e partecipa alle <strong>mobilitazioni <\/strong><strong>della societ\u00e0 civile<\/strong> per far conoscere ed applicare il Trattato, <strong>coinvolgendo i cittadini ma anche enti locali e comunit\u00e0 ecclesiali. <\/strong><\/p>\n<p>Dopo i saluti iniziali del parroco del Ges\u00f9 Nuovo di Napoli <strong><u>P. Vincenzo Sibilio<\/u><\/strong> e del Presidente Nazionale di MIR Italia <strong><u>Claudio Carrara<\/u><\/strong>, tutti gli interventi hanno sottolineato l\u2019assoluta necessit\u00e0 di <strong>sensibilizzare la comunit\u00e0 perch\u00e9 prenda coscienza e si mobiliti<\/strong> su questi temi, drammaticamente attuali per gli ultimi <strong>allarmanti scenari di <em>escalation<\/em> nucleare<\/strong>, ma da sempre tema scottante di cui poco si sa e si discute, come di tutte le questioni inerenti la <strong>militarizzazione del territorio<\/strong> ed il proliferare di <strong>strategie belliciste ed imperialiste<\/strong>.<\/p>\n<p><strong><u>Francesco Ambrosi<\/u><\/strong>, MIR Vicenza e referente nella Rete Italiana Disarmo, ha ribadito che la <strong>gi\u00e0 preoccupante assenza dell\u2019Italia dal processo di interdizione delle armi nucleari \u00e8 aggravata dalla presenza sul nostro territorio di ordigni atomici USA<\/strong>, in palese violazione dell\u2019articolo 11 della nostra Costituzione, delle risoluzioni del Parlamento Europeo e del precedente Trattato di Non Proliferazione Nucleare. Tocca quindi agli attivisti per la pace coordinarsi e <strong>risvegliare nei decisori politici e nelle comunit\u00e0 locali la percezione del rischio nucleare<\/strong>, contrastando la gravissima mancanza d\u2019informazione su tali temi.<\/p>\n<p><strong><u>Alfonso Navarra<\/u><\/strong><strong>,<\/strong>\u00a0MIR Milano e portavoce dei <em>Disarmisti Esigenti<\/em>, ha affermato che questa mobilitazione dovr\u00e0 indurre le potenze nucleari ad uniformarsi ad <strong>una proibizione non pi\u00f9 esclusivamente \u00a0morale ma che ha assunto un aspetto legale<\/strong>, puntando sulle prossime scadenze, dalla Conferenza ONU sul disarmo nucleare del 2018 alla revisione del Trattato di Non Proliferazione, prevista per il 2020. <strong>Il diritto dell\u2019umanit\u00e0 alla propria sopravvivenza, insomma, deve diventare prioritario rispetto a qualsiasi altro interesse.<\/strong> Rivendicazione che vale ovviamente anche per l\u2019applicazione da parte degli Stati degli accordi di Parigi sul clima e per l\u2019agenda globale per lo sviluppo sostenibile.<\/p>\n<p>Il noto sociologo e ricercatore per la pace\u00a0<strong><u>Alberto L\u2019Abate<\/u><\/strong> \u00a0si \u00e8 soffermato sulla necessit\u00e0 di una <strong>mobilitazione nonviolenta per cambiare la societ\u00e0 e portarla al disarmo, anche unilaterale<\/strong>, ricordando l\u2019impegno in tal senso di Carlo Cassola e le pregresse esperienze, a partire da quella del Costarica. Ha poi sottolineato quanto siano <strong>interconnessi gli aspetti della ricerca, dell\u2019educazione e dell\u2019azione per la pace, <\/strong>\u00a0come spiegava anche Mario Borrelli, fondatore della Casa dello Scugnizzo di Napoli ma anche dell\u2019IPRI, l\u2019istituto italiano di ricerche sulla pace di cui L\u2019Abate \u00e8 presidente onorario. Bisogna sconfiggere, ha detto, l\u2019attuale senso di impotenza del movimento pacifista, rilanciando un <strong>impegno attivo, collettivo e dal basso<\/strong>.<\/p>\n<p>Intervenendo a nome del Sindaco di Napoli Luigi de Magistris, il suo Vice ed Assessore all\u2019Ambiente <strong><u>Raffaele Del Giudice<\/u><\/strong> ha confermato l\u2019attenzione dell\u2019Amministrazione nei confronti delle questioni <strong>che riguardano la pace e la sicurezza della comunit\u00e0 napoletana, <\/strong>sulle quali si \u00e8 gi\u00e0 pronunciata con una deliberazione per la <strong>denuclearizzazione del Porto. <\/strong>Napoli, <em>Citt\u00e0 di Pace<\/em>, accetta quindi l\u2019invito del MIR a sottoscrivere \u2013 come gi\u00e0 fatto da altri Enti Locali &#8211; un <strong>appello al Governo italiano<\/strong> affinch\u00e9 aderisca al Trattato di messa al bando delle armi nucleari, proposta di cui si far\u00e0 portavoce in Giunta ed in Consiglio Comunale.<\/p>\n<p><strong>Dorothee M\u00fcller<\/strong>, pastore della Chiesa Evangelica Valdese, ha portato la sua testimonianza di donna di fede rispetto al disarmo, ricordando che da 30 anni diversi documenti ecumenici delle Chiese Protestanti abbiano sancito <strong>l\u2019impegno morale di ogni fedele cristiano in favore della pace, e l\u2019incompatibilit\u00e0 degli armamenti nucleari con il diritto alla sicurezza delle persone.<\/strong><\/p>\n<p style=\"text-align: left;\">L\u2019ecopacifista\u00a0<strong>Ermete Ferraro<\/strong>, referente dello storico e recentemente ricostituito gruppo MIR di Napoli, nel cogliere gli spunti di riflessione suscitati dagli interventi citati, ha ammonito che <strong>la realizzazione dell\u2019<em>imperativo imprescindibile<\/em>\u00a0del disarmo nucleare passa per l\u2019impegno di ciascuno di noi, che deve farsene carico a vari livelli. <\/strong>E\u2019 indispensabile che enti locali, ma anche associazioni, comunit\u00e0 religiose, comitati, gruppi di base e movimenti politici, <strong>sottoscrivano e diffondano l\u2019<\/strong><a href=\"https:\/\/www.pressenza.com\/it\/2017\/09\/bando-delle-armi-nucleari-italia-ripensaci\/\"><strong>appello<\/strong><\/a>\u00a0<strong>affinch\u00e9 l\u2019Italia <em>ci ripensi<\/em> e aderisca al Trattato<\/strong>, sancendo il primato dell\u2019umanit\u00e0 su ogni altro interesse e <strong>invertendo l\u2019attuale tendenza a subordinare pace e sicurezza a logiche perversamente riarmiste e belliciste<\/strong>.<\/p>\n<p style=\"text-align: left;\"><strong><em>Ermete Ferraro, VAS Napoli<\/em><\/strong><\/p>\n","protected":false},"excerpt":{"rendered":"<p>Venerd\u00ec 22 settembre, alla vigilia della sua Assemblea Nazionale, il MIR (Movimento Internazionale della Riconciliazione) ha organizzato a Napoli un incontro pubblico sul disarmo nucleare, dal titolo:\u00a0\u00abBandire le armi nucleari. Un imperativo imprescindibile. Italia ripensaci, aderisci al trattato ONU del&hellip;<\/p>\n","protected":false},"author":594,"featured_media":525741,"comment_status":"closed","ping_status":"closed","sticky":false,"template":"","format":"standard","meta":{"footnotes":""},"categories":[150,47,1263],"tags":[32030,33271,5149],"class_list":["post-525736","post","type-post","status-publish","format-standard","has-post-thumbnail","hentry","category-comunicati-stampa","category-europa","category-pace-disarmo","tag-bando-armi-nucleari","tag-italian-referendum","tag-napoli"],"yoast_head":"<!-- This site is optimized with the Yoast SEO plugin v27.1.1 - https:\/\/yoast.com\/product\/yoast-seo-wordpress\/ -->\n<title>Da Napoli un appello al nostro governo perch\u00e8 aderisca al bando delle armi nucleari<\/title>\n<meta name=\"description\" content=\"Convegno a Napoli: &quot;Bandire le armi nucleari. Un imperativo imprescindibile. Italia ripensaci, aderisci al trattato ONU del 7 luglio 2017&quot;\" \/>\n<meta name=\"robots\" content=\"index, follow, max-snippet:-1, max-image-preview:large, max-video-preview:-1\" \/>\n<link rel=\"canonical\" href=\"https:\/\/www.pressenza.com\/it\/2017\/09\/napoli-un-appello-al-nostro-governo-perche-aderisca-al-bando-delle-armi-nucleari\/\" \/>\n<meta property=\"og:locale\" content=\"it_IT\" \/>\n<meta property=\"og:type\" content=\"article\" \/>\n<meta property=\"og:title\" content=\"Da Napoli un appello al nostro governo perch\u00e8 aderisca al bando delle armi nucleari\" \/>\n<meta property=\"og:description\" content=\"Convegno a Napoli: &quot;Bandire le armi nucleari. Un imperativo imprescindibile. Italia ripensaci, aderisci al trattato ONU del 7 luglio 2017&quot;\" \/>\n<meta property=\"og:url\" content=\"https:\/\/www.pressenza.com\/it\/2017\/09\/napoli-un-appello-al-nostro-governo-perche-aderisca-al-bando-delle-armi-nucleari\/\" \/>\n<meta property=\"og:site_name\" content=\"Pressenza\" \/>\n<meta property=\"article:publisher\" content=\"https:\/\/www.facebook.com\/PressenzaItalia\" \/>\n<meta property=\"article:author\" content=\"https:\/\/www.facebook.com\/PressenzaItalia\" \/>\n<meta property=\"article:published_time\" content=\"2017-09-27T19:59:22+00:00\" \/>\n<meta property=\"article:modified_time\" content=\"2017-09-27T20:00:24+00:00\" \/>\n<meta property=\"og:image\" content=\"https:\/\/www.pressenza.com\/wp-content\/uploads\/2017\/09\/MIR-Napoli-720x321-1.jpg\" \/>\n\t<meta property=\"og:image:width\" content=\"728\" \/>\n\t<meta property=\"og:image:height\" content=\"417\" \/>\n\t<meta property=\"og:image:type\" content=\"image\/jpeg\" \/>\n<meta name=\"author\" content=\"Redazione Italia\" \/>\n<meta name=\"twitter:card\" content=\"summary_large_image\" \/>\n<meta name=\"twitter:creator\" content=\"@pressenza_it\" \/>\n<meta name=\"twitter:site\" content=\"@PressenzaIPA\" \/>\n<meta name=\"twitter:label1\" content=\"Scritto da\" \/>\n\t<meta name=\"twitter:data1\" content=\"Redazione Italia\" \/>\n\t<meta name=\"twitter:label2\" content=\"Tempo di lettura stimato\" \/>\n\t<meta name=\"twitter:data2\" content=\"4 minuti\" \/>\n<script type=\"application\/ld+json\" class=\"yoast-schema-graph\">{\"@context\":\"https:\/\/schema.org\",\"@graph\":[{\"@type\":\"Article\",\"@id\":\"https:\/\/www.pressenza.com\/it\/2017\/09\/napoli-un-appello-al-nostro-governo-perche-aderisca-al-bando-delle-armi-nucleari\/#article\",\"isPartOf\":{\"@id\":\"https:\/\/www.pressenza.com\/it\/2017\/09\/napoli-un-appello-al-nostro-governo-perche-aderisca-al-bando-delle-armi-nucleari\/\"},\"author\":{\"name\":\"Redazione Italia\",\"@id\":\"https:\/\/www.pressenza.com\/it\/#\/schema\/person\/d983e81827ae24f2c7b1a2123d197f8d\"},\"headline\":\"Da Napoli un appello al nostro governo perch\u00e8 aderisca al bando delle armi nucleari\",\"datePublished\":\"2017-09-27T19:59:22+00:00\",\"dateModified\":\"2017-09-27T20:00:24+00:00\",\"mainEntityOfPage\":{\"@id\":\"https:\/\/www.pressenza.com\/it\/2017\/09\/napoli-un-appello-al-nostro-governo-perche-aderisca-al-bando-delle-armi-nucleari\/\"},\"wordCount\":820,\"publisher\":{\"@id\":\"https:\/\/www.pressenza.com\/it\/#organization\"},\"image\":{\"@id\":\"https:\/\/www.pressenza.com\/it\/2017\/09\/napoli-un-appello-al-nostro-governo-perche-aderisca-al-bando-delle-armi-nucleari\/#primaryimage\"},\"thumbnailUrl\":\"https:\/\/www.pressenza.com\/wp-content\/uploads\/2017\/09\/MIR-Napoli-720x321-1.jpg\",\"keywords\":[\"bando armi nucleari\",\"Italian referendum\",\"Napoli\"],\"articleSection\":[\"Comunicati Stampa\",\"Europa\",\"Pace e Disarmo\"],\"inLanguage\":\"it-IT\"},{\"@type\":\"WebPage\",\"@id\":\"https:\/\/www.pressenza.com\/it\/2017\/09\/napoli-un-appello-al-nostro-governo-perche-aderisca-al-bando-delle-armi-nucleari\/\",\"url\":\"https:\/\/www.pressenza.com\/it\/2017\/09\/napoli-un-appello-al-nostro-governo-perche-aderisca-al-bando-delle-armi-nucleari\/\",\"name\":\"Da Napoli un appello al nostro governo perch\u00e8 aderisca al bando delle armi nucleari\",\"isPartOf\":{\"@id\":\"https:\/\/www.pressenza.com\/it\/#website\"},\"primaryImageOfPage\":{\"@id\":\"https:\/\/www.pressenza.com\/it\/2017\/09\/napoli-un-appello-al-nostro-governo-perche-aderisca-al-bando-delle-armi-nucleari\/#primaryimage\"},\"image\":{\"@id\":\"https:\/\/www.pressenza.com\/it\/2017\/09\/napoli-un-appello-al-nostro-governo-perche-aderisca-al-bando-delle-armi-nucleari\/#primaryimage\"},\"thumbnailUrl\":\"https:\/\/www.pressenza.com\/wp-content\/uploads\/2017\/09\/MIR-Napoli-720x321-1.jpg\",\"datePublished\":\"2017-09-27T19:59:22+00:00\",\"dateModified\":\"2017-09-27T20:00:24+00:00\",\"description\":\"Convegno a Napoli: \\\"Bandire le armi nucleari. Un imperativo imprescindibile. Italia ripensaci, aderisci al trattato ONU del 7 luglio 2017\\\"\",\"breadcrumb\":{\"@id\":\"https:\/\/www.pressenza.com\/it\/2017\/09\/napoli-un-appello-al-nostro-governo-perche-aderisca-al-bando-delle-armi-nucleari\/#breadcrumb\"},\"inLanguage\":\"it-IT\",\"potentialAction\":[{\"@type\":\"ReadAction\",\"target\":[\"https:\/\/www.pressenza.com\/it\/2017\/09\/napoli-un-appello-al-nostro-governo-perche-aderisca-al-bando-delle-armi-nucleari\/\"]}]},{\"@type\":\"ImageObject\",\"inLanguage\":\"it-IT\",\"@id\":\"https:\/\/www.pressenza.com\/it\/2017\/09\/napoli-un-appello-al-nostro-governo-perche-aderisca-al-bando-delle-armi-nucleari\/#primaryimage\",\"url\":\"https:\/\/www.pressenza.com\/wp-content\/uploads\/2017\/09\/MIR-Napoli-720x321-1.jpg\",\"contentUrl\":\"https:\/\/www.pressenza.com\/wp-content\/uploads\/2017\/09\/MIR-Napoli-720x321-1.jpg\",\"width\":728,\"height\":417},{\"@type\":\"BreadcrumbList\",\"@id\":\"https:\/\/www.pressenza.com\/it\/2017\/09\/napoli-un-appello-al-nostro-governo-perche-aderisca-al-bando-delle-armi-nucleari\/#breadcrumb\",\"itemListElement\":[{\"@type\":\"ListItem\",\"position\":1,\"name\":\"Accueil\",\"item\":\"https:\/\/www.pressenza.com\/it\/\"},{\"@type\":\"ListItem\",\"position\":2,\"name\":\"Da Napoli un appello al nostro governo perch\u00e8 aderisca al bando delle armi nucleari\"}]},{\"@type\":\"WebSite\",\"@id\":\"https:\/\/www.pressenza.com\/it\/#website\",\"url\":\"https:\/\/www.pressenza.com\/it\/\",\"name\":\"Pressenza\",\"description\":\"Agenzia di Stampa Internazionale\",\"publisher\":{\"@id\":\"https:\/\/www.pressenza.com\/it\/#organization\"},\"potentialAction\":[{\"@type\":\"SearchAction\",\"target\":{\"@type\":\"EntryPoint\",\"urlTemplate\":\"https:\/\/www.pressenza.com\/it\/?s={search_term_string}\"},\"query-input\":{\"@type\":\"PropertyValueSpecification\",\"valueRequired\":true,\"valueName\":\"search_term_string\"}}],\"inLanguage\":\"it-IT\"},{\"@type\":\"Organization\",\"@id\":\"https:\/\/www.pressenza.com\/it\/#organization\",\"name\":\"Pressenza\",\"url\":\"https:\/\/www.pressenza.com\/it\/\",\"logo\":{\"@type\":\"ImageObject\",\"inLanguage\":\"it-IT\",\"@id\":\"https:\/\/www.pressenza.com\/it\/#\/schema\/logo\/image\/\",\"url\":\"https:\/\/www.pressenza.com\/wp-content\/uploads\/2022\/10\/pressenza_logo_200x200.jpg\",\"contentUrl\":\"https:\/\/www.pressenza.com\/wp-content\/uploads\/2022\/10\/pressenza_logo_200x200.jpg\",\"width\":200,\"height\":200,\"caption\":\"Pressenza\"},\"image\":{\"@id\":\"https:\/\/www.pressenza.com\/it\/#\/schema\/logo\/image\/\"},\"sameAs\":[\"https:\/\/www.facebook.com\/PressenzaItalia\",\"https:\/\/x.com\/PressenzaIPA\"]},{\"@type\":\"Person\",\"@id\":\"https:\/\/www.pressenza.com\/it\/#\/schema\/person\/d983e81827ae24f2c7b1a2123d197f8d\",\"name\":\"Redazione Italia\",\"description\":\"News from the Pressenza Bureau in Italy\",\"sameAs\":[\"https:\/\/www.pressenza.com\/it\/author\/redazione-italia\/\",\"https:\/\/www.facebook.com\/PressenzaItalia\",\"https:\/\/www.instagram.com\/pressenza_italia\/\",\"https:\/\/x.com\/pressenza_it\",\"https:\/\/www.youtube.com\/channel\/UCSalEIWjE1RSxkwjfftFuqg\"],\"url\":\"https:\/\/www.pressenza.com\/it\/author\/redazione-italia\/\"}]}<\/script>\n<!-- \/ Yoast SEO plugin. -->","yoast_head_json":{"title":"Da Napoli un appello al nostro governo perch\u00e8 aderisca al bando delle armi nucleari","description":"Convegno a Napoli: \"Bandire le armi nucleari. Un imperativo imprescindibile. Italia ripensaci, aderisci al trattato ONU del 7 luglio 2017\"","robots":{"index":"index","follow":"follow","max-snippet":"max-snippet:-1","max-image-preview":"max-image-preview:large","max-video-preview":"max-video-preview:-1"},"canonical":"https:\/\/www.pressenza.com\/it\/2017\/09\/napoli-un-appello-al-nostro-governo-perche-aderisca-al-bando-delle-armi-nucleari\/","og_locale":"it_IT","og_type":"article","og_title":"Da Napoli un appello al nostro governo perch\u00e8 aderisca al bando delle armi nucleari","og_description":"Convegno a Napoli: \"Bandire le armi nucleari. Un imperativo imprescindibile. Italia ripensaci, aderisci al trattato ONU del 7 luglio 2017\"","og_url":"https:\/\/www.pressenza.com\/it\/2017\/09\/napoli-un-appello-al-nostro-governo-perche-aderisca-al-bando-delle-armi-nucleari\/","og_site_name":"Pressenza","article_publisher":"https:\/\/www.facebook.com\/PressenzaItalia","article_author":"https:\/\/www.facebook.com\/PressenzaItalia","article_published_time":"2017-09-27T19:59:22+00:00","article_modified_time":"2017-09-27T20:00:24+00:00","og_image":[{"width":728,"height":417,"url":"https:\/\/www.pressenza.com\/wp-content\/uploads\/2017\/09\/MIR-Napoli-720x321-1.jpg","type":"image\/jpeg"}],"author":"Redazione Italia","twitter_card":"summary_large_image","twitter_creator":"@pressenza_it","twitter_site":"@PressenzaIPA","twitter_misc":{"Scritto da":"Redazione Italia","Tempo di lettura stimato":"4 minuti"},"schema":{"@context":"https:\/\/schema.org","@graph":[{"@type":"Article","@id":"https:\/\/www.pressenza.com\/it\/2017\/09\/napoli-un-appello-al-nostro-governo-perche-aderisca-al-bando-delle-armi-nucleari\/#article","isPartOf":{"@id":"https:\/\/www.pressenza.com\/it\/2017\/09\/napoli-un-appello-al-nostro-governo-perche-aderisca-al-bando-delle-armi-nucleari\/"},"author":{"name":"Redazione Italia","@id":"https:\/\/www.pressenza.com\/it\/#\/schema\/person\/d983e81827ae24f2c7b1a2123d197f8d"},"headline":"Da Napoli un appello al nostro governo perch\u00e8 aderisca al bando delle armi nucleari","datePublished":"2017-09-27T19:59:22+00:00","dateModified":"2017-09-27T20:00:24+00:00","mainEntityOfPage":{"@id":"https:\/\/www.pressenza.com\/it\/2017\/09\/napoli-un-appello-al-nostro-governo-perche-aderisca-al-bando-delle-armi-nucleari\/"},"wordCount":820,"publisher":{"@id":"https:\/\/www.pressenza.com\/it\/#organization"},"image":{"@id":"https:\/\/www.pressenza.com\/it\/2017\/09\/napoli-un-appello-al-nostro-governo-perche-aderisca-al-bando-delle-armi-nucleari\/#primaryimage"},"thumbnailUrl":"https:\/\/www.pressenza.com\/wp-content\/uploads\/2017\/09\/MIR-Napoli-720x321-1.jpg","keywords":["bando armi nucleari","Italian referendum","Napoli"],"articleSection":["Comunicati Stampa","Europa","Pace e Disarmo"],"inLanguage":"it-IT"},{"@type":"WebPage","@id":"https:\/\/www.pressenza.com\/it\/2017\/09\/napoli-un-appello-al-nostro-governo-perche-aderisca-al-bando-delle-armi-nucleari\/","url":"https:\/\/www.pressenza.com\/it\/2017\/09\/napoli-un-appello-al-nostro-governo-perche-aderisca-al-bando-delle-armi-nucleari\/","name":"Da Napoli un appello al nostro governo perch\u00e8 aderisca al bando delle armi nucleari","isPartOf":{"@id":"https:\/\/www.pressenza.com\/it\/#website"},"primaryImageOfPage":{"@id":"https:\/\/www.pressenza.com\/it\/2017\/09\/napoli-un-appello-al-nostro-governo-perche-aderisca-al-bando-delle-armi-nucleari\/#primaryimage"},"image":{"@id":"https:\/\/www.pressenza.com\/it\/2017\/09\/napoli-un-appello-al-nostro-governo-perche-aderisca-al-bando-delle-armi-nucleari\/#primaryimage"},"thumbnailUrl":"https:\/\/www.pressenza.com\/wp-content\/uploads\/2017\/09\/MIR-Napoli-720x321-1.jpg","datePublished":"2017-09-27T19:59:22+00:00","dateModified":"2017-09-27T20:00:24+00:00","description":"Convegno a Napoli: \"Bandire le armi nucleari. Un imperativo imprescindibile. Italia ripensaci, aderisci al trattato ONU del 7 luglio 2017\"","breadcrumb":{"@id":"https:\/\/www.pressenza.com\/it\/2017\/09\/napoli-un-appello-al-nostro-governo-perche-aderisca-al-bando-delle-armi-nucleari\/#breadcrumb"},"inLanguage":"it-IT","potentialAction":[{"@type":"ReadAction","target":["https:\/\/www.pressenza.com\/it\/2017\/09\/napoli-un-appello-al-nostro-governo-perche-aderisca-al-bando-delle-armi-nucleari\/"]}]},{"@type":"ImageObject","inLanguage":"it-IT","@id":"https:\/\/www.pressenza.com\/it\/2017\/09\/napoli-un-appello-al-nostro-governo-perche-aderisca-al-bando-delle-armi-nucleari\/#primaryimage","url":"https:\/\/www.pressenza.com\/wp-content\/uploads\/2017\/09\/MIR-Napoli-720x321-1.jpg","contentUrl":"https:\/\/www.pressenza.com\/wp-content\/uploads\/2017\/09\/MIR-Napoli-720x321-1.jpg","width":728,"height":417},{"@type":"BreadcrumbList","@id":"https:\/\/www.pressenza.com\/it\/2017\/09\/napoli-un-appello-al-nostro-governo-perche-aderisca-al-bando-delle-armi-nucleari\/#breadcrumb","itemListElement":[{"@type":"ListItem","position":1,"name":"Accueil","item":"https:\/\/www.pressenza.com\/it\/"},{"@type":"ListItem","position":2,"name":"Da Napoli un appello al nostro governo perch\u00e8 aderisca al bando delle armi nucleari"}]},{"@type":"WebSite","@id":"https:\/\/www.pressenza.com\/it\/#website","url":"https:\/\/www.pressenza.com\/it\/","name":"Pressenza","description":"Agenzia di Stampa Internazionale","publisher":{"@id":"https:\/\/www.pressenza.com\/it\/#organization"},"potentialAction":[{"@type":"SearchAction","target":{"@type":"EntryPoint","urlTemplate":"https:\/\/www.pressenza.com\/it\/?s={search_term_string}"},"query-input":{"@type":"PropertyValueSpecification","valueRequired":true,"valueName":"search_term_string"}}],"inLanguage":"it-IT"},{"@type":"Organization","@id":"https:\/\/www.pressenza.com\/it\/#organization","name":"Pressenza","url":"https:\/\/www.pressenza.com\/it\/","logo":{"@type":"ImageObject","inLanguage":"it-IT","@id":"https:\/\/www.pressenza.com\/it\/#\/schema\/logo\/image\/","url":"https:\/\/www.pressenza.com\/wp-content\/uploads\/2022\/10\/pressenza_logo_200x200.jpg","contentUrl":"https:\/\/www.pressenza.com\/wp-content\/uploads\/2022\/10\/pressenza_logo_200x200.jpg","width":200,"height":200,"caption":"Pressenza"},"image":{"@id":"https:\/\/www.pressenza.com\/it\/#\/schema\/logo\/image\/"},"sameAs":["https:\/\/www.facebook.com\/PressenzaItalia","https:\/\/x.com\/PressenzaIPA"]},{"@type":"Person","@id":"https:\/\/www.pressenza.com\/it\/#\/schema\/person\/d983e81827ae24f2c7b1a2123d197f8d","name":"Redazione Italia","description":"News from the Pressenza Bureau in Italy","sameAs":["https:\/\/www.pressenza.com\/it\/author\/redazione-italia\/","https:\/\/www.facebook.com\/PressenzaItalia","https:\/\/www.instagram.com\/pressenza_italia\/","https:\/\/x.com\/pressenza_it","https:\/\/www.youtube.com\/channel\/UCSalEIWjE1RSxkwjfftFuqg"],"url":"https:\/\/www.pressenza.com\/it\/author\/redazione-italia\/"}]}},"place":"","original_article_url":"","_links":{"self":[{"href":"https:\/\/www.pressenza.com\/it\/wp-json\/wp\/v2\/posts\/525736","targetHints":{"allow":["GET"]}}],"collection":[{"href":"https:\/\/www.pressenza.com\/it\/wp-json\/wp\/v2\/posts"}],"about":[{"href":"https:\/\/www.pressenza.com\/it\/wp-json\/wp\/v2\/types\/post"}],"author":[{"embeddable":true,"href":"https:\/\/www.pressenza.com\/it\/wp-json\/wp\/v2\/users\/594"}],"replies":[{"embeddable":true,"href":"https:\/\/www.pressenza.com\/it\/wp-json\/wp\/v2\/comments?post=525736"}],"version-history":[{"count":0,"href":"https:\/\/www.pressenza.com\/it\/wp-json\/wp\/v2\/posts\/525736\/revisions"}],"wp:featuredmedia":[{"embeddable":true,"href":"https:\/\/www.pressenza.com\/it\/wp-json\/wp\/v2\/media\/525741"}],"wp:attachment":[{"href":"https:\/\/www.pressenza.com\/it\/wp-json\/wp\/v2\/media?parent=525736"}],"wp:term":[{"taxonomy":"category","embeddable":true,"href":"https:\/\/www.pressenza.com\/it\/wp-json\/wp\/v2\/categories?post=525736"},{"taxonomy":"post_tag","embeddable":true,"href":"https:\/\/www.pressenza.com\/it\/wp-json\/wp\/v2\/tags?post=525736"}],"curies":[{"name":"wp","href":"https:\/\/api.w.org\/{rel}","templated":true}]}}