{"id":524674,"date":"2017-09-26T16:08:06","date_gmt":"2017-09-26T15:08:06","guid":{"rendered":"https:\/\/www.pressenza.com\/?p=524674\/"},"modified":"2019-07-28T22:51:15","modified_gmt":"2019-07-28T21:51:15","slug":"la-grave-ambiguita-della-nato-sulle-armi-nucleari","status":"publish","type":"post","link":"https:\/\/www.pressenza.com\/it\/2017\/09\/la-grave-ambiguita-della-nato-sulle-armi-nucleari\/","title":{"rendered":"La grave ambiguit\u00e0 della NATO sulle armi nucleari!"},"content":{"rendered":"<div>\n<div>\n<p><span style=\"color: #000000;\">La posizione espressa dalla NATO contro il nuovo Trattato di Proibizione delle Armi Nucleari (TPAN) \u00e8 molto grave, e ritengo necessario commentarne le profonde contraddizioni.<\/span><\/p>\n<div>\n<div><span style=\"color: #000000;\">La NATO ha dichiarato lo scorso 20 settembre\u00a0che\u00a0\u00abun trattato che non impegna nessuno degli stati in possesso di armi nucleari non sar\u00e0 effettivo, non accrescer\u00e0 la sicurezza n\u00e9 la pace internazionali\u00bb.<\/span><\/div>\n<div>Ovviamente fa riferimento, invece, al<span style=\"color: #000000;\">\u00a0Trattato di Non Proliferazione (TNP): ma &#8230; \u00a0<b>era semmai il TNP a non essere vincolante!<\/b>\u00a0<b>Tant&#8217;\u00e8 vero che non ha arrestato affatto la proliferazione.<\/b>\u00a0<\/span><\/div>\n<div><\/div>\n<div><span style=\"color: #000000;\">Dal 1970 gli arsenali nucleari aumentarono da 30.000 alla cifra demenziale di 70.000, e gli Stati nucleari da 6 a 10 (includendo la Corea del Nord; il Sudafrica \u00e8 l&#8217;unico paese che ha smantellato il proprio arsenale). Per non parlare dell&#8217;Art. VI &#8211; disarmo nucleare totale &#8211;\u00a0<b>disatteso<\/b>\u00a0da 47 anni!<\/span><\/div>\n<div><\/div>\n<div><span style=\"color: #000000;\">\u00c8 stato proprio il fatto che il TNP sia rimasto totalmente disatteso (si pu\u00f2 dire <b>violato<\/b>) a mettere in moto il processo che ha portato al nuovo TPAN!<\/span><\/div>\n<div><\/div>\n<div><span style=\"color: #000000;\">La NATO aggiunge poi che il trattato\u00a0\u00abnon accrescer\u00e0 la sicurezza n\u00e9 la pace internazionali, ma rischia di fare l\u2019opposto creando divisioni e divergenze\u00bb.\u00a0Mi sembra essenziale far capire alla gente che l&#8217;attuale crisi coreana\u00a0<b>\u00e8 il prodotto proprio della situazione creata dal TNP!<\/b><\/span><\/div>\n<div><\/div>\n<div>A questo proposito, mi sembra essenziale spiegare che\u00a0<b>proprio la crisi coreana \u00e8 la prova lampante che le armi nucleari non servono a nulla per gli scopi che la NATO proclama: una risposta nucleare alla deterrenza (ormai non \u00e8 pi\u00f9 proliferazione) nucleare coreana \u00e8 impensabile! Porterebbe diritto diritto a una guerra nucleare, che indubbiamente non potrebbe rimanere limitata<\/b>: basti pensare se la Cina potrebbe rimanere inattiva di fronte a una guerra nucleare ai propri confini.<\/div>\n<div><\/div>\n<div><b><span style=\"color: #000000;\">Le armi nucleari non aumentano affatto la sicurezza, ma la mettono in pericolo!<\/span><\/b><\/div>\n<div><span style=\"color: #000000;\">Quanto al carattere vincolante del TPAN bisogna essere chiari: quando entrer\u00e0 in vigore sar\u00e0 vincolante (a differenza del TNP) per gli Stati che lo avranno ratificato. Ma con il tempo prender\u00e0 inevitabilmente forza &#8211; ormai &#8220;il dado \u00e8 tratto&#8221; &#8211; e la sua funzione diventer\u00e0 analoga a quella dei trattati che vietano le armi chimiche e biologiche, le mine antiuomo e le bombe a grappolo: <b>possedere, usare o minacciare con le armi nucleari sar\u00e0 un crimine internazionale (come quando gli USA accusano la Siria sulle armi chimiche).<\/b><\/span><\/div>\n<\/div>\n<\/div>\n<\/div>\n","protected":false},"excerpt":{"rendered":"<p>La posizione espressa dalla NATO contro il nuovo Trattato di Proibizione delle Armi Nucleari (TPAN) \u00e8 molto grave, e ritengo necessario commentarne le profonde contraddizioni. La NATO ha dichiarato lo scorso 20 settembre\u00a0che\u00a0\u00abun trattato che non impegna nessuno degli stati&hellip;<\/p>\n","protected":false},"author":218,"featured_media":520024,"comment_status":"closed","ping_status":"closed","sticky":false,"template":"","format":"standard","meta":{"footnotes":""},"categories":[11388,47,38,1263],"tags":[4113,207,3856,26489,40054],"class_list":["post-524674","post","type-post","status-publish","format-standard","has-post-thumbnail","hentry","category-contenuti-originali","category-europa","category-internazionale","category-pace-disarmo","tag-corea-del-nord","tag-nato","tag-tnp","tag-trattato-di-non-proliferazione-delle-armi-nucleari","tag-trattato-di-proibizione-delle-armi-nucleari"],"yoast_head":"<!-- This site is optimized with the Yoast SEO plugin v27.1.1 - https:\/\/yoast.com\/product\/yoast-seo-wordpress\/ -->\n<title>La grave ambiguit\u00e0 della NATO sulle armi nucleari!<\/title>\n<meta name=\"description\" content=\"La posizione espressa dalla NATO contro il nuovo Trattato di Proibizione delle Armi Nucleari (TPAN) \u00e8 molto grave, e ritengo necessario commentarne le\" \/>\n<meta name=\"robots\" content=\"index, follow, max-snippet:-1, max-image-preview:large, max-video-preview:-1\" \/>\n<link rel=\"canonical\" href=\"https:\/\/www.pressenza.com\/it\/2017\/09\/la-grave-ambiguita-della-nato-sulle-armi-nucleari\/\" \/>\n<meta property=\"og:locale\" content=\"it_IT\" \/>\n<meta property=\"og:type\" content=\"article\" \/>\n<meta property=\"og:title\" content=\"La grave ambiguit\u00e0 della NATO sulle armi nucleari!\" \/>\n<meta property=\"og:description\" content=\"La posizione espressa dalla NATO contro il nuovo Trattato di Proibizione delle Armi Nucleari (TPAN) \u00e8 molto grave, e ritengo necessario commentarne le\" \/>\n<meta property=\"og:url\" content=\"https:\/\/www.pressenza.com\/it\/2017\/09\/la-grave-ambiguita-della-nato-sulle-armi-nucleari\/\" \/>\n<meta property=\"og:site_name\" content=\"Pressenza\" \/>\n<meta property=\"article:publisher\" content=\"https:\/\/www.facebook.com\/PressenzaItalia\" \/>\n<meta property=\"article:published_time\" content=\"2017-09-26T15:08:06+00:00\" \/>\n<meta property=\"article:modified_time\" content=\"2019-07-28T21:51:15+00:00\" \/>\n<meta property=\"og:image\" content=\"https:\/\/www.pressenza.com\/wp-content\/uploads\/2017\/09\/NZ-nuclear-free.jpg\" \/>\n\t<meta property=\"og:image:width\" content=\"940\" \/>\n\t<meta property=\"og:image:height\" content=\"631\" \/>\n\t<meta property=\"og:image:type\" content=\"image\/jpeg\" \/>\n<meta name=\"author\" content=\"Angelo Baracca\" \/>\n<meta name=\"twitter:card\" content=\"summary_large_image\" \/>\n<meta name=\"twitter:creator\" content=\"@PressenzaIPA\" \/>\n<meta name=\"twitter:site\" content=\"@PressenzaIPA\" \/>\n<meta name=\"twitter:label1\" content=\"Scritto da\" \/>\n\t<meta name=\"twitter:data1\" content=\"Angelo Baracca\" \/>\n\t<meta name=\"twitter:label2\" content=\"Tempo di lettura stimato\" \/>\n\t<meta name=\"twitter:data2\" content=\"2 minuti\" \/>\n<script type=\"application\/ld+json\" class=\"yoast-schema-graph\">{\"@context\":\"https:\/\/schema.org\",\"@graph\":[{\"@type\":\"Article\",\"@id\":\"https:\/\/www.pressenza.com\/it\/2017\/09\/la-grave-ambiguita-della-nato-sulle-armi-nucleari\/#article\",\"isPartOf\":{\"@id\":\"https:\/\/www.pressenza.com\/it\/2017\/09\/la-grave-ambiguita-della-nato-sulle-armi-nucleari\/\"},\"author\":{\"name\":\"Angelo Baracca\",\"@id\":\"https:\/\/www.pressenza.com\/it\/#\/schema\/person\/c37578468de5b0400b2d01b65d64af92\"},\"headline\":\"La grave ambiguit\u00e0 della NATO sulle armi nucleari!\",\"datePublished\":\"2017-09-26T15:08:06+00:00\",\"dateModified\":\"2019-07-28T21:51:15+00:00\",\"mainEntityOfPage\":{\"@id\":\"https:\/\/www.pressenza.com\/it\/2017\/09\/la-grave-ambiguita-della-nato-sulle-armi-nucleari\/\"},\"wordCount\":381,\"publisher\":{\"@id\":\"https:\/\/www.pressenza.com\/it\/#organization\"},\"image\":{\"@id\":\"https:\/\/www.pressenza.com\/it\/2017\/09\/la-grave-ambiguita-della-nato-sulle-armi-nucleari\/#primaryimage\"},\"thumbnailUrl\":\"https:\/\/www.pressenza.com\/wp-content\/uploads\/2017\/09\/NZ-nuclear-free.jpg\",\"keywords\":[\"Corea del Nord\",\"NATO\",\"TNP\",\"Trattato di Non-Proliferazione delle Armi Nucleari\",\"Trattato di proibizione delle armi nucleari\"],\"articleSection\":[\"contenuti originali\",\"Europa\",\"Internazionale\",\"Pace e Disarmo\"],\"inLanguage\":\"it-IT\"},{\"@type\":\"WebPage\",\"@id\":\"https:\/\/www.pressenza.com\/it\/2017\/09\/la-grave-ambiguita-della-nato-sulle-armi-nucleari\/\",\"url\":\"https:\/\/www.pressenza.com\/it\/2017\/09\/la-grave-ambiguita-della-nato-sulle-armi-nucleari\/\",\"name\":\"La grave ambiguit\u00e0 della NATO sulle armi nucleari!\",\"isPartOf\":{\"@id\":\"https:\/\/www.pressenza.com\/it\/#website\"},\"primaryImageOfPage\":{\"@id\":\"https:\/\/www.pressenza.com\/it\/2017\/09\/la-grave-ambiguita-della-nato-sulle-armi-nucleari\/#primaryimage\"},\"image\":{\"@id\":\"https:\/\/www.pressenza.com\/it\/2017\/09\/la-grave-ambiguita-della-nato-sulle-armi-nucleari\/#primaryimage\"},\"thumbnailUrl\":\"https:\/\/www.pressenza.com\/wp-content\/uploads\/2017\/09\/NZ-nuclear-free.jpg\",\"datePublished\":\"2017-09-26T15:08:06+00:00\",\"dateModified\":\"2019-07-28T21:51:15+00:00\",\"description\":\"La posizione espressa dalla NATO contro il nuovo Trattato di Proibizione delle Armi Nucleari (TPAN) \u00e8 molto grave, e ritengo necessario commentarne le\",\"breadcrumb\":{\"@id\":\"https:\/\/www.pressenza.com\/it\/2017\/09\/la-grave-ambiguita-della-nato-sulle-armi-nucleari\/#breadcrumb\"},\"inLanguage\":\"it-IT\",\"potentialAction\":[{\"@type\":\"ReadAction\",\"target\":[\"https:\/\/www.pressenza.com\/it\/2017\/09\/la-grave-ambiguita-della-nato-sulle-armi-nucleari\/\"]}]},{\"@type\":\"ImageObject\",\"inLanguage\":\"it-IT\",\"@id\":\"https:\/\/www.pressenza.com\/it\/2017\/09\/la-grave-ambiguita-della-nato-sulle-armi-nucleari\/#primaryimage\",\"url\":\"https:\/\/www.pressenza.com\/wp-content\/uploads\/2017\/09\/NZ-nuclear-free.jpg\",\"contentUrl\":\"https:\/\/www.pressenza.com\/wp-content\/uploads\/2017\/09\/NZ-nuclear-free.jpg\",\"width\":940,\"height\":631},{\"@type\":\"BreadcrumbList\",\"@id\":\"https:\/\/www.pressenza.com\/it\/2017\/09\/la-grave-ambiguita-della-nato-sulle-armi-nucleari\/#breadcrumb\",\"itemListElement\":[{\"@type\":\"ListItem\",\"position\":1,\"name\":\"Accueil\",\"item\":\"https:\/\/www.pressenza.com\/it\/\"},{\"@type\":\"ListItem\",\"position\":2,\"name\":\"La grave ambiguit\u00e0 della NATO sulle armi nucleari!\"}]},{\"@type\":\"WebSite\",\"@id\":\"https:\/\/www.pressenza.com\/it\/#website\",\"url\":\"https:\/\/www.pressenza.com\/it\/\",\"name\":\"Pressenza\",\"description\":\"Agenzia di Stampa Internazionale\",\"publisher\":{\"@id\":\"https:\/\/www.pressenza.com\/it\/#organization\"},\"potentialAction\":[{\"@type\":\"SearchAction\",\"target\":{\"@type\":\"EntryPoint\",\"urlTemplate\":\"https:\/\/www.pressenza.com\/it\/?s={search_term_string}\"},\"query-input\":{\"@type\":\"PropertyValueSpecification\",\"valueRequired\":true,\"valueName\":\"search_term_string\"}}],\"inLanguage\":\"it-IT\"},{\"@type\":\"Organization\",\"@id\":\"https:\/\/www.pressenza.com\/it\/#organization\",\"name\":\"Pressenza\",\"url\":\"https:\/\/www.pressenza.com\/it\/\",\"logo\":{\"@type\":\"ImageObject\",\"inLanguage\":\"it-IT\",\"@id\":\"https:\/\/www.pressenza.com\/it\/#\/schema\/logo\/image\/\",\"url\":\"https:\/\/www.pressenza.com\/wp-content\/uploads\/2022\/10\/pressenza_logo_200x200.jpg\",\"contentUrl\":\"https:\/\/www.pressenza.com\/wp-content\/uploads\/2022\/10\/pressenza_logo_200x200.jpg\",\"width\":200,\"height\":200,\"caption\":\"Pressenza\"},\"image\":{\"@id\":\"https:\/\/www.pressenza.com\/it\/#\/schema\/logo\/image\/\"},\"sameAs\":[\"https:\/\/www.facebook.com\/PressenzaItalia\",\"https:\/\/x.com\/PressenzaIPA\"]},{\"@type\":\"Person\",\"@id\":\"https:\/\/www.pressenza.com\/it\/#\/schema\/person\/c37578468de5b0400b2d01b65d64af92\",\"name\":\"Angelo Baracca\",\"description\":\"Professor of Physics at the University of Florence, Italy. Writer and scientist specialising in nuclear matters; pacifist activist and ecologist. He writes for Pressenza about nuclear questions.\",\"url\":\"https:\/\/www.pressenza.com\/it\/author\/angelo-baracca\/\"}]}<\/script>\n<!-- \/ Yoast SEO plugin. -->","yoast_head_json":{"title":"La grave ambiguit\u00e0 della NATO sulle armi nucleari!","description":"La posizione espressa dalla NATO contro il nuovo Trattato di Proibizione delle Armi Nucleari (TPAN) \u00e8 molto grave, e ritengo necessario commentarne le","robots":{"index":"index","follow":"follow","max-snippet":"max-snippet:-1","max-image-preview":"max-image-preview:large","max-video-preview":"max-video-preview:-1"},"canonical":"https:\/\/www.pressenza.com\/it\/2017\/09\/la-grave-ambiguita-della-nato-sulle-armi-nucleari\/","og_locale":"it_IT","og_type":"article","og_title":"La grave ambiguit\u00e0 della NATO sulle armi nucleari!","og_description":"La posizione espressa dalla NATO contro il nuovo Trattato di Proibizione delle Armi Nucleari (TPAN) \u00e8 molto grave, e ritengo necessario commentarne le","og_url":"https:\/\/www.pressenza.com\/it\/2017\/09\/la-grave-ambiguita-della-nato-sulle-armi-nucleari\/","og_site_name":"Pressenza","article_publisher":"https:\/\/www.facebook.com\/PressenzaItalia","article_published_time":"2017-09-26T15:08:06+00:00","article_modified_time":"2019-07-28T21:51:15+00:00","og_image":[{"width":940,"height":631,"url":"https:\/\/www.pressenza.com\/wp-content\/uploads\/2017\/09\/NZ-nuclear-free.jpg","type":"image\/jpeg"}],"author":"Angelo Baracca","twitter_card":"summary_large_image","twitter_creator":"@PressenzaIPA","twitter_site":"@PressenzaIPA","twitter_misc":{"Scritto da":"Angelo Baracca","Tempo di lettura stimato":"2 minuti"},"schema":{"@context":"https:\/\/schema.org","@graph":[{"@type":"Article","@id":"https:\/\/www.pressenza.com\/it\/2017\/09\/la-grave-ambiguita-della-nato-sulle-armi-nucleari\/#article","isPartOf":{"@id":"https:\/\/www.pressenza.com\/it\/2017\/09\/la-grave-ambiguita-della-nato-sulle-armi-nucleari\/"},"author":{"name":"Angelo Baracca","@id":"https:\/\/www.pressenza.com\/it\/#\/schema\/person\/c37578468de5b0400b2d01b65d64af92"},"headline":"La grave ambiguit\u00e0 della NATO sulle armi nucleari!","datePublished":"2017-09-26T15:08:06+00:00","dateModified":"2019-07-28T21:51:15+00:00","mainEntityOfPage":{"@id":"https:\/\/www.pressenza.com\/it\/2017\/09\/la-grave-ambiguita-della-nato-sulle-armi-nucleari\/"},"wordCount":381,"publisher":{"@id":"https:\/\/www.pressenza.com\/it\/#organization"},"image":{"@id":"https:\/\/www.pressenza.com\/it\/2017\/09\/la-grave-ambiguita-della-nato-sulle-armi-nucleari\/#primaryimage"},"thumbnailUrl":"https:\/\/www.pressenza.com\/wp-content\/uploads\/2017\/09\/NZ-nuclear-free.jpg","keywords":["Corea del Nord","NATO","TNP","Trattato di Non-Proliferazione delle Armi Nucleari","Trattato di proibizione delle armi nucleari"],"articleSection":["contenuti originali","Europa","Internazionale","Pace e Disarmo"],"inLanguage":"it-IT"},{"@type":"WebPage","@id":"https:\/\/www.pressenza.com\/it\/2017\/09\/la-grave-ambiguita-della-nato-sulle-armi-nucleari\/","url":"https:\/\/www.pressenza.com\/it\/2017\/09\/la-grave-ambiguita-della-nato-sulle-armi-nucleari\/","name":"La grave ambiguit\u00e0 della NATO sulle armi nucleari!","isPartOf":{"@id":"https:\/\/www.pressenza.com\/it\/#website"},"primaryImageOfPage":{"@id":"https:\/\/www.pressenza.com\/it\/2017\/09\/la-grave-ambiguita-della-nato-sulle-armi-nucleari\/#primaryimage"},"image":{"@id":"https:\/\/www.pressenza.com\/it\/2017\/09\/la-grave-ambiguita-della-nato-sulle-armi-nucleari\/#primaryimage"},"thumbnailUrl":"https:\/\/www.pressenza.com\/wp-content\/uploads\/2017\/09\/NZ-nuclear-free.jpg","datePublished":"2017-09-26T15:08:06+00:00","dateModified":"2019-07-28T21:51:15+00:00","description":"La posizione espressa dalla NATO contro il nuovo Trattato di Proibizione delle Armi Nucleari (TPAN) \u00e8 molto grave, e ritengo necessario commentarne le","breadcrumb":{"@id":"https:\/\/www.pressenza.com\/it\/2017\/09\/la-grave-ambiguita-della-nato-sulle-armi-nucleari\/#breadcrumb"},"inLanguage":"it-IT","potentialAction":[{"@type":"ReadAction","target":["https:\/\/www.pressenza.com\/it\/2017\/09\/la-grave-ambiguita-della-nato-sulle-armi-nucleari\/"]}]},{"@type":"ImageObject","inLanguage":"it-IT","@id":"https:\/\/www.pressenza.com\/it\/2017\/09\/la-grave-ambiguita-della-nato-sulle-armi-nucleari\/#primaryimage","url":"https:\/\/www.pressenza.com\/wp-content\/uploads\/2017\/09\/NZ-nuclear-free.jpg","contentUrl":"https:\/\/www.pressenza.com\/wp-content\/uploads\/2017\/09\/NZ-nuclear-free.jpg","width":940,"height":631},{"@type":"BreadcrumbList","@id":"https:\/\/www.pressenza.com\/it\/2017\/09\/la-grave-ambiguita-della-nato-sulle-armi-nucleari\/#breadcrumb","itemListElement":[{"@type":"ListItem","position":1,"name":"Accueil","item":"https:\/\/www.pressenza.com\/it\/"},{"@type":"ListItem","position":2,"name":"La grave ambiguit\u00e0 della NATO sulle armi nucleari!"}]},{"@type":"WebSite","@id":"https:\/\/www.pressenza.com\/it\/#website","url":"https:\/\/www.pressenza.com\/it\/","name":"Pressenza","description":"Agenzia di Stampa Internazionale","publisher":{"@id":"https:\/\/www.pressenza.com\/it\/#organization"},"potentialAction":[{"@type":"SearchAction","target":{"@type":"EntryPoint","urlTemplate":"https:\/\/www.pressenza.com\/it\/?s={search_term_string}"},"query-input":{"@type":"PropertyValueSpecification","valueRequired":true,"valueName":"search_term_string"}}],"inLanguage":"it-IT"},{"@type":"Organization","@id":"https:\/\/www.pressenza.com\/it\/#organization","name":"Pressenza","url":"https:\/\/www.pressenza.com\/it\/","logo":{"@type":"ImageObject","inLanguage":"it-IT","@id":"https:\/\/www.pressenza.com\/it\/#\/schema\/logo\/image\/","url":"https:\/\/www.pressenza.com\/wp-content\/uploads\/2022\/10\/pressenza_logo_200x200.jpg","contentUrl":"https:\/\/www.pressenza.com\/wp-content\/uploads\/2022\/10\/pressenza_logo_200x200.jpg","width":200,"height":200,"caption":"Pressenza"},"image":{"@id":"https:\/\/www.pressenza.com\/it\/#\/schema\/logo\/image\/"},"sameAs":["https:\/\/www.facebook.com\/PressenzaItalia","https:\/\/x.com\/PressenzaIPA"]},{"@type":"Person","@id":"https:\/\/www.pressenza.com\/it\/#\/schema\/person\/c37578468de5b0400b2d01b65d64af92","name":"Angelo Baracca","description":"Professor of Physics at the University of Florence, Italy. Writer and scientist specialising in nuclear matters; pacifist activist and ecologist. He writes for Pressenza about nuclear questions.","url":"https:\/\/www.pressenza.com\/it\/author\/angelo-baracca\/"}]}},"place":"","original_article_url":"","_links":{"self":[{"href":"https:\/\/www.pressenza.com\/it\/wp-json\/wp\/v2\/posts\/524674","targetHints":{"allow":["GET"]}}],"collection":[{"href":"https:\/\/www.pressenza.com\/it\/wp-json\/wp\/v2\/posts"}],"about":[{"href":"https:\/\/www.pressenza.com\/it\/wp-json\/wp\/v2\/types\/post"}],"author":[{"embeddable":true,"href":"https:\/\/www.pressenza.com\/it\/wp-json\/wp\/v2\/users\/218"}],"replies":[{"embeddable":true,"href":"https:\/\/www.pressenza.com\/it\/wp-json\/wp\/v2\/comments?post=524674"}],"version-history":[{"count":0,"href":"https:\/\/www.pressenza.com\/it\/wp-json\/wp\/v2\/posts\/524674\/revisions"}],"wp:featuredmedia":[{"embeddable":true,"href":"https:\/\/www.pressenza.com\/it\/wp-json\/wp\/v2\/media\/520024"}],"wp:attachment":[{"href":"https:\/\/www.pressenza.com\/it\/wp-json\/wp\/v2\/media?parent=524674"}],"wp:term":[{"taxonomy":"category","embeddable":true,"href":"https:\/\/www.pressenza.com\/it\/wp-json\/wp\/v2\/categories?post=524674"},{"taxonomy":"post_tag","embeddable":true,"href":"https:\/\/www.pressenza.com\/it\/wp-json\/wp\/v2\/tags?post=524674"}],"curies":[{"name":"wp","href":"https:\/\/api.w.org\/{rel}","templated":true}]}}