{"id":523724,"date":"2017-09-25T07:53:51","date_gmt":"2017-09-25T06:53:51","guid":{"rendered":"https:\/\/www.pressenza.com\/?p=523724\/"},"modified":"2017-09-25T07:53:51","modified_gmt":"2017-09-25T06:53:51","slug":"giulio-regeni-20-mesi-prese-giro","status":"publish","type":"post","link":"https:\/\/www.pressenza.com\/it\/2017\/09\/giulio-regeni-20-mesi-prese-giro\/","title":{"rendered":"Giulio Regeni: 20 mesi di prese in giro"},"content":{"rendered":"<p>Oggi, 25 settembre, sono 20 mesi dalla sparizione di Giulio Regeni al Cairo. Marted\u00ec 3 ottobre saranno altrettanti mesi dal ritrovamento del suo corpo, orribilmente torturato.<\/p>\n<p>Che cosa \u00e8 successo in questi 20 mesi? Quale risposta \u00e8 stata data alla famiglia di Giulio, alla sua avvocata in Italia, ai consulenti legali in Egitto, ai milioni di persone che hanno chiesto, dai loro balconi, dalle strade e dalle piazze d&#8217;Italia e dai social media &#8220;verit\u00e0 per Giulio Regeni&#8221;?<\/p>\n<p>La risposta \u00e8 semplice: una presa in giro.<\/p>\n<p>Dall&#8217;Egitto, dopo mesi di depistaggi e versioni incredibili e offensive, \u00e8 iniziata la &#8220;melina&#8221;: incontri improduttivi, promesse e strette di mano, vacui impegni a collaborare che hanno convinto il governo italiano, ma solo quello, che le cose stavano prendendo una piega positiva.<\/p>\n<p>E infatti, non appena \u00e8 stato annunciato il ritorno dell&#8217;ambasciatore italiano, nell&#8217;afa pre-ferragostana, al Cairo hanno intensificato non la collaborazione ma la repressione, soprattutto contro la Commissione egiziana per i diritti e le libert\u00e0 (che fornisce consulenza legale alla famiglia Regeni e a cui viene negato l&#8217;accesso ai fascicoli) e ai suoi collaboratori, come l&#8217;avvocato Ibrahim Metwaly.<\/p>\n<p>Il governo italiano ha ceduto, dopo un anno e quattro mesi, all&#8217;esigenza di normalizzare le relazioni con l&#8217;Egitto. Preceduta da un&#8217;intensa campagna mediatica promossa da parlamentari, giornalisti che non hanno mai messo piede in quel paese, autori di articoli-fotocopia e persino persone attribuitesi ruoli all&#8217;interno di Ong), la decisione di rinviare l&#8217;ambasciatore al Cairo si \u00e8 basata sulla premessa rivelatasi infondata che dal Cairo fossero arrivate carte importanti e sulla cinica e tutta da dimostrare promessa che la verit\u00e0 per Giulio si sarebbe avvicinata. Al Cairo hanno applaudito.<\/p>\n<p>Alla presa in giro hanno contribuito, in modo comprimario, anche l&#8217;universit\u00e0 di Cambridge che non ha mostrato la trasparenza da tanti auspicata e l&#8217;Unione Europea, che se Giulio fosse stato davvero un cittadino europeo avrebbe ritirato 28 ambasciatori.<\/p>\n<p>Chi si occupa di diritti umani \u00e8 abituato alle prese in giro, ma non \u00e8 abituato ad arrendersi. E dunque, 20 mesi dopo la sparizione di Giulio al Cairo, la campagna &#8220;Verit\u00e0 per Giulio Regeni&#8221; continua a riempire l&#8217;Italia di giallo.<\/p>\n<p>&nbsp;<\/p>\n","protected":false},"excerpt":{"rendered":"<p>Oggi, 25 settembre, sono 20 mesi dalla sparizione di Giulio Regeni al Cairo. Marted\u00ec 3 ottobre saranno altrettanti mesi dal ritrovamento del suo corpo, orribilmente torturato. Che cosa \u00e8 successo in questi 20 mesi? Quale risposta \u00e8 stata data alla&hellip;<\/p>\n","protected":false},"author":1334,"featured_media":282559,"comment_status":"closed","ping_status":"closed","sticky":false,"template":"","format":"standard","meta":{"footnotes":""},"categories":[45,11388,60,47,162],"tags":[2827,23843,370],"class_list":["post-523724","post","type-post","status-publish","format-standard","has-post-thumbnail","hentry","category-africa-it","category-contenuti-originali","category-diritti-umani","category-europa","category-opinioni","tag-egitto","tag-giulio-regeni","tag-italia"],"yoast_head":"<!-- This site is optimized with the Yoast SEO plugin v27.1.1 - https:\/\/yoast.com\/product\/yoast-seo-wordpress\/ -->\n<title>Giulio Regeni: 20 mesi di prese in giro<\/title>\n<meta name=\"description\" content=\"Oggi, 25 settembre, sono 20 mesi dalla sparizione di Giulio Regeni al Cairo. Marted\u00ec 3 ottobre saranno altrettanti mesi dal ritrovamento del suo corpo,\" \/>\n<meta name=\"robots\" content=\"index, follow, max-snippet:-1, max-image-preview:large, max-video-preview:-1\" \/>\n<link rel=\"canonical\" href=\"https:\/\/www.pressenza.com\/it\/2017\/09\/giulio-regeni-20-mesi-prese-giro\/\" \/>\n<meta property=\"og:locale\" content=\"it_IT\" \/>\n<meta property=\"og:type\" content=\"article\" \/>\n<meta property=\"og:title\" content=\"Giulio Regeni: 20 mesi di prese in giro\" \/>\n<meta property=\"og:description\" content=\"Oggi, 25 settembre, sono 20 mesi dalla sparizione di Giulio Regeni al Cairo. Marted\u00ec 3 ottobre saranno altrettanti mesi dal ritrovamento del suo corpo,\" \/>\n<meta property=\"og:url\" content=\"https:\/\/www.pressenza.com\/it\/2017\/09\/giulio-regeni-20-mesi-prese-giro\/\" \/>\n<meta property=\"og:site_name\" content=\"Pressenza\" \/>\n<meta property=\"article:publisher\" content=\"https:\/\/www.facebook.com\/PressenzaItalia\" \/>\n<meta property=\"article:author\" content=\"https:\/\/www.facebook.com\/p\/Riccardo-Noury-100041166531808\/\" \/>\n<meta property=\"article:published_time\" content=\"2017-09-25T06:53:51+00:00\" \/>\n<meta property=\"og:image\" content=\"https:\/\/www.pressenza.com\/wp-content\/uploads\/2016\/02\/DSC_0086-2-720x480.jpg\" \/>\n\t<meta property=\"og:image:width\" content=\"720\" \/>\n\t<meta property=\"og:image:height\" content=\"480\" \/>\n\t<meta property=\"og:image:type\" content=\"image\/jpeg\" \/>\n<meta name=\"author\" content=\"Riccardo Noury\" \/>\n<meta name=\"twitter:card\" content=\"summary_large_image\" \/>\n<meta name=\"twitter:creator\" content=\"@riccardonoury\" \/>\n<meta name=\"twitter:site\" content=\"@PressenzaIPA\" \/>\n<meta name=\"twitter:label1\" content=\"Scritto da\" \/>\n\t<meta name=\"twitter:data1\" content=\"Riccardo Noury\" \/>\n\t<meta name=\"twitter:label2\" content=\"Tempo di lettura stimato\" \/>\n\t<meta name=\"twitter:data2\" content=\"2 minuti\" \/>\n<script type=\"application\/ld+json\" class=\"yoast-schema-graph\">{\"@context\":\"https:\/\/schema.org\",\"@graph\":[{\"@type\":\"Article\",\"@id\":\"https:\/\/www.pressenza.com\/it\/2017\/09\/giulio-regeni-20-mesi-prese-giro\/#article\",\"isPartOf\":{\"@id\":\"https:\/\/www.pressenza.com\/it\/2017\/09\/giulio-regeni-20-mesi-prese-giro\/\"},\"author\":{\"name\":\"Riccardo Noury\",\"@id\":\"https:\/\/www.pressenza.com\/it\/#\/schema\/person\/8f342cd59f9d5aae911255240684f81e\"},\"headline\":\"Giulio Regeni: 20 mesi di prese in giro\",\"datePublished\":\"2017-09-25T06:53:51+00:00\",\"mainEntityOfPage\":{\"@id\":\"https:\/\/www.pressenza.com\/it\/2017\/09\/giulio-regeni-20-mesi-prese-giro\/\"},\"wordCount\":359,\"publisher\":{\"@id\":\"https:\/\/www.pressenza.com\/it\/#organization\"},\"image\":{\"@id\":\"https:\/\/www.pressenza.com\/it\/2017\/09\/giulio-regeni-20-mesi-prese-giro\/#primaryimage\"},\"thumbnailUrl\":\"https:\/\/www.pressenza.com\/wp-content\/uploads\/2016\/02\/DSC_0086-2.jpg\",\"keywords\":[\"Egitto\",\"Giulio Regeni\",\"Italia\"],\"articleSection\":[\"Africa\",\"contenuti originali\",\"Diritti Umani\",\"Europa\",\"Opinioni\"],\"inLanguage\":\"it-IT\"},{\"@type\":\"WebPage\",\"@id\":\"https:\/\/www.pressenza.com\/it\/2017\/09\/giulio-regeni-20-mesi-prese-giro\/\",\"url\":\"https:\/\/www.pressenza.com\/it\/2017\/09\/giulio-regeni-20-mesi-prese-giro\/\",\"name\":\"Giulio Regeni: 20 mesi di prese in giro\",\"isPartOf\":{\"@id\":\"https:\/\/www.pressenza.com\/it\/#website\"},\"primaryImageOfPage\":{\"@id\":\"https:\/\/www.pressenza.com\/it\/2017\/09\/giulio-regeni-20-mesi-prese-giro\/#primaryimage\"},\"image\":{\"@id\":\"https:\/\/www.pressenza.com\/it\/2017\/09\/giulio-regeni-20-mesi-prese-giro\/#primaryimage\"},\"thumbnailUrl\":\"https:\/\/www.pressenza.com\/wp-content\/uploads\/2016\/02\/DSC_0086-2.jpg\",\"datePublished\":\"2017-09-25T06:53:51+00:00\",\"description\":\"Oggi, 25 settembre, sono 20 mesi dalla sparizione di Giulio Regeni al Cairo. Marted\u00ec 3 ottobre saranno altrettanti mesi dal ritrovamento del suo corpo,\",\"breadcrumb\":{\"@id\":\"https:\/\/www.pressenza.com\/it\/2017\/09\/giulio-regeni-20-mesi-prese-giro\/#breadcrumb\"},\"inLanguage\":\"it-IT\",\"potentialAction\":[{\"@type\":\"ReadAction\",\"target\":[\"https:\/\/www.pressenza.com\/it\/2017\/09\/giulio-regeni-20-mesi-prese-giro\/\"]}]},{\"@type\":\"ImageObject\",\"inLanguage\":\"it-IT\",\"@id\":\"https:\/\/www.pressenza.com\/it\/2017\/09\/giulio-regeni-20-mesi-prese-giro\/#primaryimage\",\"url\":\"https:\/\/www.pressenza.com\/wp-content\/uploads\/2016\/02\/DSC_0086-2.jpg\",\"contentUrl\":\"https:\/\/www.pressenza.com\/wp-content\/uploads\/2016\/02\/DSC_0086-2.jpg\",\"width\":4608,\"height\":3072},{\"@type\":\"BreadcrumbList\",\"@id\":\"https:\/\/www.pressenza.com\/it\/2017\/09\/giulio-regeni-20-mesi-prese-giro\/#breadcrumb\",\"itemListElement\":[{\"@type\":\"ListItem\",\"position\":1,\"name\":\"Accueil\",\"item\":\"https:\/\/www.pressenza.com\/it\/\"},{\"@type\":\"ListItem\",\"position\":2,\"name\":\"Giulio Regeni: 20 mesi di prese in giro\"}]},{\"@type\":\"WebSite\",\"@id\":\"https:\/\/www.pressenza.com\/it\/#website\",\"url\":\"https:\/\/www.pressenza.com\/it\/\",\"name\":\"Pressenza\",\"description\":\"Agenzia di Stampa Internazionale\",\"publisher\":{\"@id\":\"https:\/\/www.pressenza.com\/it\/#organization\"},\"potentialAction\":[{\"@type\":\"SearchAction\",\"target\":{\"@type\":\"EntryPoint\",\"urlTemplate\":\"https:\/\/www.pressenza.com\/it\/?s={search_term_string}\"},\"query-input\":{\"@type\":\"PropertyValueSpecification\",\"valueRequired\":true,\"valueName\":\"search_term_string\"}}],\"inLanguage\":\"it-IT\"},{\"@type\":\"Organization\",\"@id\":\"https:\/\/www.pressenza.com\/it\/#organization\",\"name\":\"Pressenza\",\"url\":\"https:\/\/www.pressenza.com\/it\/\",\"logo\":{\"@type\":\"ImageObject\",\"inLanguage\":\"it-IT\",\"@id\":\"https:\/\/www.pressenza.com\/it\/#\/schema\/logo\/image\/\",\"url\":\"https:\/\/www.pressenza.com\/wp-content\/uploads\/2022\/10\/pressenza_logo_200x200.jpg\",\"contentUrl\":\"https:\/\/www.pressenza.com\/wp-content\/uploads\/2022\/10\/pressenza_logo_200x200.jpg\",\"width\":200,\"height\":200,\"caption\":\"Pressenza\"},\"image\":{\"@id\":\"https:\/\/www.pressenza.com\/it\/#\/schema\/logo\/image\/\"},\"sameAs\":[\"https:\/\/www.facebook.com\/PressenzaItalia\",\"https:\/\/x.com\/PressenzaIPA\"]},{\"@type\":\"Person\",\"@id\":\"https:\/\/www.pressenza.com\/it\/#\/schema\/person\/8f342cd59f9d5aae911255240684f81e\",\"name\":\"Riccardo Noury\",\"sameAs\":[\"http:\/\/www.amnesty.it\/\",\"https:\/\/www.facebook.com\/p\/Riccardo-Noury-100041166531808\/\",\"https:\/\/www.instagram.com\/riccardonoury9241\",\"https:\/\/x.com\/riccardonoury\"],\"url\":\"https:\/\/www.pressenza.com\/it\/author\/riccardo-noury\/\"}]}<\/script>\n<!-- \/ Yoast SEO plugin. -->","yoast_head_json":{"title":"Giulio Regeni: 20 mesi di prese in giro","description":"Oggi, 25 settembre, sono 20 mesi dalla sparizione di Giulio Regeni al Cairo. Marted\u00ec 3 ottobre saranno altrettanti mesi dal ritrovamento del suo corpo,","robots":{"index":"index","follow":"follow","max-snippet":"max-snippet:-1","max-image-preview":"max-image-preview:large","max-video-preview":"max-video-preview:-1"},"canonical":"https:\/\/www.pressenza.com\/it\/2017\/09\/giulio-regeni-20-mesi-prese-giro\/","og_locale":"it_IT","og_type":"article","og_title":"Giulio Regeni: 20 mesi di prese in giro","og_description":"Oggi, 25 settembre, sono 20 mesi dalla sparizione di Giulio Regeni al Cairo. Marted\u00ec 3 ottobre saranno altrettanti mesi dal ritrovamento del suo corpo,","og_url":"https:\/\/www.pressenza.com\/it\/2017\/09\/giulio-regeni-20-mesi-prese-giro\/","og_site_name":"Pressenza","article_publisher":"https:\/\/www.facebook.com\/PressenzaItalia","article_author":"https:\/\/www.facebook.com\/p\/Riccardo-Noury-100041166531808\/","article_published_time":"2017-09-25T06:53:51+00:00","og_image":[{"width":720,"height":480,"url":"https:\/\/www.pressenza.com\/wp-content\/uploads\/2016\/02\/DSC_0086-2-720x480.jpg","type":"image\/jpeg"}],"author":"Riccardo Noury","twitter_card":"summary_large_image","twitter_creator":"@riccardonoury","twitter_site":"@PressenzaIPA","twitter_misc":{"Scritto da":"Riccardo Noury","Tempo di lettura stimato":"2 minuti"},"schema":{"@context":"https:\/\/schema.org","@graph":[{"@type":"Article","@id":"https:\/\/www.pressenza.com\/it\/2017\/09\/giulio-regeni-20-mesi-prese-giro\/#article","isPartOf":{"@id":"https:\/\/www.pressenza.com\/it\/2017\/09\/giulio-regeni-20-mesi-prese-giro\/"},"author":{"name":"Riccardo Noury","@id":"https:\/\/www.pressenza.com\/it\/#\/schema\/person\/8f342cd59f9d5aae911255240684f81e"},"headline":"Giulio Regeni: 20 mesi di prese in giro","datePublished":"2017-09-25T06:53:51+00:00","mainEntityOfPage":{"@id":"https:\/\/www.pressenza.com\/it\/2017\/09\/giulio-regeni-20-mesi-prese-giro\/"},"wordCount":359,"publisher":{"@id":"https:\/\/www.pressenza.com\/it\/#organization"},"image":{"@id":"https:\/\/www.pressenza.com\/it\/2017\/09\/giulio-regeni-20-mesi-prese-giro\/#primaryimage"},"thumbnailUrl":"https:\/\/www.pressenza.com\/wp-content\/uploads\/2016\/02\/DSC_0086-2.jpg","keywords":["Egitto","Giulio Regeni","Italia"],"articleSection":["Africa","contenuti originali","Diritti Umani","Europa","Opinioni"],"inLanguage":"it-IT"},{"@type":"WebPage","@id":"https:\/\/www.pressenza.com\/it\/2017\/09\/giulio-regeni-20-mesi-prese-giro\/","url":"https:\/\/www.pressenza.com\/it\/2017\/09\/giulio-regeni-20-mesi-prese-giro\/","name":"Giulio Regeni: 20 mesi di prese in giro","isPartOf":{"@id":"https:\/\/www.pressenza.com\/it\/#website"},"primaryImageOfPage":{"@id":"https:\/\/www.pressenza.com\/it\/2017\/09\/giulio-regeni-20-mesi-prese-giro\/#primaryimage"},"image":{"@id":"https:\/\/www.pressenza.com\/it\/2017\/09\/giulio-regeni-20-mesi-prese-giro\/#primaryimage"},"thumbnailUrl":"https:\/\/www.pressenza.com\/wp-content\/uploads\/2016\/02\/DSC_0086-2.jpg","datePublished":"2017-09-25T06:53:51+00:00","description":"Oggi, 25 settembre, sono 20 mesi dalla sparizione di Giulio Regeni al Cairo. Marted\u00ec 3 ottobre saranno altrettanti mesi dal ritrovamento del suo corpo,","breadcrumb":{"@id":"https:\/\/www.pressenza.com\/it\/2017\/09\/giulio-regeni-20-mesi-prese-giro\/#breadcrumb"},"inLanguage":"it-IT","potentialAction":[{"@type":"ReadAction","target":["https:\/\/www.pressenza.com\/it\/2017\/09\/giulio-regeni-20-mesi-prese-giro\/"]}]},{"@type":"ImageObject","inLanguage":"it-IT","@id":"https:\/\/www.pressenza.com\/it\/2017\/09\/giulio-regeni-20-mesi-prese-giro\/#primaryimage","url":"https:\/\/www.pressenza.com\/wp-content\/uploads\/2016\/02\/DSC_0086-2.jpg","contentUrl":"https:\/\/www.pressenza.com\/wp-content\/uploads\/2016\/02\/DSC_0086-2.jpg","width":4608,"height":3072},{"@type":"BreadcrumbList","@id":"https:\/\/www.pressenza.com\/it\/2017\/09\/giulio-regeni-20-mesi-prese-giro\/#breadcrumb","itemListElement":[{"@type":"ListItem","position":1,"name":"Accueil","item":"https:\/\/www.pressenza.com\/it\/"},{"@type":"ListItem","position":2,"name":"Giulio Regeni: 20 mesi di prese in giro"}]},{"@type":"WebSite","@id":"https:\/\/www.pressenza.com\/it\/#website","url":"https:\/\/www.pressenza.com\/it\/","name":"Pressenza","description":"Agenzia di Stampa Internazionale","publisher":{"@id":"https:\/\/www.pressenza.com\/it\/#organization"},"potentialAction":[{"@type":"SearchAction","target":{"@type":"EntryPoint","urlTemplate":"https:\/\/www.pressenza.com\/it\/?s={search_term_string}"},"query-input":{"@type":"PropertyValueSpecification","valueRequired":true,"valueName":"search_term_string"}}],"inLanguage":"it-IT"},{"@type":"Organization","@id":"https:\/\/www.pressenza.com\/it\/#organization","name":"Pressenza","url":"https:\/\/www.pressenza.com\/it\/","logo":{"@type":"ImageObject","inLanguage":"it-IT","@id":"https:\/\/www.pressenza.com\/it\/#\/schema\/logo\/image\/","url":"https:\/\/www.pressenza.com\/wp-content\/uploads\/2022\/10\/pressenza_logo_200x200.jpg","contentUrl":"https:\/\/www.pressenza.com\/wp-content\/uploads\/2022\/10\/pressenza_logo_200x200.jpg","width":200,"height":200,"caption":"Pressenza"},"image":{"@id":"https:\/\/www.pressenza.com\/it\/#\/schema\/logo\/image\/"},"sameAs":["https:\/\/www.facebook.com\/PressenzaItalia","https:\/\/x.com\/PressenzaIPA"]},{"@type":"Person","@id":"https:\/\/www.pressenza.com\/it\/#\/schema\/person\/8f342cd59f9d5aae911255240684f81e","name":"Riccardo Noury","sameAs":["http:\/\/www.amnesty.it\/","https:\/\/www.facebook.com\/p\/Riccardo-Noury-100041166531808\/","https:\/\/www.instagram.com\/riccardonoury9241","https:\/\/x.com\/riccardonoury"],"url":"https:\/\/www.pressenza.com\/it\/author\/riccardo-noury\/"}]}},"place":"","original_article_url":"","_links":{"self":[{"href":"https:\/\/www.pressenza.com\/it\/wp-json\/wp\/v2\/posts\/523724","targetHints":{"allow":["GET"]}}],"collection":[{"href":"https:\/\/www.pressenza.com\/it\/wp-json\/wp\/v2\/posts"}],"about":[{"href":"https:\/\/www.pressenza.com\/it\/wp-json\/wp\/v2\/types\/post"}],"author":[{"embeddable":true,"href":"https:\/\/www.pressenza.com\/it\/wp-json\/wp\/v2\/users\/1334"}],"replies":[{"embeddable":true,"href":"https:\/\/www.pressenza.com\/it\/wp-json\/wp\/v2\/comments?post=523724"}],"version-history":[{"count":0,"href":"https:\/\/www.pressenza.com\/it\/wp-json\/wp\/v2\/posts\/523724\/revisions"}],"wp:featuredmedia":[{"embeddable":true,"href":"https:\/\/www.pressenza.com\/it\/wp-json\/wp\/v2\/media\/282559"}],"wp:attachment":[{"href":"https:\/\/www.pressenza.com\/it\/wp-json\/wp\/v2\/media?parent=523724"}],"wp:term":[{"taxonomy":"category","embeddable":true,"href":"https:\/\/www.pressenza.com\/it\/wp-json\/wp\/v2\/categories?post=523724"},{"taxonomy":"post_tag","embeddable":true,"href":"https:\/\/www.pressenza.com\/it\/wp-json\/wp\/v2\/tags?post=523724"}],"curies":[{"name":"wp","href":"https:\/\/api.w.org\/{rel}","templated":true}]}}