{"id":520170,"date":"2017-09-18T14:59:46","date_gmt":"2017-09-18T13:59:46","guid":{"rendered":"https:\/\/www.pressenza.com\/?p=520170\/"},"modified":"2017-09-18T15:01:12","modified_gmt":"2017-09-18T14:01:12","slug":"vaccini-violazione-della-legge-dei-diritti-dei-bambini","status":"publish","type":"post","link":"https:\/\/www.pressenza.com\/it\/2017\/09\/vaccini-violazione-della-legge-dei-diritti-dei-bambini\/","title":{"rendered":"Vaccini: violazione della legge e dei diritti dei bambini"},"content":{"rendered":"<p>Che la Legge 119\/2017 sarebbe stata accompagnata da innumerevoli disagi ed inevitabili contestazioni era assolutamente prevedibile. Frutto di una decretazione di urgenza (quando di urgenza e soprattutto di emergenza sanitaria, nella calda estate italiana, non vi era neanche l\u2019ombra) e bisognosa di ben tre circolari attuative dall\u2019interpretazione tuttora non univoca, la legge sta gi\u00e0 producendo i suoi effetti pi\u00f9 indesiderati.<\/p>\n<p>Ed \u00e8 cos\u00ec che la scuola quest\u2019anno inizia all\u2019insegna della violazione della legge e dei diritti dei bambini da parte delle istituzioni: quello a cui stiamo assistendo in questi giorni \u00e8 un fatto gravissimo che dovrebbe scuotere la coscienza di ogni cittadino democratico e sostenitore della legalit\u00e0, a prescindere dalla posizione individuale in tema di vaccinazione.<\/p>\n<p>Il <a href=\"http:\/\/c.li.va\/\" target=\"_blank\" rel=\"noopener noreferrer\" data-saferedirecturl=\"https:\/\/www.google.com\/url?hl=it&amp;q=http:\/\/C.Li.Va&amp;source=gmail&amp;ust=1505828925134000&amp;usg=AFQjCNGuoyNXwoq3mpjGQtsTymO-vneuBg\">C.Li.Va<\/a>. (Comitato per la Libert\u00e0 di scelta vaccinale \u2013 Toscana) sta sostenendo senza sosta centinaia di famiglie che denunciano violazioni, richieste irregolari da parte delle scuole, trasmissione impropria di dati personali, e chiedono a noi di fugare i persistenti dubbi rispetto all\u2019applicazione di una Legge, che gode di interpretazioni personali e spesso arbitrarie, che variano addirittura da un Comune all\u2019altro della stessa Provincia e perfino da scuola a scuola.<\/p>\n<p>Genitori che hanno presentato ai dirigenti scolastici documentazione perfettamente idonea all\u2019accesso a scuola sulla base della Legge 119\/2017 (lettera raccomandata A\/R o pec con richiesta appuntamenti e\/o prenotazione CUP), si sono visti imporre un modulo di dichiarazione sostitutiva da firmare, dietro il ricatto di non far entrare a scuola i bambini.<br \/>\nIl modulo \u201cproposto\u201d contiene una liberatoria al trattamento dei dati personali, con la quale ASL e scuole stanno cercando di bypassare il parere negativo espresso dal Garante della Privacy in ordine alla trasmissione dei dati sensibili tra pubbliche amministrazioni.<br \/>\nQuesto dopo che le ASL hanno gi\u00e0 trasmesso illecitamente alle scuole gli elenchi dei bambini \u201cnon conformi\u201d, nonostante il Garante non abbia mai autorizzato questo passaggio.<\/p>\n<p>Genitori ben informati e preparati sulla legge, sull\u2019accordo regionale del 24\/8, sulla circolare del MIUR del 16\/08 e sulla circolare congiunta MIUR e Ministero della Salute del 1\/9, hanno prontamente riconosciuto ed evidenziato l\u2019abuso posto in essere, e in molti casi sono riusciti a non farsi intimidire e a vedere riconosciuta l\u2019idoneit\u00e0 della documentazione presentata. Altri sono ancora in attesa di colloqui e risposte dai dirigenti scolastici, che pare abbiano ricevuto stringenti direttive dalle ASL di accettare solo la c.d. \u201cautocertificazione\u201d.<\/p>\n<p>Sta di fatto che in questi giorni la situazione vaccinale di ogni bambino sta passando per le mani di dirigenti scolastici, personale di segreteria, insegnanti, personale ATA, la sfera personale della categoria pi\u00f9 indifesa \u00e8 gestita con una pericolosa leggerezza. Il clima generale di illegalit\u00e0 e incuria sta di fatto incoraggiando comportamenti vessatori e discriminatori nei singoli, che si ritengono autorizzati e non si fanno scrupolo a prendere iniziative personali illegittime e gravemente lesive dei diritti delle famiglie e della serenit\u00e0 dei bambini: elenchi di bambini \u201cnon conformi\u201d affissi in bacheca o letti pubblicamente, email contenenti dati sensibili dei minori inviati a gruppi di destinatari \u201cin chiaro\u201d, l\u2019espressione assolutamente inaudita, inopportuna e spesso aggressiva di giudizi in merito alle scelte vaccinali dei genitori, pubblici commenti sulla situazione vaccinale del minore.<\/p>\n<p>Ricordiamo come la legge preveda, all&#8217;art.3 comma 1, che, chi al momento non sia in regola con uno dei piani vaccinali pi\u00f9 coercitivi che si diano in Europa, abbia l\u2019intero anno scolastico per regolarizzare la propria posizione.<br \/>\nNonostante la legge conceda un intero anno di tempo, alcuni dirigenti scolastici \u201csceriffi\u201d non hanno perso tempo: nei Comuni di Gavorrano, Scarlino, Empoli, Portoferraio, Venturina, Santa Maria a Monte e altri ancora, i bambini sono stati rimandati a casa con i genitori, altri fatti risalire sul pulmino, in decine di istituti i genitori sono stati richiamati dopo che la scuola aveva addirittura fatto protocollare la documentazione regolarmente presentata, salvo poi contattare telefonicamente intimando di tenere i bambini a casa il giorno successivo se non avessero portato firmato il modulo di autocertificazione imposto.<br \/>\nQuesta calorosa accoglienza proprio il primo giorno della tanto proclamata \u201bBuona Scuola\u2019!<\/p>\n<p>Nel frattempo assistiamo al solito scempio della disinformazione mediatica, che alimenta, complice, un profondo scontro sociale. Episodi travisati ad arte, in cui il genitore viene descritto come uno che non vuole rispettare la legge e tenta un ingresso forzoso a scuola: la caricatura del \u201bno \u2013 vax\u2019 (dopo mesi ci chiamano ancora cos\u00ec) antisociale, irrispettoso delle leggi dello Stato e insensibile alle istanze della civile convivenza nella comunit\u00e0, perfino etichettato come \u201cfurbetto\u201d per il fatto di pretendere, come previsto dalla legge, che il proprio figlio possa frequentare la scuola pubblica, in attesa dei colloqui con la ASL per verificare il piano vaccinale proposto e compiere una scelta che si auspica possa realmente essere consapevole ed informata.<\/p>\n<p>Tutti questi genitori stanno rispettando la legge: il problema \u00e8 che le istituzioni non stanno facendo altrettanto, costringendoli, per veder riconosciuti i propri diritti, a rivolgersi ad un avvocato o alle forze dell\u2019ordine. Questo \u00e8 gravissimo ed abnorme.<\/p>\n<p>Noi tutti, cittadini, siamo sulla stessa barca, la societ\u00e0 \u00e8 un organismo vivo: al di l\u00e0 del rispetto della legge troviamo la prevaricazione, la violenza dell\u2019arbitrio, i diritti ridotti a privilegi, a formalismi al servizio del pi\u00f9 forte.<br \/>\nAccettare che i diritti di una minoranza che sta rispettando la legge vengano calpestati, significa abbassare l\u2019asticella per tutti. Da oggi siamo tutti meno cittadini e pi\u00f9 sudditi. Oggi riguarda i vaccini, ma domani?<\/p>\n<p><a href=\"http:\/\/c.li.va\/\" target=\"_blank\" rel=\"noopener noreferrer\" data-saferedirecturl=\"https:\/\/www.google.com\/url?hl=it&amp;q=http:\/\/C.Li.Va&amp;source=gmail&amp;ust=1505828925134000&amp;usg=AFQjCNGuoyNXwoq3mpjGQtsTymO-vneuBg\">C.Li.Va<\/a>.<\/p>\n","protected":false},"excerpt":{"rendered":"<p>Che la Legge 119\/2017 sarebbe stata accompagnata da innumerevoli disagi ed inevitabili contestazioni era assolutamente prevedibile. Frutto di una decretazione di urgenza (quando di urgenza e soprattutto di emergenza sanitaria, nella calda estate italiana, non vi era neanche l\u2019ombra) e&hellip;<\/p>\n","protected":false},"author":594,"featured_media":496967,"comment_status":"closed","ping_status":"closed","sticky":false,"template":"","format":"standard","meta":{"footnotes":""},"categories":[150,47,1259],"tags":[28277,40325,37741,4777,40326,3000,9794],"class_list":["post-520170","post","type-post","status-publish","format-standard","has-post-thumbnail","hentry","category-comunicati-stampa","category-europa","category-salute-argomento","tag-asl","tag-c-li-va","tag-ministero-della-salute","tag-miur","tag-obbligo-vaccinale","tag-toscana","tag-vaccini"],"yoast_head":"<!-- This site is optimized with the Yoast SEO plugin v27.1.1 - https:\/\/yoast.com\/product\/yoast-seo-wordpress\/ -->\n<title>Vaccini: violazione della legge e dei diritti dei bambini<\/title>\n<meta name=\"description\" content=\"Che la Legge 119\/2017 sarebbe stata accompagnata da innumerevoli disagi ed inevitabili contestazioni era assolutamente prevedibile. Frutto di una\" \/>\n<meta name=\"robots\" content=\"index, follow, max-snippet:-1, max-image-preview:large, max-video-preview:-1\" \/>\n<link rel=\"canonical\" href=\"https:\/\/www.pressenza.com\/it\/2017\/09\/vaccini-violazione-della-legge-dei-diritti-dei-bambini\/\" \/>\n<meta property=\"og:locale\" content=\"it_IT\" \/>\n<meta property=\"og:type\" content=\"article\" \/>\n<meta property=\"og:title\" content=\"Vaccini: violazione della legge e dei diritti dei bambini\" \/>\n<meta property=\"og:description\" content=\"Che la Legge 119\/2017 sarebbe stata accompagnata da innumerevoli disagi ed inevitabili contestazioni era assolutamente prevedibile. Frutto di una\" \/>\n<meta property=\"og:url\" content=\"https:\/\/www.pressenza.com\/it\/2017\/09\/vaccini-violazione-della-legge-dei-diritti-dei-bambini\/\" \/>\n<meta property=\"og:site_name\" content=\"Pressenza\" \/>\n<meta property=\"article:publisher\" content=\"https:\/\/www.facebook.com\/PressenzaItalia\" \/>\n<meta property=\"article:author\" content=\"https:\/\/www.facebook.com\/PressenzaItalia\" \/>\n<meta property=\"article:published_time\" content=\"2017-09-18T13:59:46+00:00\" \/>\n<meta property=\"article:modified_time\" content=\"2017-09-18T14:01:12+00:00\" \/>\n<meta property=\"og:image\" content=\"https:\/\/www.pressenza.com\/wp-content\/uploads\/2017\/07\/vaccini-UPPA-1.jpg\" \/>\n\t<meta property=\"og:image:width\" content=\"750\" \/>\n\t<meta property=\"og:image:height\" content=\"500\" \/>\n\t<meta property=\"og:image:type\" content=\"image\/jpeg\" \/>\n<meta name=\"author\" content=\"Redazione Italia\" \/>\n<meta name=\"twitter:card\" content=\"summary_large_image\" \/>\n<meta name=\"twitter:creator\" content=\"@pressenza_it\" \/>\n<meta name=\"twitter:site\" content=\"@PressenzaIPA\" \/>\n<meta name=\"twitter:label1\" content=\"Scritto da\" \/>\n\t<meta name=\"twitter:data1\" content=\"Redazione Italia\" \/>\n\t<meta name=\"twitter:label2\" content=\"Tempo di lettura stimato\" \/>\n\t<meta name=\"twitter:data2\" content=\"4 minuti\" \/>\n<script type=\"application\/ld+json\" class=\"yoast-schema-graph\">{\"@context\":\"https:\/\/schema.org\",\"@graph\":[{\"@type\":\"Article\",\"@id\":\"https:\/\/www.pressenza.com\/it\/2017\/09\/vaccini-violazione-della-legge-dei-diritti-dei-bambini\/#article\",\"isPartOf\":{\"@id\":\"https:\/\/www.pressenza.com\/it\/2017\/09\/vaccini-violazione-della-legge-dei-diritti-dei-bambini\/\"},\"author\":{\"name\":\"Redazione Italia\",\"@id\":\"https:\/\/www.pressenza.com\/it\/#\/schema\/person\/d983e81827ae24f2c7b1a2123d197f8d\"},\"headline\":\"Vaccini: violazione della legge e dei diritti dei bambini\",\"datePublished\":\"2017-09-18T13:59:46+00:00\",\"dateModified\":\"2017-09-18T14:01:12+00:00\",\"mainEntityOfPage\":{\"@id\":\"https:\/\/www.pressenza.com\/it\/2017\/09\/vaccini-violazione-della-legge-dei-diritti-dei-bambini\/\"},\"wordCount\":899,\"publisher\":{\"@id\":\"https:\/\/www.pressenza.com\/it\/#organization\"},\"image\":{\"@id\":\"https:\/\/www.pressenza.com\/it\/2017\/09\/vaccini-violazione-della-legge-dei-diritti-dei-bambini\/#primaryimage\"},\"thumbnailUrl\":\"https:\/\/www.pressenza.com\/wp-content\/uploads\/2017\/07\/vaccini-UPPA-1.jpg\",\"keywords\":[\"ASL\",\"C.Li.Va.\",\"Ministero della Salute\",\"MIUR\",\"obbligo vaccinale\",\"Toscana\",\"Vaccini\"],\"articleSection\":[\"Comunicati Stampa\",\"Europa\",\"Salute\"],\"inLanguage\":\"it-IT\"},{\"@type\":\"WebPage\",\"@id\":\"https:\/\/www.pressenza.com\/it\/2017\/09\/vaccini-violazione-della-legge-dei-diritti-dei-bambini\/\",\"url\":\"https:\/\/www.pressenza.com\/it\/2017\/09\/vaccini-violazione-della-legge-dei-diritti-dei-bambini\/\",\"name\":\"Vaccini: violazione della legge e dei diritti dei bambini\",\"isPartOf\":{\"@id\":\"https:\/\/www.pressenza.com\/it\/#website\"},\"primaryImageOfPage\":{\"@id\":\"https:\/\/www.pressenza.com\/it\/2017\/09\/vaccini-violazione-della-legge-dei-diritti-dei-bambini\/#primaryimage\"},\"image\":{\"@id\":\"https:\/\/www.pressenza.com\/it\/2017\/09\/vaccini-violazione-della-legge-dei-diritti-dei-bambini\/#primaryimage\"},\"thumbnailUrl\":\"https:\/\/www.pressenza.com\/wp-content\/uploads\/2017\/07\/vaccini-UPPA-1.jpg\",\"datePublished\":\"2017-09-18T13:59:46+00:00\",\"dateModified\":\"2017-09-18T14:01:12+00:00\",\"description\":\"Che la Legge 119\/2017 sarebbe stata accompagnata da innumerevoli disagi ed inevitabili contestazioni era assolutamente prevedibile. Frutto di una\",\"breadcrumb\":{\"@id\":\"https:\/\/www.pressenza.com\/it\/2017\/09\/vaccini-violazione-della-legge-dei-diritti-dei-bambini\/#breadcrumb\"},\"inLanguage\":\"it-IT\",\"potentialAction\":[{\"@type\":\"ReadAction\",\"target\":[\"https:\/\/www.pressenza.com\/it\/2017\/09\/vaccini-violazione-della-legge-dei-diritti-dei-bambini\/\"]}]},{\"@type\":\"ImageObject\",\"inLanguage\":\"it-IT\",\"@id\":\"https:\/\/www.pressenza.com\/it\/2017\/09\/vaccini-violazione-della-legge-dei-diritti-dei-bambini\/#primaryimage\",\"url\":\"https:\/\/www.pressenza.com\/wp-content\/uploads\/2017\/07\/vaccini-UPPA-1.jpg\",\"contentUrl\":\"https:\/\/www.pressenza.com\/wp-content\/uploads\/2017\/07\/vaccini-UPPA-1.jpg\",\"width\":750,\"height\":500},{\"@type\":\"BreadcrumbList\",\"@id\":\"https:\/\/www.pressenza.com\/it\/2017\/09\/vaccini-violazione-della-legge-dei-diritti-dei-bambini\/#breadcrumb\",\"itemListElement\":[{\"@type\":\"ListItem\",\"position\":1,\"name\":\"Accueil\",\"item\":\"https:\/\/www.pressenza.com\/it\/\"},{\"@type\":\"ListItem\",\"position\":2,\"name\":\"Vaccini: violazione della legge e dei diritti dei bambini\"}]},{\"@type\":\"WebSite\",\"@id\":\"https:\/\/www.pressenza.com\/it\/#website\",\"url\":\"https:\/\/www.pressenza.com\/it\/\",\"name\":\"Pressenza\",\"description\":\"Agenzia di Stampa Internazionale\",\"publisher\":{\"@id\":\"https:\/\/www.pressenza.com\/it\/#organization\"},\"potentialAction\":[{\"@type\":\"SearchAction\",\"target\":{\"@type\":\"EntryPoint\",\"urlTemplate\":\"https:\/\/www.pressenza.com\/it\/?s={search_term_string}\"},\"query-input\":{\"@type\":\"PropertyValueSpecification\",\"valueRequired\":true,\"valueName\":\"search_term_string\"}}],\"inLanguage\":\"it-IT\"},{\"@type\":\"Organization\",\"@id\":\"https:\/\/www.pressenza.com\/it\/#organization\",\"name\":\"Pressenza\",\"url\":\"https:\/\/www.pressenza.com\/it\/\",\"logo\":{\"@type\":\"ImageObject\",\"inLanguage\":\"it-IT\",\"@id\":\"https:\/\/www.pressenza.com\/it\/#\/schema\/logo\/image\/\",\"url\":\"https:\/\/www.pressenza.com\/wp-content\/uploads\/2022\/10\/pressenza_logo_200x200.jpg\",\"contentUrl\":\"https:\/\/www.pressenza.com\/wp-content\/uploads\/2022\/10\/pressenza_logo_200x200.jpg\",\"width\":200,\"height\":200,\"caption\":\"Pressenza\"},\"image\":{\"@id\":\"https:\/\/www.pressenza.com\/it\/#\/schema\/logo\/image\/\"},\"sameAs\":[\"https:\/\/www.facebook.com\/PressenzaItalia\",\"https:\/\/x.com\/PressenzaIPA\"]},{\"@type\":\"Person\",\"@id\":\"https:\/\/www.pressenza.com\/it\/#\/schema\/person\/d983e81827ae24f2c7b1a2123d197f8d\",\"name\":\"Redazione Italia\",\"description\":\"News from the Pressenza Bureau in Italy\",\"sameAs\":[\"https:\/\/www.pressenza.com\/it\/author\/redazione-italia\/\",\"https:\/\/www.facebook.com\/PressenzaItalia\",\"https:\/\/www.instagram.com\/pressenza_italia\/\",\"https:\/\/x.com\/pressenza_it\",\"https:\/\/www.youtube.com\/channel\/UCSalEIWjE1RSxkwjfftFuqg\"],\"url\":\"https:\/\/www.pressenza.com\/it\/author\/redazione-italia\/\"}]}<\/script>\n<!-- \/ Yoast SEO plugin. -->","yoast_head_json":{"title":"Vaccini: violazione della legge e dei diritti dei bambini","description":"Che la Legge 119\/2017 sarebbe stata accompagnata da innumerevoli disagi ed inevitabili contestazioni era assolutamente prevedibile. Frutto di una","robots":{"index":"index","follow":"follow","max-snippet":"max-snippet:-1","max-image-preview":"max-image-preview:large","max-video-preview":"max-video-preview:-1"},"canonical":"https:\/\/www.pressenza.com\/it\/2017\/09\/vaccini-violazione-della-legge-dei-diritti-dei-bambini\/","og_locale":"it_IT","og_type":"article","og_title":"Vaccini: violazione della legge e dei diritti dei bambini","og_description":"Che la Legge 119\/2017 sarebbe stata accompagnata da innumerevoli disagi ed inevitabili contestazioni era assolutamente prevedibile. Frutto di una","og_url":"https:\/\/www.pressenza.com\/it\/2017\/09\/vaccini-violazione-della-legge-dei-diritti-dei-bambini\/","og_site_name":"Pressenza","article_publisher":"https:\/\/www.facebook.com\/PressenzaItalia","article_author":"https:\/\/www.facebook.com\/PressenzaItalia","article_published_time":"2017-09-18T13:59:46+00:00","article_modified_time":"2017-09-18T14:01:12+00:00","og_image":[{"width":750,"height":500,"url":"https:\/\/www.pressenza.com\/wp-content\/uploads\/2017\/07\/vaccini-UPPA-1.jpg","type":"image\/jpeg"}],"author":"Redazione Italia","twitter_card":"summary_large_image","twitter_creator":"@pressenza_it","twitter_site":"@PressenzaIPA","twitter_misc":{"Scritto da":"Redazione Italia","Tempo di lettura stimato":"4 minuti"},"schema":{"@context":"https:\/\/schema.org","@graph":[{"@type":"Article","@id":"https:\/\/www.pressenza.com\/it\/2017\/09\/vaccini-violazione-della-legge-dei-diritti-dei-bambini\/#article","isPartOf":{"@id":"https:\/\/www.pressenza.com\/it\/2017\/09\/vaccini-violazione-della-legge-dei-diritti-dei-bambini\/"},"author":{"name":"Redazione Italia","@id":"https:\/\/www.pressenza.com\/it\/#\/schema\/person\/d983e81827ae24f2c7b1a2123d197f8d"},"headline":"Vaccini: violazione della legge e dei diritti dei bambini","datePublished":"2017-09-18T13:59:46+00:00","dateModified":"2017-09-18T14:01:12+00:00","mainEntityOfPage":{"@id":"https:\/\/www.pressenza.com\/it\/2017\/09\/vaccini-violazione-della-legge-dei-diritti-dei-bambini\/"},"wordCount":899,"publisher":{"@id":"https:\/\/www.pressenza.com\/it\/#organization"},"image":{"@id":"https:\/\/www.pressenza.com\/it\/2017\/09\/vaccini-violazione-della-legge-dei-diritti-dei-bambini\/#primaryimage"},"thumbnailUrl":"https:\/\/www.pressenza.com\/wp-content\/uploads\/2017\/07\/vaccini-UPPA-1.jpg","keywords":["ASL","C.Li.Va.","Ministero della Salute","MIUR","obbligo vaccinale","Toscana","Vaccini"],"articleSection":["Comunicati Stampa","Europa","Salute"],"inLanguage":"it-IT"},{"@type":"WebPage","@id":"https:\/\/www.pressenza.com\/it\/2017\/09\/vaccini-violazione-della-legge-dei-diritti-dei-bambini\/","url":"https:\/\/www.pressenza.com\/it\/2017\/09\/vaccini-violazione-della-legge-dei-diritti-dei-bambini\/","name":"Vaccini: violazione della legge e dei diritti dei bambini","isPartOf":{"@id":"https:\/\/www.pressenza.com\/it\/#website"},"primaryImageOfPage":{"@id":"https:\/\/www.pressenza.com\/it\/2017\/09\/vaccini-violazione-della-legge-dei-diritti-dei-bambini\/#primaryimage"},"image":{"@id":"https:\/\/www.pressenza.com\/it\/2017\/09\/vaccini-violazione-della-legge-dei-diritti-dei-bambini\/#primaryimage"},"thumbnailUrl":"https:\/\/www.pressenza.com\/wp-content\/uploads\/2017\/07\/vaccini-UPPA-1.jpg","datePublished":"2017-09-18T13:59:46+00:00","dateModified":"2017-09-18T14:01:12+00:00","description":"Che la Legge 119\/2017 sarebbe stata accompagnata da innumerevoli disagi ed inevitabili contestazioni era assolutamente prevedibile. Frutto di una","breadcrumb":{"@id":"https:\/\/www.pressenza.com\/it\/2017\/09\/vaccini-violazione-della-legge-dei-diritti-dei-bambini\/#breadcrumb"},"inLanguage":"it-IT","potentialAction":[{"@type":"ReadAction","target":["https:\/\/www.pressenza.com\/it\/2017\/09\/vaccini-violazione-della-legge-dei-diritti-dei-bambini\/"]}]},{"@type":"ImageObject","inLanguage":"it-IT","@id":"https:\/\/www.pressenza.com\/it\/2017\/09\/vaccini-violazione-della-legge-dei-diritti-dei-bambini\/#primaryimage","url":"https:\/\/www.pressenza.com\/wp-content\/uploads\/2017\/07\/vaccini-UPPA-1.jpg","contentUrl":"https:\/\/www.pressenza.com\/wp-content\/uploads\/2017\/07\/vaccini-UPPA-1.jpg","width":750,"height":500},{"@type":"BreadcrumbList","@id":"https:\/\/www.pressenza.com\/it\/2017\/09\/vaccini-violazione-della-legge-dei-diritti-dei-bambini\/#breadcrumb","itemListElement":[{"@type":"ListItem","position":1,"name":"Accueil","item":"https:\/\/www.pressenza.com\/it\/"},{"@type":"ListItem","position":2,"name":"Vaccini: violazione della legge e dei diritti dei bambini"}]},{"@type":"WebSite","@id":"https:\/\/www.pressenza.com\/it\/#website","url":"https:\/\/www.pressenza.com\/it\/","name":"Pressenza","description":"Agenzia di Stampa Internazionale","publisher":{"@id":"https:\/\/www.pressenza.com\/it\/#organization"},"potentialAction":[{"@type":"SearchAction","target":{"@type":"EntryPoint","urlTemplate":"https:\/\/www.pressenza.com\/it\/?s={search_term_string}"},"query-input":{"@type":"PropertyValueSpecification","valueRequired":true,"valueName":"search_term_string"}}],"inLanguage":"it-IT"},{"@type":"Organization","@id":"https:\/\/www.pressenza.com\/it\/#organization","name":"Pressenza","url":"https:\/\/www.pressenza.com\/it\/","logo":{"@type":"ImageObject","inLanguage":"it-IT","@id":"https:\/\/www.pressenza.com\/it\/#\/schema\/logo\/image\/","url":"https:\/\/www.pressenza.com\/wp-content\/uploads\/2022\/10\/pressenza_logo_200x200.jpg","contentUrl":"https:\/\/www.pressenza.com\/wp-content\/uploads\/2022\/10\/pressenza_logo_200x200.jpg","width":200,"height":200,"caption":"Pressenza"},"image":{"@id":"https:\/\/www.pressenza.com\/it\/#\/schema\/logo\/image\/"},"sameAs":["https:\/\/www.facebook.com\/PressenzaItalia","https:\/\/x.com\/PressenzaIPA"]},{"@type":"Person","@id":"https:\/\/www.pressenza.com\/it\/#\/schema\/person\/d983e81827ae24f2c7b1a2123d197f8d","name":"Redazione Italia","description":"News from the Pressenza Bureau in Italy","sameAs":["https:\/\/www.pressenza.com\/it\/author\/redazione-italia\/","https:\/\/www.facebook.com\/PressenzaItalia","https:\/\/www.instagram.com\/pressenza_italia\/","https:\/\/x.com\/pressenza_it","https:\/\/www.youtube.com\/channel\/UCSalEIWjE1RSxkwjfftFuqg"],"url":"https:\/\/www.pressenza.com\/it\/author\/redazione-italia\/"}]}},"place":"Firenze","original_article_url":"","_links":{"self":[{"href":"https:\/\/www.pressenza.com\/it\/wp-json\/wp\/v2\/posts\/520170","targetHints":{"allow":["GET"]}}],"collection":[{"href":"https:\/\/www.pressenza.com\/it\/wp-json\/wp\/v2\/posts"}],"about":[{"href":"https:\/\/www.pressenza.com\/it\/wp-json\/wp\/v2\/types\/post"}],"author":[{"embeddable":true,"href":"https:\/\/www.pressenza.com\/it\/wp-json\/wp\/v2\/users\/594"}],"replies":[{"embeddable":true,"href":"https:\/\/www.pressenza.com\/it\/wp-json\/wp\/v2\/comments?post=520170"}],"version-history":[{"count":0,"href":"https:\/\/www.pressenza.com\/it\/wp-json\/wp\/v2\/posts\/520170\/revisions"}],"wp:featuredmedia":[{"embeddable":true,"href":"https:\/\/www.pressenza.com\/it\/wp-json\/wp\/v2\/media\/496967"}],"wp:attachment":[{"href":"https:\/\/www.pressenza.com\/it\/wp-json\/wp\/v2\/media?parent=520170"}],"wp:term":[{"taxonomy":"category","embeddable":true,"href":"https:\/\/www.pressenza.com\/it\/wp-json\/wp\/v2\/categories?post=520170"},{"taxonomy":"post_tag","embeddable":true,"href":"https:\/\/www.pressenza.com\/it\/wp-json\/wp\/v2\/tags?post=520170"}],"curies":[{"name":"wp","href":"https:\/\/api.w.org\/{rel}","templated":true}]}}