{"id":50674,"date":"2013-05-07T10:20:47","date_gmt":"2013-05-07T09:20:47","guid":{"rendered":"http:\/\/www.pressenza.com\/?p=50674"},"modified":"2013-05-07T10:21:00","modified_gmt":"2013-05-07T09:21:00","slug":"ex-cuem-ingiustificabile-e-allarmante-lintervento-della-polizia-alluniversita-statale","status":"publish","type":"post","link":"https:\/\/www.pressenza.com\/it\/2013\/05\/ex-cuem-ingiustificabile-e-allarmante-lintervento-della-polizia-alluniversita-statale\/","title":{"rendered":"Ex-Cuem: ingiustificabile e allarmante l\u2019intervento della polizia all\u2019Universit\u00e0 Statale"},"content":{"rendered":"<p align=\"left\">Sar\u00e0 una coincidenza o forse no, ma sicuramente deve allarmare che i primi giorni del governo Pd-Pdl, con Alfano al Ministero degli Interni, siano segnati da un fatto tutt\u2019altro che ordinario, come l\u2019irruzione dei reparti mobili di polizia e carabinieri all\u2019interno dell\u2019Universit\u00e0 Statale di Milano, al fine di zittire a colpi di manganello gli studenti che protestavano contro lo sgombero della libreria autogestita ex Cuem.<\/p>\n<p align=\"left\">Beninteso, ieri\u00a0l\u2019intervento della polizia in universit\u00e0 \u00e8 stato richiesto dal rettore Gianluca Vago e non da qualche organo del Ministero degli Interni. Infatti, sebbene non siamo in Grecia, dove il ricordo ancora troppo fresco della dittatura dei colonnelli fa s\u00ec che l\u2019ingresso della polizia in universit\u00e0 sia considerato un tab\u00f9 assoluto, anche in Italia \u00e8 necessaria un\u2019autorizzazione formale ed esplicita delle autorit\u00e0 accademiche perch\u00e9 le forze dell\u2019ordine possano intervenire.<\/p>\n<p align=\"left\">Questa considerazione, tuttavia, non cambia di una virgola il nostro ragionamento, poich\u00e9 le richieste di far intervenire i reparti antisommossa all\u2019interno delle facolt\u00e0 sono piuttosto rare, proprio in virt\u00f9 della loro gravit\u00e0 politica e democratica. In altre parole, ci vorrebbero davvero delle circostanze straordinarie per poter giustificare un intervento poliziesco all\u2019interno dell\u2019universit\u00e0 e, molto francamente, una libreria autogestita da un gruppo di studenti non mi pare affatto una circostanza del genere.<\/p>\n<p align=\"left\">Forse \u00e8 stato, appunto, il clima generale da larghe intese e grande coalizione, da emergenza e responsabilit\u00e0 nazionale, con il suo annesso e irritante discorso sull\u2019incombente \u201cpericolo\u201d del conflitto sociale, a suggerire al rettore Vago di trasformare la vicenda della ex Cuem occupata in una questione di ordine pubblico da risolvere a suon di manganelli. Anzi, \u00e8 molto probabile che sia proprio cos\u00ec, cio\u00e8 che abbia voluto approfittare della situazione per risolvere manu militari il conflitto con gli studenti della ex Cuem \u2013infatti, sono annunciati anche denunce e provvedimenti disciplinari- e per lanciare, strada facendo, anche un segnale inequivocabile all\u2019insieme degli studenti su come intende trattare il dissenso in universit\u00e0 nel prossimo futuro.<\/p>\n<p align=\"left\">Qualcuno penser\u00e0 che esageri con le mie preoccupazioni e mi auguro sinceramente che abbia ragione, ma questa vicenda ha implicazioni troppo significative per poter rischiare l\u2019errore della sottovalutazione. E poi, ieri alcuni studenti sono dovuti ricorrere alle cure mediche a causa delle botte ricevute all\u2019interno dell\u2019universit\u00e0 e questo \u00e8 ingiustificabile di per s\u00e9.<\/p>\n<p align=\"left\">Insomma, questo \u00e8 il momento di esprimere solidariet\u00e0 agli studenti e di condannare l\u2019intervento di polizia all\u2019interno dell\u2019universit\u00e0. E dovremmo farlo in tanti e tante, dentro e fuori l\u2019universit\u00e0, perch\u00e9, appunto, quanto \u00e8 avvenuto in Statale non riguarda soltanto la Statale. N\u00e9 oggi, n\u00e9 domani.<\/p>\n","protected":false},"excerpt":{"rendered":"<p>Sar\u00e0 una coincidenza o forse no, ma sicuramente deve allarmare che i primi giorni del governo Pd-Pdl, con Alfano al Ministero degli Interni, siano segnati da un fatto tutt\u2019altro che ordinario, come l\u2019irruzione dei reparti mobili di polizia e carabinieri&hellip;<\/p>\n","protected":false},"author":982,"featured_media":50675,"comment_status":"closed","ping_status":"open","sticky":false,"template":"","format":"standard","meta":{"footnotes":""},"categories":[1258,55],"tags":[1470,4833],"class_list":["post-50674","post","type-post","status-publish","format-standard","has-post-thumbnail","hentry","category-educazione","category-politica","tag-polizia","tag-universita-statale-di-milano"],"yoast_head":"<!-- This site is optimized with the Yoast SEO plugin v27.1.1 - https:\/\/yoast.com\/product\/yoast-seo-wordpress\/ -->\n<title>Ex-Cuem: ingiustificabile e allarmante l\u2019intervento della polizia all\u2019Universit\u00e0 Statale<\/title>\n<meta name=\"description\" content=\"Sar\u00e0 una coincidenza o forse no, ma sicuramente deve allarmare che i primi giorni del governo Pd-Pdl, con Alfano al Ministero degli Interni, siano segnati\" \/>\n<meta name=\"robots\" content=\"index, follow, max-snippet:-1, max-image-preview:large, max-video-preview:-1\" \/>\n<link rel=\"canonical\" href=\"https:\/\/www.pressenza.com\/it\/2013\/05\/ex-cuem-ingiustificabile-e-allarmante-lintervento-della-polizia-alluniversita-statale\/\" \/>\n<meta property=\"og:locale\" content=\"it_IT\" \/>\n<meta property=\"og:type\" content=\"article\" \/>\n<meta property=\"og:title\" content=\"Ex-Cuem: ingiustificabile e allarmante l\u2019intervento della polizia all\u2019Universit\u00e0 Statale\" \/>\n<meta property=\"og:description\" content=\"Sar\u00e0 una coincidenza o forse no, ma sicuramente deve allarmare che i primi giorni del governo Pd-Pdl, con Alfano al Ministero degli Interni, siano segnati\" \/>\n<meta property=\"og:url\" content=\"https:\/\/www.pressenza.com\/it\/2013\/05\/ex-cuem-ingiustificabile-e-allarmante-lintervento-della-polizia-alluniversita-statale\/\" \/>\n<meta property=\"og:site_name\" content=\"Pressenza\" \/>\n<meta property=\"article:publisher\" content=\"https:\/\/www.facebook.com\/PressenzaItalia\" \/>\n<meta property=\"article:author\" content=\"https:\/\/www.facebook.com\/luciano.muhlbauer\" \/>\n<meta property=\"article:published_time\" content=\"2013-05-07T09:20:47+00:00\" \/>\n<meta property=\"article:modified_time\" content=\"2013-05-07T09:21:00+00:00\" \/>\n<meta property=\"og:image\" content=\"https:\/\/www.pressenza.com\/wp-content\/uploads\/2013\/05\/Festa_del_Perdono_Facciata_Milano.jpg\" \/>\n\t<meta property=\"og:image:width\" content=\"440\" \/>\n\t<meta property=\"og:image:height\" content=\"298\" \/>\n\t<meta property=\"og:image:type\" content=\"image\/jpeg\" \/>\n<meta name=\"author\" content=\"Luciano Muhlbauer\" \/>\n<meta name=\"twitter:card\" content=\"summary_large_image\" \/>\n<meta name=\"twitter:creator\" content=\"@Muhlbauer_\" \/>\n<meta name=\"twitter:site\" content=\"@PressenzaIPA\" \/>\n<meta name=\"twitter:label1\" content=\"Scritto da\" \/>\n\t<meta name=\"twitter:data1\" content=\"Luciano Muhlbauer\" \/>\n\t<meta name=\"twitter:label2\" content=\"Tempo di lettura stimato\" \/>\n\t<meta name=\"twitter:data2\" content=\"2 minuti\" \/>\n<script type=\"application\/ld+json\" class=\"yoast-schema-graph\">{\"@context\":\"https:\/\/schema.org\",\"@graph\":[{\"@type\":\"Article\",\"@id\":\"https:\/\/www.pressenza.com\/it\/2013\/05\/ex-cuem-ingiustificabile-e-allarmante-lintervento-della-polizia-alluniversita-statale\/#article\",\"isPartOf\":{\"@id\":\"https:\/\/www.pressenza.com\/it\/2013\/05\/ex-cuem-ingiustificabile-e-allarmante-lintervento-della-polizia-alluniversita-statale\/\"},\"author\":{\"name\":\"Luciano Muhlbauer\",\"@id\":\"https:\/\/www.pressenza.com\/it\/#\/schema\/person\/39da6bde67055a1b8cddb12c57da5142\"},\"headline\":\"Ex-Cuem: ingiustificabile e allarmante l\u2019intervento della polizia all\u2019Universit\u00e0 Statale\",\"datePublished\":\"2013-05-07T09:20:47+00:00\",\"dateModified\":\"2013-05-07T09:21:00+00:00\",\"mainEntityOfPage\":{\"@id\":\"https:\/\/www.pressenza.com\/it\/2013\/05\/ex-cuem-ingiustificabile-e-allarmante-lintervento-della-polizia-alluniversita-statale\/\"},\"wordCount\":441,\"publisher\":{\"@id\":\"https:\/\/www.pressenza.com\/it\/#organization\"},\"image\":{\"@id\":\"https:\/\/www.pressenza.com\/it\/2013\/05\/ex-cuem-ingiustificabile-e-allarmante-lintervento-della-polizia-alluniversita-statale\/#primaryimage\"},\"thumbnailUrl\":\"https:\/\/www.pressenza.com\/wp-content\/uploads\/2013\/05\/Festa_del_Perdono_Facciata_Milano.jpg\",\"keywords\":[\"polizia\",\"Universit\u00e0 Statale di Milano\"],\"articleSection\":[\"Educazione\",\"Politica\"],\"inLanguage\":\"it-IT\"},{\"@type\":\"WebPage\",\"@id\":\"https:\/\/www.pressenza.com\/it\/2013\/05\/ex-cuem-ingiustificabile-e-allarmante-lintervento-della-polizia-alluniversita-statale\/\",\"url\":\"https:\/\/www.pressenza.com\/it\/2013\/05\/ex-cuem-ingiustificabile-e-allarmante-lintervento-della-polizia-alluniversita-statale\/\",\"name\":\"Ex-Cuem: ingiustificabile e allarmante l\u2019intervento della polizia all\u2019Universit\u00e0 Statale\",\"isPartOf\":{\"@id\":\"https:\/\/www.pressenza.com\/it\/#website\"},\"primaryImageOfPage\":{\"@id\":\"https:\/\/www.pressenza.com\/it\/2013\/05\/ex-cuem-ingiustificabile-e-allarmante-lintervento-della-polizia-alluniversita-statale\/#primaryimage\"},\"image\":{\"@id\":\"https:\/\/www.pressenza.com\/it\/2013\/05\/ex-cuem-ingiustificabile-e-allarmante-lintervento-della-polizia-alluniversita-statale\/#primaryimage\"},\"thumbnailUrl\":\"https:\/\/www.pressenza.com\/wp-content\/uploads\/2013\/05\/Festa_del_Perdono_Facciata_Milano.jpg\",\"datePublished\":\"2013-05-07T09:20:47+00:00\",\"dateModified\":\"2013-05-07T09:21:00+00:00\",\"description\":\"Sar\u00e0 una coincidenza o forse no, ma sicuramente deve allarmare che i primi giorni del governo Pd-Pdl, con Alfano al Ministero degli Interni, siano segnati\",\"breadcrumb\":{\"@id\":\"https:\/\/www.pressenza.com\/it\/2013\/05\/ex-cuem-ingiustificabile-e-allarmante-lintervento-della-polizia-alluniversita-statale\/#breadcrumb\"},\"inLanguage\":\"it-IT\",\"potentialAction\":[{\"@type\":\"ReadAction\",\"target\":[\"https:\/\/www.pressenza.com\/it\/2013\/05\/ex-cuem-ingiustificabile-e-allarmante-lintervento-della-polizia-alluniversita-statale\/\"]}]},{\"@type\":\"ImageObject\",\"inLanguage\":\"it-IT\",\"@id\":\"https:\/\/www.pressenza.com\/it\/2013\/05\/ex-cuem-ingiustificabile-e-allarmante-lintervento-della-polizia-alluniversita-statale\/#primaryimage\",\"url\":\"https:\/\/www.pressenza.com\/wp-content\/uploads\/2013\/05\/Festa_del_Perdono_Facciata_Milano.jpg\",\"contentUrl\":\"https:\/\/www.pressenza.com\/wp-content\/uploads\/2013\/05\/Festa_del_Perdono_Facciata_Milano.jpg\",\"width\":440,\"height\":298},{\"@type\":\"BreadcrumbList\",\"@id\":\"https:\/\/www.pressenza.com\/it\/2013\/05\/ex-cuem-ingiustificabile-e-allarmante-lintervento-della-polizia-alluniversita-statale\/#breadcrumb\",\"itemListElement\":[{\"@type\":\"ListItem\",\"position\":1,\"name\":\"Accueil\",\"item\":\"https:\/\/www.pressenza.com\/it\/\"},{\"@type\":\"ListItem\",\"position\":2,\"name\":\"Ex-Cuem: ingiustificabile e allarmante l\u2019intervento della polizia all\u2019Universit\u00e0 Statale\"}]},{\"@type\":\"WebSite\",\"@id\":\"https:\/\/www.pressenza.com\/it\/#website\",\"url\":\"https:\/\/www.pressenza.com\/it\/\",\"name\":\"Pressenza\",\"description\":\"Agenzia di Stampa Internazionale\",\"publisher\":{\"@id\":\"https:\/\/www.pressenza.com\/it\/#organization\"},\"potentialAction\":[{\"@type\":\"SearchAction\",\"target\":{\"@type\":\"EntryPoint\",\"urlTemplate\":\"https:\/\/www.pressenza.com\/it\/?s={search_term_string}\"},\"query-input\":{\"@type\":\"PropertyValueSpecification\",\"valueRequired\":true,\"valueName\":\"search_term_string\"}}],\"inLanguage\":\"it-IT\"},{\"@type\":\"Organization\",\"@id\":\"https:\/\/www.pressenza.com\/it\/#organization\",\"name\":\"Pressenza\",\"url\":\"https:\/\/www.pressenza.com\/it\/\",\"logo\":{\"@type\":\"ImageObject\",\"inLanguage\":\"it-IT\",\"@id\":\"https:\/\/www.pressenza.com\/it\/#\/schema\/logo\/image\/\",\"url\":\"https:\/\/www.pressenza.com\/wp-content\/uploads\/2022\/10\/pressenza_logo_200x200.jpg\",\"contentUrl\":\"https:\/\/www.pressenza.com\/wp-content\/uploads\/2022\/10\/pressenza_logo_200x200.jpg\",\"width\":200,\"height\":200,\"caption\":\"Pressenza\"},\"image\":{\"@id\":\"https:\/\/www.pressenza.com\/it\/#\/schema\/logo\/image\/\"},\"sameAs\":[\"https:\/\/www.facebook.com\/PressenzaItalia\",\"https:\/\/x.com\/PressenzaIPA\"]},{\"@type\":\"Person\",\"@id\":\"https:\/\/www.pressenza.com\/it\/#\/schema\/person\/39da6bde67055a1b8cddb12c57da5142\",\"name\":\"Luciano Muhlbauer\",\"description\":\"Collabora con le testate di informazione alternativa on line MilanoX e Milano In Movimento, \u00e8 stato tra i portavoce del Genoa Social Forum nel 2001 e uno dei segretari nazionali del sindacato di base SinCobas fino al 2005. Dal 2005 al 2010 \u00e8 stato consigliere regionale in Lombardia. www.lucianomuhlbauer.it\/blog\/\",\"sameAs\":[\"https:\/\/www.facebook.com\/luciano.muhlbauer\",\"https:\/\/x.com\/Muhlbauer_\"],\"url\":\"https:\/\/www.pressenza.com\/it\/author\/luciano-muhlbauer\/\"}]}<\/script>\n<!-- \/ Yoast SEO plugin. -->","yoast_head_json":{"title":"Ex-Cuem: ingiustificabile e allarmante l\u2019intervento della polizia all\u2019Universit\u00e0 Statale","description":"Sar\u00e0 una coincidenza o forse no, ma sicuramente deve allarmare che i primi giorni del governo Pd-Pdl, con Alfano al Ministero degli Interni, siano segnati","robots":{"index":"index","follow":"follow","max-snippet":"max-snippet:-1","max-image-preview":"max-image-preview:large","max-video-preview":"max-video-preview:-1"},"canonical":"https:\/\/www.pressenza.com\/it\/2013\/05\/ex-cuem-ingiustificabile-e-allarmante-lintervento-della-polizia-alluniversita-statale\/","og_locale":"it_IT","og_type":"article","og_title":"Ex-Cuem: ingiustificabile e allarmante l\u2019intervento della polizia all\u2019Universit\u00e0 Statale","og_description":"Sar\u00e0 una coincidenza o forse no, ma sicuramente deve allarmare che i primi giorni del governo Pd-Pdl, con Alfano al Ministero degli Interni, siano segnati","og_url":"https:\/\/www.pressenza.com\/it\/2013\/05\/ex-cuem-ingiustificabile-e-allarmante-lintervento-della-polizia-alluniversita-statale\/","og_site_name":"Pressenza","article_publisher":"https:\/\/www.facebook.com\/PressenzaItalia","article_author":"https:\/\/www.facebook.com\/luciano.muhlbauer","article_published_time":"2013-05-07T09:20:47+00:00","article_modified_time":"2013-05-07T09:21:00+00:00","og_image":[{"width":440,"height":298,"url":"https:\/\/www.pressenza.com\/wp-content\/uploads\/2013\/05\/Festa_del_Perdono_Facciata_Milano.jpg","type":"image\/jpeg"}],"author":"Luciano Muhlbauer","twitter_card":"summary_large_image","twitter_creator":"@Muhlbauer_","twitter_site":"@PressenzaIPA","twitter_misc":{"Scritto da":"Luciano Muhlbauer","Tempo di lettura stimato":"2 minuti"},"schema":{"@context":"https:\/\/schema.org","@graph":[{"@type":"Article","@id":"https:\/\/www.pressenza.com\/it\/2013\/05\/ex-cuem-ingiustificabile-e-allarmante-lintervento-della-polizia-alluniversita-statale\/#article","isPartOf":{"@id":"https:\/\/www.pressenza.com\/it\/2013\/05\/ex-cuem-ingiustificabile-e-allarmante-lintervento-della-polizia-alluniversita-statale\/"},"author":{"name":"Luciano Muhlbauer","@id":"https:\/\/www.pressenza.com\/it\/#\/schema\/person\/39da6bde67055a1b8cddb12c57da5142"},"headline":"Ex-Cuem: ingiustificabile e allarmante l\u2019intervento della polizia all\u2019Universit\u00e0 Statale","datePublished":"2013-05-07T09:20:47+00:00","dateModified":"2013-05-07T09:21:00+00:00","mainEntityOfPage":{"@id":"https:\/\/www.pressenza.com\/it\/2013\/05\/ex-cuem-ingiustificabile-e-allarmante-lintervento-della-polizia-alluniversita-statale\/"},"wordCount":441,"publisher":{"@id":"https:\/\/www.pressenza.com\/it\/#organization"},"image":{"@id":"https:\/\/www.pressenza.com\/it\/2013\/05\/ex-cuem-ingiustificabile-e-allarmante-lintervento-della-polizia-alluniversita-statale\/#primaryimage"},"thumbnailUrl":"https:\/\/www.pressenza.com\/wp-content\/uploads\/2013\/05\/Festa_del_Perdono_Facciata_Milano.jpg","keywords":["polizia","Universit\u00e0 Statale di Milano"],"articleSection":["Educazione","Politica"],"inLanguage":"it-IT"},{"@type":"WebPage","@id":"https:\/\/www.pressenza.com\/it\/2013\/05\/ex-cuem-ingiustificabile-e-allarmante-lintervento-della-polizia-alluniversita-statale\/","url":"https:\/\/www.pressenza.com\/it\/2013\/05\/ex-cuem-ingiustificabile-e-allarmante-lintervento-della-polizia-alluniversita-statale\/","name":"Ex-Cuem: ingiustificabile e allarmante l\u2019intervento della polizia all\u2019Universit\u00e0 Statale","isPartOf":{"@id":"https:\/\/www.pressenza.com\/it\/#website"},"primaryImageOfPage":{"@id":"https:\/\/www.pressenza.com\/it\/2013\/05\/ex-cuem-ingiustificabile-e-allarmante-lintervento-della-polizia-alluniversita-statale\/#primaryimage"},"image":{"@id":"https:\/\/www.pressenza.com\/it\/2013\/05\/ex-cuem-ingiustificabile-e-allarmante-lintervento-della-polizia-alluniversita-statale\/#primaryimage"},"thumbnailUrl":"https:\/\/www.pressenza.com\/wp-content\/uploads\/2013\/05\/Festa_del_Perdono_Facciata_Milano.jpg","datePublished":"2013-05-07T09:20:47+00:00","dateModified":"2013-05-07T09:21:00+00:00","description":"Sar\u00e0 una coincidenza o forse no, ma sicuramente deve allarmare che i primi giorni del governo Pd-Pdl, con Alfano al Ministero degli Interni, siano segnati","breadcrumb":{"@id":"https:\/\/www.pressenza.com\/it\/2013\/05\/ex-cuem-ingiustificabile-e-allarmante-lintervento-della-polizia-alluniversita-statale\/#breadcrumb"},"inLanguage":"it-IT","potentialAction":[{"@type":"ReadAction","target":["https:\/\/www.pressenza.com\/it\/2013\/05\/ex-cuem-ingiustificabile-e-allarmante-lintervento-della-polizia-alluniversita-statale\/"]}]},{"@type":"ImageObject","inLanguage":"it-IT","@id":"https:\/\/www.pressenza.com\/it\/2013\/05\/ex-cuem-ingiustificabile-e-allarmante-lintervento-della-polizia-alluniversita-statale\/#primaryimage","url":"https:\/\/www.pressenza.com\/wp-content\/uploads\/2013\/05\/Festa_del_Perdono_Facciata_Milano.jpg","contentUrl":"https:\/\/www.pressenza.com\/wp-content\/uploads\/2013\/05\/Festa_del_Perdono_Facciata_Milano.jpg","width":440,"height":298},{"@type":"BreadcrumbList","@id":"https:\/\/www.pressenza.com\/it\/2013\/05\/ex-cuem-ingiustificabile-e-allarmante-lintervento-della-polizia-alluniversita-statale\/#breadcrumb","itemListElement":[{"@type":"ListItem","position":1,"name":"Accueil","item":"https:\/\/www.pressenza.com\/it\/"},{"@type":"ListItem","position":2,"name":"Ex-Cuem: ingiustificabile e allarmante l\u2019intervento della polizia all\u2019Universit\u00e0 Statale"}]},{"@type":"WebSite","@id":"https:\/\/www.pressenza.com\/it\/#website","url":"https:\/\/www.pressenza.com\/it\/","name":"Pressenza","description":"Agenzia di Stampa Internazionale","publisher":{"@id":"https:\/\/www.pressenza.com\/it\/#organization"},"potentialAction":[{"@type":"SearchAction","target":{"@type":"EntryPoint","urlTemplate":"https:\/\/www.pressenza.com\/it\/?s={search_term_string}"},"query-input":{"@type":"PropertyValueSpecification","valueRequired":true,"valueName":"search_term_string"}}],"inLanguage":"it-IT"},{"@type":"Organization","@id":"https:\/\/www.pressenza.com\/it\/#organization","name":"Pressenza","url":"https:\/\/www.pressenza.com\/it\/","logo":{"@type":"ImageObject","inLanguage":"it-IT","@id":"https:\/\/www.pressenza.com\/it\/#\/schema\/logo\/image\/","url":"https:\/\/www.pressenza.com\/wp-content\/uploads\/2022\/10\/pressenza_logo_200x200.jpg","contentUrl":"https:\/\/www.pressenza.com\/wp-content\/uploads\/2022\/10\/pressenza_logo_200x200.jpg","width":200,"height":200,"caption":"Pressenza"},"image":{"@id":"https:\/\/www.pressenza.com\/it\/#\/schema\/logo\/image\/"},"sameAs":["https:\/\/www.facebook.com\/PressenzaItalia","https:\/\/x.com\/PressenzaIPA"]},{"@type":"Person","@id":"https:\/\/www.pressenza.com\/it\/#\/schema\/person\/39da6bde67055a1b8cddb12c57da5142","name":"Luciano Muhlbauer","description":"Collabora con le testate di informazione alternativa on line MilanoX e Milano In Movimento, \u00e8 stato tra i portavoce del Genoa Social Forum nel 2001 e uno dei segretari nazionali del sindacato di base SinCobas fino al 2005. Dal 2005 al 2010 \u00e8 stato consigliere regionale in Lombardia. www.lucianomuhlbauer.it\/blog\/","sameAs":["https:\/\/www.facebook.com\/luciano.muhlbauer","https:\/\/x.com\/Muhlbauer_"],"url":"https:\/\/www.pressenza.com\/it\/author\/luciano-muhlbauer\/"}]}},"place":"Milano","original_article_url":"","_links":{"self":[{"href":"https:\/\/www.pressenza.com\/it\/wp-json\/wp\/v2\/posts\/50674","targetHints":{"allow":["GET"]}}],"collection":[{"href":"https:\/\/www.pressenza.com\/it\/wp-json\/wp\/v2\/posts"}],"about":[{"href":"https:\/\/www.pressenza.com\/it\/wp-json\/wp\/v2\/types\/post"}],"author":[{"embeddable":true,"href":"https:\/\/www.pressenza.com\/it\/wp-json\/wp\/v2\/users\/982"}],"replies":[{"embeddable":true,"href":"https:\/\/www.pressenza.com\/it\/wp-json\/wp\/v2\/comments?post=50674"}],"version-history":[{"count":0,"href":"https:\/\/www.pressenza.com\/it\/wp-json\/wp\/v2\/posts\/50674\/revisions"}],"wp:featuredmedia":[{"embeddable":true,"href":"https:\/\/www.pressenza.com\/it\/wp-json\/wp\/v2\/media\/50675"}],"wp:attachment":[{"href":"https:\/\/www.pressenza.com\/it\/wp-json\/wp\/v2\/media?parent=50674"}],"wp:term":[{"taxonomy":"category","embeddable":true,"href":"https:\/\/www.pressenza.com\/it\/wp-json\/wp\/v2\/categories?post=50674"},{"taxonomy":"post_tag","embeddable":true,"href":"https:\/\/www.pressenza.com\/it\/wp-json\/wp\/v2\/tags?post=50674"}],"curies":[{"name":"wp","href":"https:\/\/api.w.org\/{rel}","templated":true}]}}