{"id":502522,"date":"2017-08-10T11:51:57","date_gmt":"2017-08-10T10:51:57","guid":{"rendered":"https:\/\/www.pressenza.com\/?p=502522\/"},"modified":"2017-08-10T11:51:57","modified_gmt":"2017-08-10T10:51:57","slug":"litalia-al-52-posto-nella-liberta-stampa-liberta","status":"publish","type":"post","link":"https:\/\/www.pressenza.com\/it\/2017\/08\/litalia-al-52-posto-nella-liberta-stampa-liberta\/","title":{"rendered":"\u201cL&#8217;Italia \u00e8 al 52\u00b0 posto nella libert\u00e0 di stampa\u201d. Ma libert\u00e0 per chi?"},"content":{"rendered":"<p>Libert\u00e0 per la gente di comprare un giornale in edicola?<\/p>\n<p>Libert\u00e0 per le imprese di fare pubblicit\u00e0 sui giornali?<\/p>\n<p>Libert\u00e0 per &#8230; di comprare il silenzio, la disinformazione, la manipolazione?<\/p>\n<p>Chi sono i beneficiari di questa libert\u00e0 illegale?\u00a0Normalmente dovrebbero essere i giornalisti a scovarli!<\/p>\n<p>Per dare una mano alle future inchieste giornalistiche, in\u00a0<strong>Valle Susa<\/strong>\u00a0cittadine e cittadini vigilanti scavano negli archivi dell\u2019<strong>ANAC \u2013 Autorit\u00e0 Nazionale Anti Corruzione <\/strong>e invece di estrarre smarrino dalla montagna, come fa\u00a0TELT,\u00a0estraggono\u00a0dal sito ANAC bandi di gara e aggiudicazioni che analizzano con attenzione<strong>.<\/strong><\/p>\n<p><strong>Ecco l\u2019ultima sorprendente scoperta, per la quale sono attese precisazioni dagli enti appaltante e appaltatore<\/strong><\/p>\n<p>Siamo di fronte ad una\u00a0<em>non gar<\/em><u>a.<\/u> Gara\u00a0n. 37258815 lanciata da\u00a0LTF, oggi si chiama TELT \u00a0(P.I. IT08332340010)<strong>\u00a0<\/strong>per Servizi fotografici nel periodo 2017-2019, procedura negoziata\u00a0senza previa indizione di gara, importo in economia\u00a0\u20ac 100.000,00, data scadenza offerta 4 luglio 2017. Gara aggiudicata il 4 luglio 2017, ribasso di aggiudicazione 0%, a:\u00a0Agenzia ANSA<strong>\u00a0<\/strong>(P.I. IT00876481003)<\/p>\n<p><strong>Poniamo alcune domande che ci paiono lecite<\/strong><\/p>\n<p>Perch\u00e9\u00a0<strong>TELT<\/strong>, la societ\u00e0 che dovr\u00e0 scavare la galleria di 57 km della Torino-Lione, incarica l\u2019<strong>ANSA<\/strong>, un\u2019agenzia di giornalisti, di fare dei servizi fotografici nei suoi cantieri?<\/p>\n<p><strong>TELT<\/strong> non avrebbe fatto meglio a incaricare un\u2019agenzia di bravi fotografi?<\/p>\n<p>Perch\u00e9 da tempo\u00a0<strong>TELT\u00a0<\/strong>(e prima LTF), una societ\u00e0 \u201cpubblica franco-italiana\u201d che ha un solo scopo (fare un tunnel) e un solo articolo nel suo catalogo (fare un tunnel) sente la necessit\u00e0 di farsi pubblicit\u00e0 a spese dei cittadini per conquistare una buona reputazione e creare consenso popolare intorno al suo operato, utilizzando i servizi di agenzie di comunicazione (ad esempio\u00a0<strong>Mailander<u>)<\/u>\u00a0<\/strong>e di agenzie di stampa (ad esempio\u00a0<strong>ANSA<\/strong>)?<\/p>\n<p><strong>TELT\u00a0<\/strong>vuole farsi aiutare da queste aziende, con argomenti immaginari e fuorvianti, a contrastare la Pausa della Francia verso la Torino-Lione<\/p>\n<p>Oppure\u00a0<strong>TELT\u00a0<\/strong>ha maturato l\u2019esigenza di disporre di un fotografo alle dipendenze dell\u2019agenzia giornalistica\u00a0<strong>ANSA,<\/strong>\u00a0in modo tale da poter diffondere foto-notizie autenticate dal marchio\u00a0<strong>ANSA\u00a0<\/strong>?<\/p>\n<p><strong>TELT<\/strong>\u00a0teme forse le\u00a0foto-verit\u00e0\u00a0dei tanti\u00a0fotografi indipendenti\u00a0attivi\u00a0nel movimento No TAV?<\/p>\n<p>E l\u2019<strong>ANSA<\/strong>, allo scopo di non essere sospettata di\u00a0conflitto di interessi, non avrebbe fatto meglio a non partecipare a questa\u00a0non gara\u00a0anche alla luce della sua missione storica: dare all\u2019Italia un\u2019agenzia giornalistica\u00a0non controllata dal governo e neppure da gruppi privati?<\/p>\n<p>Aspettiamo le risposte di TELT e dell\u2019ANSA.<\/p>\n<p>&nbsp;<\/p>\n","protected":false},"excerpt":{"rendered":"<p>Libert\u00e0 per la gente di comprare un giornale in edicola? Libert\u00e0 per le imprese di fare pubblicit\u00e0 sui giornali? Libert\u00e0 per &#8230; di comprare il silenzio, la disinformazione, la manipolazione? Chi sono i beneficiari di questa libert\u00e0 illegale?\u00a0Normalmente dovrebbero essere&hellip;<\/p>\n","protected":false},"author":1377,"featured_media":502523,"comment_status":"closed","ping_status":"closed","sticky":false,"template":"","format":"standard","meta":{"footnotes":""},"categories":[150,56,59,47],"tags":[39389,666,5150,39388],"class_list":["post-502522","post","type-post","status-publish","format-standard","has-post-thumbnail","hentry","category-comunicati-stampa","category-cultura","category-ambiente-ecologia","category-europa","tag-ansa","tag-liberta-di-stampa","tag-tav","tag-telt"],"yoast_head":"<!-- This site is optimized with the Yoast SEO plugin v27.1.1 - https:\/\/yoast.com\/product\/yoast-seo-wordpress\/ -->\n<title>\u201cL&#039;Italia \u00e8 al 52\u00b0 posto nella libert\u00e0 di stampa\u201d. Ma libert\u00e0 per chi?<\/title>\n<meta name=\"description\" content=\"Libert\u00e0 per la gente di comprare un giornale in edicola? Libert\u00e0 per le imprese di fare pubblicit\u00e0 sui giornali? Libert\u00e0 per ... di comprare il silenzio,\" \/>\n<meta name=\"robots\" content=\"index, follow, max-snippet:-1, max-image-preview:large, max-video-preview:-1\" \/>\n<link rel=\"canonical\" href=\"https:\/\/www.pressenza.com\/it\/2017\/08\/litalia-al-52-posto-nella-liberta-stampa-liberta\/\" \/>\n<meta property=\"og:locale\" content=\"it_IT\" \/>\n<meta property=\"og:type\" content=\"article\" \/>\n<meta property=\"og:title\" content=\"\u201cL&#039;Italia \u00e8 al 52\u00b0 posto nella libert\u00e0 di stampa\u201d. Ma libert\u00e0 per chi?\" \/>\n<meta property=\"og:description\" content=\"Libert\u00e0 per la gente di comprare un giornale in edicola? Libert\u00e0 per le imprese di fare pubblicit\u00e0 sui giornali? Libert\u00e0 per ... di comprare il silenzio,\" \/>\n<meta property=\"og:url\" content=\"https:\/\/www.pressenza.com\/it\/2017\/08\/litalia-al-52-posto-nella-liberta-stampa-liberta\/\" \/>\n<meta property=\"og:site_name\" content=\"Pressenza\" \/>\n<meta property=\"article:publisher\" content=\"https:\/\/www.facebook.com\/PressenzaItalia\" \/>\n<meta property=\"article:author\" content=\"https:\/\/www.facebook.com\/PresidioEuropa\/\" \/>\n<meta property=\"article:published_time\" content=\"2017-08-10T10:51:57+00:00\" \/>\n<meta property=\"og:image\" content=\"https:\/\/www.pressenza.com\/wp-content\/uploads\/2017\/08\/tunnel_tav.jpg\" \/>\n\t<meta property=\"og:image:width\" content=\"1000\" \/>\n\t<meta property=\"og:image:height\" content=\"750\" \/>\n\t<meta property=\"og:image:type\" content=\"image\/jpeg\" \/>\n<meta name=\"author\" content=\"PresidioEuropa No TAV\" \/>\n<meta name=\"twitter:card\" content=\"summary_large_image\" \/>\n<meta name=\"twitter:creator\" content=\"@PressenzaIPA\" \/>\n<meta name=\"twitter:site\" content=\"@PressenzaIPA\" \/>\n<meta name=\"twitter:label1\" content=\"Scritto da\" \/>\n\t<meta name=\"twitter:data1\" content=\"PresidioEuropa No TAV\" \/>\n\t<meta name=\"twitter:label2\" content=\"Tempo di lettura stimato\" \/>\n\t<meta name=\"twitter:data2\" content=\"2 minuti\" \/>\n<script type=\"application\/ld+json\" class=\"yoast-schema-graph\">{\"@context\":\"https:\/\/schema.org\",\"@graph\":[{\"@type\":\"Article\",\"@id\":\"https:\/\/www.pressenza.com\/it\/2017\/08\/litalia-al-52-posto-nella-liberta-stampa-liberta\/#article\",\"isPartOf\":{\"@id\":\"https:\/\/www.pressenza.com\/it\/2017\/08\/litalia-al-52-posto-nella-liberta-stampa-liberta\/\"},\"author\":{\"name\":\"PresidioEuropa No TAV\",\"@id\":\"https:\/\/www.pressenza.com\/it\/#\/schema\/person\/11820b05e5a358c422944a177a2f3b03\"},\"headline\":\"\u201cL&#8217;Italia \u00e8 al 52\u00b0 posto nella libert\u00e0 di stampa\u201d. Ma libert\u00e0 per chi?\",\"datePublished\":\"2017-08-10T10:51:57+00:00\",\"mainEntityOfPage\":{\"@id\":\"https:\/\/www.pressenza.com\/it\/2017\/08\/litalia-al-52-posto-nella-liberta-stampa-liberta\/\"},\"wordCount\":407,\"publisher\":{\"@id\":\"https:\/\/www.pressenza.com\/it\/#organization\"},\"image\":{\"@id\":\"https:\/\/www.pressenza.com\/it\/2017\/08\/litalia-al-52-posto-nella-liberta-stampa-liberta\/#primaryimage\"},\"thumbnailUrl\":\"https:\/\/www.pressenza.com\/wp-content\/uploads\/2017\/08\/tunnel_tav.jpg\",\"keywords\":[\"ANSA\",\"libert\u00e0 di stampa\",\"TAV\",\"TELT\"],\"articleSection\":[\"Comunicati Stampa\",\"Cultura e Media\",\"Ecologia ed Ambiente\",\"Europa\"],\"inLanguage\":\"it-IT\"},{\"@type\":\"WebPage\",\"@id\":\"https:\/\/www.pressenza.com\/it\/2017\/08\/litalia-al-52-posto-nella-liberta-stampa-liberta\/\",\"url\":\"https:\/\/www.pressenza.com\/it\/2017\/08\/litalia-al-52-posto-nella-liberta-stampa-liberta\/\",\"name\":\"\u201cL'Italia \u00e8 al 52\u00b0 posto nella libert\u00e0 di stampa\u201d. Ma libert\u00e0 per chi?\",\"isPartOf\":{\"@id\":\"https:\/\/www.pressenza.com\/it\/#website\"},\"primaryImageOfPage\":{\"@id\":\"https:\/\/www.pressenza.com\/it\/2017\/08\/litalia-al-52-posto-nella-liberta-stampa-liberta\/#primaryimage\"},\"image\":{\"@id\":\"https:\/\/www.pressenza.com\/it\/2017\/08\/litalia-al-52-posto-nella-liberta-stampa-liberta\/#primaryimage\"},\"thumbnailUrl\":\"https:\/\/www.pressenza.com\/wp-content\/uploads\/2017\/08\/tunnel_tav.jpg\",\"datePublished\":\"2017-08-10T10:51:57+00:00\",\"description\":\"Libert\u00e0 per la gente di comprare un giornale in edicola? Libert\u00e0 per le imprese di fare pubblicit\u00e0 sui giornali? Libert\u00e0 per ... di comprare il silenzio,\",\"breadcrumb\":{\"@id\":\"https:\/\/www.pressenza.com\/it\/2017\/08\/litalia-al-52-posto-nella-liberta-stampa-liberta\/#breadcrumb\"},\"inLanguage\":\"it-IT\",\"potentialAction\":[{\"@type\":\"ReadAction\",\"target\":[\"https:\/\/www.pressenza.com\/it\/2017\/08\/litalia-al-52-posto-nella-liberta-stampa-liberta\/\"]}]},{\"@type\":\"ImageObject\",\"inLanguage\":\"it-IT\",\"@id\":\"https:\/\/www.pressenza.com\/it\/2017\/08\/litalia-al-52-posto-nella-liberta-stampa-liberta\/#primaryimage\",\"url\":\"https:\/\/www.pressenza.com\/wp-content\/uploads\/2017\/08\/tunnel_tav.jpg\",\"contentUrl\":\"https:\/\/www.pressenza.com\/wp-content\/uploads\/2017\/08\/tunnel_tav.jpg\",\"width\":1000,\"height\":750},{\"@type\":\"BreadcrumbList\",\"@id\":\"https:\/\/www.pressenza.com\/it\/2017\/08\/litalia-al-52-posto-nella-liberta-stampa-liberta\/#breadcrumb\",\"itemListElement\":[{\"@type\":\"ListItem\",\"position\":1,\"name\":\"Accueil\",\"item\":\"https:\/\/www.pressenza.com\/it\/\"},{\"@type\":\"ListItem\",\"position\":2,\"name\":\"\u201cL&#8217;Italia \u00e8 al 52\u00b0 posto nella libert\u00e0 di stampa\u201d. Ma libert\u00e0 per chi?\"}]},{\"@type\":\"WebSite\",\"@id\":\"https:\/\/www.pressenza.com\/it\/#website\",\"url\":\"https:\/\/www.pressenza.com\/it\/\",\"name\":\"Pressenza\",\"description\":\"Agenzia di Stampa Internazionale\",\"publisher\":{\"@id\":\"https:\/\/www.pressenza.com\/it\/#organization\"},\"potentialAction\":[{\"@type\":\"SearchAction\",\"target\":{\"@type\":\"EntryPoint\",\"urlTemplate\":\"https:\/\/www.pressenza.com\/it\/?s={search_term_string}\"},\"query-input\":{\"@type\":\"PropertyValueSpecification\",\"valueRequired\":true,\"valueName\":\"search_term_string\"}}],\"inLanguage\":\"it-IT\"},{\"@type\":\"Organization\",\"@id\":\"https:\/\/www.pressenza.com\/it\/#organization\",\"name\":\"Pressenza\",\"url\":\"https:\/\/www.pressenza.com\/it\/\",\"logo\":{\"@type\":\"ImageObject\",\"inLanguage\":\"it-IT\",\"@id\":\"https:\/\/www.pressenza.com\/it\/#\/schema\/logo\/image\/\",\"url\":\"https:\/\/www.pressenza.com\/wp-content\/uploads\/2022\/10\/pressenza_logo_200x200.jpg\",\"contentUrl\":\"https:\/\/www.pressenza.com\/wp-content\/uploads\/2022\/10\/pressenza_logo_200x200.jpg\",\"width\":200,\"height\":200,\"caption\":\"Pressenza\"},\"image\":{\"@id\":\"https:\/\/www.pressenza.com\/it\/#\/schema\/logo\/image\/\"},\"sameAs\":[\"https:\/\/www.facebook.com\/PressenzaItalia\",\"https:\/\/x.com\/PressenzaIPA\"]},{\"@type\":\"Person\",\"@id\":\"https:\/\/www.pressenza.com\/it\/#\/schema\/person\/11820b05e5a358c422944a177a2f3b03\",\"name\":\"PresidioEuropa No TAV\",\"description\":\"www.presidioeuropa.net\/blog\",\"sameAs\":[\"http:\/\/www.presidioeuropa.net\/blog\",\"https:\/\/www.facebook.com\/PresidioEuropa\/\"],\"url\":\"https:\/\/www.pressenza.com\/it\/author\/presidioeuropa-no-tav\/\"}]}<\/script>\n<!-- \/ Yoast SEO plugin. -->","yoast_head_json":{"title":"\u201cL'Italia \u00e8 al 52\u00b0 posto nella libert\u00e0 di stampa\u201d. Ma libert\u00e0 per chi?","description":"Libert\u00e0 per la gente di comprare un giornale in edicola? Libert\u00e0 per le imprese di fare pubblicit\u00e0 sui giornali? Libert\u00e0 per ... di comprare il silenzio,","robots":{"index":"index","follow":"follow","max-snippet":"max-snippet:-1","max-image-preview":"max-image-preview:large","max-video-preview":"max-video-preview:-1"},"canonical":"https:\/\/www.pressenza.com\/it\/2017\/08\/litalia-al-52-posto-nella-liberta-stampa-liberta\/","og_locale":"it_IT","og_type":"article","og_title":"\u201cL'Italia \u00e8 al 52\u00b0 posto nella libert\u00e0 di stampa\u201d. Ma libert\u00e0 per chi?","og_description":"Libert\u00e0 per la gente di comprare un giornale in edicola? Libert\u00e0 per le imprese di fare pubblicit\u00e0 sui giornali? Libert\u00e0 per ... di comprare il silenzio,","og_url":"https:\/\/www.pressenza.com\/it\/2017\/08\/litalia-al-52-posto-nella-liberta-stampa-liberta\/","og_site_name":"Pressenza","article_publisher":"https:\/\/www.facebook.com\/PressenzaItalia","article_author":"https:\/\/www.facebook.com\/PresidioEuropa\/","article_published_time":"2017-08-10T10:51:57+00:00","og_image":[{"width":1000,"height":750,"url":"https:\/\/www.pressenza.com\/wp-content\/uploads\/2017\/08\/tunnel_tav.jpg","type":"image\/jpeg"}],"author":"PresidioEuropa No TAV","twitter_card":"summary_large_image","twitter_creator":"@PressenzaIPA","twitter_site":"@PressenzaIPA","twitter_misc":{"Scritto da":"PresidioEuropa No TAV","Tempo di lettura stimato":"2 minuti"},"schema":{"@context":"https:\/\/schema.org","@graph":[{"@type":"Article","@id":"https:\/\/www.pressenza.com\/it\/2017\/08\/litalia-al-52-posto-nella-liberta-stampa-liberta\/#article","isPartOf":{"@id":"https:\/\/www.pressenza.com\/it\/2017\/08\/litalia-al-52-posto-nella-liberta-stampa-liberta\/"},"author":{"name":"PresidioEuropa No TAV","@id":"https:\/\/www.pressenza.com\/it\/#\/schema\/person\/11820b05e5a358c422944a177a2f3b03"},"headline":"\u201cL&#8217;Italia \u00e8 al 52\u00b0 posto nella libert\u00e0 di stampa\u201d. Ma libert\u00e0 per chi?","datePublished":"2017-08-10T10:51:57+00:00","mainEntityOfPage":{"@id":"https:\/\/www.pressenza.com\/it\/2017\/08\/litalia-al-52-posto-nella-liberta-stampa-liberta\/"},"wordCount":407,"publisher":{"@id":"https:\/\/www.pressenza.com\/it\/#organization"},"image":{"@id":"https:\/\/www.pressenza.com\/it\/2017\/08\/litalia-al-52-posto-nella-liberta-stampa-liberta\/#primaryimage"},"thumbnailUrl":"https:\/\/www.pressenza.com\/wp-content\/uploads\/2017\/08\/tunnel_tav.jpg","keywords":["ANSA","libert\u00e0 di stampa","TAV","TELT"],"articleSection":["Comunicati Stampa","Cultura e Media","Ecologia ed Ambiente","Europa"],"inLanguage":"it-IT"},{"@type":"WebPage","@id":"https:\/\/www.pressenza.com\/it\/2017\/08\/litalia-al-52-posto-nella-liberta-stampa-liberta\/","url":"https:\/\/www.pressenza.com\/it\/2017\/08\/litalia-al-52-posto-nella-liberta-stampa-liberta\/","name":"\u201cL'Italia \u00e8 al 52\u00b0 posto nella libert\u00e0 di stampa\u201d. Ma libert\u00e0 per chi?","isPartOf":{"@id":"https:\/\/www.pressenza.com\/it\/#website"},"primaryImageOfPage":{"@id":"https:\/\/www.pressenza.com\/it\/2017\/08\/litalia-al-52-posto-nella-liberta-stampa-liberta\/#primaryimage"},"image":{"@id":"https:\/\/www.pressenza.com\/it\/2017\/08\/litalia-al-52-posto-nella-liberta-stampa-liberta\/#primaryimage"},"thumbnailUrl":"https:\/\/www.pressenza.com\/wp-content\/uploads\/2017\/08\/tunnel_tav.jpg","datePublished":"2017-08-10T10:51:57+00:00","description":"Libert\u00e0 per la gente di comprare un giornale in edicola? Libert\u00e0 per le imprese di fare pubblicit\u00e0 sui giornali? Libert\u00e0 per ... di comprare il silenzio,","breadcrumb":{"@id":"https:\/\/www.pressenza.com\/it\/2017\/08\/litalia-al-52-posto-nella-liberta-stampa-liberta\/#breadcrumb"},"inLanguage":"it-IT","potentialAction":[{"@type":"ReadAction","target":["https:\/\/www.pressenza.com\/it\/2017\/08\/litalia-al-52-posto-nella-liberta-stampa-liberta\/"]}]},{"@type":"ImageObject","inLanguage":"it-IT","@id":"https:\/\/www.pressenza.com\/it\/2017\/08\/litalia-al-52-posto-nella-liberta-stampa-liberta\/#primaryimage","url":"https:\/\/www.pressenza.com\/wp-content\/uploads\/2017\/08\/tunnel_tav.jpg","contentUrl":"https:\/\/www.pressenza.com\/wp-content\/uploads\/2017\/08\/tunnel_tav.jpg","width":1000,"height":750},{"@type":"BreadcrumbList","@id":"https:\/\/www.pressenza.com\/it\/2017\/08\/litalia-al-52-posto-nella-liberta-stampa-liberta\/#breadcrumb","itemListElement":[{"@type":"ListItem","position":1,"name":"Accueil","item":"https:\/\/www.pressenza.com\/it\/"},{"@type":"ListItem","position":2,"name":"\u201cL&#8217;Italia \u00e8 al 52\u00b0 posto nella libert\u00e0 di stampa\u201d. Ma libert\u00e0 per chi?"}]},{"@type":"WebSite","@id":"https:\/\/www.pressenza.com\/it\/#website","url":"https:\/\/www.pressenza.com\/it\/","name":"Pressenza","description":"Agenzia di Stampa Internazionale","publisher":{"@id":"https:\/\/www.pressenza.com\/it\/#organization"},"potentialAction":[{"@type":"SearchAction","target":{"@type":"EntryPoint","urlTemplate":"https:\/\/www.pressenza.com\/it\/?s={search_term_string}"},"query-input":{"@type":"PropertyValueSpecification","valueRequired":true,"valueName":"search_term_string"}}],"inLanguage":"it-IT"},{"@type":"Organization","@id":"https:\/\/www.pressenza.com\/it\/#organization","name":"Pressenza","url":"https:\/\/www.pressenza.com\/it\/","logo":{"@type":"ImageObject","inLanguage":"it-IT","@id":"https:\/\/www.pressenza.com\/it\/#\/schema\/logo\/image\/","url":"https:\/\/www.pressenza.com\/wp-content\/uploads\/2022\/10\/pressenza_logo_200x200.jpg","contentUrl":"https:\/\/www.pressenza.com\/wp-content\/uploads\/2022\/10\/pressenza_logo_200x200.jpg","width":200,"height":200,"caption":"Pressenza"},"image":{"@id":"https:\/\/www.pressenza.com\/it\/#\/schema\/logo\/image\/"},"sameAs":["https:\/\/www.facebook.com\/PressenzaItalia","https:\/\/x.com\/PressenzaIPA"]},{"@type":"Person","@id":"https:\/\/www.pressenza.com\/it\/#\/schema\/person\/11820b05e5a358c422944a177a2f3b03","name":"PresidioEuropa No TAV","description":"www.presidioeuropa.net\/blog","sameAs":["http:\/\/www.presidioeuropa.net\/blog","https:\/\/www.facebook.com\/PresidioEuropa\/"],"url":"https:\/\/www.pressenza.com\/it\/author\/presidioeuropa-no-tav\/"}]}},"place":"","original_article_url":"","_links":{"self":[{"href":"https:\/\/www.pressenza.com\/it\/wp-json\/wp\/v2\/posts\/502522","targetHints":{"allow":["GET"]}}],"collection":[{"href":"https:\/\/www.pressenza.com\/it\/wp-json\/wp\/v2\/posts"}],"about":[{"href":"https:\/\/www.pressenza.com\/it\/wp-json\/wp\/v2\/types\/post"}],"author":[{"embeddable":true,"href":"https:\/\/www.pressenza.com\/it\/wp-json\/wp\/v2\/users\/1377"}],"replies":[{"embeddable":true,"href":"https:\/\/www.pressenza.com\/it\/wp-json\/wp\/v2\/comments?post=502522"}],"version-history":[{"count":0,"href":"https:\/\/www.pressenza.com\/it\/wp-json\/wp\/v2\/posts\/502522\/revisions"}],"wp:featuredmedia":[{"embeddable":true,"href":"https:\/\/www.pressenza.com\/it\/wp-json\/wp\/v2\/media\/502523"}],"wp:attachment":[{"href":"https:\/\/www.pressenza.com\/it\/wp-json\/wp\/v2\/media?parent=502522"}],"wp:term":[{"taxonomy":"category","embeddable":true,"href":"https:\/\/www.pressenza.com\/it\/wp-json\/wp\/v2\/categories?post=502522"},{"taxonomy":"post_tag","embeddable":true,"href":"https:\/\/www.pressenza.com\/it\/wp-json\/wp\/v2\/tags?post=502522"}],"curies":[{"name":"wp","href":"https:\/\/api.w.org\/{rel}","templated":true}]}}