{"id":500927,"date":"2017-08-07T18:47:45","date_gmt":"2017-08-07T17:47:45","guid":{"rendered":"https:\/\/www.pressenza.com\/?p=500927\/"},"modified":"2017-08-15T11:27:07","modified_gmt":"2017-08-15T10:27:07","slug":"junior-nzita-ex-bambino-soldato-sconfiggere-male-bene","status":"publish","type":"post","link":"https:\/\/www.pressenza.com\/it\/2017\/08\/junior-nzita-ex-bambino-soldato-sconfiggere-male-bene\/","title":{"rendered":"Junior Nzita, ex bambino soldato: sconfiggere il male con il bene"},"content":{"rendered":"<p>La fondazione &#8220;Die Schwelle&#8221; di Brema, in Germania, ha insignito Junior Nzita con il Premio della Pace di Brema. Nzita \u00e8 un ex bambino soldato della Repubblica Democratica del Congo (DRC) e oggi \u00e8 un ambasciatore onorario dell&#8217;ONU che si occupa di bambini soldato. \u00c8 stato proposto per il Premio della Pace dalla branca tedesca del Movimento Internazionale della Riconciliazione (MIR). Il Premio esiste dal 2003 e ammonta a 5000 Euro.<\/p>\n<p>Junior Nzita fu rapito all&#8217;et\u00e0 di dodici anni, insieme ad altri compagni di classe della sua scuola, e fu costretto dai gruppi ribelli a partecipare alle guerre civili del suo paese come bambino soldato. Da allora, \u00e8 ancora tremendamente traumatizzato e soffre di gravi disturbi del sonno. &#8220;Nonostante le infinite esperienze dolorose, Junior riesce a trovare la forza per dare speranza agli altri e a lottare per affrontare la questione con impegno e coraggio&#8221;, dice Samya Korff della direzione del MIR. Sotto mandato di un programma delle Nazioni Unite, Junior \u00e8 stato smobilitato nel 2006. Nel 2010 ha fondato l&#8217;organizzazione &#8220;Paix pour l&#8217;enfance&#8221; (Pace per l&#8217;Infanzia) a Kinshasa, capitale della DRC, allo scopo di far integrare i bambini, diventati orfani a causa della lotta armata, in nuove famiglie e a offrire loro un\u2019istruzione scolastica e una prospettiva futura. Oggi si impegna come ambasciatore onorario delle Nazioni Unite per abolire in tutto il mondo il reclutamento dei bambini soldato. A causa di queste attivit\u00e0, ha dovuto lasciare il suo paese nel 2015 e fare richiesta d&#8217;asilo.<\/p>\n<p>In una serie di conferenze attraverso la Germania, Junior Nzita \u00e8 stato invitato in molte scuole e comunit\u00e0 ecclesiali. &#8220;\u00c8 stato affascinante vedere come Junior abbia intrapreso un dialogo con i giovani e li abbia sensibilizzati sulle conseguenze dell&#8217;esportazione di armi e delle guerre&#8221;, afferma Samya Korff. &#8220;Ecco perch\u00e9 siamo molto contenti di questo premio.&#8221;<\/p>\n<p>Ecco un&#8217;intervista che abbiamo fatto con Junior Nzita.<\/p>\n<p><strong>Pressenza<\/strong>: Cosa significa questo premio per lei?<\/p>\n<p><strong>Junior Nzita<\/strong>: Per me, questo premio significa che il messaggio che cerco di trasmettere sulle atrocit\u00e0 contro i diritti dei minori in generale e, soprattutto, sul loro reclutamento nell&#8217;esercito e nei gruppi armati, viene ascoltato. \u00c8 un grande onore per me e per i partner che mi sostengono. Per il tipo di lavoro che sto facendo, questo premio vale anche come un grande apprezzamento e mi incoraggia ad andare oltre e a fare ancora meglio. La mia infanzia \u00e8 stata rubata e ho trascorso tutta la mia giovent\u00f9 a impedire che ci\u00f2 che era accaduto a me potesse accadere ad altri e a fare in modo che la pace avesse il sopravvento.<\/p>\n<p><strong>P.<\/strong>: \u00c8 stato costretto a fare il soldato dall&#8217;et\u00e0 di dodici anni fino ai ventidue. Che cosa rimane nella sua anima di quel periodo e come \u00e8 riuscito a riconciliarsi con ci\u00f2 che le \u00e8 successo?<\/p>\n<p><strong>J.<\/strong>: Sono stato rapito e costretto all&#8217;et\u00e0 di dodici anni a entrare nell&#8217;esercito. Ho vissuto dieci anni di martirio e ci\u00f2 che rimane nella mia mente \u00e8 il trauma del pessimo trattamento che ho subito. Molto presto, mi hanno sottratto ai miei insegnanti e alla mia famiglia per insegnarmi a distruggere la societ\u00e0. All&#8217;et\u00e0 di dodici anni, imparai a sparare, a rubare, a uccidere, a distruggere pozzi, ospedali, scuole e persino la natura&#8230; Per riconciliarmi con tutte queste atrocit\u00e0, avevo due possibilit\u00e0. La prima: continuare a vivere da vittima, il che avrebbe voluto dire cercare la vendetta con le armi, fare uso di droghe o commettere il suicidio, come hanno fatto molti dei miei ex compagni dell&#8217;esercito. La seconda possibilit\u00e0 era, nonostante tutte le atrocit\u00e0 che avevo commesso con le armi che ci fornivano, quella di perdonarmi e rendermi conto che eravamo solo bambini, costretti da assassini adulti e spietati. E per continuare a sperare in un futuro migliore per il mondo, dove non esistano i bambini soldato.<\/p>\n<p>Ci\u00f2 che arde nel mio cuore \u00e8 la lezione che la vita mi ha insegnato: l&#8217;essere umano non \u00e8 altro che un animale quando non raggiunge i suoi ambiziosi obiettivi. A causa di quest&#8217;incapacit\u00e0, arriva a un punto in cui non considera gli altri uguali a s\u00e9 stesso. Una delle conseguenze di tutto questo \u00e8 che utilizzer\u00e0 i bambini come carne da cannone per realizzare le sue ambizioni fallite.<\/p>\n<p><strong>P.<\/strong>: Lei si impegna molto per evitare che altri bambini abbiano lo stesso destino. Cosa pensa che le Nazioni Unite, la Germania o altri attori esterni possano fare per impedire l&#8217;utilizzo dei bambini come soldati? O quali misure efficaci sono gi\u00e0 state applicate?<\/p>\n<p><strong>J.<\/strong>: La nostra smobilitazione non \u00e8 stata facile. L&#8217;intervento delle Nazioni Unite, dell&#8217;Unione Europea, della societ\u00e0 civile e della comunit\u00e0 internazionale era necessario perch\u00e9 il nostro governo accettasse di smobilitarci e di farci uscire dall&#8217;esercito. La Germania \u00e8 stato uno dei paesi che ha finanziato il processo di smobilitazione e risocializzazione. Attualmente, le Nazioni Unite hanno lanciato un piano d&#8217;azione per porre fine all&#8217;abuso dei bambini soldato. Molti paesi hanno sottoscritto questo piano, ma resta ancora molto da fare, perch\u00e9 i paesi non dovrebbero solo ratificare gli accordi, ma anche rispettarli. Ci\u00f2 significa creare una buona atmosfera diplomatica, economica e sociale e rispettare la democrazia, al fine di prevenire un colpo di stato o una rivolta. Le Nazioni Unite e la Germania devono sostenere ulteriormente la formazione e il potenziamento della democrazia. Devono sviluppare dei meccanismi per impedire la vendita di armi ai paesi del Terzo Mondo, dove i bambini vengono utilizzati come carne da cannone.<\/p>\n<p>Possono contribuire anche a evitare che i bambini diventino vittime del reclutamento, esercitando pressioni sui decisori politici, sui paesi industrializzati e sui capi di alcune multinazionali, che sono in qualche modo coinvolti nel finanziamento delle guerre &#8211; guerre che, in modi diversi, facilitano la deprivazione organizzata di risorse dei paesi sottosviluppati. In particolare, voglio menzionare le seguenti opzioni: il divieto dell&#8217;acquisto di metalli provenienti da paesi in guerra; la pressione sui decisori politici e sulla societ\u00e0 civile per creare un sistema governativo in cui la popolazione partecipi a decisioni importanti, come le modalit\u00e0 di distribuzione delle risorse, per migliorare il loro benessere; tutte le autorit\u00e0 e le persone coinvolte nel reclutamento di bambini in gruppi armati devono essere giudicate dalla Corte Penale Internazionale.<\/p>\n<p><strong>P<\/strong>.: Come \u00e8 la situazione oggi nella DRC?<\/p>\n<p><strong>J.<\/strong>: C&#8217;\u00e8 una crisi politica e le tensioni crescono giorno dopo giorno a causa dell&#8217;inosservanza delle procedure elettorali. In questa situazione, si formano numerosi gruppi armati. Purtroppo, sono i bambini e le donne a pagarne il prezzo. I bambini perch\u00e9 vengono rapiti e le donne perch\u00e9 vengono violentate.<\/p>\n<p>La situazione oggi nella DRC \u00e8 paragonabile a un uomo che si avventura nel Nulla\u2026come un treno che va in una direzione e, improvvisamente, i responsabili del mantenimento delle rotaie decidono di rimuovere resto del binario, proprio mentre il treno sta accelerando. Immaginate le conseguenze!<\/p>\n<p><strong>P<\/strong>.: Da dove prende la sua forza?<\/p>\n<p><strong>J.<\/strong>: Ancora oggi, vedo davanti a me il Junior di dodici anni che \u00e8 stato rapito, perch\u00e9 ci sono ancora bambini soldato. Quando sono stato rapito, c&#8217;era un compagno che, prima di morire, mi chiese di prendersi cura di suo figlio. Tutto ci\u00f2 mi ha dato forza e coraggio per costruire l&#8217;ONG &#8220;Paix pour l&#8217;enfance&#8221;, che si occupa dell&#8217;istruzione e della tutela di 140 bambini. Il mio lavoro e il sostegno dei bambini mi consentono di voler bene al dodicenne Junior e di proteggerlo dai disastri della guerra che ha vissuto.<\/p>\n<p>\u00c8 la &#8220;dittatura&#8221; dell&#8217;amore che mi comanda di sconfiggere il male col bene e di non stancarmi mai di piantare i semi dell&#8217;amore nel cuore dei miei simili, che il destino porta sul mio cammino, perch\u00e9 possano trovare i frutti dell&#8217;amore dentro loro stessi e distribuirli agli altri.<\/p>\n<p><em>Traduzione dall\u2019inglese di Simona Trapani<\/em><\/p>\n<div class=\"post-gallery\">\n\t\t\t<figure class=\"post-gallery-item\">\n\t\t\t\t<img decoding=\"async\" src=\"https:\/\/www.pressenza.com\/wp-content\/uploads\/2017\/07\/mit-Ban-ki-Moon2.jpg\" loading=\"lazy\">\n\t\t\t\t<figcaption>\n\t\t\t\t\t\n\t\t\t\t<\/figcaption>\n\t\t\t<\/figure>\n\t\t\t<figure class=\"post-gallery-item\">\n\t\t\t\t<img decoding=\"async\" src=\"https:\/\/www.pressenza.com\/wp-content\/uploads\/2017\/07\/Junior-UN.jpg\" loading=\"lazy\">\n\t\t\t\t<figcaption>\n\t\t\t\t\t\n\t\t\t\t<\/figcaption>\n\t\t\t<\/figure>\n\t\t\t<figure class=\"post-gallery-item\">\n\t\t\t\t<img decoding=\"async\" src=\"https:\/\/www.pressenza.com\/wp-content\/uploads\/2017\/07\/Junior-in-FFM-blick-nach-li-720x511.jpg\" loading=\"lazy\">\n\t\t\t\t<figcaption>\n\t\t\t\t\t\n\t\t\t\t<\/figcaption>\n\t\t\t<\/figure><\/div>\n","protected":false},"excerpt":{"rendered":"<p>La fondazione &#8220;Die Schwelle&#8221; di Brema, in Germania, ha insignito Junior Nzita con il Premio della Pace di Brema. Nzita \u00e8 un ex bambino soldato della Repubblica Democratica del Congo (DRC) e oggi \u00e8 un ambasciatore onorario dell&#8217;ONU che si&hellip;<\/p>\n","protected":false},"author":1091,"featured_media":497637,"comment_status":"closed","ping_status":"closed","sticky":false,"template":"","format":"standard","meta":{"footnotes":""},"categories":[45,11388,157,1263],"tags":[16027,39344,509,7273],"class_list":["post-500927","post","type-post","status-publish","format-standard","has-post-thumbnail","hentry","category-africa-it","category-contenuti-originali","category-interviste","category-pace-disarmo","tag-bambini-soldato","tag-premio-pace-brema","tag-riconciliazione","tag-vendetta"],"yoast_head":"<!-- This site is optimized with the Yoast SEO plugin v27.1.1 - https:\/\/yoast.com\/product\/yoast-seo-wordpress\/ -->\n<title>Junior Nzita, ex bambino soldato: sconfiggere il male con il bene<\/title>\n<meta name=\"description\" content=\"La fondazione &quot;Die Schwelle&quot; di Brema, in Germania, ha insignito Junior Nzita con il Premio della Pace di Brema. Nzita \u00e8 un ex bambino soldato della\" \/>\n<meta name=\"robots\" content=\"index, follow, max-snippet:-1, max-image-preview:large, max-video-preview:-1\" \/>\n<link rel=\"canonical\" href=\"https:\/\/www.pressenza.com\/it\/2017\/08\/junior-nzita-ex-bambino-soldato-sconfiggere-male-bene\/\" \/>\n<meta property=\"og:locale\" content=\"it_IT\" \/>\n<meta property=\"og:type\" content=\"article\" \/>\n<meta property=\"og:title\" content=\"Junior Nzita, ex bambino soldato: sconfiggere il male con il bene\" \/>\n<meta property=\"og:description\" content=\"La fondazione &quot;Die Schwelle&quot; di Brema, in Germania, ha insignito Junior Nzita con il Premio della Pace di Brema. Nzita \u00e8 un ex bambino soldato della\" \/>\n<meta property=\"og:url\" content=\"https:\/\/www.pressenza.com\/it\/2017\/08\/junior-nzita-ex-bambino-soldato-sconfiggere-male-bene\/\" \/>\n<meta property=\"og:site_name\" content=\"Pressenza\" \/>\n<meta property=\"article:publisher\" content=\"https:\/\/www.facebook.com\/PressenzaItalia\" \/>\n<meta property=\"article:published_time\" content=\"2017-08-07T17:47:45+00:00\" \/>\n<meta property=\"article:modified_time\" content=\"2017-08-15T10:27:07+00:00\" \/>\n<meta property=\"og:image\" content=\"https:\/\/www.pressenza.com\/wp-content\/uploads\/2017\/07\/Junior-Nzita.jpg\" \/>\n\t<meta property=\"og:image:width\" content=\"976\" \/>\n\t<meta property=\"og:image:height\" content=\"464\" \/>\n\t<meta property=\"og:image:type\" content=\"image\/jpeg\" \/>\n<meta name=\"author\" content=\"Johanna Heuveling\" \/>\n<meta name=\"twitter:card\" content=\"summary_large_image\" \/>\n<meta name=\"twitter:creator\" content=\"@PressenzaIPA\" \/>\n<meta name=\"twitter:site\" content=\"@PressenzaIPA\" \/>\n<meta name=\"twitter:label1\" content=\"Scritto da\" \/>\n\t<meta name=\"twitter:data1\" content=\"Johanna Heuveling\" \/>\n\t<meta name=\"twitter:label2\" content=\"Tempo di lettura stimato\" \/>\n\t<meta name=\"twitter:data2\" content=\"6 minuti\" \/>\n<script type=\"application\/ld+json\" class=\"yoast-schema-graph\">{\"@context\":\"https:\/\/schema.org\",\"@graph\":[{\"@type\":\"Article\",\"@id\":\"https:\/\/www.pressenza.com\/it\/2017\/08\/junior-nzita-ex-bambino-soldato-sconfiggere-male-bene\/#article\",\"isPartOf\":{\"@id\":\"https:\/\/www.pressenza.com\/it\/2017\/08\/junior-nzita-ex-bambino-soldato-sconfiggere-male-bene\/\"},\"author\":{\"name\":\"Johanna Heuveling\",\"@id\":\"https:\/\/www.pressenza.com\/it\/#\/schema\/person\/dc5d249e1ad384095a92ed36392872fc\"},\"headline\":\"Junior Nzita, ex bambino soldato: sconfiggere il male con il bene\",\"datePublished\":\"2017-08-07T17:47:45+00:00\",\"dateModified\":\"2017-08-15T10:27:07+00:00\",\"mainEntityOfPage\":{\"@id\":\"https:\/\/www.pressenza.com\/it\/2017\/08\/junior-nzita-ex-bambino-soldato-sconfiggere-male-bene\/\"},\"wordCount\":1296,\"publisher\":{\"@id\":\"https:\/\/www.pressenza.com\/it\/#organization\"},\"image\":{\"@id\":\"https:\/\/www.pressenza.com\/it\/2017\/08\/junior-nzita-ex-bambino-soldato-sconfiggere-male-bene\/#primaryimage\"},\"thumbnailUrl\":\"https:\/\/www.pressenza.com\/wp-content\/uploads\/2017\/07\/Junior-Nzita.jpg\",\"keywords\":[\"bambini soldato\",\"Premio Pace Brema\",\"riconciliazione\",\"vendetta\"],\"articleSection\":[\"Africa\",\"contenuti originali\",\"Interviste\",\"Pace e Disarmo\"],\"inLanguage\":\"it-IT\"},{\"@type\":\"WebPage\",\"@id\":\"https:\/\/www.pressenza.com\/it\/2017\/08\/junior-nzita-ex-bambino-soldato-sconfiggere-male-bene\/\",\"url\":\"https:\/\/www.pressenza.com\/it\/2017\/08\/junior-nzita-ex-bambino-soldato-sconfiggere-male-bene\/\",\"name\":\"Junior Nzita, ex bambino soldato: sconfiggere il male con il bene\",\"isPartOf\":{\"@id\":\"https:\/\/www.pressenza.com\/it\/#website\"},\"primaryImageOfPage\":{\"@id\":\"https:\/\/www.pressenza.com\/it\/2017\/08\/junior-nzita-ex-bambino-soldato-sconfiggere-male-bene\/#primaryimage\"},\"image\":{\"@id\":\"https:\/\/www.pressenza.com\/it\/2017\/08\/junior-nzita-ex-bambino-soldato-sconfiggere-male-bene\/#primaryimage\"},\"thumbnailUrl\":\"https:\/\/www.pressenza.com\/wp-content\/uploads\/2017\/07\/Junior-Nzita.jpg\",\"datePublished\":\"2017-08-07T17:47:45+00:00\",\"dateModified\":\"2017-08-15T10:27:07+00:00\",\"description\":\"La fondazione \\\"Die Schwelle\\\" di Brema, in Germania, ha insignito Junior Nzita con il Premio della Pace di Brema. Nzita \u00e8 un ex bambino soldato della\",\"breadcrumb\":{\"@id\":\"https:\/\/www.pressenza.com\/it\/2017\/08\/junior-nzita-ex-bambino-soldato-sconfiggere-male-bene\/#breadcrumb\"},\"inLanguage\":\"it-IT\",\"potentialAction\":[{\"@type\":\"ReadAction\",\"target\":[\"https:\/\/www.pressenza.com\/it\/2017\/08\/junior-nzita-ex-bambino-soldato-sconfiggere-male-bene\/\"]}]},{\"@type\":\"ImageObject\",\"inLanguage\":\"it-IT\",\"@id\":\"https:\/\/www.pressenza.com\/it\/2017\/08\/junior-nzita-ex-bambino-soldato-sconfiggere-male-bene\/#primaryimage\",\"url\":\"https:\/\/www.pressenza.com\/wp-content\/uploads\/2017\/07\/Junior-Nzita.jpg\",\"contentUrl\":\"https:\/\/www.pressenza.com\/wp-content\/uploads\/2017\/07\/Junior-Nzita.jpg\",\"width\":976,\"height\":464},{\"@type\":\"BreadcrumbList\",\"@id\":\"https:\/\/www.pressenza.com\/it\/2017\/08\/junior-nzita-ex-bambino-soldato-sconfiggere-male-bene\/#breadcrumb\",\"itemListElement\":[{\"@type\":\"ListItem\",\"position\":1,\"name\":\"Accueil\",\"item\":\"https:\/\/www.pressenza.com\/it\/\"},{\"@type\":\"ListItem\",\"position\":2,\"name\":\"Junior Nzita, ex bambino soldato: sconfiggere il male con il bene\"}]},{\"@type\":\"WebSite\",\"@id\":\"https:\/\/www.pressenza.com\/it\/#website\",\"url\":\"https:\/\/www.pressenza.com\/it\/\",\"name\":\"Pressenza\",\"description\":\"Agenzia di Stampa Internazionale\",\"publisher\":{\"@id\":\"https:\/\/www.pressenza.com\/it\/#organization\"},\"potentialAction\":[{\"@type\":\"SearchAction\",\"target\":{\"@type\":\"EntryPoint\",\"urlTemplate\":\"https:\/\/www.pressenza.com\/it\/?s={search_term_string}\"},\"query-input\":{\"@type\":\"PropertyValueSpecification\",\"valueRequired\":true,\"valueName\":\"search_term_string\"}}],\"inLanguage\":\"it-IT\"},{\"@type\":\"Organization\",\"@id\":\"https:\/\/www.pressenza.com\/it\/#organization\",\"name\":\"Pressenza\",\"url\":\"https:\/\/www.pressenza.com\/it\/\",\"logo\":{\"@type\":\"ImageObject\",\"inLanguage\":\"it-IT\",\"@id\":\"https:\/\/www.pressenza.com\/it\/#\/schema\/logo\/image\/\",\"url\":\"https:\/\/www.pressenza.com\/wp-content\/uploads\/2022\/10\/pressenza_logo_200x200.jpg\",\"contentUrl\":\"https:\/\/www.pressenza.com\/wp-content\/uploads\/2022\/10\/pressenza_logo_200x200.jpg\",\"width\":200,\"height\":200,\"caption\":\"Pressenza\"},\"image\":{\"@id\":\"https:\/\/www.pressenza.com\/it\/#\/schema\/logo\/image\/\"},\"sameAs\":[\"https:\/\/www.facebook.com\/PressenzaItalia\",\"https:\/\/x.com\/PressenzaIPA\"]},{\"@type\":\"Person\",\"@id\":\"https:\/\/www.pressenza.com\/it\/#\/schema\/person\/dc5d249e1ad384095a92ed36392872fc\",\"name\":\"Johanna Heuveling\",\"description\":\"lives in Berlin and works as a scientist and science communicator. She is also active in \\\"World without Wars and Violence\\\" and Pressenza. As a journalist she is most interested in refugee politics, weapon trade, Africa, Arts and News from Sciences.\",\"url\":\"https:\/\/www.pressenza.com\/it\/author\/johanna-heuveling\/\"}]}<\/script>\n<!-- \/ Yoast SEO plugin. -->","yoast_head_json":{"title":"Junior Nzita, ex bambino soldato: sconfiggere il male con il bene","description":"La fondazione \"Die Schwelle\" di Brema, in Germania, ha insignito Junior Nzita con il Premio della Pace di Brema. Nzita \u00e8 un ex bambino soldato della","robots":{"index":"index","follow":"follow","max-snippet":"max-snippet:-1","max-image-preview":"max-image-preview:large","max-video-preview":"max-video-preview:-1"},"canonical":"https:\/\/www.pressenza.com\/it\/2017\/08\/junior-nzita-ex-bambino-soldato-sconfiggere-male-bene\/","og_locale":"it_IT","og_type":"article","og_title":"Junior Nzita, ex bambino soldato: sconfiggere il male con il bene","og_description":"La fondazione \"Die Schwelle\" di Brema, in Germania, ha insignito Junior Nzita con il Premio della Pace di Brema. Nzita \u00e8 un ex bambino soldato della","og_url":"https:\/\/www.pressenza.com\/it\/2017\/08\/junior-nzita-ex-bambino-soldato-sconfiggere-male-bene\/","og_site_name":"Pressenza","article_publisher":"https:\/\/www.facebook.com\/PressenzaItalia","article_published_time":"2017-08-07T17:47:45+00:00","article_modified_time":"2017-08-15T10:27:07+00:00","og_image":[{"width":976,"height":464,"url":"https:\/\/www.pressenza.com\/wp-content\/uploads\/2017\/07\/Junior-Nzita.jpg","type":"image\/jpeg"}],"author":"Johanna Heuveling","twitter_card":"summary_large_image","twitter_creator":"@PressenzaIPA","twitter_site":"@PressenzaIPA","twitter_misc":{"Scritto da":"Johanna Heuveling","Tempo di lettura stimato":"6 minuti"},"schema":{"@context":"https:\/\/schema.org","@graph":[{"@type":"Article","@id":"https:\/\/www.pressenza.com\/it\/2017\/08\/junior-nzita-ex-bambino-soldato-sconfiggere-male-bene\/#article","isPartOf":{"@id":"https:\/\/www.pressenza.com\/it\/2017\/08\/junior-nzita-ex-bambino-soldato-sconfiggere-male-bene\/"},"author":{"name":"Johanna Heuveling","@id":"https:\/\/www.pressenza.com\/it\/#\/schema\/person\/dc5d249e1ad384095a92ed36392872fc"},"headline":"Junior Nzita, ex bambino soldato: sconfiggere il male con il bene","datePublished":"2017-08-07T17:47:45+00:00","dateModified":"2017-08-15T10:27:07+00:00","mainEntityOfPage":{"@id":"https:\/\/www.pressenza.com\/it\/2017\/08\/junior-nzita-ex-bambino-soldato-sconfiggere-male-bene\/"},"wordCount":1296,"publisher":{"@id":"https:\/\/www.pressenza.com\/it\/#organization"},"image":{"@id":"https:\/\/www.pressenza.com\/it\/2017\/08\/junior-nzita-ex-bambino-soldato-sconfiggere-male-bene\/#primaryimage"},"thumbnailUrl":"https:\/\/www.pressenza.com\/wp-content\/uploads\/2017\/07\/Junior-Nzita.jpg","keywords":["bambini soldato","Premio Pace Brema","riconciliazione","vendetta"],"articleSection":["Africa","contenuti originali","Interviste","Pace e Disarmo"],"inLanguage":"it-IT"},{"@type":"WebPage","@id":"https:\/\/www.pressenza.com\/it\/2017\/08\/junior-nzita-ex-bambino-soldato-sconfiggere-male-bene\/","url":"https:\/\/www.pressenza.com\/it\/2017\/08\/junior-nzita-ex-bambino-soldato-sconfiggere-male-bene\/","name":"Junior Nzita, ex bambino soldato: sconfiggere il male con il bene","isPartOf":{"@id":"https:\/\/www.pressenza.com\/it\/#website"},"primaryImageOfPage":{"@id":"https:\/\/www.pressenza.com\/it\/2017\/08\/junior-nzita-ex-bambino-soldato-sconfiggere-male-bene\/#primaryimage"},"image":{"@id":"https:\/\/www.pressenza.com\/it\/2017\/08\/junior-nzita-ex-bambino-soldato-sconfiggere-male-bene\/#primaryimage"},"thumbnailUrl":"https:\/\/www.pressenza.com\/wp-content\/uploads\/2017\/07\/Junior-Nzita.jpg","datePublished":"2017-08-07T17:47:45+00:00","dateModified":"2017-08-15T10:27:07+00:00","description":"La fondazione \"Die Schwelle\" di Brema, in Germania, ha insignito Junior Nzita con il Premio della Pace di Brema. Nzita \u00e8 un ex bambino soldato della","breadcrumb":{"@id":"https:\/\/www.pressenza.com\/it\/2017\/08\/junior-nzita-ex-bambino-soldato-sconfiggere-male-bene\/#breadcrumb"},"inLanguage":"it-IT","potentialAction":[{"@type":"ReadAction","target":["https:\/\/www.pressenza.com\/it\/2017\/08\/junior-nzita-ex-bambino-soldato-sconfiggere-male-bene\/"]}]},{"@type":"ImageObject","inLanguage":"it-IT","@id":"https:\/\/www.pressenza.com\/it\/2017\/08\/junior-nzita-ex-bambino-soldato-sconfiggere-male-bene\/#primaryimage","url":"https:\/\/www.pressenza.com\/wp-content\/uploads\/2017\/07\/Junior-Nzita.jpg","contentUrl":"https:\/\/www.pressenza.com\/wp-content\/uploads\/2017\/07\/Junior-Nzita.jpg","width":976,"height":464},{"@type":"BreadcrumbList","@id":"https:\/\/www.pressenza.com\/it\/2017\/08\/junior-nzita-ex-bambino-soldato-sconfiggere-male-bene\/#breadcrumb","itemListElement":[{"@type":"ListItem","position":1,"name":"Accueil","item":"https:\/\/www.pressenza.com\/it\/"},{"@type":"ListItem","position":2,"name":"Junior Nzita, ex bambino soldato: sconfiggere il male con il bene"}]},{"@type":"WebSite","@id":"https:\/\/www.pressenza.com\/it\/#website","url":"https:\/\/www.pressenza.com\/it\/","name":"Pressenza","description":"Agenzia di Stampa Internazionale","publisher":{"@id":"https:\/\/www.pressenza.com\/it\/#organization"},"potentialAction":[{"@type":"SearchAction","target":{"@type":"EntryPoint","urlTemplate":"https:\/\/www.pressenza.com\/it\/?s={search_term_string}"},"query-input":{"@type":"PropertyValueSpecification","valueRequired":true,"valueName":"search_term_string"}}],"inLanguage":"it-IT"},{"@type":"Organization","@id":"https:\/\/www.pressenza.com\/it\/#organization","name":"Pressenza","url":"https:\/\/www.pressenza.com\/it\/","logo":{"@type":"ImageObject","inLanguage":"it-IT","@id":"https:\/\/www.pressenza.com\/it\/#\/schema\/logo\/image\/","url":"https:\/\/www.pressenza.com\/wp-content\/uploads\/2022\/10\/pressenza_logo_200x200.jpg","contentUrl":"https:\/\/www.pressenza.com\/wp-content\/uploads\/2022\/10\/pressenza_logo_200x200.jpg","width":200,"height":200,"caption":"Pressenza"},"image":{"@id":"https:\/\/www.pressenza.com\/it\/#\/schema\/logo\/image\/"},"sameAs":["https:\/\/www.facebook.com\/PressenzaItalia","https:\/\/x.com\/PressenzaIPA"]},{"@type":"Person","@id":"https:\/\/www.pressenza.com\/it\/#\/schema\/person\/dc5d249e1ad384095a92ed36392872fc","name":"Johanna Heuveling","description":"lives in Berlin and works as a scientist and science communicator. She is also active in \"World without Wars and Violence\" and Pressenza. As a journalist she is most interested in refugee politics, weapon trade, Africa, Arts and News from Sciences.","url":"https:\/\/www.pressenza.com\/it\/author\/johanna-heuveling\/"}]}},"place":"Pressenza Berlino","original_article_url":"","_links":{"self":[{"href":"https:\/\/www.pressenza.com\/it\/wp-json\/wp\/v2\/posts\/500927","targetHints":{"allow":["GET"]}}],"collection":[{"href":"https:\/\/www.pressenza.com\/it\/wp-json\/wp\/v2\/posts"}],"about":[{"href":"https:\/\/www.pressenza.com\/it\/wp-json\/wp\/v2\/types\/post"}],"author":[{"embeddable":true,"href":"https:\/\/www.pressenza.com\/it\/wp-json\/wp\/v2\/users\/1091"}],"replies":[{"embeddable":true,"href":"https:\/\/www.pressenza.com\/it\/wp-json\/wp\/v2\/comments?post=500927"}],"version-history":[{"count":0,"href":"https:\/\/www.pressenza.com\/it\/wp-json\/wp\/v2\/posts\/500927\/revisions"}],"wp:featuredmedia":[{"embeddable":true,"href":"https:\/\/www.pressenza.com\/it\/wp-json\/wp\/v2\/media\/497637"}],"wp:attachment":[{"href":"https:\/\/www.pressenza.com\/it\/wp-json\/wp\/v2\/media?parent=500927"}],"wp:term":[{"taxonomy":"category","embeddable":true,"href":"https:\/\/www.pressenza.com\/it\/wp-json\/wp\/v2\/categories?post=500927"},{"taxonomy":"post_tag","embeddable":true,"href":"https:\/\/www.pressenza.com\/it\/wp-json\/wp\/v2\/tags?post=500927"}],"curies":[{"name":"wp","href":"https:\/\/api.w.org\/{rel}","templated":true}]}}