{"id":498603,"date":"2017-08-02T17:07:50","date_gmt":"2017-08-02T16:07:50","guid":{"rendered":"https:\/\/www.pressenza.com\/?p=498603\/"},"modified":"2017-08-02T17:11:03","modified_gmt":"2017-08-02T16:11:03","slug":"italia-pronta-destinare-rifugiati-migranti-verso-orribili-violenze-nei-centri-detenzione-della-libia","status":"publish","type":"post","link":"https:\/\/www.pressenza.com\/it\/2017\/08\/italia-pronta-destinare-rifugiati-migranti-verso-orribili-violenze-nei-centri-detenzione-della-libia\/","title":{"rendered":"Italia pronta a destinare rifugiati e migranti verso orribili violenze nei centri di detenzione della Libia"},"content":{"rendered":"<p><span id=\"msgText_new_message_draft1501687861629_23d89878-874f-e8ff-d3c3-1ce888d8a7bf\" dir=\"ltr\"><span style=\"font-family: sans-serif; font-size: small;\">Dopo il voto del parlamento italiano in favore dell\u2019invio di navi da guerra nelle acque libiche per assistere la Guardia costiera della Libia a intercettare migranti e rifugiati e a riportarli a terra, la vicedirettrice di Amnesty International per l\u2019Europa Gauri Van Gulik ha rilasciato questa dichiarazione:<\/span> <\/span><\/p>\n<p><span id=\"msgText_new_message_draft1501687861629_23d89878-874f-e8ff-d3c3-1ce888d8a7bf\" dir=\"ltr\"><span style=\"font-family: sans-serif; font-size: small;\"><i>\u201c<a class=\"matchTooltip\">Oggi<\/a> le autorit\u00e0 italiane hanno dimostrato che considerano pi\u00f9 importante tenere migranti e rifugiati alla larga dalle loro coste piuttosto che proteggere le loro vite e la loro incolumit\u00e0. Facilitare l\u2019intercettamento e il ritorno in Libia di migranti e rifugiati significher\u00e0 destinarli ai centri di detenzione del paese, dove quasi certamente saranno esposti al rischio di subire torture, stupri e anche di essere uccisi. Il voto di <a class=\"matchTooltip\">oggi<\/a> potrebbe rendere le autorit\u00e0 italiane complici di quest\u2019orrore\u201d.<\/i><\/span><\/span><\/p>\n<p><span id=\"msgText_new_message_draft1501687861629_23d89878-874f-e8ff-d3c3-1ce888d8a7bf\" dir=\"ltr\"><span style=\"font-family: sans-serif; font-size: small;\"><i>\u201cL\u2019Italia, insieme agli altri stati membri dell\u2019Unione europea, dovrebbe dedicarsi ad aumentare le operazioni di ricerca e soccorso. Invece, ha scelto di abdicare alle sue responsabilit\u00e0 e di mettere in pericolo le stesse persone che afferma di voler salvare, fornendo addirittura copertura e sostegno militare alla Guardia costiera libica, il cui operato violento e incosciente \u00e8 stato pi\u00f9 volte documentato, anche da Amnesty International\u201d.<\/i><\/span> <\/span><\/p>\n<p><span id=\"msgText_new_message_draft1501687861629_23d89878-874f-e8ff-d3c3-1ce888d8a7bf\" dir=\"ltr\"><span style=\"font-family: sans-serif; font-size: small;\"><i>\u201cL\u2019Italia, inoltre, col sostegno dell\u2019Unione europea, ha introdotto ostacoli alla capacit\u00e0 delle Ong di salvare persone in mare, dimostrando come il suo approccio complessivo sia errato\u201d.<\/i><\/span> <\/span><\/p>\n<p><span id=\"msgText_new_message_draft1501687861629_23d89878-874f-e8ff-d3c3-1ce888d8a7bf\" dir=\"ltr\"><span style=\"font-family: sans-serif; font-size: small;\"><i>\u201cQuesta non \u00e8 la risposta alla crisi umanitaria in atto nel Mediterraneo centrale, bens\u00ec la ricetta per altre sofferenze. Ogni forma di cooperazione con le autorit\u00e0 libiche dovrebbe dare priorit\u00e0 a monitorare il loro comportamento in tema di violazioni dei diritti umani e ad accertare le responsabilit\u00e0 per quelle commesse. Dovrebbe inoltre essere condizionata a un verificabile impegno delle autorit\u00e0 libiche a migliorare le condizioni dei rifugiati e dei migranti in Libia\u201d.<\/i><\/span><\/span><\/p>\n","protected":false},"excerpt":{"rendered":"<p>Dopo il voto del parlamento italiano in favore dell\u2019invio di navi da guerra nelle acque libiche per assistere la Guardia costiera della Libia a intercettare migranti e rifugiati e a riportarli a terra, la vicedirettrice di Amnesty International per l\u2019Europa&hellip;<\/p>\n","protected":false},"author":432,"featured_media":498604,"comment_status":"closed","ping_status":"closed","sticky":false,"template":"","format":"standard","meta":{"footnotes":""},"categories":[150,60,47,55],"tags":[9824,1087,2636,3420,36895],"class_list":["post-498603","post","type-post","status-publish","format-standard","has-post-thumbnail","hentry","category-comunicati-stampa","category-diritti-umani","category-europa","category-politica","tag-centri-di-detenzione","tag-libia","tag-migranti","tag-rifugiati","tag-salvataggi-in-mare"],"yoast_head":"<!-- This site is optimized with the Yoast SEO plugin v27.1.1 - https:\/\/yoast.com\/product\/yoast-seo-wordpress\/ -->\n<title>Italia pronta a destinare rifugiati e migranti verso orribili violenze nei centri di detenzione della Libia<\/title>\n<meta name=\"description\" content=\"L\u2019Italia dovrebbe dedicarsi ad aumentare le operazioni di ricerca e soccorso. Invece ha scelto di mettere in pericolo le persone che dice di voler salvare\" \/>\n<meta name=\"robots\" content=\"index, follow, max-snippet:-1, max-image-preview:large, max-video-preview:-1\" \/>\n<link rel=\"canonical\" href=\"https:\/\/www.pressenza.com\/it\/2017\/08\/italia-pronta-destinare-rifugiati-migranti-verso-orribili-violenze-nei-centri-detenzione-della-libia\/\" \/>\n<meta property=\"og:locale\" content=\"it_IT\" \/>\n<meta property=\"og:type\" content=\"article\" \/>\n<meta property=\"og:title\" content=\"Italia pronta a destinare rifugiati e migranti verso orribili violenze nei centri di detenzione della Libia\" \/>\n<meta property=\"og:description\" content=\"L\u2019Italia dovrebbe dedicarsi ad aumentare le operazioni di ricerca e soccorso. Invece ha scelto di mettere in pericolo le persone che dice di voler salvare\" \/>\n<meta property=\"og:url\" content=\"https:\/\/www.pressenza.com\/it\/2017\/08\/italia-pronta-destinare-rifugiati-migranti-verso-orribili-violenze-nei-centri-detenzione-della-libia\/\" \/>\n<meta property=\"og:site_name\" content=\"Pressenza\" \/>\n<meta property=\"article:publisher\" content=\"https:\/\/www.facebook.com\/PressenzaItalia\" \/>\n<meta property=\"article:author\" content=\"https:\/\/www.facebook.com\/amnestyglobal\" \/>\n<meta property=\"article:published_time\" content=\"2017-08-02T16:07:50+00:00\" \/>\n<meta property=\"article:modified_time\" content=\"2017-08-02T16:11:03+00:00\" \/>\n<meta property=\"og:image\" content=\"https:\/\/www.pressenza.com\/wp-content\/uploads\/2017\/08\/immigrazione-4.jpg\" \/>\n\t<meta property=\"og:image:width\" content=\"819\" \/>\n\t<meta property=\"og:image:height\" content=\"273\" \/>\n\t<meta property=\"og:image:type\" content=\"image\/jpeg\" \/>\n<meta name=\"author\" content=\"Amnesty International\" \/>\n<meta name=\"twitter:card\" content=\"summary_large_image\" \/>\n<meta name=\"twitter:creator\" content=\"@amnesty\" \/>\n<meta name=\"twitter:site\" content=\"@PressenzaIPA\" \/>\n<meta name=\"twitter:label1\" content=\"Scritto da\" \/>\n\t<meta name=\"twitter:data1\" content=\"Amnesty International\" \/>\n\t<meta name=\"twitter:label2\" content=\"Tempo di lettura stimato\" \/>\n\t<meta name=\"twitter:data2\" content=\"1 minuto\" \/>\n<script type=\"application\/ld+json\" class=\"yoast-schema-graph\">{\"@context\":\"https:\/\/schema.org\",\"@graph\":[{\"@type\":\"Article\",\"@id\":\"https:\/\/www.pressenza.com\/it\/2017\/08\/italia-pronta-destinare-rifugiati-migranti-verso-orribili-violenze-nei-centri-detenzione-della-libia\/#article\",\"isPartOf\":{\"@id\":\"https:\/\/www.pressenza.com\/it\/2017\/08\/italia-pronta-destinare-rifugiati-migranti-verso-orribili-violenze-nei-centri-detenzione-della-libia\/\"},\"author\":{\"name\":\"Amnesty International\",\"@id\":\"https:\/\/www.pressenza.com\/it\/#\/schema\/person\/9b981b05c7ecf09292e6acb3223b2d9d\"},\"headline\":\"Italia pronta a destinare rifugiati e migranti verso orribili violenze nei centri di detenzione della Libia\",\"datePublished\":\"2017-08-02T16:07:50+00:00\",\"dateModified\":\"2017-08-02T16:11:03+00:00\",\"mainEntityOfPage\":{\"@id\":\"https:\/\/www.pressenza.com\/it\/2017\/08\/italia-pronta-destinare-rifugiati-migranti-verso-orribili-violenze-nei-centri-detenzione-della-libia\/\"},\"wordCount\":307,\"publisher\":{\"@id\":\"https:\/\/www.pressenza.com\/it\/#organization\"},\"image\":{\"@id\":\"https:\/\/www.pressenza.com\/it\/2017\/08\/italia-pronta-destinare-rifugiati-migranti-verso-orribili-violenze-nei-centri-detenzione-della-libia\/#primaryimage\"},\"thumbnailUrl\":\"https:\/\/www.pressenza.com\/wp-content\/uploads\/2017\/08\/immigrazione-4.jpg\",\"keywords\":[\"Centri di detenzione\",\"Libia\",\"migranti\",\"rifugiati\",\"salvataggi in mare\"],\"articleSection\":[\"Comunicati Stampa\",\"Diritti Umani\",\"Europa\",\"Politica\"],\"inLanguage\":\"it-IT\"},{\"@type\":\"WebPage\",\"@id\":\"https:\/\/www.pressenza.com\/it\/2017\/08\/italia-pronta-destinare-rifugiati-migranti-verso-orribili-violenze-nei-centri-detenzione-della-libia\/\",\"url\":\"https:\/\/www.pressenza.com\/it\/2017\/08\/italia-pronta-destinare-rifugiati-migranti-verso-orribili-violenze-nei-centri-detenzione-della-libia\/\",\"name\":\"Italia pronta a destinare rifugiati e migranti verso orribili violenze nei centri di detenzione della Libia\",\"isPartOf\":{\"@id\":\"https:\/\/www.pressenza.com\/it\/#website\"},\"primaryImageOfPage\":{\"@id\":\"https:\/\/www.pressenza.com\/it\/2017\/08\/italia-pronta-destinare-rifugiati-migranti-verso-orribili-violenze-nei-centri-detenzione-della-libia\/#primaryimage\"},\"image\":{\"@id\":\"https:\/\/www.pressenza.com\/it\/2017\/08\/italia-pronta-destinare-rifugiati-migranti-verso-orribili-violenze-nei-centri-detenzione-della-libia\/#primaryimage\"},\"thumbnailUrl\":\"https:\/\/www.pressenza.com\/wp-content\/uploads\/2017\/08\/immigrazione-4.jpg\",\"datePublished\":\"2017-08-02T16:07:50+00:00\",\"dateModified\":\"2017-08-02T16:11:03+00:00\",\"description\":\"L\u2019Italia dovrebbe dedicarsi ad aumentare le operazioni di ricerca e soccorso. Invece ha scelto di mettere in pericolo le persone che dice di voler salvare\",\"breadcrumb\":{\"@id\":\"https:\/\/www.pressenza.com\/it\/2017\/08\/italia-pronta-destinare-rifugiati-migranti-verso-orribili-violenze-nei-centri-detenzione-della-libia\/#breadcrumb\"},\"inLanguage\":\"it-IT\",\"potentialAction\":[{\"@type\":\"ReadAction\",\"target\":[\"https:\/\/www.pressenza.com\/it\/2017\/08\/italia-pronta-destinare-rifugiati-migranti-verso-orribili-violenze-nei-centri-detenzione-della-libia\/\"]}]},{\"@type\":\"ImageObject\",\"inLanguage\":\"it-IT\",\"@id\":\"https:\/\/www.pressenza.com\/it\/2017\/08\/italia-pronta-destinare-rifugiati-migranti-verso-orribili-violenze-nei-centri-detenzione-della-libia\/#primaryimage\",\"url\":\"https:\/\/www.pressenza.com\/wp-content\/uploads\/2017\/08\/immigrazione-4.jpg\",\"contentUrl\":\"https:\/\/www.pressenza.com\/wp-content\/uploads\/2017\/08\/immigrazione-4.jpg\",\"width\":819,\"height\":273},{\"@type\":\"BreadcrumbList\",\"@id\":\"https:\/\/www.pressenza.com\/it\/2017\/08\/italia-pronta-destinare-rifugiati-migranti-verso-orribili-violenze-nei-centri-detenzione-della-libia\/#breadcrumb\",\"itemListElement\":[{\"@type\":\"ListItem\",\"position\":1,\"name\":\"Accueil\",\"item\":\"https:\/\/www.pressenza.com\/it\/\"},{\"@type\":\"ListItem\",\"position\":2,\"name\":\"Italia pronta a destinare rifugiati e migranti verso orribili violenze nei centri di detenzione della Libia\"}]},{\"@type\":\"WebSite\",\"@id\":\"https:\/\/www.pressenza.com\/it\/#website\",\"url\":\"https:\/\/www.pressenza.com\/it\/\",\"name\":\"Pressenza\",\"description\":\"Agenzia di Stampa Internazionale\",\"publisher\":{\"@id\":\"https:\/\/www.pressenza.com\/it\/#organization\"},\"potentialAction\":[{\"@type\":\"SearchAction\",\"target\":{\"@type\":\"EntryPoint\",\"urlTemplate\":\"https:\/\/www.pressenza.com\/it\/?s={search_term_string}\"},\"query-input\":{\"@type\":\"PropertyValueSpecification\",\"valueRequired\":true,\"valueName\":\"search_term_string\"}}],\"inLanguage\":\"it-IT\"},{\"@type\":\"Organization\",\"@id\":\"https:\/\/www.pressenza.com\/it\/#organization\",\"name\":\"Pressenza\",\"url\":\"https:\/\/www.pressenza.com\/it\/\",\"logo\":{\"@type\":\"ImageObject\",\"inLanguage\":\"it-IT\",\"@id\":\"https:\/\/www.pressenza.com\/it\/#\/schema\/logo\/image\/\",\"url\":\"https:\/\/www.pressenza.com\/wp-content\/uploads\/2022\/10\/pressenza_logo_200x200.jpg\",\"contentUrl\":\"https:\/\/www.pressenza.com\/wp-content\/uploads\/2022\/10\/pressenza_logo_200x200.jpg\",\"width\":200,\"height\":200,\"caption\":\"Pressenza\"},\"image\":{\"@id\":\"https:\/\/www.pressenza.com\/it\/#\/schema\/logo\/image\/\"},\"sameAs\":[\"https:\/\/www.facebook.com\/PressenzaItalia\",\"https:\/\/x.com\/PressenzaIPA\"]},{\"@type\":\"Person\",\"@id\":\"https:\/\/www.pressenza.com\/it\/#\/schema\/person\/9b981b05c7ecf09292e6acb3223b2d9d\",\"name\":\"Amnesty International\",\"description\":\"Amnesty International is a global movement of more than 3 million supporters, members and activists in over 150 countries and territories who campaign to end grave abuses of human rights. Our vision is for every person to enjoy all the rights enshrined in the Universal Declaration of Human Rights and other international human rights standards. www.amnesty.org\",\"sameAs\":[\"http:\/\/www.amnesty.it\",\"https:\/\/www.facebook.com\/amnestyglobal\",\"https:\/\/x.com\/amnesty\"],\"url\":\"https:\/\/www.pressenza.com\/it\/author\/amnesty-international\/\"}]}<\/script>\n<!-- \/ Yoast SEO plugin. -->","yoast_head_json":{"title":"Italia pronta a destinare rifugiati e migranti verso orribili violenze nei centri di detenzione della Libia","description":"L\u2019Italia dovrebbe dedicarsi ad aumentare le operazioni di ricerca e soccorso. Invece ha scelto di mettere in pericolo le persone che dice di voler salvare","robots":{"index":"index","follow":"follow","max-snippet":"max-snippet:-1","max-image-preview":"max-image-preview:large","max-video-preview":"max-video-preview:-1"},"canonical":"https:\/\/www.pressenza.com\/it\/2017\/08\/italia-pronta-destinare-rifugiati-migranti-verso-orribili-violenze-nei-centri-detenzione-della-libia\/","og_locale":"it_IT","og_type":"article","og_title":"Italia pronta a destinare rifugiati e migranti verso orribili violenze nei centri di detenzione della Libia","og_description":"L\u2019Italia dovrebbe dedicarsi ad aumentare le operazioni di ricerca e soccorso. Invece ha scelto di mettere in pericolo le persone che dice di voler salvare","og_url":"https:\/\/www.pressenza.com\/it\/2017\/08\/italia-pronta-destinare-rifugiati-migranti-verso-orribili-violenze-nei-centri-detenzione-della-libia\/","og_site_name":"Pressenza","article_publisher":"https:\/\/www.facebook.com\/PressenzaItalia","article_author":"https:\/\/www.facebook.com\/amnestyglobal","article_published_time":"2017-08-02T16:07:50+00:00","article_modified_time":"2017-08-02T16:11:03+00:00","og_image":[{"width":819,"height":273,"url":"https:\/\/www.pressenza.com\/wp-content\/uploads\/2017\/08\/immigrazione-4.jpg","type":"image\/jpeg"}],"author":"Amnesty International","twitter_card":"summary_large_image","twitter_creator":"@amnesty","twitter_site":"@PressenzaIPA","twitter_misc":{"Scritto da":"Amnesty International","Tempo di lettura stimato":"1 minuto"},"schema":{"@context":"https:\/\/schema.org","@graph":[{"@type":"Article","@id":"https:\/\/www.pressenza.com\/it\/2017\/08\/italia-pronta-destinare-rifugiati-migranti-verso-orribili-violenze-nei-centri-detenzione-della-libia\/#article","isPartOf":{"@id":"https:\/\/www.pressenza.com\/it\/2017\/08\/italia-pronta-destinare-rifugiati-migranti-verso-orribili-violenze-nei-centri-detenzione-della-libia\/"},"author":{"name":"Amnesty International","@id":"https:\/\/www.pressenza.com\/it\/#\/schema\/person\/9b981b05c7ecf09292e6acb3223b2d9d"},"headline":"Italia pronta a destinare rifugiati e migranti verso orribili violenze nei centri di detenzione della Libia","datePublished":"2017-08-02T16:07:50+00:00","dateModified":"2017-08-02T16:11:03+00:00","mainEntityOfPage":{"@id":"https:\/\/www.pressenza.com\/it\/2017\/08\/italia-pronta-destinare-rifugiati-migranti-verso-orribili-violenze-nei-centri-detenzione-della-libia\/"},"wordCount":307,"publisher":{"@id":"https:\/\/www.pressenza.com\/it\/#organization"},"image":{"@id":"https:\/\/www.pressenza.com\/it\/2017\/08\/italia-pronta-destinare-rifugiati-migranti-verso-orribili-violenze-nei-centri-detenzione-della-libia\/#primaryimage"},"thumbnailUrl":"https:\/\/www.pressenza.com\/wp-content\/uploads\/2017\/08\/immigrazione-4.jpg","keywords":["Centri di detenzione","Libia","migranti","rifugiati","salvataggi in mare"],"articleSection":["Comunicati Stampa","Diritti Umani","Europa","Politica"],"inLanguage":"it-IT"},{"@type":"WebPage","@id":"https:\/\/www.pressenza.com\/it\/2017\/08\/italia-pronta-destinare-rifugiati-migranti-verso-orribili-violenze-nei-centri-detenzione-della-libia\/","url":"https:\/\/www.pressenza.com\/it\/2017\/08\/italia-pronta-destinare-rifugiati-migranti-verso-orribili-violenze-nei-centri-detenzione-della-libia\/","name":"Italia pronta a destinare rifugiati e migranti verso orribili violenze nei centri di detenzione della Libia","isPartOf":{"@id":"https:\/\/www.pressenza.com\/it\/#website"},"primaryImageOfPage":{"@id":"https:\/\/www.pressenza.com\/it\/2017\/08\/italia-pronta-destinare-rifugiati-migranti-verso-orribili-violenze-nei-centri-detenzione-della-libia\/#primaryimage"},"image":{"@id":"https:\/\/www.pressenza.com\/it\/2017\/08\/italia-pronta-destinare-rifugiati-migranti-verso-orribili-violenze-nei-centri-detenzione-della-libia\/#primaryimage"},"thumbnailUrl":"https:\/\/www.pressenza.com\/wp-content\/uploads\/2017\/08\/immigrazione-4.jpg","datePublished":"2017-08-02T16:07:50+00:00","dateModified":"2017-08-02T16:11:03+00:00","description":"L\u2019Italia dovrebbe dedicarsi ad aumentare le operazioni di ricerca e soccorso. Invece ha scelto di mettere in pericolo le persone che dice di voler salvare","breadcrumb":{"@id":"https:\/\/www.pressenza.com\/it\/2017\/08\/italia-pronta-destinare-rifugiati-migranti-verso-orribili-violenze-nei-centri-detenzione-della-libia\/#breadcrumb"},"inLanguage":"it-IT","potentialAction":[{"@type":"ReadAction","target":["https:\/\/www.pressenza.com\/it\/2017\/08\/italia-pronta-destinare-rifugiati-migranti-verso-orribili-violenze-nei-centri-detenzione-della-libia\/"]}]},{"@type":"ImageObject","inLanguage":"it-IT","@id":"https:\/\/www.pressenza.com\/it\/2017\/08\/italia-pronta-destinare-rifugiati-migranti-verso-orribili-violenze-nei-centri-detenzione-della-libia\/#primaryimage","url":"https:\/\/www.pressenza.com\/wp-content\/uploads\/2017\/08\/immigrazione-4.jpg","contentUrl":"https:\/\/www.pressenza.com\/wp-content\/uploads\/2017\/08\/immigrazione-4.jpg","width":819,"height":273},{"@type":"BreadcrumbList","@id":"https:\/\/www.pressenza.com\/it\/2017\/08\/italia-pronta-destinare-rifugiati-migranti-verso-orribili-violenze-nei-centri-detenzione-della-libia\/#breadcrumb","itemListElement":[{"@type":"ListItem","position":1,"name":"Accueil","item":"https:\/\/www.pressenza.com\/it\/"},{"@type":"ListItem","position":2,"name":"Italia pronta a destinare rifugiati e migranti verso orribili violenze nei centri di detenzione della Libia"}]},{"@type":"WebSite","@id":"https:\/\/www.pressenza.com\/it\/#website","url":"https:\/\/www.pressenza.com\/it\/","name":"Pressenza","description":"Agenzia di Stampa Internazionale","publisher":{"@id":"https:\/\/www.pressenza.com\/it\/#organization"},"potentialAction":[{"@type":"SearchAction","target":{"@type":"EntryPoint","urlTemplate":"https:\/\/www.pressenza.com\/it\/?s={search_term_string}"},"query-input":{"@type":"PropertyValueSpecification","valueRequired":true,"valueName":"search_term_string"}}],"inLanguage":"it-IT"},{"@type":"Organization","@id":"https:\/\/www.pressenza.com\/it\/#organization","name":"Pressenza","url":"https:\/\/www.pressenza.com\/it\/","logo":{"@type":"ImageObject","inLanguage":"it-IT","@id":"https:\/\/www.pressenza.com\/it\/#\/schema\/logo\/image\/","url":"https:\/\/www.pressenza.com\/wp-content\/uploads\/2022\/10\/pressenza_logo_200x200.jpg","contentUrl":"https:\/\/www.pressenza.com\/wp-content\/uploads\/2022\/10\/pressenza_logo_200x200.jpg","width":200,"height":200,"caption":"Pressenza"},"image":{"@id":"https:\/\/www.pressenza.com\/it\/#\/schema\/logo\/image\/"},"sameAs":["https:\/\/www.facebook.com\/PressenzaItalia","https:\/\/x.com\/PressenzaIPA"]},{"@type":"Person","@id":"https:\/\/www.pressenza.com\/it\/#\/schema\/person\/9b981b05c7ecf09292e6acb3223b2d9d","name":"Amnesty International","description":"Amnesty International is a global movement of more than 3 million supporters, members and activists in over 150 countries and territories who campaign to end grave abuses of human rights. Our vision is for every person to enjoy all the rights enshrined in the Universal Declaration of Human Rights and other international human rights standards. www.amnesty.org","sameAs":["http:\/\/www.amnesty.it","https:\/\/www.facebook.com\/amnestyglobal","https:\/\/x.com\/amnesty"],"url":"https:\/\/www.pressenza.com\/it\/author\/amnesty-international\/"}]}},"place":"","original_article_url":"","_links":{"self":[{"href":"https:\/\/www.pressenza.com\/it\/wp-json\/wp\/v2\/posts\/498603","targetHints":{"allow":["GET"]}}],"collection":[{"href":"https:\/\/www.pressenza.com\/it\/wp-json\/wp\/v2\/posts"}],"about":[{"href":"https:\/\/www.pressenza.com\/it\/wp-json\/wp\/v2\/types\/post"}],"author":[{"embeddable":true,"href":"https:\/\/www.pressenza.com\/it\/wp-json\/wp\/v2\/users\/432"}],"replies":[{"embeddable":true,"href":"https:\/\/www.pressenza.com\/it\/wp-json\/wp\/v2\/comments?post=498603"}],"version-history":[{"count":0,"href":"https:\/\/www.pressenza.com\/it\/wp-json\/wp\/v2\/posts\/498603\/revisions"}],"wp:featuredmedia":[{"embeddable":true,"href":"https:\/\/www.pressenza.com\/it\/wp-json\/wp\/v2\/media\/498604"}],"wp:attachment":[{"href":"https:\/\/www.pressenza.com\/it\/wp-json\/wp\/v2\/media?parent=498603"}],"wp:term":[{"taxonomy":"category","embeddable":true,"href":"https:\/\/www.pressenza.com\/it\/wp-json\/wp\/v2\/categories?post=498603"},{"taxonomy":"post_tag","embeddable":true,"href":"https:\/\/www.pressenza.com\/it\/wp-json\/wp\/v2\/tags?post=498603"}],"curies":[{"name":"wp","href":"https:\/\/api.w.org\/{rel}","templated":true}]}}