{"id":496354,"date":"2017-07-26T19:57:09","date_gmt":"2017-07-26T18:57:09","guid":{"rendered":"https:\/\/www.pressenza.com\/?p=496354\/"},"modified":"2017-07-26T19:58:24","modified_gmt":"2017-07-26T18:58:24","slug":"niscemi-muos-campeggio-corteo-6-agosto","status":"publish","type":"post","link":"https:\/\/www.pressenza.com\/it\/2017\/07\/niscemi-muos-campeggio-corteo-6-agosto\/","title":{"rendered":"Niscemi. Contro il Muos, campeggio e corteo il 6 agosto"},"content":{"rendered":"<p>Dopo il successo della manifestazione cittadina dell\u2019uno luglio a Niscemi, come\u00a0<u>movimento No Muos\u00a0<\/u>rilanciamo la lotta e promuoviamo tre giorni di campeggio, dal 4 al 6 agosto, all\u2019interno del presidio di contrada Ulmo e manifestazione il 6. Una lotta, quella contro l\u2019installazione satellitare statunitense, che spesso la gente percepisce distante dalla propria quotidianit\u00e0.<\/p>\n<p>\u00c8 realmente una cosa cos\u00ec distante dal popolo? Chiaramente no.<\/p>\n<p>Infatti, nonostante il MUOS sia gi\u00e0 attivo, crediamo sia fondamentale che questa lotta continui perch\u00e9 non rappresenta solo la lotta a una base militare, ma alle tendenze alla guerra che si stanno accentuando.<\/p>\n<p>Dopo il G7, dove i sette padroni del pianeta si sono riuniti per parlare di come spartirsi questo mondo, e dopo le manifestazioni e le iniziative che abbiamo costruito per rappresentare la controparte a quella riunione, noi continuiamo a rispondere dal basso con l\u2019intento di portare al centro del dibattito pubblico la questione della guerra, dell\u2019imperialismo e della militarizzazione dei territori, tematiche che i partiti di massa tendono a celare dietro le loro agende politiche, ma che invece sono centrali e sono il motore propulsivo delle loro politiche.<\/p>\n<p>100 sono i milioni di euro spesi al giorno in Italia per stare dentro la NATO e 64 per la guerra e le forze armate, mentre, senza fare retorica, scuole, sanit\u00e0, diritti sociali, lavoro, pensioni, in questo paese sembrano non esistere o, meglio rappresentano ambiti continuamente massacrati dalle politiche neoliberiste. La logica \u00e8 semplice: meno soldi ai servizi, cancellazione di diritti sociali, spese militari esorbitanti, per alimentare la voracit\u00e0 dei grandi gruppi industriali e degli stati che, nelle diverse parti del mondo, fanno guerre per i loro sporchi interessi producendo morti, disastri, esodi, carestie.<\/p>\n<p>Come si dice: vostre le guerre, nostri i morti.<\/p>\n<p>Crediamo sia folle indirizzare i fondi pubblici alle guerre e al sostentamento dell\u2019apparato militare dei ricchi e dei potenti del mondo. Crediamo sia giunto il momento di rialzare la testa ed esprimere tutti insieme un grande no a queste scellerate manovre politiche.<\/p>\n<p>In un mondo dove pochi detengono la ricchezza e il potere decisionale, e i tanti, troppi, non hanno la possibilit\u00e0 n\u00e9 di decidere n\u00e9 di accedere a dei servizi (che in realt\u00e0 sono diritti), crediamo sia necessario lottare con forza e ricostruire dal basso un\u2019alternativa sociale e politica che sia degna di rappresentare le istanze popolari, affinch\u00e9 la ricchezza possa essere redistribuita; affinch\u00e9 il potere possa essere dei territori.<\/p>\n<p>Il campeggio sar\u00e0 dunque un momento per rilanciare la lotta e le nostre ragioni che opponiamo da anni contro questa installazione. Il campeggio sar\u00e0 un laboratorio politico, sociale e conflittuale. \u00c8 per questo che declineremo il tema della guerra in quattro ambiti politici con l\u2019intento di capillarizzare quanto pi\u00f9 possibile il valore dell\u2019antimilitarismo e la lotta contro l\u2019imperialismo nei luoghi di studio, di aggregazione sociale e nei quartieri popolari.<\/p>\n<h4><strong>PROGRAMMA CAMPEGGIO. IN AGGIORNAMENTO<\/strong><\/h4>\n<p>VENERDI\u2019 4 AGOSTO<br \/>\n\u25cfOre 10,30 accoglienza<br \/>\n\u25cfOre 13,30 pranzo comunitario<br \/>\n\u25cfOre 16,30 primo momento assembleare \u201cCome riportare il tema della guerra al centro del dibattito pubblico? Perch\u00e9 farlo?\u201d<br \/>\nPresentazione tavoli di lavoro del giorno seguente.<br \/>\n\u25cfOre 20,30 cena comunitaria, jam session e teatro popolare.<\/p>\n<p>SABATO 5 AGOSTO<br \/>\n\u25cfOre 10 suddivisione e inizio dei tavoli di lavoro:<br \/>\n1) Scuola<br \/>\n2) Universit\u00e0<br \/>\n3) Lavoro<br \/>\n4) Immigrazione<br \/>\n\u25cfOre 13,30 pranzo comunitario<br \/>\n\u25cfOre 16,30 assemblea conclusiva \u201cQuale prospettiva nei territori?\u201d. Interventi dei referenti dei tavoli di lavoro.<br \/>\n\u25cfOre 21 cena e concerto.<\/p>\n<p>DOMENICA 6 AGOSTO<br \/>\n\u25cfOre 10,30 incontro con Paolo di Pachino, combattente in Rojava<br \/>\nIn mattinata preparazione del materiale per la manifestazione pomeridiana<br \/>\n\u25cfOre 13,30 pranzo comunitario<br \/>\n\u25cfOre 16 manifestazione in contrada Ulmo<br \/>\n\u25cfOre 21 chiusura campeggio<\/p>\n<p>Tutte le realt\u00e0 politiche, associazioni, comitati, singoli attivisti, sindacati di base, che hanno intenzione di partecipare e vogliono avere maggiori informazioni, sono invitati a contattare la pagina\u00a0<a href=\"https:\/\/www.facebook.com\/CoordinamentoNoMuos\/\" target=\"_blank\" rel=\"noopener noreferrer\">https:\/\/www.facebook.com\/CoordinamentoNoMuos\/<\/a><\/p>\n<p>La battaglia \u00e8 ancora aperta!<br \/>\nSabotare la guerra imperialista e le basi militari a partire dal Muos<br \/>\nNon un passo indietro.<\/p>\n<p><strong>Movimento NoMuos<\/strong><\/p>\n<p>&nbsp;<\/p>\n","protected":false},"excerpt":{"rendered":"<p>Dopo il successo della manifestazione cittadina dell\u2019uno luglio a Niscemi, come\u00a0movimento No Muos\u00a0rilanciamo la lotta e promuoviamo tre giorni di campeggio, dal 4 al 6 agosto, all\u2019interno del presidio di contrada Ulmo e manifestazione il 6. Una lotta, quella contro&hellip;<\/p>\n","protected":false},"author":594,"featured_media":496356,"comment_status":"closed","ping_status":"closed","sticky":false,"template":"","format":"standard","meta":{"footnotes":""},"categories":[150,47,1263],"tags":[18090,36024,1278,38443],"class_list":["post-496354","post","type-post","status-publish","format-standard","has-post-thumbnail","hentry","category-comunicati-stampa","category-europa","category-pace-disarmo","tag-campeggio","tag-corteo","tag-niscemi","tag-nomuos"],"yoast_head":"<!-- This site is optimized with the Yoast SEO plugin v27.1.1 - https:\/\/yoast.com\/product\/yoast-seo-wordpress\/ -->\n<title>Niscemi. Contro il Muos, campeggio e corteo il 6 agosto<\/title>\n<meta name=\"description\" content=\"E&#039; fondamentale che questa lotta continui perch\u00e9 rappresenta la lotta alle tendenze alla guerra che si stanno accentuando, non solo a una base militare.\" \/>\n<meta name=\"robots\" content=\"index, follow, max-snippet:-1, max-image-preview:large, max-video-preview:-1\" \/>\n<link rel=\"canonical\" href=\"https:\/\/www.pressenza.com\/it\/2017\/07\/niscemi-muos-campeggio-corteo-6-agosto\/\" \/>\n<meta property=\"og:locale\" content=\"it_IT\" \/>\n<meta property=\"og:type\" content=\"article\" \/>\n<meta property=\"og:title\" content=\"Niscemi. Contro il Muos, campeggio e corteo il 6 agosto\" \/>\n<meta property=\"og:description\" content=\"E&#039; fondamentale che questa lotta continui perch\u00e9 rappresenta la lotta alle tendenze alla guerra che si stanno accentuando, non solo a una base militare.\" \/>\n<meta property=\"og:url\" content=\"https:\/\/www.pressenza.com\/it\/2017\/07\/niscemi-muos-campeggio-corteo-6-agosto\/\" \/>\n<meta property=\"og:site_name\" content=\"Pressenza\" \/>\n<meta property=\"article:publisher\" content=\"https:\/\/www.facebook.com\/PressenzaItalia\" \/>\n<meta property=\"article:author\" content=\"https:\/\/www.facebook.com\/PressenzaItalia\" \/>\n<meta property=\"article:published_time\" content=\"2017-07-26T18:57:09+00:00\" \/>\n<meta property=\"article:modified_time\" content=\"2017-07-26T18:58:24+00:00\" \/>\n<meta property=\"og:image\" content=\"https:\/\/www.pressenza.com\/wp-content\/uploads\/2017\/07\/campo.jpg\" \/>\n\t<meta property=\"og:image:width\" content=\"960\" \/>\n\t<meta property=\"og:image:height\" content=\"595\" \/>\n\t<meta property=\"og:image:type\" content=\"image\/jpeg\" \/>\n<meta name=\"author\" content=\"Redazione Italia\" \/>\n<meta name=\"twitter:card\" content=\"summary_large_image\" \/>\n<meta name=\"twitter:creator\" content=\"@pressenza_it\" \/>\n<meta name=\"twitter:site\" content=\"@PressenzaIPA\" \/>\n<meta name=\"twitter:label1\" content=\"Scritto da\" \/>\n\t<meta name=\"twitter:data1\" content=\"Redazione Italia\" \/>\n\t<meta name=\"twitter:label2\" content=\"Tempo di lettura stimato\" \/>\n\t<meta name=\"twitter:data2\" content=\"3 minuti\" \/>\n<script type=\"application\/ld+json\" class=\"yoast-schema-graph\">{\"@context\":\"https:\/\/schema.org\",\"@graph\":[{\"@type\":\"Article\",\"@id\":\"https:\/\/www.pressenza.com\/it\/2017\/07\/niscemi-muos-campeggio-corteo-6-agosto\/#article\",\"isPartOf\":{\"@id\":\"https:\/\/www.pressenza.com\/it\/2017\/07\/niscemi-muos-campeggio-corteo-6-agosto\/\"},\"author\":{\"name\":\"Redazione Italia\",\"@id\":\"https:\/\/www.pressenza.com\/it\/#\/schema\/person\/d983e81827ae24f2c7b1a2123d197f8d\"},\"headline\":\"Niscemi. Contro il Muos, campeggio e corteo il 6 agosto\",\"datePublished\":\"2017-07-26T18:57:09+00:00\",\"dateModified\":\"2017-07-26T18:58:24+00:00\",\"mainEntityOfPage\":{\"@id\":\"https:\/\/www.pressenza.com\/it\/2017\/07\/niscemi-muos-campeggio-corteo-6-agosto\/\"},\"wordCount\":643,\"publisher\":{\"@id\":\"https:\/\/www.pressenza.com\/it\/#organization\"},\"image\":{\"@id\":\"https:\/\/www.pressenza.com\/it\/2017\/07\/niscemi-muos-campeggio-corteo-6-agosto\/#primaryimage\"},\"thumbnailUrl\":\"https:\/\/www.pressenza.com\/wp-content\/uploads\/2017\/07\/campo.jpg\",\"keywords\":[\"campeggio\",\"Corteo\",\"Niscemi\",\"NoMuos\"],\"articleSection\":[\"Comunicati Stampa\",\"Europa\",\"Pace e Disarmo\"],\"inLanguage\":\"it-IT\"},{\"@type\":\"WebPage\",\"@id\":\"https:\/\/www.pressenza.com\/it\/2017\/07\/niscemi-muos-campeggio-corteo-6-agosto\/\",\"url\":\"https:\/\/www.pressenza.com\/it\/2017\/07\/niscemi-muos-campeggio-corteo-6-agosto\/\",\"name\":\"Niscemi. Contro il Muos, campeggio e corteo il 6 agosto\",\"isPartOf\":{\"@id\":\"https:\/\/www.pressenza.com\/it\/#website\"},\"primaryImageOfPage\":{\"@id\":\"https:\/\/www.pressenza.com\/it\/2017\/07\/niscemi-muos-campeggio-corteo-6-agosto\/#primaryimage\"},\"image\":{\"@id\":\"https:\/\/www.pressenza.com\/it\/2017\/07\/niscemi-muos-campeggio-corteo-6-agosto\/#primaryimage\"},\"thumbnailUrl\":\"https:\/\/www.pressenza.com\/wp-content\/uploads\/2017\/07\/campo.jpg\",\"datePublished\":\"2017-07-26T18:57:09+00:00\",\"dateModified\":\"2017-07-26T18:58:24+00:00\",\"description\":\"E' fondamentale che questa lotta continui perch\u00e9 rappresenta la lotta alle tendenze alla guerra che si stanno accentuando, non solo a una base militare.\",\"breadcrumb\":{\"@id\":\"https:\/\/www.pressenza.com\/it\/2017\/07\/niscemi-muos-campeggio-corteo-6-agosto\/#breadcrumb\"},\"inLanguage\":\"it-IT\",\"potentialAction\":[{\"@type\":\"ReadAction\",\"target\":[\"https:\/\/www.pressenza.com\/it\/2017\/07\/niscemi-muos-campeggio-corteo-6-agosto\/\"]}]},{\"@type\":\"ImageObject\",\"inLanguage\":\"it-IT\",\"@id\":\"https:\/\/www.pressenza.com\/it\/2017\/07\/niscemi-muos-campeggio-corteo-6-agosto\/#primaryimage\",\"url\":\"https:\/\/www.pressenza.com\/wp-content\/uploads\/2017\/07\/campo.jpg\",\"contentUrl\":\"https:\/\/www.pressenza.com\/wp-content\/uploads\/2017\/07\/campo.jpg\",\"width\":960,\"height\":595},{\"@type\":\"BreadcrumbList\",\"@id\":\"https:\/\/www.pressenza.com\/it\/2017\/07\/niscemi-muos-campeggio-corteo-6-agosto\/#breadcrumb\",\"itemListElement\":[{\"@type\":\"ListItem\",\"position\":1,\"name\":\"Accueil\",\"item\":\"https:\/\/www.pressenza.com\/it\/\"},{\"@type\":\"ListItem\",\"position\":2,\"name\":\"Niscemi. Contro il Muos, campeggio e corteo il 6 agosto\"}]},{\"@type\":\"WebSite\",\"@id\":\"https:\/\/www.pressenza.com\/it\/#website\",\"url\":\"https:\/\/www.pressenza.com\/it\/\",\"name\":\"Pressenza\",\"description\":\"Agenzia di Stampa Internazionale\",\"publisher\":{\"@id\":\"https:\/\/www.pressenza.com\/it\/#organization\"},\"potentialAction\":[{\"@type\":\"SearchAction\",\"target\":{\"@type\":\"EntryPoint\",\"urlTemplate\":\"https:\/\/www.pressenza.com\/it\/?s={search_term_string}\"},\"query-input\":{\"@type\":\"PropertyValueSpecification\",\"valueRequired\":true,\"valueName\":\"search_term_string\"}}],\"inLanguage\":\"it-IT\"},{\"@type\":\"Organization\",\"@id\":\"https:\/\/www.pressenza.com\/it\/#organization\",\"name\":\"Pressenza\",\"url\":\"https:\/\/www.pressenza.com\/it\/\",\"logo\":{\"@type\":\"ImageObject\",\"inLanguage\":\"it-IT\",\"@id\":\"https:\/\/www.pressenza.com\/it\/#\/schema\/logo\/image\/\",\"url\":\"https:\/\/www.pressenza.com\/wp-content\/uploads\/2022\/10\/pressenza_logo_200x200.jpg\",\"contentUrl\":\"https:\/\/www.pressenza.com\/wp-content\/uploads\/2022\/10\/pressenza_logo_200x200.jpg\",\"width\":200,\"height\":200,\"caption\":\"Pressenza\"},\"image\":{\"@id\":\"https:\/\/www.pressenza.com\/it\/#\/schema\/logo\/image\/\"},\"sameAs\":[\"https:\/\/www.facebook.com\/PressenzaItalia\",\"https:\/\/x.com\/PressenzaIPA\"]},{\"@type\":\"Person\",\"@id\":\"https:\/\/www.pressenza.com\/it\/#\/schema\/person\/d983e81827ae24f2c7b1a2123d197f8d\",\"name\":\"Redazione Italia\",\"description\":\"News from the Pressenza Bureau in Italy\",\"sameAs\":[\"https:\/\/www.pressenza.com\/it\/author\/redazione-italia\/\",\"https:\/\/www.facebook.com\/PressenzaItalia\",\"https:\/\/www.instagram.com\/pressenza_italia\/\",\"https:\/\/x.com\/pressenza_it\",\"https:\/\/www.youtube.com\/channel\/UCSalEIWjE1RSxkwjfftFuqg\"],\"url\":\"https:\/\/www.pressenza.com\/it\/author\/redazione-italia\/\"}]}<\/script>\n<!-- \/ Yoast SEO plugin. -->","yoast_head_json":{"title":"Niscemi. Contro il Muos, campeggio e corteo il 6 agosto","description":"E' fondamentale che questa lotta continui perch\u00e9 rappresenta la lotta alle tendenze alla guerra che si stanno accentuando, non solo a una base militare.","robots":{"index":"index","follow":"follow","max-snippet":"max-snippet:-1","max-image-preview":"max-image-preview:large","max-video-preview":"max-video-preview:-1"},"canonical":"https:\/\/www.pressenza.com\/it\/2017\/07\/niscemi-muos-campeggio-corteo-6-agosto\/","og_locale":"it_IT","og_type":"article","og_title":"Niscemi. Contro il Muos, campeggio e corteo il 6 agosto","og_description":"E' fondamentale che questa lotta continui perch\u00e9 rappresenta la lotta alle tendenze alla guerra che si stanno accentuando, non solo a una base militare.","og_url":"https:\/\/www.pressenza.com\/it\/2017\/07\/niscemi-muos-campeggio-corteo-6-agosto\/","og_site_name":"Pressenza","article_publisher":"https:\/\/www.facebook.com\/PressenzaItalia","article_author":"https:\/\/www.facebook.com\/PressenzaItalia","article_published_time":"2017-07-26T18:57:09+00:00","article_modified_time":"2017-07-26T18:58:24+00:00","og_image":[{"width":960,"height":595,"url":"https:\/\/www.pressenza.com\/wp-content\/uploads\/2017\/07\/campo.jpg","type":"image\/jpeg"}],"author":"Redazione Italia","twitter_card":"summary_large_image","twitter_creator":"@pressenza_it","twitter_site":"@PressenzaIPA","twitter_misc":{"Scritto da":"Redazione Italia","Tempo di lettura stimato":"3 minuti"},"schema":{"@context":"https:\/\/schema.org","@graph":[{"@type":"Article","@id":"https:\/\/www.pressenza.com\/it\/2017\/07\/niscemi-muos-campeggio-corteo-6-agosto\/#article","isPartOf":{"@id":"https:\/\/www.pressenza.com\/it\/2017\/07\/niscemi-muos-campeggio-corteo-6-agosto\/"},"author":{"name":"Redazione Italia","@id":"https:\/\/www.pressenza.com\/it\/#\/schema\/person\/d983e81827ae24f2c7b1a2123d197f8d"},"headline":"Niscemi. Contro il Muos, campeggio e corteo il 6 agosto","datePublished":"2017-07-26T18:57:09+00:00","dateModified":"2017-07-26T18:58:24+00:00","mainEntityOfPage":{"@id":"https:\/\/www.pressenza.com\/it\/2017\/07\/niscemi-muos-campeggio-corteo-6-agosto\/"},"wordCount":643,"publisher":{"@id":"https:\/\/www.pressenza.com\/it\/#organization"},"image":{"@id":"https:\/\/www.pressenza.com\/it\/2017\/07\/niscemi-muos-campeggio-corteo-6-agosto\/#primaryimage"},"thumbnailUrl":"https:\/\/www.pressenza.com\/wp-content\/uploads\/2017\/07\/campo.jpg","keywords":["campeggio","Corteo","Niscemi","NoMuos"],"articleSection":["Comunicati Stampa","Europa","Pace e Disarmo"],"inLanguage":"it-IT"},{"@type":"WebPage","@id":"https:\/\/www.pressenza.com\/it\/2017\/07\/niscemi-muos-campeggio-corteo-6-agosto\/","url":"https:\/\/www.pressenza.com\/it\/2017\/07\/niscemi-muos-campeggio-corteo-6-agosto\/","name":"Niscemi. Contro il Muos, campeggio e corteo il 6 agosto","isPartOf":{"@id":"https:\/\/www.pressenza.com\/it\/#website"},"primaryImageOfPage":{"@id":"https:\/\/www.pressenza.com\/it\/2017\/07\/niscemi-muos-campeggio-corteo-6-agosto\/#primaryimage"},"image":{"@id":"https:\/\/www.pressenza.com\/it\/2017\/07\/niscemi-muos-campeggio-corteo-6-agosto\/#primaryimage"},"thumbnailUrl":"https:\/\/www.pressenza.com\/wp-content\/uploads\/2017\/07\/campo.jpg","datePublished":"2017-07-26T18:57:09+00:00","dateModified":"2017-07-26T18:58:24+00:00","description":"E' fondamentale che questa lotta continui perch\u00e9 rappresenta la lotta alle tendenze alla guerra che si stanno accentuando, non solo a una base militare.","breadcrumb":{"@id":"https:\/\/www.pressenza.com\/it\/2017\/07\/niscemi-muos-campeggio-corteo-6-agosto\/#breadcrumb"},"inLanguage":"it-IT","potentialAction":[{"@type":"ReadAction","target":["https:\/\/www.pressenza.com\/it\/2017\/07\/niscemi-muos-campeggio-corteo-6-agosto\/"]}]},{"@type":"ImageObject","inLanguage":"it-IT","@id":"https:\/\/www.pressenza.com\/it\/2017\/07\/niscemi-muos-campeggio-corteo-6-agosto\/#primaryimage","url":"https:\/\/www.pressenza.com\/wp-content\/uploads\/2017\/07\/campo.jpg","contentUrl":"https:\/\/www.pressenza.com\/wp-content\/uploads\/2017\/07\/campo.jpg","width":960,"height":595},{"@type":"BreadcrumbList","@id":"https:\/\/www.pressenza.com\/it\/2017\/07\/niscemi-muos-campeggio-corteo-6-agosto\/#breadcrumb","itemListElement":[{"@type":"ListItem","position":1,"name":"Accueil","item":"https:\/\/www.pressenza.com\/it\/"},{"@type":"ListItem","position":2,"name":"Niscemi. Contro il Muos, campeggio e corteo il 6 agosto"}]},{"@type":"WebSite","@id":"https:\/\/www.pressenza.com\/it\/#website","url":"https:\/\/www.pressenza.com\/it\/","name":"Pressenza","description":"Agenzia di Stampa Internazionale","publisher":{"@id":"https:\/\/www.pressenza.com\/it\/#organization"},"potentialAction":[{"@type":"SearchAction","target":{"@type":"EntryPoint","urlTemplate":"https:\/\/www.pressenza.com\/it\/?s={search_term_string}"},"query-input":{"@type":"PropertyValueSpecification","valueRequired":true,"valueName":"search_term_string"}}],"inLanguage":"it-IT"},{"@type":"Organization","@id":"https:\/\/www.pressenza.com\/it\/#organization","name":"Pressenza","url":"https:\/\/www.pressenza.com\/it\/","logo":{"@type":"ImageObject","inLanguage":"it-IT","@id":"https:\/\/www.pressenza.com\/it\/#\/schema\/logo\/image\/","url":"https:\/\/www.pressenza.com\/wp-content\/uploads\/2022\/10\/pressenza_logo_200x200.jpg","contentUrl":"https:\/\/www.pressenza.com\/wp-content\/uploads\/2022\/10\/pressenza_logo_200x200.jpg","width":200,"height":200,"caption":"Pressenza"},"image":{"@id":"https:\/\/www.pressenza.com\/it\/#\/schema\/logo\/image\/"},"sameAs":["https:\/\/www.facebook.com\/PressenzaItalia","https:\/\/x.com\/PressenzaIPA"]},{"@type":"Person","@id":"https:\/\/www.pressenza.com\/it\/#\/schema\/person\/d983e81827ae24f2c7b1a2123d197f8d","name":"Redazione Italia","description":"News from the Pressenza Bureau in Italy","sameAs":["https:\/\/www.pressenza.com\/it\/author\/redazione-italia\/","https:\/\/www.facebook.com\/PressenzaItalia","https:\/\/www.instagram.com\/pressenza_italia\/","https:\/\/x.com\/pressenza_it","https:\/\/www.youtube.com\/channel\/UCSalEIWjE1RSxkwjfftFuqg"],"url":"https:\/\/www.pressenza.com\/it\/author\/redazione-italia\/"}]}},"place":"","original_article_url":"","_links":{"self":[{"href":"https:\/\/www.pressenza.com\/it\/wp-json\/wp\/v2\/posts\/496354","targetHints":{"allow":["GET"]}}],"collection":[{"href":"https:\/\/www.pressenza.com\/it\/wp-json\/wp\/v2\/posts"}],"about":[{"href":"https:\/\/www.pressenza.com\/it\/wp-json\/wp\/v2\/types\/post"}],"author":[{"embeddable":true,"href":"https:\/\/www.pressenza.com\/it\/wp-json\/wp\/v2\/users\/594"}],"replies":[{"embeddable":true,"href":"https:\/\/www.pressenza.com\/it\/wp-json\/wp\/v2\/comments?post=496354"}],"version-history":[{"count":0,"href":"https:\/\/www.pressenza.com\/it\/wp-json\/wp\/v2\/posts\/496354\/revisions"}],"wp:featuredmedia":[{"embeddable":true,"href":"https:\/\/www.pressenza.com\/it\/wp-json\/wp\/v2\/media\/496356"}],"wp:attachment":[{"href":"https:\/\/www.pressenza.com\/it\/wp-json\/wp\/v2\/media?parent=496354"}],"wp:term":[{"taxonomy":"category","embeddable":true,"href":"https:\/\/www.pressenza.com\/it\/wp-json\/wp\/v2\/categories?post=496354"},{"taxonomy":"post_tag","embeddable":true,"href":"https:\/\/www.pressenza.com\/it\/wp-json\/wp\/v2\/tags?post=496354"}],"curies":[{"name":"wp","href":"https:\/\/api.w.org\/{rel}","templated":true}]}}