{"id":494513,"date":"2017-07-23T13:38:26","date_gmt":"2017-07-23T12:38:26","guid":{"rendered":"https:\/\/www.pressenza.com\/?p=494513\/"},"modified":"2017-07-23T13:38:26","modified_gmt":"2017-07-23T12:38:26","slug":"generazione-scomparsa-mondiali-argentina-del-1978","status":"publish","type":"post","link":"https:\/\/www.pressenza.com\/it\/2017\/07\/generazione-scomparsa-mondiali-argentina-del-1978\/","title":{"rendered":"Una generazione scomparsa &#8211; I mondiali in Argentina del 1978"},"content":{"rendered":"<p><strong>Daniele Biacchessi<\/strong><\/p>\n<p><strong>Edizioni Jaca Book<\/strong><\/p>\n<p>L&#8217;importante libro storico di Daniele Biacchessi denuncia con una fitta e sempre ben documentata trattazione il fatto che in Argentina fino al 1983 si susseguono anni contrassegnati da numerosi governi militari e pochissimi esecutivi eletti con voto popolare e democratico.<\/p>\n<p>Il periodo pi\u00f9 tremendo per l&#8217;Argentina \u00e8 quello che ha prodotto migliaia di <em>desaparecidos<\/em>, dal 1976 al 1983 e corrisponde alla giunta militare di Videla.<\/p>\n<p>&#8220;L&#8217;Argentina subisce un colpo di stato ogni dieci anni&#8221; scrive Biacchessi.<\/p>\n<p>&#8220;Nel 1955 una giunta militare elimina Per\u00f2n, chiude il Parlamento, la corte suprema di giustizia e impone lo stato d&#8217;assedio. Il capo dell&#8217;esercito scioglie tutte le istituzioni democratiche e ogni attivit\u00e0 politica e sindacale, allaccia rapporti sempre pi\u00f9 stretti con le alte autorit\u00e0 ecclesiastiche e con l&#8217;organizzazione clericale Opus Dei, che ottiene un importante ruolo governativo&#8221;.<\/p>\n<p>Nel frattempo, accanto ai montoneros, si organizza l&#8217;esercito rivoluzionario del popolo, un gruppo d&#8217;ispirazione trotzskista che mette in atto una resistenza urbana contro le forze armate e la polizia federale, e combatte contro la giunta militare al potere in Argentina dal 1966.<\/p>\n<p>Nel paese intanto crescono le attivit\u00e0 dell&#8217;Alleanza Anticomunista Argentina, una formazione paramilitare della destra eversiva con il sostegno delle forze armate, responsabile di omicidi e attentati contro militanti di sinistra, sindacalisti e peronisti di sinistra. Vengono impiegate le forze armate per la lotta contro i montoneros e i gruppi rivoluzionari resistenti, mentre gli squadroni della morte scorrazzano per il paese nella pi\u00f9 totale impunit\u00e0.<\/p>\n<p>In Argentina vengono aboliti tutti i diritti civili, politici e sindacali.<\/p>\n<p>I golpisti non trovano alcuna resistenza e opposizione. Il vero obiettivo dei dittatori argentini \u00e8 eliminare i loro nemici: militanti di sinistra, montoneros, peronisti, radicali, trotskisti.<\/p>\n<p>La persecuzione politica \u00e8 clandestina, senza camionette e blindati. Nel centro di Buenos Aires tutto sembra continuare nella pi\u00f9 assoluta normalit\u00e0. Fino al 1983, l&#8217;Argentina di Videla si trasforma in un immenso campo di concentramento, invisibile a occhi indiscreti, ma che opprime un intero popolo nel terribile Olocausto argentino.<\/p>\n<p>L&#8217;Operazione Condor nasce dopo il colpo di Stato in Cile dell&#8217;11 settembre 1973 e progetta delitti e arresti illegali contro oppositori residenti all&#8217;estero. &#8220;Il segretario di Stato americano Henry Kissinger \u00e8 certamente a conoscenza dell&#8217;Operazione Condor, tramite i suoi rapporti accertati con Contreras, con la C.I.A. e altri apparati internazionali coinvolti&#8221;.<\/p>\n<p>I killer dell&#8217;Operazione Condor si servono anche di uomini della destra eversiva italiana. A sostegno delle Madri di Plaza de Mayo si contano innumerevoli concerti e canzoni come \u201cMadri dei Desaparecidos\u201d del gruppo irlandese U2 e di Sting, l\u2019ex leader dei Police.<\/p>\n<p>Dopo l&#8217;arresto dei loro genitori, dopo la nascita in carcere, centinaia di bambini ancora in fasce vengono affidati a famiglie di militari e a membri dell&#8217;alta borghesia legati alla dittatura. I genitori naturali vengono invece torturati e poi uccisi, gettati dagli aerei nei <em>voli della morte<\/em> e sepolti in fosse comuni: <em>desaparecidos<\/em>.<\/p>\n<p>Questi fatti, che scuotono le coscienze del mondo civile, si accompagnano alla miseria programmata imposta dalla politica economica del governo dittatoriale di Videla, in cui va ricercata la spiegazione di questi gravissimi crimini contro l&#8217;umanit\u00e0, che coinvolgono il sistema delle multinazionali americane e internazionali, volto a strozzare l&#8217;Argentina.<\/p>\n<p>&#8220;La dittatura, privatizzando le banche ha messo i risparmi e il credito nazionale nelle mani delle banche straniere e indennizzando la Itt e la Siemens ha premiato le imprese che hanno truffato lo Stato, aumentando i profitti della Shell e della Esso&#8221; come scrive il giornalista, scrittore e intellettuale Rodolfo Walsh, in una lettera al governo militare, in cui denuncia i crimini della dittatura..<\/p>\n<p>&#8220;I lavori portati a termine per i campionati mondiali del 1978 offrono agli osservatori internazionali un falso prototipo di efficienza, ordine e tranquillit\u00e0 dell&#8217;Argentina sotto il regime militare&#8221; denuncia Biacchessi nella trattazione storica.<\/p>\n<p>&#8220;E in Italia? in Italia il problema del regime argentino e della repressione quasi non esiste. La stampa italiana si limita a occuparsi del fatto sportivo e non approfondisce l&#8217;analisi della situazione politica e sociale del paese. Le manifestazione delle Madri di Plaza de Mayo vengono ignorate dai nostri mezzi di informazione. La dittatura argentina di Videla cerc\u00f2 di utilizzare il mondiale del 1978 per coprire i crimini terribili che stava commettendo&#8221;.<\/p>\n<p>Licio Gelli ha intessuto una grande rete di rapporti in Argentina con personaggi di alto livello della politica, dell&#8217;economia e della finanza, cos\u00ec vasta da consentirgli di acquisire privilegi impensabili per un qualsiasi cittadino straniero. Lo stesso colpo di stato dei generali con il loro programma chiamato \u201cProcesso di Riorganizzazione Nazionale\u201d risulta troppo simile al Piano di Rinascita della P2. Governo e diplomazia italiana scelgono il silenzio sul dramma dei diritti umani per non perdere la possibilit\u00e0 di fare affari con l&#8217;Argentina, attraverso cooperazioni e scambi commerciali.<\/p>\n<p>Il presidente della Repubblica Sandro Pertini esprime una totale indignazione, inviando un telegramma durissimo al governo argentino, denunciando l&#8217;agghiacciante cinismo del comunicato col quale si annuncia la morte di cittadini argentini e stranieri scomparsi in Argentina nei tragici anni trascorsi sotto la dittatura militare, collocando i responsabili fuori dall&#8217;umanit\u00e0 civile: \u201cEsprimo lo sdegno e la protesta mia e del popolo italiano in nome degli elementari diritti umani, cos\u00ec crudelmente scherniti e calpestati\u201d, scrive il nostro Presidente Partigiano.<\/p>\n<p><img loading=\"lazy\" decoding=\"async\" class=\"aligncenter wp-image-494544 size-full\" src=\"https:\/\/www.pressenza.com\/wp-content\/uploads\/2017\/07\/generazione-scomparsa-libro.jpg\" alt=\"\" width=\"400\" height=\"613\" srcset=\"https:\/\/www.pressenza.com\/wp-content\/uploads\/2017\/07\/generazione-scomparsa-libro.jpg 400w, https:\/\/www.pressenza.com\/wp-content\/uploads\/2017\/07\/generazione-scomparsa-libro-196x300.jpg 196w\" sizes=\"auto, (max-width: 400px) 100vw, 400px\" \/><\/p>\n","protected":false},"excerpt":{"rendered":"<p>Daniele Biacchessi Edizioni Jaca Book L&#8217;importante libro storico di Daniele Biacchessi denuncia con una fitta e sempre ben documentata trattazione il fatto che in Argentina fino al 1983 si susseguono anni contrassegnati da numerosi governi militari e pochissimi esecutivi eletti&hellip;<\/p>\n","protected":false},"author":535,"featured_media":494534,"comment_status":"closed","ping_status":"closed","sticky":false,"template":"","format":"standard","meta":{"footnotes":""},"categories":[56,162,48],"tags":[1688,3699,39020,28764],"class_list":["post-494513","post","type-post","status-publish","format-standard","has-post-thumbnail","hentry","category-cultura","category-opinioni","category-sud-america","tag-argentina-it","tag-desaparecidos","tag-dittature-militari","tag-madri-di-plaza-de-mayo"],"yoast_head":"<!-- This site is optimized with the Yoast SEO plugin v27.1.1 - https:\/\/yoast.com\/product\/yoast-seo-wordpress\/ -->\n<title>Una generazione scomparsa - I mondiali in Argentina del 1978<\/title>\n<meta name=\"description\" content=\"Daniele Biacchessi Edizioni Jaca Book L&#039;importante libro storico di Daniele Biacchessi denuncia con una fitta e sempre ben documentata trattazione il\" \/>\n<meta name=\"robots\" content=\"index, follow, max-snippet:-1, max-image-preview:large, max-video-preview:-1\" \/>\n<link rel=\"canonical\" href=\"https:\/\/www.pressenza.com\/it\/2017\/07\/generazione-scomparsa-mondiali-argentina-del-1978\/\" \/>\n<meta property=\"og:locale\" content=\"it_IT\" \/>\n<meta property=\"og:type\" content=\"article\" \/>\n<meta property=\"og:title\" content=\"Una generazione scomparsa - I mondiali in Argentina del 1978\" \/>\n<meta property=\"og:description\" content=\"Daniele Biacchessi Edizioni Jaca Book L&#039;importante libro storico di Daniele Biacchessi denuncia con una fitta e sempre ben documentata trattazione il\" \/>\n<meta property=\"og:url\" content=\"https:\/\/www.pressenza.com\/it\/2017\/07\/generazione-scomparsa-mondiali-argentina-del-1978\/\" \/>\n<meta property=\"og:site_name\" content=\"Pressenza\" \/>\n<meta property=\"article:publisher\" content=\"https:\/\/www.facebook.com\/PressenzaItalia\" \/>\n<meta property=\"article:published_time\" content=\"2017-07-23T12:38:26+00:00\" \/>\n<meta property=\"og:image\" content=\"https:\/\/www.pressenza.com\/wp-content\/uploads\/2017\/07\/fazzoletto-Madri.jpg\" \/>\n\t<meta property=\"og:image:width\" content=\"2048\" \/>\n\t<meta property=\"og:image:height\" content=\"1366\" \/>\n\t<meta property=\"og:image:type\" content=\"image\/jpeg\" \/>\n<meta name=\"author\" content=\"Laura Tussi\" \/>\n<meta name=\"twitter:card\" content=\"summary_large_image\" \/>\n<meta name=\"twitter:creator\" content=\"@PressenzaIPA\" \/>\n<meta name=\"twitter:site\" content=\"@PressenzaIPA\" \/>\n<meta name=\"twitter:label1\" content=\"Scritto da\" \/>\n\t<meta name=\"twitter:data1\" content=\"Laura Tussi\" \/>\n\t<meta name=\"twitter:label2\" content=\"Tempo di lettura stimato\" \/>\n\t<meta name=\"twitter:data2\" content=\"4 minuti\" \/>\n<script type=\"application\/ld+json\" class=\"yoast-schema-graph\">{\"@context\":\"https:\/\/schema.org\",\"@graph\":[{\"@type\":\"Article\",\"@id\":\"https:\/\/www.pressenza.com\/it\/2017\/07\/generazione-scomparsa-mondiali-argentina-del-1978\/#article\",\"isPartOf\":{\"@id\":\"https:\/\/www.pressenza.com\/it\/2017\/07\/generazione-scomparsa-mondiali-argentina-del-1978\/\"},\"author\":{\"name\":\"Laura Tussi\",\"@id\":\"https:\/\/www.pressenza.com\/it\/#\/schema\/person\/4c966fac98e44f3bbd881d8e837f60da\"},\"headline\":\"Una generazione scomparsa &#8211; I mondiali in Argentina del 1978\",\"datePublished\":\"2017-07-23T12:38:26+00:00\",\"mainEntityOfPage\":{\"@id\":\"https:\/\/www.pressenza.com\/it\/2017\/07\/generazione-scomparsa-mondiali-argentina-del-1978\/\"},\"wordCount\":879,\"publisher\":{\"@id\":\"https:\/\/www.pressenza.com\/it\/#organization\"},\"image\":{\"@id\":\"https:\/\/www.pressenza.com\/it\/2017\/07\/generazione-scomparsa-mondiali-argentina-del-1978\/#primaryimage\"},\"thumbnailUrl\":\"https:\/\/www.pressenza.com\/wp-content\/uploads\/2017\/07\/fazzoletto-Madri.jpg\",\"keywords\":[\"Argentina\",\"desaparecidos\",\"dittature militari\",\"Madri di Plaza de Mayo\"],\"articleSection\":[\"Cultura e Media\",\"Opinioni\",\"Sud America\"],\"inLanguage\":\"it-IT\"},{\"@type\":\"WebPage\",\"@id\":\"https:\/\/www.pressenza.com\/it\/2017\/07\/generazione-scomparsa-mondiali-argentina-del-1978\/\",\"url\":\"https:\/\/www.pressenza.com\/it\/2017\/07\/generazione-scomparsa-mondiali-argentina-del-1978\/\",\"name\":\"Una generazione scomparsa - I mondiali in Argentina del 1978\",\"isPartOf\":{\"@id\":\"https:\/\/www.pressenza.com\/it\/#website\"},\"primaryImageOfPage\":{\"@id\":\"https:\/\/www.pressenza.com\/it\/2017\/07\/generazione-scomparsa-mondiali-argentina-del-1978\/#primaryimage\"},\"image\":{\"@id\":\"https:\/\/www.pressenza.com\/it\/2017\/07\/generazione-scomparsa-mondiali-argentina-del-1978\/#primaryimage\"},\"thumbnailUrl\":\"https:\/\/www.pressenza.com\/wp-content\/uploads\/2017\/07\/fazzoletto-Madri.jpg\",\"datePublished\":\"2017-07-23T12:38:26+00:00\",\"description\":\"Daniele Biacchessi Edizioni Jaca Book L'importante libro storico di Daniele Biacchessi denuncia con una fitta e sempre ben documentata trattazione il\",\"breadcrumb\":{\"@id\":\"https:\/\/www.pressenza.com\/it\/2017\/07\/generazione-scomparsa-mondiali-argentina-del-1978\/#breadcrumb\"},\"inLanguage\":\"it-IT\",\"potentialAction\":[{\"@type\":\"ReadAction\",\"target\":[\"https:\/\/www.pressenza.com\/it\/2017\/07\/generazione-scomparsa-mondiali-argentina-del-1978\/\"]}]},{\"@type\":\"ImageObject\",\"inLanguage\":\"it-IT\",\"@id\":\"https:\/\/www.pressenza.com\/it\/2017\/07\/generazione-scomparsa-mondiali-argentina-del-1978\/#primaryimage\",\"url\":\"https:\/\/www.pressenza.com\/wp-content\/uploads\/2017\/07\/fazzoletto-Madri.jpg\",\"contentUrl\":\"https:\/\/www.pressenza.com\/wp-content\/uploads\/2017\/07\/fazzoletto-Madri.jpg\",\"width\":2048,\"height\":1366},{\"@type\":\"BreadcrumbList\",\"@id\":\"https:\/\/www.pressenza.com\/it\/2017\/07\/generazione-scomparsa-mondiali-argentina-del-1978\/#breadcrumb\",\"itemListElement\":[{\"@type\":\"ListItem\",\"position\":1,\"name\":\"Accueil\",\"item\":\"https:\/\/www.pressenza.com\/it\/\"},{\"@type\":\"ListItem\",\"position\":2,\"name\":\"Una generazione scomparsa &#8211; I mondiali in Argentina del 1978\"}]},{\"@type\":\"WebSite\",\"@id\":\"https:\/\/www.pressenza.com\/it\/#website\",\"url\":\"https:\/\/www.pressenza.com\/it\/\",\"name\":\"Pressenza\",\"description\":\"Agenzia di Stampa Internazionale\",\"publisher\":{\"@id\":\"https:\/\/www.pressenza.com\/it\/#organization\"},\"potentialAction\":[{\"@type\":\"SearchAction\",\"target\":{\"@type\":\"EntryPoint\",\"urlTemplate\":\"https:\/\/www.pressenza.com\/it\/?s={search_term_string}\"},\"query-input\":{\"@type\":\"PropertyValueSpecification\",\"valueRequired\":true,\"valueName\":\"search_term_string\"}}],\"inLanguage\":\"it-IT\"},{\"@type\":\"Organization\",\"@id\":\"https:\/\/www.pressenza.com\/it\/#organization\",\"name\":\"Pressenza\",\"url\":\"https:\/\/www.pressenza.com\/it\/\",\"logo\":{\"@type\":\"ImageObject\",\"inLanguage\":\"it-IT\",\"@id\":\"https:\/\/www.pressenza.com\/it\/#\/schema\/logo\/image\/\",\"url\":\"https:\/\/www.pressenza.com\/wp-content\/uploads\/2022\/10\/pressenza_logo_200x200.jpg\",\"contentUrl\":\"https:\/\/www.pressenza.com\/wp-content\/uploads\/2022\/10\/pressenza_logo_200x200.jpg\",\"width\":200,\"height\":200,\"caption\":\"Pressenza\"},\"image\":{\"@id\":\"https:\/\/www.pressenza.com\/it\/#\/schema\/logo\/image\/\"},\"sameAs\":[\"https:\/\/www.facebook.com\/PressenzaItalia\",\"https:\/\/x.com\/PressenzaIPA\"]},{\"@type\":\"Person\",\"@id\":\"https:\/\/www.pressenza.com\/it\/#\/schema\/person\/4c966fac98e44f3bbd881d8e837f60da\",\"name\":\"Laura Tussi\",\"description\":\"Docente, giornalista e ricercatrice, si occupa di pedagogia nonviolenta e interculturale. Ha conseguito cinque lauree specialistiche in formazione degli adulti e consulenza pedagogica nell'ambito delle scienze della formazione e dell'educazione.\",\"url\":\"https:\/\/www.pressenza.com\/it\/author\/laura-tussi\/\"}]}<\/script>\n<!-- \/ Yoast SEO plugin. -->","yoast_head_json":{"title":"Una generazione scomparsa - I mondiali in Argentina del 1978","description":"Daniele Biacchessi Edizioni Jaca Book L'importante libro storico di Daniele Biacchessi denuncia con una fitta e sempre ben documentata trattazione il","robots":{"index":"index","follow":"follow","max-snippet":"max-snippet:-1","max-image-preview":"max-image-preview:large","max-video-preview":"max-video-preview:-1"},"canonical":"https:\/\/www.pressenza.com\/it\/2017\/07\/generazione-scomparsa-mondiali-argentina-del-1978\/","og_locale":"it_IT","og_type":"article","og_title":"Una generazione scomparsa - I mondiali in Argentina del 1978","og_description":"Daniele Biacchessi Edizioni Jaca Book L'importante libro storico di Daniele Biacchessi denuncia con una fitta e sempre ben documentata trattazione il","og_url":"https:\/\/www.pressenza.com\/it\/2017\/07\/generazione-scomparsa-mondiali-argentina-del-1978\/","og_site_name":"Pressenza","article_publisher":"https:\/\/www.facebook.com\/PressenzaItalia","article_published_time":"2017-07-23T12:38:26+00:00","og_image":[{"width":2048,"height":1366,"url":"https:\/\/www.pressenza.com\/wp-content\/uploads\/2017\/07\/fazzoletto-Madri.jpg","type":"image\/jpeg"}],"author":"Laura Tussi","twitter_card":"summary_large_image","twitter_creator":"@PressenzaIPA","twitter_site":"@PressenzaIPA","twitter_misc":{"Scritto da":"Laura Tussi","Tempo di lettura stimato":"4 minuti"},"schema":{"@context":"https:\/\/schema.org","@graph":[{"@type":"Article","@id":"https:\/\/www.pressenza.com\/it\/2017\/07\/generazione-scomparsa-mondiali-argentina-del-1978\/#article","isPartOf":{"@id":"https:\/\/www.pressenza.com\/it\/2017\/07\/generazione-scomparsa-mondiali-argentina-del-1978\/"},"author":{"name":"Laura Tussi","@id":"https:\/\/www.pressenza.com\/it\/#\/schema\/person\/4c966fac98e44f3bbd881d8e837f60da"},"headline":"Una generazione scomparsa &#8211; I mondiali in Argentina del 1978","datePublished":"2017-07-23T12:38:26+00:00","mainEntityOfPage":{"@id":"https:\/\/www.pressenza.com\/it\/2017\/07\/generazione-scomparsa-mondiali-argentina-del-1978\/"},"wordCount":879,"publisher":{"@id":"https:\/\/www.pressenza.com\/it\/#organization"},"image":{"@id":"https:\/\/www.pressenza.com\/it\/2017\/07\/generazione-scomparsa-mondiali-argentina-del-1978\/#primaryimage"},"thumbnailUrl":"https:\/\/www.pressenza.com\/wp-content\/uploads\/2017\/07\/fazzoletto-Madri.jpg","keywords":["Argentina","desaparecidos","dittature militari","Madri di Plaza de Mayo"],"articleSection":["Cultura e Media","Opinioni","Sud America"],"inLanguage":"it-IT"},{"@type":"WebPage","@id":"https:\/\/www.pressenza.com\/it\/2017\/07\/generazione-scomparsa-mondiali-argentina-del-1978\/","url":"https:\/\/www.pressenza.com\/it\/2017\/07\/generazione-scomparsa-mondiali-argentina-del-1978\/","name":"Una generazione scomparsa - I mondiali in Argentina del 1978","isPartOf":{"@id":"https:\/\/www.pressenza.com\/it\/#website"},"primaryImageOfPage":{"@id":"https:\/\/www.pressenza.com\/it\/2017\/07\/generazione-scomparsa-mondiali-argentina-del-1978\/#primaryimage"},"image":{"@id":"https:\/\/www.pressenza.com\/it\/2017\/07\/generazione-scomparsa-mondiali-argentina-del-1978\/#primaryimage"},"thumbnailUrl":"https:\/\/www.pressenza.com\/wp-content\/uploads\/2017\/07\/fazzoletto-Madri.jpg","datePublished":"2017-07-23T12:38:26+00:00","description":"Daniele Biacchessi Edizioni Jaca Book L'importante libro storico di Daniele Biacchessi denuncia con una fitta e sempre ben documentata trattazione il","breadcrumb":{"@id":"https:\/\/www.pressenza.com\/it\/2017\/07\/generazione-scomparsa-mondiali-argentina-del-1978\/#breadcrumb"},"inLanguage":"it-IT","potentialAction":[{"@type":"ReadAction","target":["https:\/\/www.pressenza.com\/it\/2017\/07\/generazione-scomparsa-mondiali-argentina-del-1978\/"]}]},{"@type":"ImageObject","inLanguage":"it-IT","@id":"https:\/\/www.pressenza.com\/it\/2017\/07\/generazione-scomparsa-mondiali-argentina-del-1978\/#primaryimage","url":"https:\/\/www.pressenza.com\/wp-content\/uploads\/2017\/07\/fazzoletto-Madri.jpg","contentUrl":"https:\/\/www.pressenza.com\/wp-content\/uploads\/2017\/07\/fazzoletto-Madri.jpg","width":2048,"height":1366},{"@type":"BreadcrumbList","@id":"https:\/\/www.pressenza.com\/it\/2017\/07\/generazione-scomparsa-mondiali-argentina-del-1978\/#breadcrumb","itemListElement":[{"@type":"ListItem","position":1,"name":"Accueil","item":"https:\/\/www.pressenza.com\/it\/"},{"@type":"ListItem","position":2,"name":"Una generazione scomparsa &#8211; I mondiali in Argentina del 1978"}]},{"@type":"WebSite","@id":"https:\/\/www.pressenza.com\/it\/#website","url":"https:\/\/www.pressenza.com\/it\/","name":"Pressenza","description":"Agenzia di Stampa Internazionale","publisher":{"@id":"https:\/\/www.pressenza.com\/it\/#organization"},"potentialAction":[{"@type":"SearchAction","target":{"@type":"EntryPoint","urlTemplate":"https:\/\/www.pressenza.com\/it\/?s={search_term_string}"},"query-input":{"@type":"PropertyValueSpecification","valueRequired":true,"valueName":"search_term_string"}}],"inLanguage":"it-IT"},{"@type":"Organization","@id":"https:\/\/www.pressenza.com\/it\/#organization","name":"Pressenza","url":"https:\/\/www.pressenza.com\/it\/","logo":{"@type":"ImageObject","inLanguage":"it-IT","@id":"https:\/\/www.pressenza.com\/it\/#\/schema\/logo\/image\/","url":"https:\/\/www.pressenza.com\/wp-content\/uploads\/2022\/10\/pressenza_logo_200x200.jpg","contentUrl":"https:\/\/www.pressenza.com\/wp-content\/uploads\/2022\/10\/pressenza_logo_200x200.jpg","width":200,"height":200,"caption":"Pressenza"},"image":{"@id":"https:\/\/www.pressenza.com\/it\/#\/schema\/logo\/image\/"},"sameAs":["https:\/\/www.facebook.com\/PressenzaItalia","https:\/\/x.com\/PressenzaIPA"]},{"@type":"Person","@id":"https:\/\/www.pressenza.com\/it\/#\/schema\/person\/4c966fac98e44f3bbd881d8e837f60da","name":"Laura Tussi","description":"Docente, giornalista e ricercatrice, si occupa di pedagogia nonviolenta e interculturale. Ha conseguito cinque lauree specialistiche in formazione degli adulti e consulenza pedagogica nell'ambito delle scienze della formazione e dell'educazione.","url":"https:\/\/www.pressenza.com\/it\/author\/laura-tussi\/"}]}},"place":"","original_article_url":"","_links":{"self":[{"href":"https:\/\/www.pressenza.com\/it\/wp-json\/wp\/v2\/posts\/494513","targetHints":{"allow":["GET"]}}],"collection":[{"href":"https:\/\/www.pressenza.com\/it\/wp-json\/wp\/v2\/posts"}],"about":[{"href":"https:\/\/www.pressenza.com\/it\/wp-json\/wp\/v2\/types\/post"}],"author":[{"embeddable":true,"href":"https:\/\/www.pressenza.com\/it\/wp-json\/wp\/v2\/users\/535"}],"replies":[{"embeddable":true,"href":"https:\/\/www.pressenza.com\/it\/wp-json\/wp\/v2\/comments?post=494513"}],"version-history":[{"count":0,"href":"https:\/\/www.pressenza.com\/it\/wp-json\/wp\/v2\/posts\/494513\/revisions"}],"wp:featuredmedia":[{"embeddable":true,"href":"https:\/\/www.pressenza.com\/it\/wp-json\/wp\/v2\/media\/494534"}],"wp:attachment":[{"href":"https:\/\/www.pressenza.com\/it\/wp-json\/wp\/v2\/media?parent=494513"}],"wp:term":[{"taxonomy":"category","embeddable":true,"href":"https:\/\/www.pressenza.com\/it\/wp-json\/wp\/v2\/categories?post=494513"},{"taxonomy":"post_tag","embeddable":true,"href":"https:\/\/www.pressenza.com\/it\/wp-json\/wp\/v2\/tags?post=494513"}],"curies":[{"name":"wp","href":"https:\/\/api.w.org\/{rel}","templated":true}]}}