{"id":494306,"date":"2017-07-22T14:12:09","date_gmt":"2017-07-22T13:12:09","guid":{"rendered":"https:\/\/www.pressenza.com\/?p=494306\/"},"modified":"2017-08-14T23:46:29","modified_gmt":"2017-08-14T22:46:29","slug":"massacro-alla-diaz-genova-torna-polizia","status":"publish","type":"post","link":"https:\/\/www.pressenza.com\/it\/2017\/07\/massacro-alla-diaz-genova-torna-polizia\/","title":{"rendered":"Chi massacr\u00f2 alla Diaz di Genova torna in Polizia"},"content":{"rendered":"<p>Scadr\u00e0 tra pochi giorni l\u2019interdizione dai pubblici uffici scattata con le pene inflitte solo cinque anni fa, a dieci anni da fatti, ad alcuni poliziotti condannati dopo i fatti della scuola Diaz di Genova e l\u2019introduzione nell\u2019edificio delle false molotov durante il G8 del 2001.\u00a0La notizia \u00e8 stata anticipata da\u00a0<em>Secolo XIX<\/em>\u00a0e\u00a0<em>Repubblica<\/em>. Alcuni di quei poliziotti sono gi\u00e0 in et\u00e0 pensionabile, mentre altri potranno essere reintegrati in servizio. Tra questi l\u2019ex capo dello Sco Gilberto Caldarozzi, l\u2019ex dirigente della Digos genovese Spartaco Mortola e il funzionario di polizia Pietro Troiani, mentre Massimo Nucera, il poliziotto che raccont\u00f2 mentendo di aver ricevuto una coltellata, \u00e8 gi\u00e0 stato reintegrato.<\/p>\n<p>L\u2019impossibilit\u00e0 per i magistrati di accertare le responsabilit\u00e0 personali in molti singoli episodi, vergogna di omert\u00e0 nella vergogna, ridusse le condanne possibili al solo reato di falso, cio\u00e8 la firma sotto al verbale in cui si dichiarava che all\u2019interno della scuola erano presenti alcune molotov, in realt\u00e0 introdotte da alcuni agenti di polizia<strong>.<\/strong>\u00a0A sedici imputati furono inflitte pene tra i 2 e i 14 anni, ma la gran parte sono state da 3 anni e 8 mesi. Nessuno dei colpevoli and\u00f2 mai in carcere. Vennero colpiti anche alcuni tra i massimi dirigenti di allora, finiti per un certo tempo ai domiciliari, come Francesco Gratteri e Giovanni Luperi. Dei 16 condannati la met\u00e0 ha potuto andare in pensione, mentre per gli altri \u00e8 concreta la possibilit\u00e0 di rientrare in servizio.<\/p>\n<p>Altri dettagli forniti da Marco Preve sollevano ulteriore indignazione. La scadenza si intreccia con un passaggio molto duro dell\u2019ultima sentenza sui fatti della Diaz, con cui la\u00a0<strong><a href=\"http:\/\/www.echr.coe.int\/Pages\/home.aspx?p=applicants\/ita\">Corte Europea dei Diritti dell\u2019Uomo<\/a><\/strong>\u00a0ha nuovamente condannato l\u2019Italia per l\u2019assenza del reato di tortura. La legge, tra mille contestazioni, \u00e8 stata approvata pochi giorni fa. Partiamo da alcuni rientri improbabili che aiutano per\u00f2 a capire le rete di \u2018aiuti\u2019 e di solidariet\u00e0 omertosa attorno ai colpevoli di maggior richiamo.\u00a0Gilberto Caldarozzi, un passato da cacciatore di mafiosi e capo del Servizio centrale operativo, sospeso dalla Polizia, ha lavorato per le banche ed \u00e8 poi stato chiamato come consulente della sicurezza a Finmeccanica dal suo vecchio capo, il presidente del colosso di stato, Gianni De Gennaro. Difficilmente lo vedremo nuovamente in Polizia<\/p>\n<p>Rientro improbabile anche quello di Filippo Ferri, il pi\u00f9 giovane dei dirigenti condannati, figlio dell\u2019ex ministro e fratello dell\u2019attuale sottosegretario alla giustizia Cosimo, magistrato. Ferri \u00e8 attualmente responsabile della sicurezza del Milan. Tra gli altri possibili rientri anche quelli di altri condannati per i falsi verbali, Salvatore Gava, ex dirigente di squadra mobile che oggi lavora per Unicredit, attivit\u00e0 manageriale che starebbe svolgendo anche un altro condannato per la Diaz, quel Fabio Ciccimarra che \u00e8 stato condannato in appello (prescritto in Cassazione) per sequestro di persona per i fatti del G7 di Napoli alla Caserma Raniero, sempre nel 2001.<\/p>\n<p>Va anche detto che i responsabili della \u201cmacelleria messicana\u201d, come la defin\u00ec il vicequestore Massimiliano Fournier, che dovevano rispondere di lesioni gravi, dalla polizia non se ne sono mai andati. Come tutti gli agenti picchiatori che, nonostante la presenza dei migliori investigatori quella notte alla Diaz, non vennero mai identificati.\u00a0Strano, vero? Pensare che gli stessi giudici della Corte di Strasburgo che hanno condannato l\u2019Italia per l\u2019assenza del reato di\u00a0<a href=\"http:\/\/www.unimondo.org\/Guide\/Diritti-umani\/Tortura\">tortura<\/a>, citano come attenuante per il paese le sanzioni che avrebbero comunque punito i colpevoli, tortura o meno, come appunto, \u00absanzioni pecuniarie proporzionate al salario individuale [\u2026] Alcuni sono stati sanzionati con l\u2019interruzione del servizio o con il blocco delle carriere\u00bb.<\/p>\n<p>Tradotto, signori giudici del tribunale internazionale, i 47 euro con cui si pun\u00ec un poliziotto che finse di aver ricevuto una coltellata. Quanto al blocco delle carriere -segnala sempre Marco Preve- i principali condannati come Franco Gratteri e Giovanni Luperi raggiunsero le posizioni apicali della polizia mentre il processo nei loro confronti era ancora in corso.<\/p>\n<p>Il capo della polizia oggi: \u201cIl G8 di Genova fu una catastrofe\u201d: Gabrielli e le responsabilit\u00e0 di quei giorni. \u201cAl posto di De Gennaro mi sarei dimesso\u201d. Un\u2019intervista di Carlo Bonini su Repubblica.\u00a0\u00abNon dobbiamo pi\u00f9 continuare a camminare in avanti con lo sguardo rivolto all\u2019indietro\u00bb, dice il capo della Polizia Franco Gabrielli a 16 anni dal drammatico G8 di Genova. \u00abPerch\u00e9 se Genova, ancora oggi, \u00e8 motivo di dolore e diffidenza, allora vuol dire che in questi 16 anni la riflessione non \u00e8 stata sufficiente. N\u00e9 \u00e8 stato sufficiente chiedere scusa a posteriori\u00bb.<\/p>\n<p><strong>\u00a0<\/strong><\/p>\n<p>Ennio Remondino\u00a0da\u00a0<a href=\"http:\/\/www.remocontro.it\/2017\/07\/19\/massacro-alla-diaz-genova-torna-polizia\/\">Remocontro.it<\/a><\/p>\n<p>&nbsp;<\/p>\n","protected":false},"excerpt":{"rendered":"<p>Scadr\u00e0 tra pochi giorni l\u2019interdizione dai pubblici uffici scattata con le pene inflitte solo cinque anni fa, a dieci anni da fatti, ad alcuni poliziotti condannati dopo i fatti della scuola Diaz di Genova e l\u2019introduzione nell\u2019edificio delle false molotov&hellip;<\/p>\n","protected":false},"author":599,"featured_media":494307,"comment_status":"closed","ping_status":"closed","sticky":false,"template":"","format":"standard","meta":{"footnotes":""},"categories":[60,47,162],"tags":[16875,1470,14724,5948],"class_list":["post-494306","post","type-post","status-publish","format-standard","has-post-thumbnail","hentry","category-diritti-umani","category-europa","category-opinioni","tag-g8-genova","tag-polizia","tag-reato-di-tortura","tag-scuola-diaz"],"yoast_head":"<!-- This site is optimized with the Yoast SEO plugin v27.1.1 - https:\/\/yoast.com\/product\/yoast-seo-wordpress\/ -->\n<title>Chi massacr\u00f2 alla Diaz di Genova torna in Polizia<\/title>\n<meta name=\"description\" content=\"Scadr\u00e0 tra pochi giorni l\u2019interdizione dai pubblici uffici scattata con le pene inflitte solo cinque anni fa, a dieci anni da fatti, ad alcuni poliziotti\" \/>\n<meta name=\"robots\" content=\"index, follow, max-snippet:-1, max-image-preview:large, max-video-preview:-1\" \/>\n<link rel=\"canonical\" href=\"https:\/\/www.pressenza.com\/it\/2017\/07\/massacro-alla-diaz-genova-torna-polizia\/\" \/>\n<meta property=\"og:locale\" content=\"it_IT\" \/>\n<meta property=\"og:type\" content=\"article\" \/>\n<meta property=\"og:title\" content=\"Chi massacr\u00f2 alla Diaz di Genova torna in Polizia\" \/>\n<meta property=\"og:description\" content=\"Scadr\u00e0 tra pochi giorni l\u2019interdizione dai pubblici uffici scattata con le pene inflitte solo cinque anni fa, a dieci anni da fatti, ad alcuni poliziotti\" \/>\n<meta property=\"og:url\" content=\"https:\/\/www.pressenza.com\/it\/2017\/07\/massacro-alla-diaz-genova-torna-polizia\/\" \/>\n<meta property=\"og:site_name\" content=\"Pressenza\" \/>\n<meta property=\"article:publisher\" content=\"https:\/\/www.facebook.com\/PressenzaItalia\" \/>\n<meta property=\"article:published_time\" content=\"2017-07-22T13:12:09+00:00\" \/>\n<meta property=\"article:modified_time\" content=\"2017-08-14T22:46:29+00:00\" \/>\n<meta property=\"og:image\" content=\"https:\/\/www.pressenza.com\/wp-content\/uploads\/2017\/07\/Genova-G8_2001-Carica_della_polizia.jpg\" \/>\n\t<meta property=\"og:image:width\" content=\"800\" \/>\n\t<meta property=\"og:image:height\" content=\"557\" \/>\n\t<meta property=\"og:image:type\" content=\"image\/jpeg\" \/>\n<meta name=\"author\" content=\"Unimondo\" \/>\n<meta name=\"twitter:card\" content=\"summary_large_image\" \/>\n<meta name=\"twitter:creator\" content=\"@PressenzaIPA\" \/>\n<meta name=\"twitter:site\" content=\"@PressenzaIPA\" \/>\n<meta name=\"twitter:label1\" content=\"Scritto da\" \/>\n\t<meta name=\"twitter:data1\" content=\"Unimondo\" \/>\n\t<meta name=\"twitter:label2\" content=\"Tempo di lettura stimato\" \/>\n\t<meta name=\"twitter:data2\" content=\"4 minuti\" \/>\n<script type=\"application\/ld+json\" class=\"yoast-schema-graph\">{\"@context\":\"https:\/\/schema.org\",\"@graph\":[{\"@type\":\"Article\",\"@id\":\"https:\/\/www.pressenza.com\/it\/2017\/07\/massacro-alla-diaz-genova-torna-polizia\/#article\",\"isPartOf\":{\"@id\":\"https:\/\/www.pressenza.com\/it\/2017\/07\/massacro-alla-diaz-genova-torna-polizia\/\"},\"author\":{\"name\":\"Unimondo\",\"@id\":\"https:\/\/www.pressenza.com\/it\/#\/schema\/person\/c1522125703ef99487d4e50b9fbc1ecf\"},\"headline\":\"Chi massacr\u00f2 alla Diaz di Genova torna in Polizia\",\"datePublished\":\"2017-07-22T13:12:09+00:00\",\"dateModified\":\"2017-08-14T22:46:29+00:00\",\"mainEntityOfPage\":{\"@id\":\"https:\/\/www.pressenza.com\/it\/2017\/07\/massacro-alla-diaz-genova-torna-polizia\/\"},\"wordCount\":741,\"publisher\":{\"@id\":\"https:\/\/www.pressenza.com\/it\/#organization\"},\"image\":{\"@id\":\"https:\/\/www.pressenza.com\/it\/2017\/07\/massacro-alla-diaz-genova-torna-polizia\/#primaryimage\"},\"thumbnailUrl\":\"https:\/\/www.pressenza.com\/wp-content\/uploads\/2017\/07\/Genova-G8_2001-Carica_della_polizia.jpg\",\"keywords\":[\"G8 Genova\",\"polizia\",\"reato di tortura\",\"Scuola Diaz\"],\"articleSection\":[\"Diritti Umani\",\"Europa\",\"Opinioni\"],\"inLanguage\":\"it-IT\"},{\"@type\":\"WebPage\",\"@id\":\"https:\/\/www.pressenza.com\/it\/2017\/07\/massacro-alla-diaz-genova-torna-polizia\/\",\"url\":\"https:\/\/www.pressenza.com\/it\/2017\/07\/massacro-alla-diaz-genova-torna-polizia\/\",\"name\":\"Chi massacr\u00f2 alla Diaz di Genova torna in Polizia\",\"isPartOf\":{\"@id\":\"https:\/\/www.pressenza.com\/it\/#website\"},\"primaryImageOfPage\":{\"@id\":\"https:\/\/www.pressenza.com\/it\/2017\/07\/massacro-alla-diaz-genova-torna-polizia\/#primaryimage\"},\"image\":{\"@id\":\"https:\/\/www.pressenza.com\/it\/2017\/07\/massacro-alla-diaz-genova-torna-polizia\/#primaryimage\"},\"thumbnailUrl\":\"https:\/\/www.pressenza.com\/wp-content\/uploads\/2017\/07\/Genova-G8_2001-Carica_della_polizia.jpg\",\"datePublished\":\"2017-07-22T13:12:09+00:00\",\"dateModified\":\"2017-08-14T22:46:29+00:00\",\"description\":\"Scadr\u00e0 tra pochi giorni l\u2019interdizione dai pubblici uffici scattata con le pene inflitte solo cinque anni fa, a dieci anni da fatti, ad alcuni poliziotti\",\"breadcrumb\":{\"@id\":\"https:\/\/www.pressenza.com\/it\/2017\/07\/massacro-alla-diaz-genova-torna-polizia\/#breadcrumb\"},\"inLanguage\":\"it-IT\",\"potentialAction\":[{\"@type\":\"ReadAction\",\"target\":[\"https:\/\/www.pressenza.com\/it\/2017\/07\/massacro-alla-diaz-genova-torna-polizia\/\"]}]},{\"@type\":\"ImageObject\",\"inLanguage\":\"it-IT\",\"@id\":\"https:\/\/www.pressenza.com\/it\/2017\/07\/massacro-alla-diaz-genova-torna-polizia\/#primaryimage\",\"url\":\"https:\/\/www.pressenza.com\/wp-content\/uploads\/2017\/07\/Genova-G8_2001-Carica_della_polizia.jpg\",\"contentUrl\":\"https:\/\/www.pressenza.com\/wp-content\/uploads\/2017\/07\/Genova-G8_2001-Carica_della_polizia.jpg\",\"width\":800,\"height\":557},{\"@type\":\"BreadcrumbList\",\"@id\":\"https:\/\/www.pressenza.com\/it\/2017\/07\/massacro-alla-diaz-genova-torna-polizia\/#breadcrumb\",\"itemListElement\":[{\"@type\":\"ListItem\",\"position\":1,\"name\":\"Accueil\",\"item\":\"https:\/\/www.pressenza.com\/it\/\"},{\"@type\":\"ListItem\",\"position\":2,\"name\":\"Chi massacr\u00f2 alla Diaz di Genova torna in Polizia\"}]},{\"@type\":\"WebSite\",\"@id\":\"https:\/\/www.pressenza.com\/it\/#website\",\"url\":\"https:\/\/www.pressenza.com\/it\/\",\"name\":\"Pressenza\",\"description\":\"Agenzia di Stampa Internazionale\",\"publisher\":{\"@id\":\"https:\/\/www.pressenza.com\/it\/#organization\"},\"potentialAction\":[{\"@type\":\"SearchAction\",\"target\":{\"@type\":\"EntryPoint\",\"urlTemplate\":\"https:\/\/www.pressenza.com\/it\/?s={search_term_string}\"},\"query-input\":{\"@type\":\"PropertyValueSpecification\",\"valueRequired\":true,\"valueName\":\"search_term_string\"}}],\"inLanguage\":\"it-IT\"},{\"@type\":\"Organization\",\"@id\":\"https:\/\/www.pressenza.com\/it\/#organization\",\"name\":\"Pressenza\",\"url\":\"https:\/\/www.pressenza.com\/it\/\",\"logo\":{\"@type\":\"ImageObject\",\"inLanguage\":\"it-IT\",\"@id\":\"https:\/\/www.pressenza.com\/it\/#\/schema\/logo\/image\/\",\"url\":\"https:\/\/www.pressenza.com\/wp-content\/uploads\/2022\/10\/pressenza_logo_200x200.jpg\",\"contentUrl\":\"https:\/\/www.pressenza.com\/wp-content\/uploads\/2022\/10\/pressenza_logo_200x200.jpg\",\"width\":200,\"height\":200,\"caption\":\"Pressenza\"},\"image\":{\"@id\":\"https:\/\/www.pressenza.com\/it\/#\/schema\/logo\/image\/\"},\"sameAs\":[\"https:\/\/www.facebook.com\/PressenzaItalia\",\"https:\/\/x.com\/PressenzaIPA\"]},{\"@type\":\"Person\",\"@id\":\"https:\/\/www.pressenza.com\/it\/#\/schema\/person\/c1522125703ef99487d4e50b9fbc1ecf\",\"name\":\"Unimondo\",\"description\":\"www.unimondo.org\",\"url\":\"https:\/\/www.pressenza.com\/it\/author\/unimondo\/\"}]}<\/script>\n<!-- \/ Yoast SEO plugin. -->","yoast_head_json":{"title":"Chi massacr\u00f2 alla Diaz di Genova torna in Polizia","description":"Scadr\u00e0 tra pochi giorni l\u2019interdizione dai pubblici uffici scattata con le pene inflitte solo cinque anni fa, a dieci anni da fatti, ad alcuni poliziotti","robots":{"index":"index","follow":"follow","max-snippet":"max-snippet:-1","max-image-preview":"max-image-preview:large","max-video-preview":"max-video-preview:-1"},"canonical":"https:\/\/www.pressenza.com\/it\/2017\/07\/massacro-alla-diaz-genova-torna-polizia\/","og_locale":"it_IT","og_type":"article","og_title":"Chi massacr\u00f2 alla Diaz di Genova torna in Polizia","og_description":"Scadr\u00e0 tra pochi giorni l\u2019interdizione dai pubblici uffici scattata con le pene inflitte solo cinque anni fa, a dieci anni da fatti, ad alcuni poliziotti","og_url":"https:\/\/www.pressenza.com\/it\/2017\/07\/massacro-alla-diaz-genova-torna-polizia\/","og_site_name":"Pressenza","article_publisher":"https:\/\/www.facebook.com\/PressenzaItalia","article_published_time":"2017-07-22T13:12:09+00:00","article_modified_time":"2017-08-14T22:46:29+00:00","og_image":[{"width":800,"height":557,"url":"https:\/\/www.pressenza.com\/wp-content\/uploads\/2017\/07\/Genova-G8_2001-Carica_della_polizia.jpg","type":"image\/jpeg"}],"author":"Unimondo","twitter_card":"summary_large_image","twitter_creator":"@PressenzaIPA","twitter_site":"@PressenzaIPA","twitter_misc":{"Scritto da":"Unimondo","Tempo di lettura stimato":"4 minuti"},"schema":{"@context":"https:\/\/schema.org","@graph":[{"@type":"Article","@id":"https:\/\/www.pressenza.com\/it\/2017\/07\/massacro-alla-diaz-genova-torna-polizia\/#article","isPartOf":{"@id":"https:\/\/www.pressenza.com\/it\/2017\/07\/massacro-alla-diaz-genova-torna-polizia\/"},"author":{"name":"Unimondo","@id":"https:\/\/www.pressenza.com\/it\/#\/schema\/person\/c1522125703ef99487d4e50b9fbc1ecf"},"headline":"Chi massacr\u00f2 alla Diaz di Genova torna in Polizia","datePublished":"2017-07-22T13:12:09+00:00","dateModified":"2017-08-14T22:46:29+00:00","mainEntityOfPage":{"@id":"https:\/\/www.pressenza.com\/it\/2017\/07\/massacro-alla-diaz-genova-torna-polizia\/"},"wordCount":741,"publisher":{"@id":"https:\/\/www.pressenza.com\/it\/#organization"},"image":{"@id":"https:\/\/www.pressenza.com\/it\/2017\/07\/massacro-alla-diaz-genova-torna-polizia\/#primaryimage"},"thumbnailUrl":"https:\/\/www.pressenza.com\/wp-content\/uploads\/2017\/07\/Genova-G8_2001-Carica_della_polizia.jpg","keywords":["G8 Genova","polizia","reato di tortura","Scuola Diaz"],"articleSection":["Diritti Umani","Europa","Opinioni"],"inLanguage":"it-IT"},{"@type":"WebPage","@id":"https:\/\/www.pressenza.com\/it\/2017\/07\/massacro-alla-diaz-genova-torna-polizia\/","url":"https:\/\/www.pressenza.com\/it\/2017\/07\/massacro-alla-diaz-genova-torna-polizia\/","name":"Chi massacr\u00f2 alla Diaz di Genova torna in Polizia","isPartOf":{"@id":"https:\/\/www.pressenza.com\/it\/#website"},"primaryImageOfPage":{"@id":"https:\/\/www.pressenza.com\/it\/2017\/07\/massacro-alla-diaz-genova-torna-polizia\/#primaryimage"},"image":{"@id":"https:\/\/www.pressenza.com\/it\/2017\/07\/massacro-alla-diaz-genova-torna-polizia\/#primaryimage"},"thumbnailUrl":"https:\/\/www.pressenza.com\/wp-content\/uploads\/2017\/07\/Genova-G8_2001-Carica_della_polizia.jpg","datePublished":"2017-07-22T13:12:09+00:00","dateModified":"2017-08-14T22:46:29+00:00","description":"Scadr\u00e0 tra pochi giorni l\u2019interdizione dai pubblici uffici scattata con le pene inflitte solo cinque anni fa, a dieci anni da fatti, ad alcuni poliziotti","breadcrumb":{"@id":"https:\/\/www.pressenza.com\/it\/2017\/07\/massacro-alla-diaz-genova-torna-polizia\/#breadcrumb"},"inLanguage":"it-IT","potentialAction":[{"@type":"ReadAction","target":["https:\/\/www.pressenza.com\/it\/2017\/07\/massacro-alla-diaz-genova-torna-polizia\/"]}]},{"@type":"ImageObject","inLanguage":"it-IT","@id":"https:\/\/www.pressenza.com\/it\/2017\/07\/massacro-alla-diaz-genova-torna-polizia\/#primaryimage","url":"https:\/\/www.pressenza.com\/wp-content\/uploads\/2017\/07\/Genova-G8_2001-Carica_della_polizia.jpg","contentUrl":"https:\/\/www.pressenza.com\/wp-content\/uploads\/2017\/07\/Genova-G8_2001-Carica_della_polizia.jpg","width":800,"height":557},{"@type":"BreadcrumbList","@id":"https:\/\/www.pressenza.com\/it\/2017\/07\/massacro-alla-diaz-genova-torna-polizia\/#breadcrumb","itemListElement":[{"@type":"ListItem","position":1,"name":"Accueil","item":"https:\/\/www.pressenza.com\/it\/"},{"@type":"ListItem","position":2,"name":"Chi massacr\u00f2 alla Diaz di Genova torna in Polizia"}]},{"@type":"WebSite","@id":"https:\/\/www.pressenza.com\/it\/#website","url":"https:\/\/www.pressenza.com\/it\/","name":"Pressenza","description":"Agenzia di Stampa Internazionale","publisher":{"@id":"https:\/\/www.pressenza.com\/it\/#organization"},"potentialAction":[{"@type":"SearchAction","target":{"@type":"EntryPoint","urlTemplate":"https:\/\/www.pressenza.com\/it\/?s={search_term_string}"},"query-input":{"@type":"PropertyValueSpecification","valueRequired":true,"valueName":"search_term_string"}}],"inLanguage":"it-IT"},{"@type":"Organization","@id":"https:\/\/www.pressenza.com\/it\/#organization","name":"Pressenza","url":"https:\/\/www.pressenza.com\/it\/","logo":{"@type":"ImageObject","inLanguage":"it-IT","@id":"https:\/\/www.pressenza.com\/it\/#\/schema\/logo\/image\/","url":"https:\/\/www.pressenza.com\/wp-content\/uploads\/2022\/10\/pressenza_logo_200x200.jpg","contentUrl":"https:\/\/www.pressenza.com\/wp-content\/uploads\/2022\/10\/pressenza_logo_200x200.jpg","width":200,"height":200,"caption":"Pressenza"},"image":{"@id":"https:\/\/www.pressenza.com\/it\/#\/schema\/logo\/image\/"},"sameAs":["https:\/\/www.facebook.com\/PressenzaItalia","https:\/\/x.com\/PressenzaIPA"]},{"@type":"Person","@id":"https:\/\/www.pressenza.com\/it\/#\/schema\/person\/c1522125703ef99487d4e50b9fbc1ecf","name":"Unimondo","description":"www.unimondo.org","url":"https:\/\/www.pressenza.com\/it\/author\/unimondo\/"}]}},"place":"","original_article_url":"","_links":{"self":[{"href":"https:\/\/www.pressenza.com\/it\/wp-json\/wp\/v2\/posts\/494306","targetHints":{"allow":["GET"]}}],"collection":[{"href":"https:\/\/www.pressenza.com\/it\/wp-json\/wp\/v2\/posts"}],"about":[{"href":"https:\/\/www.pressenza.com\/it\/wp-json\/wp\/v2\/types\/post"}],"author":[{"embeddable":true,"href":"https:\/\/www.pressenza.com\/it\/wp-json\/wp\/v2\/users\/599"}],"replies":[{"embeddable":true,"href":"https:\/\/www.pressenza.com\/it\/wp-json\/wp\/v2\/comments?post=494306"}],"version-history":[{"count":0,"href":"https:\/\/www.pressenza.com\/it\/wp-json\/wp\/v2\/posts\/494306\/revisions"}],"wp:featuredmedia":[{"embeddable":true,"href":"https:\/\/www.pressenza.com\/it\/wp-json\/wp\/v2\/media\/494307"}],"wp:attachment":[{"href":"https:\/\/www.pressenza.com\/it\/wp-json\/wp\/v2\/media?parent=494306"}],"wp:term":[{"taxonomy":"category","embeddable":true,"href":"https:\/\/www.pressenza.com\/it\/wp-json\/wp\/v2\/categories?post=494306"},{"taxonomy":"post_tag","embeddable":true,"href":"https:\/\/www.pressenza.com\/it\/wp-json\/wp\/v2\/tags?post=494306"}],"curies":[{"name":"wp","href":"https:\/\/api.w.org\/{rel}","templated":true}]}}