{"id":494066,"date":"2017-07-21T13:44:14","date_gmt":"2017-07-21T12:44:14","guid":{"rendered":"https:\/\/www.pressenza.com\/?p=494066\/"},"modified":"2017-07-21T13:47:35","modified_gmt":"2017-07-21T12:47:35","slug":"messina-nasce-lassessorato-collettivo-alle-culture-antonello","status":"publish","type":"post","link":"https:\/\/www.pressenza.com\/it\/2017\/07\/messina-nasce-lassessorato-collettivo-alle-culture-antonello\/","title":{"rendered":"Messina, nasce l&#8217;assessorato collettivo alle culture &#8220;Antonello&#8221;"},"content":{"rendered":"<p>Il sindaco, Renato Accorinti, e l\u2019assessore alla Cultura, Federico Alagna, nel corso di una conferenza stampa a Palazzo Zanca, hanno illustrato ai giornalisti la costituzione e il nuovo percorso dell\u2019assessorato collettivo alle culture \u201cAntonello\u201d.<\/p>\n<p>Il progetto prevede un gruppo di \u201cfacilitatori\u201d, che avranno il compito di coordinare la struttura comunale; si tratta di cinque esperti a titolo gratuito: Alessandra Minniti, Giovanni Renzo, Pier Paolo Zampieri, Mariateresa Zagone ed Alessandra Mammoliti.<\/p>\n<p>Il sindaco Accorinti ha dichiarato che: \u201cIl metodo della condivisione \u00e8 sempre stato alla base del nostro modo di operare. L\u2019assessorato collettivo \u00e8 organizzato con le medesime modalit\u00e0, perch\u00e9 \u00e8 un metodo di partecipazione attraverso decisioni comuni in un percorso di coscienza e consapevolezza\u201d.<\/p>\n<p>L\u2019assessore Alagna ha aggiunto che: \u201cFin dal primo giorno abbiamo detto che lo strumento in pi\u00f9 di questo Assessorato sarebbe stata la partecipazione e l\u2019apertura alla citt\u00e0. Il progetto \u2018Antonello \u2013 Assessore collettivo alle culture\u2019 nasce esattamente per facilitare questo tipo di percorso, che stiamo gi\u00e0 sperimentando nella preparazione del dossier per la candidatura a capitale italiana della cultura, con la partecipazione di decine e decine di persone, associazioni ed esponenti del mondo della cultura. Con il coordinamento dei cinque facilitatori che abbiamo nominato, tutte persone dalle indubbie competenze e capacit\u00e0 e con i quali condivido approccio metodologico e visione politica, l\u2019assessorato collettivo consentir\u00e0 di usare gli strumenti partecipativi per l\u2019attuazione di politiche culturali ed educative. Sar\u00e0 uno spazio di condivisione di decisioni, ma anche di responsabilit\u00e0, dove si dovr\u00e0 lavorare insieme per l\u2019implementazione di ci\u00f2 che si \u00e8 deliberato: non possiamo permetterci, infatti, che resti un insieme di buoni propositi e nulla pi\u00f9. Tra le tante questioni, che ci troveremo ad affrontare, sottolineo in particolare quella degli spazi culturali. Nel solco del progetto \u2018Liberiamo spazi \u2013 Cultura bene comune\u2019, avviato nelle settimane scorse, ci muoveremo per migliorare ed ampliare la fruizione degli spazi culturali in citt\u00e0, tanto per il pubblico quanto per gli operatori di settore. E il luogo simbolico da cui iniziare non pu\u00f2 che essere il Palacultura. Per la riuscita di questo progetto, infine, abbiamo bisogno della collaborazione di tutta la cittadinanza. Soltanto cos\u00ec, con la condivisione di energie, necessit\u00e0 e saperi, potremo rendere questo percorso davvero innovativo ed efficace. E a chi lo guarda con diffidenza, magari per la delusione di esperienze passate, dico di mettersi in gioco e partecipare: capir\u00e0 da subito che si fa sul serio\u201d.<\/p>\n","protected":false},"excerpt":{"rendered":"<p>Il sindaco, Renato Accorinti, e l\u2019assessore alla Cultura, Federico Alagna, nel corso di una conferenza stampa a Palazzo Zanca, hanno illustrato ai giornalisti la costituzione e il nuovo percorso dell\u2019assessorato collettivo alle culture \u201cAntonello\u201d. Il progetto prevede un gruppo di&hellip;<\/p>\n","protected":false},"author":594,"featured_media":494067,"comment_status":"closed","ping_status":"closed","sticky":false,"template":"","format":"standard","meta":{"footnotes":""},"categories":[150,56,47],"tags":[38981,38982,15413,370,636,6402,691],"class_list":["post-494066","post","type-post","status-publish","format-standard","has-post-thumbnail","hentry","category-comunicati-stampa","category-cultura","category-europa","tag-antonello","tag-assessorato-collettivo-alle-culture","tag-cultura-e-media","tag-italia","tag-messina","tag-renato-accorinti","tag-sicilia"],"yoast_head":"<!-- This site is optimized with the Yoast SEO plugin v27.1.1 - https:\/\/yoast.com\/product\/yoast-seo-wordpress\/ -->\n<title>Messina, nasce l&#039;assessorato collettivo alle culture &quot;Antonello&quot;<\/title>\n<meta name=\"description\" content=\"Il sindaco, Renato Accorinti, e l\u2019assessore alla Cultura, Federico Alagna, nel corso di una conferenza stampa a Palazzo Zanca, hanno illustrato ai\" \/>\n<meta name=\"robots\" content=\"index, follow, max-snippet:-1, max-image-preview:large, max-video-preview:-1\" \/>\n<link rel=\"canonical\" href=\"https:\/\/www.pressenza.com\/it\/2017\/07\/messina-nasce-lassessorato-collettivo-alle-culture-antonello\/\" \/>\n<meta property=\"og:locale\" content=\"it_IT\" \/>\n<meta property=\"og:type\" content=\"article\" \/>\n<meta property=\"og:title\" content=\"Messina, nasce l&#039;assessorato collettivo alle culture &quot;Antonello&quot;\" \/>\n<meta property=\"og:description\" content=\"Il sindaco, Renato Accorinti, e l\u2019assessore alla Cultura, Federico Alagna, nel corso di una conferenza stampa a Palazzo Zanca, hanno illustrato ai\" \/>\n<meta property=\"og:url\" content=\"https:\/\/www.pressenza.com\/it\/2017\/07\/messina-nasce-lassessorato-collettivo-alle-culture-antonello\/\" \/>\n<meta property=\"og:site_name\" content=\"Pressenza\" \/>\n<meta property=\"article:publisher\" content=\"https:\/\/www.facebook.com\/PressenzaItalia\" \/>\n<meta property=\"article:author\" content=\"https:\/\/www.facebook.com\/PressenzaItalia\" \/>\n<meta property=\"article:published_time\" content=\"2017-07-21T12:44:14+00:00\" \/>\n<meta property=\"article:modified_time\" content=\"2017-07-21T12:47:35+00:00\" \/>\n<meta property=\"og:image\" content=\"https:\/\/www.pressenza.com\/wp-content\/uploads\/2017\/07\/antonello-assessore-collettivo-alle-culture.jpg\" \/>\n\t<meta property=\"og:image:width\" content=\"960\" \/>\n\t<meta property=\"og:image:height\" content=\"280\" \/>\n\t<meta property=\"og:image:type\" content=\"image\/jpeg\" \/>\n<meta name=\"author\" content=\"Redazione Italia\" \/>\n<meta name=\"twitter:card\" content=\"summary_large_image\" \/>\n<meta name=\"twitter:creator\" content=\"@pressenza_it\" \/>\n<meta name=\"twitter:site\" content=\"@PressenzaIPA\" \/>\n<meta name=\"twitter:label1\" content=\"Scritto da\" \/>\n\t<meta name=\"twitter:data1\" content=\"Redazione Italia\" \/>\n\t<meta name=\"twitter:label2\" content=\"Tempo di lettura stimato\" \/>\n\t<meta name=\"twitter:data2\" content=\"2 minuti\" \/>\n<script type=\"application\/ld+json\" class=\"yoast-schema-graph\">{\"@context\":\"https:\/\/schema.org\",\"@graph\":[{\"@type\":\"Article\",\"@id\":\"https:\/\/www.pressenza.com\/it\/2017\/07\/messina-nasce-lassessorato-collettivo-alle-culture-antonello\/#article\",\"isPartOf\":{\"@id\":\"https:\/\/www.pressenza.com\/it\/2017\/07\/messina-nasce-lassessorato-collettivo-alle-culture-antonello\/\"},\"author\":{\"name\":\"Redazione Italia\",\"@id\":\"https:\/\/www.pressenza.com\/it\/#\/schema\/person\/d983e81827ae24f2c7b1a2123d197f8d\"},\"headline\":\"Messina, nasce l&#8217;assessorato collettivo alle culture &#8220;Antonello&#8221;\",\"datePublished\":\"2017-07-21T12:44:14+00:00\",\"dateModified\":\"2017-07-21T12:47:35+00:00\",\"mainEntityOfPage\":{\"@id\":\"https:\/\/www.pressenza.com\/it\/2017\/07\/messina-nasce-lassessorato-collettivo-alle-culture-antonello\/\"},\"wordCount\":406,\"publisher\":{\"@id\":\"https:\/\/www.pressenza.com\/it\/#organization\"},\"image\":{\"@id\":\"https:\/\/www.pressenza.com\/it\/2017\/07\/messina-nasce-lassessorato-collettivo-alle-culture-antonello\/#primaryimage\"},\"thumbnailUrl\":\"https:\/\/www.pressenza.com\/wp-content\/uploads\/2017\/07\/antonello-assessore-collettivo-alle-culture.jpg\",\"keywords\":[\"Antonello\",\"assessorato collettivo alle culture\",\"cultura e media\",\"Italia\",\"Messina\",\"Renato Accorinti\",\"Sicilia\"],\"articleSection\":[\"Comunicati Stampa\",\"Cultura e Media\",\"Europa\"],\"inLanguage\":\"it-IT\"},{\"@type\":\"WebPage\",\"@id\":\"https:\/\/www.pressenza.com\/it\/2017\/07\/messina-nasce-lassessorato-collettivo-alle-culture-antonello\/\",\"url\":\"https:\/\/www.pressenza.com\/it\/2017\/07\/messina-nasce-lassessorato-collettivo-alle-culture-antonello\/\",\"name\":\"Messina, nasce l'assessorato collettivo alle culture \\\"Antonello\\\"\",\"isPartOf\":{\"@id\":\"https:\/\/www.pressenza.com\/it\/#website\"},\"primaryImageOfPage\":{\"@id\":\"https:\/\/www.pressenza.com\/it\/2017\/07\/messina-nasce-lassessorato-collettivo-alle-culture-antonello\/#primaryimage\"},\"image\":{\"@id\":\"https:\/\/www.pressenza.com\/it\/2017\/07\/messina-nasce-lassessorato-collettivo-alle-culture-antonello\/#primaryimage\"},\"thumbnailUrl\":\"https:\/\/www.pressenza.com\/wp-content\/uploads\/2017\/07\/antonello-assessore-collettivo-alle-culture.jpg\",\"datePublished\":\"2017-07-21T12:44:14+00:00\",\"dateModified\":\"2017-07-21T12:47:35+00:00\",\"description\":\"Il sindaco, Renato Accorinti, e l\u2019assessore alla Cultura, Federico Alagna, nel corso di una conferenza stampa a Palazzo Zanca, hanno illustrato ai\",\"breadcrumb\":{\"@id\":\"https:\/\/www.pressenza.com\/it\/2017\/07\/messina-nasce-lassessorato-collettivo-alle-culture-antonello\/#breadcrumb\"},\"inLanguage\":\"it-IT\",\"potentialAction\":[{\"@type\":\"ReadAction\",\"target\":[\"https:\/\/www.pressenza.com\/it\/2017\/07\/messina-nasce-lassessorato-collettivo-alle-culture-antonello\/\"]}]},{\"@type\":\"ImageObject\",\"inLanguage\":\"it-IT\",\"@id\":\"https:\/\/www.pressenza.com\/it\/2017\/07\/messina-nasce-lassessorato-collettivo-alle-culture-antonello\/#primaryimage\",\"url\":\"https:\/\/www.pressenza.com\/wp-content\/uploads\/2017\/07\/antonello-assessore-collettivo-alle-culture.jpg\",\"contentUrl\":\"https:\/\/www.pressenza.com\/wp-content\/uploads\/2017\/07\/antonello-assessore-collettivo-alle-culture.jpg\",\"width\":960,\"height\":280,\"caption\":\"antonello assessore collettivo alle culture\"},{\"@type\":\"BreadcrumbList\",\"@id\":\"https:\/\/www.pressenza.com\/it\/2017\/07\/messina-nasce-lassessorato-collettivo-alle-culture-antonello\/#breadcrumb\",\"itemListElement\":[{\"@type\":\"ListItem\",\"position\":1,\"name\":\"Accueil\",\"item\":\"https:\/\/www.pressenza.com\/it\/\"},{\"@type\":\"ListItem\",\"position\":2,\"name\":\"Messina, nasce l&#8217;assessorato collettivo alle culture &#8220;Antonello&#8221;\"}]},{\"@type\":\"WebSite\",\"@id\":\"https:\/\/www.pressenza.com\/it\/#website\",\"url\":\"https:\/\/www.pressenza.com\/it\/\",\"name\":\"Pressenza\",\"description\":\"Agenzia di Stampa Internazionale\",\"publisher\":{\"@id\":\"https:\/\/www.pressenza.com\/it\/#organization\"},\"potentialAction\":[{\"@type\":\"SearchAction\",\"target\":{\"@type\":\"EntryPoint\",\"urlTemplate\":\"https:\/\/www.pressenza.com\/it\/?s={search_term_string}\"},\"query-input\":{\"@type\":\"PropertyValueSpecification\",\"valueRequired\":true,\"valueName\":\"search_term_string\"}}],\"inLanguage\":\"it-IT\"},{\"@type\":\"Organization\",\"@id\":\"https:\/\/www.pressenza.com\/it\/#organization\",\"name\":\"Pressenza\",\"url\":\"https:\/\/www.pressenza.com\/it\/\",\"logo\":{\"@type\":\"ImageObject\",\"inLanguage\":\"it-IT\",\"@id\":\"https:\/\/www.pressenza.com\/it\/#\/schema\/logo\/image\/\",\"url\":\"https:\/\/www.pressenza.com\/wp-content\/uploads\/2022\/10\/pressenza_logo_200x200.jpg\",\"contentUrl\":\"https:\/\/www.pressenza.com\/wp-content\/uploads\/2022\/10\/pressenza_logo_200x200.jpg\",\"width\":200,\"height\":200,\"caption\":\"Pressenza\"},\"image\":{\"@id\":\"https:\/\/www.pressenza.com\/it\/#\/schema\/logo\/image\/\"},\"sameAs\":[\"https:\/\/www.facebook.com\/PressenzaItalia\",\"https:\/\/x.com\/PressenzaIPA\"]},{\"@type\":\"Person\",\"@id\":\"https:\/\/www.pressenza.com\/it\/#\/schema\/person\/d983e81827ae24f2c7b1a2123d197f8d\",\"name\":\"Redazione Italia\",\"description\":\"News from the Pressenza Bureau in Italy\",\"sameAs\":[\"https:\/\/www.pressenza.com\/it\/author\/redazione-italia\/\",\"https:\/\/www.facebook.com\/PressenzaItalia\",\"https:\/\/www.instagram.com\/pressenza_italia\/\",\"https:\/\/x.com\/pressenza_it\",\"https:\/\/www.youtube.com\/channel\/UCSalEIWjE1RSxkwjfftFuqg\"],\"url\":\"https:\/\/www.pressenza.com\/it\/author\/redazione-italia\/\"}]}<\/script>\n<!-- \/ Yoast SEO plugin. -->","yoast_head_json":{"title":"Messina, nasce l'assessorato collettivo alle culture \"Antonello\"","description":"Il sindaco, Renato Accorinti, e l\u2019assessore alla Cultura, Federico Alagna, nel corso di una conferenza stampa a Palazzo Zanca, hanno illustrato ai","robots":{"index":"index","follow":"follow","max-snippet":"max-snippet:-1","max-image-preview":"max-image-preview:large","max-video-preview":"max-video-preview:-1"},"canonical":"https:\/\/www.pressenza.com\/it\/2017\/07\/messina-nasce-lassessorato-collettivo-alle-culture-antonello\/","og_locale":"it_IT","og_type":"article","og_title":"Messina, nasce l'assessorato collettivo alle culture \"Antonello\"","og_description":"Il sindaco, Renato Accorinti, e l\u2019assessore alla Cultura, Federico Alagna, nel corso di una conferenza stampa a Palazzo Zanca, hanno illustrato ai","og_url":"https:\/\/www.pressenza.com\/it\/2017\/07\/messina-nasce-lassessorato-collettivo-alle-culture-antonello\/","og_site_name":"Pressenza","article_publisher":"https:\/\/www.facebook.com\/PressenzaItalia","article_author":"https:\/\/www.facebook.com\/PressenzaItalia","article_published_time":"2017-07-21T12:44:14+00:00","article_modified_time":"2017-07-21T12:47:35+00:00","og_image":[{"width":960,"height":280,"url":"https:\/\/www.pressenza.com\/wp-content\/uploads\/2017\/07\/antonello-assessore-collettivo-alle-culture.jpg","type":"image\/jpeg"}],"author":"Redazione Italia","twitter_card":"summary_large_image","twitter_creator":"@pressenza_it","twitter_site":"@PressenzaIPA","twitter_misc":{"Scritto da":"Redazione Italia","Tempo di lettura stimato":"2 minuti"},"schema":{"@context":"https:\/\/schema.org","@graph":[{"@type":"Article","@id":"https:\/\/www.pressenza.com\/it\/2017\/07\/messina-nasce-lassessorato-collettivo-alle-culture-antonello\/#article","isPartOf":{"@id":"https:\/\/www.pressenza.com\/it\/2017\/07\/messina-nasce-lassessorato-collettivo-alle-culture-antonello\/"},"author":{"name":"Redazione Italia","@id":"https:\/\/www.pressenza.com\/it\/#\/schema\/person\/d983e81827ae24f2c7b1a2123d197f8d"},"headline":"Messina, nasce l&#8217;assessorato collettivo alle culture &#8220;Antonello&#8221;","datePublished":"2017-07-21T12:44:14+00:00","dateModified":"2017-07-21T12:47:35+00:00","mainEntityOfPage":{"@id":"https:\/\/www.pressenza.com\/it\/2017\/07\/messina-nasce-lassessorato-collettivo-alle-culture-antonello\/"},"wordCount":406,"publisher":{"@id":"https:\/\/www.pressenza.com\/it\/#organization"},"image":{"@id":"https:\/\/www.pressenza.com\/it\/2017\/07\/messina-nasce-lassessorato-collettivo-alle-culture-antonello\/#primaryimage"},"thumbnailUrl":"https:\/\/www.pressenza.com\/wp-content\/uploads\/2017\/07\/antonello-assessore-collettivo-alle-culture.jpg","keywords":["Antonello","assessorato collettivo alle culture","cultura e media","Italia","Messina","Renato Accorinti","Sicilia"],"articleSection":["Comunicati Stampa","Cultura e Media","Europa"],"inLanguage":"it-IT"},{"@type":"WebPage","@id":"https:\/\/www.pressenza.com\/it\/2017\/07\/messina-nasce-lassessorato-collettivo-alle-culture-antonello\/","url":"https:\/\/www.pressenza.com\/it\/2017\/07\/messina-nasce-lassessorato-collettivo-alle-culture-antonello\/","name":"Messina, nasce l'assessorato collettivo alle culture \"Antonello\"","isPartOf":{"@id":"https:\/\/www.pressenza.com\/it\/#website"},"primaryImageOfPage":{"@id":"https:\/\/www.pressenza.com\/it\/2017\/07\/messina-nasce-lassessorato-collettivo-alle-culture-antonello\/#primaryimage"},"image":{"@id":"https:\/\/www.pressenza.com\/it\/2017\/07\/messina-nasce-lassessorato-collettivo-alle-culture-antonello\/#primaryimage"},"thumbnailUrl":"https:\/\/www.pressenza.com\/wp-content\/uploads\/2017\/07\/antonello-assessore-collettivo-alle-culture.jpg","datePublished":"2017-07-21T12:44:14+00:00","dateModified":"2017-07-21T12:47:35+00:00","description":"Il sindaco, Renato Accorinti, e l\u2019assessore alla Cultura, Federico Alagna, nel corso di una conferenza stampa a Palazzo Zanca, hanno illustrato ai","breadcrumb":{"@id":"https:\/\/www.pressenza.com\/it\/2017\/07\/messina-nasce-lassessorato-collettivo-alle-culture-antonello\/#breadcrumb"},"inLanguage":"it-IT","potentialAction":[{"@type":"ReadAction","target":["https:\/\/www.pressenza.com\/it\/2017\/07\/messina-nasce-lassessorato-collettivo-alle-culture-antonello\/"]}]},{"@type":"ImageObject","inLanguage":"it-IT","@id":"https:\/\/www.pressenza.com\/it\/2017\/07\/messina-nasce-lassessorato-collettivo-alle-culture-antonello\/#primaryimage","url":"https:\/\/www.pressenza.com\/wp-content\/uploads\/2017\/07\/antonello-assessore-collettivo-alle-culture.jpg","contentUrl":"https:\/\/www.pressenza.com\/wp-content\/uploads\/2017\/07\/antonello-assessore-collettivo-alle-culture.jpg","width":960,"height":280,"caption":"antonello assessore collettivo alle culture"},{"@type":"BreadcrumbList","@id":"https:\/\/www.pressenza.com\/it\/2017\/07\/messina-nasce-lassessorato-collettivo-alle-culture-antonello\/#breadcrumb","itemListElement":[{"@type":"ListItem","position":1,"name":"Accueil","item":"https:\/\/www.pressenza.com\/it\/"},{"@type":"ListItem","position":2,"name":"Messina, nasce l&#8217;assessorato collettivo alle culture &#8220;Antonello&#8221;"}]},{"@type":"WebSite","@id":"https:\/\/www.pressenza.com\/it\/#website","url":"https:\/\/www.pressenza.com\/it\/","name":"Pressenza","description":"Agenzia di Stampa Internazionale","publisher":{"@id":"https:\/\/www.pressenza.com\/it\/#organization"},"potentialAction":[{"@type":"SearchAction","target":{"@type":"EntryPoint","urlTemplate":"https:\/\/www.pressenza.com\/it\/?s={search_term_string}"},"query-input":{"@type":"PropertyValueSpecification","valueRequired":true,"valueName":"search_term_string"}}],"inLanguage":"it-IT"},{"@type":"Organization","@id":"https:\/\/www.pressenza.com\/it\/#organization","name":"Pressenza","url":"https:\/\/www.pressenza.com\/it\/","logo":{"@type":"ImageObject","inLanguage":"it-IT","@id":"https:\/\/www.pressenza.com\/it\/#\/schema\/logo\/image\/","url":"https:\/\/www.pressenza.com\/wp-content\/uploads\/2022\/10\/pressenza_logo_200x200.jpg","contentUrl":"https:\/\/www.pressenza.com\/wp-content\/uploads\/2022\/10\/pressenza_logo_200x200.jpg","width":200,"height":200,"caption":"Pressenza"},"image":{"@id":"https:\/\/www.pressenza.com\/it\/#\/schema\/logo\/image\/"},"sameAs":["https:\/\/www.facebook.com\/PressenzaItalia","https:\/\/x.com\/PressenzaIPA"]},{"@type":"Person","@id":"https:\/\/www.pressenza.com\/it\/#\/schema\/person\/d983e81827ae24f2c7b1a2123d197f8d","name":"Redazione Italia","description":"News from the Pressenza Bureau in Italy","sameAs":["https:\/\/www.pressenza.com\/it\/author\/redazione-italia\/","https:\/\/www.facebook.com\/PressenzaItalia","https:\/\/www.instagram.com\/pressenza_italia\/","https:\/\/x.com\/pressenza_it","https:\/\/www.youtube.com\/channel\/UCSalEIWjE1RSxkwjfftFuqg"],"url":"https:\/\/www.pressenza.com\/it\/author\/redazione-italia\/"}]}},"place":"Comune di Messina","original_article_url":"","_links":{"self":[{"href":"https:\/\/www.pressenza.com\/it\/wp-json\/wp\/v2\/posts\/494066","targetHints":{"allow":["GET"]}}],"collection":[{"href":"https:\/\/www.pressenza.com\/it\/wp-json\/wp\/v2\/posts"}],"about":[{"href":"https:\/\/www.pressenza.com\/it\/wp-json\/wp\/v2\/types\/post"}],"author":[{"embeddable":true,"href":"https:\/\/www.pressenza.com\/it\/wp-json\/wp\/v2\/users\/594"}],"replies":[{"embeddable":true,"href":"https:\/\/www.pressenza.com\/it\/wp-json\/wp\/v2\/comments?post=494066"}],"version-history":[{"count":0,"href":"https:\/\/www.pressenza.com\/it\/wp-json\/wp\/v2\/posts\/494066\/revisions"}],"wp:featuredmedia":[{"embeddable":true,"href":"https:\/\/www.pressenza.com\/it\/wp-json\/wp\/v2\/media\/494067"}],"wp:attachment":[{"href":"https:\/\/www.pressenza.com\/it\/wp-json\/wp\/v2\/media?parent=494066"}],"wp:term":[{"taxonomy":"category","embeddable":true,"href":"https:\/\/www.pressenza.com\/it\/wp-json\/wp\/v2\/categories?post=494066"},{"taxonomy":"post_tag","embeddable":true,"href":"https:\/\/www.pressenza.com\/it\/wp-json\/wp\/v2\/tags?post=494066"}],"curies":[{"name":"wp","href":"https:\/\/api.w.org\/{rel}","templated":true}]}}